{"id":126,"date":"2008-12-16T22:31:25","date_gmt":"2008-12-16T22:31:25","guid":{"rendered":"http:\/\/carideal.com\/blog\/?p=126"},"modified":"2015-12-19T23:25:50","modified_gmt":"2015-12-19T22:25:50","slug":"byd-auto-la-premiere-voiture-hybride-rechargeable-a-domicile-arrive-en-chine","status":"publish","type":"post","link":"https:\/\/www.carideal.com\/blog\/2008\/12\/16\/byd-auto-la-premiere-voiture-hybride-rechargeable-a-domicile-arrive-en-chine\/","title":{"rendered":"BYD Auto hybride rechargeable en Chine"},"content":{"rendered":"<h1>BYD Auto : la premi\u00e8re voiture hybride rechargeable \u00e0 domicile arrive en Chine<\/h1>\n<figure style=\"width: 470px\" class=\"wp-caption alignnone\"><img loading=\"lazy\" decoding=\"async\" title=\"BYD Auto hybride rechargeable\" src=\"\/blog\/images\/Byd_hybride_carideal.jpg\" alt=\"BYD Auto hybride rechargeable\" width=\"480\" height=\"328\" \/><figcaption class=\"wp-caption-text\">BYD Auto hybride rechargeable<\/figcaption><\/figure>\n<p style=\"margin-bottom: 0cm;\">BYD Auto hybride rechargeable \u00e0 domicile : elle arrive en Chine.<\/p>\n<p style=\"margin-bottom: 0cm;\">BYD Auto est la premi\u00e8re voiture hybride produite en s\u00e9rie par une soci\u00e9t\u00e9 chinoise. Son lancement a eu lieu le lundi 15 d\u00e9cembre sur le march\u00e9 chinois. BYD la concue pour contrer la Toyota Prius.<\/p>\n<p style=\"margin-bottom: 0cm;\">Le Milliardaire am\u00e9ricain Warren buffet est un des actionnaires de BYD Auto, dans le sud de la Chine, est sp\u00e9cialis\u00e9e dans les composants \u00e9lectroniques et les batteries, ce qui peut expliquer certaines choses.<\/p>\n<p style=\"margin-bottom: 0cm;\">Le F3DM est la premi\u00e8re voiture \u00e0 pouvoir \u00eatre recharg\u00e9 simplement par le conducteur chez lui en la branchant sur ses prises. La voiture a une autonomie de 100 kilom\u00e8tres en mode batterie mais est \u00e9quip\u00e9 quand m\u00eame d'un moteur \u00e0 essence d'appoint.<\/p>\n<p style=\"margin-bottom: 0cm;\">La BYD Hybride sera vendu 150 000 yuans, soit un peu plus de 16 000 euros. Dans un premier temps il est pr\u00e9vu que la production annuelle devrait atteindre 200 000 unit\u00e9s. Certain sont pourtant pessimistes sur les futures ventes de la F3DM, car son prix serait trop ch\u00e8re en cette p\u00e9riode de crise. Cependant la Toyota Hybride Priusse vend elle beaucoup plus ch\u00e8re, \u00e0 260 000 yuans soit 27 733 euros. Sur les dix premiers mois de 2008 seul 748 Prius ont trouv\u00e9 preneur.<\/p>\n<p style=\"margin-bottom: 0cm;\">BYD Auto voit plus loin, il se pourrait bien qu'on la retrouve dans les concession am\u00e9ricaine d\u00e8s 2010 ou 2011.<\/p>\n<h2 style=\"margin-bottom: 0cm;\">BYD Auto hybride rechargeable bient\u00f4t aux US ?<\/h2>\n<p style=\"margin-bottom: 0cm;\">\n<p style=\"margin-bottom: 0cm;\">Le <span style=\"text-decoration: underline; color: #0000ff;\"><a style=\"color: #0000ff; text-decoration: underline;\" href=\"http:\/\/www.carideal.com\/blog\/2007\/11\/27\/l-industrie-automobile-chinoise\/\">constructeur chinois<\/a><\/span> va donc pouvoir prendre un avantage concurentiel certain. Cela leur permettra sans doute aussi de prendre des positions sur le march\u00e9 de la voiture thermique traditionel.<\/p>\n<p style=\"margin-bottom: 0cm;\">Wang Chuanfu, le pr\u00e9sident du groupe a confirm\u00e9 que son objectif \u00e9tait d'atteindre 60 000 v\u00e9hicules \u00e9lectriques en fonction dans pr\u00e8s de dix villes chinoise en 2012.<\/p>\n<p style=\"margin-bottom: 0cm;\">\n","protected":false},"excerpt":{"rendered":"<p>BYD Auto : la premi\u00e8re voiture hybride rechargeable \u00e0 domicile arrive en Chine BYD Auto hybride rechargeable \u00e0 domicile : elle arrive en Chine. BYD Auto est la premi\u00e8re voiture hybride produite en s\u00e9rie par une soci\u00e9t\u00e9 chinoise. Son lancement a eu lieu le lundi 15 d\u00e9cembre sur le march\u00e9 chinois. BYD la concue pour &#8230; <a title=\"BYD Auto hybride rechargeable en Chine\" class=\"read-more\" href=\"https:\/\/www.carideal.com\/blog\/2008\/12\/16\/byd-auto-la-premiere-voiture-hybride-rechargeable-a-domicile-arrive-en-chine\/\" aria-label=\"En savoir plus sur BYD Auto hybride rechargeable en Chine\">Lire plus<\/a><\/p>\n","protected":false},"author":1,"featured_media":0,"comment_status":"open","ping_status":"closed","sticky":false,"template":"","format":"standard","meta":{"_uag_custom_page_level_css":"","_themeisle_gutenberg_block_has_review":false,"footnotes":""},"categories":[6],"tags":[163],"class_list":["post-126","post","type-post","status-publish","format-standard","hentry","category-ecologie","tag-chine"],"wppr_data":[],"yoast_head":"<!-- This site is optimized with the Yoast SEO plugin v24.8.1 - https:\/\/yoast.com\/wordpress\/plugins\/seo\/ -->\n<title>BYD Auto hybride rechargeable en Chine - Blog auto Carid\u00e9al<\/title>\n<meta name=\"description\" content=\"BYD Auto hybride rechargeable le milliardaire am\u00e9ricain Warren Buffet est l&#039;un des actionnaire, vient de pr\u00e9senter une hybride rechageable en Chine\" \/>\n<meta name=\"robots\" content=\"index, follow, max-snippet:-1, max-image-preview:large, max-video-preview:-1\" \/>\n<link rel=\"canonical\" href=\"https:\/\/www.carideal.com\/blog\/2008\/12\/16\/byd-auto-la-premiere-voiture-hybride-rechargeable-a-domicile-arrive-en-chine\/\" \/>\n<meta property=\"og:locale\" content=\"fr_FR\" \/>\n<meta property=\"og:type\" content=\"article\" \/>\n<meta property=\"og:title\" content=\"BYD Auto hybride rechargeable en Chine - Blog auto Carid\u00e9al\" \/>\n<meta property=\"og:description\" content=\"BYD Auto hybride rechargeable le milliardaire am\u00e9ricain Warren Buffet est l&#039;un des actionnaire, vient de pr\u00e9senter une hybride rechageable en Chine\" \/>\n<meta property=\"og:url\" content=\"https:\/\/www.carideal.com\/blog\/2008\/12\/16\/byd-auto-la-premiere-voiture-hybride-rechargeable-a-domicile-arrive-en-chine\/\" \/>\n<meta property=\"og:site_name\" content=\"Blog auto Carid\u00e9al\" \/>\n<meta property=\"article:publisher\" content=\"https:\/\/www.facebook.com\/Carideal.mandataire.automobile\" \/>\n<meta property=\"article:author\" content=\"https:\/\/www.facebook.com\/Carideal.mandataire.automobile\/\" \/>\n<meta property=\"article:published_time\" content=\"2008-12-16T22:31:25+00:00\" \/>\n<meta property=\"article:modified_time\" content=\"2015-12-19T22:25:50+00:00\" \/>\n<meta property=\"og:image\" content=\"https:\/\/www.carideal.com\/blog\/wp-content\/uploads\/2016\/03\/logo-carideal-mandataire-automobile.png\" \/>\n\t<meta property=\"og:image:width\" content=\"300\" \/>\n\t<meta property=\"og:image:height\" content=\"300\" \/>\n\t<meta property=\"og:image:type\" content=\"image\/png\" \/>\n<meta name=\"author\" content=\"N.S Carideal\" \/>\n<meta name=\"twitter:card\" content=\"summary_large_image\" \/>\n<meta name=\"twitter:creator\" content=\"@caridealauto\" \/>\n<meta name=\"twitter:site\" content=\"@caridealauto\" \/>\n<meta name=\"twitter:label1\" content=\"\u00c9crit par\" \/>\n\t<meta name=\"twitter:data1\" content=\"N.S Carideal\" \/>\n\t<meta name=\"twitter:label2\" content=\"Dur\u00e9e de lecture estim\u00e9e\" \/>\n\t<meta name=\"twitter:data2\" content=\"2 minutes\" \/>\n<script type=\"application\/ld+json\" class=\"yoast-schema-graph\">{\"@context\":\"https:\/\/schema.org\",\"@graph\":[{\"@type\":\"Article\",\"@id\":\"https:\/\/www.carideal.com\/blog\/2008\/12\/16\/byd-auto-la-premiere-voiture-hybride-rechargeable-a-domicile-arrive-en-chine\/#article\",\"isPartOf\":{\"@id\":\"https:\/\/www.carideal.com\/blog\/2008\/12\/16\/byd-auto-la-premiere-voiture-hybride-rechargeable-a-domicile-arrive-en-chine\/\"},\"author\":{\"name\":\"N.S Carideal\",\"@id\":\"https:\/\/www.carideal.com\/blog\/#\/schema\/person\/985c7e757d1042d647f21bfaf8d41ebc\"},\"headline\":\"BYD Auto hybride rechargeable en Chine\",\"datePublished\":\"2008-12-16T22:31:25+00:00\",\"dateModified\":\"2015-12-19T22:25:50+00:00\",\"mainEntityOfPage\":{\"@id\":\"https:\/\/www.carideal.com\/blog\/2008\/12\/16\/byd-auto-la-premiere-voiture-hybride-rechargeable-a-domicile-arrive-en-chine\/\"},\"wordCount\":317,\"commentCount\":0,\"publisher\":{\"@id\":\"https:\/\/www.carideal.com\/blog\/#organization\"},\"keywords\":[\"Voiture chinoise\"],\"articleSection\":[\"Ecologie\"],\"inLanguage\":\"fr-FR\",\"potentialAction\":[{\"@type\":\"CommentAction\",\"name\":\"Comment\",\"target\":[\"https:\/\/www.carideal.com\/blog\/2008\/12\/16\/byd-auto-la-premiere-voiture-hybride-rechargeable-a-domicile-arrive-en-chine\/#respond\"]}]},{\"@type\":\"WebPage\",\"@id\":\"https:\/\/www.carideal.com\/blog\/2008\/12\/16\/byd-auto-la-premiere-voiture-hybride-rechargeable-a-domicile-arrive-en-chine\/\",\"url\":\"https:\/\/www.carideal.com\/blog\/2008\/12\/16\/byd-auto-la-premiere-voiture-hybride-rechargeable-a-domicile-arrive-en-chine\/\",\"name\":\"BYD Auto hybride rechargeable en Chine - Blog auto Carid\u00e9al\",\"isPartOf\":{\"@id\":\"https:\/\/www.carideal.com\/blog\/#website\"},\"datePublished\":\"2008-12-16T22:31:25+00:00\",\"dateModified\":\"2015-12-19T22:25:50+00:00\",\"description\":\"BYD Auto hybride rechargeable le milliardaire am\u00e9ricain Warren Buffet est l'un des actionnaire, vient de pr\u00e9senter une hybride rechageable en Chine\",\"breadcrumb\":{\"@id\":\"https:\/\/www.carideal.com\/blog\/2008\/12\/16\/byd-auto-la-premiere-voiture-hybride-rechargeable-a-domicile-arrive-en-chine\/#breadcrumb\"},\"inLanguage\":\"fr-FR\",\"potentialAction\":[{\"@type\":\"ReadAction\",\"target\":[\"https:\/\/www.carideal.com\/blog\/2008\/12\/16\/byd-auto-la-premiere-voiture-hybride-rechargeable-a-domicile-arrive-en-chine\/\"]}]},{\"@type\":\"BreadcrumbList\",\"@id\":\"https:\/\/www.carideal.com\/blog\/2008\/12\/16\/byd-auto-la-premiere-voiture-hybride-rechargeable-a-domicile-arrive-en-chine\/#breadcrumb\",\"itemListElement\":[{\"@type\":\"ListItem\",\"position\":1,\"name\":\"Blog Carid\u00e9al\",\"item\":\"https:\/\/www.carideal.com\/blog\/\"},{\"@type\":\"ListItem\",\"position\":2,\"name\":\"Ecologie\",\"item\":\"https:\/\/www.carideal.com\/blog\/ecologie\/\"},{\"@type\":\"ListItem\",\"position\":3,\"name\":\"BYD Auto hybride rechargeable en Chine\"}]},{\"@type\":\"WebSite\",\"@id\":\"https:\/\/www.carideal.com\/blog\/#website\",\"url\":\"https:\/\/www.carideal.com\/blog\/\",\"name\":\"Blog auto Carid\u00e9al\",\"description\":\"Actualit\u00e9 auto par des passionn\u00e9s\",\"publisher\":{\"@id\":\"https:\/\/www.carideal.com\/blog\/#organization\"},\"potentialAction\":[{\"@type\":\"SearchAction\",\"target\":{\"@type\":\"EntryPoint\",\"urlTemplate\":\"https:\/\/www.carideal.com\/blog\/?s={search_term_string}\"},\"query-input\":{\"@type\":\"PropertyValueSpecification\",\"valueRequired\":true,\"valueName\":\"search_term_string\"}}],\"inLanguage\":\"fr-FR\"},{\"@type\":\"Organization\",\"@id\":\"https:\/\/www.carideal.com\/blog\/#organization\",\"name\":\"Carideal\",\"url\":\"https:\/\/www.carideal.com\/blog\/\",\"logo\":{\"@type\":\"ImageObject\",\"inLanguage\":\"fr-FR\",\"@id\":\"https:\/\/www.carideal.com\/blog\/#\/schema\/logo\/image\/\",\"url\":\"http:\/\/www.carideal.com\/blog\/wp-content\/uploads\/2016\/03\/logo-carideal-mandataire-automobile.png\",\"contentUrl\":\"http:\/\/www.carideal.com\/blog\/wp-content\/uploads\/2016\/03\/logo-carideal-mandataire-automobile.png\",\"width\":300,\"height\":300,\"caption\":\"Carideal\"},\"image\":{\"@id\":\"https:\/\/www.carideal.com\/blog\/#\/schema\/logo\/image\/\"},\"sameAs\":[\"https:\/\/www.facebook.com\/Carideal.mandataire.automobile\",\"https:\/\/x.com\/caridealauto\",\"https:\/\/www.instagram.com\/carideal1\/\",\"https:\/\/www.linkedin.com\/company\/carideal.com\",\"https:\/\/fr.pinterest.com\/schiavonsas\/\",\"https:\/\/www.youtube.com\/user\/caridealsas\"]},{\"@type\":\"Person\",\"@id\":\"https:\/\/www.carideal.com\/blog\/#\/schema\/person\/985c7e757d1042d647f21bfaf8d41ebc\",\"name\":\"N.S Carideal\",\"image\":{\"@type\":\"ImageObject\",\"inLanguage\":\"fr-FR\",\"@id\":\"https:\/\/www.carideal.com\/blog\/#\/schema\/person\/image\/\",\"url\":\"https:\/\/secure.gravatar.com\/avatar\/edb7ccdf1a4e3d14aef967760d354d0e?s=96&r=g\",\"contentUrl\":\"https:\/\/secure.gravatar.com\/avatar\/edb7ccdf1a4e3d14aef967760d354d0e?s=96&r=g\",\"caption\":\"N.S Carideal\"},\"description\":\"Depuis tout petit fan d'automobile. Il est question d'essayer et de comparer toutes ces voitures qui nous ont fait r\u00e9ver, avant que celles-ci ne devient uniquement des voitures de collection.\",\"sameAs\":[\"http:\/\/www.carideal.com\/blog\",\"https:\/\/www.facebook.com\/Carideal.mandataire.automobile\/\",\"https:\/\/www.linkedin.com\/in\/nschiavon\/\",\"https:\/\/www.youtube.com\/user\/caridealsas\/\"],\"url\":\"https:\/\/www.carideal.com\/blog\/author\/admin_carideal\/\"}]}<\/script>\n<!-- \/ Yoast SEO plugin. -->","yoast_head_json":{"title":"BYD Auto hybride rechargeable en Chine - Blog auto Carid\u00e9al","description":"BYD Auto hybride rechargeable le milliardaire am\u00e9ricain Warren Buffet est l'un des actionnaire, vient de pr\u00e9senter une hybride rechageable en Chine","robots":{"index":"index","follow":"follow","max-snippet":"max-snippet:-1","max-image-preview":"max-image-preview:large","max-video-preview":"max-video-preview:-1"},"canonical":"https:\/\/www.carideal.com\/blog\/2008\/12\/16\/byd-auto-la-premiere-voiture-hybride-rechargeable-a-domicile-arrive-en-chine\/","og_locale":"fr_FR","og_type":"article","og_title":"BYD Auto hybride rechargeable en Chine - Blog auto Carid\u00e9al","og_description":"BYD Auto hybride rechargeable le milliardaire am\u00e9ricain Warren Buffet est l'un des actionnaire, vient de pr\u00e9senter une hybride rechageable en Chine","og_url":"https:\/\/www.carideal.com\/blog\/2008\/12\/16\/byd-auto-la-premiere-voiture-hybride-rechargeable-a-domicile-arrive-en-chine\/","og_site_name":"Blog auto Carid\u00e9al","article_publisher":"https:\/\/www.facebook.com\/Carideal.mandataire.automobile","article_author":"https:\/\/www.facebook.com\/Carideal.mandataire.automobile\/","article_published_time":"2008-12-16T22:31:25+00:00","article_modified_time":"2015-12-19T22:25:50+00:00","og_image":[{"width":300,"height":300,"url":"https:\/\/www.carideal.com\/blog\/wp-content\/uploads\/2016\/03\/logo-carideal-mandataire-automobile.png","type":"image\/png"}],"author":"N.S Carideal","twitter_card":"summary_large_image","twitter_creator":"@caridealauto","twitter_site":"@caridealauto","twitter_misc":{"\u00c9crit par":"N.S Carideal","Dur\u00e9e de lecture estim\u00e9e":"2 minutes"},"schema":{"@context":"https:\/\/schema.org","@graph":[{"@type":"Article","@id":"https:\/\/www.carideal.com\/blog\/2008\/12\/16\/byd-auto-la-premiere-voiture-hybride-rechargeable-a-domicile-arrive-en-chine\/#article","isPartOf":{"@id":"https:\/\/www.carideal.com\/blog\/2008\/12\/16\/byd-auto-la-premiere-voiture-hybride-rechargeable-a-domicile-arrive-en-chine\/"},"author":{"name":"N.S Carideal","@id":"https:\/\/www.carideal.com\/blog\/#\/schema\/person\/985c7e757d1042d647f21bfaf8d41ebc"},"headline":"BYD Auto hybride rechargeable en Chine","datePublished":"2008-12-16T22:31:25+00:00","dateModified":"2015-12-19T22:25:50+00:00","mainEntityOfPage":{"@id":"https:\/\/www.carideal.com\/blog\/2008\/12\/16\/byd-auto-la-premiere-voiture-hybride-rechargeable-a-domicile-arrive-en-chine\/"},"wordCount":317,"commentCount":0,"publisher":{"@id":"https:\/\/www.carideal.com\/blog\/#organization"},"keywords":["Voiture chinoise"],"articleSection":["Ecologie"],"inLanguage":"fr-FR","potentialAction":[{"@type":"CommentAction","name":"Comment","target":["https:\/\/www.carideal.com\/blog\/2008\/12\/16\/byd-auto-la-premiere-voiture-hybride-rechargeable-a-domicile-arrive-en-chine\/#respond"]}]},{"@type":"WebPage","@id":"https:\/\/www.carideal.com\/blog\/2008\/12\/16\/byd-auto-la-premiere-voiture-hybride-rechargeable-a-domicile-arrive-en-chine\/","url":"https:\/\/www.carideal.com\/blog\/2008\/12\/16\/byd-auto-la-premiere-voiture-hybride-rechargeable-a-domicile-arrive-en-chine\/","name":"BYD Auto hybride rechargeable en Chine - Blog auto Carid\u00e9al","isPartOf":{"@id":"https:\/\/www.carideal.com\/blog\/#website"},"datePublished":"2008-12-16T22:31:25+00:00","dateModified":"2015-12-19T22:25:50+00:00","description":"BYD Auto hybride rechargeable le milliardaire am\u00e9ricain Warren Buffet est l'un des actionnaire, vient de pr\u00e9senter une hybride rechageable en Chine","breadcrumb":{"@id":"https:\/\/www.carideal.com\/blog\/2008\/12\/16\/byd-auto-la-premiere-voiture-hybride-rechargeable-a-domicile-arrive-en-chine\/#breadcrumb"},"inLanguage":"fr-FR","potentialAction":[{"@type":"ReadAction","target":["https:\/\/www.carideal.com\/blog\/2008\/12\/16\/byd-auto-la-premiere-voiture-hybride-rechargeable-a-domicile-arrive-en-chine\/"]}]},{"@type":"BreadcrumbList","@id":"https:\/\/www.carideal.com\/blog\/2008\/12\/16\/byd-auto-la-premiere-voiture-hybride-rechargeable-a-domicile-arrive-en-chine\/#breadcrumb","itemListElement":[{"@type":"ListItem","position":1,"name":"Blog Carid\u00e9al","item":"https:\/\/www.carideal.com\/blog\/"},{"@type":"ListItem","position":2,"name":"Ecologie","item":"https:\/\/www.carideal.com\/blog\/ecologie\/"},{"@type":"ListItem","position":3,"name":"BYD Auto hybride rechargeable en Chine"}]},{"@type":"WebSite","@id":"https:\/\/www.carideal.com\/blog\/#website","url":"https:\/\/www.carideal.com\/blog\/","name":"Blog auto Carid\u00e9al","description":"Actualit\u00e9 auto par des passionn\u00e9s","publisher":{"@id":"https:\/\/www.carideal.com\/blog\/#organization"},"potentialAction":[{"@type":"SearchAction","target":{"@type":"EntryPoint","urlTemplate":"https:\/\/www.carideal.com\/blog\/?s={search_term_string}"},"query-input":{"@type":"PropertyValueSpecification","valueRequired":true,"valueName":"search_term_string"}}],"inLanguage":"fr-FR"},{"@type":"Organization","@id":"https:\/\/www.carideal.com\/blog\/#organization","name":"Carideal","url":"https:\/\/www.carideal.com\/blog\/","logo":{"@type":"ImageObject","inLanguage":"fr-FR","@id":"https:\/\/www.carideal.com\/blog\/#\/schema\/logo\/image\/","url":"http:\/\/www.carideal.com\/blog\/wp-content\/uploads\/2016\/03\/logo-carideal-mandataire-automobile.png","contentUrl":"http:\/\/www.carideal.com\/blog\/wp-content\/uploads\/2016\/03\/logo-carideal-mandataire-automobile.png","width":300,"height":300,"caption":"Carideal"},"image":{"@id":"https:\/\/www.carideal.com\/blog\/#\/schema\/logo\/image\/"},"sameAs":["https:\/\/www.facebook.com\/Carideal.mandataire.automobile","https:\/\/x.com\/caridealauto","https:\/\/www.instagram.com\/carideal1\/","https:\/\/www.linkedin.com\/company\/carideal.com","https:\/\/fr.pinterest.com\/schiavonsas\/","https:\/\/www.youtube.com\/user\/caridealsas"]},{"@type":"Person","@id":"https:\/\/www.carideal.com\/blog\/#\/schema\/person\/985c7e757d1042d647f21bfaf8d41ebc","name":"N.S Carideal","image":{"@type":"ImageObject","inLanguage":"fr-FR","@id":"https:\/\/www.carideal.com\/blog\/#\/schema\/person\/image\/","url":"https:\/\/secure.gravatar.com\/avatar\/edb7ccdf1a4e3d14aef967760d354d0e?s=96&r=g","contentUrl":"https:\/\/secure.gravatar.com\/avatar\/edb7ccdf1a4e3d14aef967760d354d0e?s=96&r=g","caption":"N.S Carideal"},"description":"Depuis tout petit fan d'automobile. Il est question d'essayer et de comparer toutes ces voitures qui nous ont fait r\u00e9ver, avant que celles-ci ne devient uniquement des voitures de collection.","sameAs":["http:\/\/www.carideal.com\/blog","https:\/\/www.facebook.com\/Carideal.mandataire.automobile\/","https:\/\/www.linkedin.com\/in\/nschiavon\/","https:\/\/www.youtube.com\/user\/caridealsas\/"],"url":"https:\/\/www.carideal.com\/blog\/author\/admin_carideal\/"}]}},"uagb_featured_image_src":{"full":false,"thumbnail":false,"medium":false,"medium_large":false,"large":false,"1536x1536":false,"2048x2048":false,"wppr-widget":false},"uagb_author_info":{"display_name":"N.S Carideal","author_link":"https:\/\/www.carideal.com\/blog\/author\/admin_carideal\/"},"uagb_comment_info":0,"uagb_excerpt":"BYD Auto : la premi\u00e8re voiture hybride rechargeable \u00e0 domicile arrive en Chine BYD Auto hybride rechargeable \u00e0 domicile : elle arrive en Chine. BYD Auto est la premi\u00e8re voiture hybride produite en s\u00e9rie par une soci\u00e9t\u00e9 chinoise. Son lancement a eu lieu le lundi 15 d\u00e9cembre sur le march\u00e9 chinois. BYD la concue pour\u2026","_links":{"self":[{"href":"https:\/\/www.carideal.com\/blog\/wp-json\/wp\/v2\/posts\/126"}],"collection":[{"href":"https:\/\/www.carideal.com\/blog\/wp-json\/wp\/v2\/posts"}],"about":[{"href":"https:\/\/www.carideal.com\/blog\/wp-json\/wp\/v2\/types\/post"}],"author":[{"embeddable":true,"href":"https:\/\/www.carideal.com\/blog\/wp-json\/wp\/v2\/users\/1"}],"replies":[{"embeddable":true,"href":"https:\/\/www.carideal.com\/blog\/wp-json\/wp\/v2\/comments?post=126"}],"version-history":[{"count":0,"href":"https:\/\/www.carideal.com\/blog\/wp-json\/wp\/v2\/posts\/126\/revisions"}],"wp:attachment":[{"href":"https:\/\/www.carideal.com\/blog\/wp-json\/wp\/v2\/media?parent=126"}],"wp:term":[{"taxonomy":"category","embeddable":true,"href":"https:\/\/www.carideal.com\/blog\/wp-json\/wp\/v2\/categories?post=126"},{"taxonomy":"post_tag","embeddable":true,"href":"https:\/\/www.carideal.com\/blog\/wp-json\/wp\/v2\/tags?post=126"}],"curies":[{"name":"wp","href":"https:\/\/api.w.org\/{rel}","templated":true}]}}