{"id":1257,"date":"2012-12-20T15:22:00","date_gmt":"2012-12-20T15:22:00","guid":{"rendered":"http:\/\/carideal.com\/blog\/?p=1257"},"modified":"2012-12-20T15:22:00","modified_gmt":"2012-12-20T15:22:00","slug":"dacia-sandero","status":"publish","type":"post","link":"https:\/\/www.carideal.com\/blog\/2012\/12\/20\/dacia-sandero\/","title":{"rendered":"Dacia Sandero"},"content":{"rendered":"<p><img decoding=\"async\" src=\"\/blog\/public\/.nouvelle-sandero-dacia_m.jpg\" alt=\"nouvelle-sandero-dacia.jpg\" title=\"nouvelle-sandero-dacia.jpg, d\u00e9c. 2012\" \/><\/p>\n<p>Restylage, nouveaux \u00e9quipement, vigoureux petit turbo essence. Et des tarifs inchang\u00e9s. La Sandero, plus que jamais, m\u00e9rite le d\u00e9tour. Reste une question: comment fait Dacia? Leur nouvelle face avant, d\u00e9sormais identique, le dit clairement: la sandero (4.06 m) est la version cinq portes de la Logan \u00e0 malle (4.35 m). Leur restylage commun produit moins d'effet sur la Sandero, puisque c'est la Logan qui s'est rapproch\u00e9e de sa cadette, n\u00e9e trois ans plus tard. Les feux avant, amincis ne mordent plus sur le capot. D\u00e9sormais travers\u00e9e par deux barrettes, la calandres sup\u00e9rieure prend de l'ampleur. A l'inverse, sa partie inf\u00e9rieure en losange perd de la hauteur. Et les logements des antibrouillard sont mieux d\u00e9limit\u00e9s. Un bouleversement sur la <a href=\"\/blog\/index.php?tag\/Logan\">Logan<\/a>. Une simple \u00e9volution sur la Sandero, dont le changement majeur apport\u00e9 par ce restylage ne s'adresse pas \u00e0 l'esth\u00e9tique. Elle en a en effet profit\u00e9 pour se remettre au go\u00fbt du jour: technique, \u00e9quipement. Elle re\u00e7oit ainsi le nouveau trois cylindres TCe Renault inaugur\u00e9 voil\u00e0 un mois par la Clio IV. Il ne paie pas de mine (898 cm3), mais un turbo lui donne des ailes&nbsp;: 90 ch, et 11.1 s de 0 \u00e0 100 km\/h, une seconde de mieux que le 1.5 dCi \u00e0 puissance \u00e9gale&nbsp;! La Sandero am\u00e9liore sa dotation et re\u00e7oit un 3 cylindre aussi vif que sobre. De surcro\u00eet, il est sobre ( 5 l aux 100 km), et son grondement rageur est agr\u00e9able. \u00e7a tombe bien, puisque l'insonorisation n'a jamais \u00e9t\u00e9 la qualit\u00e9 premi\u00e8re des Dacia... La Sandero a aussi compl\u00e9t\u00e9 sa dotation: quatre airbags au lieu de deux, ESP et direction assist\u00e9e de s\u00e9rie, banquette fractionnable d\u00e8s son premier niveau de finition . Et accueille les derniers \u00e9quipements apparus dans la gamme<a href=\"\/blog\/index.php?tag\/Dacia\"> Dacia<\/a>. Notamment l\u2019extraordinaire GPS 3D \u00e0 \u00e9cran tactile: 240 \u20ac en option, 99\u20ac de plus pour trouver sa route hors France. Quand le luxe devient \u00e0 ce point accessible, il serait b\u00eate de s'en priver. Comme la famille Dacia, n\u00e9e d\u00e9munie, ne cesse d'accro\u00eetre son patrimoine au fil des g\u00e9n\u00e9rations, la Sandero est la premi\u00e8re \u00e0 proposer un r\u00e9gulateur,limiteur de vitesse: 150 \u20ac, soit 30\u20ac de plus que le limiteur du Lodgy... Pour le reste, aucun changement. La <a href=\"\/blog\/index.php?tag\/Sandero\">Sandero<\/a> garde le plus grand coffre de sa cat\u00e9gorie (320l),un r\u00e9el confort de suspensions, un vaste habitacle, et des tarifs \u00e0 faire p\u00e2lir d'envie ses concurrentes. Car malgr\u00e9 les am\u00e9liorations apport\u00e9es par son restylage, la facture n'a pas boug\u00e9: toujours 7 900\u20ac en premier tarif essence  (1.2 75 mou, \u00e9quipement r\u00e9duit au strict minimum), et 10 900\u20ac c\u00f4t\u00e9 diesel, avec un dCi 75 dans une finition Ambiance mieux  pourvu (radio, vitres avant \u00e9lectriques).<\/p>\n<p>Bilan: Un restylage qui rafra\u00eechit la ligne et apporte l'ESP sans que les tarifs ne bougent, c'est chez Dacia, et nulle part ailleurs. Compte tenu de ses qualit\u00e9s, le 0.9 essence de 90 ch repr\u00e9sente maintenant la meilleur offre Sandero&nbsp;: 9 900\u20ac en Ambiance.<\/p>\n","protected":false},"excerpt":{"rendered":"<p>Restylage, nouveaux \u00e9quipement, vigoureux petit turbo essence. Et des tarifs inchang\u00e9s. La Sandero, plus que jamais, m\u00e9rite le d\u00e9tour. Reste une question: comment fait Dacia? Leur nouvelle face avant, d\u00e9sormais identique, le dit clairement: la sandero (4.06 m) est la version cinq portes de la Logan \u00e0 malle (4.35 m). Leur restylage commun produit moins &#8230; <a title=\"Dacia Sandero\" class=\"read-more\" href=\"https:\/\/www.carideal.com\/blog\/2012\/12\/20\/dacia-sandero\/\" aria-label=\"En savoir plus sur Dacia Sandero\">Lire plus<\/a><\/p>\n","protected":false},"author":1,"featured_media":0,"comment_status":"open","ping_status":"open","sticky":false,"template":"","format":"standard","meta":{"_uag_custom_page_level_css":"","_themeisle_gutenberg_block_has_review":false,"footnotes":""},"categories":[10],"tags":[],"class_list":["post-1257","post","type-post","status-publish","format-standard","hentry","category-marche-automobile-voiture-neuve-occasion-4x4-suv"],"wppr_data":[],"yoast_head":"<!-- This site is optimized with the Yoast SEO plugin v24.8.1 - https:\/\/yoast.com\/wordpress\/plugins\/seo\/ -->\n<title>Dacia Sandero - Blog auto Carid\u00e9al<\/title>\n<meta name=\"robots\" content=\"index, follow, max-snippet:-1, max-image-preview:large, max-video-preview:-1\" \/>\n<link rel=\"canonical\" href=\"https:\/\/www.carideal.com\/blog\/2012\/12\/20\/dacia-sandero\/\" \/>\n<meta property=\"og:locale\" content=\"fr_FR\" \/>\n<meta property=\"og:type\" content=\"article\" \/>\n<meta property=\"og:title\" content=\"Dacia Sandero - Blog auto Carid\u00e9al\" \/>\n<meta property=\"og:description\" content=\"Restylage, nouveaux \u00e9quipement, vigoureux petit turbo essence. Et des tarifs inchang\u00e9s. La Sandero, plus que jamais, m\u00e9rite le d\u00e9tour. Reste une question: comment fait Dacia? Leur nouvelle face avant, d\u00e9sormais identique, le dit clairement: la sandero (4.06 m) est la version cinq portes de la Logan \u00e0 malle (4.35 m). Leur restylage commun produit moins ... Lire plus\" \/>\n<meta property=\"og:url\" content=\"https:\/\/www.carideal.com\/blog\/2012\/12\/20\/dacia-sandero\/\" \/>\n<meta property=\"og:site_name\" content=\"Blog auto Carid\u00e9al\" \/>\n<meta property=\"article:publisher\" content=\"https:\/\/www.facebook.com\/Carideal.mandataire.automobile\" \/>\n<meta property=\"article:author\" content=\"https:\/\/www.facebook.com\/Carideal.mandataire.automobile\/\" \/>\n<meta property=\"article:published_time\" content=\"2012-12-20T15:22:00+00:00\" \/>\n<meta property=\"og:image\" content=\"https:\/\/www.carideal.com\/blog\/wp-content\/uploads\/2016\/03\/logo-carideal-mandataire-automobile.png\" \/>\n\t<meta property=\"og:image:width\" content=\"300\" \/>\n\t<meta property=\"og:image:height\" content=\"300\" \/>\n\t<meta property=\"og:image:type\" content=\"image\/png\" \/>\n<meta name=\"author\" content=\"N.S Carideal\" \/>\n<meta name=\"twitter:card\" content=\"summary_large_image\" \/>\n<meta name=\"twitter:creator\" content=\"@caridealauto\" \/>\n<meta name=\"twitter:site\" content=\"@caridealauto\" \/>\n<meta name=\"twitter:label1\" content=\"\u00c9crit par\" \/>\n\t<meta name=\"twitter:data1\" content=\"N.S Carideal\" \/>\n\t<meta name=\"twitter:label2\" content=\"Dur\u00e9e de lecture estim\u00e9e\" \/>\n\t<meta name=\"twitter:data2\" content=\"2 minutes\" \/>\n<script type=\"application\/ld+json\" class=\"yoast-schema-graph\">{\"@context\":\"https:\/\/schema.org\",\"@graph\":[{\"@type\":\"Article\",\"@id\":\"https:\/\/www.carideal.com\/blog\/2012\/12\/20\/dacia-sandero\/#article\",\"isPartOf\":{\"@id\":\"https:\/\/www.carideal.com\/blog\/2012\/12\/20\/dacia-sandero\/\"},\"author\":{\"name\":\"N.S Carideal\",\"@id\":\"https:\/\/www.carideal.com\/blog\/#\/schema\/person\/985c7e757d1042d647f21bfaf8d41ebc\"},\"headline\":\"Dacia Sandero\",\"datePublished\":\"2012-12-20T15:22:00+00:00\",\"mainEntityOfPage\":{\"@id\":\"https:\/\/www.carideal.com\/blog\/2012\/12\/20\/dacia-sandero\/\"},\"wordCount\":495,\"commentCount\":0,\"publisher\":{\"@id\":\"https:\/\/www.carideal.com\/blog\/#organization\"},\"articleSection\":[\"March\u00e9 automobile\"],\"inLanguage\":\"fr-FR\",\"potentialAction\":[{\"@type\":\"CommentAction\",\"name\":\"Comment\",\"target\":[\"https:\/\/www.carideal.com\/blog\/2012\/12\/20\/dacia-sandero\/#respond\"]}]},{\"@type\":\"WebPage\",\"@id\":\"https:\/\/www.carideal.com\/blog\/2012\/12\/20\/dacia-sandero\/\",\"url\":\"https:\/\/www.carideal.com\/blog\/2012\/12\/20\/dacia-sandero\/\",\"name\":\"Dacia Sandero - Blog auto Carid\u00e9al\",\"isPartOf\":{\"@id\":\"https:\/\/www.carideal.com\/blog\/#website\"},\"datePublished\":\"2012-12-20T15:22:00+00:00\",\"breadcrumb\":{\"@id\":\"https:\/\/www.carideal.com\/blog\/2012\/12\/20\/dacia-sandero\/#breadcrumb\"},\"inLanguage\":\"fr-FR\",\"potentialAction\":[{\"@type\":\"ReadAction\",\"target\":[\"https:\/\/www.carideal.com\/blog\/2012\/12\/20\/dacia-sandero\/\"]}]},{\"@type\":\"BreadcrumbList\",\"@id\":\"https:\/\/www.carideal.com\/blog\/2012\/12\/20\/dacia-sandero\/#breadcrumb\",\"itemListElement\":[{\"@type\":\"ListItem\",\"position\":1,\"name\":\"Blog Carid\u00e9al\",\"item\":\"https:\/\/www.carideal.com\/blog\/\"},{\"@type\":\"ListItem\",\"position\":2,\"name\":\"March\u00e9 automobile\",\"item\":\"https:\/\/www.carideal.com\/blog\/marche-automobile-voiture-neuve-occasion-4x4-suv\/\"},{\"@type\":\"ListItem\",\"position\":3,\"name\":\"Dacia Sandero\"}]},{\"@type\":\"WebSite\",\"@id\":\"https:\/\/www.carideal.com\/blog\/#website\",\"url\":\"https:\/\/www.carideal.com\/blog\/\",\"name\":\"Blog auto Carid\u00e9al\",\"description\":\"Actualit\u00e9 auto par des passionn\u00e9s\",\"publisher\":{\"@id\":\"https:\/\/www.carideal.com\/blog\/#organization\"},\"potentialAction\":[{\"@type\":\"SearchAction\",\"target\":{\"@type\":\"EntryPoint\",\"urlTemplate\":\"https:\/\/www.carideal.com\/blog\/?s={search_term_string}\"},\"query-input\":{\"@type\":\"PropertyValueSpecification\",\"valueRequired\":true,\"valueName\":\"search_term_string\"}}],\"inLanguage\":\"fr-FR\"},{\"@type\":\"Organization\",\"@id\":\"https:\/\/www.carideal.com\/blog\/#organization\",\"name\":\"Carideal\",\"url\":\"https:\/\/www.carideal.com\/blog\/\",\"logo\":{\"@type\":\"ImageObject\",\"inLanguage\":\"fr-FR\",\"@id\":\"https:\/\/www.carideal.com\/blog\/#\/schema\/logo\/image\/\",\"url\":\"http:\/\/www.carideal.com\/blog\/wp-content\/uploads\/2016\/03\/logo-carideal-mandataire-automobile.png\",\"contentUrl\":\"http:\/\/www.carideal.com\/blog\/wp-content\/uploads\/2016\/03\/logo-carideal-mandataire-automobile.png\",\"width\":300,\"height\":300,\"caption\":\"Carideal\"},\"image\":{\"@id\":\"https:\/\/www.carideal.com\/blog\/#\/schema\/logo\/image\/\"},\"sameAs\":[\"https:\/\/www.facebook.com\/Carideal.mandataire.automobile\",\"https:\/\/x.com\/caridealauto\",\"https:\/\/www.instagram.com\/carideal1\/\",\"https:\/\/www.linkedin.com\/company\/carideal.com\",\"https:\/\/fr.pinterest.com\/schiavonsas\/\",\"https:\/\/www.youtube.com\/user\/caridealsas\"]},{\"@type\":\"Person\",\"@id\":\"https:\/\/www.carideal.com\/blog\/#\/schema\/person\/985c7e757d1042d647f21bfaf8d41ebc\",\"name\":\"N.S Carideal\",\"image\":{\"@type\":\"ImageObject\",\"inLanguage\":\"fr-FR\",\"@id\":\"https:\/\/www.carideal.com\/blog\/#\/schema\/person\/image\/\",\"url\":\"https:\/\/secure.gravatar.com\/avatar\/edb7ccdf1a4e3d14aef967760d354d0e?s=96&r=g\",\"contentUrl\":\"https:\/\/secure.gravatar.com\/avatar\/edb7ccdf1a4e3d14aef967760d354d0e?s=96&r=g\",\"caption\":\"N.S Carideal\"},\"description\":\"Depuis tout petit fan d'automobile. Il est question d'essayer et de comparer toutes ces voitures qui nous ont fait r\u00e9ver, avant que celles-ci ne devient uniquement des voitures de collection.\",\"sameAs\":[\"http:\/\/www.carideal.com\/blog\",\"https:\/\/www.facebook.com\/Carideal.mandataire.automobile\/\",\"https:\/\/www.linkedin.com\/in\/nschiavon\/\",\"https:\/\/www.youtube.com\/user\/caridealsas\/\"],\"url\":\"https:\/\/www.carideal.com\/blog\/author\/admin_carideal\/\"}]}<\/script>\n<!-- \/ Yoast SEO plugin. -->","yoast_head_json":{"title":"Dacia Sandero - Blog auto Carid\u00e9al","robots":{"index":"index","follow":"follow","max-snippet":"max-snippet:-1","max-image-preview":"max-image-preview:large","max-video-preview":"max-video-preview:-1"},"canonical":"https:\/\/www.carideal.com\/blog\/2012\/12\/20\/dacia-sandero\/","og_locale":"fr_FR","og_type":"article","og_title":"Dacia Sandero - Blog auto Carid\u00e9al","og_description":"Restylage, nouveaux \u00e9quipement, vigoureux petit turbo essence. Et des tarifs inchang\u00e9s. La Sandero, plus que jamais, m\u00e9rite le d\u00e9tour. Reste une question: comment fait Dacia? Leur nouvelle face avant, d\u00e9sormais identique, le dit clairement: la sandero (4.06 m) est la version cinq portes de la Logan \u00e0 malle (4.35 m). Leur restylage commun produit moins ... Lire plus","og_url":"https:\/\/www.carideal.com\/blog\/2012\/12\/20\/dacia-sandero\/","og_site_name":"Blog auto Carid\u00e9al","article_publisher":"https:\/\/www.facebook.com\/Carideal.mandataire.automobile","article_author":"https:\/\/www.facebook.com\/Carideal.mandataire.automobile\/","article_published_time":"2012-12-20T15:22:00+00:00","og_image":[{"width":300,"height":300,"url":"https:\/\/www.carideal.com\/blog\/wp-content\/uploads\/2016\/03\/logo-carideal-mandataire-automobile.png","type":"image\/png"}],"author":"N.S Carideal","twitter_card":"summary_large_image","twitter_creator":"@caridealauto","twitter_site":"@caridealauto","twitter_misc":{"\u00c9crit par":"N.S Carideal","Dur\u00e9e de lecture estim\u00e9e":"2 minutes"},"schema":{"@context":"https:\/\/schema.org","@graph":[{"@type":"Article","@id":"https:\/\/www.carideal.com\/blog\/2012\/12\/20\/dacia-sandero\/#article","isPartOf":{"@id":"https:\/\/www.carideal.com\/blog\/2012\/12\/20\/dacia-sandero\/"},"author":{"name":"N.S Carideal","@id":"https:\/\/www.carideal.com\/blog\/#\/schema\/person\/985c7e757d1042d647f21bfaf8d41ebc"},"headline":"Dacia Sandero","datePublished":"2012-12-20T15:22:00+00:00","mainEntityOfPage":{"@id":"https:\/\/www.carideal.com\/blog\/2012\/12\/20\/dacia-sandero\/"},"wordCount":495,"commentCount":0,"publisher":{"@id":"https:\/\/www.carideal.com\/blog\/#organization"},"articleSection":["March\u00e9 automobile"],"inLanguage":"fr-FR","potentialAction":[{"@type":"CommentAction","name":"Comment","target":["https:\/\/www.carideal.com\/blog\/2012\/12\/20\/dacia-sandero\/#respond"]}]},{"@type":"WebPage","@id":"https:\/\/www.carideal.com\/blog\/2012\/12\/20\/dacia-sandero\/","url":"https:\/\/www.carideal.com\/blog\/2012\/12\/20\/dacia-sandero\/","name":"Dacia Sandero - Blog auto Carid\u00e9al","isPartOf":{"@id":"https:\/\/www.carideal.com\/blog\/#website"},"datePublished":"2012-12-20T15:22:00+00:00","breadcrumb":{"@id":"https:\/\/www.carideal.com\/blog\/2012\/12\/20\/dacia-sandero\/#breadcrumb"},"inLanguage":"fr-FR","potentialAction":[{"@type":"ReadAction","target":["https:\/\/www.carideal.com\/blog\/2012\/12\/20\/dacia-sandero\/"]}]},{"@type":"BreadcrumbList","@id":"https:\/\/www.carideal.com\/blog\/2012\/12\/20\/dacia-sandero\/#breadcrumb","itemListElement":[{"@type":"ListItem","position":1,"name":"Blog Carid\u00e9al","item":"https:\/\/www.carideal.com\/blog\/"},{"@type":"ListItem","position":2,"name":"March\u00e9 automobile","item":"https:\/\/www.carideal.com\/blog\/marche-automobile-voiture-neuve-occasion-4x4-suv\/"},{"@type":"ListItem","position":3,"name":"Dacia Sandero"}]},{"@type":"WebSite","@id":"https:\/\/www.carideal.com\/blog\/#website","url":"https:\/\/www.carideal.com\/blog\/","name":"Blog auto Carid\u00e9al","description":"Actualit\u00e9 auto par des passionn\u00e9s","publisher":{"@id":"https:\/\/www.carideal.com\/blog\/#organization"},"potentialAction":[{"@type":"SearchAction","target":{"@type":"EntryPoint","urlTemplate":"https:\/\/www.carideal.com\/blog\/?s={search_term_string}"},"query-input":{"@type":"PropertyValueSpecification","valueRequired":true,"valueName":"search_term_string"}}],"inLanguage":"fr-FR"},{"@type":"Organization","@id":"https:\/\/www.carideal.com\/blog\/#organization","name":"Carideal","url":"https:\/\/www.carideal.com\/blog\/","logo":{"@type":"ImageObject","inLanguage":"fr-FR","@id":"https:\/\/www.carideal.com\/blog\/#\/schema\/logo\/image\/","url":"http:\/\/www.carideal.com\/blog\/wp-content\/uploads\/2016\/03\/logo-carideal-mandataire-automobile.png","contentUrl":"http:\/\/www.carideal.com\/blog\/wp-content\/uploads\/2016\/03\/logo-carideal-mandataire-automobile.png","width":300,"height":300,"caption":"Carideal"},"image":{"@id":"https:\/\/www.carideal.com\/blog\/#\/schema\/logo\/image\/"},"sameAs":["https:\/\/www.facebook.com\/Carideal.mandataire.automobile","https:\/\/x.com\/caridealauto","https:\/\/www.instagram.com\/carideal1\/","https:\/\/www.linkedin.com\/company\/carideal.com","https:\/\/fr.pinterest.com\/schiavonsas\/","https:\/\/www.youtube.com\/user\/caridealsas"]},{"@type":"Person","@id":"https:\/\/www.carideal.com\/blog\/#\/schema\/person\/985c7e757d1042d647f21bfaf8d41ebc","name":"N.S Carideal","image":{"@type":"ImageObject","inLanguage":"fr-FR","@id":"https:\/\/www.carideal.com\/blog\/#\/schema\/person\/image\/","url":"https:\/\/secure.gravatar.com\/avatar\/edb7ccdf1a4e3d14aef967760d354d0e?s=96&r=g","contentUrl":"https:\/\/secure.gravatar.com\/avatar\/edb7ccdf1a4e3d14aef967760d354d0e?s=96&r=g","caption":"N.S Carideal"},"description":"Depuis tout petit fan d'automobile. Il est question d'essayer et de comparer toutes ces voitures qui nous ont fait r\u00e9ver, avant que celles-ci ne devient uniquement des voitures de collection.","sameAs":["http:\/\/www.carideal.com\/blog","https:\/\/www.facebook.com\/Carideal.mandataire.automobile\/","https:\/\/www.linkedin.com\/in\/nschiavon\/","https:\/\/www.youtube.com\/user\/caridealsas\/"],"url":"https:\/\/www.carideal.com\/blog\/author\/admin_carideal\/"}]}},"uagb_featured_image_src":{"full":false,"thumbnail":false,"medium":false,"medium_large":false,"large":false,"1536x1536":false,"2048x2048":false,"wppr-widget":false},"uagb_author_info":{"display_name":"N.S Carideal","author_link":"https:\/\/www.carideal.com\/blog\/author\/admin_carideal\/"},"uagb_comment_info":0,"uagb_excerpt":"Restylage, nouveaux \u00e9quipement, vigoureux petit turbo essence. Et des tarifs inchang\u00e9s. La Sandero, plus que jamais, m\u00e9rite le d\u00e9tour. Reste une question: comment fait Dacia? Leur nouvelle face avant, d\u00e9sormais identique, le dit clairement: la sandero (4.06 m) est la version cinq portes de la Logan \u00e0 malle (4.35 m). Leur restylage commun produit moins\u2026","_links":{"self":[{"href":"https:\/\/www.carideal.com\/blog\/wp-json\/wp\/v2\/posts\/1257"}],"collection":[{"href":"https:\/\/www.carideal.com\/blog\/wp-json\/wp\/v2\/posts"}],"about":[{"href":"https:\/\/www.carideal.com\/blog\/wp-json\/wp\/v2\/types\/post"}],"author":[{"embeddable":true,"href":"https:\/\/www.carideal.com\/blog\/wp-json\/wp\/v2\/users\/1"}],"replies":[{"embeddable":true,"href":"https:\/\/www.carideal.com\/blog\/wp-json\/wp\/v2\/comments?post=1257"}],"version-history":[{"count":0,"href":"https:\/\/www.carideal.com\/blog\/wp-json\/wp\/v2\/posts\/1257\/revisions"}],"wp:attachment":[{"href":"https:\/\/www.carideal.com\/blog\/wp-json\/wp\/v2\/media?parent=1257"}],"wp:term":[{"taxonomy":"category","embeddable":true,"href":"https:\/\/www.carideal.com\/blog\/wp-json\/wp\/v2\/categories?post=1257"},{"taxonomy":"post_tag","embeddable":true,"href":"https:\/\/www.carideal.com\/blog\/wp-json\/wp\/v2\/tags?post=1257"}],"curies":[{"name":"wp","href":"https:\/\/api.w.org\/{rel}","templated":true}]}}