{"id":1255,"date":"2012-12-20T09:34:00","date_gmt":"2012-12-20T09:34:00","guid":{"rendered":"http:\/\/carideal.com\/blog\/?p=1255"},"modified":"2020-03-07T22:40:02","modified_gmt":"2020-03-07T21:40:02","slug":"breaks-de-chasse","status":"publish","type":"post","link":"https:\/\/www.carideal.com\/blog\/2012\/12\/20\/breaks-de-chasse\/","title":{"rendered":"Breaks de chasse"},"content":{"rendered":"<p><a href=\"\/blog\/index.php?tag\/BMW%20S%C3%A9rie%206%20Gran%20Touring\">BMW S\u00e9rie 6 Gran Touring<\/a>: Commercialisation au printemps 2014 avec 2 moteurs essence de 320 et 450 ch et un diesel de 313 ch. A partir de 83 000\u20ac.<\/p>\n<p><img decoding=\"async\" src=\"\/blog\/public\/.BMW-6-Gran-Touring-_m.jpg\" alt=\"BMW-6-Gran-Touring-.jpg\" title=\"BMW-6-Gran-Touring-.jpg, d\u00e9c. 2012\" \/><\/p>\n<p><a href=\"\/blog\/index.php?tag\/Audi%20A7%20Avant\">Audi A7 Avant<\/a>: Commercialisation fin 2013 avec 3 moteurs essence de 204 \u00e0 420 ch et 3 diesel de 204 \u00e0 313 ch. A partir de 59 000\u20ac.<\/p>\n<pre><img decoding=\"async\" src=\"\/blog\/public\/.Audi-A7-Avant_m.jpg\" alt=\"Farbe: Eissilber\" title=\"Farbe: Eissilber, d\u00e9c. 2012\" \/><\/pre>\n<p><a href=\"\/blog\/index.php?tag\/Porsche%20Panamera%20Sport%20Turismo\">Porsche Panamera Sport Turismo<\/a>: Hybride rechargeable de 416 ch et commercialis\u00e9e fin 2013. <img decoding=\"async\" src=\"\/blog\/public\/.Porsche-Panamera-Sport-Turismo_m.jpg\" alt=\"Porsche-Panamera-Sport-Turismo.jpg\" title=\"Porsche-Panamera-Sport-Turismo.jpg, d\u00e9c. 2012\" \/><\/p>\n<p><a href=\"\/blog\/index.php?tag\/Mercedes%20CLS%20Shooting%20Brake\">Mercedes CLS Shooting Brake<\/a>: Commercialis\u00e9e depuis octobre avec 3 moteurs essence de 306 et 525 ch et 1 moteur diesel de 204 ch. A partir de 64 300\u20ac.<\/p>\n<\/p>\n<p>Le march\u00e9 de la berline \"atypique\" qu'elle soit basse (on parle alors de coup\u00e9 \u00e0 quatre portes) ou qu'elle se caract\u00e9rise par un hayon \u00e0 double ouverture est d\u00e9j\u00e0 bien occup\u00e9. Les <a href=\"\/blog\/index.php?tag\/marques%20premium\">marques premium<\/a> y sont pr\u00e9sentes massivement. Mercedes CLS I en 2004, puis II en 2011, BMW S\u00e9rie 5 GT en 2009 puis S\u00e9rie 6 Gran Coup\u00e9 en 2012, Audi A7 Sportback en 2010 et Porsche Panamera en 2009 occupent la niche. Pour faire de la conqu\u00eate, il faut donc pousser l'exclusivit\u00e9 un cran plus haut. Le break chic tombe \u00e0 pic. L'histoire se r\u00e9p\u00e8te: Mercedes sort \u00e0 nouveau le premier avec sa version <a href=\"\/blog\/index.php?tag\/break%20de%20chasse\">break de chasse<\/a> de la CLS, nomm\u00e9e Shooting Brake. Porsche a affich\u00e9, au Mondial de Paris, ses souhaits avec son concept car Panamera Sport Turismo. Un d\u00e9clinaison qui jouera la m\u00eame partition du break \u00e9l\u00e9gant, mais avec un volume de coffre major\u00e9 qui profite aux batteries du syst\u00e8me hybride rechargeable. L'architecture m\u00e9canique est identique \u00e0 celle de la Panamera Hybrid lanc\u00e9e \u00e0 l'\u00e9t\u00e9 2011.M\u00eame moteur \u00e0 essence V6 de 333 ch, mais associ\u00e9 \u00e0 un \u00e9lectromoteur deux fois plus puissant (95 ch). L'autonomie en \u00e9lectrique est d\u00e9cupl\u00e9e (30 km) et les rejets de CO2 sont divis\u00e9s par deux ( 82 g\/km). Ce break Porsche pourrait investir les showrooms \u00e0 la fin 2013, apr\u00e8s le salon de Francfort. Mercedes et Porsche trouveront sur leur chemin la BMW S\u00e9rie 6 Gran Touring, qui reprendra le ch\u00e2ssis et les motorisations de la S\u00e9rie 6 Gran Coup\u00e9. Question volume de coffre, la BMW ne cherchera pas la comparaison avec la Mercedes. D\u00e9j\u00e0 en berline l'\u00e9cart est important: 460 litres pour la S\u00e9rie 6 Gran Coup\u00e9, 520 pour la CLS. Il sera difficile d'\u00e9galer la CLS Shooting Brake qui revendique de 590 \u00e0 1 550 litres. Mais la BMW revient \u00e0 \u00e9galit\u00e9 au chapitre des transmissions, r\u00e9pondant au syst\u00e8me 4MATIC de Mercedes par son xDrive. Pour Audi sp\u00e9cialiste du break \u00e9l\u00e9gant et sportif depuis la RS2, apparue il y a vingt ans, Audi montrera une fois de plus l'\u00e9tendue de son talent avec une A7 Avant au pavillon fuyant et dont le vitrage lat\u00e9ral reprendra la forme caract\u00e9ristique de l'A7 Sportback. Ce break \"ultime\" devrait investir les concessions de la marque au moment du restylage de l'A7. Avec sa soute plus g\u00e9n\u00e9reuse (d\u00e9j\u00e0 535 l en berline) que celle de ses rivales l'A7 Sportback conciliera beaut\u00e9 et fonctionnalit\u00e9.<\/p>\n","protected":false},"excerpt":{"rendered":"<p>BMW S\u00e9rie 6 Gran Touring: Commercialisation au printemps 2014 avec 2 moteurs essence de 320 et 450 ch et un diesel de 313 ch. A partir de 83 000\u20ac. Audi A7 Avant: Commercialisation fin 2013 avec 3 moteurs essence de 204 \u00e0 420 ch et 3 diesel de 204 \u00e0 313 ch. A partir de &#8230; <a title=\"Breaks de chasse\" class=\"read-more\" href=\"https:\/\/www.carideal.com\/blog\/2012\/12\/20\/breaks-de-chasse\/\" aria-label=\"En savoir plus sur Breaks de chasse\">Lire plus<\/a><\/p>\n","protected":false},"author":1,"featured_media":0,"comment_status":"open","ping_status":"open","sticky":false,"template":"","format":"standard","meta":{"_uag_custom_page_level_css":"","_themeisle_gutenberg_block_has_review":false,"footnotes":""},"categories":[10],"tags":[3328],"class_list":["post-1255","post","type-post","status-publish","format-standard","hentry","category-marche-automobile-voiture-neuve-occasion-4x4-suv","tag-marques-premium"],"wppr_data":[],"yoast_head":"<!-- This site is optimized with the Yoast SEO plugin v24.8.1 - https:\/\/yoast.com\/wordpress\/plugins\/seo\/ -->\n<title>Breaks de chasse - Blog auto Carid\u00e9al<\/title>\n<meta name=\"robots\" content=\"index, follow, max-snippet:-1, max-image-preview:large, max-video-preview:-1\" \/>\n<link rel=\"canonical\" href=\"https:\/\/www.carideal.com\/blog\/2012\/12\/20\/breaks-de-chasse\/\" \/>\n<meta property=\"og:locale\" content=\"fr_FR\" \/>\n<meta property=\"og:type\" content=\"article\" \/>\n<meta property=\"og:title\" content=\"Breaks de chasse - Blog auto Carid\u00e9al\" \/>\n<meta property=\"og:description\" content=\"BMW S\u00e9rie 6 Gran Touring: Commercialisation au printemps 2014 avec 2 moteurs essence de 320 et 450 ch et un diesel de 313 ch. A partir de 83 000\u20ac. Audi A7 Avant: Commercialisation fin 2013 avec 3 moteurs essence de 204 \u00e0 420 ch et 3 diesel de 204 \u00e0 313 ch. A partir de ... Lire plus\" \/>\n<meta property=\"og:url\" content=\"https:\/\/www.carideal.com\/blog\/2012\/12\/20\/breaks-de-chasse\/\" \/>\n<meta property=\"og:site_name\" content=\"Blog auto Carid\u00e9al\" \/>\n<meta property=\"article:publisher\" content=\"https:\/\/www.facebook.com\/Carideal.mandataire.automobile\" \/>\n<meta property=\"article:author\" content=\"https:\/\/www.facebook.com\/Carideal.mandataire.automobile\/\" \/>\n<meta property=\"article:published_time\" content=\"2012-12-20T09:34:00+00:00\" \/>\n<meta property=\"article:modified_time\" content=\"2020-03-07T21:40:02+00:00\" \/>\n<meta property=\"og:image\" content=\"https:\/\/www.carideal.com\/blog\/wp-content\/uploads\/2016\/03\/logo-carideal-mandataire-automobile.png\" \/>\n\t<meta property=\"og:image:width\" content=\"300\" \/>\n\t<meta property=\"og:image:height\" content=\"300\" \/>\n\t<meta property=\"og:image:type\" content=\"image\/png\" \/>\n<meta name=\"author\" content=\"N.S Carideal\" \/>\n<meta name=\"twitter:card\" content=\"summary_large_image\" \/>\n<meta name=\"twitter:creator\" content=\"@caridealauto\" \/>\n<meta name=\"twitter:site\" content=\"@caridealauto\" \/>\n<meta name=\"twitter:label1\" content=\"\u00c9crit par\" \/>\n\t<meta name=\"twitter:data1\" content=\"N.S Carideal\" \/>\n\t<meta name=\"twitter:label2\" content=\"Dur\u00e9e de lecture estim\u00e9e\" \/>\n\t<meta name=\"twitter:data2\" content=\"2 minutes\" \/>\n<script type=\"application\/ld+json\" class=\"yoast-schema-graph\">{\"@context\":\"https:\/\/schema.org\",\"@graph\":[{\"@type\":\"Article\",\"@id\":\"https:\/\/www.carideal.com\/blog\/2012\/12\/20\/breaks-de-chasse\/#article\",\"isPartOf\":{\"@id\":\"https:\/\/www.carideal.com\/blog\/2012\/12\/20\/breaks-de-chasse\/\"},\"author\":{\"name\":\"N.S Carideal\",\"@id\":\"https:\/\/www.carideal.com\/blog\/#\/schema\/person\/985c7e757d1042d647f21bfaf8d41ebc\"},\"headline\":\"Breaks de chasse\",\"datePublished\":\"2012-12-20T09:34:00+00:00\",\"dateModified\":\"2020-03-07T21:40:02+00:00\",\"mainEntityOfPage\":{\"@id\":\"https:\/\/www.carideal.com\/blog\/2012\/12\/20\/breaks-de-chasse\/\"},\"wordCount\":479,\"commentCount\":0,\"publisher\":{\"@id\":\"https:\/\/www.carideal.com\/blog\/#organization\"},\"keywords\":[\"Marques Premium\"],\"articleSection\":[\"March\u00e9 automobile\"],\"inLanguage\":\"fr-FR\",\"potentialAction\":[{\"@type\":\"CommentAction\",\"name\":\"Comment\",\"target\":[\"https:\/\/www.carideal.com\/blog\/2012\/12\/20\/breaks-de-chasse\/#respond\"]}]},{\"@type\":\"WebPage\",\"@id\":\"https:\/\/www.carideal.com\/blog\/2012\/12\/20\/breaks-de-chasse\/\",\"url\":\"https:\/\/www.carideal.com\/blog\/2012\/12\/20\/breaks-de-chasse\/\",\"name\":\"Breaks de chasse - Blog auto Carid\u00e9al\",\"isPartOf\":{\"@id\":\"https:\/\/www.carideal.com\/blog\/#website\"},\"datePublished\":\"2012-12-20T09:34:00+00:00\",\"dateModified\":\"2020-03-07T21:40:02+00:00\",\"breadcrumb\":{\"@id\":\"https:\/\/www.carideal.com\/blog\/2012\/12\/20\/breaks-de-chasse\/#breadcrumb\"},\"inLanguage\":\"fr-FR\",\"potentialAction\":[{\"@type\":\"ReadAction\",\"target\":[\"https:\/\/www.carideal.com\/blog\/2012\/12\/20\/breaks-de-chasse\/\"]}]},{\"@type\":\"BreadcrumbList\",\"@id\":\"https:\/\/www.carideal.com\/blog\/2012\/12\/20\/breaks-de-chasse\/#breadcrumb\",\"itemListElement\":[{\"@type\":\"ListItem\",\"position\":1,\"name\":\"Blog Carid\u00e9al\",\"item\":\"https:\/\/www.carideal.com\/blog\/\"},{\"@type\":\"ListItem\",\"position\":2,\"name\":\"March\u00e9 automobile\",\"item\":\"https:\/\/www.carideal.com\/blog\/marche-automobile-voiture-neuve-occasion-4x4-suv\/\"},{\"@type\":\"ListItem\",\"position\":3,\"name\":\"Breaks de chasse\"}]},{\"@type\":\"WebSite\",\"@id\":\"https:\/\/www.carideal.com\/blog\/#website\",\"url\":\"https:\/\/www.carideal.com\/blog\/\",\"name\":\"Blog auto Carid\u00e9al\",\"description\":\"Actualit\u00e9 auto par des passionn\u00e9s\",\"publisher\":{\"@id\":\"https:\/\/www.carideal.com\/blog\/#organization\"},\"potentialAction\":[{\"@type\":\"SearchAction\",\"target\":{\"@type\":\"EntryPoint\",\"urlTemplate\":\"https:\/\/www.carideal.com\/blog\/?s={search_term_string}\"},\"query-input\":{\"@type\":\"PropertyValueSpecification\",\"valueRequired\":true,\"valueName\":\"search_term_string\"}}],\"inLanguage\":\"fr-FR\"},{\"@type\":\"Organization\",\"@id\":\"https:\/\/www.carideal.com\/blog\/#organization\",\"name\":\"Carideal\",\"url\":\"https:\/\/www.carideal.com\/blog\/\",\"logo\":{\"@type\":\"ImageObject\",\"inLanguage\":\"fr-FR\",\"@id\":\"https:\/\/www.carideal.com\/blog\/#\/schema\/logo\/image\/\",\"url\":\"http:\/\/www.carideal.com\/blog\/wp-content\/uploads\/2016\/03\/logo-carideal-mandataire-automobile.png\",\"contentUrl\":\"http:\/\/www.carideal.com\/blog\/wp-content\/uploads\/2016\/03\/logo-carideal-mandataire-automobile.png\",\"width\":300,\"height\":300,\"caption\":\"Carideal\"},\"image\":{\"@id\":\"https:\/\/www.carideal.com\/blog\/#\/schema\/logo\/image\/\"},\"sameAs\":[\"https:\/\/www.facebook.com\/Carideal.mandataire.automobile\",\"https:\/\/x.com\/caridealauto\",\"https:\/\/www.instagram.com\/carideal1\/\",\"https:\/\/www.linkedin.com\/company\/carideal.com\",\"https:\/\/fr.pinterest.com\/schiavonsas\/\",\"https:\/\/www.youtube.com\/user\/caridealsas\"]},{\"@type\":\"Person\",\"@id\":\"https:\/\/www.carideal.com\/blog\/#\/schema\/person\/985c7e757d1042d647f21bfaf8d41ebc\",\"name\":\"N.S Carideal\",\"image\":{\"@type\":\"ImageObject\",\"inLanguage\":\"fr-FR\",\"@id\":\"https:\/\/www.carideal.com\/blog\/#\/schema\/person\/image\/\",\"url\":\"https:\/\/secure.gravatar.com\/avatar\/edb7ccdf1a4e3d14aef967760d354d0e?s=96&r=g\",\"contentUrl\":\"https:\/\/secure.gravatar.com\/avatar\/edb7ccdf1a4e3d14aef967760d354d0e?s=96&r=g\",\"caption\":\"N.S Carideal\"},\"description\":\"Depuis tout petit fan d'automobile. Il est question d'essayer et de comparer toutes ces voitures qui nous ont fait r\u00e9ver, avant que celles-ci ne devient uniquement des voitures de collection.\",\"sameAs\":[\"http:\/\/www.carideal.com\/blog\",\"https:\/\/www.facebook.com\/Carideal.mandataire.automobile\/\",\"https:\/\/www.linkedin.com\/in\/nschiavon\/\",\"https:\/\/www.youtube.com\/user\/caridealsas\/\"],\"url\":\"https:\/\/www.carideal.com\/blog\/author\/admin_carideal\/\"}]}<\/script>\n<!-- \/ Yoast SEO plugin. -->","yoast_head_json":{"title":"Breaks de chasse - Blog auto Carid\u00e9al","robots":{"index":"index","follow":"follow","max-snippet":"max-snippet:-1","max-image-preview":"max-image-preview:large","max-video-preview":"max-video-preview:-1"},"canonical":"https:\/\/www.carideal.com\/blog\/2012\/12\/20\/breaks-de-chasse\/","og_locale":"fr_FR","og_type":"article","og_title":"Breaks de chasse - Blog auto Carid\u00e9al","og_description":"BMW S\u00e9rie 6 Gran Touring: Commercialisation au printemps 2014 avec 2 moteurs essence de 320 et 450 ch et un diesel de 313 ch. A partir de 83 000\u20ac. Audi A7 Avant: Commercialisation fin 2013 avec 3 moteurs essence de 204 \u00e0 420 ch et 3 diesel de 204 \u00e0 313 ch. A partir de ... Lire plus","og_url":"https:\/\/www.carideal.com\/blog\/2012\/12\/20\/breaks-de-chasse\/","og_site_name":"Blog auto Carid\u00e9al","article_publisher":"https:\/\/www.facebook.com\/Carideal.mandataire.automobile","article_author":"https:\/\/www.facebook.com\/Carideal.mandataire.automobile\/","article_published_time":"2012-12-20T09:34:00+00:00","article_modified_time":"2020-03-07T21:40:02+00:00","og_image":[{"width":300,"height":300,"url":"https:\/\/www.carideal.com\/blog\/wp-content\/uploads\/2016\/03\/logo-carideal-mandataire-automobile.png","type":"image\/png"}],"author":"N.S Carideal","twitter_card":"summary_large_image","twitter_creator":"@caridealauto","twitter_site":"@caridealauto","twitter_misc":{"\u00c9crit par":"N.S Carideal","Dur\u00e9e de lecture estim\u00e9e":"2 minutes"},"schema":{"@context":"https:\/\/schema.org","@graph":[{"@type":"Article","@id":"https:\/\/www.carideal.com\/blog\/2012\/12\/20\/breaks-de-chasse\/#article","isPartOf":{"@id":"https:\/\/www.carideal.com\/blog\/2012\/12\/20\/breaks-de-chasse\/"},"author":{"name":"N.S Carideal","@id":"https:\/\/www.carideal.com\/blog\/#\/schema\/person\/985c7e757d1042d647f21bfaf8d41ebc"},"headline":"Breaks de chasse","datePublished":"2012-12-20T09:34:00+00:00","dateModified":"2020-03-07T21:40:02+00:00","mainEntityOfPage":{"@id":"https:\/\/www.carideal.com\/blog\/2012\/12\/20\/breaks-de-chasse\/"},"wordCount":479,"commentCount":0,"publisher":{"@id":"https:\/\/www.carideal.com\/blog\/#organization"},"keywords":["Marques Premium"],"articleSection":["March\u00e9 automobile"],"inLanguage":"fr-FR","potentialAction":[{"@type":"CommentAction","name":"Comment","target":["https:\/\/www.carideal.com\/blog\/2012\/12\/20\/breaks-de-chasse\/#respond"]}]},{"@type":"WebPage","@id":"https:\/\/www.carideal.com\/blog\/2012\/12\/20\/breaks-de-chasse\/","url":"https:\/\/www.carideal.com\/blog\/2012\/12\/20\/breaks-de-chasse\/","name":"Breaks de chasse - Blog auto Carid\u00e9al","isPartOf":{"@id":"https:\/\/www.carideal.com\/blog\/#website"},"datePublished":"2012-12-20T09:34:00+00:00","dateModified":"2020-03-07T21:40:02+00:00","breadcrumb":{"@id":"https:\/\/www.carideal.com\/blog\/2012\/12\/20\/breaks-de-chasse\/#breadcrumb"},"inLanguage":"fr-FR","potentialAction":[{"@type":"ReadAction","target":["https:\/\/www.carideal.com\/blog\/2012\/12\/20\/breaks-de-chasse\/"]}]},{"@type":"BreadcrumbList","@id":"https:\/\/www.carideal.com\/blog\/2012\/12\/20\/breaks-de-chasse\/#breadcrumb","itemListElement":[{"@type":"ListItem","position":1,"name":"Blog Carid\u00e9al","item":"https:\/\/www.carideal.com\/blog\/"},{"@type":"ListItem","position":2,"name":"March\u00e9 automobile","item":"https:\/\/www.carideal.com\/blog\/marche-automobile-voiture-neuve-occasion-4x4-suv\/"},{"@type":"ListItem","position":3,"name":"Breaks de chasse"}]},{"@type":"WebSite","@id":"https:\/\/www.carideal.com\/blog\/#website","url":"https:\/\/www.carideal.com\/blog\/","name":"Blog auto Carid\u00e9al","description":"Actualit\u00e9 auto par des passionn\u00e9s","publisher":{"@id":"https:\/\/www.carideal.com\/blog\/#organization"},"potentialAction":[{"@type":"SearchAction","target":{"@type":"EntryPoint","urlTemplate":"https:\/\/www.carideal.com\/blog\/?s={search_term_string}"},"query-input":{"@type":"PropertyValueSpecification","valueRequired":true,"valueName":"search_term_string"}}],"inLanguage":"fr-FR"},{"@type":"Organization","@id":"https:\/\/www.carideal.com\/blog\/#organization","name":"Carideal","url":"https:\/\/www.carideal.com\/blog\/","logo":{"@type":"ImageObject","inLanguage":"fr-FR","@id":"https:\/\/www.carideal.com\/blog\/#\/schema\/logo\/image\/","url":"http:\/\/www.carideal.com\/blog\/wp-content\/uploads\/2016\/03\/logo-carideal-mandataire-automobile.png","contentUrl":"http:\/\/www.carideal.com\/blog\/wp-content\/uploads\/2016\/03\/logo-carideal-mandataire-automobile.png","width":300,"height":300,"caption":"Carideal"},"image":{"@id":"https:\/\/www.carideal.com\/blog\/#\/schema\/logo\/image\/"},"sameAs":["https:\/\/www.facebook.com\/Carideal.mandataire.automobile","https:\/\/x.com\/caridealauto","https:\/\/www.instagram.com\/carideal1\/","https:\/\/www.linkedin.com\/company\/carideal.com","https:\/\/fr.pinterest.com\/schiavonsas\/","https:\/\/www.youtube.com\/user\/caridealsas"]},{"@type":"Person","@id":"https:\/\/www.carideal.com\/blog\/#\/schema\/person\/985c7e757d1042d647f21bfaf8d41ebc","name":"N.S Carideal","image":{"@type":"ImageObject","inLanguage":"fr-FR","@id":"https:\/\/www.carideal.com\/blog\/#\/schema\/person\/image\/","url":"https:\/\/secure.gravatar.com\/avatar\/edb7ccdf1a4e3d14aef967760d354d0e?s=96&r=g","contentUrl":"https:\/\/secure.gravatar.com\/avatar\/edb7ccdf1a4e3d14aef967760d354d0e?s=96&r=g","caption":"N.S Carideal"},"description":"Depuis tout petit fan d'automobile. Il est question d'essayer et de comparer toutes ces voitures qui nous ont fait r\u00e9ver, avant que celles-ci ne devient uniquement des voitures de collection.","sameAs":["http:\/\/www.carideal.com\/blog","https:\/\/www.facebook.com\/Carideal.mandataire.automobile\/","https:\/\/www.linkedin.com\/in\/nschiavon\/","https:\/\/www.youtube.com\/user\/caridealsas\/"],"url":"https:\/\/www.carideal.com\/blog\/author\/admin_carideal\/"}]}},"uagb_featured_image_src":{"full":false,"thumbnail":false,"medium":false,"medium_large":false,"large":false,"1536x1536":false,"2048x2048":false,"wppr-widget":false},"uagb_author_info":{"display_name":"N.S Carideal","author_link":"https:\/\/www.carideal.com\/blog\/author\/admin_carideal\/"},"uagb_comment_info":0,"uagb_excerpt":"BMW S\u00e9rie 6 Gran Touring: Commercialisation au printemps 2014 avec 2 moteurs essence de 320 et 450 ch et un diesel de 313 ch. A partir de 83 000\u20ac. Audi A7 Avant: Commercialisation fin 2013 avec 3 moteurs essence de 204 \u00e0 420 ch et 3 diesel de 204 \u00e0 313 ch. A partir de\u2026","_links":{"self":[{"href":"https:\/\/www.carideal.com\/blog\/wp-json\/wp\/v2\/posts\/1255"}],"collection":[{"href":"https:\/\/www.carideal.com\/blog\/wp-json\/wp\/v2\/posts"}],"about":[{"href":"https:\/\/www.carideal.com\/blog\/wp-json\/wp\/v2\/types\/post"}],"author":[{"embeddable":true,"href":"https:\/\/www.carideal.com\/blog\/wp-json\/wp\/v2\/users\/1"}],"replies":[{"embeddable":true,"href":"https:\/\/www.carideal.com\/blog\/wp-json\/wp\/v2\/comments?post=1255"}],"version-history":[{"count":0,"href":"https:\/\/www.carideal.com\/blog\/wp-json\/wp\/v2\/posts\/1255\/revisions"}],"wp:attachment":[{"href":"https:\/\/www.carideal.com\/blog\/wp-json\/wp\/v2\/media?parent=1255"}],"wp:term":[{"taxonomy":"category","embeddable":true,"href":"https:\/\/www.carideal.com\/blog\/wp-json\/wp\/v2\/categories?post=1255"},{"taxonomy":"post_tag","embeddable":true,"href":"https:\/\/www.carideal.com\/blog\/wp-json\/wp\/v2\/tags?post=1255"}],"curies":[{"name":"wp","href":"https:\/\/api.w.org\/{rel}","templated":true}]}}