{"id":1253,"date":"2012-12-17T09:05:00","date_gmt":"2012-12-17T09:05:00","guid":{"rendered":"http:\/\/carideal.com\/blog\/?p=1253"},"modified":"2012-12-17T09:05:00","modified_gmt":"2012-12-17T09:05:00","slug":"le-malus-retourne-au-senat","status":"publish","type":"post","link":"https:\/\/www.carideal.com\/blog\/2012\/12\/17\/le-malus-retourne-au-senat\/","title":{"rendered":"Le malus retourne au S\u00e9nat"},"content":{"rendered":"<p><img decoding=\"async\" src=\"\/blog\/public\/.bonus-malus_2013_m.jpg\" alt=\"bonus-malus_2013.jpg\" title=\"bonus-malus_2013.jpg, d\u00e9c. 2012\" \/><\/p>\n<p><a href=\"\/blog\/index.php?tag\/Les%20d%C3%A9put%C3%A9s\">Les d\u00e9put\u00e9s<\/a> viennent de sugg\u00e9rer au <a href=\"\/blog\/index.php?tag\/S%C3%A9nat\">S\u00e9nat<\/a> leur version du malus plus strict . Il devra s'exprimer dans les jours qui viennent. Pendant ce temps, <a href=\"\/blog\/index.php?tag\/le%20gouvernement\">le gouvernement<\/a> s'engage d'indemniser les distributeurs des avances faites au titre du bonus. La loi de finance 2013 ainsi que la proposition de durcissement du <a href=\"\/blog\/index.php?tag\/malus%20automobile\">malus automobile<\/a> d\u00e8s le 1er janvier 2013 viennent \u00e0 nouveau d'\u00eatre accept\u00e9es par l'Assembl\u00e9e nationale.On se souvient que le s\u00e9nat s'\u00e9tait oppos\u00e9 au projet de loi \u00e0 la fin du mois de novembre imposant ainsi le texte \u00e0 retourner case d\u00e9part c'est-\u00e0-dire \u00e0<a href=\"\/blog\/index.php?tag\/l%20Assembl%C3%A9e%20nationale\"> l'Assembl\u00e9e nationale<\/a>. Une nouvelle fois, les d\u00e9put\u00e9s ont assur\u00e9 leur volont\u00e9 de durcir fortement la taxe. Ainsi<a href=\"\/blog\/index.php?tag\/l%20article%2012%20du%20projet%20de%20loi%20de%20finances\"> l'article 12 du projet de loi de finances<\/a> pr\u00e9voit d'abaisser de cinq grammes de CO2 l'ensemble des tranches du bar\u00e8me du malus pour l'adapter aux \u00e9volutions des v\u00e9hicules mis sur le march\u00e9 et augmente ses tarifs pour renforcer sa progressivit\u00e9. <a href=\"\/blog\/index.php?tag\/La%20commission%20des%20finances\">La commission des finances<\/a> avait sugg\u00e9r\u00e9 de maintenir la bar\u00e8me existant pour les premi\u00e8res tranches, mais l'Assembl\u00e9e nationale, conform\u00e9ment \u00e0 la position du Gouvernement, n'a pas d\u00e9sir\u00e9 modifier cet article. Le texte devra une nouvelle fois passer devant <a href=\"\/blog\/index.php?tag\/les%20s%C3%A9nateurs\">les s\u00e9nateurs<\/a> avant de revenir sur les bancs de l'Assembl\u00e9e nationale, qui aura le dernier mot. Par ailleurs, le gouvernement vient de d\u00e9clarer \u00e9galement que les montants des bonus avanc\u00e9es par <a href=\"\/blog\/index.php?tag\/les%20distributeurs\">les distributeurs<\/a> leur seront revers\u00e9s avant le 20 d\u00e9cembre.<\/p>\n<p>Tarif du malus d\u00e8s 2013:<\/p>\n<p>de 135 \u00e0 140 g :100\u20ac de 141 \u00e0 145 g&nbsp;: 300\u20ac de 146 \u00e0 150 g&nbsp;: 400 \u20ac de 151 \u00e0 155 g&nbsp;: 1 000\u20ac de 156 \u00e0 175 g&nbsp;: 1 500 \u20ac de 176 \u00e0 180 g&nbsp;: 2 000 \u20ac de 181 \u00e0 185 g&nbsp;: 2 600 \u20ac de 186 \u00e0 190 g&nbsp;: 3 000 \u20ac de 191 \u00e0 200 g&nbsp;: 5 000 \u20ac plus de 200 g&nbsp;: 6 000\u20ac<\/p>\n","protected":false},"excerpt":{"rendered":"<p>Les d\u00e9put\u00e9s viennent de sugg\u00e9rer au S\u00e9nat leur version du malus plus strict . Il devra s&rsquo;exprimer dans les jours qui viennent. Pendant ce temps, le gouvernement s&rsquo;engage d&rsquo;indemniser les distributeurs des avances faites au titre du bonus. La loi de finance 2013 ainsi que la proposition de durcissement du malus automobile d\u00e8s le 1er &#8230; <a title=\"Le malus retourne au S\u00e9nat\" class=\"read-more\" href=\"https:\/\/www.carideal.com\/blog\/2012\/12\/17\/le-malus-retourne-au-senat\/\" aria-label=\"En savoir plus sur Le malus retourne au S\u00e9nat\">Lire plus<\/a><\/p>\n","protected":false},"author":1,"featured_media":0,"comment_status":"open","ping_status":"open","sticky":false,"template":"","format":"standard","meta":{"_uag_custom_page_level_css":"","_themeisle_gutenberg_block_has_review":false,"footnotes":""},"categories":[10],"tags":[],"class_list":["post-1253","post","type-post","status-publish","format-standard","hentry","category-marche-automobile-voiture-neuve-occasion-4x4-suv"],"wppr_data":[],"yoast_head":"<!-- This site is optimized with the Yoast SEO plugin v24.8.1 - https:\/\/yoast.com\/wordpress\/plugins\/seo\/ -->\n<title>Le malus retourne au S\u00e9nat - Blog auto Carid\u00e9al<\/title>\n<meta name=\"robots\" content=\"index, follow, max-snippet:-1, max-image-preview:large, max-video-preview:-1\" \/>\n<link rel=\"canonical\" href=\"https:\/\/www.carideal.com\/blog\/2012\/12\/17\/le-malus-retourne-au-senat\/\" \/>\n<meta property=\"og:locale\" content=\"fr_FR\" \/>\n<meta property=\"og:type\" content=\"article\" \/>\n<meta property=\"og:title\" content=\"Le malus retourne au S\u00e9nat - Blog auto Carid\u00e9al\" \/>\n<meta property=\"og:description\" content=\"Les d\u00e9put\u00e9s viennent de sugg\u00e9rer au S\u00e9nat leur version du malus plus strict . Il devra s&#039;exprimer dans les jours qui viennent. Pendant ce temps, le gouvernement s&#039;engage d&#039;indemniser les distributeurs des avances faites au titre du bonus. La loi de finance 2013 ainsi que la proposition de durcissement du malus automobile d\u00e8s le 1er ... Lire plus\" \/>\n<meta property=\"og:url\" content=\"https:\/\/www.carideal.com\/blog\/2012\/12\/17\/le-malus-retourne-au-senat\/\" \/>\n<meta property=\"og:site_name\" content=\"Blog auto Carid\u00e9al\" \/>\n<meta property=\"article:publisher\" content=\"https:\/\/www.facebook.com\/Carideal.mandataire.automobile\" \/>\n<meta property=\"article:author\" content=\"https:\/\/www.facebook.com\/Carideal.mandataire.automobile\/\" \/>\n<meta property=\"article:published_time\" content=\"2012-12-17T09:05:00+00:00\" \/>\n<meta property=\"og:image\" content=\"https:\/\/www.carideal.com\/blog\/wp-content\/uploads\/2016\/03\/logo-carideal-mandataire-automobile.png\" \/>\n\t<meta property=\"og:image:width\" content=\"300\" \/>\n\t<meta property=\"og:image:height\" content=\"300\" \/>\n\t<meta property=\"og:image:type\" content=\"image\/png\" \/>\n<meta name=\"author\" content=\"N.S Carideal\" \/>\n<meta name=\"twitter:card\" content=\"summary_large_image\" \/>\n<meta name=\"twitter:creator\" content=\"@caridealauto\" \/>\n<meta name=\"twitter:site\" content=\"@caridealauto\" \/>\n<meta name=\"twitter:label1\" content=\"\u00c9crit par\" \/>\n\t<meta name=\"twitter:data1\" content=\"N.S Carideal\" \/>\n\t<meta name=\"twitter:label2\" content=\"Dur\u00e9e de lecture estim\u00e9e\" \/>\n\t<meta name=\"twitter:data2\" content=\"1 minute\" \/>\n<script type=\"application\/ld+json\" class=\"yoast-schema-graph\">{\"@context\":\"https:\/\/schema.org\",\"@graph\":[{\"@type\":\"Article\",\"@id\":\"https:\/\/www.carideal.com\/blog\/2012\/12\/17\/le-malus-retourne-au-senat\/#article\",\"isPartOf\":{\"@id\":\"https:\/\/www.carideal.com\/blog\/2012\/12\/17\/le-malus-retourne-au-senat\/\"},\"author\":{\"name\":\"N.S Carideal\",\"@id\":\"https:\/\/www.carideal.com\/blog\/#\/schema\/person\/985c7e757d1042d647f21bfaf8d41ebc\"},\"headline\":\"Le malus retourne au S\u00e9nat\",\"datePublished\":\"2012-12-17T09:05:00+00:00\",\"mainEntityOfPage\":{\"@id\":\"https:\/\/www.carideal.com\/blog\/2012\/12\/17\/le-malus-retourne-au-senat\/\"},\"wordCount\":290,\"commentCount\":0,\"publisher\":{\"@id\":\"https:\/\/www.carideal.com\/blog\/#organization\"},\"articleSection\":[\"March\u00e9 automobile\"],\"inLanguage\":\"fr-FR\",\"potentialAction\":[{\"@type\":\"CommentAction\",\"name\":\"Comment\",\"target\":[\"https:\/\/www.carideal.com\/blog\/2012\/12\/17\/le-malus-retourne-au-senat\/#respond\"]}]},{\"@type\":\"WebPage\",\"@id\":\"https:\/\/www.carideal.com\/blog\/2012\/12\/17\/le-malus-retourne-au-senat\/\",\"url\":\"https:\/\/www.carideal.com\/blog\/2012\/12\/17\/le-malus-retourne-au-senat\/\",\"name\":\"Le malus retourne au S\u00e9nat - Blog auto Carid\u00e9al\",\"isPartOf\":{\"@id\":\"https:\/\/www.carideal.com\/blog\/#website\"},\"datePublished\":\"2012-12-17T09:05:00+00:00\",\"breadcrumb\":{\"@id\":\"https:\/\/www.carideal.com\/blog\/2012\/12\/17\/le-malus-retourne-au-senat\/#breadcrumb\"},\"inLanguage\":\"fr-FR\",\"potentialAction\":[{\"@type\":\"ReadAction\",\"target\":[\"https:\/\/www.carideal.com\/blog\/2012\/12\/17\/le-malus-retourne-au-senat\/\"]}]},{\"@type\":\"BreadcrumbList\",\"@id\":\"https:\/\/www.carideal.com\/blog\/2012\/12\/17\/le-malus-retourne-au-senat\/#breadcrumb\",\"itemListElement\":[{\"@type\":\"ListItem\",\"position\":1,\"name\":\"Blog Carid\u00e9al\",\"item\":\"https:\/\/www.carideal.com\/blog\/\"},{\"@type\":\"ListItem\",\"position\":2,\"name\":\"March\u00e9 automobile\",\"item\":\"https:\/\/www.carideal.com\/blog\/marche-automobile-voiture-neuve-occasion-4x4-suv\/\"},{\"@type\":\"ListItem\",\"position\":3,\"name\":\"Le malus retourne au S\u00e9nat\"}]},{\"@type\":\"WebSite\",\"@id\":\"https:\/\/www.carideal.com\/blog\/#website\",\"url\":\"https:\/\/www.carideal.com\/blog\/\",\"name\":\"Blog auto Carid\u00e9al\",\"description\":\"Actualit\u00e9 auto par des passionn\u00e9s\",\"publisher\":{\"@id\":\"https:\/\/www.carideal.com\/blog\/#organization\"},\"potentialAction\":[{\"@type\":\"SearchAction\",\"target\":{\"@type\":\"EntryPoint\",\"urlTemplate\":\"https:\/\/www.carideal.com\/blog\/?s={search_term_string}\"},\"query-input\":{\"@type\":\"PropertyValueSpecification\",\"valueRequired\":true,\"valueName\":\"search_term_string\"}}],\"inLanguage\":\"fr-FR\"},{\"@type\":\"Organization\",\"@id\":\"https:\/\/www.carideal.com\/blog\/#organization\",\"name\":\"Carideal\",\"url\":\"https:\/\/www.carideal.com\/blog\/\",\"logo\":{\"@type\":\"ImageObject\",\"inLanguage\":\"fr-FR\",\"@id\":\"https:\/\/www.carideal.com\/blog\/#\/schema\/logo\/image\/\",\"url\":\"http:\/\/www.carideal.com\/blog\/wp-content\/uploads\/2016\/03\/logo-carideal-mandataire-automobile.png\",\"contentUrl\":\"http:\/\/www.carideal.com\/blog\/wp-content\/uploads\/2016\/03\/logo-carideal-mandataire-automobile.png\",\"width\":300,\"height\":300,\"caption\":\"Carideal\"},\"image\":{\"@id\":\"https:\/\/www.carideal.com\/blog\/#\/schema\/logo\/image\/\"},\"sameAs\":[\"https:\/\/www.facebook.com\/Carideal.mandataire.automobile\",\"https:\/\/x.com\/caridealauto\",\"https:\/\/www.instagram.com\/carideal1\/\",\"https:\/\/www.linkedin.com\/company\/carideal.com\",\"https:\/\/fr.pinterest.com\/schiavonsas\/\",\"https:\/\/www.youtube.com\/user\/caridealsas\"]},{\"@type\":\"Person\",\"@id\":\"https:\/\/www.carideal.com\/blog\/#\/schema\/person\/985c7e757d1042d647f21bfaf8d41ebc\",\"name\":\"N.S Carideal\",\"image\":{\"@type\":\"ImageObject\",\"inLanguage\":\"fr-FR\",\"@id\":\"https:\/\/www.carideal.com\/blog\/#\/schema\/person\/image\/\",\"url\":\"https:\/\/secure.gravatar.com\/avatar\/edb7ccdf1a4e3d14aef967760d354d0e?s=96&r=g\",\"contentUrl\":\"https:\/\/secure.gravatar.com\/avatar\/edb7ccdf1a4e3d14aef967760d354d0e?s=96&r=g\",\"caption\":\"N.S Carideal\"},\"description\":\"Depuis tout petit fan d'automobile. Il est question d'essayer et de comparer toutes ces voitures qui nous ont fait r\u00e9ver, avant que celles-ci ne devient uniquement des voitures de collection.\",\"sameAs\":[\"http:\/\/www.carideal.com\/blog\",\"https:\/\/www.facebook.com\/Carideal.mandataire.automobile\/\",\"https:\/\/www.linkedin.com\/in\/nschiavon\/\",\"https:\/\/www.youtube.com\/user\/caridealsas\/\"],\"url\":\"https:\/\/www.carideal.com\/blog\/author\/admin_carideal\/\"}]}<\/script>\n<!-- \/ Yoast SEO plugin. -->","yoast_head_json":{"title":"Le malus retourne au S\u00e9nat - Blog auto Carid\u00e9al","robots":{"index":"index","follow":"follow","max-snippet":"max-snippet:-1","max-image-preview":"max-image-preview:large","max-video-preview":"max-video-preview:-1"},"canonical":"https:\/\/www.carideal.com\/blog\/2012\/12\/17\/le-malus-retourne-au-senat\/","og_locale":"fr_FR","og_type":"article","og_title":"Le malus retourne au S\u00e9nat - Blog auto Carid\u00e9al","og_description":"Les d\u00e9put\u00e9s viennent de sugg\u00e9rer au S\u00e9nat leur version du malus plus strict . Il devra s'exprimer dans les jours qui viennent. Pendant ce temps, le gouvernement s'engage d'indemniser les distributeurs des avances faites au titre du bonus. La loi de finance 2013 ainsi que la proposition de durcissement du malus automobile d\u00e8s le 1er ... Lire plus","og_url":"https:\/\/www.carideal.com\/blog\/2012\/12\/17\/le-malus-retourne-au-senat\/","og_site_name":"Blog auto Carid\u00e9al","article_publisher":"https:\/\/www.facebook.com\/Carideal.mandataire.automobile","article_author":"https:\/\/www.facebook.com\/Carideal.mandataire.automobile\/","article_published_time":"2012-12-17T09:05:00+00:00","og_image":[{"width":300,"height":300,"url":"https:\/\/www.carideal.com\/blog\/wp-content\/uploads\/2016\/03\/logo-carideal-mandataire-automobile.png","type":"image\/png"}],"author":"N.S Carideal","twitter_card":"summary_large_image","twitter_creator":"@caridealauto","twitter_site":"@caridealauto","twitter_misc":{"\u00c9crit par":"N.S Carideal","Dur\u00e9e de lecture estim\u00e9e":"1 minute"},"schema":{"@context":"https:\/\/schema.org","@graph":[{"@type":"Article","@id":"https:\/\/www.carideal.com\/blog\/2012\/12\/17\/le-malus-retourne-au-senat\/#article","isPartOf":{"@id":"https:\/\/www.carideal.com\/blog\/2012\/12\/17\/le-malus-retourne-au-senat\/"},"author":{"name":"N.S Carideal","@id":"https:\/\/www.carideal.com\/blog\/#\/schema\/person\/985c7e757d1042d647f21bfaf8d41ebc"},"headline":"Le malus retourne au S\u00e9nat","datePublished":"2012-12-17T09:05:00+00:00","mainEntityOfPage":{"@id":"https:\/\/www.carideal.com\/blog\/2012\/12\/17\/le-malus-retourne-au-senat\/"},"wordCount":290,"commentCount":0,"publisher":{"@id":"https:\/\/www.carideal.com\/blog\/#organization"},"articleSection":["March\u00e9 automobile"],"inLanguage":"fr-FR","potentialAction":[{"@type":"CommentAction","name":"Comment","target":["https:\/\/www.carideal.com\/blog\/2012\/12\/17\/le-malus-retourne-au-senat\/#respond"]}]},{"@type":"WebPage","@id":"https:\/\/www.carideal.com\/blog\/2012\/12\/17\/le-malus-retourne-au-senat\/","url":"https:\/\/www.carideal.com\/blog\/2012\/12\/17\/le-malus-retourne-au-senat\/","name":"Le malus retourne au S\u00e9nat - Blog auto Carid\u00e9al","isPartOf":{"@id":"https:\/\/www.carideal.com\/blog\/#website"},"datePublished":"2012-12-17T09:05:00+00:00","breadcrumb":{"@id":"https:\/\/www.carideal.com\/blog\/2012\/12\/17\/le-malus-retourne-au-senat\/#breadcrumb"},"inLanguage":"fr-FR","potentialAction":[{"@type":"ReadAction","target":["https:\/\/www.carideal.com\/blog\/2012\/12\/17\/le-malus-retourne-au-senat\/"]}]},{"@type":"BreadcrumbList","@id":"https:\/\/www.carideal.com\/blog\/2012\/12\/17\/le-malus-retourne-au-senat\/#breadcrumb","itemListElement":[{"@type":"ListItem","position":1,"name":"Blog Carid\u00e9al","item":"https:\/\/www.carideal.com\/blog\/"},{"@type":"ListItem","position":2,"name":"March\u00e9 automobile","item":"https:\/\/www.carideal.com\/blog\/marche-automobile-voiture-neuve-occasion-4x4-suv\/"},{"@type":"ListItem","position":3,"name":"Le malus retourne au S\u00e9nat"}]},{"@type":"WebSite","@id":"https:\/\/www.carideal.com\/blog\/#website","url":"https:\/\/www.carideal.com\/blog\/","name":"Blog auto Carid\u00e9al","description":"Actualit\u00e9 auto par des passionn\u00e9s","publisher":{"@id":"https:\/\/www.carideal.com\/blog\/#organization"},"potentialAction":[{"@type":"SearchAction","target":{"@type":"EntryPoint","urlTemplate":"https:\/\/www.carideal.com\/blog\/?s={search_term_string}"},"query-input":{"@type":"PropertyValueSpecification","valueRequired":true,"valueName":"search_term_string"}}],"inLanguage":"fr-FR"},{"@type":"Organization","@id":"https:\/\/www.carideal.com\/blog\/#organization","name":"Carideal","url":"https:\/\/www.carideal.com\/blog\/","logo":{"@type":"ImageObject","inLanguage":"fr-FR","@id":"https:\/\/www.carideal.com\/blog\/#\/schema\/logo\/image\/","url":"http:\/\/www.carideal.com\/blog\/wp-content\/uploads\/2016\/03\/logo-carideal-mandataire-automobile.png","contentUrl":"http:\/\/www.carideal.com\/blog\/wp-content\/uploads\/2016\/03\/logo-carideal-mandataire-automobile.png","width":300,"height":300,"caption":"Carideal"},"image":{"@id":"https:\/\/www.carideal.com\/blog\/#\/schema\/logo\/image\/"},"sameAs":["https:\/\/www.facebook.com\/Carideal.mandataire.automobile","https:\/\/x.com\/caridealauto","https:\/\/www.instagram.com\/carideal1\/","https:\/\/www.linkedin.com\/company\/carideal.com","https:\/\/fr.pinterest.com\/schiavonsas\/","https:\/\/www.youtube.com\/user\/caridealsas"]},{"@type":"Person","@id":"https:\/\/www.carideal.com\/blog\/#\/schema\/person\/985c7e757d1042d647f21bfaf8d41ebc","name":"N.S Carideal","image":{"@type":"ImageObject","inLanguage":"fr-FR","@id":"https:\/\/www.carideal.com\/blog\/#\/schema\/person\/image\/","url":"https:\/\/secure.gravatar.com\/avatar\/edb7ccdf1a4e3d14aef967760d354d0e?s=96&r=g","contentUrl":"https:\/\/secure.gravatar.com\/avatar\/edb7ccdf1a4e3d14aef967760d354d0e?s=96&r=g","caption":"N.S Carideal"},"description":"Depuis tout petit fan d'automobile. Il est question d'essayer et de comparer toutes ces voitures qui nous ont fait r\u00e9ver, avant que celles-ci ne devient uniquement des voitures de collection.","sameAs":["http:\/\/www.carideal.com\/blog","https:\/\/www.facebook.com\/Carideal.mandataire.automobile\/","https:\/\/www.linkedin.com\/in\/nschiavon\/","https:\/\/www.youtube.com\/user\/caridealsas\/"],"url":"https:\/\/www.carideal.com\/blog\/author\/admin_carideal\/"}]}},"uagb_featured_image_src":{"full":false,"thumbnail":false,"medium":false,"medium_large":false,"large":false,"1536x1536":false,"2048x2048":false,"wppr-widget":false},"uagb_author_info":{"display_name":"N.S Carideal","author_link":"https:\/\/www.carideal.com\/blog\/author\/admin_carideal\/"},"uagb_comment_info":0,"uagb_excerpt":"Les d\u00e9put\u00e9s viennent de sugg\u00e9rer au S\u00e9nat leur version du malus plus strict . Il devra s'exprimer dans les jours qui viennent. Pendant ce temps, le gouvernement s'engage d'indemniser les distributeurs des avances faites au titre du bonus. La loi de finance 2013 ainsi que la proposition de durcissement du malus automobile d\u00e8s le 1er\u2026","_links":{"self":[{"href":"https:\/\/www.carideal.com\/blog\/wp-json\/wp\/v2\/posts\/1253"}],"collection":[{"href":"https:\/\/www.carideal.com\/blog\/wp-json\/wp\/v2\/posts"}],"about":[{"href":"https:\/\/www.carideal.com\/blog\/wp-json\/wp\/v2\/types\/post"}],"author":[{"embeddable":true,"href":"https:\/\/www.carideal.com\/blog\/wp-json\/wp\/v2\/users\/1"}],"replies":[{"embeddable":true,"href":"https:\/\/www.carideal.com\/blog\/wp-json\/wp\/v2\/comments?post=1253"}],"version-history":[{"count":0,"href":"https:\/\/www.carideal.com\/blog\/wp-json\/wp\/v2\/posts\/1253\/revisions"}],"wp:attachment":[{"href":"https:\/\/www.carideal.com\/blog\/wp-json\/wp\/v2\/media?parent=1253"}],"wp:term":[{"taxonomy":"category","embeddable":true,"href":"https:\/\/www.carideal.com\/blog\/wp-json\/wp\/v2\/categories?post=1253"},{"taxonomy":"post_tag","embeddable":true,"href":"https:\/\/www.carideal.com\/blog\/wp-json\/wp\/v2\/tags?post=1253"}],"curies":[{"name":"wp","href":"https:\/\/api.w.org\/{rel}","templated":true}]}}