{"id":1250,"date":"2012-12-14T13:44:00","date_gmt":"2012-12-14T13:44:00","guid":{"rendered":"http:\/\/carideal.com\/blog\/?p=1250"},"modified":"2020-03-07T16:51:44","modified_gmt":"2020-03-07T15:51:44","slug":"renault-clio-iv","status":"publish","type":"post","link":"https:\/\/www.carideal.com\/blog\/2012\/12\/14\/renault-clio-iv\/","title":{"rendered":"Renault Clio IV"},"content":{"rendered":"<p><img decoding=\"async\" src=\"\/blog\/public\/.la_renault_clio_4__m.jpg\" alt=\"la_renault_clio_4_.jpg\" title=\"la_renault_clio_4_.jpg, d\u00e9c. 2012\" \/><\/p>\n<blockquote>\n<p>Nouvelle Renault Clio IV<\/p>\n<\/blockquote>\n<p>Avec son nouveau moteur \u00e0 essence \u00e0 trois cylindres cylindres, la <a href=\"\/blog\/index.php?tag\/Clio\">Clio<\/a> effectue \u00e0 merveille les trajets du quotidien. Mais elle perd de sa superbe sur la route. Il faudra s'y faire. Les co\u00fbts de d\u00e9pollution des moteurs diesels vont peser sur le prix des petites voitures fonctionnant au gazole. Alors pour pr\u00e9parer l'avenir, les constructeurs poussent leur nouveau moteur \u00e0 essence sur l'\u00e9chiquier automobile. Et le nouveau roi en la mati\u00e8re est un bloc \u00e0 trois cylindres pl\u00e9biscit\u00e9 pour sa sobri\u00e9t\u00e9. Apr\u00e8s les petites citadines, il \u00e9quipe aujourd'hui des mod\u00e8les plus imposants chez<a href=\"\/blog\/index.php?tag\/Ford\"> Ford<\/a>, <a href=\"\/blog\/index.php?tag\/Peugeot\">Peugeot<\/a>, <a href=\"\/blog\/index.php?tag\/Citro%C3%ABn\">Citro\u00ebn<\/a> et bient\u00f4t<a href=\"\/blog\/index.php?tag\/Volkswagen\"> Volkswagen<\/a>. Chez <a href=\"\/blog\/index.php?tag\/Renault\">Renault<\/a>, c'est la nouvelle Clio qui \u00e9trenne cette architecture moteur avec un bloc turbo en aluminium de 898 cm3, son syst\u00e8me Stop&amp;Start et une puissance de 90 ch. Gr\u00e2ce \u00e0 un poids tout juste au-dessus de la tonne  (un gros travail a \u00e9t\u00e9 fait sur le poids), les performances de la Clio trois cylindres se r\u00e9v\u00e8lent correctes. Par rapport \u00e0 la Clio III 1.2 TCe, la consommation recule de 21%. La pr\u00e9sentation fait bonne impression, mais la finition est l\u00e9g\u00e8re par endroits. La partie arri\u00e8re de la Clio a \u00e9galement \u00e9t\u00e9 esth\u00e9tiquement remani\u00e9e. Du c\u00f4t\u00e9 pratique, le coffre, avec un volume disponible de 300 litres, propose une capacit\u00e9 sup\u00e9rieure \u00e0 ceux de ses concurrentes. En s\u00e9rie sur la finition Expression le Media Nav est un exemple de simplicit\u00e9 \u00e0 l'usage. Le vitrage r\u00e9duit \u00e0 l'arri\u00e8re donne un sentiment d'engoncement. L'habitabilit\u00e9 est convenable pour deux adultes, mais il n'y a pas d'accoudoir. Clio premier prix? Factur\u00e9 1200\u20ac de moins que la TCe 90 \u00e0 finition \u00e9gale, la version avec le \"vieux\" moteur 1.2 16v de 75 ch (quatre cylindres sans turbo) s'affiche m\u00eame \u00e0 partir de 13700\u20ac gr\u00e2ce \u00e0 sa finition de base Authentique. La dotation s'en ressent, comme la pr\u00e9sentation: climatisation et radio en option, pas d'\u00e9cran tactile, \u00e9l\u00e9ments ext\u00e9rieurs non peints. Malgr\u00e9 des \u00e0-coups pr\u00e9sents lors d'une circulation en accord\u00e9on, le 1.2 s\u00e9duit en ville. Ailleurs, point de miracle: relances molles,\u00e9lan bris\u00e9 dans les c\u00f4tes et bruit lancinant \u00e0 130 km\/h g\u00e2chent les long trajets. Au quotidien, la consommation se maintient sous 7.5 l\/100 km. 75 ch, 5.5 l\/100 km, pas de malus ni bonus, \u00e0 partir de 13700\u20ac. Bilan: Le diesel de m\u00eame puissance est affich\u00e9 1900\u20ac plus cher que ce mod\u00e8le \u00e0 essence et chacun a sa mission&nbsp;: \u00e0 la route, \u00e0 la TCe la palme de l'agr\u00e9ment en ville. Votre choix sera donc dict\u00e9 pas l'usage que vous pensez en faire, mais aussi le kilom\u00e9trage. Mais gr\u00e2ce \u00e0 sa sobri\u00e9t\u00e9, la version \u00e0 essence repousse le seuil de rentabilit\u00e9 du diesel \u00e0 82 900 km.<\/p>\n<p>\/ Achat nouvelle Renault Clio IV moins ch\u00e8re avec Carideal Mandataire automobile<\/p>\n","protected":false},"excerpt":{"rendered":"<p>Nouvelle Renault Clio IV Avec son nouveau moteur \u00e0 essence \u00e0 trois cylindres cylindres, la Clio effectue \u00e0 merveille les trajets du quotidien. Mais elle perd de sa superbe sur la route. Il faudra s&rsquo;y faire. Les co\u00fbts de d\u00e9pollution des moteurs diesels vont peser sur le prix des petites voitures fonctionnant au gazole. Alors &#8230; <a title=\"Renault Clio IV\" class=\"read-more\" href=\"https:\/\/www.carideal.com\/blog\/2012\/12\/14\/renault-clio-iv\/\" aria-label=\"En savoir plus sur Renault Clio IV\">Lire plus<\/a><\/p>\n","protected":false},"author":1,"featured_media":0,"comment_status":"open","ping_status":"open","sticky":false,"template":"","format":"standard","meta":{"_uag_custom_page_level_css":"","_themeisle_gutenberg_block_has_review":false,"footnotes":""},"categories":[10],"tags":[],"class_list":["post-1250","post","type-post","status-publish","format-standard","hentry","category-marche-automobile-voiture-neuve-occasion-4x4-suv"],"wppr_data":[],"yoast_head":"<!-- This site is optimized with the Yoast SEO plugin v24.8.1 - https:\/\/yoast.com\/wordpress\/plugins\/seo\/ -->\n<title>Renault Clio IV - Blog auto Carid\u00e9al<\/title>\n<meta name=\"robots\" content=\"index, follow, max-snippet:-1, max-image-preview:large, max-video-preview:-1\" \/>\n<link rel=\"canonical\" href=\"https:\/\/www.carideal.com\/blog\/2012\/12\/14\/renault-clio-iv\/\" \/>\n<meta property=\"og:locale\" content=\"fr_FR\" \/>\n<meta property=\"og:type\" content=\"article\" \/>\n<meta property=\"og:title\" content=\"Renault Clio IV - Blog auto Carid\u00e9al\" \/>\n<meta property=\"og:description\" content=\"Nouvelle Renault Clio IV Avec son nouveau moteur \u00e0 essence \u00e0 trois cylindres cylindres, la Clio effectue \u00e0 merveille les trajets du quotidien. Mais elle perd de sa superbe sur la route. Il faudra s&#039;y faire. Les co\u00fbts de d\u00e9pollution des moteurs diesels vont peser sur le prix des petites voitures fonctionnant au gazole. Alors ... Lire plus\" \/>\n<meta property=\"og:url\" content=\"https:\/\/www.carideal.com\/blog\/2012\/12\/14\/renault-clio-iv\/\" \/>\n<meta property=\"og:site_name\" content=\"Blog auto Carid\u00e9al\" \/>\n<meta property=\"article:publisher\" content=\"https:\/\/www.facebook.com\/Carideal.mandataire.automobile\" \/>\n<meta property=\"article:author\" content=\"https:\/\/www.facebook.com\/Carideal.mandataire.automobile\/\" \/>\n<meta property=\"article:published_time\" content=\"2012-12-14T13:44:00+00:00\" \/>\n<meta property=\"article:modified_time\" content=\"2020-03-07T15:51:44+00:00\" \/>\n<meta property=\"og:image\" content=\"https:\/\/www.carideal.com\/blog\/wp-content\/uploads\/2016\/03\/logo-carideal-mandataire-automobile.png\" \/>\n\t<meta property=\"og:image:width\" content=\"300\" \/>\n\t<meta property=\"og:image:height\" content=\"300\" \/>\n\t<meta property=\"og:image:type\" content=\"image\/png\" \/>\n<meta name=\"author\" content=\"N.S Carideal\" \/>\n<meta name=\"twitter:card\" content=\"summary_large_image\" \/>\n<meta name=\"twitter:creator\" content=\"@caridealauto\" \/>\n<meta name=\"twitter:site\" content=\"@caridealauto\" \/>\n<meta name=\"twitter:label1\" content=\"\u00c9crit par\" \/>\n\t<meta name=\"twitter:data1\" content=\"N.S Carideal\" \/>\n\t<meta name=\"twitter:label2\" content=\"Dur\u00e9e de lecture estim\u00e9e\" \/>\n\t<meta name=\"twitter:data2\" content=\"2 minutes\" \/>\n<script type=\"application\/ld+json\" class=\"yoast-schema-graph\">{\"@context\":\"https:\/\/schema.org\",\"@graph\":[{\"@type\":\"Article\",\"@id\":\"https:\/\/www.carideal.com\/blog\/2012\/12\/14\/renault-clio-iv\/#article\",\"isPartOf\":{\"@id\":\"https:\/\/www.carideal.com\/blog\/2012\/12\/14\/renault-clio-iv\/\"},\"author\":{\"name\":\"N.S Carideal\",\"@id\":\"https:\/\/www.carideal.com\/blog\/#\/schema\/person\/985c7e757d1042d647f21bfaf8d41ebc\"},\"headline\":\"Renault Clio IV\",\"datePublished\":\"2012-12-14T13:44:00+00:00\",\"dateModified\":\"2020-03-07T15:51:44+00:00\",\"mainEntityOfPage\":{\"@id\":\"https:\/\/www.carideal.com\/blog\/2012\/12\/14\/renault-clio-iv\/\"},\"wordCount\":467,\"commentCount\":0,\"publisher\":{\"@id\":\"https:\/\/www.carideal.com\/blog\/#organization\"},\"articleSection\":[\"March\u00e9 automobile\"],\"inLanguage\":\"fr-FR\",\"potentialAction\":[{\"@type\":\"CommentAction\",\"name\":\"Comment\",\"target\":[\"https:\/\/www.carideal.com\/blog\/2012\/12\/14\/renault-clio-iv\/#respond\"]}]},{\"@type\":\"WebPage\",\"@id\":\"https:\/\/www.carideal.com\/blog\/2012\/12\/14\/renault-clio-iv\/\",\"url\":\"https:\/\/www.carideal.com\/blog\/2012\/12\/14\/renault-clio-iv\/\",\"name\":\"Renault Clio IV - Blog auto Carid\u00e9al\",\"isPartOf\":{\"@id\":\"https:\/\/www.carideal.com\/blog\/#website\"},\"datePublished\":\"2012-12-14T13:44:00+00:00\",\"dateModified\":\"2020-03-07T15:51:44+00:00\",\"breadcrumb\":{\"@id\":\"https:\/\/www.carideal.com\/blog\/2012\/12\/14\/renault-clio-iv\/#breadcrumb\"},\"inLanguage\":\"fr-FR\",\"potentialAction\":[{\"@type\":\"ReadAction\",\"target\":[\"https:\/\/www.carideal.com\/blog\/2012\/12\/14\/renault-clio-iv\/\"]}]},{\"@type\":\"BreadcrumbList\",\"@id\":\"https:\/\/www.carideal.com\/blog\/2012\/12\/14\/renault-clio-iv\/#breadcrumb\",\"itemListElement\":[{\"@type\":\"ListItem\",\"position\":1,\"name\":\"Blog Carid\u00e9al\",\"item\":\"https:\/\/www.carideal.com\/blog\/\"},{\"@type\":\"ListItem\",\"position\":2,\"name\":\"March\u00e9 automobile\",\"item\":\"https:\/\/www.carideal.com\/blog\/marche-automobile-voiture-neuve-occasion-4x4-suv\/\"},{\"@type\":\"ListItem\",\"position\":3,\"name\":\"Renault Clio IV\"}]},{\"@type\":\"WebSite\",\"@id\":\"https:\/\/www.carideal.com\/blog\/#website\",\"url\":\"https:\/\/www.carideal.com\/blog\/\",\"name\":\"Blog auto Carid\u00e9al\",\"description\":\"Actualit\u00e9 auto par des passionn\u00e9s\",\"publisher\":{\"@id\":\"https:\/\/www.carideal.com\/blog\/#organization\"},\"potentialAction\":[{\"@type\":\"SearchAction\",\"target\":{\"@type\":\"EntryPoint\",\"urlTemplate\":\"https:\/\/www.carideal.com\/blog\/?s={search_term_string}\"},\"query-input\":{\"@type\":\"PropertyValueSpecification\",\"valueRequired\":true,\"valueName\":\"search_term_string\"}}],\"inLanguage\":\"fr-FR\"},{\"@type\":\"Organization\",\"@id\":\"https:\/\/www.carideal.com\/blog\/#organization\",\"name\":\"Carideal\",\"url\":\"https:\/\/www.carideal.com\/blog\/\",\"logo\":{\"@type\":\"ImageObject\",\"inLanguage\":\"fr-FR\",\"@id\":\"https:\/\/www.carideal.com\/blog\/#\/schema\/logo\/image\/\",\"url\":\"http:\/\/www.carideal.com\/blog\/wp-content\/uploads\/2016\/03\/logo-carideal-mandataire-automobile.png\",\"contentUrl\":\"http:\/\/www.carideal.com\/blog\/wp-content\/uploads\/2016\/03\/logo-carideal-mandataire-automobile.png\",\"width\":300,\"height\":300,\"caption\":\"Carideal\"},\"image\":{\"@id\":\"https:\/\/www.carideal.com\/blog\/#\/schema\/logo\/image\/\"},\"sameAs\":[\"https:\/\/www.facebook.com\/Carideal.mandataire.automobile\",\"https:\/\/x.com\/caridealauto\",\"https:\/\/www.instagram.com\/carideal1\/\",\"https:\/\/www.linkedin.com\/company\/carideal.com\",\"https:\/\/fr.pinterest.com\/schiavonsas\/\",\"https:\/\/www.youtube.com\/user\/caridealsas\"]},{\"@type\":\"Person\",\"@id\":\"https:\/\/www.carideal.com\/blog\/#\/schema\/person\/985c7e757d1042d647f21bfaf8d41ebc\",\"name\":\"N.S Carideal\",\"image\":{\"@type\":\"ImageObject\",\"inLanguage\":\"fr-FR\",\"@id\":\"https:\/\/www.carideal.com\/blog\/#\/schema\/person\/image\/\",\"url\":\"https:\/\/secure.gravatar.com\/avatar\/edb7ccdf1a4e3d14aef967760d354d0e?s=96&r=g\",\"contentUrl\":\"https:\/\/secure.gravatar.com\/avatar\/edb7ccdf1a4e3d14aef967760d354d0e?s=96&r=g\",\"caption\":\"N.S Carideal\"},\"description\":\"Depuis tout petit fan d'automobile. Il est question d'essayer et de comparer toutes ces voitures qui nous ont fait r\u00e9ver, avant que celles-ci ne devient uniquement des voitures de collection.\",\"sameAs\":[\"http:\/\/www.carideal.com\/blog\",\"https:\/\/www.facebook.com\/Carideal.mandataire.automobile\/\",\"https:\/\/www.linkedin.com\/in\/nschiavon\/\",\"https:\/\/www.youtube.com\/user\/caridealsas\/\"],\"url\":\"https:\/\/www.carideal.com\/blog\/author\/admin_carideal\/\"}]}<\/script>\n<!-- \/ Yoast SEO plugin. -->","yoast_head_json":{"title":"Renault Clio IV - Blog auto Carid\u00e9al","robots":{"index":"index","follow":"follow","max-snippet":"max-snippet:-1","max-image-preview":"max-image-preview:large","max-video-preview":"max-video-preview:-1"},"canonical":"https:\/\/www.carideal.com\/blog\/2012\/12\/14\/renault-clio-iv\/","og_locale":"fr_FR","og_type":"article","og_title":"Renault Clio IV - Blog auto Carid\u00e9al","og_description":"Nouvelle Renault Clio IV Avec son nouveau moteur \u00e0 essence \u00e0 trois cylindres cylindres, la Clio effectue \u00e0 merveille les trajets du quotidien. Mais elle perd de sa superbe sur la route. Il faudra s'y faire. Les co\u00fbts de d\u00e9pollution des moteurs diesels vont peser sur le prix des petites voitures fonctionnant au gazole. Alors ... Lire plus","og_url":"https:\/\/www.carideal.com\/blog\/2012\/12\/14\/renault-clio-iv\/","og_site_name":"Blog auto Carid\u00e9al","article_publisher":"https:\/\/www.facebook.com\/Carideal.mandataire.automobile","article_author":"https:\/\/www.facebook.com\/Carideal.mandataire.automobile\/","article_published_time":"2012-12-14T13:44:00+00:00","article_modified_time":"2020-03-07T15:51:44+00:00","og_image":[{"width":300,"height":300,"url":"https:\/\/www.carideal.com\/blog\/wp-content\/uploads\/2016\/03\/logo-carideal-mandataire-automobile.png","type":"image\/png"}],"author":"N.S Carideal","twitter_card":"summary_large_image","twitter_creator":"@caridealauto","twitter_site":"@caridealauto","twitter_misc":{"\u00c9crit par":"N.S Carideal","Dur\u00e9e de lecture estim\u00e9e":"2 minutes"},"schema":{"@context":"https:\/\/schema.org","@graph":[{"@type":"Article","@id":"https:\/\/www.carideal.com\/blog\/2012\/12\/14\/renault-clio-iv\/#article","isPartOf":{"@id":"https:\/\/www.carideal.com\/blog\/2012\/12\/14\/renault-clio-iv\/"},"author":{"name":"N.S Carideal","@id":"https:\/\/www.carideal.com\/blog\/#\/schema\/person\/985c7e757d1042d647f21bfaf8d41ebc"},"headline":"Renault Clio IV","datePublished":"2012-12-14T13:44:00+00:00","dateModified":"2020-03-07T15:51:44+00:00","mainEntityOfPage":{"@id":"https:\/\/www.carideal.com\/blog\/2012\/12\/14\/renault-clio-iv\/"},"wordCount":467,"commentCount":0,"publisher":{"@id":"https:\/\/www.carideal.com\/blog\/#organization"},"articleSection":["March\u00e9 automobile"],"inLanguage":"fr-FR","potentialAction":[{"@type":"CommentAction","name":"Comment","target":["https:\/\/www.carideal.com\/blog\/2012\/12\/14\/renault-clio-iv\/#respond"]}]},{"@type":"WebPage","@id":"https:\/\/www.carideal.com\/blog\/2012\/12\/14\/renault-clio-iv\/","url":"https:\/\/www.carideal.com\/blog\/2012\/12\/14\/renault-clio-iv\/","name":"Renault Clio IV - Blog auto Carid\u00e9al","isPartOf":{"@id":"https:\/\/www.carideal.com\/blog\/#website"},"datePublished":"2012-12-14T13:44:00+00:00","dateModified":"2020-03-07T15:51:44+00:00","breadcrumb":{"@id":"https:\/\/www.carideal.com\/blog\/2012\/12\/14\/renault-clio-iv\/#breadcrumb"},"inLanguage":"fr-FR","potentialAction":[{"@type":"ReadAction","target":["https:\/\/www.carideal.com\/blog\/2012\/12\/14\/renault-clio-iv\/"]}]},{"@type":"BreadcrumbList","@id":"https:\/\/www.carideal.com\/blog\/2012\/12\/14\/renault-clio-iv\/#breadcrumb","itemListElement":[{"@type":"ListItem","position":1,"name":"Blog Carid\u00e9al","item":"https:\/\/www.carideal.com\/blog\/"},{"@type":"ListItem","position":2,"name":"March\u00e9 automobile","item":"https:\/\/www.carideal.com\/blog\/marche-automobile-voiture-neuve-occasion-4x4-suv\/"},{"@type":"ListItem","position":3,"name":"Renault Clio IV"}]},{"@type":"WebSite","@id":"https:\/\/www.carideal.com\/blog\/#website","url":"https:\/\/www.carideal.com\/blog\/","name":"Blog auto Carid\u00e9al","description":"Actualit\u00e9 auto par des passionn\u00e9s","publisher":{"@id":"https:\/\/www.carideal.com\/blog\/#organization"},"potentialAction":[{"@type":"SearchAction","target":{"@type":"EntryPoint","urlTemplate":"https:\/\/www.carideal.com\/blog\/?s={search_term_string}"},"query-input":{"@type":"PropertyValueSpecification","valueRequired":true,"valueName":"search_term_string"}}],"inLanguage":"fr-FR"},{"@type":"Organization","@id":"https:\/\/www.carideal.com\/blog\/#organization","name":"Carideal","url":"https:\/\/www.carideal.com\/blog\/","logo":{"@type":"ImageObject","inLanguage":"fr-FR","@id":"https:\/\/www.carideal.com\/blog\/#\/schema\/logo\/image\/","url":"http:\/\/www.carideal.com\/blog\/wp-content\/uploads\/2016\/03\/logo-carideal-mandataire-automobile.png","contentUrl":"http:\/\/www.carideal.com\/blog\/wp-content\/uploads\/2016\/03\/logo-carideal-mandataire-automobile.png","width":300,"height":300,"caption":"Carideal"},"image":{"@id":"https:\/\/www.carideal.com\/blog\/#\/schema\/logo\/image\/"},"sameAs":["https:\/\/www.facebook.com\/Carideal.mandataire.automobile","https:\/\/x.com\/caridealauto","https:\/\/www.instagram.com\/carideal1\/","https:\/\/www.linkedin.com\/company\/carideal.com","https:\/\/fr.pinterest.com\/schiavonsas\/","https:\/\/www.youtube.com\/user\/caridealsas"]},{"@type":"Person","@id":"https:\/\/www.carideal.com\/blog\/#\/schema\/person\/985c7e757d1042d647f21bfaf8d41ebc","name":"N.S Carideal","image":{"@type":"ImageObject","inLanguage":"fr-FR","@id":"https:\/\/www.carideal.com\/blog\/#\/schema\/person\/image\/","url":"https:\/\/secure.gravatar.com\/avatar\/edb7ccdf1a4e3d14aef967760d354d0e?s=96&r=g","contentUrl":"https:\/\/secure.gravatar.com\/avatar\/edb7ccdf1a4e3d14aef967760d354d0e?s=96&r=g","caption":"N.S Carideal"},"description":"Depuis tout petit fan d'automobile. Il est question d'essayer et de comparer toutes ces voitures qui nous ont fait r\u00e9ver, avant que celles-ci ne devient uniquement des voitures de collection.","sameAs":["http:\/\/www.carideal.com\/blog","https:\/\/www.facebook.com\/Carideal.mandataire.automobile\/","https:\/\/www.linkedin.com\/in\/nschiavon\/","https:\/\/www.youtube.com\/user\/caridealsas\/"],"url":"https:\/\/www.carideal.com\/blog\/author\/admin_carideal\/"}]}},"uagb_featured_image_src":{"full":false,"thumbnail":false,"medium":false,"medium_large":false,"large":false,"1536x1536":false,"2048x2048":false,"wppr-widget":false},"uagb_author_info":{"display_name":"N.S Carideal","author_link":"https:\/\/www.carideal.com\/blog\/author\/admin_carideal\/"},"uagb_comment_info":0,"uagb_excerpt":"Nouvelle Renault Clio IV Avec son nouveau moteur \u00e0 essence \u00e0 trois cylindres cylindres, la Clio effectue \u00e0 merveille les trajets du quotidien. Mais elle perd de sa superbe sur la route. Il faudra s'y faire. Les co\u00fbts de d\u00e9pollution des moteurs diesels vont peser sur le prix des petites voitures fonctionnant au gazole. Alors\u2026","_links":{"self":[{"href":"https:\/\/www.carideal.com\/blog\/wp-json\/wp\/v2\/posts\/1250"}],"collection":[{"href":"https:\/\/www.carideal.com\/blog\/wp-json\/wp\/v2\/posts"}],"about":[{"href":"https:\/\/www.carideal.com\/blog\/wp-json\/wp\/v2\/types\/post"}],"author":[{"embeddable":true,"href":"https:\/\/www.carideal.com\/blog\/wp-json\/wp\/v2\/users\/1"}],"replies":[{"embeddable":true,"href":"https:\/\/www.carideal.com\/blog\/wp-json\/wp\/v2\/comments?post=1250"}],"version-history":[{"count":0,"href":"https:\/\/www.carideal.com\/blog\/wp-json\/wp\/v2\/posts\/1250\/revisions"}],"wp:attachment":[{"href":"https:\/\/www.carideal.com\/blog\/wp-json\/wp\/v2\/media?parent=1250"}],"wp:term":[{"taxonomy":"category","embeddable":true,"href":"https:\/\/www.carideal.com\/blog\/wp-json\/wp\/v2\/categories?post=1250"},{"taxonomy":"post_tag","embeddable":true,"href":"https:\/\/www.carideal.com\/blog\/wp-json\/wp\/v2\/tags?post=1250"}],"curies":[{"name":"wp","href":"https:\/\/api.w.org\/{rel}","templated":true}]}}