{"id":1241,"date":"2012-12-07T13:29:00","date_gmt":"2012-12-07T13:29:00","guid":{"rendered":"http:\/\/carideal.com\/blog\/?p=1241"},"modified":"2020-02-14T09:01:44","modified_gmt":"2020-02-14T08:01:44","slug":"volkswagen-coccinelle","status":"publish","type":"post","link":"https:\/\/www.carideal.com\/blog\/2012\/12\/07\/volkswagen-coccinelle\/","title":{"rendered":"Volkswagen Coccinelle 2012 essai en d\u00e9tail vid\u00e9os"},"content":{"rendered":"<h2>La Beetle est morte vive la Volkswagen Coccinelle 2012<\/h2>\n<p>Plus polyvalente, mieux finie et terriblement s\u00e9duisante, la <strong>Volkswagen Coccinelle 2012<\/strong> surpasse la Beetle. Et roule d\u00e9sormais au gazole pour convaincre ceux qui surveillent de pr\u00e8s leur budget carburant. Allure atpique, bruit irr\u00e9sistible du moteur en porte \u00e0 faux arri\u00e8re et jantes chrom\u00e9es la Coccinelle d'origine fait encore frissonner.<\/p>\n<figure id=\"attachment_12151\" aria-describedby=\"caption-attachment-12151\" style=\"width: 590px\" class=\"wp-caption aligncenter\"><img loading=\"lazy\" decoding=\"async\" class=\"size-full wp-image-12151\" src=\"http:\/\/www.carideal.com\/blog\/wp-content\/uploads\/2012\/12\/Volkswagen-Coccinelle-2012-e1581666498547.jpg\" alt=\"Volkswagen Coccinelle plus belle\" width=\"600\" height=\"367\" \/><figcaption id=\"caption-attachment-12151\" class=\"wp-caption-text\">Volkswagen Coccinelle plus belle<\/figcaption><\/figure>\n<p>Le mod\u00e8le d'aujourd'hui n'h\u00e9site donc pas \u00e0 s'en inspirer jusque dans le dessin de ses jantes Circle. Pr\u00e9sentation originale, qualit\u00e9 au rendez-vous: bienvenue \u00e0 bord\u00a0! Oui pour l'espace, mais les dossiers manquent de confort sur les longs parcours. D\u00e9j\u00e0 alerte avec ce diesel TDI de 105 ch, la Coccinelle pourra compter sur le 2.0 TDI de 140 ch, livrable en fin d'ann\u00e9e.<\/p>\n<p>La <a href=\"http:\/\/www.carideal.com\/blog\/marque-de-voiture-actualites-essais\/volkswagen\/\">Volkswagen<\/a> Coccinelle a un bon pouvoir de s\u00e9duction, l'habitabilit\u00e9 et le coffre sont corrects en revanche le confort n'est pas tr\u00e8s bon, la maniabilit\u00e9 en ville pas super et le prix par rapport au 1.2 TSI est ch\u00e8re.<\/p>\n<h2>Maintenant que la Nouvelle Beetle\u00a0est parti, nous allons juste dire : C'\u00e9tait une voiture de Fille... LOL<\/h2>\n<figure id=\"attachment_12154\" aria-describedby=\"caption-attachment-12154\" style=\"width: 390px\" class=\"wp-caption alignnone\"><img loading=\"lazy\" decoding=\"async\" class=\"wp-image-12154 size-full\" src=\"http:\/\/www.carideal.com\/blog\/wp-content\/uploads\/2012\/12\/Volkswagen-Coccinelle-2012-4-e1581666531541.jpg\" alt=\"Volkswagen Coccinelle une voiture de fille ?\" width=\"400\" height=\"245\" \/><figcaption id=\"caption-attachment-12154\" class=\"wp-caption-text\">Volkswagen Coccinelle une voiture de fille ?<\/figcaption><\/figure>\n<p>Tout au long de son histoire de 73 ans, la Volkswagen\u00a0Beetle a incarn\u00e9 \u00abLa voiture du peuple\" la philosophie de Volkswagen. L'originale \u00e9tant devenu la voiture de plus de 21 millions\u00a0de personnes avant que la production n'ai\u00a0finalement cess\u00e9 au Mexique en 2003. C'\u00e9tait seulement pendant la longue p\u00e9riode de 12 ans, que la New Beetle, introduite en 1998 et dont la production a\u00a0cess\u00e9\u00e9 en 2010, \u00a0que ses propri\u00e9taires \u00e9taient devenus en majorit\u00e9 des femmes.<\/p>\n<p>Si on prend le cas des \u00c9tats-Unis, dans son ann\u00e9e phare, la <a href=\"http:\/\/www.carideal.com\/blog\/2014\/05\/27\/la-volkswagen-beetle-dune\/\">New Beetle<\/a> a vendu plus de 80.000 exemplaires aux USA, et environ 75 pour cent de\u00a0ses propri\u00e9taires \u00e9taient des\u00a0femmes. \u00a0(L'autre 25 pour cent va \u00e0 des hommes tr\u00e8s eff\u00e9min\u00e9s, tr\u00e8s confiant, ou compl\u00e8tement inconscients <img src=\"https:\/\/www.carideal.com\/blog\/wp-includes\/images\/smilies\/mrgreen.png\" alt=\":mrgreen:\" class=\"wp-smiley\" style=\"height: 1em; max-height: 1em;\" \/> )<\/p>\n<ul>\n<li>Trouvez une <span style=\"text-decoration: underline;\">Volkswagen Coccinelle d'occasion<\/span> avec Carideal <span style=\"text-decoration: underline;\"><a href=\"http:\/\/www.carideal.com\/\" target=\"_blank\" rel=\"noopener noreferrer\">mandataire auto<\/a><\/span><\/li>\n<\/ul>\n<figure id=\"attachment_12156\" aria-describedby=\"caption-attachment-12156\" style=\"width: 390px\" class=\"wp-caption alignnone\"><img loading=\"lazy\" decoding=\"async\" class=\"wp-image-12156 size-full\" src=\"http:\/\/www.carideal.com\/blog\/wp-content\/uploads\/2012\/12\/Volkswagen-Coccinelle-2012-6-e1581666579966.jpg\" alt=\"La Volkswagen Coccinelle a \u00e9t\u00e9 enti\u00e8rement remodel\u00e9e\" width=\"400\" height=\"245\" \/><figcaption id=\"caption-attachment-12156\" class=\"wp-caption-text\">La Volkswagen Coccinelle a \u00e9t\u00e9 enti\u00e8rement remodel\u00e9e<\/figcaption><\/figure>\n<p>Heureusement, dans la conception de cette g\u00e9n\u00e9ration de Concinelle, Volkswagen\u00a0a commenc\u00e9 avec la bonne priorit\u00e9 : Remodeler la voiture, donc elle attirera plus de\u00a0gens que ceux qui peuvent se permettre de porter des jupes en public (Ecossais exclus). Fini le look\u00a0sirupeux de grande bulle arrondie\u00a0pos\u00e9e sur deux petites bulles, remplac\u00e9e par une conception plus sportive avec un toit plat, plus bas, un capot plus long et plus plat,\u00a0fabriqu\u00e9 avec des toles de m\u00e9tal bien assembl\u00e9es, bien form\u00e9es, chics et propres.<\/p>\n<p>Le r\u00e9sultat de celle Volkswagen Coccinelle, nouvelle, est plus grande que sa\u00a0pr\u00e9d\u00e9cessrice de 18.5 cm\u00a0de plus, les voies sont \u00e9largies de 2.8 cm\u00a0de plus entre les roues, la voiture mesure et 8.5 cm de plsu en largeur\u00a0et est spectaculairement r\u00e9tro.<\/p>\n<p>Elle\u00a0est beaucoup plus fid\u00e8le \u00e0 l'original que le pr\u00e9c\u00e9dent Beetle, jusque dans les dessins du volant rapellant l'orinale des ann\u00e9e\u00a070 de couleur brun. Cependant, en hommage aux nombreux surnoms entomologiques que le v\u00e9hicule a acquis dans le monde entier, K\u00e4fer, Coccinelle, Maggiolino, pour ne nommer que quelques-uns, Volkswagen offrira une vari\u00e9t\u00e9 de nom diff\u00e9rents\u00a0en remplacement de\u00a0\"Beetle\" inscrit sur le coffre normalement\u00a0standard (suivant les pays).<\/p>\n<ul>\n<li>Trouvez une <span style=\"text-decoration: underline;\">voiture neuve pas cher<\/span> avec Carideal<\/li>\n<\/ul>\n<h2>A l'int\u00e9rieur de la nouvelle Coccinelle<\/h2>\n<figure id=\"attachment_12161\" aria-describedby=\"caption-attachment-12161\" style=\"width: 390px\" class=\"wp-caption alignnone\"><img loading=\"lazy\" decoding=\"async\" class=\"wp-image-12161 size-full\" src=\"http:\/\/www.carideal.com\/blog\/wp-content\/uploads\/2012\/12\/Volkswagen-Coccinelle-2012-11-e1581666733519.jpg\" alt=\"Les grands passagers tiendront dans cette Nouvelle Volkswagen Coccinelle\" width=\"400\" height=\"245\" \/><figcaption id=\"caption-attachment-12161\" class=\"wp-caption-text\">Les grands passagers tiendront dans cette Nouvelle Volkswagen Coccinelle<\/figcaption><\/figure>\n<p>Il y a des implications pratiques importantes pour la nouvelle forme de cette Volkswagen Coccinelle, en plus de celles esth\u00e9tiques \u00e9videntes. Bien que n'\u00e9tant plus \u00e9quip\u00e9e pour recevoir de hauts chapeaux sur les si\u00e8ges avants, pr\u00e8te \u00e0 accueillir Abraham Lincoln et la reine d'Angleterre et leur couvre chef, dans leur promenade du dimanche.<\/p>\n<p>L'int\u00e9rieur de la nouvelle Coccinelle offre encore des\u00a0si\u00e8ges avant spacieux. M\u00eame dans une voiture \u00e9quip\u00e9e d'un toit ouvrant, son ennemi mortel, votre pote de 2 m\u00e8tres 15, tient confortablement derri\u00e8re le volant. La colonne t\u00e9lescopique r\u00e9glable g\u00e9n\u00e9reusement est une aide \u00e9norme.<\/p>\n<p>Le toit panoramique de la Coccinelle\u00a0est \u00e9norme, mais le trou qu'il cr\u00e9e lorsqu'il est ouvert est faible. Au d\u00e9but de leur achat, nous nous attendons \u00e0 ce que de nombreux conducteurs tripotent\u00a0leur\u00a0bouton (celui du toit ;-), pensant le toit devrait s'ouvrir plus grard.<\/p>\n<p>Il s'ouvre cependant, assez loin pour g\u00eaner l'ouverture du\u00a0hayon, ce qui explique pourquoi il glisse automatiquement vers l'avant de 8 cm\u00a0quand\u00a0on actionne l'ouverture de la malle arri\u00e8re.<\/p>\n<figure id=\"attachment_12160\" aria-describedby=\"caption-attachment-12160\" style=\"width: 390px\" class=\"wp-caption alignnone\"><img loading=\"lazy\" decoding=\"async\" class=\"wp-image-12160 size-full\" src=\"http:\/\/www.carideal.com\/blog\/wp-content\/uploads\/2012\/12\/Volkswagen-Coccinelle-2012-10-e1581666773911.jpg\" alt=\"Volkswagen Coccinelle un grand toit panoramique\" width=\"400\" height=\"245\" \/><figcaption id=\"caption-attachment-12160\" class=\"wp-caption-text\">Volkswagen Coccinelle un grand toit panoramique<\/figcaption><\/figure>\n<p>En supposant que tous les conducteurs sont de taille moyenne, un quatuor d'adultes peut confortablement monter dans la Volkswagen Cocinelle,\u00a0m\u00eame si ceux beaucoup plus grand\u00a0que la hauteur moyenne trouveront leur front enferm\u00e9 dans une d\u00e9coupe dans le bord de fuite de la garniture de pavillon. Bien qu'il ne permet aux conducteurs\u00a0de grande taille de s'installer, la d\u00e9coupe du toit met un peu mal \u00e0 l'aise et force une posture droite, de peur que vous vous frottez constamment votre front contre\u00a0le tissu.<\/p>\n<p>D'autre part, il est commode pour les\u00a0promenades estivales \u00e9touffantes. Et une simple op\u00e9ration de pliage manuel des si\u00e8ges avant ouvre rapidement un grand passage pour atteindre les si\u00e8ges\u00a0arri\u00e8res. Les dames pourront facilement faire tenir 424 litres de vases et de fleurs dans le coffre. Et si la dame rabat les si\u00e8ges arri\u00e8res ce sera m\u00eame le double ! Les acheteurs qui veulent un vase dans leur Coccinelle\u00a0auront besoin d'une solution similaire, comme il n'y en a plus de\u00a0mont\u00e9 sur le tableau de bord.<\/p>\n<ul>\n<li>Trouvez votre <span style=\"text-decoration: underline;\">voiture d'occasion\u00a0avec Carideal<\/span><\/li>\n<\/ul>\n<h2>Volkswagen Coccinelle un copi\u00e9 coll\u00e9 de voitures allemandes<\/h2>\n<figure id=\"attachment_12157\" aria-describedby=\"caption-attachment-12157\" style=\"width: 390px\" class=\"wp-caption alignnone\"><img loading=\"lazy\" decoding=\"async\" class=\"wp-image-12157 size-full\" src=\"http:\/\/www.carideal.com\/blog\/wp-content\/uploads\/2012\/12\/Volkswagen-Coccinelle-2012-7-e1581666833301.jpg\" alt=\"Volkswagen Coccinelle un copi\u00e9 coll\u00e9 de Jetta\" width=\"400\" height=\"245\" \/><figcaption id=\"caption-attachment-12157\" class=\"wp-caption-text\">Volkswagen Coccinelle un copi\u00e9 coll\u00e9 de Jetta<\/figcaption><\/figure>\n<p>Structurellement, si vous pensez que la Volkswagen Coccinelle est une\u00a0<a href=\"http:\/\/www.carideal.com\/blog\/2011\/04\/12\/volkswagen-jetta-2\/\"><span style=\"text-decoration: underline;\">Jetta<\/span><\/a> qui a subi un copi\u00e9 coll\u00e9 am\u00e9lior\u00e9, vous ne serez pas loin de la v\u00e9rit\u00e9. Elle\u00a0partage une grande partie de la plate-forme de la voiture, bien que La Volkswagen Coccinelle\u00a0turbo utilise une configuration multibras \u00e0 l'arri\u00e8re comme \u00e7'est le cas sur la Jetta GLI.<\/p>\n<p>La Volkswagen Coccinelle est disponible en moteur essence avec les 1.2 TSI de 105 ch et le 1.4 TSI de 140 ch. Ce dernier en version boit\u00e9 m\u00e9vcanique \u00e0 six vitesses est affubl\u00e9 d'un malus. Le petit 4 cylindres turbo 1.2 a du souffle \u00e0 revendre, malgr\u00e9 sa sa faible puissance de 105 ch. Ultra discret et tr\u00e8s souple 175 Nm de couple de 1.550 \u00e0 4.100 tr\/min.\u00a0Une Coccinelle\u00a0TDI, avec 140 ch produisant 320 Nm\u00a0arrivera l'\u00e9t\u00e9 prochain, tout comme une <span style=\"text-decoration: underline;\">Coccinelle cabriolet<\/span>. La Beetle R, avec un turbo et un moteur\u00a0quatre cylindres faisant au moins 240 ch, sortira\u00a0un peu plus tard. Volkswagen <a href=\"http:\/\/www.carideal.com\/blog\/2014\/05\/27\/la-volkswagen-beetle-dune\/\" target=\"_blank\" rel=\"noopener noreferrer\"><span style=\"text-decoration: underline;\">Coccinelle Dune, un buggy ?<\/span><\/a><\/p>\n<figure id=\"attachment_12153\" aria-describedby=\"caption-attachment-12153\" style=\"width: 390px\" class=\"wp-caption alignnone\"><img loading=\"lazy\" decoding=\"async\" class=\"wp-image-12153 size-full\" src=\"http:\/\/www.carideal.com\/blog\/wp-content\/uploads\/2012\/12\/Volkswagen-Coccinelle-2012-3-e1581666870983.jpg\" alt=\"L'offre des moteurs est limit\u00e9 sur la Volkswagen Coccinelle. Il faudra attendre la Coccinelle R\" width=\"400\" height=\"245\" \/><figcaption id=\"caption-attachment-12153\" class=\"wp-caption-text\">L'offre des moteurs est limit\u00e9 sur la Volkswagen Coccinelle. Il faudra attendre la Coccinelle R<\/figcaption><\/figure>\n<p>En d\u00e9pit d'\u00eatre un tel moteur familier, le moteur turbo \u00e0 quatre cylindres \u00e9met un son diff\u00e9rent dans la Coccinelle\u00a0que dans d'autres Volkswagen, presque le bruit d'un cinq cylindres. L'arriv\u00e9e de la puissance du moteur\u00a0est aussi addictif ici comme dans le <span style=\"text-decoration: underline;\"><a href=\"http:\/\/www.carideal.com\/blog\/2012\/04\/26\/volkswagen-golf-gti-cabriolet\/\">GTI<\/a><\/span>.<\/p>\n<p>Bien que nous appr\u00e9cions le passage\u00a0imm\u00e9diats de la boite DSG aussi bien en mont\u00e9 qu'en r\u00e9trogradage, gr\u00e2ce \u00e0 la concordance des r\u00e9gimes, la reprise de cette transmission \u00e0 mis-r\u00e9gime est encore d\u00e9sesp\u00e9r\u00e9ment lente, on se demande anxieusement si on va arriver \u00e0 d\u00e9passer cette satan\u00e9e auto de devant avant de percuter celle d'en face, lors d'un d\u00e9passement. La boite est program\u00e9e pour monter les rapports en d\u00e9placements urbains.<\/p>\n<p>Le passage des vitesses est tellement anodin, sans coupures, ce qui\u00a0signifit que le conducteur ne remarque pas le changement de vitesse.<\/p>\n<ul>\n<li>Trouvez votre <span style=\"text-decoration: underline;\">Volkswagen<\/span> avec Carideal<\/li>\n<\/ul>\n<figure id=\"attachment_12156\" aria-describedby=\"caption-attachment-12156\" style=\"width: 390px\" class=\"wp-caption alignnone\"><img loading=\"lazy\" decoding=\"async\" class=\"wp-image-12156 size-full\" src=\"http:\/\/www.carideal.com\/blog\/wp-content\/uploads\/2012\/12\/Volkswagen-Coccinelle-2012-6-e1581666579966.jpg\" alt=\"La Volkswagen Coccinelle a \u00e9t\u00e9 enti\u00e8rement remodel\u00e9e\" width=\"400\" height=\"245\" \/><figcaption id=\"caption-attachment-12156\" class=\"wp-caption-text\">La Volkswagen Coccinelle a \u00e9t\u00e9 enti\u00e8rement remodel\u00e9e avec de belles jantes de 18 ou de 19\"<\/figcaption><\/figure>\n<p>La voiture de base est livr\u00e9 avec roues de 17 pouces et peut \u00eatre \u00e9quip\u00e9 de 18\". Le Turbo comprend une offre en 18\" et 19\". Les jantes de 18 sont certainement celles qui conviennent le mieux \u00e0 cette voiture, sachant qu'elles impactent d\u00e9j\u00e0 la duret\u00e9 de la suspension.<\/p>\n<p>Mais le trajet est par ailleurs confortable, avec des mouvements de corps restreints. Toutes les Volkswagen Coccinelle\u00a0ont une jambe de suspension \u00e0 l'avant avec une barre anti-roulis, mais la barre de la Version Turbo a un diam\u00e8tre\u00a01 mm plus gros, \u00e0 23 mm. En outre, le Turbo obtient une barre anti-roulis arri\u00e8re de 18 mm et un pack sport en option. \u00a0La voiture de base n'en est pas \u00e9quip\u00e9e.<\/p>\n<p>Peu importe, la Volkswagen Coccinelle a r\u00e9solu son probl\u00e8me de sous-virage.\u00a0Le diff\u00e9rentiel \u00e0\u00a0glissement limit\u00e9 XDS est livr\u00e9 en standard sur les voitures turbocompress\u00e9s.<\/p>\n<figure id=\"attachment_12152\" aria-describedby=\"caption-attachment-12152\" style=\"width: 390px\" class=\"wp-caption alignnone\"><img loading=\"lazy\" decoding=\"async\" class=\"wp-image-12152 size-full\" src=\"http:\/\/www.carideal.com\/blog\/wp-content\/uploads\/2012\/12\/Volkswagen-Coccinelle-2012-2-e1581666951514.jpg\" alt=\"Volkswagen Coccinelle plus sportive\" width=\"400\" height=\"245\" \/><figcaption id=\"caption-attachment-12152\" class=\"wp-caption-text\">Volkswagen Coccinelle plus sportive<\/figcaption><\/figure>\n<p>Le poids de la direction ne saura pas ali\u00e9ner m\u00eame le plus fragile des clients de la nouvelle Volkswagen Coccinelle, mais il faudra quand m\u00eame une touche d'effort pour tourner le volant. L'effort augmente de fa\u00e7on pr\u00e9visible avec la vitesse et offre suffisamment de r\u00e9troaction pour satisfaire les habitu\u00e9s de\u00a0GTIs sans effrayer les anciens acheteurs de New Beetle. Comme la Jetta, la Volkswagen Coccinelle\u00a0donne un ressenti un peu moins importante que les autres produits VW.<\/p>\n<p>Elle\u00a0n'est pas terriblement fragile, juste une sensation l\u00e9g\u00e8rement moins solide que celle \u00e0 l'aquelle nous sommes habitu\u00e9s. (A l'int\u00e9rieur, heureusement, la nouvelle Volkswagen Coccinelle ne\u00a0trahit aucune des r\u00e9ductions de co\u00fbts si\u00a0\u00e9vidente dans la Jetta.) \u00c0 des vitesses allemande appropri\u00e9es sur l'autobahn, au dessus de 160 km\/h, nous avons not\u00e9 une nervosit\u00e9 tr\u00e8s inhabituelle pour une allemande. Ceci aura sans doute une importance pour certains acheteurs.<\/p>\n<h2>La gamme des Volkswagen Coccinelle<\/h2>\n<p>Ce qui importe pour les acheteurs ici est la valeur de la Coccinelle. La moins cher des Volkswagen Coccinelle Beetle commence \u00e0 22000 \u20ac\u00a0et comprend le moteur 1.2 TSi de 105 ch, la boite \u00e0\u00a0cinq vitesses, les freins \u00e0 disque, les l\u00e8ve-vitres \u00e9lectriques, le r\u00e9gulateur de vitesse, les si\u00e8ges en tissu attrayant qui se replient 50\/50 \u00e0 l'arri\u00e8re, et une radio \u00e0 huit haut-parleurs avec une entr\u00e9e auxiliaire. Si vous voulez une boite automatique, vous aurez \u00e0 passer \u00e0 la version DSG7\u00a0\u00e0 23970 \u20ac.<\/p>\n<p>Vous aurez la possibilit\u00e9 de choisir entre 4 finitions diff\u00e9rentes de Volkswagen Coccinelle,dont ceratines seront \u00e9quip\u00e9es avec un toit ouvrant panoramique\u00a0recouvert de verre sur\u00a0le toit, un volant gain\u00e9 de cuir avec commandes audio, l'entr\u00e9e et le d\u00e9marrage sans cl\u00e9, et une radio \u00e0 \u00e9cran tactile.<\/p>\n<p>Le plus ch\u00e8res parmi les Volkswagen Coccinelle sera version diesel 2.0 TDI 140 ch DSG6 \u00e0 presque 35000 \u20ac, des si\u00e8ges en cuir, la navigation, ainsi que tableau de bord et les garnitures de porte envelopp\u00e9 dans de la peau de vache morte. On n'est vraiment la voiture du peuple \u00e0 ce tarif l\u00e0.<\/p>\n<p>Si vous pensez que la Volkswagen Coccinelle \u00e9tait un \"soap\"\u00a0copi\u00e9 coll\u00e9, le traitement \u00e9tait vraiment pas cher, avec des prix surpassant les berlines\u00a0\u00e9quip\u00e9s de fa\u00e7on similaire mais\u00a0moins \u00e9l\u00e9gantes de VW, la <a href=\"http:\/\/www.carideal.com\/blog\/2013\/03\/13\/la-golf-vii\/\"><span style=\"text-decoration: underline;\">Golf<\/span><\/a> et la <a href=\"http:\/\/www.carideal.com\/blog\/2012\/04\/26\/volkswagen-golf-gti-cabriolet\/\">Golf GTI<\/a>, d'environ 10000 \u20ac. Cela nous semble raisonnable pour une voiture avec plus de panache et une baisse relativement mineure en efficacit\u00e9. Le meilleur de tous pour la fin, la forme de la voiture n'attire plus exclusivement aux femmes \ud83d\ude09 .<\/p>\n<h2>Gallerie images Volkswagen Coccinelle 2012<\/h2>\n<div id='gallery-1' class='gallery galleryid-1241 gallery-columns-3 gallery-size-medium'><figure class='gallery-item'>\n\t\t\t<div class='gallery-icon landscape'>\n\t\t\t\t<a href='https:\/\/www.carideal.com\/blog\/2012\/12\/07\/volkswagen-coccinelle\/volkswagen-coccinelle-2012\/#main'><img loading=\"lazy\" decoding=\"async\" width=\"300\" height=\"183\" src=\"https:\/\/www.carideal.com\/blog\/wp-content\/uploads\/2012\/12\/Volkswagen-Coccinelle-2012-300x183.jpg\" class=\"attachment-medium size-medium\" alt=\"Volkswagen Coccinelle plus belle\" aria-describedby=\"gallery-1-12151\" srcset=\"https:\/\/www.carideal.com\/blog\/wp-content\/uploads\/2012\/12\/Volkswagen-Coccinelle-2012-300x183.jpg 300w, https:\/\/www.carideal.com\/blog\/wp-content\/uploads\/2012\/12\/Volkswagen-Coccinelle-2012-768x470.jpg 768w, https:\/\/www.carideal.com\/blog\/wp-content\/uploads\/2012\/12\/Volkswagen-Coccinelle-2012-624x382.jpg 624w, https:\/\/www.carideal.com\/blog\/wp-content\/uploads\/2012\/12\/Volkswagen-Coccinelle-2012-e1581666498547.jpg 600w\" sizes=\"(max-width: 300px) 100vw, 300px\" \/><\/a>\n\t\t\t<\/div>\n\t\t\t\t<figcaption class='wp-caption-text gallery-caption' id='gallery-1-12151'>\n\t\t\t\tVolkswagen Coccinelle plus belle\n\t\t\t\t<\/figcaption><\/figure><figure class='gallery-item'>\n\t\t\t<div class='gallery-icon landscape'>\n\t\t\t\t<a href='https:\/\/www.carideal.com\/blog\/2012\/12\/07\/volkswagen-coccinelle\/volkswagen-coccinelle-2012-2\/#main'><img loading=\"lazy\" decoding=\"async\" width=\"300\" height=\"183\" src=\"https:\/\/www.carideal.com\/blog\/wp-content\/uploads\/2012\/12\/Volkswagen-Coccinelle-2012-2-300x183.jpg\" class=\"attachment-medium size-medium\" alt=\"\" aria-describedby=\"gallery-1-12152\" srcset=\"https:\/\/www.carideal.com\/blog\/wp-content\/uploads\/2012\/12\/Volkswagen-Coccinelle-2012-2-300x183.jpg 300w, https:\/\/www.carideal.com\/blog\/wp-content\/uploads\/2012\/12\/Volkswagen-Coccinelle-2012-2-768x470.jpg 768w, https:\/\/www.carideal.com\/blog\/wp-content\/uploads\/2012\/12\/Volkswagen-Coccinelle-2012-2-624x382.jpg 624w, https:\/\/www.carideal.com\/blog\/wp-content\/uploads\/2012\/12\/Volkswagen-Coccinelle-2012-2-e1581666951514.jpg 400w\" sizes=\"(max-width: 300px) 100vw, 300px\" \/><\/a>\n\t\t\t<\/div>\n\t\t\t\t<figcaption class='wp-caption-text gallery-caption' id='gallery-1-12152'>\n\t\t\t\tVolkswagen Coccinelle plus sportive\n\t\t\t\t<\/figcaption><\/figure><figure class='gallery-item'>\n\t\t\t<div class='gallery-icon landscape'>\n\t\t\t\t<a href='https:\/\/www.carideal.com\/blog\/2012\/12\/07\/volkswagen-coccinelle\/volkswagen-coccinelle-2012-3\/#main'><img loading=\"lazy\" decoding=\"async\" width=\"300\" height=\"183\" src=\"https:\/\/www.carideal.com\/blog\/wp-content\/uploads\/2012\/12\/Volkswagen-Coccinelle-2012-3-300x183.jpg\" class=\"attachment-medium size-medium\" alt=\"L&#039;offre des moteurs est limit\u00e9 sur la Volkswagen Coccinelle. Il faudra attendre la Coccinelle R\" aria-describedby=\"gallery-1-12153\" srcset=\"https:\/\/www.carideal.com\/blog\/wp-content\/uploads\/2012\/12\/Volkswagen-Coccinelle-2012-3-300x183.jpg 300w, https:\/\/www.carideal.com\/blog\/wp-content\/uploads\/2012\/12\/Volkswagen-Coccinelle-2012-3-768x470.jpg 768w, https:\/\/www.carideal.com\/blog\/wp-content\/uploads\/2012\/12\/Volkswagen-Coccinelle-2012-3-624x382.jpg 624w, https:\/\/www.carideal.com\/blog\/wp-content\/uploads\/2012\/12\/Volkswagen-Coccinelle-2012-3-e1581666870983.jpg 400w\" sizes=\"(max-width: 300px) 100vw, 300px\" \/><\/a>\n\t\t\t<\/div>\n\t\t\t\t<figcaption class='wp-caption-text gallery-caption' id='gallery-1-12153'>\n\t\t\t\tL&rsquo;offre des moteurs est limit\u00e9 sur la Volkswagen Coccinelle. Il faudra attendre la Coccinelle R\n\t\t\t\t<\/figcaption><\/figure><figure class='gallery-item'>\n\t\t\t<div class='gallery-icon landscape'>\n\t\t\t\t<a href='https:\/\/www.carideal.com\/blog\/2012\/12\/07\/volkswagen-coccinelle\/volkswagen-coccinelle-2012-4\/#main'><img loading=\"lazy\" decoding=\"async\" width=\"300\" height=\"183\" src=\"https:\/\/www.carideal.com\/blog\/wp-content\/uploads\/2012\/12\/Volkswagen-Coccinelle-2012-4-300x183.jpg\" class=\"attachment-medium size-medium\" alt=\"Volkswagen Coccinelle une voiture de fille ?\" aria-describedby=\"gallery-1-12154\" srcset=\"https:\/\/www.carideal.com\/blog\/wp-content\/uploads\/2012\/12\/Volkswagen-Coccinelle-2012-4-300x183.jpg 300w, https:\/\/www.carideal.com\/blog\/wp-content\/uploads\/2012\/12\/Volkswagen-Coccinelle-2012-4-768x470.jpg 768w, https:\/\/www.carideal.com\/blog\/wp-content\/uploads\/2012\/12\/Volkswagen-Coccinelle-2012-4-624x382.jpg 624w, https:\/\/www.carideal.com\/blog\/wp-content\/uploads\/2012\/12\/Volkswagen-Coccinelle-2012-4-e1581666531541.jpg 400w\" sizes=\"(max-width: 300px) 100vw, 300px\" \/><\/a>\n\t\t\t<\/div>\n\t\t\t\t<figcaption class='wp-caption-text gallery-caption' id='gallery-1-12154'>\n\t\t\t\tVolkswagen Coccinelle une voiture de fille ?\n\t\t\t\t<\/figcaption><\/figure><figure class='gallery-item'>\n\t\t\t<div class='gallery-icon landscape'>\n\t\t\t\t<a href='https:\/\/www.carideal.com\/blog\/2012\/12\/07\/volkswagen-coccinelle\/volkswagen-coccinelle-2012-5\/#main'><img loading=\"lazy\" decoding=\"async\" width=\"300\" height=\"183\" src=\"https:\/\/www.carideal.com\/blog\/wp-content\/uploads\/2012\/12\/Volkswagen-Coccinelle-2012-5-300x183.jpg\" class=\"attachment-medium size-medium\" alt=\"\" srcset=\"https:\/\/www.carideal.com\/blog\/wp-content\/uploads\/2012\/12\/Volkswagen-Coccinelle-2012-5-300x183.jpg 300w, https:\/\/www.carideal.com\/blog\/wp-content\/uploads\/2012\/12\/Volkswagen-Coccinelle-2012-5-768x470.jpg 768w, https:\/\/www.carideal.com\/blog\/wp-content\/uploads\/2012\/12\/Volkswagen-Coccinelle-2012-5-624x382.jpg 624w, https:\/\/www.carideal.com\/blog\/wp-content\/uploads\/2012\/12\/Volkswagen-Coccinelle-2012-5.jpg 986w\" sizes=\"(max-width: 300px) 100vw, 300px\" \/><\/a>\n\t\t\t<\/div><\/figure><figure class='gallery-item'>\n\t\t\t<div class='gallery-icon landscape'>\n\t\t\t\t<a href='https:\/\/www.carideal.com\/blog\/2012\/12\/07\/volkswagen-coccinelle\/volkswagen-coccinelle-2012-6\/#main'><img loading=\"lazy\" decoding=\"async\" width=\"300\" height=\"183\" src=\"https:\/\/www.carideal.com\/blog\/wp-content\/uploads\/2012\/12\/Volkswagen-Coccinelle-2012-6-300x183.jpg\" class=\"attachment-medium size-medium\" alt=\"La Volkswagen Coccinelle a \u00e9t\u00e9 enti\u00e8rement remodel\u00e9e\" aria-describedby=\"gallery-1-12156\" srcset=\"https:\/\/www.carideal.com\/blog\/wp-content\/uploads\/2012\/12\/Volkswagen-Coccinelle-2012-6-300x183.jpg 300w, https:\/\/www.carideal.com\/blog\/wp-content\/uploads\/2012\/12\/Volkswagen-Coccinelle-2012-6-768x470.jpg 768w, https:\/\/www.carideal.com\/blog\/wp-content\/uploads\/2012\/12\/Volkswagen-Coccinelle-2012-6-624x382.jpg 624w, https:\/\/www.carideal.com\/blog\/wp-content\/uploads\/2012\/12\/Volkswagen-Coccinelle-2012-6-e1581666579966.jpg 400w\" sizes=\"(max-width: 300px) 100vw, 300px\" \/><\/a>\n\t\t\t<\/div>\n\t\t\t\t<figcaption class='wp-caption-text gallery-caption' id='gallery-1-12156'>\n\t\t\t\tLa Volkswagen Coccinelle a \u00e9t\u00e9 enti\u00e8rement remodel\u00e9e avec de belles jantes de 18 ou de 19&Prime;\n\t\t\t\t<\/figcaption><\/figure><figure class='gallery-item'>\n\t\t\t<div class='gallery-icon landscape'>\n\t\t\t\t<a href='https:\/\/www.carideal.com\/blog\/2012\/12\/07\/volkswagen-coccinelle\/volkswagen-coccinelle-2012-7\/#main'><img loading=\"lazy\" decoding=\"async\" width=\"300\" height=\"183\" src=\"https:\/\/www.carideal.com\/blog\/wp-content\/uploads\/2012\/12\/Volkswagen-Coccinelle-2012-7-300x183.jpg\" class=\"attachment-medium size-medium\" alt=\"Volkswagen Coccinelle un copi\u00e9 coll\u00e9 de Jetta\" aria-describedby=\"gallery-1-12157\" srcset=\"https:\/\/www.carideal.com\/blog\/wp-content\/uploads\/2012\/12\/Volkswagen-Coccinelle-2012-7-300x183.jpg 300w, https:\/\/www.carideal.com\/blog\/wp-content\/uploads\/2012\/12\/Volkswagen-Coccinelle-2012-7-768x470.jpg 768w, https:\/\/www.carideal.com\/blog\/wp-content\/uploads\/2012\/12\/Volkswagen-Coccinelle-2012-7-624x382.jpg 624w, https:\/\/www.carideal.com\/blog\/wp-content\/uploads\/2012\/12\/Volkswagen-Coccinelle-2012-7-e1581666833301.jpg 400w\" sizes=\"(max-width: 300px) 100vw, 300px\" \/><\/a>\n\t\t\t<\/div>\n\t\t\t\t<figcaption class='wp-caption-text gallery-caption' id='gallery-1-12157'>\n\t\t\t\tVolkswagen Coccinelle un copi\u00e9 coll\u00e9 de Jetta\n\t\t\t\t<\/figcaption><\/figure><figure class='gallery-item'>\n\t\t\t<div class='gallery-icon landscape'>\n\t\t\t\t<a href='https:\/\/www.carideal.com\/blog\/2012\/12\/07\/volkswagen-coccinelle\/volkswagen-coccinelle-2012-8\/#main'><img loading=\"lazy\" decoding=\"async\" width=\"300\" height=\"183\" src=\"https:\/\/www.carideal.com\/blog\/wp-content\/uploads\/2012\/12\/Volkswagen-Coccinelle-2012-8-300x183.jpg\" class=\"attachment-medium size-medium\" alt=\"\" aria-describedby=\"gallery-1-12158\" srcset=\"https:\/\/www.carideal.com\/blog\/wp-content\/uploads\/2012\/12\/Volkswagen-Coccinelle-2012-8-300x183.jpg 300w, https:\/\/www.carideal.com\/blog\/wp-content\/uploads\/2012\/12\/Volkswagen-Coccinelle-2012-8-768x470.jpg 768w, https:\/\/www.carideal.com\/blog\/wp-content\/uploads\/2012\/12\/Volkswagen-Coccinelle-2012-8-624x382.jpg 624w, https:\/\/www.carideal.com\/blog\/wp-content\/uploads\/2012\/12\/Volkswagen-Coccinelle-2012-8.jpg 986w\" sizes=\"(max-width: 300px) 100vw, 300px\" \/><\/a>\n\t\t\t<\/div>\n\t\t\t\t<figcaption class='wp-caption-text gallery-caption' id='gallery-1-12158'>\n\t\t\t\tVolkswagen Coccinelle int\u00e9rieur qui rapelle l&rsquo;originale\n\t\t\t\t<\/figcaption><\/figure><figure class='gallery-item'>\n\t\t\t<div class='gallery-icon landscape'>\n\t\t\t\t<a href='https:\/\/www.carideal.com\/blog\/2012\/12\/07\/volkswagen-coccinelle\/volkswagen-coccinelle-2012-9\/#main'><img loading=\"lazy\" decoding=\"async\" width=\"300\" height=\"183\" src=\"https:\/\/www.carideal.com\/blog\/wp-content\/uploads\/2012\/12\/Volkswagen-Coccinelle-2012-9-300x183.jpg\" class=\"attachment-medium size-medium\" alt=\"\" aria-describedby=\"gallery-1-12159\" srcset=\"https:\/\/www.carideal.com\/blog\/wp-content\/uploads\/2012\/12\/Volkswagen-Coccinelle-2012-9-300x183.jpg 300w, https:\/\/www.carideal.com\/blog\/wp-content\/uploads\/2012\/12\/Volkswagen-Coccinelle-2012-9-768x470.jpg 768w, https:\/\/www.carideal.com\/blog\/wp-content\/uploads\/2012\/12\/Volkswagen-Coccinelle-2012-9-624x382.jpg 624w, https:\/\/www.carideal.com\/blog\/wp-content\/uploads\/2012\/12\/Volkswagen-Coccinelle-2012-9.jpg 986w\" sizes=\"(max-width: 300px) 100vw, 300px\" \/><\/a>\n\t\t\t<\/div>\n\t\t\t\t<figcaption class='wp-caption-text gallery-caption' id='gallery-1-12159'>\n\t\t\t\tVolkswagen Coccinelle\n\t\t\t\t<\/figcaption><\/figure><figure class='gallery-item'>\n\t\t\t<div class='gallery-icon landscape'>\n\t\t\t\t<a href='https:\/\/www.carideal.com\/blog\/2012\/12\/07\/volkswagen-coccinelle\/volkswagen-coccinelle-2012-10\/#main'><img loading=\"lazy\" decoding=\"async\" width=\"300\" height=\"183\" src=\"https:\/\/www.carideal.com\/blog\/wp-content\/uploads\/2012\/12\/Volkswagen-Coccinelle-2012-10-300x183.jpg\" class=\"attachment-medium size-medium\" alt=\"\" aria-describedby=\"gallery-1-12160\" srcset=\"https:\/\/www.carideal.com\/blog\/wp-content\/uploads\/2012\/12\/Volkswagen-Coccinelle-2012-10-300x183.jpg 300w, https:\/\/www.carideal.com\/blog\/wp-content\/uploads\/2012\/12\/Volkswagen-Coccinelle-2012-10-768x470.jpg 768w, https:\/\/www.carideal.com\/blog\/wp-content\/uploads\/2012\/12\/Volkswagen-Coccinelle-2012-10-624x382.jpg 624w, https:\/\/www.carideal.com\/blog\/wp-content\/uploads\/2012\/12\/Volkswagen-Coccinelle-2012-10-e1581666773911.jpg 400w\" sizes=\"(max-width: 300px) 100vw, 300px\" \/><\/a>\n\t\t\t<\/div>\n\t\t\t\t<figcaption class='wp-caption-text gallery-caption' id='gallery-1-12160'>\n\t\t\t\tVolkswagen Coccinelle un grand toit panoramique\n\t\t\t\t<\/figcaption><\/figure><figure class='gallery-item'>\n\t\t\t<div class='gallery-icon landscape'>\n\t\t\t\t<a href='https:\/\/www.carideal.com\/blog\/2012\/12\/07\/volkswagen-coccinelle\/volkswagen-coccinelle-2012-11\/#main'><img loading=\"lazy\" decoding=\"async\" width=\"300\" height=\"183\" src=\"https:\/\/www.carideal.com\/blog\/wp-content\/uploads\/2012\/12\/Volkswagen-Coccinelle-2012-11-300x183.jpg\" class=\"attachment-medium size-medium\" alt=\"Les grands passagers tiendront dans cette Nouvelle Volkswagen Coccinelle\" aria-describedby=\"gallery-1-12161\" srcset=\"https:\/\/www.carideal.com\/blog\/wp-content\/uploads\/2012\/12\/Volkswagen-Coccinelle-2012-11-300x183.jpg 300w, https:\/\/www.carideal.com\/blog\/wp-content\/uploads\/2012\/12\/Volkswagen-Coccinelle-2012-11-768x470.jpg 768w, https:\/\/www.carideal.com\/blog\/wp-content\/uploads\/2012\/12\/Volkswagen-Coccinelle-2012-11-624x382.jpg 624w, https:\/\/www.carideal.com\/blog\/wp-content\/uploads\/2012\/12\/Volkswagen-Coccinelle-2012-11-e1581666733519.jpg 400w\" sizes=\"(max-width: 300px) 100vw, 300px\" \/><\/a>\n\t\t\t<\/div>\n\t\t\t\t<figcaption class='wp-caption-text gallery-caption' id='gallery-1-12161'>\n\t\t\t\tLes grands passagers tiendront dans cette Nouvelle Volkswagen Coccinelle\n\t\t\t\t<\/figcaption><\/figure><figure class='gallery-item'>\n\t\t\t<div class='gallery-icon landscape'>\n\t\t\t\t<a href='https:\/\/www.carideal.com\/blog\/2012\/12\/07\/volkswagen-coccinelle\/volkswagen-coccinelle-2012-12\/#main'><img loading=\"lazy\" decoding=\"async\" width=\"300\" height=\"183\" src=\"https:\/\/www.carideal.com\/blog\/wp-content\/uploads\/2012\/12\/Volkswagen-Coccinelle-2012-12-300x183.jpg\" class=\"attachment-medium size-medium\" alt=\"\" aria-describedby=\"gallery-1-12162\" srcset=\"https:\/\/www.carideal.com\/blog\/wp-content\/uploads\/2012\/12\/Volkswagen-Coccinelle-2012-12-300x183.jpg 300w, https:\/\/www.carideal.com\/blog\/wp-content\/uploads\/2012\/12\/Volkswagen-Coccinelle-2012-12-768x470.jpg 768w, https:\/\/www.carideal.com\/blog\/wp-content\/uploads\/2012\/12\/Volkswagen-Coccinelle-2012-12-624x382.jpg 624w, https:\/\/www.carideal.com\/blog\/wp-content\/uploads\/2012\/12\/Volkswagen-Coccinelle-2012-12.jpg 986w\" sizes=\"(max-width: 300px) 100vw, 300px\" \/><\/a>\n\t\t\t<\/div>\n\t\t\t\t<figcaption class='wp-caption-text gallery-caption' id='gallery-1-12162'>\n\t\t\t\tVolkswagen Coccinelle un tableau de bord inspir\u00e9 des ann\u00e9es 70\n\t\t\t\t<\/figcaption><\/figure><figure class='gallery-item'>\n\t\t\t<div class='gallery-icon landscape'>\n\t\t\t\t<a href='https:\/\/www.carideal.com\/blog\/2012\/12\/07\/volkswagen-coccinelle\/volkswagen-coccinelle-2\/#main'><img loading=\"lazy\" decoding=\"async\" width=\"300\" height=\"198\" src=\"https:\/\/www.carideal.com\/blog\/wp-content\/uploads\/2012\/12\/VOLKSWAGEN-COCCINELLE-300x198.jpg\" class=\"attachment-medium size-medium\" alt=\"Volkswagen Coccinelle 2012 essai en d\u00e9tail vid\u00e9os\" aria-describedby=\"gallery-1-12164\" srcset=\"https:\/\/www.carideal.com\/blog\/wp-content\/uploads\/2012\/12\/VOLKSWAGEN-COCCINELLE-300x198.jpg 300w, https:\/\/www.carideal.com\/blog\/wp-content\/uploads\/2012\/12\/VOLKSWAGEN-COCCINELLE-e1581666652539.jpg 600w\" sizes=\"(max-width: 300px) 100vw, 300px\" \/><\/a>\n\t\t\t<\/div>\n\t\t\t\t<figcaption class='wp-caption-text gallery-caption' id='gallery-1-12164'>\n\t\t\t\tVolkswagen Coccinelle 2012 essai en d\u00e9tail vid\u00e9os\n\t\t\t\t<\/figcaption><\/figure>\n\t\t<\/div>\n\n<h2>Vid\u00e9o Volkswagen Coccinelle 2012<\/h2>\n<p>Dites nous laquelle des deux vid\u00e9os vous pr\u00e9f\u00e9rez ?<\/p>\n<p><iframe loading=\"lazy\" src=\"https:\/\/www.youtube.com\/embed\/P1P-BO_HwN4\" width=\"560\" height=\"315\" frameborder=\"0\" allowfullscreen=\"allowfullscreen\"><\/iframe><\/p>\n<p><iframe loading=\"lazy\" src=\"https:\/\/www.youtube.com\/embed\/f249i2gfzFg\" width=\"560\" height=\"315\" frameborder=\"0\" allowfullscreen=\"allowfullscreen\"><\/iframe><\/p>\n","protected":false},"excerpt":{"rendered":"<p>La Beetle est morte vive la Volkswagen Coccinelle 2012 Plus polyvalente, mieux finie et terriblement s\u00e9duisante, la Volkswagen Coccinelle 2012 surpasse la Beetle. Et roule d\u00e9sormais au gazole pour convaincre ceux qui surveillent de pr\u00e8s leur budget carburant. Allure atpique, bruit irr\u00e9sistible du moteur en porte \u00e0 faux arri\u00e8re et jantes chrom\u00e9es la Coccinelle d&rsquo;origine &#8230; <a title=\"Volkswagen Coccinelle 2012 essai en d\u00e9tail vid\u00e9os\" class=\"read-more\" href=\"https:\/\/www.carideal.com\/blog\/2012\/12\/07\/volkswagen-coccinelle\/\" aria-label=\"En savoir plus sur Volkswagen Coccinelle 2012 essai en d\u00e9tail vid\u00e9os\">Lire plus<\/a><\/p>\n","protected":false},"author":1,"featured_media":12164,"comment_status":"open","ping_status":"open","sticky":false,"template":"","format":"standard","meta":{"_uag_custom_page_level_css":"","_themeisle_gutenberg_block_has_review":false,"footnotes":""},"categories":[21,5944,5985,6012,5947,5989,5974,18],"tags":[],"class_list":["post-1241","post","type-post","status-publish","format-standard","has-post-thumbnail","hentry","category-actualites-auto","category-constructeur","category-volkswagen","category-berlines","category-essai","category-volkswagen-essai","category-type-de-vehicule","category-videos"],"wppr_data":{"cwp_meta_box_check":"No"},"yoast_head":"<!-- This site is optimized with the Yoast SEO plugin v24.8.1 - https:\/\/yoast.com\/wordpress\/plugins\/seo\/ -->\n<title>Volkswagen Coccinelle 2012 essai en d\u00e9tail vid\u00e9os - Blog auto Carid\u00e9al<\/title>\n<meta name=\"description\" content=\"Plus polyvalente, mieux finie et terriblement s\u00e9duisante, la Volkswagen Coccinelle surpasse la Beetle, mieux finie, plus sportive, plus dynamique, belle.\" \/>\n<meta name=\"robots\" content=\"index, follow, max-snippet:-1, max-image-preview:large, max-video-preview:-1\" \/>\n<link rel=\"canonical\" href=\"https:\/\/www.carideal.com\/blog\/2012\/12\/07\/volkswagen-coccinelle\/\" \/>\n<meta property=\"og:locale\" content=\"fr_FR\" \/>\n<meta property=\"og:type\" content=\"article\" \/>\n<meta property=\"og:title\" content=\"Volkswagen Coccinelle 2012 essai en d\u00e9tail vid\u00e9os - Blog auto Carid\u00e9al\" \/>\n<meta property=\"og:description\" content=\"Plus polyvalente, mieux finie et terriblement s\u00e9duisante, la Volkswagen Coccinelle surpasse la Beetle, mieux finie, plus sportive, plus dynamique, belle.\" \/>\n<meta property=\"og:url\" content=\"https:\/\/www.carideal.com\/blog\/2012\/12\/07\/volkswagen-coccinelle\/\" \/>\n<meta property=\"og:site_name\" content=\"Blog auto Carid\u00e9al\" \/>\n<meta property=\"article:publisher\" content=\"https:\/\/www.facebook.com\/Carideal.mandataire.automobile\" \/>\n<meta property=\"article:author\" content=\"https:\/\/www.facebook.com\/Carideal.mandataire.automobile\/\" \/>\n<meta property=\"article:published_time\" content=\"2012-12-07T13:29:00+00:00\" \/>\n<meta property=\"article:modified_time\" content=\"2020-02-14T08:01:44+00:00\" \/>\n<meta property=\"og:image\" content=\"https:\/\/www.carideal.com\/blog\/wp-content\/uploads\/2012\/12\/VOLKSWAGEN-COCCINELLE-e1581666652539.jpg\" \/>\n\t<meta property=\"og:image:width\" content=\"600\" \/>\n\t<meta property=\"og:image:height\" content=\"397\" \/>\n\t<meta property=\"og:image:type\" content=\"image\/jpeg\" \/>\n<meta name=\"author\" content=\"N.S Carideal\" \/>\n<meta name=\"twitter:card\" content=\"summary_large_image\" \/>\n<meta name=\"twitter:creator\" content=\"@caridealauto\" \/>\n<meta name=\"twitter:site\" content=\"@caridealauto\" \/>\n<meta name=\"twitter:label1\" content=\"\u00c9crit par\" \/>\n\t<meta name=\"twitter:data1\" content=\"N.S Carideal\" \/>\n\t<meta name=\"twitter:label2\" content=\"Dur\u00e9e de lecture estim\u00e9e\" \/>\n\t<meta name=\"twitter:data2\" content=\"10 minutes\" \/>\n<script type=\"application\/ld+json\" class=\"yoast-schema-graph\">{\"@context\":\"https:\/\/schema.org\",\"@graph\":[{\"@type\":\"Article\",\"@id\":\"https:\/\/www.carideal.com\/blog\/2012\/12\/07\/volkswagen-coccinelle\/#article\",\"isPartOf\":{\"@id\":\"https:\/\/www.carideal.com\/blog\/2012\/12\/07\/volkswagen-coccinelle\/\"},\"author\":{\"name\":\"N.S Carideal\",\"@id\":\"https:\/\/www.carideal.com\/blog\/#\/schema\/person\/985c7e757d1042d647f21bfaf8d41ebc\"},\"headline\":\"Volkswagen Coccinelle 2012 essai en d\u00e9tail vid\u00e9os\",\"datePublished\":\"2012-12-07T13:29:00+00:00\",\"dateModified\":\"2020-02-14T08:01:44+00:00\",\"mainEntityOfPage\":{\"@id\":\"https:\/\/www.carideal.com\/blog\/2012\/12\/07\/volkswagen-coccinelle\/\"},\"wordCount\":1964,\"commentCount\":0,\"publisher\":{\"@id\":\"https:\/\/www.carideal.com\/blog\/#organization\"},\"image\":{\"@id\":\"https:\/\/www.carideal.com\/blog\/2012\/12\/07\/volkswagen-coccinelle\/#primaryimage\"},\"thumbnailUrl\":\"https:\/\/www.carideal.com\/blog\/wp-content\/uploads\/2012\/12\/VOLKSWAGEN-COCCINELLE-e1581666652539.jpg\",\"articleSection\":[\"Actualit\u00e9 automobile\",\"Actualit\u00e9 Constructeur automobile\",\"Actualit\u00e9 Volkswagen\",\"Berlines\",\"Essais automobile\",\"Essais Volkswagen\",\"Type de v\u00e9hicule\",\"Vid\u00e9o voiture : vid\u00e9o automobile\"],\"inLanguage\":\"fr-FR\",\"potentialAction\":[{\"@type\":\"CommentAction\",\"name\":\"Comment\",\"target\":[\"https:\/\/www.carideal.com\/blog\/2012\/12\/07\/volkswagen-coccinelle\/#respond\"]}]},{\"@type\":\"WebPage\",\"@id\":\"https:\/\/www.carideal.com\/blog\/2012\/12\/07\/volkswagen-coccinelle\/\",\"url\":\"https:\/\/www.carideal.com\/blog\/2012\/12\/07\/volkswagen-coccinelle\/\",\"name\":\"Volkswagen Coccinelle 2012 essai en d\u00e9tail vid\u00e9os - Blog auto Carid\u00e9al\",\"isPartOf\":{\"@id\":\"https:\/\/www.carideal.com\/blog\/#website\"},\"primaryImageOfPage\":{\"@id\":\"https:\/\/www.carideal.com\/blog\/2012\/12\/07\/volkswagen-coccinelle\/#primaryimage\"},\"image\":{\"@id\":\"https:\/\/www.carideal.com\/blog\/2012\/12\/07\/volkswagen-coccinelle\/#primaryimage\"},\"thumbnailUrl\":\"https:\/\/www.carideal.com\/blog\/wp-content\/uploads\/2012\/12\/VOLKSWAGEN-COCCINELLE-e1581666652539.jpg\",\"datePublished\":\"2012-12-07T13:29:00+00:00\",\"dateModified\":\"2020-02-14T08:01:44+00:00\",\"description\":\"Plus polyvalente, mieux finie et terriblement s\u00e9duisante, la Volkswagen Coccinelle surpasse la Beetle, mieux finie, plus sportive, plus dynamique, belle.\",\"breadcrumb\":{\"@id\":\"https:\/\/www.carideal.com\/blog\/2012\/12\/07\/volkswagen-coccinelle\/#breadcrumb\"},\"inLanguage\":\"fr-FR\",\"potentialAction\":[{\"@type\":\"ReadAction\",\"target\":[\"https:\/\/www.carideal.com\/blog\/2012\/12\/07\/volkswagen-coccinelle\/\"]}]},{\"@type\":\"ImageObject\",\"inLanguage\":\"fr-FR\",\"@id\":\"https:\/\/www.carideal.com\/blog\/2012\/12\/07\/volkswagen-coccinelle\/#primaryimage\",\"url\":\"https:\/\/www.carideal.com\/blog\/wp-content\/uploads\/2012\/12\/VOLKSWAGEN-COCCINELLE-e1581666652539.jpg\",\"contentUrl\":\"https:\/\/www.carideal.com\/blog\/wp-content\/uploads\/2012\/12\/VOLKSWAGEN-COCCINELLE-e1581666652539.jpg\",\"width\":600,\"height\":397,\"caption\":\"Volkswagen Coccinelle 2012 essai en d\u00e9tail vid\u00e9os\"},{\"@type\":\"BreadcrumbList\",\"@id\":\"https:\/\/www.carideal.com\/blog\/2012\/12\/07\/volkswagen-coccinelle\/#breadcrumb\",\"itemListElement\":[{\"@type\":\"ListItem\",\"position\":1,\"name\":\"Blog Carid\u00e9al\",\"item\":\"https:\/\/www.carideal.com\/blog\/\"},{\"@type\":\"ListItem\",\"position\":2,\"name\":\"Essais automobile\",\"item\":\"https:\/\/www.carideal.com\/blog\/essai\/\"},{\"@type\":\"ListItem\",\"position\":3,\"name\":\"Essais Volkswagen\",\"item\":\"https:\/\/www.carideal.com\/blog\/essai\/volkswagen-essai\/\"},{\"@type\":\"ListItem\",\"position\":4,\"name\":\"Volkswagen Coccinelle 2012 essai en d\u00e9tail vid\u00e9os\"}]},{\"@type\":\"WebSite\",\"@id\":\"https:\/\/www.carideal.com\/blog\/#website\",\"url\":\"https:\/\/www.carideal.com\/blog\/\",\"name\":\"Blog auto Carid\u00e9al\",\"description\":\"Actualit\u00e9 auto par des passionn\u00e9s\",\"publisher\":{\"@id\":\"https:\/\/www.carideal.com\/blog\/#organization\"},\"potentialAction\":[{\"@type\":\"SearchAction\",\"target\":{\"@type\":\"EntryPoint\",\"urlTemplate\":\"https:\/\/www.carideal.com\/blog\/?s={search_term_string}\"},\"query-input\":{\"@type\":\"PropertyValueSpecification\",\"valueRequired\":true,\"valueName\":\"search_term_string\"}}],\"inLanguage\":\"fr-FR\"},{\"@type\":\"Organization\",\"@id\":\"https:\/\/www.carideal.com\/blog\/#organization\",\"name\":\"Carideal\",\"url\":\"https:\/\/www.carideal.com\/blog\/\",\"logo\":{\"@type\":\"ImageObject\",\"inLanguage\":\"fr-FR\",\"@id\":\"https:\/\/www.carideal.com\/blog\/#\/schema\/logo\/image\/\",\"url\":\"http:\/\/www.carideal.com\/blog\/wp-content\/uploads\/2016\/03\/logo-carideal-mandataire-automobile.png\",\"contentUrl\":\"http:\/\/www.carideal.com\/blog\/wp-content\/uploads\/2016\/03\/logo-carideal-mandataire-automobile.png\",\"width\":300,\"height\":300,\"caption\":\"Carideal\"},\"image\":{\"@id\":\"https:\/\/www.carideal.com\/blog\/#\/schema\/logo\/image\/\"},\"sameAs\":[\"https:\/\/www.facebook.com\/Carideal.mandataire.automobile\",\"https:\/\/x.com\/caridealauto\",\"https:\/\/www.instagram.com\/carideal1\/\",\"https:\/\/www.linkedin.com\/company\/carideal.com\",\"https:\/\/fr.pinterest.com\/schiavonsas\/\",\"https:\/\/www.youtube.com\/user\/caridealsas\"]},{\"@type\":\"Person\",\"@id\":\"https:\/\/www.carideal.com\/blog\/#\/schema\/person\/985c7e757d1042d647f21bfaf8d41ebc\",\"name\":\"N.S Carideal\",\"image\":{\"@type\":\"ImageObject\",\"inLanguage\":\"fr-FR\",\"@id\":\"https:\/\/www.carideal.com\/blog\/#\/schema\/person\/image\/\",\"url\":\"https:\/\/secure.gravatar.com\/avatar\/edb7ccdf1a4e3d14aef967760d354d0e?s=96&r=g\",\"contentUrl\":\"https:\/\/secure.gravatar.com\/avatar\/edb7ccdf1a4e3d14aef967760d354d0e?s=96&r=g\",\"caption\":\"N.S Carideal\"},\"description\":\"Depuis tout petit fan d'automobile. Il est question d'essayer et de comparer toutes ces voitures qui nous ont fait r\u00e9ver, avant que celles-ci ne devient uniquement des voitures de collection.\",\"sameAs\":[\"http:\/\/www.carideal.com\/blog\",\"https:\/\/www.facebook.com\/Carideal.mandataire.automobile\/\",\"https:\/\/www.linkedin.com\/in\/nschiavon\/\",\"https:\/\/www.youtube.com\/user\/caridealsas\/\"],\"url\":\"https:\/\/www.carideal.com\/blog\/author\/admin_carideal\/\"}]}<\/script>\n<!-- \/ Yoast SEO plugin. -->","yoast_head_json":{"title":"Volkswagen Coccinelle 2012 essai en d\u00e9tail vid\u00e9os - Blog auto Carid\u00e9al","description":"Plus polyvalente, mieux finie et terriblement s\u00e9duisante, la Volkswagen Coccinelle surpasse la Beetle, mieux finie, plus sportive, plus dynamique, belle.","robots":{"index":"index","follow":"follow","max-snippet":"max-snippet:-1","max-image-preview":"max-image-preview:large","max-video-preview":"max-video-preview:-1"},"canonical":"https:\/\/www.carideal.com\/blog\/2012\/12\/07\/volkswagen-coccinelle\/","og_locale":"fr_FR","og_type":"article","og_title":"Volkswagen Coccinelle 2012 essai en d\u00e9tail vid\u00e9os - Blog auto Carid\u00e9al","og_description":"Plus polyvalente, mieux finie et terriblement s\u00e9duisante, la Volkswagen Coccinelle surpasse la Beetle, mieux finie, plus sportive, plus dynamique, belle.","og_url":"https:\/\/www.carideal.com\/blog\/2012\/12\/07\/volkswagen-coccinelle\/","og_site_name":"Blog auto Carid\u00e9al","article_publisher":"https:\/\/www.facebook.com\/Carideal.mandataire.automobile","article_author":"https:\/\/www.facebook.com\/Carideal.mandataire.automobile\/","article_published_time":"2012-12-07T13:29:00+00:00","article_modified_time":"2020-02-14T08:01:44+00:00","og_image":[{"width":600,"height":397,"url":"https:\/\/www.carideal.com\/blog\/wp-content\/uploads\/2012\/12\/VOLKSWAGEN-COCCINELLE-e1581666652539.jpg","type":"image\/jpeg"}],"author":"N.S Carideal","twitter_card":"summary_large_image","twitter_creator":"@caridealauto","twitter_site":"@caridealauto","twitter_misc":{"\u00c9crit par":"N.S Carideal","Dur\u00e9e de lecture estim\u00e9e":"10 minutes"},"schema":{"@context":"https:\/\/schema.org","@graph":[{"@type":"Article","@id":"https:\/\/www.carideal.com\/blog\/2012\/12\/07\/volkswagen-coccinelle\/#article","isPartOf":{"@id":"https:\/\/www.carideal.com\/blog\/2012\/12\/07\/volkswagen-coccinelle\/"},"author":{"name":"N.S Carideal","@id":"https:\/\/www.carideal.com\/blog\/#\/schema\/person\/985c7e757d1042d647f21bfaf8d41ebc"},"headline":"Volkswagen Coccinelle 2012 essai en d\u00e9tail vid\u00e9os","datePublished":"2012-12-07T13:29:00+00:00","dateModified":"2020-02-14T08:01:44+00:00","mainEntityOfPage":{"@id":"https:\/\/www.carideal.com\/blog\/2012\/12\/07\/volkswagen-coccinelle\/"},"wordCount":1964,"commentCount":0,"publisher":{"@id":"https:\/\/www.carideal.com\/blog\/#organization"},"image":{"@id":"https:\/\/www.carideal.com\/blog\/2012\/12\/07\/volkswagen-coccinelle\/#primaryimage"},"thumbnailUrl":"https:\/\/www.carideal.com\/blog\/wp-content\/uploads\/2012\/12\/VOLKSWAGEN-COCCINELLE-e1581666652539.jpg","articleSection":["Actualit\u00e9 automobile","Actualit\u00e9 Constructeur automobile","Actualit\u00e9 Volkswagen","Berlines","Essais automobile","Essais Volkswagen","Type de v\u00e9hicule","Vid\u00e9o voiture : vid\u00e9o automobile"],"inLanguage":"fr-FR","potentialAction":[{"@type":"CommentAction","name":"Comment","target":["https:\/\/www.carideal.com\/blog\/2012\/12\/07\/volkswagen-coccinelle\/#respond"]}]},{"@type":"WebPage","@id":"https:\/\/www.carideal.com\/blog\/2012\/12\/07\/volkswagen-coccinelle\/","url":"https:\/\/www.carideal.com\/blog\/2012\/12\/07\/volkswagen-coccinelle\/","name":"Volkswagen Coccinelle 2012 essai en d\u00e9tail vid\u00e9os - Blog auto Carid\u00e9al","isPartOf":{"@id":"https:\/\/www.carideal.com\/blog\/#website"},"primaryImageOfPage":{"@id":"https:\/\/www.carideal.com\/blog\/2012\/12\/07\/volkswagen-coccinelle\/#primaryimage"},"image":{"@id":"https:\/\/www.carideal.com\/blog\/2012\/12\/07\/volkswagen-coccinelle\/#primaryimage"},"thumbnailUrl":"https:\/\/www.carideal.com\/blog\/wp-content\/uploads\/2012\/12\/VOLKSWAGEN-COCCINELLE-e1581666652539.jpg","datePublished":"2012-12-07T13:29:00+00:00","dateModified":"2020-02-14T08:01:44+00:00","description":"Plus polyvalente, mieux finie et terriblement s\u00e9duisante, la Volkswagen Coccinelle surpasse la Beetle, mieux finie, plus sportive, plus dynamique, belle.","breadcrumb":{"@id":"https:\/\/www.carideal.com\/blog\/2012\/12\/07\/volkswagen-coccinelle\/#breadcrumb"},"inLanguage":"fr-FR","potentialAction":[{"@type":"ReadAction","target":["https:\/\/www.carideal.com\/blog\/2012\/12\/07\/volkswagen-coccinelle\/"]}]},{"@type":"ImageObject","inLanguage":"fr-FR","@id":"https:\/\/www.carideal.com\/blog\/2012\/12\/07\/volkswagen-coccinelle\/#primaryimage","url":"https:\/\/www.carideal.com\/blog\/wp-content\/uploads\/2012\/12\/VOLKSWAGEN-COCCINELLE-e1581666652539.jpg","contentUrl":"https:\/\/www.carideal.com\/blog\/wp-content\/uploads\/2012\/12\/VOLKSWAGEN-COCCINELLE-e1581666652539.jpg","width":600,"height":397,"caption":"Volkswagen Coccinelle 2012 essai en d\u00e9tail vid\u00e9os"},{"@type":"BreadcrumbList","@id":"https:\/\/www.carideal.com\/blog\/2012\/12\/07\/volkswagen-coccinelle\/#breadcrumb","itemListElement":[{"@type":"ListItem","position":1,"name":"Blog Carid\u00e9al","item":"https:\/\/www.carideal.com\/blog\/"},{"@type":"ListItem","position":2,"name":"Essais automobile","item":"https:\/\/www.carideal.com\/blog\/essai\/"},{"@type":"ListItem","position":3,"name":"Essais Volkswagen","item":"https:\/\/www.carideal.com\/blog\/essai\/volkswagen-essai\/"},{"@type":"ListItem","position":4,"name":"Volkswagen Coccinelle 2012 essai en d\u00e9tail vid\u00e9os"}]},{"@type":"WebSite","@id":"https:\/\/www.carideal.com\/blog\/#website","url":"https:\/\/www.carideal.com\/blog\/","name":"Blog auto Carid\u00e9al","description":"Actualit\u00e9 auto par des passionn\u00e9s","publisher":{"@id":"https:\/\/www.carideal.com\/blog\/#organization"},"potentialAction":[{"@type":"SearchAction","target":{"@type":"EntryPoint","urlTemplate":"https:\/\/www.carideal.com\/blog\/?s={search_term_string}"},"query-input":{"@type":"PropertyValueSpecification","valueRequired":true,"valueName":"search_term_string"}}],"inLanguage":"fr-FR"},{"@type":"Organization","@id":"https:\/\/www.carideal.com\/blog\/#organization","name":"Carideal","url":"https:\/\/www.carideal.com\/blog\/","logo":{"@type":"ImageObject","inLanguage":"fr-FR","@id":"https:\/\/www.carideal.com\/blog\/#\/schema\/logo\/image\/","url":"http:\/\/www.carideal.com\/blog\/wp-content\/uploads\/2016\/03\/logo-carideal-mandataire-automobile.png","contentUrl":"http:\/\/www.carideal.com\/blog\/wp-content\/uploads\/2016\/03\/logo-carideal-mandataire-automobile.png","width":300,"height":300,"caption":"Carideal"},"image":{"@id":"https:\/\/www.carideal.com\/blog\/#\/schema\/logo\/image\/"},"sameAs":["https:\/\/www.facebook.com\/Carideal.mandataire.automobile","https:\/\/x.com\/caridealauto","https:\/\/www.instagram.com\/carideal1\/","https:\/\/www.linkedin.com\/company\/carideal.com","https:\/\/fr.pinterest.com\/schiavonsas\/","https:\/\/www.youtube.com\/user\/caridealsas"]},{"@type":"Person","@id":"https:\/\/www.carideal.com\/blog\/#\/schema\/person\/985c7e757d1042d647f21bfaf8d41ebc","name":"N.S Carideal","image":{"@type":"ImageObject","inLanguage":"fr-FR","@id":"https:\/\/www.carideal.com\/blog\/#\/schema\/person\/image\/","url":"https:\/\/secure.gravatar.com\/avatar\/edb7ccdf1a4e3d14aef967760d354d0e?s=96&r=g","contentUrl":"https:\/\/secure.gravatar.com\/avatar\/edb7ccdf1a4e3d14aef967760d354d0e?s=96&r=g","caption":"N.S Carideal"},"description":"Depuis tout petit fan d'automobile. Il est question d'essayer et de comparer toutes ces voitures qui nous ont fait r\u00e9ver, avant que celles-ci ne devient uniquement des voitures de collection.","sameAs":["http:\/\/www.carideal.com\/blog","https:\/\/www.facebook.com\/Carideal.mandataire.automobile\/","https:\/\/www.linkedin.com\/in\/nschiavon\/","https:\/\/www.youtube.com\/user\/caridealsas\/"],"url":"https:\/\/www.carideal.com\/blog\/author\/admin_carideal\/"}]}},"uagb_featured_image_src":{"full":["https:\/\/www.carideal.com\/blog\/wp-content\/uploads\/2012\/12\/VOLKSWAGEN-COCCINELLE-e1581666652539.jpg",600,397,false],"thumbnail":["https:\/\/www.carideal.com\/blog\/wp-content\/uploads\/2012\/12\/VOLKSWAGEN-COCCINELLE-150x150.jpg",150,150,true],"medium":["https:\/\/www.carideal.com\/blog\/wp-content\/uploads\/2012\/12\/VOLKSWAGEN-COCCINELLE-300x198.jpg",300,198,true],"medium_large":["https:\/\/www.carideal.com\/blog\/wp-content\/uploads\/2012\/12\/VOLKSWAGEN-COCCINELLE-e1581666652539.jpg",600,397,false],"large":["https:\/\/www.carideal.com\/blog\/wp-content\/uploads\/2012\/12\/VOLKSWAGEN-COCCINELLE-e1581666652539.jpg",600,397,false],"1536x1536":["https:\/\/www.carideal.com\/blog\/wp-content\/uploads\/2012\/12\/VOLKSWAGEN-COCCINELLE-e1581666652539.jpg",600,397,false],"2048x2048":["https:\/\/www.carideal.com\/blog\/wp-content\/uploads\/2012\/12\/VOLKSWAGEN-COCCINELLE-e1581666652539.jpg",600,397,false],"wppr-widget":["https:\/\/www.carideal.com\/blog\/wp-content\/uploads\/2012\/12\/VOLKSWAGEN-COCCINELLE-e1581666652539.jpg",50,33,false]},"uagb_author_info":{"display_name":"N.S Carideal","author_link":"https:\/\/www.carideal.com\/blog\/author\/admin_carideal\/"},"uagb_comment_info":0,"uagb_excerpt":"La Beetle est morte vive la Volkswagen Coccinelle 2012 Plus polyvalente, mieux finie et terriblement s\u00e9duisante, la Volkswagen Coccinelle 2012 surpasse la Beetle. Et roule d\u00e9sormais au gazole pour convaincre ceux qui surveillent de pr\u00e8s leur budget carburant. Allure atpique, bruit irr\u00e9sistible du moteur en porte \u00e0 faux arri\u00e8re et jantes chrom\u00e9es la Coccinelle d'origine\u2026","_links":{"self":[{"href":"https:\/\/www.carideal.com\/blog\/wp-json\/wp\/v2\/posts\/1241"}],"collection":[{"href":"https:\/\/www.carideal.com\/blog\/wp-json\/wp\/v2\/posts"}],"about":[{"href":"https:\/\/www.carideal.com\/blog\/wp-json\/wp\/v2\/types\/post"}],"author":[{"embeddable":true,"href":"https:\/\/www.carideal.com\/blog\/wp-json\/wp\/v2\/users\/1"}],"replies":[{"embeddable":true,"href":"https:\/\/www.carideal.com\/blog\/wp-json\/wp\/v2\/comments?post=1241"}],"version-history":[{"count":0,"href":"https:\/\/www.carideal.com\/blog\/wp-json\/wp\/v2\/posts\/1241\/revisions"}],"wp:featuredmedia":[{"embeddable":true,"href":"https:\/\/www.carideal.com\/blog\/wp-json\/wp\/v2\/media\/12164"}],"wp:attachment":[{"href":"https:\/\/www.carideal.com\/blog\/wp-json\/wp\/v2\/media?parent=1241"}],"wp:term":[{"taxonomy":"category","embeddable":true,"href":"https:\/\/www.carideal.com\/blog\/wp-json\/wp\/v2\/categories?post=1241"},{"taxonomy":"post_tag","embeddable":true,"href":"https:\/\/www.carideal.com\/blog\/wp-json\/wp\/v2\/tags?post=1241"}],"curies":[{"name":"wp","href":"https:\/\/api.w.org\/{rel}","templated":true}]}}