{"id":1227,"date":"2012-12-03T16:34:00","date_gmt":"2012-12-03T16:34:00","guid":{"rendered":"http:\/\/carideal.com\/blog\/?p=1227"},"modified":"2016-06-26T10:00:03","modified_gmt":"2016-06-26T08:00:03","slug":"chevrolet-malibu","status":"publish","type":"post","link":"https:\/\/www.carideal.com\/blog\/2012\/12\/03\/chevrolet-malibu\/","title":{"rendered":"Chevrolet Malibu"},"content":{"rendered":"<p><img decoding=\"async\" title=\"chevrolet-malibu.jpg, d\u00e9c. 2012\" src=\"\/blog\/public\/.chevrolet-malibu_m.jpg\" alt=\"chevrolet-malibu.jpg\" \/><\/p>\n<h1><strong>Chevrolet Malibu<\/strong><\/h1>\n<p>Une berline de 4.87 m de 160 ch 26800\u20ac\u00a0! Le succ\u00e8s de la\u00a0<strong>Chevrolet Malibu<\/strong> n'est pourtant pas garanti: chez les grandes routi\u00e8res, le renom d'une marque vaut autant que la qualit\u00e9 d'un mod\u00e8le. Offrir beaucoup \u00e0 petit prix.La recette Chevrolet \u00e0 fait ses preuves.Jadis marginale en France, la marque am\u00e9ricaine occupe aujourd'hui le seizi\u00e8me rang du march\u00e9, et ses ventes continuent cette ann\u00e9e de s'am\u00e9liorer \u00e0 bon rythme gr\u00e2ce aux succ\u00e8s des Spark,Aveo Cruze, Orlando ou Captiva. Cette fois, la partie para\u00eet plus difficile. Car Chevrolet s'aventure avec la Malibu sur une terre aux moeurs diff\u00e9rentes: chez les grandes routi\u00e8res, le rapport qualit\u00e9-prix n'est pas forc\u00e9ment le premier crit\u00e8re de choix... Certes, \u00e0 puissances \u00e9gale, la Malibu n'a pas de concurrente . Mais pour serrer son tarif au plus bas, elle a fait m\u00eame avec son offre: un seul moteur , un VCDI 160 de surcro\u00eet pas bien vif (9.8s de 0 \u00e0 100 km\/h) et plut\u00f4t bruyant. Pas de version break, et enfin une liste d'options r\u00e9duite \u00e0 sa plus simple expression: peinture m\u00e9tallis\u00e9e, climatisation et toit ouvrant, ce qui est peu pour s\u00e9duire une client\u00e8le qui aime les friandises \u00e9lectroniques et les feux \u00e0 diodes.Promesse Chevrolet tenue grand gabarit (4.87 m), vaste coffre (545 l), bel espace habitacle ch\u00e2ssis d'Opel Insigna qui garantit un comportement serein, planche de bord bien assembl\u00e9e m\u00eame si certains \u00e9l\u00e9ment sonnent un peu creux. Le tout, \u00e0 petit prix: 26800\u20ac ou de pr\u00e9f\u00e9rence 27900\u20ac en finition LT+ qui apporte les \u00e9quipements attendus par le public \u00e0 ce niveau de gamme (climatisation automatique, radar recul, \u00e9cran central).Les compteurs sont r\u00e9tro-\u00e9clair\u00e9s en bleu, de m\u00eame que les baguettes qui courent sur la planche de bord et les contre-portes. Sur les finitions LT+ et LTZ, l'\u00e9cran central se soul\u00e8ve pour acc\u00e9der \u00e0 une cachette secr\u00e8te.Un coffre haut et long la Malibu a du coffre 545 l. Dans la cat\u00e9gorie, seule la Skoda Superb (565 l) fait mieux. La r\u00e9ponse tient en un mot\u00a0: personne. Toutes les rivales de la Malibu exigent un suppl\u00e9ment de prix: de 3800 \u20ac pour la Skoda Superb TDI 170 (4.84 m), 5000 \u20ac pour l'Opel Insigna CDTI 160 (4.83m), 6800 \u20ac pour la Renault Latitude dCI 150 (4.90 m). Et d'environ 15000 \u20ac pour les berlines allemandes... Les grands mod\u00e8les de la cat\u00e9gorie inf\u00e9rieur demandent eux aussi davantage: 4300\u20ac de plus que la Ford Mondeo TDCI 163 (4.78 m), 6000 \u20ac pour la Peugeot 508 HDI 163 (4.79 m),9000\u20ac pour la Volkswagen Passat TDI 170 ( 4.77 m). Mais \u00e0 ne proposer qu'un diesel de 160 ch, la Malibu n'est pas la moins-disante des grandes routi\u00e8res.Mieux \u00e9quip\u00e9e que le Chevrolet en finition de base, la Superb descend ses tarifs \u00e0 26265\u20ac en 1.6 TDI 105. Elle p\u00e8che alors par sa mollesse: 12.5 s de 0 \u00e0 100 km\/h.Mieux vaut le TDI 140\u00a0: 27230\u20ac, 10.1 s.<\/p>\n","protected":false},"excerpt":{"rendered":"<p>Chevrolet Malibu Une berline de 4.87 m de 160 ch 26800\u20ac\u00a0! Le succ\u00e8s de la\u00a0Chevrolet Malibu n&rsquo;est pourtant pas garanti: chez les grandes routi\u00e8res, le renom d&rsquo;une marque vaut autant que la qualit\u00e9 d&rsquo;un mod\u00e8le. Offrir beaucoup \u00e0 petit prix.La recette Chevrolet \u00e0 fait ses preuves.Jadis marginale en France, la marque am\u00e9ricaine occupe aujourd&rsquo;hui le &#8230; <a title=\"Chevrolet Malibu\" class=\"read-more\" href=\"https:\/\/www.carideal.com\/blog\/2012\/12\/03\/chevrolet-malibu\/\" aria-label=\"En savoir plus sur Chevrolet Malibu\">Lire plus<\/a><\/p>\n","protected":false},"author":1,"featured_media":0,"comment_status":"open","ping_status":"open","sticky":false,"template":"","format":"standard","meta":{"_uag_custom_page_level_css":"","_themeisle_gutenberg_block_has_review":false,"footnotes":""},"categories":[6146,5944,6012,10,5974],"tags":[],"class_list":["post-1227","post","type-post","status-publish","format-standard","hentry","category-chevrolet","category-constructeur","category-berlines","category-marche-automobile-voiture-neuve-occasion-4x4-suv","category-type-de-vehicule"],"wppr_data":[],"yoast_head":"<!-- This site is optimized with the Yoast SEO plugin v24.8.1 - https:\/\/yoast.com\/wordpress\/plugins\/seo\/ -->\n<title>Chevrolet Malibu - Blog auto Carid\u00e9al<\/title>\n<meta name=\"robots\" content=\"index, follow, max-snippet:-1, max-image-preview:large, max-video-preview:-1\" \/>\n<link rel=\"canonical\" href=\"https:\/\/www.carideal.com\/blog\/2012\/12\/03\/chevrolet-malibu\/\" \/>\n<meta property=\"og:locale\" content=\"fr_FR\" \/>\n<meta property=\"og:type\" content=\"article\" \/>\n<meta property=\"og:title\" content=\"Chevrolet Malibu - Blog auto Carid\u00e9al\" \/>\n<meta property=\"og:description\" content=\"Chevrolet Malibu Une berline de 4.87 m de 160 ch 26800\u20ac\u00a0! Le succ\u00e8s de la\u00a0Chevrolet Malibu n&#039;est pourtant pas garanti: chez les grandes routi\u00e8res, le renom d&#039;une marque vaut autant que la qualit\u00e9 d&#039;un mod\u00e8le. Offrir beaucoup \u00e0 petit prix.La recette Chevrolet \u00e0 fait ses preuves.Jadis marginale en France, la marque am\u00e9ricaine occupe aujourd&#039;hui le ... Lire plus\" \/>\n<meta property=\"og:url\" content=\"https:\/\/www.carideal.com\/blog\/2012\/12\/03\/chevrolet-malibu\/\" \/>\n<meta property=\"og:site_name\" content=\"Blog auto Carid\u00e9al\" \/>\n<meta property=\"article:publisher\" content=\"https:\/\/www.facebook.com\/Carideal.mandataire.automobile\" \/>\n<meta property=\"article:author\" content=\"https:\/\/www.facebook.com\/Carideal.mandataire.automobile\/\" \/>\n<meta property=\"article:published_time\" content=\"2012-12-03T16:34:00+00:00\" \/>\n<meta property=\"article:modified_time\" content=\"2016-06-26T08:00:03+00:00\" \/>\n<meta property=\"og:image\" content=\"https:\/\/www.carideal.com\/blog\/wp-content\/uploads\/2016\/03\/logo-carideal-mandataire-automobile.png\" \/>\n\t<meta property=\"og:image:width\" content=\"300\" \/>\n\t<meta property=\"og:image:height\" content=\"300\" \/>\n\t<meta property=\"og:image:type\" content=\"image\/png\" \/>\n<meta name=\"author\" content=\"N.S Carideal\" \/>\n<meta name=\"twitter:card\" content=\"summary_large_image\" \/>\n<meta name=\"twitter:creator\" content=\"@caridealauto\" \/>\n<meta name=\"twitter:site\" content=\"@caridealauto\" \/>\n<meta name=\"twitter:label1\" content=\"\u00c9crit par\" \/>\n\t<meta name=\"twitter:data1\" content=\"N.S Carideal\" \/>\n\t<meta name=\"twitter:label2\" content=\"Dur\u00e9e de lecture estim\u00e9e\" \/>\n\t<meta name=\"twitter:data2\" content=\"2 minutes\" \/>\n<script type=\"application\/ld+json\" class=\"yoast-schema-graph\">{\"@context\":\"https:\/\/schema.org\",\"@graph\":[{\"@type\":\"Article\",\"@id\":\"https:\/\/www.carideal.com\/blog\/2012\/12\/03\/chevrolet-malibu\/#article\",\"isPartOf\":{\"@id\":\"https:\/\/www.carideal.com\/blog\/2012\/12\/03\/chevrolet-malibu\/\"},\"author\":{\"name\":\"N.S Carideal\",\"@id\":\"https:\/\/www.carideal.com\/blog\/#\/schema\/person\/985c7e757d1042d647f21bfaf8d41ebc\"},\"headline\":\"Chevrolet Malibu\",\"datePublished\":\"2012-12-03T16:34:00+00:00\",\"dateModified\":\"2016-06-26T08:00:03+00:00\",\"mainEntityOfPage\":{\"@id\":\"https:\/\/www.carideal.com\/blog\/2012\/12\/03\/chevrolet-malibu\/\"},\"wordCount\":474,\"commentCount\":0,\"publisher\":{\"@id\":\"https:\/\/www.carideal.com\/blog\/#organization\"},\"articleSection\":[\"Actualit\u00e9 Chevrolet\",\"Actualit\u00e9 Constructeur automobile\",\"Berlines\",\"March\u00e9 automobile\",\"Type de v\u00e9hicule\"],\"inLanguage\":\"fr-FR\",\"potentialAction\":[{\"@type\":\"CommentAction\",\"name\":\"Comment\",\"target\":[\"https:\/\/www.carideal.com\/blog\/2012\/12\/03\/chevrolet-malibu\/#respond\"]}]},{\"@type\":\"WebPage\",\"@id\":\"https:\/\/www.carideal.com\/blog\/2012\/12\/03\/chevrolet-malibu\/\",\"url\":\"https:\/\/www.carideal.com\/blog\/2012\/12\/03\/chevrolet-malibu\/\",\"name\":\"Chevrolet Malibu - Blog auto Carid\u00e9al\",\"isPartOf\":{\"@id\":\"https:\/\/www.carideal.com\/blog\/#website\"},\"datePublished\":\"2012-12-03T16:34:00+00:00\",\"dateModified\":\"2016-06-26T08:00:03+00:00\",\"breadcrumb\":{\"@id\":\"https:\/\/www.carideal.com\/blog\/2012\/12\/03\/chevrolet-malibu\/#breadcrumb\"},\"inLanguage\":\"fr-FR\",\"potentialAction\":[{\"@type\":\"ReadAction\",\"target\":[\"https:\/\/www.carideal.com\/blog\/2012\/12\/03\/chevrolet-malibu\/\"]}]},{\"@type\":\"BreadcrumbList\",\"@id\":\"https:\/\/www.carideal.com\/blog\/2012\/12\/03\/chevrolet-malibu\/#breadcrumb\",\"itemListElement\":[{\"@type\":\"ListItem\",\"position\":1,\"name\":\"Blog Carid\u00e9al\",\"item\":\"https:\/\/www.carideal.com\/blog\/\"},{\"@type\":\"ListItem\",\"position\":2,\"name\":\"March\u00e9 automobile\",\"item\":\"https:\/\/www.carideal.com\/blog\/marche-automobile-voiture-neuve-occasion-4x4-suv\/\"},{\"@type\":\"ListItem\",\"position\":3,\"name\":\"Chevrolet Malibu\"}]},{\"@type\":\"WebSite\",\"@id\":\"https:\/\/www.carideal.com\/blog\/#website\",\"url\":\"https:\/\/www.carideal.com\/blog\/\",\"name\":\"Blog auto Carid\u00e9al\",\"description\":\"Actualit\u00e9 auto par des passionn\u00e9s\",\"publisher\":{\"@id\":\"https:\/\/www.carideal.com\/blog\/#organization\"},\"potentialAction\":[{\"@type\":\"SearchAction\",\"target\":{\"@type\":\"EntryPoint\",\"urlTemplate\":\"https:\/\/www.carideal.com\/blog\/?s={search_term_string}\"},\"query-input\":{\"@type\":\"PropertyValueSpecification\",\"valueRequired\":true,\"valueName\":\"search_term_string\"}}],\"inLanguage\":\"fr-FR\"},{\"@type\":\"Organization\",\"@id\":\"https:\/\/www.carideal.com\/blog\/#organization\",\"name\":\"Carideal\",\"url\":\"https:\/\/www.carideal.com\/blog\/\",\"logo\":{\"@type\":\"ImageObject\",\"inLanguage\":\"fr-FR\",\"@id\":\"https:\/\/www.carideal.com\/blog\/#\/schema\/logo\/image\/\",\"url\":\"http:\/\/www.carideal.com\/blog\/wp-content\/uploads\/2016\/03\/logo-carideal-mandataire-automobile.png\",\"contentUrl\":\"http:\/\/www.carideal.com\/blog\/wp-content\/uploads\/2016\/03\/logo-carideal-mandataire-automobile.png\",\"width\":300,\"height\":300,\"caption\":\"Carideal\"},\"image\":{\"@id\":\"https:\/\/www.carideal.com\/blog\/#\/schema\/logo\/image\/\"},\"sameAs\":[\"https:\/\/www.facebook.com\/Carideal.mandataire.automobile\",\"https:\/\/x.com\/caridealauto\",\"https:\/\/www.instagram.com\/carideal1\/\",\"https:\/\/www.linkedin.com\/company\/carideal.com\",\"https:\/\/fr.pinterest.com\/schiavonsas\/\",\"https:\/\/www.youtube.com\/user\/caridealsas\"]},{\"@type\":\"Person\",\"@id\":\"https:\/\/www.carideal.com\/blog\/#\/schema\/person\/985c7e757d1042d647f21bfaf8d41ebc\",\"name\":\"N.S Carideal\",\"image\":{\"@type\":\"ImageObject\",\"inLanguage\":\"fr-FR\",\"@id\":\"https:\/\/www.carideal.com\/blog\/#\/schema\/person\/image\/\",\"url\":\"https:\/\/secure.gravatar.com\/avatar\/edb7ccdf1a4e3d14aef967760d354d0e?s=96&r=g\",\"contentUrl\":\"https:\/\/secure.gravatar.com\/avatar\/edb7ccdf1a4e3d14aef967760d354d0e?s=96&r=g\",\"caption\":\"N.S Carideal\"},\"description\":\"Depuis tout petit fan d'automobile. Il est question d'essayer et de comparer toutes ces voitures qui nous ont fait r\u00e9ver, avant que celles-ci ne devient uniquement des voitures de collection.\",\"sameAs\":[\"http:\/\/www.carideal.com\/blog\",\"https:\/\/www.facebook.com\/Carideal.mandataire.automobile\/\",\"https:\/\/www.linkedin.com\/in\/nschiavon\/\",\"https:\/\/www.youtube.com\/user\/caridealsas\/\"],\"url\":\"https:\/\/www.carideal.com\/blog\/author\/admin_carideal\/\"}]}<\/script>\n<!-- \/ Yoast SEO plugin. -->","yoast_head_json":{"title":"Chevrolet Malibu - Blog auto Carid\u00e9al","robots":{"index":"index","follow":"follow","max-snippet":"max-snippet:-1","max-image-preview":"max-image-preview:large","max-video-preview":"max-video-preview:-1"},"canonical":"https:\/\/www.carideal.com\/blog\/2012\/12\/03\/chevrolet-malibu\/","og_locale":"fr_FR","og_type":"article","og_title":"Chevrolet Malibu - Blog auto Carid\u00e9al","og_description":"Chevrolet Malibu Une berline de 4.87 m de 160 ch 26800\u20ac\u00a0! Le succ\u00e8s de la\u00a0Chevrolet Malibu n'est pourtant pas garanti: chez les grandes routi\u00e8res, le renom d'une marque vaut autant que la qualit\u00e9 d'un mod\u00e8le. Offrir beaucoup \u00e0 petit prix.La recette Chevrolet \u00e0 fait ses preuves.Jadis marginale en France, la marque am\u00e9ricaine occupe aujourd'hui le ... Lire plus","og_url":"https:\/\/www.carideal.com\/blog\/2012\/12\/03\/chevrolet-malibu\/","og_site_name":"Blog auto Carid\u00e9al","article_publisher":"https:\/\/www.facebook.com\/Carideal.mandataire.automobile","article_author":"https:\/\/www.facebook.com\/Carideal.mandataire.automobile\/","article_published_time":"2012-12-03T16:34:00+00:00","article_modified_time":"2016-06-26T08:00:03+00:00","og_image":[{"width":300,"height":300,"url":"https:\/\/www.carideal.com\/blog\/wp-content\/uploads\/2016\/03\/logo-carideal-mandataire-automobile.png","type":"image\/png"}],"author":"N.S Carideal","twitter_card":"summary_large_image","twitter_creator":"@caridealauto","twitter_site":"@caridealauto","twitter_misc":{"\u00c9crit par":"N.S Carideal","Dur\u00e9e de lecture estim\u00e9e":"2 minutes"},"schema":{"@context":"https:\/\/schema.org","@graph":[{"@type":"Article","@id":"https:\/\/www.carideal.com\/blog\/2012\/12\/03\/chevrolet-malibu\/#article","isPartOf":{"@id":"https:\/\/www.carideal.com\/blog\/2012\/12\/03\/chevrolet-malibu\/"},"author":{"name":"N.S Carideal","@id":"https:\/\/www.carideal.com\/blog\/#\/schema\/person\/985c7e757d1042d647f21bfaf8d41ebc"},"headline":"Chevrolet Malibu","datePublished":"2012-12-03T16:34:00+00:00","dateModified":"2016-06-26T08:00:03+00:00","mainEntityOfPage":{"@id":"https:\/\/www.carideal.com\/blog\/2012\/12\/03\/chevrolet-malibu\/"},"wordCount":474,"commentCount":0,"publisher":{"@id":"https:\/\/www.carideal.com\/blog\/#organization"},"articleSection":["Actualit\u00e9 Chevrolet","Actualit\u00e9 Constructeur automobile","Berlines","March\u00e9 automobile","Type de v\u00e9hicule"],"inLanguage":"fr-FR","potentialAction":[{"@type":"CommentAction","name":"Comment","target":["https:\/\/www.carideal.com\/blog\/2012\/12\/03\/chevrolet-malibu\/#respond"]}]},{"@type":"WebPage","@id":"https:\/\/www.carideal.com\/blog\/2012\/12\/03\/chevrolet-malibu\/","url":"https:\/\/www.carideal.com\/blog\/2012\/12\/03\/chevrolet-malibu\/","name":"Chevrolet Malibu - Blog auto Carid\u00e9al","isPartOf":{"@id":"https:\/\/www.carideal.com\/blog\/#website"},"datePublished":"2012-12-03T16:34:00+00:00","dateModified":"2016-06-26T08:00:03+00:00","breadcrumb":{"@id":"https:\/\/www.carideal.com\/blog\/2012\/12\/03\/chevrolet-malibu\/#breadcrumb"},"inLanguage":"fr-FR","potentialAction":[{"@type":"ReadAction","target":["https:\/\/www.carideal.com\/blog\/2012\/12\/03\/chevrolet-malibu\/"]}]},{"@type":"BreadcrumbList","@id":"https:\/\/www.carideal.com\/blog\/2012\/12\/03\/chevrolet-malibu\/#breadcrumb","itemListElement":[{"@type":"ListItem","position":1,"name":"Blog Carid\u00e9al","item":"https:\/\/www.carideal.com\/blog\/"},{"@type":"ListItem","position":2,"name":"March\u00e9 automobile","item":"https:\/\/www.carideal.com\/blog\/marche-automobile-voiture-neuve-occasion-4x4-suv\/"},{"@type":"ListItem","position":3,"name":"Chevrolet Malibu"}]},{"@type":"WebSite","@id":"https:\/\/www.carideal.com\/blog\/#website","url":"https:\/\/www.carideal.com\/blog\/","name":"Blog auto Carid\u00e9al","description":"Actualit\u00e9 auto par des passionn\u00e9s","publisher":{"@id":"https:\/\/www.carideal.com\/blog\/#organization"},"potentialAction":[{"@type":"SearchAction","target":{"@type":"EntryPoint","urlTemplate":"https:\/\/www.carideal.com\/blog\/?s={search_term_string}"},"query-input":{"@type":"PropertyValueSpecification","valueRequired":true,"valueName":"search_term_string"}}],"inLanguage":"fr-FR"},{"@type":"Organization","@id":"https:\/\/www.carideal.com\/blog\/#organization","name":"Carideal","url":"https:\/\/www.carideal.com\/blog\/","logo":{"@type":"ImageObject","inLanguage":"fr-FR","@id":"https:\/\/www.carideal.com\/blog\/#\/schema\/logo\/image\/","url":"http:\/\/www.carideal.com\/blog\/wp-content\/uploads\/2016\/03\/logo-carideal-mandataire-automobile.png","contentUrl":"http:\/\/www.carideal.com\/blog\/wp-content\/uploads\/2016\/03\/logo-carideal-mandataire-automobile.png","width":300,"height":300,"caption":"Carideal"},"image":{"@id":"https:\/\/www.carideal.com\/blog\/#\/schema\/logo\/image\/"},"sameAs":["https:\/\/www.facebook.com\/Carideal.mandataire.automobile","https:\/\/x.com\/caridealauto","https:\/\/www.instagram.com\/carideal1\/","https:\/\/www.linkedin.com\/company\/carideal.com","https:\/\/fr.pinterest.com\/schiavonsas\/","https:\/\/www.youtube.com\/user\/caridealsas"]},{"@type":"Person","@id":"https:\/\/www.carideal.com\/blog\/#\/schema\/person\/985c7e757d1042d647f21bfaf8d41ebc","name":"N.S Carideal","image":{"@type":"ImageObject","inLanguage":"fr-FR","@id":"https:\/\/www.carideal.com\/blog\/#\/schema\/person\/image\/","url":"https:\/\/secure.gravatar.com\/avatar\/edb7ccdf1a4e3d14aef967760d354d0e?s=96&r=g","contentUrl":"https:\/\/secure.gravatar.com\/avatar\/edb7ccdf1a4e3d14aef967760d354d0e?s=96&r=g","caption":"N.S Carideal"},"description":"Depuis tout petit fan d'automobile. Il est question d'essayer et de comparer toutes ces voitures qui nous ont fait r\u00e9ver, avant que celles-ci ne devient uniquement des voitures de collection.","sameAs":["http:\/\/www.carideal.com\/blog","https:\/\/www.facebook.com\/Carideal.mandataire.automobile\/","https:\/\/www.linkedin.com\/in\/nschiavon\/","https:\/\/www.youtube.com\/user\/caridealsas\/"],"url":"https:\/\/www.carideal.com\/blog\/author\/admin_carideal\/"}]}},"uagb_featured_image_src":{"full":false,"thumbnail":false,"medium":false,"medium_large":false,"large":false,"1536x1536":false,"2048x2048":false,"wppr-widget":false},"uagb_author_info":{"display_name":"N.S Carideal","author_link":"https:\/\/www.carideal.com\/blog\/author\/admin_carideal\/"},"uagb_comment_info":0,"uagb_excerpt":"Chevrolet Malibu Une berline de 4.87 m de 160 ch 26800\u20ac\u00a0! Le succ\u00e8s de la\u00a0Chevrolet Malibu n'est pourtant pas garanti: chez les grandes routi\u00e8res, le renom d'une marque vaut autant que la qualit\u00e9 d'un mod\u00e8le. Offrir beaucoup \u00e0 petit prix.La recette Chevrolet \u00e0 fait ses preuves.Jadis marginale en France, la marque am\u00e9ricaine occupe aujourd'hui le\u2026","_links":{"self":[{"href":"https:\/\/www.carideal.com\/blog\/wp-json\/wp\/v2\/posts\/1227"}],"collection":[{"href":"https:\/\/www.carideal.com\/blog\/wp-json\/wp\/v2\/posts"}],"about":[{"href":"https:\/\/www.carideal.com\/blog\/wp-json\/wp\/v2\/types\/post"}],"author":[{"embeddable":true,"href":"https:\/\/www.carideal.com\/blog\/wp-json\/wp\/v2\/users\/1"}],"replies":[{"embeddable":true,"href":"https:\/\/www.carideal.com\/blog\/wp-json\/wp\/v2\/comments?post=1227"}],"version-history":[{"count":0,"href":"https:\/\/www.carideal.com\/blog\/wp-json\/wp\/v2\/posts\/1227\/revisions"}],"wp:attachment":[{"href":"https:\/\/www.carideal.com\/blog\/wp-json\/wp\/v2\/media?parent=1227"}],"wp:term":[{"taxonomy":"category","embeddable":true,"href":"https:\/\/www.carideal.com\/blog\/wp-json\/wp\/v2\/categories?post=1227"},{"taxonomy":"post_tag","embeddable":true,"href":"https:\/\/www.carideal.com\/blog\/wp-json\/wp\/v2\/tags?post=1227"}],"curies":[{"name":"wp","href":"https:\/\/api.w.org\/{rel}","templated":true}]}}