{"id":1226,"date":"2012-12-03T15:43:00","date_gmt":"2012-12-03T15:43:00","guid":{"rendered":"http:\/\/carideal.com\/blog\/?p=1226"},"modified":"2020-03-07T20:26:15","modified_gmt":"2020-03-07T19:26:15","slug":"toyota-prius-et-renault-grand-scenic","status":"publish","type":"post","link":"https:\/\/www.carideal.com\/blog\/2012\/12\/03\/toyota-prius-et-renault-grand-scenic\/","title":{"rendered":"Toyota Prius + et Renault Grand Sc\u00e9nic"},"content":{"rendered":"<p><img decoding=\"async\" title=\"RENAULT-GRAND-SCENIC.jpg, d\u00e9c. 2012\" src=\"\/blog\/public\/.RENAULT-GRAND-SCENIC_m.jpg\" alt=\"RENAULT-GRAND-SCENIC.jpg\" \/> <\/p>\n<p><strong>Essai comparatif des Toyota Prius plus et Renault grand Scenic<\/strong><\/p>\n<p>La Toyota Prius + Sur le papier, un vrai paradoxe : elle porte le nom du plus connu mod\u00e8le \u00e9cologique du monde, mais atteint le poids d'une bonne berline (1565 kg). Son petit bloc \u00e9lectrique la destine \u00e0 une utilisation urbaine, pas son gabarit (4.62 m de long). Enfin, son second moteur carbure au sans-plomb, \u00e9conomiquement peu adapt\u00e9 aux forts kilom\u00e9trages effectu\u00e9s dans ce segment... Pour percer le myst\u00e8re du premier monospaces \u00e0 sept places hybride essence, nous l'avons confront\u00e9 \u00e0 la r\u00e9f\u00e9rence de la cat\u00e9gorie: le Grand Sc\u00e9nic, diesel, associ\u00e9 pour l'occasion \u00e0 une bo\u00eete \u00e0 double embrayage. Les Toyota hybrides \u00e0 un curieux pouvoir: celui de d\u00e9tendre le plus stress\u00e9 des conducteurs. En ville, il se surprendra \u00e0 acc\u00e9l\u00e9rer le plus douc\u00e9ment possible, pour laisser dormir le moteur thermique et profiter du silence d'une \u00e9volution 100 % \u00e9lectrique (possible jusqu'\u00e0 70 km\/h). Il continuera l\u2019exp\u00e9rience sur route, car la bo\u00eete \u00e0 variateur fait s'emballer bruyamment le bloc \u00e0 essence lors des relances . Pour tant, en d\u00e9pit d'une transmission plus r\u00e9active et d'un couple sup\u00e9rieur \u00e0 bas r\u00e9gime, le Sc\u00e9nic d\u00e9\u00e7oit un peu en sortant de la douce Prius +: le diesel s'entend davantage sur autoroute et se montre plus brutal en ville. Quant \u00e0 la bo\u00eete, elle g\u00e9n\u00e8re quelques \u00e0-coups dans une circulation en accord\u00e9on. R\u00e9sultat ? Hors routes sinueuses (o\u00f9 la Prius+ est bien moins dynamique), l'agr\u00e9ment appara\u00eet sup\u00e9rieur en Toyota, au conducteur, puis aux passagers, moins secou\u00e9es dans ce cocon men\u00e9 plus calmement. Ces derniers appr\u00e9cieront aussi des si\u00e8ges plus moelleux, un rev\u00eatement de sellerie plus doux, une meilleure largeur aux coudes, et une place aux jambes plus g\u00e9n\u00e9reuse. Et la possibilit\u00e9 de voyager plus de quinze minutes aux (petites) places du troisi\u00e8me rang... ce qui appara\u00eet compliqu\u00e9 dans le Sc\u00e9nic, vraiment \u00e9triqu\u00e9 \u00e0 cet endroit. L'ultime camouflet concerne la modularit\u00e9 : les cinq si\u00e8ges arri\u00e8res de la Toyota glissent sous le plancher et forment une surface plane, quand le Renault conserve des modules d\u00e9montables au second rang. Il se rattrape toutefois au chapitre chargement\u00a0: meilleure hauteur sous cache-bagages, dossier avant droit rabattable , et plus grand volume en deux places qui en fait le recordman du segment (1863 l si\u00e8ges repli\u00e9s et 2063 l si\u00e8ges d\u00e9mont\u00e9s, contre 1750 l pour la Prius+). En Prius +, la conduite devient naturellement plus coul\u00e9e. La famille appr\u00e9cie, la consommation aussi. Hormis \u00e0 130 km\/h, quand le moteur 1.8 l Toyota consomme 0.7 l de plus aux 100 km que le dCI Renault, la Prius+ est moins gourmande que le Sc\u00e9nic. Notamment en ville, o\u00f9 il est rare, avec un pied droit bien \u00e9duqu\u00e9, de d\u00e9passer les 5 l aux 100 km (comptez plut\u00f4t 7.5 l en Sc\u00e9nic). Les nouveaux bonus n'arrangent pas les affaires du fran\u00e7ais: gr\u00e2ce \u00e0 3300 \u20ac d'\u00e9coprime (soit 10% du prix de la voiture), la Toyota Prius + s'affiche 1200 \u20ac moins cher que la Sc\u00e9nic. Et il dispose d'un GPS TomTom de s\u00e9rie, il fait l'impasse sur le toit vitr\u00e9, l'affichage t\u00eate haute et la cam\u00e9ra de recul, pr\u00e9sents sur le japonais.<\/p>\n","protected":false},"excerpt":{"rendered":"<p>Essai comparatif des Toyota Prius plus et Renault grand Scenic La Toyota Prius + Sur le papier, un vrai paradoxe : elle porte le nom du plus connu mod\u00e8le \u00e9cologique du monde, mais atteint le poids d&rsquo;une bonne berline (1565 kg). Son petit bloc \u00e9lectrique la destine \u00e0 une utilisation urbaine, pas son gabarit (4.62 &#8230; <a title=\"Toyota Prius + et Renault Grand Sc\u00e9nic\" class=\"read-more\" href=\"https:\/\/www.carideal.com\/blog\/2012\/12\/03\/toyota-prius-et-renault-grand-scenic\/\" aria-label=\"En savoir plus sur Toyota Prius + et Renault Grand Sc\u00e9nic\">Lire plus<\/a><\/p>\n","protected":false},"author":1,"featured_media":0,"comment_status":"open","ping_status":"open","sticky":false,"template":"","format":"standard","meta":{"_uag_custom_page_level_css":"","_themeisle_gutenberg_block_has_review":false,"footnotes":""},"categories":[10],"tags":[],"class_list":["post-1226","post","type-post","status-publish","format-standard","hentry","category-marche-automobile-voiture-neuve-occasion-4x4-suv"],"wppr_data":[],"yoast_head":"<!-- This site is optimized with the Yoast SEO plugin v24.8.1 - https:\/\/yoast.com\/wordpress\/plugins\/seo\/ -->\n<title>Toyota Prius + et Renault Grand Sc\u00e9nic - Blog auto Carid\u00e9al<\/title>\n<meta name=\"robots\" content=\"index, follow, max-snippet:-1, max-image-preview:large, max-video-preview:-1\" \/>\n<link rel=\"canonical\" href=\"https:\/\/www.carideal.com\/blog\/2012\/12\/03\/toyota-prius-et-renault-grand-scenic\/\" \/>\n<meta property=\"og:locale\" content=\"fr_FR\" \/>\n<meta property=\"og:type\" content=\"article\" \/>\n<meta property=\"og:title\" content=\"Toyota Prius + et Renault Grand Sc\u00e9nic - Blog auto Carid\u00e9al\" \/>\n<meta property=\"og:description\" content=\"Essai comparatif des Toyota Prius plus et Renault grand Scenic La Toyota Prius + Sur le papier, un vrai paradoxe : elle porte le nom du plus connu mod\u00e8le \u00e9cologique du monde, mais atteint le poids d&#039;une bonne berline (1565 kg). Son petit bloc \u00e9lectrique la destine \u00e0 une utilisation urbaine, pas son gabarit (4.62 ... Lire plus\" \/>\n<meta property=\"og:url\" content=\"https:\/\/www.carideal.com\/blog\/2012\/12\/03\/toyota-prius-et-renault-grand-scenic\/\" \/>\n<meta property=\"og:site_name\" content=\"Blog auto Carid\u00e9al\" \/>\n<meta property=\"article:publisher\" content=\"https:\/\/www.facebook.com\/Carideal.mandataire.automobile\" \/>\n<meta property=\"article:author\" content=\"https:\/\/www.facebook.com\/Carideal.mandataire.automobile\/\" \/>\n<meta property=\"article:published_time\" content=\"2012-12-03T15:43:00+00:00\" \/>\n<meta property=\"article:modified_time\" content=\"2020-03-07T19:26:15+00:00\" \/>\n<meta property=\"og:image\" content=\"https:\/\/www.carideal.com\/blog\/wp-content\/uploads\/2016\/03\/logo-carideal-mandataire-automobile.png\" \/>\n\t<meta property=\"og:image:width\" content=\"300\" \/>\n\t<meta property=\"og:image:height\" content=\"300\" \/>\n\t<meta property=\"og:image:type\" content=\"image\/png\" \/>\n<meta name=\"author\" content=\"N.S Carideal\" \/>\n<meta name=\"twitter:card\" content=\"summary_large_image\" \/>\n<meta name=\"twitter:creator\" content=\"@caridealauto\" \/>\n<meta name=\"twitter:site\" content=\"@caridealauto\" \/>\n<meta name=\"twitter:label1\" content=\"\u00c9crit par\" \/>\n\t<meta name=\"twitter:data1\" content=\"N.S Carideal\" \/>\n\t<meta name=\"twitter:label2\" content=\"Dur\u00e9e de lecture estim\u00e9e\" \/>\n\t<meta name=\"twitter:data2\" content=\"3 minutes\" \/>\n<script type=\"application\/ld+json\" class=\"yoast-schema-graph\">{\"@context\":\"https:\/\/schema.org\",\"@graph\":[{\"@type\":\"Article\",\"@id\":\"https:\/\/www.carideal.com\/blog\/2012\/12\/03\/toyota-prius-et-renault-grand-scenic\/#article\",\"isPartOf\":{\"@id\":\"https:\/\/www.carideal.com\/blog\/2012\/12\/03\/toyota-prius-et-renault-grand-scenic\/\"},\"author\":{\"name\":\"N.S Carideal\",\"@id\":\"https:\/\/www.carideal.com\/blog\/#\/schema\/person\/985c7e757d1042d647f21bfaf8d41ebc\"},\"headline\":\"Toyota Prius + et Renault Grand Sc\u00e9nic\",\"datePublished\":\"2012-12-03T15:43:00+00:00\",\"dateModified\":\"2020-03-07T19:26:15+00:00\",\"mainEntityOfPage\":{\"@id\":\"https:\/\/www.carideal.com\/blog\/2012\/12\/03\/toyota-prius-et-renault-grand-scenic\/\"},\"wordCount\":547,\"commentCount\":0,\"publisher\":{\"@id\":\"https:\/\/www.carideal.com\/blog\/#organization\"},\"articleSection\":[\"March\u00e9 automobile\"],\"inLanguage\":\"fr-FR\",\"potentialAction\":[{\"@type\":\"CommentAction\",\"name\":\"Comment\",\"target\":[\"https:\/\/www.carideal.com\/blog\/2012\/12\/03\/toyota-prius-et-renault-grand-scenic\/#respond\"]}]},{\"@type\":\"WebPage\",\"@id\":\"https:\/\/www.carideal.com\/blog\/2012\/12\/03\/toyota-prius-et-renault-grand-scenic\/\",\"url\":\"https:\/\/www.carideal.com\/blog\/2012\/12\/03\/toyota-prius-et-renault-grand-scenic\/\",\"name\":\"Toyota Prius + et Renault Grand Sc\u00e9nic - Blog auto Carid\u00e9al\",\"isPartOf\":{\"@id\":\"https:\/\/www.carideal.com\/blog\/#website\"},\"datePublished\":\"2012-12-03T15:43:00+00:00\",\"dateModified\":\"2020-03-07T19:26:15+00:00\",\"breadcrumb\":{\"@id\":\"https:\/\/www.carideal.com\/blog\/2012\/12\/03\/toyota-prius-et-renault-grand-scenic\/#breadcrumb\"},\"inLanguage\":\"fr-FR\",\"potentialAction\":[{\"@type\":\"ReadAction\",\"target\":[\"https:\/\/www.carideal.com\/blog\/2012\/12\/03\/toyota-prius-et-renault-grand-scenic\/\"]}]},{\"@type\":\"BreadcrumbList\",\"@id\":\"https:\/\/www.carideal.com\/blog\/2012\/12\/03\/toyota-prius-et-renault-grand-scenic\/#breadcrumb\",\"itemListElement\":[{\"@type\":\"ListItem\",\"position\":1,\"name\":\"Blog Carid\u00e9al\",\"item\":\"https:\/\/www.carideal.com\/blog\/\"},{\"@type\":\"ListItem\",\"position\":2,\"name\":\"March\u00e9 automobile\",\"item\":\"https:\/\/www.carideal.com\/blog\/marche-automobile-voiture-neuve-occasion-4x4-suv\/\"},{\"@type\":\"ListItem\",\"position\":3,\"name\":\"Toyota Prius + et Renault Grand Sc\u00e9nic\"}]},{\"@type\":\"WebSite\",\"@id\":\"https:\/\/www.carideal.com\/blog\/#website\",\"url\":\"https:\/\/www.carideal.com\/blog\/\",\"name\":\"Blog auto Carid\u00e9al\",\"description\":\"Actualit\u00e9 auto par des passionn\u00e9s\",\"publisher\":{\"@id\":\"https:\/\/www.carideal.com\/blog\/#organization\"},\"potentialAction\":[{\"@type\":\"SearchAction\",\"target\":{\"@type\":\"EntryPoint\",\"urlTemplate\":\"https:\/\/www.carideal.com\/blog\/?s={search_term_string}\"},\"query-input\":{\"@type\":\"PropertyValueSpecification\",\"valueRequired\":true,\"valueName\":\"search_term_string\"}}],\"inLanguage\":\"fr-FR\"},{\"@type\":\"Organization\",\"@id\":\"https:\/\/www.carideal.com\/blog\/#organization\",\"name\":\"Carideal\",\"url\":\"https:\/\/www.carideal.com\/blog\/\",\"logo\":{\"@type\":\"ImageObject\",\"inLanguage\":\"fr-FR\",\"@id\":\"https:\/\/www.carideal.com\/blog\/#\/schema\/logo\/image\/\",\"url\":\"http:\/\/www.carideal.com\/blog\/wp-content\/uploads\/2016\/03\/logo-carideal-mandataire-automobile.png\",\"contentUrl\":\"http:\/\/www.carideal.com\/blog\/wp-content\/uploads\/2016\/03\/logo-carideal-mandataire-automobile.png\",\"width\":300,\"height\":300,\"caption\":\"Carideal\"},\"image\":{\"@id\":\"https:\/\/www.carideal.com\/blog\/#\/schema\/logo\/image\/\"},\"sameAs\":[\"https:\/\/www.facebook.com\/Carideal.mandataire.automobile\",\"https:\/\/x.com\/caridealauto\",\"https:\/\/www.instagram.com\/carideal1\/\",\"https:\/\/www.linkedin.com\/company\/carideal.com\",\"https:\/\/fr.pinterest.com\/schiavonsas\/\",\"https:\/\/www.youtube.com\/user\/caridealsas\"]},{\"@type\":\"Person\",\"@id\":\"https:\/\/www.carideal.com\/blog\/#\/schema\/person\/985c7e757d1042d647f21bfaf8d41ebc\",\"name\":\"N.S Carideal\",\"image\":{\"@type\":\"ImageObject\",\"inLanguage\":\"fr-FR\",\"@id\":\"https:\/\/www.carideal.com\/blog\/#\/schema\/person\/image\/\",\"url\":\"https:\/\/secure.gravatar.com\/avatar\/edb7ccdf1a4e3d14aef967760d354d0e?s=96&r=g\",\"contentUrl\":\"https:\/\/secure.gravatar.com\/avatar\/edb7ccdf1a4e3d14aef967760d354d0e?s=96&r=g\",\"caption\":\"N.S Carideal\"},\"description\":\"Depuis tout petit fan d'automobile. Il est question d'essayer et de comparer toutes ces voitures qui nous ont fait r\u00e9ver, avant que celles-ci ne devient uniquement des voitures de collection.\",\"sameAs\":[\"http:\/\/www.carideal.com\/blog\",\"https:\/\/www.facebook.com\/Carideal.mandataire.automobile\/\",\"https:\/\/www.linkedin.com\/in\/nschiavon\/\",\"https:\/\/www.youtube.com\/user\/caridealsas\/\"],\"url\":\"https:\/\/www.carideal.com\/blog\/author\/admin_carideal\/\"}]}<\/script>\n<!-- \/ Yoast SEO plugin. -->","yoast_head_json":{"title":"Toyota Prius + et Renault Grand Sc\u00e9nic - Blog auto Carid\u00e9al","robots":{"index":"index","follow":"follow","max-snippet":"max-snippet:-1","max-image-preview":"max-image-preview:large","max-video-preview":"max-video-preview:-1"},"canonical":"https:\/\/www.carideal.com\/blog\/2012\/12\/03\/toyota-prius-et-renault-grand-scenic\/","og_locale":"fr_FR","og_type":"article","og_title":"Toyota Prius + et Renault Grand Sc\u00e9nic - Blog auto Carid\u00e9al","og_description":"Essai comparatif des Toyota Prius plus et Renault grand Scenic La Toyota Prius + Sur le papier, un vrai paradoxe : elle porte le nom du plus connu mod\u00e8le \u00e9cologique du monde, mais atteint le poids d'une bonne berline (1565 kg). Son petit bloc \u00e9lectrique la destine \u00e0 une utilisation urbaine, pas son gabarit (4.62 ... Lire plus","og_url":"https:\/\/www.carideal.com\/blog\/2012\/12\/03\/toyota-prius-et-renault-grand-scenic\/","og_site_name":"Blog auto Carid\u00e9al","article_publisher":"https:\/\/www.facebook.com\/Carideal.mandataire.automobile","article_author":"https:\/\/www.facebook.com\/Carideal.mandataire.automobile\/","article_published_time":"2012-12-03T15:43:00+00:00","article_modified_time":"2020-03-07T19:26:15+00:00","og_image":[{"width":300,"height":300,"url":"https:\/\/www.carideal.com\/blog\/wp-content\/uploads\/2016\/03\/logo-carideal-mandataire-automobile.png","type":"image\/png"}],"author":"N.S Carideal","twitter_card":"summary_large_image","twitter_creator":"@caridealauto","twitter_site":"@caridealauto","twitter_misc":{"\u00c9crit par":"N.S Carideal","Dur\u00e9e de lecture estim\u00e9e":"3 minutes"},"schema":{"@context":"https:\/\/schema.org","@graph":[{"@type":"Article","@id":"https:\/\/www.carideal.com\/blog\/2012\/12\/03\/toyota-prius-et-renault-grand-scenic\/#article","isPartOf":{"@id":"https:\/\/www.carideal.com\/blog\/2012\/12\/03\/toyota-prius-et-renault-grand-scenic\/"},"author":{"name":"N.S Carideal","@id":"https:\/\/www.carideal.com\/blog\/#\/schema\/person\/985c7e757d1042d647f21bfaf8d41ebc"},"headline":"Toyota Prius + et Renault Grand Sc\u00e9nic","datePublished":"2012-12-03T15:43:00+00:00","dateModified":"2020-03-07T19:26:15+00:00","mainEntityOfPage":{"@id":"https:\/\/www.carideal.com\/blog\/2012\/12\/03\/toyota-prius-et-renault-grand-scenic\/"},"wordCount":547,"commentCount":0,"publisher":{"@id":"https:\/\/www.carideal.com\/blog\/#organization"},"articleSection":["March\u00e9 automobile"],"inLanguage":"fr-FR","potentialAction":[{"@type":"CommentAction","name":"Comment","target":["https:\/\/www.carideal.com\/blog\/2012\/12\/03\/toyota-prius-et-renault-grand-scenic\/#respond"]}]},{"@type":"WebPage","@id":"https:\/\/www.carideal.com\/blog\/2012\/12\/03\/toyota-prius-et-renault-grand-scenic\/","url":"https:\/\/www.carideal.com\/blog\/2012\/12\/03\/toyota-prius-et-renault-grand-scenic\/","name":"Toyota Prius + et Renault Grand Sc\u00e9nic - Blog auto Carid\u00e9al","isPartOf":{"@id":"https:\/\/www.carideal.com\/blog\/#website"},"datePublished":"2012-12-03T15:43:00+00:00","dateModified":"2020-03-07T19:26:15+00:00","breadcrumb":{"@id":"https:\/\/www.carideal.com\/blog\/2012\/12\/03\/toyota-prius-et-renault-grand-scenic\/#breadcrumb"},"inLanguage":"fr-FR","potentialAction":[{"@type":"ReadAction","target":["https:\/\/www.carideal.com\/blog\/2012\/12\/03\/toyota-prius-et-renault-grand-scenic\/"]}]},{"@type":"BreadcrumbList","@id":"https:\/\/www.carideal.com\/blog\/2012\/12\/03\/toyota-prius-et-renault-grand-scenic\/#breadcrumb","itemListElement":[{"@type":"ListItem","position":1,"name":"Blog Carid\u00e9al","item":"https:\/\/www.carideal.com\/blog\/"},{"@type":"ListItem","position":2,"name":"March\u00e9 automobile","item":"https:\/\/www.carideal.com\/blog\/marche-automobile-voiture-neuve-occasion-4x4-suv\/"},{"@type":"ListItem","position":3,"name":"Toyota Prius + et Renault Grand Sc\u00e9nic"}]},{"@type":"WebSite","@id":"https:\/\/www.carideal.com\/blog\/#website","url":"https:\/\/www.carideal.com\/blog\/","name":"Blog auto Carid\u00e9al","description":"Actualit\u00e9 auto par des passionn\u00e9s","publisher":{"@id":"https:\/\/www.carideal.com\/blog\/#organization"},"potentialAction":[{"@type":"SearchAction","target":{"@type":"EntryPoint","urlTemplate":"https:\/\/www.carideal.com\/blog\/?s={search_term_string}"},"query-input":{"@type":"PropertyValueSpecification","valueRequired":true,"valueName":"search_term_string"}}],"inLanguage":"fr-FR"},{"@type":"Organization","@id":"https:\/\/www.carideal.com\/blog\/#organization","name":"Carideal","url":"https:\/\/www.carideal.com\/blog\/","logo":{"@type":"ImageObject","inLanguage":"fr-FR","@id":"https:\/\/www.carideal.com\/blog\/#\/schema\/logo\/image\/","url":"http:\/\/www.carideal.com\/blog\/wp-content\/uploads\/2016\/03\/logo-carideal-mandataire-automobile.png","contentUrl":"http:\/\/www.carideal.com\/blog\/wp-content\/uploads\/2016\/03\/logo-carideal-mandataire-automobile.png","width":300,"height":300,"caption":"Carideal"},"image":{"@id":"https:\/\/www.carideal.com\/blog\/#\/schema\/logo\/image\/"},"sameAs":["https:\/\/www.facebook.com\/Carideal.mandataire.automobile","https:\/\/x.com\/caridealauto","https:\/\/www.instagram.com\/carideal1\/","https:\/\/www.linkedin.com\/company\/carideal.com","https:\/\/fr.pinterest.com\/schiavonsas\/","https:\/\/www.youtube.com\/user\/caridealsas"]},{"@type":"Person","@id":"https:\/\/www.carideal.com\/blog\/#\/schema\/person\/985c7e757d1042d647f21bfaf8d41ebc","name":"N.S Carideal","image":{"@type":"ImageObject","inLanguage":"fr-FR","@id":"https:\/\/www.carideal.com\/blog\/#\/schema\/person\/image\/","url":"https:\/\/secure.gravatar.com\/avatar\/edb7ccdf1a4e3d14aef967760d354d0e?s=96&r=g","contentUrl":"https:\/\/secure.gravatar.com\/avatar\/edb7ccdf1a4e3d14aef967760d354d0e?s=96&r=g","caption":"N.S Carideal"},"description":"Depuis tout petit fan d'automobile. Il est question d'essayer et de comparer toutes ces voitures qui nous ont fait r\u00e9ver, avant que celles-ci ne devient uniquement des voitures de collection.","sameAs":["http:\/\/www.carideal.com\/blog","https:\/\/www.facebook.com\/Carideal.mandataire.automobile\/","https:\/\/www.linkedin.com\/in\/nschiavon\/","https:\/\/www.youtube.com\/user\/caridealsas\/"],"url":"https:\/\/www.carideal.com\/blog\/author\/admin_carideal\/"}]}},"uagb_featured_image_src":{"full":false,"thumbnail":false,"medium":false,"medium_large":false,"large":false,"1536x1536":false,"2048x2048":false,"wppr-widget":false},"uagb_author_info":{"display_name":"N.S Carideal","author_link":"https:\/\/www.carideal.com\/blog\/author\/admin_carideal\/"},"uagb_comment_info":0,"uagb_excerpt":"Essai comparatif des Toyota Prius plus et Renault grand Scenic La Toyota Prius + Sur le papier, un vrai paradoxe : elle porte le nom du plus connu mod\u00e8le \u00e9cologique du monde, mais atteint le poids d'une bonne berline (1565 kg). Son petit bloc \u00e9lectrique la destine \u00e0 une utilisation urbaine, pas son gabarit (4.62\u2026","_links":{"self":[{"href":"https:\/\/www.carideal.com\/blog\/wp-json\/wp\/v2\/posts\/1226"}],"collection":[{"href":"https:\/\/www.carideal.com\/blog\/wp-json\/wp\/v2\/posts"}],"about":[{"href":"https:\/\/www.carideal.com\/blog\/wp-json\/wp\/v2\/types\/post"}],"author":[{"embeddable":true,"href":"https:\/\/www.carideal.com\/blog\/wp-json\/wp\/v2\/users\/1"}],"replies":[{"embeddable":true,"href":"https:\/\/www.carideal.com\/blog\/wp-json\/wp\/v2\/comments?post=1226"}],"version-history":[{"count":0,"href":"https:\/\/www.carideal.com\/blog\/wp-json\/wp\/v2\/posts\/1226\/revisions"}],"wp:attachment":[{"href":"https:\/\/www.carideal.com\/blog\/wp-json\/wp\/v2\/media?parent=1226"}],"wp:term":[{"taxonomy":"category","embeddable":true,"href":"https:\/\/www.carideal.com\/blog\/wp-json\/wp\/v2\/categories?post=1226"},{"taxonomy":"post_tag","embeddable":true,"href":"https:\/\/www.carideal.com\/blog\/wp-json\/wp\/v2\/tags?post=1226"}],"curies":[{"name":"wp","href":"https:\/\/api.w.org\/{rel}","templated":true}]}}