{"id":1225,"date":"2012-12-03T14:08:00","date_gmt":"2012-12-03T14:08:00","guid":{"rendered":"http:\/\/carideal.com\/blog\/?p=1225"},"modified":"2012-12-03T14:08:00","modified_gmt":"2012-12-03T14:08:00","slug":"kia-ceed-sw","status":"publish","type":"post","link":"https:\/\/www.carideal.com\/blog\/2012\/12\/03\/kia-ceed-sw\/","title":{"rendered":"Kia Cee&rsquo;d SW"},"content":{"rendered":"<p><img decoding=\"async\" src=\"\/blog\/public\/.kia-ceed-sw_m.jpg\" alt=\"kia-ceed-sw.jpg\" title=\"kia-ceed-sw.jpg, d\u00e9c. 2012\" \/><\/p>\n<p>Comme la plupart de ses adversaires, la <a href=\"\/blog\/index.php?tag\/Cee%20d\">Cee'd<\/a> \u00e0 malle ne s'appelle pas break, mais SW. Pour une fois, la d\u00e9signation n'aurait pas \u00e9t\u00e9 usurp\u00e9e: elle peut contenir 528 l de bagages en configuration \u00e0 cinq places, et 1642 l banquette rabattue. Une valeur excellente... dans la cat\u00e9gorie sup\u00e9rieur! Chez les compactes, seule extraterrestre <a href=\"\/blog\/index.php?tag\/Dacia%20Logan%20MCV\">Dacia Logan MCV<\/a> fait encore mieux. Tr\u00e8s accueillantes , cette Cee'd SW n'oublie pas de se montrer fonctionnelle. Le plancher, parfaitement plat  en configuration \u00e0 deux places, recouvre de nombreux rangements compartiment\u00e9s. D\u00e8s le premier niveau d'\u00e9quipement, des rails re\u00e7oivent  des crochets et une barre coulissante pour caler facilement les bagages. Un regret? Oui: l'absence d'astuces pr\u00e9sentes chez certains rivales, comme les poign\u00e9es permettant le basculement des dossiers arri\u00e8re depuis (<a href=\"\/blog\/index.php?tag\/Opel%20Astra%20ST\">Opel Astra ST<\/a>), le si\u00e8ge avant passager rabattable (<a href=\"\/blog\/index.php?tag\/Renault%20M%C3%A9gane%20Estate\">Renault M\u00e9gane Estate<\/a>) ou la lunette ouvrante ind\u00e9pendamment(<a href=\"\/blog\/index.php?tag\/Peugeot%20308%20SW\">Peugeot 308 SW<\/a>). Pour le reste, cette SW rappelle la cee'd \u00e0 cinq portes: espace int\u00e9rieur correct, bon compromis entre confort et tenue de route, planche de bord bien pr\u00e9sent\u00e9e. Mais aussi une sellerie ferme sur longs trajets, et un diesel de 128 ch qui semble en d\u00e9velopper 20 de moins lors des relances \u00e0 bas r\u00e9gimes ou sur les rapports sup\u00e9rieurs. Un dernier d\u00e9faut excus\u00e9 \u00e0 la lecture du tarif&nbsp;: 23490 \u20ac en <a href=\"\/blog\/index.php?tag\/finition%20Active\">finition Active<\/a> bien dot\u00e9e, soit le prix des rivales diesels en version 110 ch, voire 90 ch...<\/p>\n","protected":false},"excerpt":{"rendered":"<p>Comme la plupart de ses adversaires, la Cee&rsquo;d \u00e0 malle ne s&rsquo;appelle pas break, mais SW. Pour une fois, la d\u00e9signation n&rsquo;aurait pas \u00e9t\u00e9 usurp\u00e9e: elle peut contenir 528 l de bagages en configuration \u00e0 cinq places, et 1642 l banquette rabattue. Une valeur excellente&#8230; dans la cat\u00e9gorie sup\u00e9rieur! Chez les compactes, seule extraterrestre Dacia &#8230; <a title=\"Kia Cee&rsquo;d SW\" class=\"read-more\" href=\"https:\/\/www.carideal.com\/blog\/2012\/12\/03\/kia-ceed-sw\/\" aria-label=\"En savoir plus sur Kia Cee&rsquo;d SW\">Lire plus<\/a><\/p>\n","protected":false},"author":1,"featured_media":0,"comment_status":"open","ping_status":"open","sticky":false,"template":"","format":"standard","meta":{"_uag_custom_page_level_css":"","_themeisle_gutenberg_block_has_review":false,"footnotes":""},"categories":[10],"tags":[],"class_list":["post-1225","post","type-post","status-publish","format-standard","hentry","category-marche-automobile-voiture-neuve-occasion-4x4-suv"],"wppr_data":[],"yoast_head":"<!-- This site is optimized with the Yoast SEO plugin v24.8.1 - https:\/\/yoast.com\/wordpress\/plugins\/seo\/ -->\n<title>Kia Cee&#039;d SW - Blog auto Carid\u00e9al<\/title>\n<meta name=\"robots\" content=\"index, follow, max-snippet:-1, max-image-preview:large, max-video-preview:-1\" \/>\n<link rel=\"canonical\" href=\"https:\/\/www.carideal.com\/blog\/2012\/12\/03\/kia-ceed-sw\/\" \/>\n<meta property=\"og:locale\" content=\"fr_FR\" \/>\n<meta property=\"og:type\" content=\"article\" \/>\n<meta property=\"og:title\" content=\"Kia Cee&#039;d SW - Blog auto Carid\u00e9al\" \/>\n<meta property=\"og:description\" content=\"Comme la plupart de ses adversaires, la Cee&#039;d \u00e0 malle ne s&#039;appelle pas break, mais SW. Pour une fois, la d\u00e9signation n&#039;aurait pas \u00e9t\u00e9 usurp\u00e9e: elle peut contenir 528 l de bagages en configuration \u00e0 cinq places, et 1642 l banquette rabattue. Une valeur excellente... dans la cat\u00e9gorie sup\u00e9rieur! Chez les compactes, seule extraterrestre Dacia ... Lire plus\" \/>\n<meta property=\"og:url\" content=\"https:\/\/www.carideal.com\/blog\/2012\/12\/03\/kia-ceed-sw\/\" \/>\n<meta property=\"og:site_name\" content=\"Blog auto Carid\u00e9al\" \/>\n<meta property=\"article:publisher\" content=\"https:\/\/www.facebook.com\/Carideal.mandataire.automobile\" \/>\n<meta property=\"article:author\" content=\"https:\/\/www.facebook.com\/Carideal.mandataire.automobile\/\" \/>\n<meta property=\"article:published_time\" content=\"2012-12-03T14:08:00+00:00\" \/>\n<meta property=\"og:image\" content=\"https:\/\/www.carideal.com\/blog\/wp-content\/uploads\/2016\/03\/logo-carideal-mandataire-automobile.png\" \/>\n\t<meta property=\"og:image:width\" content=\"300\" \/>\n\t<meta property=\"og:image:height\" content=\"300\" \/>\n\t<meta property=\"og:image:type\" content=\"image\/png\" \/>\n<meta name=\"author\" content=\"N.S Carideal\" \/>\n<meta name=\"twitter:card\" content=\"summary_large_image\" \/>\n<meta name=\"twitter:creator\" content=\"@caridealauto\" \/>\n<meta name=\"twitter:site\" content=\"@caridealauto\" \/>\n<meta name=\"twitter:label1\" content=\"\u00c9crit par\" \/>\n\t<meta name=\"twitter:data1\" content=\"N.S Carideal\" \/>\n\t<meta name=\"twitter:label2\" content=\"Dur\u00e9e de lecture estim\u00e9e\" \/>\n\t<meta name=\"twitter:data2\" content=\"1 minute\" \/>\n<script type=\"application\/ld+json\" class=\"yoast-schema-graph\">{\"@context\":\"https:\/\/schema.org\",\"@graph\":[{\"@type\":\"Article\",\"@id\":\"https:\/\/www.carideal.com\/blog\/2012\/12\/03\/kia-ceed-sw\/#article\",\"isPartOf\":{\"@id\":\"https:\/\/www.carideal.com\/blog\/2012\/12\/03\/kia-ceed-sw\/\"},\"author\":{\"name\":\"N.S Carideal\",\"@id\":\"https:\/\/www.carideal.com\/blog\/#\/schema\/person\/985c7e757d1042d647f21bfaf8d41ebc\"},\"headline\":\"Kia Cee&rsquo;d SW\",\"datePublished\":\"2012-12-03T14:08:00+00:00\",\"mainEntityOfPage\":{\"@id\":\"https:\/\/www.carideal.com\/blog\/2012\/12\/03\/kia-ceed-sw\/\"},\"wordCount\":242,\"commentCount\":0,\"publisher\":{\"@id\":\"https:\/\/www.carideal.com\/blog\/#organization\"},\"articleSection\":[\"March\u00e9 automobile\"],\"inLanguage\":\"fr-FR\",\"potentialAction\":[{\"@type\":\"CommentAction\",\"name\":\"Comment\",\"target\":[\"https:\/\/www.carideal.com\/blog\/2012\/12\/03\/kia-ceed-sw\/#respond\"]}]},{\"@type\":\"WebPage\",\"@id\":\"https:\/\/www.carideal.com\/blog\/2012\/12\/03\/kia-ceed-sw\/\",\"url\":\"https:\/\/www.carideal.com\/blog\/2012\/12\/03\/kia-ceed-sw\/\",\"name\":\"Kia Cee'd SW - Blog auto Carid\u00e9al\",\"isPartOf\":{\"@id\":\"https:\/\/www.carideal.com\/blog\/#website\"},\"datePublished\":\"2012-12-03T14:08:00+00:00\",\"breadcrumb\":{\"@id\":\"https:\/\/www.carideal.com\/blog\/2012\/12\/03\/kia-ceed-sw\/#breadcrumb\"},\"inLanguage\":\"fr-FR\",\"potentialAction\":[{\"@type\":\"ReadAction\",\"target\":[\"https:\/\/www.carideal.com\/blog\/2012\/12\/03\/kia-ceed-sw\/\"]}]},{\"@type\":\"BreadcrumbList\",\"@id\":\"https:\/\/www.carideal.com\/blog\/2012\/12\/03\/kia-ceed-sw\/#breadcrumb\",\"itemListElement\":[{\"@type\":\"ListItem\",\"position\":1,\"name\":\"Blog Carid\u00e9al\",\"item\":\"https:\/\/www.carideal.com\/blog\/\"},{\"@type\":\"ListItem\",\"position\":2,\"name\":\"March\u00e9 automobile\",\"item\":\"https:\/\/www.carideal.com\/blog\/marche-automobile-voiture-neuve-occasion-4x4-suv\/\"},{\"@type\":\"ListItem\",\"position\":3,\"name\":\"Kia Cee&rsquo;d SW\"}]},{\"@type\":\"WebSite\",\"@id\":\"https:\/\/www.carideal.com\/blog\/#website\",\"url\":\"https:\/\/www.carideal.com\/blog\/\",\"name\":\"Blog auto Carid\u00e9al\",\"description\":\"Actualit\u00e9 auto par des passionn\u00e9s\",\"publisher\":{\"@id\":\"https:\/\/www.carideal.com\/blog\/#organization\"},\"potentialAction\":[{\"@type\":\"SearchAction\",\"target\":{\"@type\":\"EntryPoint\",\"urlTemplate\":\"https:\/\/www.carideal.com\/blog\/?s={search_term_string}\"},\"query-input\":{\"@type\":\"PropertyValueSpecification\",\"valueRequired\":true,\"valueName\":\"search_term_string\"}}],\"inLanguage\":\"fr-FR\"},{\"@type\":\"Organization\",\"@id\":\"https:\/\/www.carideal.com\/blog\/#organization\",\"name\":\"Carideal\",\"url\":\"https:\/\/www.carideal.com\/blog\/\",\"logo\":{\"@type\":\"ImageObject\",\"inLanguage\":\"fr-FR\",\"@id\":\"https:\/\/www.carideal.com\/blog\/#\/schema\/logo\/image\/\",\"url\":\"http:\/\/www.carideal.com\/blog\/wp-content\/uploads\/2016\/03\/logo-carideal-mandataire-automobile.png\",\"contentUrl\":\"http:\/\/www.carideal.com\/blog\/wp-content\/uploads\/2016\/03\/logo-carideal-mandataire-automobile.png\",\"width\":300,\"height\":300,\"caption\":\"Carideal\"},\"image\":{\"@id\":\"https:\/\/www.carideal.com\/blog\/#\/schema\/logo\/image\/\"},\"sameAs\":[\"https:\/\/www.facebook.com\/Carideal.mandataire.automobile\",\"https:\/\/x.com\/caridealauto\",\"https:\/\/www.instagram.com\/carideal1\/\",\"https:\/\/www.linkedin.com\/company\/carideal.com\",\"https:\/\/fr.pinterest.com\/schiavonsas\/\",\"https:\/\/www.youtube.com\/user\/caridealsas\"]},{\"@type\":\"Person\",\"@id\":\"https:\/\/www.carideal.com\/blog\/#\/schema\/person\/985c7e757d1042d647f21bfaf8d41ebc\",\"name\":\"N.S Carideal\",\"image\":{\"@type\":\"ImageObject\",\"inLanguage\":\"fr-FR\",\"@id\":\"https:\/\/www.carideal.com\/blog\/#\/schema\/person\/image\/\",\"url\":\"https:\/\/secure.gravatar.com\/avatar\/edb7ccdf1a4e3d14aef967760d354d0e?s=96&r=g\",\"contentUrl\":\"https:\/\/secure.gravatar.com\/avatar\/edb7ccdf1a4e3d14aef967760d354d0e?s=96&r=g\",\"caption\":\"N.S Carideal\"},\"description\":\"Depuis tout petit fan d'automobile. Il est question d'essayer et de comparer toutes ces voitures qui nous ont fait r\u00e9ver, avant que celles-ci ne devient uniquement des voitures de collection.\",\"sameAs\":[\"http:\/\/www.carideal.com\/blog\",\"https:\/\/www.facebook.com\/Carideal.mandataire.automobile\/\",\"https:\/\/www.linkedin.com\/in\/nschiavon\/\",\"https:\/\/www.youtube.com\/user\/caridealsas\/\"],\"url\":\"https:\/\/www.carideal.com\/blog\/author\/admin_carideal\/\"}]}<\/script>\n<!-- \/ Yoast SEO plugin. -->","yoast_head_json":{"title":"Kia Cee'd SW - Blog auto Carid\u00e9al","robots":{"index":"index","follow":"follow","max-snippet":"max-snippet:-1","max-image-preview":"max-image-preview:large","max-video-preview":"max-video-preview:-1"},"canonical":"https:\/\/www.carideal.com\/blog\/2012\/12\/03\/kia-ceed-sw\/","og_locale":"fr_FR","og_type":"article","og_title":"Kia Cee'd SW - Blog auto Carid\u00e9al","og_description":"Comme la plupart de ses adversaires, la Cee'd \u00e0 malle ne s'appelle pas break, mais SW. Pour une fois, la d\u00e9signation n'aurait pas \u00e9t\u00e9 usurp\u00e9e: elle peut contenir 528 l de bagages en configuration \u00e0 cinq places, et 1642 l banquette rabattue. Une valeur excellente... dans la cat\u00e9gorie sup\u00e9rieur! Chez les compactes, seule extraterrestre Dacia ... Lire plus","og_url":"https:\/\/www.carideal.com\/blog\/2012\/12\/03\/kia-ceed-sw\/","og_site_name":"Blog auto Carid\u00e9al","article_publisher":"https:\/\/www.facebook.com\/Carideal.mandataire.automobile","article_author":"https:\/\/www.facebook.com\/Carideal.mandataire.automobile\/","article_published_time":"2012-12-03T14:08:00+00:00","og_image":[{"width":300,"height":300,"url":"https:\/\/www.carideal.com\/blog\/wp-content\/uploads\/2016\/03\/logo-carideal-mandataire-automobile.png","type":"image\/png"}],"author":"N.S Carideal","twitter_card":"summary_large_image","twitter_creator":"@caridealauto","twitter_site":"@caridealauto","twitter_misc":{"\u00c9crit par":"N.S Carideal","Dur\u00e9e de lecture estim\u00e9e":"1 minute"},"schema":{"@context":"https:\/\/schema.org","@graph":[{"@type":"Article","@id":"https:\/\/www.carideal.com\/blog\/2012\/12\/03\/kia-ceed-sw\/#article","isPartOf":{"@id":"https:\/\/www.carideal.com\/blog\/2012\/12\/03\/kia-ceed-sw\/"},"author":{"name":"N.S Carideal","@id":"https:\/\/www.carideal.com\/blog\/#\/schema\/person\/985c7e757d1042d647f21bfaf8d41ebc"},"headline":"Kia Cee&rsquo;d SW","datePublished":"2012-12-03T14:08:00+00:00","mainEntityOfPage":{"@id":"https:\/\/www.carideal.com\/blog\/2012\/12\/03\/kia-ceed-sw\/"},"wordCount":242,"commentCount":0,"publisher":{"@id":"https:\/\/www.carideal.com\/blog\/#organization"},"articleSection":["March\u00e9 automobile"],"inLanguage":"fr-FR","potentialAction":[{"@type":"CommentAction","name":"Comment","target":["https:\/\/www.carideal.com\/blog\/2012\/12\/03\/kia-ceed-sw\/#respond"]}]},{"@type":"WebPage","@id":"https:\/\/www.carideal.com\/blog\/2012\/12\/03\/kia-ceed-sw\/","url":"https:\/\/www.carideal.com\/blog\/2012\/12\/03\/kia-ceed-sw\/","name":"Kia Cee'd SW - Blog auto Carid\u00e9al","isPartOf":{"@id":"https:\/\/www.carideal.com\/blog\/#website"},"datePublished":"2012-12-03T14:08:00+00:00","breadcrumb":{"@id":"https:\/\/www.carideal.com\/blog\/2012\/12\/03\/kia-ceed-sw\/#breadcrumb"},"inLanguage":"fr-FR","potentialAction":[{"@type":"ReadAction","target":["https:\/\/www.carideal.com\/blog\/2012\/12\/03\/kia-ceed-sw\/"]}]},{"@type":"BreadcrumbList","@id":"https:\/\/www.carideal.com\/blog\/2012\/12\/03\/kia-ceed-sw\/#breadcrumb","itemListElement":[{"@type":"ListItem","position":1,"name":"Blog Carid\u00e9al","item":"https:\/\/www.carideal.com\/blog\/"},{"@type":"ListItem","position":2,"name":"March\u00e9 automobile","item":"https:\/\/www.carideal.com\/blog\/marche-automobile-voiture-neuve-occasion-4x4-suv\/"},{"@type":"ListItem","position":3,"name":"Kia Cee&rsquo;d SW"}]},{"@type":"WebSite","@id":"https:\/\/www.carideal.com\/blog\/#website","url":"https:\/\/www.carideal.com\/blog\/","name":"Blog auto Carid\u00e9al","description":"Actualit\u00e9 auto par des passionn\u00e9s","publisher":{"@id":"https:\/\/www.carideal.com\/blog\/#organization"},"potentialAction":[{"@type":"SearchAction","target":{"@type":"EntryPoint","urlTemplate":"https:\/\/www.carideal.com\/blog\/?s={search_term_string}"},"query-input":{"@type":"PropertyValueSpecification","valueRequired":true,"valueName":"search_term_string"}}],"inLanguage":"fr-FR"},{"@type":"Organization","@id":"https:\/\/www.carideal.com\/blog\/#organization","name":"Carideal","url":"https:\/\/www.carideal.com\/blog\/","logo":{"@type":"ImageObject","inLanguage":"fr-FR","@id":"https:\/\/www.carideal.com\/blog\/#\/schema\/logo\/image\/","url":"http:\/\/www.carideal.com\/blog\/wp-content\/uploads\/2016\/03\/logo-carideal-mandataire-automobile.png","contentUrl":"http:\/\/www.carideal.com\/blog\/wp-content\/uploads\/2016\/03\/logo-carideal-mandataire-automobile.png","width":300,"height":300,"caption":"Carideal"},"image":{"@id":"https:\/\/www.carideal.com\/blog\/#\/schema\/logo\/image\/"},"sameAs":["https:\/\/www.facebook.com\/Carideal.mandataire.automobile","https:\/\/x.com\/caridealauto","https:\/\/www.instagram.com\/carideal1\/","https:\/\/www.linkedin.com\/company\/carideal.com","https:\/\/fr.pinterest.com\/schiavonsas\/","https:\/\/www.youtube.com\/user\/caridealsas"]},{"@type":"Person","@id":"https:\/\/www.carideal.com\/blog\/#\/schema\/person\/985c7e757d1042d647f21bfaf8d41ebc","name":"N.S Carideal","image":{"@type":"ImageObject","inLanguage":"fr-FR","@id":"https:\/\/www.carideal.com\/blog\/#\/schema\/person\/image\/","url":"https:\/\/secure.gravatar.com\/avatar\/edb7ccdf1a4e3d14aef967760d354d0e?s=96&r=g","contentUrl":"https:\/\/secure.gravatar.com\/avatar\/edb7ccdf1a4e3d14aef967760d354d0e?s=96&r=g","caption":"N.S Carideal"},"description":"Depuis tout petit fan d'automobile. Il est question d'essayer et de comparer toutes ces voitures qui nous ont fait r\u00e9ver, avant que celles-ci ne devient uniquement des voitures de collection.","sameAs":["http:\/\/www.carideal.com\/blog","https:\/\/www.facebook.com\/Carideal.mandataire.automobile\/","https:\/\/www.linkedin.com\/in\/nschiavon\/","https:\/\/www.youtube.com\/user\/caridealsas\/"],"url":"https:\/\/www.carideal.com\/blog\/author\/admin_carideal\/"}]}},"uagb_featured_image_src":{"full":false,"thumbnail":false,"medium":false,"medium_large":false,"large":false,"1536x1536":false,"2048x2048":false,"wppr-widget":false},"uagb_author_info":{"display_name":"N.S Carideal","author_link":"https:\/\/www.carideal.com\/blog\/author\/admin_carideal\/"},"uagb_comment_info":0,"uagb_excerpt":"Comme la plupart de ses adversaires, la Cee'd \u00e0 malle ne s'appelle pas break, mais SW. Pour une fois, la d\u00e9signation n'aurait pas \u00e9t\u00e9 usurp\u00e9e: elle peut contenir 528 l de bagages en configuration \u00e0 cinq places, et 1642 l banquette rabattue. Une valeur excellente... dans la cat\u00e9gorie sup\u00e9rieur! Chez les compactes, seule extraterrestre Dacia\u2026","_links":{"self":[{"href":"https:\/\/www.carideal.com\/blog\/wp-json\/wp\/v2\/posts\/1225"}],"collection":[{"href":"https:\/\/www.carideal.com\/blog\/wp-json\/wp\/v2\/posts"}],"about":[{"href":"https:\/\/www.carideal.com\/blog\/wp-json\/wp\/v2\/types\/post"}],"author":[{"embeddable":true,"href":"https:\/\/www.carideal.com\/blog\/wp-json\/wp\/v2\/users\/1"}],"replies":[{"embeddable":true,"href":"https:\/\/www.carideal.com\/blog\/wp-json\/wp\/v2\/comments?post=1225"}],"version-history":[{"count":0,"href":"https:\/\/www.carideal.com\/blog\/wp-json\/wp\/v2\/posts\/1225\/revisions"}],"wp:attachment":[{"href":"https:\/\/www.carideal.com\/blog\/wp-json\/wp\/v2\/media?parent=1225"}],"wp:term":[{"taxonomy":"category","embeddable":true,"href":"https:\/\/www.carideal.com\/blog\/wp-json\/wp\/v2\/categories?post=1225"},{"taxonomy":"post_tag","embeddable":true,"href":"https:\/\/www.carideal.com\/blog\/wp-json\/wp\/v2\/tags?post=1225"}],"curies":[{"name":"wp","href":"https:\/\/api.w.org\/{rel}","templated":true}]}}