{"id":1224,"date":"2012-11-30T16:33:00","date_gmt":"2012-11-30T16:33:00","guid":{"rendered":"http:\/\/carideal.com\/blog\/?p=1224"},"modified":"2020-02-22T18:50:34","modified_gmt":"2020-02-22T17:50:34","slug":"porsche-cayenne-s-diesel","status":"publish","type":"post","link":"https:\/\/www.carideal.com\/blog\/2012\/11\/30\/porsche-cayenne-s-diesel\/","title":{"rendered":"Porsche Cayenne S Diesel 382 ch"},"content":{"rendered":"<h2>Porsche Cayenne S Diesel 382 ch de cher pur plaisir !<\/h2>\n<p><strong>2013 Porsche Cayenne S Diesel : Jusqu'alors exclusivement disponible en diesel avec un V6 3.0 TDI de 245 ch, le 4x4 allemand passe \u00e0 la vitesse sup\u00e9rieure dans sa nouvelle version Cayenne S Diesel<\/strong>.<\/p>\n<figure id=\"attachment_11813\" aria-describedby=\"caption-attachment-11813\" style=\"width: 590px\" class=\"wp-caption aligncenter\"><img loading=\"lazy\" decoding=\"async\" class=\"size-full wp-image-11813\" src=\"http:\/\/www.carideal.com\/blog\/wp-content\/uploads\/2012\/11\/Porsche-Cayenne-S-Diesel-e1582392947195.jpg\" alt=\"Porsche Cayenne S Diesel\" width=\"600\" height=\"367\" \/><figcaption id=\"caption-attachment-11813\" class=\"wp-caption-text\">Porsche Cayenne S Diesel<\/figcaption><\/figure>\n<p>Le V6 laisse place au V8 4.2 TDI de l'<a href=\"http:\/\/www.carideal.com\/blog\/2013\/11\/24\/la-nouvelle-audi-a8-restylee-arrive\/\">Audi A8<\/a>. Un bloc envoyant 382 ch (32 ch de plus que l'A8) pour un couple de 850 Nm, autorisant une acc\u00e9l\u00e9ration de 0 \u00e0 100 km\/h en 5.7 s. Au chapitre <a href=\"http:\/\/www.carideal.com\/blog\/2020\/01\/22\/voitures-les-plus-economiques\/\">consommation<\/a>, Porsche garantie une moyenne de \"seulement\" 8.3l \/100 km, pour des <a href=\"http:\/\/www.carideal.com\/blog\/2013\/01\/22\/stopstart-3\/\">\u00e9missions de CO2<\/a> de 218g\/km (2300 \u20ac de <a href=\"http:\/\/www.carideal.com\/blog\/2012\/08\/06\/le-nouveau-bonus-malus-paru-au-journal-officiel\/\">malus \u00e9cologique<\/a>).<\/p>\n<p><a href=\"http:\/\/www.carideal.com\/blog\/marque-de-voiture-actualites-essais\/porsche\/\">Porsche<\/a> annonce une autonomie de 1200 km gr\u00e2ce \u00e0 un r\u00e9servoir qui passe de 85 \u00e0 100 L. D'ores et d\u00e9j\u00e0 disponible sur le march\u00e9 fran\u00e7ais, cette version est affich\u00e9e \u00e0 partir de 79213 \u20ac, soit pr\u00e8s de 16000\u20ac de plus que le Cayenne diesel.<\/p>\n<figure id=\"attachment_11809\" aria-describedby=\"caption-attachment-11809\" style=\"width: 390px\" class=\"wp-caption alignnone\"><img loading=\"lazy\" decoding=\"async\" class=\"wp-image-11809 size-full\" src=\"http:\/\/www.carideal.com\/blog\/wp-content\/uploads\/2012\/11\/Porsche-Cayenne-S-Diesel-int\u00e9rieur-e1582393166650.jpg\" alt=\"Porsche Cayenne S Diesel int\u00e9rieur\" width=\"400\" height=\"245\" \/><figcaption id=\"caption-attachment-11809\" class=\"wp-caption-text\">Porsche Cayenne S Diesel int\u00e9rieur<\/figcaption><\/figure>\n<p>Vous avez juste \u00e0 aimer les diesels. Non, pas vous sp\u00e9cialement, mais les gens qui ach\u00e8teraient ce Cayenne S Diesel. Ils auront \u00e0 aimer les diesels. Sinon, pourquoi le faire\u202f? (Autre que le d\u00e9sir de tous les consommateurs \u00e0 faire chier les puristes Porsche.)<\/p>\n<p>Il est 16000 \u20ac plus cher que le V6 essence. Oui, il est plus efficace qu'un Cayenne essence, mais si vous \u00eates pr\u00e9occup\u00e9 par l'\u00e9conomie de carburant, voici une suggestion : Ne pas acheter un <span style=\"text-decoration: underline;\"><a href=\"http:\/\/www.carideal.com\/blog\/2015\/03\/23\/le-mache-des-suv-prospere\/\">SUV<\/a><\/span> de 2.5 Tonnes ! Le couple de 850 Nm du Porsche Cayenne S diesel pourrait faire sauter de joie les acheteurs qui devraient tracter une remorque, d'autant que ses fr\u00e8res essences Cayenne Turbo a 516 et le Turbo S 553 Nm seulement.<\/p>\n<p>Le Porsche Cayenne S Diesel peut remorquer 3.5 tonnes !! Ind\u00e9pendamment du moteur. Non, si vous allez commander un Cayenne diesel, vous feriez mieux d'\u00eatre pr\u00eat \u00e0 professer votre amour pour le Diesel.<\/p>\n<p>Trouvez votre <span style=\"text-decoration: underline;\">Porsche Cayenne<\/span> sur Carideal.com <span style=\"text-decoration: underline;\"><a href=\"http:\/\/www.carideal.com\/\">mandataire auto<\/a><\/span><\/p>\n<h2>Caract\u00e9ristiques du Porsche Cayenne S Diesel<\/h2>\n<figure id=\"attachment_11810\" aria-describedby=\"caption-attachment-11810\" style=\"width: 390px\" class=\"wp-caption alignnone\"><img loading=\"lazy\" decoding=\"async\" class=\"wp-image-11810 size-full\" src=\"http:\/\/www.carideal.com\/blog\/wp-content\/uploads\/2012\/11\/Porsche-Cayenne-S-Diesel-int\u00e9rieur-2-e1582393312755.jpg\" alt=\"Porsche Cayenne S Diesel int\u00e9rieur-2\" width=\"400\" height=\"245\" \/><figcaption id=\"caption-attachment-11810\" class=\"wp-caption-text\">Porsche Cayenne S Diesel int\u00e9rieur-2<\/figcaption><\/figure>\n<p>Et \u00e7a va. Parce que le V8\u00a04.2 litres du Cayenne est puissant v\u00e9loce, coupleux, et efficace. En commun avec l'<a href=\"http:\/\/www.carideal.com\/blog\/2015\/01\/21\/audi-q7-2015\/\"><span style=\"text-decoration: underline;\">Audi Q7<\/span><\/a>\u00a0mais pas avec le <a href=\"http:\/\/www.carideal.com\/blog\/2011\/04\/12\/volkswagen-touareg-3-0-tdi-204-ch\/\">Volkswagen Touareg<\/a> qui se contente du 3.0 V6 Diesel de 240 chevaux et 550 Nm\u00a0de couple.<\/p>\n<p>Le Porsche Cayenne S Diesel partage sont moteur avec l'<span style=\"text-decoration: underline;\">Audi A8<\/span> dans laquelle il ne d\u00e9veloppe que 350 ch. Le 0 \u00e0 100 km\/h en 5.7 sec\u00a0est assez bon pour un v\u00e9hicule avec pr\u00e9cision z\u00e9ro sportif intention, et l'automatique \u00e0 huit rapports est discret et rapide.<\/p>\n<p>En fait, le ch\u00e2ssis du Porsche Cayenne S Diesel, et particuli\u00e8rement ses pneus <span style=\"text-decoration: underline;\"><a href=\"http:\/\/www.carideal.com\/blog\/2012\/01\/24\/lancement-et-test-du-pneu-michelin-primacy-3\/\" target=\"_blank\" rel=\"noopener noreferrer\">Michelin<\/a><\/span> Latitude Sport conteste l'id\u00e9e que cette machine a z\u00e9ro intention sportive. Idem sa capacit\u00e9 \u00e0 freiner, il passe du 110 km\/h \u00e0 0 en 54 m\u00e8tres.\u00a0C'est pas mal quand on pense que certaines sportives freinent dans les m\u00eames distances.<\/p>\n<figure id=\"attachment_11811\" aria-describedby=\"caption-attachment-11811\" style=\"width: 390px\" class=\"wp-caption alignnone\"><img loading=\"lazy\" decoding=\"async\" class=\"wp-image-11811 size-full\" src=\"http:\/\/www.carideal.com\/blog\/wp-content\/uploads\/2012\/11\/Porsche-Cayenne-S-Diesel-int\u00e9rieur-3-e1582393461305.jpg\" alt=\"Porsche Cayenne S Diesel Sieges\" width=\"400\" height=\"245\" \/><figcaption id=\"caption-attachment-11811\" class=\"wp-caption-text\">Porsche Cayenne S Diesel Sieges<\/figcaption><\/figure>\n<p>Presque aussi impressionnant (et peut-\u00eatre d'un plus grand int\u00e9r\u00eat pour les acheteurs) sont la consommation et l'autonomie du Porsche Cayenne S diesel. \u00c9valu\u00e9 8.2 litres au 100 km sur autoroute, et poss\u00e9dant un r\u00e9servoir de 100 litres, le Porsche Cayenne S diesel a \u00e0 peu pr\u00e8s la m\u00eame autonomie qu'un porte-avions.<\/p>\n<p>Ou on s'en approche. Le chiffre optimal de 1225 km ne vous durera autant que 20 ans la dur\u00e9 du combustible nucl\u00e9aire de l'USS Enterprise. Mais vous pouvez partir sereinement de Lille pour Marseille, seule la fatigue engendr\u00e9e par les heures de conduite vont obligeront \u00e0 l'arr\u00eat, si vous ne tenez pas 10 ou 12 heures (et puis il ne faut pas le faire).<\/p>\n<p>Nous avons atteint 8.7 litres aux 100 km \u00e0 un moment du parcours, tout en voyageant \u00e0 des vitesses continue de 135 km\/h au compteur. Les conducteurs de Porsche Cayenne s Diesel devront s'arr\u00eater dans les stations services l\u00e9g\u00e8rement plus souvent que ne le font les conducteurs de <a href=\"http:\/\/www.carideal.com\/blog\/2018\/11\/26\/meilleures-voitures-electriques-en-vente-2018\/\"><span style=\"text-decoration: underline;\">voiture \u00e9lectrique<\/span><\/a>. (Mais pas si rarement que les conducteurs de\u00a0<span style=\"text-decoration: underline;\">Mercedes ML<\/span> 350 BlueTec et <a href=\"http:\/\/www.carideal.com\/blog\/2014\/07\/12\/nouvelle-volkswagen-passat-2015\/\"><span style=\"text-decoration: underline;\">VolksWagen Passat<\/span><\/a> TDI, qui peuvent parcourir 1241\u00a0et 1273\u00a0kilom\u00e8tres respectivement sur un plein).<\/p>\n<p>Voiture\u00a0occasion pas ch\u00e8re sur Carideal.com<\/p>\n<figure id=\"attachment_11812\" aria-describedby=\"caption-attachment-11812\" style=\"width: 390px\" class=\"wp-caption alignnone\"><img loading=\"lazy\" decoding=\"async\" class=\"wp-image-11812 size-full\" src=\"http:\/\/www.carideal.com\/blog\/wp-content\/uploads\/2012\/11\/Porsche-Cayenne-S-Diesel-int\u00e9rieur-4-e1582393698274.jpg\" alt=\"Porsche Cayenne S Diesel Sieges\" width=\"400\" height=\"245\" \/><figcaption id=\"caption-attachment-11812\" class=\"wp-caption-text\">Porsche Cayenne S Diesel Sieges<\/figcaption><\/figure>\n<p>Sauf extr\u00eame d\u00e9tresse de leur vessie, les occupants du Porsche Cayenne S Diesel seraient plus difficiles \u00e0 extirper du v\u00e9hicule que la plupart des autres. Parmi les options encore disponibles le cuir biton noir et bleu clair, 3700\u20ac, 2000\u20ac pour des si\u00e8ges sport adaptatifs, 1000\u20ac pour une Radio num\u00e9rique HD, 1700\u20ac pour le toit ouvrant panoramique, 900 \u20ac pour des si\u00e8ges chauffants (et 700 \u20ac de plus pour \u00eatre climatis\u00e9s \u00e0 l'avant), 900 \u20ac pour l'acc\u00e8s et d\u00e9marrage main libre, 500 \u20ac pour le chargeur 6 CD, 3500 \u20ac pour le syst\u00e8me de navigation !!!, 1500 \u20ac pour la cam\u00e9ra de recul, 5000 \u20ac pour le syst\u00e8me Hifi surround, 1000 \u20ac pour le double vitrage thermique anti-bruit, 3700 \u20ac pour la suspension pneumatique \u00e0 hauteur constante, bref la liste est encore longue m\u00eame \u00e0 ce prix.<\/p>\n<p>Oh c'est vrai, comme vous pouvez l'attendre d'un v\u00e9hicule \u00e0 ce prix de 79000 \u20ac (!!) Dans les \u00e9quipements, l'int\u00e9rieur de ce Porsche Cayenne S Diesel \u00e9tait tout simplement magnifique et avait presque tout ce dont vous pourriez penser. Avec la peinture en option, le look, l'\u00e9clairage, et les roues, l'ext\u00e9rieur n'a pas \u00e9t\u00e9 r\u00e9ellement n\u00e9glig\u00e9. En fait, l'option la plus ch\u00e8re pour ce v\u00e9hicule est l'option des roues de 21 pouces et extensions des passages de roues \u00e0 6000 \u20ac.<\/p>\n<p>Il est difficile d'imaginer quelqu'un qui, lol, a besoin d'un v\u00e9hicule comme celui-ci et ne\u00a0pas lui envier. Ce serait quelqu'un qui pourrait se permettre de rouler en Porsche et se permettre de rouler\u00a0en\u00a0<a href=\"http:\/\/www.carideal.com\/blog\/2012\/04\/11\/porsche-boxster\/\">Boxster<\/a> full options.<\/p>\n<p>Cette m\u00eame personne aurait aussi besoin de poss\u00e9der un Cayenne parce que la personne a besoin de remorquer une voiture de course ou une douzaine de motoneiges ou d'une caravane grand mod\u00e8le et cette m\u00eame personne aurait aussi un chalet \u00e0 Courchevel.<\/p>\n<p>Il pourrait remorquer des ours polaires ou des baleines \u00e0 bosses esp\u00e8ces prot\u00e9g\u00e9es, dans une remorque r\u00e9frig\u00e9r\u00e9e pour les prot\u00e9ger du changement climatique. Votre Porsche Cayenne est g\u00e9nial, m\u00eame charg\u00e9 comme une mule, on obtient que 7.9 L\/100 km sur l'autoroute.<\/p>\n<h2>Galerie images Porsche Cayenne S Diesel<\/h2>\n<div id='gallery-1' class='gallery galleryid-1224 gallery-columns-3 gallery-size-medium'><figure class='gallery-item'>\n\t\t\t<div class='gallery-icon landscape'>\n\t\t\t\t<a href='https:\/\/www.carideal.com\/blog\/2012\/11\/30\/porsche-cayenne-s-diesel\/porsche-cayenne-s-diesel-interieur\/#main'><img loading=\"lazy\" decoding=\"async\" width=\"300\" height=\"183\" src=\"https:\/\/www.carideal.com\/blog\/wp-content\/uploads\/2012\/11\/Porsche-Cayenne-S-Diesel-int\u00e9rieur-300x183.jpg\" class=\"attachment-medium size-medium\" alt=\"Porsche Cayenne S Diesel int\u00e9rieur\" aria-describedby=\"gallery-1-11809\" srcset=\"https:\/\/www.carideal.com\/blog\/wp-content\/uploads\/2012\/11\/Porsche-Cayenne-S-Diesel-int\u00e9rieur-300x183.jpg 300w, https:\/\/www.carideal.com\/blog\/wp-content\/uploads\/2012\/11\/Porsche-Cayenne-S-Diesel-int\u00e9rieur-768x470.jpg 768w, https:\/\/www.carideal.com\/blog\/wp-content\/uploads\/2012\/11\/Porsche-Cayenne-S-Diesel-int\u00e9rieur-624x382.jpg 624w, https:\/\/www.carideal.com\/blog\/wp-content\/uploads\/2012\/11\/Porsche-Cayenne-S-Diesel-int\u00e9rieur-e1582393166650.jpg 400w\" sizes=\"(max-width: 300px) 100vw, 300px\" \/><\/a>\n\t\t\t<\/div>\n\t\t\t\t<figcaption class='wp-caption-text gallery-caption' id='gallery-1-11809'>\n\t\t\t\tPorsche Cayenne S Diesel int\u00e9rieur\n\t\t\t\t<\/figcaption><\/figure><figure class='gallery-item'>\n\t\t\t<div class='gallery-icon landscape'>\n\t\t\t\t<a href='https:\/\/www.carideal.com\/blog\/2012\/11\/30\/porsche-cayenne-s-diesel\/porsche-cayenne-s-diesel-interieur-2\/#main'><img loading=\"lazy\" decoding=\"async\" width=\"300\" height=\"183\" src=\"https:\/\/www.carideal.com\/blog\/wp-content\/uploads\/2012\/11\/Porsche-Cayenne-S-Diesel-int\u00e9rieur-2-300x183.jpg\" class=\"attachment-medium size-medium\" alt=\"Porsche Cayenne S Diesel int\u00e9rieur-2\" aria-describedby=\"gallery-1-11810\" srcset=\"https:\/\/www.carideal.com\/blog\/wp-content\/uploads\/2012\/11\/Porsche-Cayenne-S-Diesel-int\u00e9rieur-2-300x183.jpg 300w, https:\/\/www.carideal.com\/blog\/wp-content\/uploads\/2012\/11\/Porsche-Cayenne-S-Diesel-int\u00e9rieur-2-768x470.jpg 768w, https:\/\/www.carideal.com\/blog\/wp-content\/uploads\/2012\/11\/Porsche-Cayenne-S-Diesel-int\u00e9rieur-2-624x382.jpg 624w, https:\/\/www.carideal.com\/blog\/wp-content\/uploads\/2012\/11\/Porsche-Cayenne-S-Diesel-int\u00e9rieur-2-e1582393312755.jpg 400w\" sizes=\"(max-width: 300px) 100vw, 300px\" \/><\/a>\n\t\t\t<\/div>\n\t\t\t\t<figcaption class='wp-caption-text gallery-caption' id='gallery-1-11810'>\n\t\t\t\tPorsche Cayenne S Diesel int\u00e9rieur-2\n\t\t\t\t<\/figcaption><\/figure><figure class='gallery-item'>\n\t\t\t<div class='gallery-icon landscape'>\n\t\t\t\t<a href='https:\/\/www.carideal.com\/blog\/2012\/11\/30\/porsche-cayenne-s-diesel\/porsche-cayenne-s-diesel-interieur-3\/#main'><img loading=\"lazy\" decoding=\"async\" width=\"300\" height=\"183\" src=\"https:\/\/www.carideal.com\/blog\/wp-content\/uploads\/2012\/11\/Porsche-Cayenne-S-Diesel-int\u00e9rieur-3-300x183.jpg\" class=\"attachment-medium size-medium\" alt=\"Porsche Cayenne S Diesel Sieges\" aria-describedby=\"gallery-1-11811\" srcset=\"https:\/\/www.carideal.com\/blog\/wp-content\/uploads\/2012\/11\/Porsche-Cayenne-S-Diesel-int\u00e9rieur-3-300x183.jpg 300w, https:\/\/www.carideal.com\/blog\/wp-content\/uploads\/2012\/11\/Porsche-Cayenne-S-Diesel-int\u00e9rieur-3-768x470.jpg 768w, https:\/\/www.carideal.com\/blog\/wp-content\/uploads\/2012\/11\/Porsche-Cayenne-S-Diesel-int\u00e9rieur-3-624x382.jpg 624w, https:\/\/www.carideal.com\/blog\/wp-content\/uploads\/2012\/11\/Porsche-Cayenne-S-Diesel-int\u00e9rieur-3-e1582393461305.jpg 400w\" sizes=\"(max-width: 300px) 100vw, 300px\" \/><\/a>\n\t\t\t<\/div>\n\t\t\t\t<figcaption class='wp-caption-text gallery-caption' id='gallery-1-11811'>\n\t\t\t\tPorsche Cayenne S Diesel Sieges\n\t\t\t\t<\/figcaption><\/figure><figure class='gallery-item'>\n\t\t\t<div class='gallery-icon landscape'>\n\t\t\t\t<a href='https:\/\/www.carideal.com\/blog\/2012\/11\/30\/porsche-cayenne-s-diesel\/porsche-cayenne-s-diesel-interieur-4\/#main'><img loading=\"lazy\" decoding=\"async\" width=\"300\" height=\"183\" src=\"https:\/\/www.carideal.com\/blog\/wp-content\/uploads\/2012\/11\/Porsche-Cayenne-S-Diesel-int\u00e9rieur-4-300x183.jpg\" class=\"attachment-medium size-medium\" alt=\"Porsche Cayenne S Diesel Sieges\" aria-describedby=\"gallery-1-11812\" srcset=\"https:\/\/www.carideal.com\/blog\/wp-content\/uploads\/2012\/11\/Porsche-Cayenne-S-Diesel-int\u00e9rieur-4-300x183.jpg 300w, https:\/\/www.carideal.com\/blog\/wp-content\/uploads\/2012\/11\/Porsche-Cayenne-S-Diesel-int\u00e9rieur-4-768x470.jpg 768w, https:\/\/www.carideal.com\/blog\/wp-content\/uploads\/2012\/11\/Porsche-Cayenne-S-Diesel-int\u00e9rieur-4-624x382.jpg 624w, https:\/\/www.carideal.com\/blog\/wp-content\/uploads\/2012\/11\/Porsche-Cayenne-S-Diesel-int\u00e9rieur-4-e1582393698274.jpg 400w\" sizes=\"(max-width: 300px) 100vw, 300px\" \/><\/a>\n\t\t\t<\/div>\n\t\t\t\t<figcaption class='wp-caption-text gallery-caption' id='gallery-1-11812'>\n\t\t\t\tPorsche Cayenne S Diesel Sieges\n\t\t\t\t<\/figcaption><\/figure><figure class='gallery-item'>\n\t\t\t<div class='gallery-icon landscape'>\n\t\t\t\t<a href='https:\/\/www.carideal.com\/blog\/2012\/11\/30\/porsche-cayenne-s-diesel\/porsche-cayenne-s-diesel-3\/#main'><img loading=\"lazy\" decoding=\"async\" width=\"300\" height=\"183\" src=\"https:\/\/www.carideal.com\/blog\/wp-content\/uploads\/2012\/11\/Porsche-Cayenne-S-Diesel-300x183.jpg\" class=\"attachment-medium size-medium\" alt=\"Porsche Cayenne S Diesel\" aria-describedby=\"gallery-1-11813\" srcset=\"https:\/\/www.carideal.com\/blog\/wp-content\/uploads\/2012\/11\/Porsche-Cayenne-S-Diesel-300x183.jpg 300w, https:\/\/www.carideal.com\/blog\/wp-content\/uploads\/2012\/11\/Porsche-Cayenne-S-Diesel-768x470.jpg 768w, https:\/\/www.carideal.com\/blog\/wp-content\/uploads\/2012\/11\/Porsche-Cayenne-S-Diesel-624x382.jpg 624w, https:\/\/www.carideal.com\/blog\/wp-content\/uploads\/2012\/11\/Porsche-Cayenne-S-Diesel-e1582392947195.jpg 600w\" sizes=\"(max-width: 300px) 100vw, 300px\" \/><\/a>\n\t\t\t<\/div>\n\t\t\t\t<figcaption class='wp-caption-text gallery-caption' id='gallery-1-11813'>\n\t\t\t\tPorsche Cayenne S Diesel\n\t\t\t\t<\/figcaption><\/figure>\n\t\t<\/div>\n\n<h2>Vid\u00e9o Porsche Cayenne S Diesel<\/h2>\n<p><iframe loading=\"lazy\" src=\"https:\/\/www.youtube.com\/embed\/sqDHFGdprzo\" width=\"560\" height=\"315\" frameborder=\"0\" allowfullscreen=\"allowfullscreen\"><\/iframe><\/p>\n","protected":false},"excerpt":{"rendered":"<p>Porsche Cayenne S Diesel 382 ch de cher pur plaisir ! 2013 Porsche Cayenne S Diesel : Jusqu&rsquo;alors exclusivement disponible en diesel avec un V6 3.0 TDI de 245 ch, le 4&#215;4 allemand passe \u00e0 la vitesse sup\u00e9rieure dans sa nouvelle version Cayenne S Diesel. Le V6 laisse place au V8 4.2 TDI de l&rsquo;Audi &#8230; <a title=\"Porsche Cayenne S Diesel 382 ch\" class=\"read-more\" href=\"https:\/\/www.carideal.com\/blog\/2012\/11\/30\/porsche-cayenne-s-diesel\/\" aria-label=\"En savoir plus sur Porsche Cayenne S Diesel 382 ch\">Lire plus<\/a><\/p>\n","protected":false},"author":1,"featured_media":11813,"comment_status":"open","ping_status":"open","sticky":false,"template":"","format":"standard","meta":{"_uag_custom_page_level_css":"","_themeisle_gutenberg_block_has_review":false,"footnotes":""},"categories":[2,5944,6062,5947,6203,10,6010,5974],"tags":[],"class_list":["post-1224","post","type-post","status-publish","format-standard","has-post-thumbnail","hentry","category-4x4-suv","category-constructeur","category-porsche","category-essai","category-essais-porsche","category-marche-automobile-voiture-neuve-occasion-4x4-suv","category-suv","category-type-de-vehicule"],"wppr_data":{"cwp_meta_box_check":"No"},"yoast_head":"<!-- This site is optimized with the Yoast SEO plugin v24.8.1 - https:\/\/yoast.com\/wordpress\/plugins\/seo\/ -->\n<title>Porsche Cayenne S Diesel 382 ch - Blog auto Carid\u00e9al<\/title>\n<meta name=\"description\" content=\"Porsche Cayenne S Diesel : Jusqu&#039;alors exclusivement disponible en diesel avec un V6 3.0 TDI de 245 ch, le 4x4 allemand passe \u00e0 la vitesse sup\u00e9rieur\" \/>\n<meta name=\"robots\" content=\"index, follow, max-snippet:-1, max-image-preview:large, max-video-preview:-1\" \/>\n<link rel=\"canonical\" href=\"https:\/\/www.carideal.com\/blog\/2012\/11\/30\/porsche-cayenne-s-diesel\/\" \/>\n<meta property=\"og:locale\" content=\"fr_FR\" \/>\n<meta property=\"og:type\" content=\"article\" \/>\n<meta property=\"og:title\" content=\"Porsche Cayenne S Diesel 382 ch - Blog auto Carid\u00e9al\" \/>\n<meta property=\"og:description\" content=\"Porsche Cayenne S Diesel : Jusqu&#039;alors exclusivement disponible en diesel avec un V6 3.0 TDI de 245 ch, le 4x4 allemand passe \u00e0 la vitesse sup\u00e9rieur\" \/>\n<meta property=\"og:url\" content=\"https:\/\/www.carideal.com\/blog\/2012\/11\/30\/porsche-cayenne-s-diesel\/\" \/>\n<meta property=\"og:site_name\" content=\"Blog auto Carid\u00e9al\" \/>\n<meta property=\"article:publisher\" content=\"https:\/\/www.facebook.com\/Carideal.mandataire.automobile\" \/>\n<meta property=\"article:author\" content=\"https:\/\/www.facebook.com\/Carideal.mandataire.automobile\/\" \/>\n<meta property=\"article:published_time\" content=\"2012-11-30T16:33:00+00:00\" \/>\n<meta property=\"article:modified_time\" content=\"2020-02-22T17:50:34+00:00\" \/>\n<meta property=\"og:image\" content=\"https:\/\/www.carideal.com\/blog\/wp-content\/uploads\/2012\/11\/Porsche-Cayenne-S-Diesel-e1582392947195.jpg\" \/>\n\t<meta property=\"og:image:width\" content=\"600\" \/>\n\t<meta property=\"og:image:height\" content=\"367\" \/>\n\t<meta property=\"og:image:type\" content=\"image\/jpeg\" \/>\n<meta name=\"author\" content=\"N.S Carideal\" \/>\n<meta name=\"twitter:card\" content=\"summary_large_image\" \/>\n<meta name=\"twitter:creator\" content=\"@caridealauto\" \/>\n<meta name=\"twitter:site\" content=\"@caridealauto\" \/>\n<meta name=\"twitter:label1\" content=\"\u00c9crit par\" \/>\n\t<meta name=\"twitter:data1\" content=\"N.S Carideal\" \/>\n\t<meta name=\"twitter:label2\" content=\"Dur\u00e9e de lecture estim\u00e9e\" \/>\n\t<meta name=\"twitter:data2\" content=\"5 minutes\" \/>\n<script type=\"application\/ld+json\" class=\"yoast-schema-graph\">{\"@context\":\"https:\/\/schema.org\",\"@graph\":[{\"@type\":\"Article\",\"@id\":\"https:\/\/www.carideal.com\/blog\/2012\/11\/30\/porsche-cayenne-s-diesel\/#article\",\"isPartOf\":{\"@id\":\"https:\/\/www.carideal.com\/blog\/2012\/11\/30\/porsche-cayenne-s-diesel\/\"},\"author\":{\"name\":\"N.S Carideal\",\"@id\":\"https:\/\/www.carideal.com\/blog\/#\/schema\/person\/985c7e757d1042d647f21bfaf8d41ebc\"},\"headline\":\"Porsche Cayenne S Diesel 382 ch\",\"datePublished\":\"2012-11-30T16:33:00+00:00\",\"dateModified\":\"2020-02-22T17:50:34+00:00\",\"mainEntityOfPage\":{\"@id\":\"https:\/\/www.carideal.com\/blog\/2012\/11\/30\/porsche-cayenne-s-diesel\/\"},\"wordCount\":1060,\"commentCount\":1,\"publisher\":{\"@id\":\"https:\/\/www.carideal.com\/blog\/#organization\"},\"image\":{\"@id\":\"https:\/\/www.carideal.com\/blog\/2012\/11\/30\/porsche-cayenne-s-diesel\/#primaryimage\"},\"thumbnailUrl\":\"https:\/\/www.carideal.com\/blog\/wp-content\/uploads\/2012\/11\/Porsche-Cayenne-S-Diesel-e1582392947195.jpg\",\"articleSection\":[\"4X4 Actualit\u00e9\",\"Actualit\u00e9 Constructeur automobile\",\"Actualit\u00e9 Porsche\",\"Essais automobile\",\"Essais Porsche\",\"March\u00e9 automobile\",\"SUV\",\"Type de v\u00e9hicule\"],\"inLanguage\":\"fr-FR\",\"potentialAction\":[{\"@type\":\"CommentAction\",\"name\":\"Comment\",\"target\":[\"https:\/\/www.carideal.com\/blog\/2012\/11\/30\/porsche-cayenne-s-diesel\/#respond\"]}]},{\"@type\":\"WebPage\",\"@id\":\"https:\/\/www.carideal.com\/blog\/2012\/11\/30\/porsche-cayenne-s-diesel\/\",\"url\":\"https:\/\/www.carideal.com\/blog\/2012\/11\/30\/porsche-cayenne-s-diesel\/\",\"name\":\"Porsche Cayenne S Diesel 382 ch - Blog auto Carid\u00e9al\",\"isPartOf\":{\"@id\":\"https:\/\/www.carideal.com\/blog\/#website\"},\"primaryImageOfPage\":{\"@id\":\"https:\/\/www.carideal.com\/blog\/2012\/11\/30\/porsche-cayenne-s-diesel\/#primaryimage\"},\"image\":{\"@id\":\"https:\/\/www.carideal.com\/blog\/2012\/11\/30\/porsche-cayenne-s-diesel\/#primaryimage\"},\"thumbnailUrl\":\"https:\/\/www.carideal.com\/blog\/wp-content\/uploads\/2012\/11\/Porsche-Cayenne-S-Diesel-e1582392947195.jpg\",\"datePublished\":\"2012-11-30T16:33:00+00:00\",\"dateModified\":\"2020-02-22T17:50:34+00:00\",\"description\":\"Porsche Cayenne S Diesel : Jusqu'alors exclusivement disponible en diesel avec un V6 3.0 TDI de 245 ch, le 4x4 allemand passe \u00e0 la vitesse sup\u00e9rieur\",\"breadcrumb\":{\"@id\":\"https:\/\/www.carideal.com\/blog\/2012\/11\/30\/porsche-cayenne-s-diesel\/#breadcrumb\"},\"inLanguage\":\"fr-FR\",\"potentialAction\":[{\"@type\":\"ReadAction\",\"target\":[\"https:\/\/www.carideal.com\/blog\/2012\/11\/30\/porsche-cayenne-s-diesel\/\"]}]},{\"@type\":\"ImageObject\",\"inLanguage\":\"fr-FR\",\"@id\":\"https:\/\/www.carideal.com\/blog\/2012\/11\/30\/porsche-cayenne-s-diesel\/#primaryimage\",\"url\":\"https:\/\/www.carideal.com\/blog\/wp-content\/uploads\/2012\/11\/Porsche-Cayenne-S-Diesel-e1582392947195.jpg\",\"contentUrl\":\"https:\/\/www.carideal.com\/blog\/wp-content\/uploads\/2012\/11\/Porsche-Cayenne-S-Diesel-e1582392947195.jpg\",\"width\":600,\"height\":367,\"caption\":\"Porsche Cayenne S Diesel\"},{\"@type\":\"BreadcrumbList\",\"@id\":\"https:\/\/www.carideal.com\/blog\/2012\/11\/30\/porsche-cayenne-s-diesel\/#breadcrumb\",\"itemListElement\":[{\"@type\":\"ListItem\",\"position\":1,\"name\":\"Blog Carid\u00e9al\",\"item\":\"https:\/\/www.carideal.com\/blog\/\"},{\"@type\":\"ListItem\",\"position\":2,\"name\":\"Actualit\u00e9 constructeur automobile\",\"item\":\"https:\/\/www.carideal.com\/blog\/constructeur\/\"},{\"@type\":\"ListItem\",\"position\":3,\"name\":\"Actualit\u00e9 Porsche\",\"item\":\"https:\/\/www.carideal.com\/blog\/constructeur\/porsche\/\"},{\"@type\":\"ListItem\",\"position\":4,\"name\":\"Porsche Cayenne S Diesel 382 ch\"}]},{\"@type\":\"WebSite\",\"@id\":\"https:\/\/www.carideal.com\/blog\/#website\",\"url\":\"https:\/\/www.carideal.com\/blog\/\",\"name\":\"Blog auto Carid\u00e9al\",\"description\":\"Actualit\u00e9 auto par des passionn\u00e9s\",\"publisher\":{\"@id\":\"https:\/\/www.carideal.com\/blog\/#organization\"},\"potentialAction\":[{\"@type\":\"SearchAction\",\"target\":{\"@type\":\"EntryPoint\",\"urlTemplate\":\"https:\/\/www.carideal.com\/blog\/?s={search_term_string}\"},\"query-input\":{\"@type\":\"PropertyValueSpecification\",\"valueRequired\":true,\"valueName\":\"search_term_string\"}}],\"inLanguage\":\"fr-FR\"},{\"@type\":\"Organization\",\"@id\":\"https:\/\/www.carideal.com\/blog\/#organization\",\"name\":\"Carideal\",\"url\":\"https:\/\/www.carideal.com\/blog\/\",\"logo\":{\"@type\":\"ImageObject\",\"inLanguage\":\"fr-FR\",\"@id\":\"https:\/\/www.carideal.com\/blog\/#\/schema\/logo\/image\/\",\"url\":\"http:\/\/www.carideal.com\/blog\/wp-content\/uploads\/2016\/03\/logo-carideal-mandataire-automobile.png\",\"contentUrl\":\"http:\/\/www.carideal.com\/blog\/wp-content\/uploads\/2016\/03\/logo-carideal-mandataire-automobile.png\",\"width\":300,\"height\":300,\"caption\":\"Carideal\"},\"image\":{\"@id\":\"https:\/\/www.carideal.com\/blog\/#\/schema\/logo\/image\/\"},\"sameAs\":[\"https:\/\/www.facebook.com\/Carideal.mandataire.automobile\",\"https:\/\/x.com\/caridealauto\",\"https:\/\/www.instagram.com\/carideal1\/\",\"https:\/\/www.linkedin.com\/company\/carideal.com\",\"https:\/\/fr.pinterest.com\/schiavonsas\/\",\"https:\/\/www.youtube.com\/user\/caridealsas\"]},{\"@type\":\"Person\",\"@id\":\"https:\/\/www.carideal.com\/blog\/#\/schema\/person\/985c7e757d1042d647f21bfaf8d41ebc\",\"name\":\"N.S Carideal\",\"image\":{\"@type\":\"ImageObject\",\"inLanguage\":\"fr-FR\",\"@id\":\"https:\/\/www.carideal.com\/blog\/#\/schema\/person\/image\/\",\"url\":\"https:\/\/secure.gravatar.com\/avatar\/edb7ccdf1a4e3d14aef967760d354d0e?s=96&r=g\",\"contentUrl\":\"https:\/\/secure.gravatar.com\/avatar\/edb7ccdf1a4e3d14aef967760d354d0e?s=96&r=g\",\"caption\":\"N.S Carideal\"},\"description\":\"Depuis tout petit fan d'automobile. Il est question d'essayer et de comparer toutes ces voitures qui nous ont fait r\u00e9ver, avant que celles-ci ne devient uniquement des voitures de collection.\",\"sameAs\":[\"http:\/\/www.carideal.com\/blog\",\"https:\/\/www.facebook.com\/Carideal.mandataire.automobile\/\",\"https:\/\/www.linkedin.com\/in\/nschiavon\/\",\"https:\/\/www.youtube.com\/user\/caridealsas\/\"],\"url\":\"https:\/\/www.carideal.com\/blog\/author\/admin_carideal\/\"}]}<\/script>\n<!-- \/ Yoast SEO plugin. -->","yoast_head_json":{"title":"Porsche Cayenne S Diesel 382 ch - Blog auto Carid\u00e9al","description":"Porsche Cayenne S Diesel : Jusqu'alors exclusivement disponible en diesel avec un V6 3.0 TDI de 245 ch, le 4x4 allemand passe \u00e0 la vitesse sup\u00e9rieur","robots":{"index":"index","follow":"follow","max-snippet":"max-snippet:-1","max-image-preview":"max-image-preview:large","max-video-preview":"max-video-preview:-1"},"canonical":"https:\/\/www.carideal.com\/blog\/2012\/11\/30\/porsche-cayenne-s-diesel\/","og_locale":"fr_FR","og_type":"article","og_title":"Porsche Cayenne S Diesel 382 ch - Blog auto Carid\u00e9al","og_description":"Porsche Cayenne S Diesel : Jusqu'alors exclusivement disponible en diesel avec un V6 3.0 TDI de 245 ch, le 4x4 allemand passe \u00e0 la vitesse sup\u00e9rieur","og_url":"https:\/\/www.carideal.com\/blog\/2012\/11\/30\/porsche-cayenne-s-diesel\/","og_site_name":"Blog auto Carid\u00e9al","article_publisher":"https:\/\/www.facebook.com\/Carideal.mandataire.automobile","article_author":"https:\/\/www.facebook.com\/Carideal.mandataire.automobile\/","article_published_time":"2012-11-30T16:33:00+00:00","article_modified_time":"2020-02-22T17:50:34+00:00","og_image":[{"width":600,"height":367,"url":"https:\/\/www.carideal.com\/blog\/wp-content\/uploads\/2012\/11\/Porsche-Cayenne-S-Diesel-e1582392947195.jpg","type":"image\/jpeg"}],"author":"N.S Carideal","twitter_card":"summary_large_image","twitter_creator":"@caridealauto","twitter_site":"@caridealauto","twitter_misc":{"\u00c9crit par":"N.S Carideal","Dur\u00e9e de lecture estim\u00e9e":"5 minutes"},"schema":{"@context":"https:\/\/schema.org","@graph":[{"@type":"Article","@id":"https:\/\/www.carideal.com\/blog\/2012\/11\/30\/porsche-cayenne-s-diesel\/#article","isPartOf":{"@id":"https:\/\/www.carideal.com\/blog\/2012\/11\/30\/porsche-cayenne-s-diesel\/"},"author":{"name":"N.S Carideal","@id":"https:\/\/www.carideal.com\/blog\/#\/schema\/person\/985c7e757d1042d647f21bfaf8d41ebc"},"headline":"Porsche Cayenne S Diesel 382 ch","datePublished":"2012-11-30T16:33:00+00:00","dateModified":"2020-02-22T17:50:34+00:00","mainEntityOfPage":{"@id":"https:\/\/www.carideal.com\/blog\/2012\/11\/30\/porsche-cayenne-s-diesel\/"},"wordCount":1060,"commentCount":1,"publisher":{"@id":"https:\/\/www.carideal.com\/blog\/#organization"},"image":{"@id":"https:\/\/www.carideal.com\/blog\/2012\/11\/30\/porsche-cayenne-s-diesel\/#primaryimage"},"thumbnailUrl":"https:\/\/www.carideal.com\/blog\/wp-content\/uploads\/2012\/11\/Porsche-Cayenne-S-Diesel-e1582392947195.jpg","articleSection":["4X4 Actualit\u00e9","Actualit\u00e9 Constructeur automobile","Actualit\u00e9 Porsche","Essais automobile","Essais Porsche","March\u00e9 automobile","SUV","Type de v\u00e9hicule"],"inLanguage":"fr-FR","potentialAction":[{"@type":"CommentAction","name":"Comment","target":["https:\/\/www.carideal.com\/blog\/2012\/11\/30\/porsche-cayenne-s-diesel\/#respond"]}]},{"@type":"WebPage","@id":"https:\/\/www.carideal.com\/blog\/2012\/11\/30\/porsche-cayenne-s-diesel\/","url":"https:\/\/www.carideal.com\/blog\/2012\/11\/30\/porsche-cayenne-s-diesel\/","name":"Porsche Cayenne S Diesel 382 ch - Blog auto Carid\u00e9al","isPartOf":{"@id":"https:\/\/www.carideal.com\/blog\/#website"},"primaryImageOfPage":{"@id":"https:\/\/www.carideal.com\/blog\/2012\/11\/30\/porsche-cayenne-s-diesel\/#primaryimage"},"image":{"@id":"https:\/\/www.carideal.com\/blog\/2012\/11\/30\/porsche-cayenne-s-diesel\/#primaryimage"},"thumbnailUrl":"https:\/\/www.carideal.com\/blog\/wp-content\/uploads\/2012\/11\/Porsche-Cayenne-S-Diesel-e1582392947195.jpg","datePublished":"2012-11-30T16:33:00+00:00","dateModified":"2020-02-22T17:50:34+00:00","description":"Porsche Cayenne S Diesel : Jusqu'alors exclusivement disponible en diesel avec un V6 3.0 TDI de 245 ch, le 4x4 allemand passe \u00e0 la vitesse sup\u00e9rieur","breadcrumb":{"@id":"https:\/\/www.carideal.com\/blog\/2012\/11\/30\/porsche-cayenne-s-diesel\/#breadcrumb"},"inLanguage":"fr-FR","potentialAction":[{"@type":"ReadAction","target":["https:\/\/www.carideal.com\/blog\/2012\/11\/30\/porsche-cayenne-s-diesel\/"]}]},{"@type":"ImageObject","inLanguage":"fr-FR","@id":"https:\/\/www.carideal.com\/blog\/2012\/11\/30\/porsche-cayenne-s-diesel\/#primaryimage","url":"https:\/\/www.carideal.com\/blog\/wp-content\/uploads\/2012\/11\/Porsche-Cayenne-S-Diesel-e1582392947195.jpg","contentUrl":"https:\/\/www.carideal.com\/blog\/wp-content\/uploads\/2012\/11\/Porsche-Cayenne-S-Diesel-e1582392947195.jpg","width":600,"height":367,"caption":"Porsche Cayenne S Diesel"},{"@type":"BreadcrumbList","@id":"https:\/\/www.carideal.com\/blog\/2012\/11\/30\/porsche-cayenne-s-diesel\/#breadcrumb","itemListElement":[{"@type":"ListItem","position":1,"name":"Blog Carid\u00e9al","item":"https:\/\/www.carideal.com\/blog\/"},{"@type":"ListItem","position":2,"name":"Actualit\u00e9 constructeur automobile","item":"https:\/\/www.carideal.com\/blog\/constructeur\/"},{"@type":"ListItem","position":3,"name":"Actualit\u00e9 Porsche","item":"https:\/\/www.carideal.com\/blog\/constructeur\/porsche\/"},{"@type":"ListItem","position":4,"name":"Porsche Cayenne S Diesel 382 ch"}]},{"@type":"WebSite","@id":"https:\/\/www.carideal.com\/blog\/#website","url":"https:\/\/www.carideal.com\/blog\/","name":"Blog auto Carid\u00e9al","description":"Actualit\u00e9 auto par des passionn\u00e9s","publisher":{"@id":"https:\/\/www.carideal.com\/blog\/#organization"},"potentialAction":[{"@type":"SearchAction","target":{"@type":"EntryPoint","urlTemplate":"https:\/\/www.carideal.com\/blog\/?s={search_term_string}"},"query-input":{"@type":"PropertyValueSpecification","valueRequired":true,"valueName":"search_term_string"}}],"inLanguage":"fr-FR"},{"@type":"Organization","@id":"https:\/\/www.carideal.com\/blog\/#organization","name":"Carideal","url":"https:\/\/www.carideal.com\/blog\/","logo":{"@type":"ImageObject","inLanguage":"fr-FR","@id":"https:\/\/www.carideal.com\/blog\/#\/schema\/logo\/image\/","url":"http:\/\/www.carideal.com\/blog\/wp-content\/uploads\/2016\/03\/logo-carideal-mandataire-automobile.png","contentUrl":"http:\/\/www.carideal.com\/blog\/wp-content\/uploads\/2016\/03\/logo-carideal-mandataire-automobile.png","width":300,"height":300,"caption":"Carideal"},"image":{"@id":"https:\/\/www.carideal.com\/blog\/#\/schema\/logo\/image\/"},"sameAs":["https:\/\/www.facebook.com\/Carideal.mandataire.automobile","https:\/\/x.com\/caridealauto","https:\/\/www.instagram.com\/carideal1\/","https:\/\/www.linkedin.com\/company\/carideal.com","https:\/\/fr.pinterest.com\/schiavonsas\/","https:\/\/www.youtube.com\/user\/caridealsas"]},{"@type":"Person","@id":"https:\/\/www.carideal.com\/blog\/#\/schema\/person\/985c7e757d1042d647f21bfaf8d41ebc","name":"N.S Carideal","image":{"@type":"ImageObject","inLanguage":"fr-FR","@id":"https:\/\/www.carideal.com\/blog\/#\/schema\/person\/image\/","url":"https:\/\/secure.gravatar.com\/avatar\/edb7ccdf1a4e3d14aef967760d354d0e?s=96&r=g","contentUrl":"https:\/\/secure.gravatar.com\/avatar\/edb7ccdf1a4e3d14aef967760d354d0e?s=96&r=g","caption":"N.S Carideal"},"description":"Depuis tout petit fan d'automobile. Il est question d'essayer et de comparer toutes ces voitures qui nous ont fait r\u00e9ver, avant que celles-ci ne devient uniquement des voitures de collection.","sameAs":["http:\/\/www.carideal.com\/blog","https:\/\/www.facebook.com\/Carideal.mandataire.automobile\/","https:\/\/www.linkedin.com\/in\/nschiavon\/","https:\/\/www.youtube.com\/user\/caridealsas\/"],"url":"https:\/\/www.carideal.com\/blog\/author\/admin_carideal\/"}]}},"uagb_featured_image_src":{"full":["https:\/\/www.carideal.com\/blog\/wp-content\/uploads\/2012\/11\/Porsche-Cayenne-S-Diesel-e1582392947195.jpg",600,367,false],"thumbnail":["https:\/\/www.carideal.com\/blog\/wp-content\/uploads\/2012\/11\/Porsche-Cayenne-S-Diesel-150x150.jpg",150,150,true],"medium":["https:\/\/www.carideal.com\/blog\/wp-content\/uploads\/2012\/11\/Porsche-Cayenne-S-Diesel-300x183.jpg",300,183,true],"medium_large":["https:\/\/www.carideal.com\/blog\/wp-content\/uploads\/2012\/11\/Porsche-Cayenne-S-Diesel-768x470.jpg",768,470,true],"large":["https:\/\/www.carideal.com\/blog\/wp-content\/uploads\/2012\/11\/Porsche-Cayenne-S-Diesel-e1582392947195.jpg",600,367,false],"1536x1536":["https:\/\/www.carideal.com\/blog\/wp-content\/uploads\/2012\/11\/Porsche-Cayenne-S-Diesel-e1582392947195.jpg",600,367,false],"2048x2048":["https:\/\/www.carideal.com\/blog\/wp-content\/uploads\/2012\/11\/Porsche-Cayenne-S-Diesel-e1582392947195.jpg",600,367,false],"wppr-widget":["https:\/\/www.carideal.com\/blog\/wp-content\/uploads\/2012\/11\/Porsche-Cayenne-S-Diesel-e1582392947195.jpg",50,31,false]},"uagb_author_info":{"display_name":"N.S Carideal","author_link":"https:\/\/www.carideal.com\/blog\/author\/admin_carideal\/"},"uagb_comment_info":1,"uagb_excerpt":"Porsche Cayenne S Diesel 382 ch de cher pur plaisir ! 2013 Porsche Cayenne S Diesel : Jusqu'alors exclusivement disponible en diesel avec un V6 3.0 TDI de 245 ch, le 4x4 allemand passe \u00e0 la vitesse sup\u00e9rieure dans sa nouvelle version Cayenne S Diesel. Le V6 laisse place au V8 4.2 TDI de l'Audi\u2026","_links":{"self":[{"href":"https:\/\/www.carideal.com\/blog\/wp-json\/wp\/v2\/posts\/1224"}],"collection":[{"href":"https:\/\/www.carideal.com\/blog\/wp-json\/wp\/v2\/posts"}],"about":[{"href":"https:\/\/www.carideal.com\/blog\/wp-json\/wp\/v2\/types\/post"}],"author":[{"embeddable":true,"href":"https:\/\/www.carideal.com\/blog\/wp-json\/wp\/v2\/users\/1"}],"replies":[{"embeddable":true,"href":"https:\/\/www.carideal.com\/blog\/wp-json\/wp\/v2\/comments?post=1224"}],"version-history":[{"count":0,"href":"https:\/\/www.carideal.com\/blog\/wp-json\/wp\/v2\/posts\/1224\/revisions"}],"wp:featuredmedia":[{"embeddable":true,"href":"https:\/\/www.carideal.com\/blog\/wp-json\/wp\/v2\/media\/11813"}],"wp:attachment":[{"href":"https:\/\/www.carideal.com\/blog\/wp-json\/wp\/v2\/media?parent=1224"}],"wp:term":[{"taxonomy":"category","embeddable":true,"href":"https:\/\/www.carideal.com\/blog\/wp-json\/wp\/v2\/categories?post=1224"},{"taxonomy":"post_tag","embeddable":true,"href":"https:\/\/www.carideal.com\/blog\/wp-json\/wp\/v2\/tags?post=1224"}],"curies":[{"name":"wp","href":"https:\/\/api.w.org\/{rel}","templated":true}]}}