{"id":1221,"date":"2012-08-10T14:43:00","date_gmt":"2012-08-10T14:43:00","guid":{"rendered":"http:\/\/carideal.com\/blog\/?p=1221"},"modified":"2012-08-10T14:43:00","modified_gmt":"2012-08-10T14:43:00","slug":"skoda-rapid-2","status":"publish","type":"post","link":"https:\/\/www.carideal.com\/blog\/2012\/08\/10\/skoda-rapid-2\/","title":{"rendered":"Skoda Rapid"},"content":{"rendered":"<p><img decoding=\"async\" src=\"\/blog\/public\/.Skoda_Rapid_2012_m.jpg\" alt=\"Skoda_Rapid_2012.jpg\" title=\"Skoda_Rapid_2012.jpg, nov. 2012\" \/><\/p>\n<p>Compl\u00e9ment de conqu\u00eate avec la Rapid. <a href=\"\/blog\/index.php?tag\/Skoda\">Skoda<\/a> compl\u00e8te sa gamme avec ce mod\u00e8le compact \u00e0 hayon qui bat tous les records d'habitabilit\u00e9 dans 4.48 m de long. Premier contact avec le moteur 1.6 TDI aussi \u00e9conomique \u00e0 l'achat qu'\u00e0 l'usage. En flirtant avec les 4.50 m, la <a href=\"\/blog\/index.php?tag\/Rapid\">Rapid<\/a> s'installe parmi les plus grands mod\u00e8les compacts: +15 cm par rapport  \u00e0 une<a href=\"\/blog\/index.php?tag\/Citro%C3%ABn%20C4\"> Citro\u00ebn C4<\/a> et + 6 cm par rapport \u00e0 une <a href=\"\/blog\/index.php?tag\/Opel%20Astra\">Opel Astra<\/a> d\u00e9j\u00e0 longue . Mais il suffit d'ouvrir le grand hayon pour remarquer les bienfaits de ces centim\u00e8tres en plus. Le coffre montre un volume record de 550 L (soit en moyenne 200 L de plus que la concurrence!) \u00e0 1490 L avec les dossiers rabattus. La Rapid soigne donc l'accueil pour les familles qui seront heureuses de trouver l\u00e0 un mod\u00e8le spacieux et \u00e0 bon prix. On peut estimer ce dernier \u00e0 15000 \u20ac pour le premier prix en essence et jusqu'\u00e0 20500 \u20ac avec le TDI de 105 ch que nous avons essay\u00e9. Un bon rapport prix\/habitabilit\u00e9 qui rappelle \u00e9videmment l'<a href=\"\/blog\/index.php?tag\/Octavia\">Octavia<\/a>. A d\u00e9faut d'originalit\u00e9, la planche de bord est simple, correctement pr\u00e9sent\u00e9e et tout est rang\u00e9 \u00e0 sa place.Impossible d'\u00eatre d\u00e9sorient\u00e9 en prenant le volant de la Rapid. Tapis r\u00e9versible,filet,crochets, bacs lat\u00e9raux: le coffre n'est pas simplement immense, il est aussi pratique. A l'arri\u00e8re l'espace aux  jambes est sup\u00e9rieur \u00e0 celui d'une Octavia. Rangements, accoudoir et assise accueillante sont au rendez-vous.<\/p>\n<blockquote>\n<p>Record des ventes<\/p>\n<\/blockquote>\n<p>Doubler les ventes d'ici \u00e0 2018 (soit 1.5 million d'unit\u00e9s), c'est ambitieux. Mais Skoda peut avoir confiance.Dans contexte difficile, la marque ne cesse de battre ses records de ventes au niveau mondial et, \u00e0 l'avenir, elle pourra compter sur une nouveaut\u00e9 tous les six mois pour soutenir sa croissance. Disponible en fin d'ann\u00e9e, la Rapid sera la premi\u00e8re d'entre elles.<\/p>\n<blockquote>\n<p>Bilan<\/p>\n<\/blockquote>\n<p>En arrivant enfin sur le segment des compactes avec sa formule \"grande voiture \u00e0 prix serr\u00e9\", Skoda part  en conqu\u00eate.La client\u00e8le s\u00e9duite par la Rapid sera plus attach\u00e9e \u00e0 la rationalit\u00e9 de son achat qu'au charme de la voiture, mais c'est un cr\u00e9neau qui r\u00e9ussit bien \u00e0 la marque dans un contexte o\u00f9 l'aspect financier est de plus en plus dominant pour les jeunes familles.<\/p>\n","protected":false},"excerpt":{"rendered":"<p>Compl\u00e9ment de conqu\u00eate avec la Rapid. Skoda compl\u00e8te sa gamme avec ce mod\u00e8le compact \u00e0 hayon qui bat tous les records d&rsquo;habitabilit\u00e9 dans 4.48 m de long. Premier contact avec le moteur 1.6 TDI aussi \u00e9conomique \u00e0 l&rsquo;achat qu&rsquo;\u00e0 l&rsquo;usage. En flirtant avec les 4.50 m, la Rapid s&rsquo;installe parmi les plus grands mod\u00e8les compacts: &#8230; <a title=\"Skoda Rapid\" class=\"read-more\" href=\"https:\/\/www.carideal.com\/blog\/2012\/08\/10\/skoda-rapid-2\/\" aria-label=\"En savoir plus sur Skoda Rapid\">Lire plus<\/a><\/p>\n","protected":false},"author":1,"featured_media":0,"comment_status":"open","ping_status":"open","sticky":false,"template":"","format":"standard","meta":{"_uag_custom_page_level_css":"","_themeisle_gutenberg_block_has_review":false,"footnotes":""},"categories":[10],"tags":[3157],"class_list":["post-1221","post","type-post","status-publish","format-standard","hentry","category-marche-automobile-voiture-neuve-occasion-4x4-suv","tag-octavia"],"wppr_data":[],"yoast_head":"<!-- This site is optimized with the Yoast SEO plugin v24.8.1 - https:\/\/yoast.com\/wordpress\/plugins\/seo\/ -->\n<title>Skoda Rapid - Blog auto Carid\u00e9al<\/title>\n<meta name=\"robots\" content=\"index, follow, max-snippet:-1, max-image-preview:large, max-video-preview:-1\" \/>\n<link rel=\"canonical\" href=\"https:\/\/www.carideal.com\/blog\/2012\/08\/10\/skoda-rapid-2\/\" \/>\n<meta property=\"og:locale\" content=\"fr_FR\" \/>\n<meta property=\"og:type\" content=\"article\" \/>\n<meta property=\"og:title\" content=\"Skoda Rapid - Blog auto Carid\u00e9al\" \/>\n<meta property=\"og:description\" content=\"Compl\u00e9ment de conqu\u00eate avec la Rapid. Skoda compl\u00e8te sa gamme avec ce mod\u00e8le compact \u00e0 hayon qui bat tous les records d&#039;habitabilit\u00e9 dans 4.48 m de long. Premier contact avec le moteur 1.6 TDI aussi \u00e9conomique \u00e0 l&#039;achat qu&#039;\u00e0 l&#039;usage. En flirtant avec les 4.50 m, la Rapid s&#039;installe parmi les plus grands mod\u00e8les compacts: ... Lire plus\" \/>\n<meta property=\"og:url\" content=\"https:\/\/www.carideal.com\/blog\/2012\/08\/10\/skoda-rapid-2\/\" \/>\n<meta property=\"og:site_name\" content=\"Blog auto Carid\u00e9al\" \/>\n<meta property=\"article:publisher\" content=\"https:\/\/www.facebook.com\/Carideal.mandataire.automobile\" \/>\n<meta property=\"article:author\" content=\"https:\/\/www.facebook.com\/Carideal.mandataire.automobile\/\" \/>\n<meta property=\"article:published_time\" content=\"2012-08-10T14:43:00+00:00\" \/>\n<meta property=\"og:image\" content=\"https:\/\/www.carideal.com\/blog\/wp-content\/uploads\/2016\/03\/logo-carideal-mandataire-automobile.png\" \/>\n\t<meta property=\"og:image:width\" content=\"300\" \/>\n\t<meta property=\"og:image:height\" content=\"300\" \/>\n\t<meta property=\"og:image:type\" content=\"image\/png\" \/>\n<meta name=\"author\" content=\"N.S Carideal\" \/>\n<meta name=\"twitter:card\" content=\"summary_large_image\" \/>\n<meta name=\"twitter:creator\" content=\"@caridealauto\" \/>\n<meta name=\"twitter:site\" content=\"@caridealauto\" \/>\n<meta name=\"twitter:label1\" content=\"\u00c9crit par\" \/>\n\t<meta name=\"twitter:data1\" content=\"N.S Carideal\" \/>\n\t<meta name=\"twitter:label2\" content=\"Dur\u00e9e de lecture estim\u00e9e\" \/>\n\t<meta name=\"twitter:data2\" content=\"2 minutes\" \/>\n<script type=\"application\/ld+json\" class=\"yoast-schema-graph\">{\"@context\":\"https:\/\/schema.org\",\"@graph\":[{\"@type\":\"Article\",\"@id\":\"https:\/\/www.carideal.com\/blog\/2012\/08\/10\/skoda-rapid-2\/#article\",\"isPartOf\":{\"@id\":\"https:\/\/www.carideal.com\/blog\/2012\/08\/10\/skoda-rapid-2\/\"},\"author\":{\"name\":\"N.S Carideal\",\"@id\":\"https:\/\/www.carideal.com\/blog\/#\/schema\/person\/985c7e757d1042d647f21bfaf8d41ebc\"},\"headline\":\"Skoda Rapid\",\"datePublished\":\"2012-08-10T14:43:00+00:00\",\"mainEntityOfPage\":{\"@id\":\"https:\/\/www.carideal.com\/blog\/2012\/08\/10\/skoda-rapid-2\/\"},\"wordCount\":368,\"commentCount\":0,\"publisher\":{\"@id\":\"https:\/\/www.carideal.com\/blog\/#organization\"},\"keywords\":[\"Octavia\"],\"articleSection\":[\"March\u00e9 automobile\"],\"inLanguage\":\"fr-FR\",\"potentialAction\":[{\"@type\":\"CommentAction\",\"name\":\"Comment\",\"target\":[\"https:\/\/www.carideal.com\/blog\/2012\/08\/10\/skoda-rapid-2\/#respond\"]}]},{\"@type\":\"WebPage\",\"@id\":\"https:\/\/www.carideal.com\/blog\/2012\/08\/10\/skoda-rapid-2\/\",\"url\":\"https:\/\/www.carideal.com\/blog\/2012\/08\/10\/skoda-rapid-2\/\",\"name\":\"Skoda Rapid - Blog auto Carid\u00e9al\",\"isPartOf\":{\"@id\":\"https:\/\/www.carideal.com\/blog\/#website\"},\"datePublished\":\"2012-08-10T14:43:00+00:00\",\"breadcrumb\":{\"@id\":\"https:\/\/www.carideal.com\/blog\/2012\/08\/10\/skoda-rapid-2\/#breadcrumb\"},\"inLanguage\":\"fr-FR\",\"potentialAction\":[{\"@type\":\"ReadAction\",\"target\":[\"https:\/\/www.carideal.com\/blog\/2012\/08\/10\/skoda-rapid-2\/\"]}]},{\"@type\":\"BreadcrumbList\",\"@id\":\"https:\/\/www.carideal.com\/blog\/2012\/08\/10\/skoda-rapid-2\/#breadcrumb\",\"itemListElement\":[{\"@type\":\"ListItem\",\"position\":1,\"name\":\"Blog Carid\u00e9al\",\"item\":\"https:\/\/www.carideal.com\/blog\/\"},{\"@type\":\"ListItem\",\"position\":2,\"name\":\"March\u00e9 automobile\",\"item\":\"https:\/\/www.carideal.com\/blog\/marche-automobile-voiture-neuve-occasion-4x4-suv\/\"},{\"@type\":\"ListItem\",\"position\":3,\"name\":\"Skoda Rapid\"}]},{\"@type\":\"WebSite\",\"@id\":\"https:\/\/www.carideal.com\/blog\/#website\",\"url\":\"https:\/\/www.carideal.com\/blog\/\",\"name\":\"Blog auto Carid\u00e9al\",\"description\":\"Actualit\u00e9 auto par des passionn\u00e9s\",\"publisher\":{\"@id\":\"https:\/\/www.carideal.com\/blog\/#organization\"},\"potentialAction\":[{\"@type\":\"SearchAction\",\"target\":{\"@type\":\"EntryPoint\",\"urlTemplate\":\"https:\/\/www.carideal.com\/blog\/?s={search_term_string}\"},\"query-input\":{\"@type\":\"PropertyValueSpecification\",\"valueRequired\":true,\"valueName\":\"search_term_string\"}}],\"inLanguage\":\"fr-FR\"},{\"@type\":\"Organization\",\"@id\":\"https:\/\/www.carideal.com\/blog\/#organization\",\"name\":\"Carideal\",\"url\":\"https:\/\/www.carideal.com\/blog\/\",\"logo\":{\"@type\":\"ImageObject\",\"inLanguage\":\"fr-FR\",\"@id\":\"https:\/\/www.carideal.com\/blog\/#\/schema\/logo\/image\/\",\"url\":\"http:\/\/www.carideal.com\/blog\/wp-content\/uploads\/2016\/03\/logo-carideal-mandataire-automobile.png\",\"contentUrl\":\"http:\/\/www.carideal.com\/blog\/wp-content\/uploads\/2016\/03\/logo-carideal-mandataire-automobile.png\",\"width\":300,\"height\":300,\"caption\":\"Carideal\"},\"image\":{\"@id\":\"https:\/\/www.carideal.com\/blog\/#\/schema\/logo\/image\/\"},\"sameAs\":[\"https:\/\/www.facebook.com\/Carideal.mandataire.automobile\",\"https:\/\/x.com\/caridealauto\",\"https:\/\/www.instagram.com\/carideal1\/\",\"https:\/\/www.linkedin.com\/company\/carideal.com\",\"https:\/\/fr.pinterest.com\/schiavonsas\/\",\"https:\/\/www.youtube.com\/user\/caridealsas\"]},{\"@type\":\"Person\",\"@id\":\"https:\/\/www.carideal.com\/blog\/#\/schema\/person\/985c7e757d1042d647f21bfaf8d41ebc\",\"name\":\"N.S Carideal\",\"image\":{\"@type\":\"ImageObject\",\"inLanguage\":\"fr-FR\",\"@id\":\"https:\/\/www.carideal.com\/blog\/#\/schema\/person\/image\/\",\"url\":\"https:\/\/secure.gravatar.com\/avatar\/edb7ccdf1a4e3d14aef967760d354d0e?s=96&r=g\",\"contentUrl\":\"https:\/\/secure.gravatar.com\/avatar\/edb7ccdf1a4e3d14aef967760d354d0e?s=96&r=g\",\"caption\":\"N.S Carideal\"},\"description\":\"Depuis tout petit fan d'automobile. Il est question d'essayer et de comparer toutes ces voitures qui nous ont fait r\u00e9ver, avant que celles-ci ne devient uniquement des voitures de collection.\",\"sameAs\":[\"http:\/\/www.carideal.com\/blog\",\"https:\/\/www.facebook.com\/Carideal.mandataire.automobile\/\",\"https:\/\/www.linkedin.com\/in\/nschiavon\/\",\"https:\/\/www.youtube.com\/user\/caridealsas\/\"],\"url\":\"https:\/\/www.carideal.com\/blog\/author\/admin_carideal\/\"}]}<\/script>\n<!-- \/ Yoast SEO plugin. -->","yoast_head_json":{"title":"Skoda Rapid - Blog auto Carid\u00e9al","robots":{"index":"index","follow":"follow","max-snippet":"max-snippet:-1","max-image-preview":"max-image-preview:large","max-video-preview":"max-video-preview:-1"},"canonical":"https:\/\/www.carideal.com\/blog\/2012\/08\/10\/skoda-rapid-2\/","og_locale":"fr_FR","og_type":"article","og_title":"Skoda Rapid - Blog auto Carid\u00e9al","og_description":"Compl\u00e9ment de conqu\u00eate avec la Rapid. Skoda compl\u00e8te sa gamme avec ce mod\u00e8le compact \u00e0 hayon qui bat tous les records d'habitabilit\u00e9 dans 4.48 m de long. Premier contact avec le moteur 1.6 TDI aussi \u00e9conomique \u00e0 l'achat qu'\u00e0 l'usage. En flirtant avec les 4.50 m, la Rapid s'installe parmi les plus grands mod\u00e8les compacts: ... Lire plus","og_url":"https:\/\/www.carideal.com\/blog\/2012\/08\/10\/skoda-rapid-2\/","og_site_name":"Blog auto Carid\u00e9al","article_publisher":"https:\/\/www.facebook.com\/Carideal.mandataire.automobile","article_author":"https:\/\/www.facebook.com\/Carideal.mandataire.automobile\/","article_published_time":"2012-08-10T14:43:00+00:00","og_image":[{"width":300,"height":300,"url":"https:\/\/www.carideal.com\/blog\/wp-content\/uploads\/2016\/03\/logo-carideal-mandataire-automobile.png","type":"image\/png"}],"author":"N.S Carideal","twitter_card":"summary_large_image","twitter_creator":"@caridealauto","twitter_site":"@caridealauto","twitter_misc":{"\u00c9crit par":"N.S Carideal","Dur\u00e9e de lecture estim\u00e9e":"2 minutes"},"schema":{"@context":"https:\/\/schema.org","@graph":[{"@type":"Article","@id":"https:\/\/www.carideal.com\/blog\/2012\/08\/10\/skoda-rapid-2\/#article","isPartOf":{"@id":"https:\/\/www.carideal.com\/blog\/2012\/08\/10\/skoda-rapid-2\/"},"author":{"name":"N.S Carideal","@id":"https:\/\/www.carideal.com\/blog\/#\/schema\/person\/985c7e757d1042d647f21bfaf8d41ebc"},"headline":"Skoda Rapid","datePublished":"2012-08-10T14:43:00+00:00","mainEntityOfPage":{"@id":"https:\/\/www.carideal.com\/blog\/2012\/08\/10\/skoda-rapid-2\/"},"wordCount":368,"commentCount":0,"publisher":{"@id":"https:\/\/www.carideal.com\/blog\/#organization"},"keywords":["Octavia"],"articleSection":["March\u00e9 automobile"],"inLanguage":"fr-FR","potentialAction":[{"@type":"CommentAction","name":"Comment","target":["https:\/\/www.carideal.com\/blog\/2012\/08\/10\/skoda-rapid-2\/#respond"]}]},{"@type":"WebPage","@id":"https:\/\/www.carideal.com\/blog\/2012\/08\/10\/skoda-rapid-2\/","url":"https:\/\/www.carideal.com\/blog\/2012\/08\/10\/skoda-rapid-2\/","name":"Skoda Rapid - Blog auto Carid\u00e9al","isPartOf":{"@id":"https:\/\/www.carideal.com\/blog\/#website"},"datePublished":"2012-08-10T14:43:00+00:00","breadcrumb":{"@id":"https:\/\/www.carideal.com\/blog\/2012\/08\/10\/skoda-rapid-2\/#breadcrumb"},"inLanguage":"fr-FR","potentialAction":[{"@type":"ReadAction","target":["https:\/\/www.carideal.com\/blog\/2012\/08\/10\/skoda-rapid-2\/"]}]},{"@type":"BreadcrumbList","@id":"https:\/\/www.carideal.com\/blog\/2012\/08\/10\/skoda-rapid-2\/#breadcrumb","itemListElement":[{"@type":"ListItem","position":1,"name":"Blog Carid\u00e9al","item":"https:\/\/www.carideal.com\/blog\/"},{"@type":"ListItem","position":2,"name":"March\u00e9 automobile","item":"https:\/\/www.carideal.com\/blog\/marche-automobile-voiture-neuve-occasion-4x4-suv\/"},{"@type":"ListItem","position":3,"name":"Skoda Rapid"}]},{"@type":"WebSite","@id":"https:\/\/www.carideal.com\/blog\/#website","url":"https:\/\/www.carideal.com\/blog\/","name":"Blog auto Carid\u00e9al","description":"Actualit\u00e9 auto par des passionn\u00e9s","publisher":{"@id":"https:\/\/www.carideal.com\/blog\/#organization"},"potentialAction":[{"@type":"SearchAction","target":{"@type":"EntryPoint","urlTemplate":"https:\/\/www.carideal.com\/blog\/?s={search_term_string}"},"query-input":{"@type":"PropertyValueSpecification","valueRequired":true,"valueName":"search_term_string"}}],"inLanguage":"fr-FR"},{"@type":"Organization","@id":"https:\/\/www.carideal.com\/blog\/#organization","name":"Carideal","url":"https:\/\/www.carideal.com\/blog\/","logo":{"@type":"ImageObject","inLanguage":"fr-FR","@id":"https:\/\/www.carideal.com\/blog\/#\/schema\/logo\/image\/","url":"http:\/\/www.carideal.com\/blog\/wp-content\/uploads\/2016\/03\/logo-carideal-mandataire-automobile.png","contentUrl":"http:\/\/www.carideal.com\/blog\/wp-content\/uploads\/2016\/03\/logo-carideal-mandataire-automobile.png","width":300,"height":300,"caption":"Carideal"},"image":{"@id":"https:\/\/www.carideal.com\/blog\/#\/schema\/logo\/image\/"},"sameAs":["https:\/\/www.facebook.com\/Carideal.mandataire.automobile","https:\/\/x.com\/caridealauto","https:\/\/www.instagram.com\/carideal1\/","https:\/\/www.linkedin.com\/company\/carideal.com","https:\/\/fr.pinterest.com\/schiavonsas\/","https:\/\/www.youtube.com\/user\/caridealsas"]},{"@type":"Person","@id":"https:\/\/www.carideal.com\/blog\/#\/schema\/person\/985c7e757d1042d647f21bfaf8d41ebc","name":"N.S Carideal","image":{"@type":"ImageObject","inLanguage":"fr-FR","@id":"https:\/\/www.carideal.com\/blog\/#\/schema\/person\/image\/","url":"https:\/\/secure.gravatar.com\/avatar\/edb7ccdf1a4e3d14aef967760d354d0e?s=96&r=g","contentUrl":"https:\/\/secure.gravatar.com\/avatar\/edb7ccdf1a4e3d14aef967760d354d0e?s=96&r=g","caption":"N.S Carideal"},"description":"Depuis tout petit fan d'automobile. Il est question d'essayer et de comparer toutes ces voitures qui nous ont fait r\u00e9ver, avant que celles-ci ne devient uniquement des voitures de collection.","sameAs":["http:\/\/www.carideal.com\/blog","https:\/\/www.facebook.com\/Carideal.mandataire.automobile\/","https:\/\/www.linkedin.com\/in\/nschiavon\/","https:\/\/www.youtube.com\/user\/caridealsas\/"],"url":"https:\/\/www.carideal.com\/blog\/author\/admin_carideal\/"}]}},"uagb_featured_image_src":{"full":false,"thumbnail":false,"medium":false,"medium_large":false,"large":false,"1536x1536":false,"2048x2048":false,"wppr-widget":false},"uagb_author_info":{"display_name":"N.S Carideal","author_link":"https:\/\/www.carideal.com\/blog\/author\/admin_carideal\/"},"uagb_comment_info":0,"uagb_excerpt":"Compl\u00e9ment de conqu\u00eate avec la Rapid. Skoda compl\u00e8te sa gamme avec ce mod\u00e8le compact \u00e0 hayon qui bat tous les records d'habitabilit\u00e9 dans 4.48 m de long. Premier contact avec le moteur 1.6 TDI aussi \u00e9conomique \u00e0 l'achat qu'\u00e0 l'usage. En flirtant avec les 4.50 m, la Rapid s'installe parmi les plus grands mod\u00e8les compacts:\u2026","_links":{"self":[{"href":"https:\/\/www.carideal.com\/blog\/wp-json\/wp\/v2\/posts\/1221"}],"collection":[{"href":"https:\/\/www.carideal.com\/blog\/wp-json\/wp\/v2\/posts"}],"about":[{"href":"https:\/\/www.carideal.com\/blog\/wp-json\/wp\/v2\/types\/post"}],"author":[{"embeddable":true,"href":"https:\/\/www.carideal.com\/blog\/wp-json\/wp\/v2\/users\/1"}],"replies":[{"embeddable":true,"href":"https:\/\/www.carideal.com\/blog\/wp-json\/wp\/v2\/comments?post=1221"}],"version-history":[{"count":0,"href":"https:\/\/www.carideal.com\/blog\/wp-json\/wp\/v2\/posts\/1221\/revisions"}],"wp:attachment":[{"href":"https:\/\/www.carideal.com\/blog\/wp-json\/wp\/v2\/media?parent=1221"}],"wp:term":[{"taxonomy":"category","embeddable":true,"href":"https:\/\/www.carideal.com\/blog\/wp-json\/wp\/v2\/categories?post=1221"},{"taxonomy":"post_tag","embeddable":true,"href":"https:\/\/www.carideal.com\/blog\/wp-json\/wp\/v2\/tags?post=1221"}],"curies":[{"name":"wp","href":"https:\/\/api.w.org\/{rel}","templated":true}]}}