{"id":1218,"date":"2012-08-10T08:52:00","date_gmt":"2012-08-10T08:52:00","guid":{"rendered":"http:\/\/carideal.com\/blog\/?p=1218"},"modified":"2020-03-07T20:26:15","modified_gmt":"2020-03-07T19:26:15","slug":"renault-twingo-city","status":"publish","type":"post","link":"https:\/\/www.carideal.com\/blog\/2012\/08\/10\/renault-twingo-city\/","title":{"rendered":"Renault Twingo City ultra citadine"},"content":{"rendered":"<figure style=\"width: 438px\" class=\"wp-caption alignnone\"><img loading=\"lazy\" decoding=\"async\" title=\"Renault Twingo City\" src=\"\/blog\/public\/.Renault-Twingo-city_m.jpg\" alt=\"Renault Twingo City\" width=\"448\" height=\"298\" \/><figcaption class=\"wp-caption-text\">Renault Twingo City<\/figcaption><\/figure>\n<h1><strong>Renault Twingo City ultra citadine contre Toyota avec Smart<\/strong><\/h1>\n<p><strong>Renault Twingo City :<\/strong> D\u00e8s 1992, <span style=\"text-decoration: underline;\">Renault<\/span> fut un pr\u00e9curseur en mati\u00e8re de petits monocorps urbains avec la Twingo. Mais il n'a pourtant pas vu venir la petite <span style=\"text-decoration: underline;\">Toyota iQ<\/span>. La marque au losange ripostera en 2015 avec un mod\u00e8le qui pourrait se nommer Twingo City. Longue de 3.20 m, pour accueillir 3+1 passagers, cette puce urbaine reposera sur la plateforme technique de la future Smart \u00e0 quatre places. L'allure des deux mod\u00e8les sera consid\u00e9rablement diff\u00e9renci\u00e9 : la Twingo City cultivera la ressemblance avec ses grandes soeurs <span style=\"text-decoration: underline;\">Zo\u00e9<\/span> et <span style=\"text-decoration: underline;\">Twingo<\/span>. Renault procurera les moteurs qui prendront place \u00e0 l'arri\u00e8re avec une architecture propulsion. Il s'agira d'un bloc essence \u00e0 trois cylindres 0.9 TCe d\u00e9livrant jusqu'\u00e0 90 ch. Pas de diesel au programme pour la Renault, mais une version \u00e9lectrique reprenant la technologie d\u00e9velopp\u00e9e par Smart.<\/p>\n<p>Un moteur mont\u00e9 \u00e0 l'arri\u00e8re et une propulsion arri\u00e8re pourrait rendre\u00a0cette Twingo d'un nouveau genre,\u00a0vraiment divertissante. Il faudra voir si le projet aboutie et si la voiture est agr\u00e9able \u00e0 conduire sur son terrain de pr\u00e9dilection, la ville pour cette ultra citadine.<\/p>\n<h2>Le style de la future Renault Twingo City<\/h2>\n<p>A n'en pas douter Renault reprendra tout ce qui est bon sur la Twingo - et heureusement il y en beaucoup. Tout d'abord, le style et il n'y en a pas d'autre comme cela sur la route. Sur la photo pr\u00e9sent\u00e9 ici, de cette Renault Twingo City, on se rend compte que gr\u00e2ce\u00a0\u00e0 la\u00a0disposition du\u00a0moteur \u00e0 l'arri\u00e8re, le nez de la voiture peut \u00eatre trapus, et cela signifie que l'habitacle est plus grand (on esp\u00e8re), donnant plus de place pour les personnes \u00e0 l'avant et arri\u00e8re de la voiture.<\/p>\n<p>Cette Renault Twingo City pr\u00e9sente des touches \u00e9l\u00e9gantes, comme un hayon tout en verre et nous fait penser \u00e0 un ancienne <span style=\"text-decoration: underline;\">Peugeot 1007<\/span> qui avait fait un four commercialement, trop haust\u00e8re et ne correspondait pas \u00e0 la demande du march\u00e9 ni en prix ni au point de vu du style.<\/p>\n<p>Les feux diurnes \u00e0 LED ajoutent une touche de \u00abfun\u00bb. De toute fa\u00e7on il ne s\"agit l\u00e0 que d'une \u00e9bauche de style, et le design d\u00e9finitif de cette Renault Twingo City est certainement loin d'\u00eatre fig\u00e9 \u00e0 cette heure.<\/p>\n","protected":false},"excerpt":{"rendered":"<p>Renault Twingo City ultra citadine contre Toyota avec Smart Renault Twingo City : D\u00e8s 1992, Renault fut un pr\u00e9curseur en mati\u00e8re de petits monocorps urbains avec la Twingo. Mais il n&rsquo;a pourtant pas vu venir la petite Toyota iQ. La marque au losange ripostera en 2015 avec un mod\u00e8le qui pourrait se nommer Twingo City. &#8230; <a title=\"Renault Twingo City ultra citadine\" class=\"read-more\" href=\"https:\/\/www.carideal.com\/blog\/2012\/08\/10\/renault-twingo-city\/\" aria-label=\"En savoir plus sur Renault Twingo City ultra citadine\">Lire plus<\/a><\/p>\n","protected":false},"author":1,"featured_media":0,"comment_status":"open","ping_status":"open","sticky":false,"template":"","format":"standard","meta":{"_uag_custom_page_level_css":"","_themeisle_gutenberg_block_has_review":false,"footnotes":""},"categories":[21,5944,5963,6012,5947,6014,10,5974],"tags":[1348],"class_list":["post-1218","post","type-post","status-publish","format-standard","hentry","category-actualites-auto","category-constructeur","category-renault","category-berlines","category-essai","category-renault-essai","category-marche-automobile-voiture-neuve-occasion-4x4-suv","category-type-de-vehicule","tag-citadine"],"wppr_data":[],"yoast_head":"<!-- This site is optimized with the Yoast SEO plugin v24.8.1 - https:\/\/yoast.com\/wordpress\/plugins\/seo\/ -->\n<title>Renault Twingo City ultra citadine - Blog auto Carid\u00e9al<\/title>\n<meta name=\"description\" content=\"Renault Twingo City : D\u00e8s 1992, Renault fut un pr\u00e9curseur en mati\u00e8re de petits monocorps urbains avec la Twingo. Mais la concurrence est arriv\u00e9e entre temps\" \/>\n<meta name=\"robots\" content=\"index, follow, max-snippet:-1, max-image-preview:large, max-video-preview:-1\" \/>\n<link rel=\"canonical\" href=\"https:\/\/www.carideal.com\/blog\/2012\/08\/10\/renault-twingo-city\/\" \/>\n<meta property=\"og:locale\" content=\"fr_FR\" \/>\n<meta property=\"og:type\" content=\"article\" \/>\n<meta property=\"og:title\" content=\"Renault Twingo City ultra citadine - Blog auto Carid\u00e9al\" \/>\n<meta property=\"og:description\" content=\"Renault Twingo City : D\u00e8s 1992, Renault fut un pr\u00e9curseur en mati\u00e8re de petits monocorps urbains avec la Twingo. Mais la concurrence est arriv\u00e9e entre temps\" \/>\n<meta property=\"og:url\" content=\"https:\/\/www.carideal.com\/blog\/2012\/08\/10\/renault-twingo-city\/\" \/>\n<meta property=\"og:site_name\" content=\"Blog auto Carid\u00e9al\" \/>\n<meta property=\"article:publisher\" content=\"https:\/\/www.facebook.com\/Carideal.mandataire.automobile\" \/>\n<meta property=\"article:author\" content=\"https:\/\/www.facebook.com\/Carideal.mandataire.automobile\/\" \/>\n<meta property=\"article:published_time\" content=\"2012-08-10T08:52:00+00:00\" \/>\n<meta property=\"article:modified_time\" content=\"2020-03-07T19:26:15+00:00\" \/>\n<meta property=\"og:image\" content=\"https:\/\/www.carideal.com\/blog\/wp-content\/uploads\/2016\/03\/logo-carideal-mandataire-automobile.png\" \/>\n\t<meta property=\"og:image:width\" content=\"300\" \/>\n\t<meta property=\"og:image:height\" content=\"300\" \/>\n\t<meta property=\"og:image:type\" content=\"image\/png\" \/>\n<meta name=\"author\" content=\"N.S Carideal\" \/>\n<meta name=\"twitter:card\" content=\"summary_large_image\" \/>\n<meta name=\"twitter:creator\" content=\"@caridealauto\" \/>\n<meta name=\"twitter:site\" content=\"@caridealauto\" \/>\n<meta name=\"twitter:label1\" content=\"\u00c9crit par\" \/>\n\t<meta name=\"twitter:data1\" content=\"N.S Carideal\" \/>\n\t<meta name=\"twitter:label2\" content=\"Dur\u00e9e de lecture estim\u00e9e\" \/>\n\t<meta name=\"twitter:data2\" content=\"2 minutes\" \/>\n<script type=\"application\/ld+json\" class=\"yoast-schema-graph\">{\"@context\":\"https:\/\/schema.org\",\"@graph\":[{\"@type\":\"Article\",\"@id\":\"https:\/\/www.carideal.com\/blog\/2012\/08\/10\/renault-twingo-city\/#article\",\"isPartOf\":{\"@id\":\"https:\/\/www.carideal.com\/blog\/2012\/08\/10\/renault-twingo-city\/\"},\"author\":{\"name\":\"N.S Carideal\",\"@id\":\"https:\/\/www.carideal.com\/blog\/#\/schema\/person\/985c7e757d1042d647f21bfaf8d41ebc\"},\"headline\":\"Renault Twingo City ultra citadine\",\"datePublished\":\"2012-08-10T08:52:00+00:00\",\"dateModified\":\"2020-03-07T19:26:15+00:00\",\"mainEntityOfPage\":{\"@id\":\"https:\/\/www.carideal.com\/blog\/2012\/08\/10\/renault-twingo-city\/\"},\"wordCount\":397,\"commentCount\":0,\"publisher\":{\"@id\":\"https:\/\/www.carideal.com\/blog\/#organization\"},\"keywords\":[\"Voiture citadine\"],\"articleSection\":[\"Actualit\u00e9 automobile\",\"Actualit\u00e9 Constructeur automobile\",\"Actualit\u00e9 Renault\",\"Berlines\",\"Essais automobile\",\"Essais Renault\",\"March\u00e9 automobile\",\"Type de v\u00e9hicule\"],\"inLanguage\":\"fr-FR\",\"potentialAction\":[{\"@type\":\"CommentAction\",\"name\":\"Comment\",\"target\":[\"https:\/\/www.carideal.com\/blog\/2012\/08\/10\/renault-twingo-city\/#respond\"]}]},{\"@type\":\"WebPage\",\"@id\":\"https:\/\/www.carideal.com\/blog\/2012\/08\/10\/renault-twingo-city\/\",\"url\":\"https:\/\/www.carideal.com\/blog\/2012\/08\/10\/renault-twingo-city\/\",\"name\":\"Renault Twingo City ultra citadine - Blog auto Carid\u00e9al\",\"isPartOf\":{\"@id\":\"https:\/\/www.carideal.com\/blog\/#website\"},\"datePublished\":\"2012-08-10T08:52:00+00:00\",\"dateModified\":\"2020-03-07T19:26:15+00:00\",\"description\":\"Renault Twingo City : D\u00e8s 1992, Renault fut un pr\u00e9curseur en mati\u00e8re de petits monocorps urbains avec la Twingo. Mais la concurrence est arriv\u00e9e entre temps\",\"breadcrumb\":{\"@id\":\"https:\/\/www.carideal.com\/blog\/2012\/08\/10\/renault-twingo-city\/#breadcrumb\"},\"inLanguage\":\"fr-FR\",\"potentialAction\":[{\"@type\":\"ReadAction\",\"target\":[\"https:\/\/www.carideal.com\/blog\/2012\/08\/10\/renault-twingo-city\/\"]}]},{\"@type\":\"BreadcrumbList\",\"@id\":\"https:\/\/www.carideal.com\/blog\/2012\/08\/10\/renault-twingo-city\/#breadcrumb\",\"itemListElement\":[{\"@type\":\"ListItem\",\"position\":1,\"name\":\"Blog Carid\u00e9al\",\"item\":\"https:\/\/www.carideal.com\/blog\/\"},{\"@type\":\"ListItem\",\"position\":2,\"name\":\"Actualit\u00e9 constructeur automobile\",\"item\":\"https:\/\/www.carideal.com\/blog\/constructeur\/\"},{\"@type\":\"ListItem\",\"position\":3,\"name\":\"Actualit\u00e9 Renault\",\"item\":\"https:\/\/www.carideal.com\/blog\/constructeur\/renault\/\"},{\"@type\":\"ListItem\",\"position\":4,\"name\":\"Renault Twingo City ultra citadine\"}]},{\"@type\":\"WebSite\",\"@id\":\"https:\/\/www.carideal.com\/blog\/#website\",\"url\":\"https:\/\/www.carideal.com\/blog\/\",\"name\":\"Blog auto Carid\u00e9al\",\"description\":\"Actualit\u00e9 auto par des passionn\u00e9s\",\"publisher\":{\"@id\":\"https:\/\/www.carideal.com\/blog\/#organization\"},\"potentialAction\":[{\"@type\":\"SearchAction\",\"target\":{\"@type\":\"EntryPoint\",\"urlTemplate\":\"https:\/\/www.carideal.com\/blog\/?s={search_term_string}\"},\"query-input\":{\"@type\":\"PropertyValueSpecification\",\"valueRequired\":true,\"valueName\":\"search_term_string\"}}],\"inLanguage\":\"fr-FR\"},{\"@type\":\"Organization\",\"@id\":\"https:\/\/www.carideal.com\/blog\/#organization\",\"name\":\"Carideal\",\"url\":\"https:\/\/www.carideal.com\/blog\/\",\"logo\":{\"@type\":\"ImageObject\",\"inLanguage\":\"fr-FR\",\"@id\":\"https:\/\/www.carideal.com\/blog\/#\/schema\/logo\/image\/\",\"url\":\"http:\/\/www.carideal.com\/blog\/wp-content\/uploads\/2016\/03\/logo-carideal-mandataire-automobile.png\",\"contentUrl\":\"http:\/\/www.carideal.com\/blog\/wp-content\/uploads\/2016\/03\/logo-carideal-mandataire-automobile.png\",\"width\":300,\"height\":300,\"caption\":\"Carideal\"},\"image\":{\"@id\":\"https:\/\/www.carideal.com\/blog\/#\/schema\/logo\/image\/\"},\"sameAs\":[\"https:\/\/www.facebook.com\/Carideal.mandataire.automobile\",\"https:\/\/x.com\/caridealauto\",\"https:\/\/www.instagram.com\/carideal1\/\",\"https:\/\/www.linkedin.com\/company\/carideal.com\",\"https:\/\/fr.pinterest.com\/schiavonsas\/\",\"https:\/\/www.youtube.com\/user\/caridealsas\"]},{\"@type\":\"Person\",\"@id\":\"https:\/\/www.carideal.com\/blog\/#\/schema\/person\/985c7e757d1042d647f21bfaf8d41ebc\",\"name\":\"N.S Carideal\",\"image\":{\"@type\":\"ImageObject\",\"inLanguage\":\"fr-FR\",\"@id\":\"https:\/\/www.carideal.com\/blog\/#\/schema\/person\/image\/\",\"url\":\"https:\/\/secure.gravatar.com\/avatar\/edb7ccdf1a4e3d14aef967760d354d0e?s=96&r=g\",\"contentUrl\":\"https:\/\/secure.gravatar.com\/avatar\/edb7ccdf1a4e3d14aef967760d354d0e?s=96&r=g\",\"caption\":\"N.S Carideal\"},\"description\":\"Depuis tout petit fan d'automobile. Il est question d'essayer et de comparer toutes ces voitures qui nous ont fait r\u00e9ver, avant que celles-ci ne devient uniquement des voitures de collection.\",\"sameAs\":[\"http:\/\/www.carideal.com\/blog\",\"https:\/\/www.facebook.com\/Carideal.mandataire.automobile\/\",\"https:\/\/www.linkedin.com\/in\/nschiavon\/\",\"https:\/\/www.youtube.com\/user\/caridealsas\/\"],\"url\":\"https:\/\/www.carideal.com\/blog\/author\/admin_carideal\/\"}]}<\/script>\n<!-- \/ Yoast SEO plugin. -->","yoast_head_json":{"title":"Renault Twingo City ultra citadine - Blog auto Carid\u00e9al","description":"Renault Twingo City : D\u00e8s 1992, Renault fut un pr\u00e9curseur en mati\u00e8re de petits monocorps urbains avec la Twingo. Mais la concurrence est arriv\u00e9e entre temps","robots":{"index":"index","follow":"follow","max-snippet":"max-snippet:-1","max-image-preview":"max-image-preview:large","max-video-preview":"max-video-preview:-1"},"canonical":"https:\/\/www.carideal.com\/blog\/2012\/08\/10\/renault-twingo-city\/","og_locale":"fr_FR","og_type":"article","og_title":"Renault Twingo City ultra citadine - Blog auto Carid\u00e9al","og_description":"Renault Twingo City : D\u00e8s 1992, Renault fut un pr\u00e9curseur en mati\u00e8re de petits monocorps urbains avec la Twingo. Mais la concurrence est arriv\u00e9e entre temps","og_url":"https:\/\/www.carideal.com\/blog\/2012\/08\/10\/renault-twingo-city\/","og_site_name":"Blog auto Carid\u00e9al","article_publisher":"https:\/\/www.facebook.com\/Carideal.mandataire.automobile","article_author":"https:\/\/www.facebook.com\/Carideal.mandataire.automobile\/","article_published_time":"2012-08-10T08:52:00+00:00","article_modified_time":"2020-03-07T19:26:15+00:00","og_image":[{"width":300,"height":300,"url":"https:\/\/www.carideal.com\/blog\/wp-content\/uploads\/2016\/03\/logo-carideal-mandataire-automobile.png","type":"image\/png"}],"author":"N.S Carideal","twitter_card":"summary_large_image","twitter_creator":"@caridealauto","twitter_site":"@caridealauto","twitter_misc":{"\u00c9crit par":"N.S Carideal","Dur\u00e9e de lecture estim\u00e9e":"2 minutes"},"schema":{"@context":"https:\/\/schema.org","@graph":[{"@type":"Article","@id":"https:\/\/www.carideal.com\/blog\/2012\/08\/10\/renault-twingo-city\/#article","isPartOf":{"@id":"https:\/\/www.carideal.com\/blog\/2012\/08\/10\/renault-twingo-city\/"},"author":{"name":"N.S Carideal","@id":"https:\/\/www.carideal.com\/blog\/#\/schema\/person\/985c7e757d1042d647f21bfaf8d41ebc"},"headline":"Renault Twingo City ultra citadine","datePublished":"2012-08-10T08:52:00+00:00","dateModified":"2020-03-07T19:26:15+00:00","mainEntityOfPage":{"@id":"https:\/\/www.carideal.com\/blog\/2012\/08\/10\/renault-twingo-city\/"},"wordCount":397,"commentCount":0,"publisher":{"@id":"https:\/\/www.carideal.com\/blog\/#organization"},"keywords":["Voiture citadine"],"articleSection":["Actualit\u00e9 automobile","Actualit\u00e9 Constructeur automobile","Actualit\u00e9 Renault","Berlines","Essais automobile","Essais Renault","March\u00e9 automobile","Type de v\u00e9hicule"],"inLanguage":"fr-FR","potentialAction":[{"@type":"CommentAction","name":"Comment","target":["https:\/\/www.carideal.com\/blog\/2012\/08\/10\/renault-twingo-city\/#respond"]}]},{"@type":"WebPage","@id":"https:\/\/www.carideal.com\/blog\/2012\/08\/10\/renault-twingo-city\/","url":"https:\/\/www.carideal.com\/blog\/2012\/08\/10\/renault-twingo-city\/","name":"Renault Twingo City ultra citadine - Blog auto Carid\u00e9al","isPartOf":{"@id":"https:\/\/www.carideal.com\/blog\/#website"},"datePublished":"2012-08-10T08:52:00+00:00","dateModified":"2020-03-07T19:26:15+00:00","description":"Renault Twingo City : D\u00e8s 1992, Renault fut un pr\u00e9curseur en mati\u00e8re de petits monocorps urbains avec la Twingo. Mais la concurrence est arriv\u00e9e entre temps","breadcrumb":{"@id":"https:\/\/www.carideal.com\/blog\/2012\/08\/10\/renault-twingo-city\/#breadcrumb"},"inLanguage":"fr-FR","potentialAction":[{"@type":"ReadAction","target":["https:\/\/www.carideal.com\/blog\/2012\/08\/10\/renault-twingo-city\/"]}]},{"@type":"BreadcrumbList","@id":"https:\/\/www.carideal.com\/blog\/2012\/08\/10\/renault-twingo-city\/#breadcrumb","itemListElement":[{"@type":"ListItem","position":1,"name":"Blog Carid\u00e9al","item":"https:\/\/www.carideal.com\/blog\/"},{"@type":"ListItem","position":2,"name":"Actualit\u00e9 constructeur automobile","item":"https:\/\/www.carideal.com\/blog\/constructeur\/"},{"@type":"ListItem","position":3,"name":"Actualit\u00e9 Renault","item":"https:\/\/www.carideal.com\/blog\/constructeur\/renault\/"},{"@type":"ListItem","position":4,"name":"Renault Twingo City ultra citadine"}]},{"@type":"WebSite","@id":"https:\/\/www.carideal.com\/blog\/#website","url":"https:\/\/www.carideal.com\/blog\/","name":"Blog auto Carid\u00e9al","description":"Actualit\u00e9 auto par des passionn\u00e9s","publisher":{"@id":"https:\/\/www.carideal.com\/blog\/#organization"},"potentialAction":[{"@type":"SearchAction","target":{"@type":"EntryPoint","urlTemplate":"https:\/\/www.carideal.com\/blog\/?s={search_term_string}"},"query-input":{"@type":"PropertyValueSpecification","valueRequired":true,"valueName":"search_term_string"}}],"inLanguage":"fr-FR"},{"@type":"Organization","@id":"https:\/\/www.carideal.com\/blog\/#organization","name":"Carideal","url":"https:\/\/www.carideal.com\/blog\/","logo":{"@type":"ImageObject","inLanguage":"fr-FR","@id":"https:\/\/www.carideal.com\/blog\/#\/schema\/logo\/image\/","url":"http:\/\/www.carideal.com\/blog\/wp-content\/uploads\/2016\/03\/logo-carideal-mandataire-automobile.png","contentUrl":"http:\/\/www.carideal.com\/blog\/wp-content\/uploads\/2016\/03\/logo-carideal-mandataire-automobile.png","width":300,"height":300,"caption":"Carideal"},"image":{"@id":"https:\/\/www.carideal.com\/blog\/#\/schema\/logo\/image\/"},"sameAs":["https:\/\/www.facebook.com\/Carideal.mandataire.automobile","https:\/\/x.com\/caridealauto","https:\/\/www.instagram.com\/carideal1\/","https:\/\/www.linkedin.com\/company\/carideal.com","https:\/\/fr.pinterest.com\/schiavonsas\/","https:\/\/www.youtube.com\/user\/caridealsas"]},{"@type":"Person","@id":"https:\/\/www.carideal.com\/blog\/#\/schema\/person\/985c7e757d1042d647f21bfaf8d41ebc","name":"N.S Carideal","image":{"@type":"ImageObject","inLanguage":"fr-FR","@id":"https:\/\/www.carideal.com\/blog\/#\/schema\/person\/image\/","url":"https:\/\/secure.gravatar.com\/avatar\/edb7ccdf1a4e3d14aef967760d354d0e?s=96&r=g","contentUrl":"https:\/\/secure.gravatar.com\/avatar\/edb7ccdf1a4e3d14aef967760d354d0e?s=96&r=g","caption":"N.S Carideal"},"description":"Depuis tout petit fan d'automobile. Il est question d'essayer et de comparer toutes ces voitures qui nous ont fait r\u00e9ver, avant que celles-ci ne devient uniquement des voitures de collection.","sameAs":["http:\/\/www.carideal.com\/blog","https:\/\/www.facebook.com\/Carideal.mandataire.automobile\/","https:\/\/www.linkedin.com\/in\/nschiavon\/","https:\/\/www.youtube.com\/user\/caridealsas\/"],"url":"https:\/\/www.carideal.com\/blog\/author\/admin_carideal\/"}]}},"uagb_featured_image_src":{"full":false,"thumbnail":false,"medium":false,"medium_large":false,"large":false,"1536x1536":false,"2048x2048":false,"wppr-widget":false},"uagb_author_info":{"display_name":"N.S Carideal","author_link":"https:\/\/www.carideal.com\/blog\/author\/admin_carideal\/"},"uagb_comment_info":0,"uagb_excerpt":"Renault Twingo City ultra citadine contre Toyota avec Smart Renault Twingo City : D\u00e8s 1992, Renault fut un pr\u00e9curseur en mati\u00e8re de petits monocorps urbains avec la Twingo. Mais il n'a pourtant pas vu venir la petite Toyota iQ. La marque au losange ripostera en 2015 avec un mod\u00e8le qui pourrait se nommer Twingo City.\u2026","_links":{"self":[{"href":"https:\/\/www.carideal.com\/blog\/wp-json\/wp\/v2\/posts\/1218"}],"collection":[{"href":"https:\/\/www.carideal.com\/blog\/wp-json\/wp\/v2\/posts"}],"about":[{"href":"https:\/\/www.carideal.com\/blog\/wp-json\/wp\/v2\/types\/post"}],"author":[{"embeddable":true,"href":"https:\/\/www.carideal.com\/blog\/wp-json\/wp\/v2\/users\/1"}],"replies":[{"embeddable":true,"href":"https:\/\/www.carideal.com\/blog\/wp-json\/wp\/v2\/comments?post=1218"}],"version-history":[{"count":0,"href":"https:\/\/www.carideal.com\/blog\/wp-json\/wp\/v2\/posts\/1218\/revisions"}],"wp:attachment":[{"href":"https:\/\/www.carideal.com\/blog\/wp-json\/wp\/v2\/media?parent=1218"}],"wp:term":[{"taxonomy":"category","embeddable":true,"href":"https:\/\/www.carideal.com\/blog\/wp-json\/wp\/v2\/categories?post=1218"},{"taxonomy":"post_tag","embeddable":true,"href":"https:\/\/www.carideal.com\/blog\/wp-json\/wp\/v2\/tags?post=1218"}],"curies":[{"name":"wp","href":"https:\/\/api.w.org\/{rel}","templated":true}]}}