{"id":1210,"date":"2012-11-13T10:59:00","date_gmt":"2012-11-13T10:59:00","guid":{"rendered":"http:\/\/carideal.com\/blog\/?p=1210"},"modified":"2020-03-07T20:26:00","modified_gmt":"2020-03-07T19:26:00","slug":"kia-sorento-2013-plus-quun-restylage","status":"publish","type":"post","link":"https:\/\/www.carideal.com\/blog\/2012\/11\/13\/kia-sorento-2013-plus-quun-restylage\/","title":{"rendered":"Kia Sorento 2013 plus qu&rsquo;un restylage !"},"content":{"rendered":"<p><img decoding=\"async\" src=\"\/blog\/public\/.Kia-Sorento-2013-achat-carideal-mandataire-automobile_m.jpg\" alt=\"Kia-Sorento-2013-achat-carideal-mandataire-automobile.jpg\" title=\"Kia-Sorento-2013-achat-carideal-mandataire-automobile.jpg, nov. 2012\" \/><\/p>\n<blockquote>\n<p>Le nouveau Kia Sorrento disponible avec un moteur diesel de 197 ch \u00e0 partir de 36090 \u20ac<\/p>\n<\/blockquote>\n<p>Bouclier avant plus massif, logement verticaux pour les antibrouillards feux \u00e0 diodes. D'autres en font moins pour leur restylage. mais le long Sorrento, 4.69m, en a profit\u00e9 pour r\u00e9cup\u00e9rer le ch\u00e2ssis de son proche cousin, le nouveau <a href=\"\/blog\/index.php?tag\/Hyundai\">Hyundai<\/a> Santa Fe. En v\u00e9rit\u00e9 le m\u00eame qu'avant, bonifi\u00e9, 50 kg de moins, rigidit\u00e9 et insonorisation accrues, suspension retravaill\u00e9es. La d\u00e9marche est similaire sur le moteur. Toujours le 2.2 CRDI de 197 ch, toujours 9.7 sec de 0 \u00e0 100 km\/h, mais avec une consommation, r\u00e9duite de 0.7l \u00e0 5.9l aux 100 km pour un malus de 500 \u20ac.<br \/>\nLe gain est plus sensible en version \u00e0 boite de vitesses automatique&nbsp;: 750 \u20ac de malus au lieu de 2300 \u20ac. Enfin le Sorrento a ajout\u00e9 une une finition Ultimate \u00e0 43090 e en boite m\u00e9canique, \u00e0 son offre&nbsp;: feux x\u00e9non, stationnement automatique, jantes de 19\" etc... Et augment\u00e9 de 1000 \u20ac son premier prix, 36090 \u20ac en finition active, la seule \u00e0 ne pas recevoir de si\u00e8ges escamotables au 3eme rang. Sur route le lourd Sorrento aime \u00eatre men\u00e9 en douceur. il s'av\u00e8re alors confortable et silencieux. A l'heure du choix, le regard se tourne vers le Santa Fe. La comparaison ne donne pas de vainqueur. Le Santa F\u00e9, 7 places mais en 4x2 d\u00e9marre 190 \u20ac plus bas qu'un Sorento 4x4 mais en 5 places.<br \/>\nL'aspect un peu triste de la planche de bord de l'ancien mod\u00e8le laisse place \u00e0 une pr\u00e9sentation plus valorisante avec touche de chrome, \u00e9cran 7 pouces et insert laqu\u00e9s. A partir du niveau Premium, l'ambiance est agr\u00e9ment\u00e9e d'un toit panoramique, d'une sellerie mi-cuir et d'une climatisation ind\u00e9pendante \u00e0 chaque rang.<\/p>\n<p>\/ Achat Kia Sorento moins ch\u00e8re avec Carideal mandataire automobile<\/p>\n","protected":false},"excerpt":{"rendered":"<p>Le nouveau Kia Sorrento disponible avec un moteur diesel de 197 ch \u00e0 partir de 36090 \u20ac Bouclier avant plus massif, logement verticaux pour les antibrouillards feux \u00e0 diodes. D&rsquo;autres en font moins pour leur restylage. mais le long Sorrento, 4.69m, en a profit\u00e9 pour r\u00e9cup\u00e9rer le ch\u00e2ssis de son proche cousin, le nouveau Hyundai &#8230; <a title=\"Kia Sorento 2013 plus qu&rsquo;un restylage !\" class=\"read-more\" href=\"https:\/\/www.carideal.com\/blog\/2012\/11\/13\/kia-sorento-2013-plus-quun-restylage\/\" aria-label=\"En savoir plus sur Kia Sorento 2013 plus qu&rsquo;un restylage !\">Lire plus<\/a><\/p>\n","protected":false},"author":1,"featured_media":0,"comment_status":"open","ping_status":"open","sticky":false,"template":"","format":"standard","meta":{"_uag_custom_page_level_css":"","_themeisle_gutenberg_block_has_review":false,"footnotes":""},"categories":[10],"tags":[],"class_list":["post-1210","post","type-post","status-publish","format-standard","hentry","category-marche-automobile-voiture-neuve-occasion-4x4-suv"],"wppr_data":[],"yoast_head":"<!-- This site is optimized with the Yoast SEO plugin v24.8.1 - https:\/\/yoast.com\/wordpress\/plugins\/seo\/ -->\n<title>Kia Sorento 2013 plus qu&#039;un restylage ! - Blog auto Carid\u00e9al<\/title>\n<meta name=\"robots\" content=\"index, follow, max-snippet:-1, max-image-preview:large, max-video-preview:-1\" \/>\n<link rel=\"canonical\" href=\"https:\/\/www.carideal.com\/blog\/2012\/11\/13\/kia-sorento-2013-plus-quun-restylage\/\" \/>\n<meta property=\"og:locale\" content=\"fr_FR\" \/>\n<meta property=\"og:type\" content=\"article\" \/>\n<meta property=\"og:title\" content=\"Kia Sorento 2013 plus qu&#039;un restylage ! - Blog auto Carid\u00e9al\" \/>\n<meta property=\"og:description\" content=\"Le nouveau Kia Sorrento disponible avec un moteur diesel de 197 ch \u00e0 partir de 36090 \u20ac Bouclier avant plus massif, logement verticaux pour les antibrouillards feux \u00e0 diodes. D&#039;autres en font moins pour leur restylage. mais le long Sorrento, 4.69m, en a profit\u00e9 pour r\u00e9cup\u00e9rer le ch\u00e2ssis de son proche cousin, le nouveau Hyundai ... Lire plus\" \/>\n<meta property=\"og:url\" content=\"https:\/\/www.carideal.com\/blog\/2012\/11\/13\/kia-sorento-2013-plus-quun-restylage\/\" \/>\n<meta property=\"og:site_name\" content=\"Blog auto Carid\u00e9al\" \/>\n<meta property=\"article:publisher\" content=\"https:\/\/www.facebook.com\/Carideal.mandataire.automobile\" \/>\n<meta property=\"article:author\" content=\"https:\/\/www.facebook.com\/Carideal.mandataire.automobile\/\" \/>\n<meta property=\"article:published_time\" content=\"2012-11-13T10:59:00+00:00\" \/>\n<meta property=\"article:modified_time\" content=\"2020-03-07T19:26:00+00:00\" \/>\n<meta property=\"og:image\" content=\"https:\/\/www.carideal.com\/blog\/wp-content\/uploads\/2016\/03\/logo-carideal-mandataire-automobile.png\" \/>\n\t<meta property=\"og:image:width\" content=\"300\" \/>\n\t<meta property=\"og:image:height\" content=\"300\" \/>\n\t<meta property=\"og:image:type\" content=\"image\/png\" \/>\n<meta name=\"author\" content=\"N.S Carideal\" \/>\n<meta name=\"twitter:card\" content=\"summary_large_image\" \/>\n<meta name=\"twitter:creator\" content=\"@caridealauto\" \/>\n<meta name=\"twitter:site\" content=\"@caridealauto\" \/>\n<meta name=\"twitter:label1\" content=\"\u00c9crit par\" \/>\n\t<meta name=\"twitter:data1\" content=\"N.S Carideal\" \/>\n\t<meta name=\"twitter:label2\" content=\"Dur\u00e9e de lecture estim\u00e9e\" \/>\n\t<meta name=\"twitter:data2\" content=\"1 minute\" \/>\n<script type=\"application\/ld+json\" class=\"yoast-schema-graph\">{\"@context\":\"https:\/\/schema.org\",\"@graph\":[{\"@type\":\"Article\",\"@id\":\"https:\/\/www.carideal.com\/blog\/2012\/11\/13\/kia-sorento-2013-plus-quun-restylage\/#article\",\"isPartOf\":{\"@id\":\"https:\/\/www.carideal.com\/blog\/2012\/11\/13\/kia-sorento-2013-plus-quun-restylage\/\"},\"author\":{\"name\":\"N.S Carideal\",\"@id\":\"https:\/\/www.carideal.com\/blog\/#\/schema\/person\/985c7e757d1042d647f21bfaf8d41ebc\"},\"headline\":\"Kia Sorento 2013 plus qu&rsquo;un restylage !\",\"datePublished\":\"2012-11-13T10:59:00+00:00\",\"dateModified\":\"2020-03-07T19:26:00+00:00\",\"mainEntityOfPage\":{\"@id\":\"https:\/\/www.carideal.com\/blog\/2012\/11\/13\/kia-sorento-2013-plus-quun-restylage\/\"},\"wordCount\":290,\"commentCount\":0,\"publisher\":{\"@id\":\"https:\/\/www.carideal.com\/blog\/#organization\"},\"articleSection\":[\"March\u00e9 automobile\"],\"inLanguage\":\"fr-FR\",\"potentialAction\":[{\"@type\":\"CommentAction\",\"name\":\"Comment\",\"target\":[\"https:\/\/www.carideal.com\/blog\/2012\/11\/13\/kia-sorento-2013-plus-quun-restylage\/#respond\"]}]},{\"@type\":\"WebPage\",\"@id\":\"https:\/\/www.carideal.com\/blog\/2012\/11\/13\/kia-sorento-2013-plus-quun-restylage\/\",\"url\":\"https:\/\/www.carideal.com\/blog\/2012\/11\/13\/kia-sorento-2013-plus-quun-restylage\/\",\"name\":\"Kia Sorento 2013 plus qu'un restylage ! - Blog auto Carid\u00e9al\",\"isPartOf\":{\"@id\":\"https:\/\/www.carideal.com\/blog\/#website\"},\"datePublished\":\"2012-11-13T10:59:00+00:00\",\"dateModified\":\"2020-03-07T19:26:00+00:00\",\"breadcrumb\":{\"@id\":\"https:\/\/www.carideal.com\/blog\/2012\/11\/13\/kia-sorento-2013-plus-quun-restylage\/#breadcrumb\"},\"inLanguage\":\"fr-FR\",\"potentialAction\":[{\"@type\":\"ReadAction\",\"target\":[\"https:\/\/www.carideal.com\/blog\/2012\/11\/13\/kia-sorento-2013-plus-quun-restylage\/\"]}]},{\"@type\":\"BreadcrumbList\",\"@id\":\"https:\/\/www.carideal.com\/blog\/2012\/11\/13\/kia-sorento-2013-plus-quun-restylage\/#breadcrumb\",\"itemListElement\":[{\"@type\":\"ListItem\",\"position\":1,\"name\":\"Blog Carid\u00e9al\",\"item\":\"https:\/\/www.carideal.com\/blog\/\"},{\"@type\":\"ListItem\",\"position\":2,\"name\":\"March\u00e9 automobile\",\"item\":\"https:\/\/www.carideal.com\/blog\/marche-automobile-voiture-neuve-occasion-4x4-suv\/\"},{\"@type\":\"ListItem\",\"position\":3,\"name\":\"Kia Sorento 2013 plus qu&rsquo;un restylage !\"}]},{\"@type\":\"WebSite\",\"@id\":\"https:\/\/www.carideal.com\/blog\/#website\",\"url\":\"https:\/\/www.carideal.com\/blog\/\",\"name\":\"Blog auto Carid\u00e9al\",\"description\":\"Actualit\u00e9 auto par des passionn\u00e9s\",\"publisher\":{\"@id\":\"https:\/\/www.carideal.com\/blog\/#organization\"},\"potentialAction\":[{\"@type\":\"SearchAction\",\"target\":{\"@type\":\"EntryPoint\",\"urlTemplate\":\"https:\/\/www.carideal.com\/blog\/?s={search_term_string}\"},\"query-input\":{\"@type\":\"PropertyValueSpecification\",\"valueRequired\":true,\"valueName\":\"search_term_string\"}}],\"inLanguage\":\"fr-FR\"},{\"@type\":\"Organization\",\"@id\":\"https:\/\/www.carideal.com\/blog\/#organization\",\"name\":\"Carideal\",\"url\":\"https:\/\/www.carideal.com\/blog\/\",\"logo\":{\"@type\":\"ImageObject\",\"inLanguage\":\"fr-FR\",\"@id\":\"https:\/\/www.carideal.com\/blog\/#\/schema\/logo\/image\/\",\"url\":\"http:\/\/www.carideal.com\/blog\/wp-content\/uploads\/2016\/03\/logo-carideal-mandataire-automobile.png\",\"contentUrl\":\"http:\/\/www.carideal.com\/blog\/wp-content\/uploads\/2016\/03\/logo-carideal-mandataire-automobile.png\",\"width\":300,\"height\":300,\"caption\":\"Carideal\"},\"image\":{\"@id\":\"https:\/\/www.carideal.com\/blog\/#\/schema\/logo\/image\/\"},\"sameAs\":[\"https:\/\/www.facebook.com\/Carideal.mandataire.automobile\",\"https:\/\/x.com\/caridealauto\",\"https:\/\/www.instagram.com\/carideal1\/\",\"https:\/\/www.linkedin.com\/company\/carideal.com\",\"https:\/\/fr.pinterest.com\/schiavonsas\/\",\"https:\/\/www.youtube.com\/user\/caridealsas\"]},{\"@type\":\"Person\",\"@id\":\"https:\/\/www.carideal.com\/blog\/#\/schema\/person\/985c7e757d1042d647f21bfaf8d41ebc\",\"name\":\"N.S Carideal\",\"image\":{\"@type\":\"ImageObject\",\"inLanguage\":\"fr-FR\",\"@id\":\"https:\/\/www.carideal.com\/blog\/#\/schema\/person\/image\/\",\"url\":\"https:\/\/secure.gravatar.com\/avatar\/edb7ccdf1a4e3d14aef967760d354d0e?s=96&r=g\",\"contentUrl\":\"https:\/\/secure.gravatar.com\/avatar\/edb7ccdf1a4e3d14aef967760d354d0e?s=96&r=g\",\"caption\":\"N.S Carideal\"},\"description\":\"Depuis tout petit fan d'automobile. Il est question d'essayer et de comparer toutes ces voitures qui nous ont fait r\u00e9ver, avant que celles-ci ne devient uniquement des voitures de collection.\",\"sameAs\":[\"http:\/\/www.carideal.com\/blog\",\"https:\/\/www.facebook.com\/Carideal.mandataire.automobile\/\",\"https:\/\/www.linkedin.com\/in\/nschiavon\/\",\"https:\/\/www.youtube.com\/user\/caridealsas\/\"],\"url\":\"https:\/\/www.carideal.com\/blog\/author\/admin_carideal\/\"}]}<\/script>\n<!-- \/ Yoast SEO plugin. -->","yoast_head_json":{"title":"Kia Sorento 2013 plus qu'un restylage ! - Blog auto Carid\u00e9al","robots":{"index":"index","follow":"follow","max-snippet":"max-snippet:-1","max-image-preview":"max-image-preview:large","max-video-preview":"max-video-preview:-1"},"canonical":"https:\/\/www.carideal.com\/blog\/2012\/11\/13\/kia-sorento-2013-plus-quun-restylage\/","og_locale":"fr_FR","og_type":"article","og_title":"Kia Sorento 2013 plus qu'un restylage ! - Blog auto Carid\u00e9al","og_description":"Le nouveau Kia Sorrento disponible avec un moteur diesel de 197 ch \u00e0 partir de 36090 \u20ac Bouclier avant plus massif, logement verticaux pour les antibrouillards feux \u00e0 diodes. D'autres en font moins pour leur restylage. mais le long Sorrento, 4.69m, en a profit\u00e9 pour r\u00e9cup\u00e9rer le ch\u00e2ssis de son proche cousin, le nouveau Hyundai ... Lire plus","og_url":"https:\/\/www.carideal.com\/blog\/2012\/11\/13\/kia-sorento-2013-plus-quun-restylage\/","og_site_name":"Blog auto Carid\u00e9al","article_publisher":"https:\/\/www.facebook.com\/Carideal.mandataire.automobile","article_author":"https:\/\/www.facebook.com\/Carideal.mandataire.automobile\/","article_published_time":"2012-11-13T10:59:00+00:00","article_modified_time":"2020-03-07T19:26:00+00:00","og_image":[{"width":300,"height":300,"url":"https:\/\/www.carideal.com\/blog\/wp-content\/uploads\/2016\/03\/logo-carideal-mandataire-automobile.png","type":"image\/png"}],"author":"N.S Carideal","twitter_card":"summary_large_image","twitter_creator":"@caridealauto","twitter_site":"@caridealauto","twitter_misc":{"\u00c9crit par":"N.S Carideal","Dur\u00e9e de lecture estim\u00e9e":"1 minute"},"schema":{"@context":"https:\/\/schema.org","@graph":[{"@type":"Article","@id":"https:\/\/www.carideal.com\/blog\/2012\/11\/13\/kia-sorento-2013-plus-quun-restylage\/#article","isPartOf":{"@id":"https:\/\/www.carideal.com\/blog\/2012\/11\/13\/kia-sorento-2013-plus-quun-restylage\/"},"author":{"name":"N.S Carideal","@id":"https:\/\/www.carideal.com\/blog\/#\/schema\/person\/985c7e757d1042d647f21bfaf8d41ebc"},"headline":"Kia Sorento 2013 plus qu&rsquo;un restylage !","datePublished":"2012-11-13T10:59:00+00:00","dateModified":"2020-03-07T19:26:00+00:00","mainEntityOfPage":{"@id":"https:\/\/www.carideal.com\/blog\/2012\/11\/13\/kia-sorento-2013-plus-quun-restylage\/"},"wordCount":290,"commentCount":0,"publisher":{"@id":"https:\/\/www.carideal.com\/blog\/#organization"},"articleSection":["March\u00e9 automobile"],"inLanguage":"fr-FR","potentialAction":[{"@type":"CommentAction","name":"Comment","target":["https:\/\/www.carideal.com\/blog\/2012\/11\/13\/kia-sorento-2013-plus-quun-restylage\/#respond"]}]},{"@type":"WebPage","@id":"https:\/\/www.carideal.com\/blog\/2012\/11\/13\/kia-sorento-2013-plus-quun-restylage\/","url":"https:\/\/www.carideal.com\/blog\/2012\/11\/13\/kia-sorento-2013-plus-quun-restylage\/","name":"Kia Sorento 2013 plus qu'un restylage ! - Blog auto Carid\u00e9al","isPartOf":{"@id":"https:\/\/www.carideal.com\/blog\/#website"},"datePublished":"2012-11-13T10:59:00+00:00","dateModified":"2020-03-07T19:26:00+00:00","breadcrumb":{"@id":"https:\/\/www.carideal.com\/blog\/2012\/11\/13\/kia-sorento-2013-plus-quun-restylage\/#breadcrumb"},"inLanguage":"fr-FR","potentialAction":[{"@type":"ReadAction","target":["https:\/\/www.carideal.com\/blog\/2012\/11\/13\/kia-sorento-2013-plus-quun-restylage\/"]}]},{"@type":"BreadcrumbList","@id":"https:\/\/www.carideal.com\/blog\/2012\/11\/13\/kia-sorento-2013-plus-quun-restylage\/#breadcrumb","itemListElement":[{"@type":"ListItem","position":1,"name":"Blog Carid\u00e9al","item":"https:\/\/www.carideal.com\/blog\/"},{"@type":"ListItem","position":2,"name":"March\u00e9 automobile","item":"https:\/\/www.carideal.com\/blog\/marche-automobile-voiture-neuve-occasion-4x4-suv\/"},{"@type":"ListItem","position":3,"name":"Kia Sorento 2013 plus qu&rsquo;un restylage !"}]},{"@type":"WebSite","@id":"https:\/\/www.carideal.com\/blog\/#website","url":"https:\/\/www.carideal.com\/blog\/","name":"Blog auto Carid\u00e9al","description":"Actualit\u00e9 auto par des passionn\u00e9s","publisher":{"@id":"https:\/\/www.carideal.com\/blog\/#organization"},"potentialAction":[{"@type":"SearchAction","target":{"@type":"EntryPoint","urlTemplate":"https:\/\/www.carideal.com\/blog\/?s={search_term_string}"},"query-input":{"@type":"PropertyValueSpecification","valueRequired":true,"valueName":"search_term_string"}}],"inLanguage":"fr-FR"},{"@type":"Organization","@id":"https:\/\/www.carideal.com\/blog\/#organization","name":"Carideal","url":"https:\/\/www.carideal.com\/blog\/","logo":{"@type":"ImageObject","inLanguage":"fr-FR","@id":"https:\/\/www.carideal.com\/blog\/#\/schema\/logo\/image\/","url":"http:\/\/www.carideal.com\/blog\/wp-content\/uploads\/2016\/03\/logo-carideal-mandataire-automobile.png","contentUrl":"http:\/\/www.carideal.com\/blog\/wp-content\/uploads\/2016\/03\/logo-carideal-mandataire-automobile.png","width":300,"height":300,"caption":"Carideal"},"image":{"@id":"https:\/\/www.carideal.com\/blog\/#\/schema\/logo\/image\/"},"sameAs":["https:\/\/www.facebook.com\/Carideal.mandataire.automobile","https:\/\/x.com\/caridealauto","https:\/\/www.instagram.com\/carideal1\/","https:\/\/www.linkedin.com\/company\/carideal.com","https:\/\/fr.pinterest.com\/schiavonsas\/","https:\/\/www.youtube.com\/user\/caridealsas"]},{"@type":"Person","@id":"https:\/\/www.carideal.com\/blog\/#\/schema\/person\/985c7e757d1042d647f21bfaf8d41ebc","name":"N.S Carideal","image":{"@type":"ImageObject","inLanguage":"fr-FR","@id":"https:\/\/www.carideal.com\/blog\/#\/schema\/person\/image\/","url":"https:\/\/secure.gravatar.com\/avatar\/edb7ccdf1a4e3d14aef967760d354d0e?s=96&r=g","contentUrl":"https:\/\/secure.gravatar.com\/avatar\/edb7ccdf1a4e3d14aef967760d354d0e?s=96&r=g","caption":"N.S Carideal"},"description":"Depuis tout petit fan d'automobile. Il est question d'essayer et de comparer toutes ces voitures qui nous ont fait r\u00e9ver, avant que celles-ci ne devient uniquement des voitures de collection.","sameAs":["http:\/\/www.carideal.com\/blog","https:\/\/www.facebook.com\/Carideal.mandataire.automobile\/","https:\/\/www.linkedin.com\/in\/nschiavon\/","https:\/\/www.youtube.com\/user\/caridealsas\/"],"url":"https:\/\/www.carideal.com\/blog\/author\/admin_carideal\/"}]}},"uagb_featured_image_src":{"full":false,"thumbnail":false,"medium":false,"medium_large":false,"large":false,"1536x1536":false,"2048x2048":false,"wppr-widget":false},"uagb_author_info":{"display_name":"N.S Carideal","author_link":"https:\/\/www.carideal.com\/blog\/author\/admin_carideal\/"},"uagb_comment_info":0,"uagb_excerpt":"Le nouveau Kia Sorrento disponible avec un moteur diesel de 197 ch \u00e0 partir de 36090 \u20ac Bouclier avant plus massif, logement verticaux pour les antibrouillards feux \u00e0 diodes. D'autres en font moins pour leur restylage. mais le long Sorrento, 4.69m, en a profit\u00e9 pour r\u00e9cup\u00e9rer le ch\u00e2ssis de son proche cousin, le nouveau Hyundai\u2026","_links":{"self":[{"href":"https:\/\/www.carideal.com\/blog\/wp-json\/wp\/v2\/posts\/1210"}],"collection":[{"href":"https:\/\/www.carideal.com\/blog\/wp-json\/wp\/v2\/posts"}],"about":[{"href":"https:\/\/www.carideal.com\/blog\/wp-json\/wp\/v2\/types\/post"}],"author":[{"embeddable":true,"href":"https:\/\/www.carideal.com\/blog\/wp-json\/wp\/v2\/users\/1"}],"replies":[{"embeddable":true,"href":"https:\/\/www.carideal.com\/blog\/wp-json\/wp\/v2\/comments?post=1210"}],"version-history":[{"count":0,"href":"https:\/\/www.carideal.com\/blog\/wp-json\/wp\/v2\/posts\/1210\/revisions"}],"wp:attachment":[{"href":"https:\/\/www.carideal.com\/blog\/wp-json\/wp\/v2\/media?parent=1210"}],"wp:term":[{"taxonomy":"category","embeddable":true,"href":"https:\/\/www.carideal.com\/blog\/wp-json\/wp\/v2\/categories?post=1210"},{"taxonomy":"post_tag","embeddable":true,"href":"https:\/\/www.carideal.com\/blog\/wp-json\/wp\/v2\/tags?post=1210"}],"curies":[{"name":"wp","href":"https:\/\/api.w.org\/{rel}","templated":true}]}}