{"id":1209,"date":"2012-11-13T10:14:00","date_gmt":"2012-11-13T10:14:00","guid":{"rendered":"http:\/\/carideal.com\/blog\/?p=1209"},"modified":"2020-03-07T20:26:00","modified_gmt":"2020-03-07T19:26:00","slug":"opel-moka-nouvelle-vague","status":"publish","type":"post","link":"https:\/\/www.carideal.com\/blog\/2012\/11\/13\/opel-moka-nouvelle-vague\/","title":{"rendered":"Opel Moka Nouvelle vague"},"content":{"rendered":"<p><img decoding=\"async\" src=\"\/blog\/public\/.opel-moka_achat_carideal_mandataire_automobile_m.jpg\" alt=\"opel-moka_achat_carideal_mandataire_automobile.jpg\" title=\"opel-moka_achat_carideal_mandataire_automobile.jpg, nov. 2012\" \/><\/p>\n<blockquote>\n<p>Opel SUV Mokka<\/p>\n<\/blockquote>\n<p>Il sera lanc\u00e9 en Janvier 2013 avec un moteur diesel 1.7 de 130 ch \u00e0 partir de 22140 \u20ac. Avec sa longueur de 4.28m, le Mokka est \u00e0 classer dans la cat\u00e9gorie des SUV urbains o\u00f9 figure d\u00e9j\u00e0 le Nissan Juke et o\u00f9 appara\u00eetront bient\u00f4t les Peugeot 2008, Renault Captur, et Chevrolet Trax, son cousin fabriqu\u00e9 comme lui en Corr\u00e9e. Opel prend ainsi de l'avance sur ses principaux concurrents pour profiter de ce segment qui ne connait pas la crise&nbsp;: hausse de 7% des ventes en Europe dans un march\u00e9 d\u00e9prim\u00e9. Le Mokka se vendre principalement en version 4x2. sa r\u00e9ussite viendra de son style, son volume habitable, et de sa position sur\u00e9lev\u00e9e, pour le prix d'une berline classique, il offrira \"un parfum d'aventure\" au quotidien, une compacit\u00e9 qui les rend habiles en ville et une consommation basse.<br \/>\nLes clients auront le choix entre les versions 4x2 ou 4x4, boite de vitesses m\u00e9canique ou automatique, Opel offre un large choix mais attend 90% des ventes en 4x2 diesel.<br \/>\nEquip\u00e9 d'un diesel vaillant, les suspensions confortables et une bonne position de conduite, le Mokka est par\u00e9 pour la route. Dommage, il manque de discr\u00e9tion sonore. a l'int\u00e9rieur, on ne retrouve pas la promesse du style ext\u00e9rieur. La pr\u00e9sentation est classique avec for\u00eat de boutons en partie centrale, plastique grain\u00e9 et assemblage moyennement ex\u00e9cut\u00e9. Les rangements sont nombreux.<br \/>\nLa banquette arri\u00e8re est tr\u00e8s accueillante pour deux mais mettra moins \u00e0 son aise un troisi\u00e8me passager. Le coffre carr\u00e9 est facile \u00e0 am\u00e9nager, plancher plat en configuration deux places&nbsp;: l'am\u00e9nagement de la cellule arri\u00e8re est bien pens\u00e9.<br \/>\nTous les mod\u00e8les re\u00e7oivent de s\u00e9rie des jantes de 18\". C'est bien pour le look, moins pour le porte-monnaie au moment de remplacer les pneus.<br \/>\nLe Mokka est un nouveau mod\u00e8le dans la gamme Opel et va apporter du volume additionnel \u00e0 la marque, 12000 ventes totales vis\u00e9es en 2013 en France. Bien dans son \u00e9poque et pratique, il avance des arguments pour s\u00e9duire les jeunes familles qui veulent quitter leur berline. L'habitable un peu triste est compens\u00e9 par un \u00e9quipement moderne et g\u00e9n\u00e9reux d\u00e8s le milieu de gamme.<\/p>\n<p>\/ Achat Opel Mokka moins ch\u00e8re avec carideal mandataire automobile.<\/p>\n","protected":false},"excerpt":{"rendered":"<p>Opel SUV Mokka Il sera lanc\u00e9 en Janvier 2013 avec un moteur diesel 1.7 de 130 ch \u00e0 partir de 22140 \u20ac. Avec sa longueur de 4.28m, le Mokka est \u00e0 classer dans la cat\u00e9gorie des SUV urbains o\u00f9 figure d\u00e9j\u00e0 le Nissan Juke et o\u00f9 appara\u00eetront bient\u00f4t les Peugeot 2008, Renault Captur, et Chevrolet &#8230; <a title=\"Opel Moka Nouvelle vague\" class=\"read-more\" href=\"https:\/\/www.carideal.com\/blog\/2012\/11\/13\/opel-moka-nouvelle-vague\/\" aria-label=\"En savoir plus sur Opel Moka Nouvelle vague\">Lire plus<\/a><\/p>\n","protected":false},"author":1,"featured_media":0,"comment_status":"open","ping_status":"open","sticky":false,"template":"","format":"standard","meta":{"_uag_custom_page_level_css":"","_themeisle_gutenberg_block_has_review":false,"footnotes":""},"categories":[10],"tags":[],"class_list":["post-1209","post","type-post","status-publish","format-standard","hentry","category-marche-automobile-voiture-neuve-occasion-4x4-suv"],"wppr_data":[],"yoast_head":"<!-- This site is optimized with the Yoast SEO plugin v24.8.1 - https:\/\/yoast.com\/wordpress\/plugins\/seo\/ -->\n<title>Opel Moka Nouvelle vague - Blog auto Carid\u00e9al<\/title>\n<meta name=\"robots\" content=\"index, follow, max-snippet:-1, max-image-preview:large, max-video-preview:-1\" \/>\n<link rel=\"canonical\" href=\"https:\/\/www.carideal.com\/blog\/2012\/11\/13\/opel-moka-nouvelle-vague\/\" \/>\n<meta property=\"og:locale\" content=\"fr_FR\" \/>\n<meta property=\"og:type\" content=\"article\" \/>\n<meta property=\"og:title\" content=\"Opel Moka Nouvelle vague - Blog auto Carid\u00e9al\" \/>\n<meta property=\"og:description\" content=\"Opel SUV Mokka Il sera lanc\u00e9 en Janvier 2013 avec un moteur diesel 1.7 de 130 ch \u00e0 partir de 22140 \u20ac. Avec sa longueur de 4.28m, le Mokka est \u00e0 classer dans la cat\u00e9gorie des SUV urbains o\u00f9 figure d\u00e9j\u00e0 le Nissan Juke et o\u00f9 appara\u00eetront bient\u00f4t les Peugeot 2008, Renault Captur, et Chevrolet ... Lire plus\" \/>\n<meta property=\"og:url\" content=\"https:\/\/www.carideal.com\/blog\/2012\/11\/13\/opel-moka-nouvelle-vague\/\" \/>\n<meta property=\"og:site_name\" content=\"Blog auto Carid\u00e9al\" \/>\n<meta property=\"article:publisher\" content=\"https:\/\/www.facebook.com\/Carideal.mandataire.automobile\" \/>\n<meta property=\"article:author\" content=\"https:\/\/www.facebook.com\/Carideal.mandataire.automobile\/\" \/>\n<meta property=\"article:published_time\" content=\"2012-11-13T10:14:00+00:00\" \/>\n<meta property=\"article:modified_time\" content=\"2020-03-07T19:26:00+00:00\" \/>\n<meta property=\"og:image\" content=\"https:\/\/www.carideal.com\/blog\/wp-content\/uploads\/2016\/03\/logo-carideal-mandataire-automobile.png\" \/>\n\t<meta property=\"og:image:width\" content=\"300\" \/>\n\t<meta property=\"og:image:height\" content=\"300\" \/>\n\t<meta property=\"og:image:type\" content=\"image\/png\" \/>\n<meta name=\"author\" content=\"N.S Carideal\" \/>\n<meta name=\"twitter:card\" content=\"summary_large_image\" \/>\n<meta name=\"twitter:creator\" content=\"@caridealauto\" \/>\n<meta name=\"twitter:site\" content=\"@caridealauto\" \/>\n<meta name=\"twitter:label1\" content=\"\u00c9crit par\" \/>\n\t<meta name=\"twitter:data1\" content=\"N.S Carideal\" \/>\n\t<meta name=\"twitter:label2\" content=\"Dur\u00e9e de lecture estim\u00e9e\" \/>\n\t<meta name=\"twitter:data2\" content=\"2 minutes\" \/>\n<script type=\"application\/ld+json\" class=\"yoast-schema-graph\">{\"@context\":\"https:\/\/schema.org\",\"@graph\":[{\"@type\":\"Article\",\"@id\":\"https:\/\/www.carideal.com\/blog\/2012\/11\/13\/opel-moka-nouvelle-vague\/#article\",\"isPartOf\":{\"@id\":\"https:\/\/www.carideal.com\/blog\/2012\/11\/13\/opel-moka-nouvelle-vague\/\"},\"author\":{\"name\":\"N.S Carideal\",\"@id\":\"https:\/\/www.carideal.com\/blog\/#\/schema\/person\/985c7e757d1042d647f21bfaf8d41ebc\"},\"headline\":\"Opel Moka Nouvelle vague\",\"datePublished\":\"2012-11-13T10:14:00+00:00\",\"dateModified\":\"2020-03-07T19:26:00+00:00\",\"mainEntityOfPage\":{\"@id\":\"https:\/\/www.carideal.com\/blog\/2012\/11\/13\/opel-moka-nouvelle-vague\/\"},\"wordCount\":387,\"commentCount\":0,\"publisher\":{\"@id\":\"https:\/\/www.carideal.com\/blog\/#organization\"},\"articleSection\":[\"March\u00e9 automobile\"],\"inLanguage\":\"fr-FR\",\"potentialAction\":[{\"@type\":\"CommentAction\",\"name\":\"Comment\",\"target\":[\"https:\/\/www.carideal.com\/blog\/2012\/11\/13\/opel-moka-nouvelle-vague\/#respond\"]}]},{\"@type\":\"WebPage\",\"@id\":\"https:\/\/www.carideal.com\/blog\/2012\/11\/13\/opel-moka-nouvelle-vague\/\",\"url\":\"https:\/\/www.carideal.com\/blog\/2012\/11\/13\/opel-moka-nouvelle-vague\/\",\"name\":\"Opel Moka Nouvelle vague - Blog auto Carid\u00e9al\",\"isPartOf\":{\"@id\":\"https:\/\/www.carideal.com\/blog\/#website\"},\"datePublished\":\"2012-11-13T10:14:00+00:00\",\"dateModified\":\"2020-03-07T19:26:00+00:00\",\"breadcrumb\":{\"@id\":\"https:\/\/www.carideal.com\/blog\/2012\/11\/13\/opel-moka-nouvelle-vague\/#breadcrumb\"},\"inLanguage\":\"fr-FR\",\"potentialAction\":[{\"@type\":\"ReadAction\",\"target\":[\"https:\/\/www.carideal.com\/blog\/2012\/11\/13\/opel-moka-nouvelle-vague\/\"]}]},{\"@type\":\"BreadcrumbList\",\"@id\":\"https:\/\/www.carideal.com\/blog\/2012\/11\/13\/opel-moka-nouvelle-vague\/#breadcrumb\",\"itemListElement\":[{\"@type\":\"ListItem\",\"position\":1,\"name\":\"Blog Carid\u00e9al\",\"item\":\"https:\/\/www.carideal.com\/blog\/\"},{\"@type\":\"ListItem\",\"position\":2,\"name\":\"March\u00e9 automobile\",\"item\":\"https:\/\/www.carideal.com\/blog\/marche-automobile-voiture-neuve-occasion-4x4-suv\/\"},{\"@type\":\"ListItem\",\"position\":3,\"name\":\"Opel Moka Nouvelle vague\"}]},{\"@type\":\"WebSite\",\"@id\":\"https:\/\/www.carideal.com\/blog\/#website\",\"url\":\"https:\/\/www.carideal.com\/blog\/\",\"name\":\"Blog auto Carid\u00e9al\",\"description\":\"Actualit\u00e9 auto par des passionn\u00e9s\",\"publisher\":{\"@id\":\"https:\/\/www.carideal.com\/blog\/#organization\"},\"potentialAction\":[{\"@type\":\"SearchAction\",\"target\":{\"@type\":\"EntryPoint\",\"urlTemplate\":\"https:\/\/www.carideal.com\/blog\/?s={search_term_string}\"},\"query-input\":{\"@type\":\"PropertyValueSpecification\",\"valueRequired\":true,\"valueName\":\"search_term_string\"}}],\"inLanguage\":\"fr-FR\"},{\"@type\":\"Organization\",\"@id\":\"https:\/\/www.carideal.com\/blog\/#organization\",\"name\":\"Carideal\",\"url\":\"https:\/\/www.carideal.com\/blog\/\",\"logo\":{\"@type\":\"ImageObject\",\"inLanguage\":\"fr-FR\",\"@id\":\"https:\/\/www.carideal.com\/blog\/#\/schema\/logo\/image\/\",\"url\":\"http:\/\/www.carideal.com\/blog\/wp-content\/uploads\/2016\/03\/logo-carideal-mandataire-automobile.png\",\"contentUrl\":\"http:\/\/www.carideal.com\/blog\/wp-content\/uploads\/2016\/03\/logo-carideal-mandataire-automobile.png\",\"width\":300,\"height\":300,\"caption\":\"Carideal\"},\"image\":{\"@id\":\"https:\/\/www.carideal.com\/blog\/#\/schema\/logo\/image\/\"},\"sameAs\":[\"https:\/\/www.facebook.com\/Carideal.mandataire.automobile\",\"https:\/\/x.com\/caridealauto\",\"https:\/\/www.instagram.com\/carideal1\/\",\"https:\/\/www.linkedin.com\/company\/carideal.com\",\"https:\/\/fr.pinterest.com\/schiavonsas\/\",\"https:\/\/www.youtube.com\/user\/caridealsas\"]},{\"@type\":\"Person\",\"@id\":\"https:\/\/www.carideal.com\/blog\/#\/schema\/person\/985c7e757d1042d647f21bfaf8d41ebc\",\"name\":\"N.S Carideal\",\"image\":{\"@type\":\"ImageObject\",\"inLanguage\":\"fr-FR\",\"@id\":\"https:\/\/www.carideal.com\/blog\/#\/schema\/person\/image\/\",\"url\":\"https:\/\/secure.gravatar.com\/avatar\/edb7ccdf1a4e3d14aef967760d354d0e?s=96&r=g\",\"contentUrl\":\"https:\/\/secure.gravatar.com\/avatar\/edb7ccdf1a4e3d14aef967760d354d0e?s=96&r=g\",\"caption\":\"N.S Carideal\"},\"description\":\"Depuis tout petit fan d'automobile. Il est question d'essayer et de comparer toutes ces voitures qui nous ont fait r\u00e9ver, avant que celles-ci ne devient uniquement des voitures de collection.\",\"sameAs\":[\"http:\/\/www.carideal.com\/blog\",\"https:\/\/www.facebook.com\/Carideal.mandataire.automobile\/\",\"https:\/\/www.linkedin.com\/in\/nschiavon\/\",\"https:\/\/www.youtube.com\/user\/caridealsas\/\"],\"url\":\"https:\/\/www.carideal.com\/blog\/author\/admin_carideal\/\"}]}<\/script>\n<!-- \/ Yoast SEO plugin. -->","yoast_head_json":{"title":"Opel Moka Nouvelle vague - Blog auto Carid\u00e9al","robots":{"index":"index","follow":"follow","max-snippet":"max-snippet:-1","max-image-preview":"max-image-preview:large","max-video-preview":"max-video-preview:-1"},"canonical":"https:\/\/www.carideal.com\/blog\/2012\/11\/13\/opel-moka-nouvelle-vague\/","og_locale":"fr_FR","og_type":"article","og_title":"Opel Moka Nouvelle vague - Blog auto Carid\u00e9al","og_description":"Opel SUV Mokka Il sera lanc\u00e9 en Janvier 2013 avec un moteur diesel 1.7 de 130 ch \u00e0 partir de 22140 \u20ac. Avec sa longueur de 4.28m, le Mokka est \u00e0 classer dans la cat\u00e9gorie des SUV urbains o\u00f9 figure d\u00e9j\u00e0 le Nissan Juke et o\u00f9 appara\u00eetront bient\u00f4t les Peugeot 2008, Renault Captur, et Chevrolet ... Lire plus","og_url":"https:\/\/www.carideal.com\/blog\/2012\/11\/13\/opel-moka-nouvelle-vague\/","og_site_name":"Blog auto Carid\u00e9al","article_publisher":"https:\/\/www.facebook.com\/Carideal.mandataire.automobile","article_author":"https:\/\/www.facebook.com\/Carideal.mandataire.automobile\/","article_published_time":"2012-11-13T10:14:00+00:00","article_modified_time":"2020-03-07T19:26:00+00:00","og_image":[{"width":300,"height":300,"url":"https:\/\/www.carideal.com\/blog\/wp-content\/uploads\/2016\/03\/logo-carideal-mandataire-automobile.png","type":"image\/png"}],"author":"N.S Carideal","twitter_card":"summary_large_image","twitter_creator":"@caridealauto","twitter_site":"@caridealauto","twitter_misc":{"\u00c9crit par":"N.S Carideal","Dur\u00e9e de lecture estim\u00e9e":"2 minutes"},"schema":{"@context":"https:\/\/schema.org","@graph":[{"@type":"Article","@id":"https:\/\/www.carideal.com\/blog\/2012\/11\/13\/opel-moka-nouvelle-vague\/#article","isPartOf":{"@id":"https:\/\/www.carideal.com\/blog\/2012\/11\/13\/opel-moka-nouvelle-vague\/"},"author":{"name":"N.S Carideal","@id":"https:\/\/www.carideal.com\/blog\/#\/schema\/person\/985c7e757d1042d647f21bfaf8d41ebc"},"headline":"Opel Moka Nouvelle vague","datePublished":"2012-11-13T10:14:00+00:00","dateModified":"2020-03-07T19:26:00+00:00","mainEntityOfPage":{"@id":"https:\/\/www.carideal.com\/blog\/2012\/11\/13\/opel-moka-nouvelle-vague\/"},"wordCount":387,"commentCount":0,"publisher":{"@id":"https:\/\/www.carideal.com\/blog\/#organization"},"articleSection":["March\u00e9 automobile"],"inLanguage":"fr-FR","potentialAction":[{"@type":"CommentAction","name":"Comment","target":["https:\/\/www.carideal.com\/blog\/2012\/11\/13\/opel-moka-nouvelle-vague\/#respond"]}]},{"@type":"WebPage","@id":"https:\/\/www.carideal.com\/blog\/2012\/11\/13\/opel-moka-nouvelle-vague\/","url":"https:\/\/www.carideal.com\/blog\/2012\/11\/13\/opel-moka-nouvelle-vague\/","name":"Opel Moka Nouvelle vague - Blog auto Carid\u00e9al","isPartOf":{"@id":"https:\/\/www.carideal.com\/blog\/#website"},"datePublished":"2012-11-13T10:14:00+00:00","dateModified":"2020-03-07T19:26:00+00:00","breadcrumb":{"@id":"https:\/\/www.carideal.com\/blog\/2012\/11\/13\/opel-moka-nouvelle-vague\/#breadcrumb"},"inLanguage":"fr-FR","potentialAction":[{"@type":"ReadAction","target":["https:\/\/www.carideal.com\/blog\/2012\/11\/13\/opel-moka-nouvelle-vague\/"]}]},{"@type":"BreadcrumbList","@id":"https:\/\/www.carideal.com\/blog\/2012\/11\/13\/opel-moka-nouvelle-vague\/#breadcrumb","itemListElement":[{"@type":"ListItem","position":1,"name":"Blog Carid\u00e9al","item":"https:\/\/www.carideal.com\/blog\/"},{"@type":"ListItem","position":2,"name":"March\u00e9 automobile","item":"https:\/\/www.carideal.com\/blog\/marche-automobile-voiture-neuve-occasion-4x4-suv\/"},{"@type":"ListItem","position":3,"name":"Opel Moka Nouvelle vague"}]},{"@type":"WebSite","@id":"https:\/\/www.carideal.com\/blog\/#website","url":"https:\/\/www.carideal.com\/blog\/","name":"Blog auto Carid\u00e9al","description":"Actualit\u00e9 auto par des passionn\u00e9s","publisher":{"@id":"https:\/\/www.carideal.com\/blog\/#organization"},"potentialAction":[{"@type":"SearchAction","target":{"@type":"EntryPoint","urlTemplate":"https:\/\/www.carideal.com\/blog\/?s={search_term_string}"},"query-input":{"@type":"PropertyValueSpecification","valueRequired":true,"valueName":"search_term_string"}}],"inLanguage":"fr-FR"},{"@type":"Organization","@id":"https:\/\/www.carideal.com\/blog\/#organization","name":"Carideal","url":"https:\/\/www.carideal.com\/blog\/","logo":{"@type":"ImageObject","inLanguage":"fr-FR","@id":"https:\/\/www.carideal.com\/blog\/#\/schema\/logo\/image\/","url":"http:\/\/www.carideal.com\/blog\/wp-content\/uploads\/2016\/03\/logo-carideal-mandataire-automobile.png","contentUrl":"http:\/\/www.carideal.com\/blog\/wp-content\/uploads\/2016\/03\/logo-carideal-mandataire-automobile.png","width":300,"height":300,"caption":"Carideal"},"image":{"@id":"https:\/\/www.carideal.com\/blog\/#\/schema\/logo\/image\/"},"sameAs":["https:\/\/www.facebook.com\/Carideal.mandataire.automobile","https:\/\/x.com\/caridealauto","https:\/\/www.instagram.com\/carideal1\/","https:\/\/www.linkedin.com\/company\/carideal.com","https:\/\/fr.pinterest.com\/schiavonsas\/","https:\/\/www.youtube.com\/user\/caridealsas"]},{"@type":"Person","@id":"https:\/\/www.carideal.com\/blog\/#\/schema\/person\/985c7e757d1042d647f21bfaf8d41ebc","name":"N.S Carideal","image":{"@type":"ImageObject","inLanguage":"fr-FR","@id":"https:\/\/www.carideal.com\/blog\/#\/schema\/person\/image\/","url":"https:\/\/secure.gravatar.com\/avatar\/edb7ccdf1a4e3d14aef967760d354d0e?s=96&r=g","contentUrl":"https:\/\/secure.gravatar.com\/avatar\/edb7ccdf1a4e3d14aef967760d354d0e?s=96&r=g","caption":"N.S Carideal"},"description":"Depuis tout petit fan d'automobile. Il est question d'essayer et de comparer toutes ces voitures qui nous ont fait r\u00e9ver, avant que celles-ci ne devient uniquement des voitures de collection.","sameAs":["http:\/\/www.carideal.com\/blog","https:\/\/www.facebook.com\/Carideal.mandataire.automobile\/","https:\/\/www.linkedin.com\/in\/nschiavon\/","https:\/\/www.youtube.com\/user\/caridealsas\/"],"url":"https:\/\/www.carideal.com\/blog\/author\/admin_carideal\/"}]}},"uagb_featured_image_src":{"full":false,"thumbnail":false,"medium":false,"medium_large":false,"large":false,"1536x1536":false,"2048x2048":false,"wppr-widget":false},"uagb_author_info":{"display_name":"N.S Carideal","author_link":"https:\/\/www.carideal.com\/blog\/author\/admin_carideal\/"},"uagb_comment_info":0,"uagb_excerpt":"Opel SUV Mokka Il sera lanc\u00e9 en Janvier 2013 avec un moteur diesel 1.7 de 130 ch \u00e0 partir de 22140 \u20ac. Avec sa longueur de 4.28m, le Mokka est \u00e0 classer dans la cat\u00e9gorie des SUV urbains o\u00f9 figure d\u00e9j\u00e0 le Nissan Juke et o\u00f9 appara\u00eetront bient\u00f4t les Peugeot 2008, Renault Captur, et Chevrolet\u2026","_links":{"self":[{"href":"https:\/\/www.carideal.com\/blog\/wp-json\/wp\/v2\/posts\/1209"}],"collection":[{"href":"https:\/\/www.carideal.com\/blog\/wp-json\/wp\/v2\/posts"}],"about":[{"href":"https:\/\/www.carideal.com\/blog\/wp-json\/wp\/v2\/types\/post"}],"author":[{"embeddable":true,"href":"https:\/\/www.carideal.com\/blog\/wp-json\/wp\/v2\/users\/1"}],"replies":[{"embeddable":true,"href":"https:\/\/www.carideal.com\/blog\/wp-json\/wp\/v2\/comments?post=1209"}],"version-history":[{"count":0,"href":"https:\/\/www.carideal.com\/blog\/wp-json\/wp\/v2\/posts\/1209\/revisions"}],"wp:attachment":[{"href":"https:\/\/www.carideal.com\/blog\/wp-json\/wp\/v2\/media?parent=1209"}],"wp:term":[{"taxonomy":"category","embeddable":true,"href":"https:\/\/www.carideal.com\/blog\/wp-json\/wp\/v2\/categories?post=1209"},{"taxonomy":"post_tag","embeddable":true,"href":"https:\/\/www.carideal.com\/blog\/wp-json\/wp\/v2\/tags?post=1209"}],"curies":[{"name":"wp","href":"https:\/\/api.w.org\/{rel}","templated":true}]}}