{"id":1198,"date":"2012-10-05T22:25:00","date_gmt":"2012-10-05T22:25:00","guid":{"rendered":"http:\/\/carideal.com\/blog\/?p=1198"},"modified":"2019-09-25T15:53:48","modified_gmt":"2019-09-25T13:53:48","slug":"configurateur-tarif-citroen-ds3-cabriolet","status":"publish","type":"post","link":"https:\/\/www.carideal.com\/blog\/2012\/10\/05\/configurateur-tarif-citroen-ds3-cabriolet\/","title":{"rendered":"Configurateur Citroen DS3 Cabriolet &#8211; Tarifs"},"content":{"rendered":"<h2>Configurateur Citroen DS3 Cabriolet et ses tarifs<\/h2>\n<p>La petite Citro\u00ebn DS3 vient de faire tomber son toit\u00a0en faveur d'un toit noir souple et bien que le DS3 Cabrio fera pas d'apparition officielle avant le Mondial de l'automobile \u00e0 Paris 2012 en Septembre, Le constructeur\u00a0a opt\u00e9 de r\u00e9v\u00e9ler la liste compl\u00e8te des sp\u00e9cifications un peu en avance. Il a d\u00e9voil\u00e9 les photos et une courte vid\u00e9o pour la pr\u00e9senter en m\u00eame temps qu'un <strong>configurateur de sa Citroen DS3 Cabriolet<\/strong>.<\/p>\n<figure id=\"attachment_19888\" aria-describedby=\"caption-attachment-19888\" style=\"width: 438px\" class=\"wp-caption alignnone\"><img loading=\"lazy\" decoding=\"async\" class=\"size-full wp-image-19888\" src=\"http:\/\/www.carideal.com\/blog\/wp-content\/uploads\/2012\/10\/citroen-ds3-cabriolet-carideal-mandataire-automobile-25_m.jpg\" alt=\"Configurateur Citroen DS3 Cabriolet - Tarifs\" width=\"448\" height=\"298\" srcset=\"https:\/\/www.carideal.com\/blog\/wp-content\/uploads\/2012\/10\/citroen-ds3-cabriolet-carideal-mandataire-automobile-25_m.jpg 448w, https:\/\/www.carideal.com\/blog\/wp-content\/uploads\/2012\/10\/citroen-ds3-cabriolet-carideal-mandataire-automobile-25_m-300x200.jpg 300w, https:\/\/www.carideal.com\/blog\/wp-content\/uploads\/2012\/10\/citroen-ds3-cabriolet-carideal-mandataire-automobile-25_m-50x33.jpg 50w, https:\/\/www.carideal.com\/blog\/wp-content\/uploads\/2012\/10\/citroen-ds3-cabriolet-carideal-mandataire-automobile-25_m-110x73.jpg 110w, https:\/\/www.carideal.com\/blog\/wp-content\/uploads\/2012\/10\/citroen-ds3-cabriolet-carideal-mandataire-automobile-25_m-420x279.jpg 420w, https:\/\/www.carideal.com\/blog\/wp-content\/uploads\/2012\/10\/citroen-ds3-cabriolet-carideal-mandataire-automobile-25_m-272x182.jpg 272w\" sizes=\"(max-width: 448px) 100vw, 448px\" \/><figcaption id=\"caption-attachment-19888\" class=\"wp-caption-text\">Configurateur Citroen DS3 Cabriolet - Tarifs<\/figcaption><\/figure>\n<p>On remarquera l'absence de la motorisation HDI 110 des versions de DS3 Cabriolet.<\/p>\n<p>La nouvelle\u00a0Citroen DS3 sans toit est cens\u00e9 \u00eatre appel\u00e9 <strong>DS3 Airflow<\/strong>, mais il semble que la marque de voiture premium fran\u00e7aise a opt\u00e9 pour garder le nom de la voiture simple et intacte. La future Citro\u00ebn sera semblable \u00e0 la version \u00e0 hayon, sauf, bien s\u00fbr, pour son toit\u00a0souple qui prend 16 secondes pour s'ouvrir ou se fermer et peut fonctionner \u00e0 des vitesses allant jusqu'\u00e0 120 km \/ h. Lorsque ce haut est en bas, les bords et les fen\u00eatres lat\u00e9rales resteront \u00e0 leur place, tout comme le syst\u00e8me mis en place pour la <a href=\"http:\/\/www.carideal.com\/blog\/2010\/06\/17\/la-fiat-500c-se-decline-desormais-en-diesel\/\" target=\"_blank\" rel=\"noopener\">Fiat 500 C<\/a>. Le nouveau mod\u00e8le est \u00e9galement le seul v\u00e9ritable offrant 5 places dans la cat\u00e9gorie et offre le plus grand coffre.<\/p>\n<p>Quant aux moteurs, le mod\u00e8le sera propos\u00e9\u00a0avec les m\u00eames dix moteurs diesel et essence que son fr\u00e8re \u00e9quip\u00e9 d'un toit, avec des\u00a0puissances allant de 90\u00a0\u00e0\u00a0204 ch pour la <a href=\"http:\/\/www.carideal.com\/blog\/2010\/12\/13\/citroen-ds3-racing-2\/\">DS3 Cabrio Racing<\/a>. Citro\u00ebn offrira \u00e9galement une version Eco-friendly \u00e9mettant seulement 99 g \/ km de CO2. Les performances varient en raison du poids suppl\u00e9mentaire fourni par la configuration cabriolet, mais qui ach\u00e8te un <a href=\"http:\/\/www.carideal.com\/blog\/2012\/06\/25\/citroen-ds3\/\">DS3<\/a> en raison de ses temps ou de ses performance\u202f?<\/p>\n<p>MISE \u00c0 JOUR 31\/08\/2012: images pour le Citroen DS3 Cabrio.<\/p>\n<p>MISE \u00c0 JOUR 01\/08\/13: Vid\u00e9o Citroen DS3 Cabrio.<\/p>\n<h2>Video de pr\u00e9sentation de la Nouvelle Citroen DS3 cabriolet<\/h2>\n<p>Pr\u00e9sentation de la Citroen DS3 cabriolet en Vid\u00e9o<br \/>\n<iframe loading=\"lazy\" src=\"https:\/\/www.youtube.com\/embed\/iL0ZIb5Bu0U\" width=\"560\" height=\"315\" frameborder=\"0\" allowfullscreen=\"allowfullscreen\"><\/iframe><\/p>\n<h2>Galerie d'images de la Nouvelle Citroen DS3 cabriolet<\/h2>\n<figure id=\"attachment_19889\" aria-describedby=\"caption-attachment-19889\" style=\"width: 438px\" class=\"wp-caption alignnone\"><img loading=\"lazy\" decoding=\"async\" class=\"wp-image-19889 size-full\" title=\"Les premi\u00e8res images d\u00e9voil\u00e9es en m\u00eame temps que le configurateur Citroen DS3 Cabriolet\" src=\"http:\/\/www.carideal.com\/blog\/wp-content\/uploads\/2012\/10\/citroen-ds3-cabriolet-carideal-mandataire-automobile_m.jpg\" alt=\"Les premi\u00e8res images d\u00e9voil\u00e9es en m\u00eame temps que le configurateur Citroen DS3 Cabriolet\" width=\"448\" height=\"399\" srcset=\"https:\/\/www.carideal.com\/blog\/wp-content\/uploads\/2012\/10\/citroen-ds3-cabriolet-carideal-mandataire-automobile_m.jpg 448w, https:\/\/www.carideal.com\/blog\/wp-content\/uploads\/2012\/10\/citroen-ds3-cabriolet-carideal-mandataire-automobile_m-300x267.jpg 300w, https:\/\/www.carideal.com\/blog\/wp-content\/uploads\/2012\/10\/citroen-ds3-cabriolet-carideal-mandataire-automobile_m-50x45.jpg 50w, https:\/\/www.carideal.com\/blog\/wp-content\/uploads\/2012\/10\/citroen-ds3-cabriolet-carideal-mandataire-automobile_m-110x98.jpg 110w, https:\/\/www.carideal.com\/blog\/wp-content\/uploads\/2012\/10\/citroen-ds3-cabriolet-carideal-mandataire-automobile_m-420x374.jpg 420w\" sizes=\"(max-width: 448px) 100vw, 448px\" \/><figcaption id=\"caption-attachment-19889\" class=\"wp-caption-text\">Les premi\u00e8res images d\u00e9voil\u00e9es en m\u00eame temps que le configurateur Citroen DS3 Cabriolet<\/figcaption><\/figure>\n<h2>Citroen DS3 Cabriolet<\/h2>\n<p><a href=\"http:\/\/www.carideal.com\/blog\/marque-de-voiture-actualites-essais\/citroen\/\">Citro\u00ebn<\/a> Confirme avec ces photos ce matin ce qui \u00e9tait pressenti, l'utilisation d'un toit d\u00e9couvrable en toile qui descend jusqu'en bas du hayon arri\u00e8re.<br \/>\nOn remarquera aussi l'utilisation de la m\u00eame toile au dessin sp\u00e9cifique et chic que celle pour le toit de la <a href=\"http:\/\/www.carideal.com\/blog\/marque-de-voiture-actualites-essais\/ds\/ds5\/\">DS5<\/a> que Fran\u00e7ois Hollande a utilis\u00e9 pour descendre les champs \u00c9lys\u00e9es le jour de son investiture.<\/p>\n<p>&nbsp;<\/p>\n<p>&nbsp;<\/p>\n<p>&nbsp;<\/p>\n","protected":false},"excerpt":{"rendered":"<p>Configurateur Citroen DS3 Cabriolet et ses tarifs La petite Citro\u00ebn DS3 vient de faire tomber son toit\u00a0en faveur d&rsquo;un toit noir souple et bien que le DS3 Cabrio fera pas d&rsquo;apparition officielle avant le Mondial de l&rsquo;automobile \u00e0 Paris 2012 en Septembre, Le constructeur\u00a0a opt\u00e9 de r\u00e9v\u00e9ler la liste compl\u00e8te des sp\u00e9cifications un peu en &#8230; <a title=\"Configurateur Citroen DS3 Cabriolet &#8211; Tarifs\" class=\"read-more\" href=\"https:\/\/www.carideal.com\/blog\/2012\/10\/05\/configurateur-tarif-citroen-ds3-cabriolet\/\" aria-label=\"En savoir plus sur Configurateur Citroen DS3 Cabriolet &#8211; Tarifs\">Lire plus<\/a><\/p>\n","protected":false},"author":1,"featured_media":19888,"comment_status":"open","ping_status":"open","sticky":false,"template":"","format":"standard","meta":{"_uag_custom_page_level_css":"","_themeisle_gutenberg_block_has_review":false,"footnotes":""},"categories":[5,5944],"tags":[],"class_list":["post-1198","post","type-post","status-publish","format-standard","has-post-thumbnail","hentry","category-citroen","category-constructeur"],"wppr_data":{"cwp_meta_box_check":"No"},"yoast_head":"<!-- This site is optimized with the Yoast SEO plugin v24.8.1 - https:\/\/yoast.com\/wordpress\/plugins\/seo\/ -->\n<title>Configurateur Citroen DS3 Cabriolet - Tarifs - Blog auto Carid\u00e9al<\/title>\n<meta name=\"description\" content=\"On remarquera l&#039;absence de la motorisation HDI 110 des versions de DS3 Cabriolet sur le configurateur Citroen DS3 Cabriolet\" \/>\n<meta name=\"robots\" content=\"index, follow, max-snippet:-1, max-image-preview:large, max-video-preview:-1\" \/>\n<link rel=\"canonical\" href=\"https:\/\/www.carideal.com\/blog\/2012\/10\/05\/configurateur-tarif-citroen-ds3-cabriolet\/\" \/>\n<meta property=\"og:locale\" content=\"fr_FR\" \/>\n<meta property=\"og:type\" content=\"article\" \/>\n<meta property=\"og:title\" content=\"Configurateur Citroen DS3 Cabriolet - Tarifs - Blog auto Carid\u00e9al\" \/>\n<meta property=\"og:description\" content=\"On remarquera l&#039;absence de la motorisation HDI 110 des versions de DS3 Cabriolet sur le configurateur Citroen DS3 Cabriolet\" \/>\n<meta property=\"og:url\" content=\"https:\/\/www.carideal.com\/blog\/2012\/10\/05\/configurateur-tarif-citroen-ds3-cabriolet\/\" \/>\n<meta property=\"og:site_name\" content=\"Blog auto Carid\u00e9al\" \/>\n<meta property=\"article:publisher\" content=\"https:\/\/www.facebook.com\/Carideal.mandataire.automobile\" \/>\n<meta property=\"article:author\" content=\"https:\/\/www.facebook.com\/Carideal.mandataire.automobile\/\" \/>\n<meta property=\"article:published_time\" content=\"2012-10-05T22:25:00+00:00\" \/>\n<meta property=\"article:modified_time\" content=\"2019-09-25T13:53:48+00:00\" \/>\n<meta property=\"og:image\" content=\"https:\/\/www.carideal.com\/blog\/wp-content\/uploads\/2012\/10\/citroen-ds3-cabriolet-carideal-mandataire-automobile-25_m.jpg\" \/>\n\t<meta property=\"og:image:width\" content=\"448\" \/>\n\t<meta property=\"og:image:height\" content=\"298\" \/>\n\t<meta property=\"og:image:type\" content=\"image\/jpeg\" \/>\n<meta name=\"author\" content=\"N.S Carideal\" \/>\n<meta name=\"twitter:card\" content=\"summary_large_image\" \/>\n<meta name=\"twitter:creator\" content=\"@caridealauto\" \/>\n<meta name=\"twitter:site\" content=\"@caridealauto\" \/>\n<meta name=\"twitter:label1\" content=\"\u00c9crit par\" \/>\n\t<meta name=\"twitter:data1\" content=\"N.S Carideal\" \/>\n\t<meta name=\"twitter:label2\" content=\"Dur\u00e9e de lecture estim\u00e9e\" \/>\n\t<meta name=\"twitter:data2\" content=\"2 minutes\" \/>\n<script type=\"application\/ld+json\" class=\"yoast-schema-graph\">{\"@context\":\"https:\/\/schema.org\",\"@graph\":[{\"@type\":\"Article\",\"@id\":\"https:\/\/www.carideal.com\/blog\/2012\/10\/05\/configurateur-tarif-citroen-ds3-cabriolet\/#article\",\"isPartOf\":{\"@id\":\"https:\/\/www.carideal.com\/blog\/2012\/10\/05\/configurateur-tarif-citroen-ds3-cabriolet\/\"},\"author\":{\"name\":\"N.S Carideal\",\"@id\":\"https:\/\/www.carideal.com\/blog\/#\/schema\/person\/985c7e757d1042d647f21bfaf8d41ebc\"},\"headline\":\"Configurateur Citroen DS3 Cabriolet &#8211; Tarifs\",\"datePublished\":\"2012-10-05T22:25:00+00:00\",\"dateModified\":\"2019-09-25T13:53:48+00:00\",\"mainEntityOfPage\":{\"@id\":\"https:\/\/www.carideal.com\/blog\/2012\/10\/05\/configurateur-tarif-citroen-ds3-cabriolet\/\"},\"wordCount\":455,\"commentCount\":0,\"publisher\":{\"@id\":\"https:\/\/www.carideal.com\/blog\/#organization\"},\"image\":{\"@id\":\"https:\/\/www.carideal.com\/blog\/2012\/10\/05\/configurateur-tarif-citroen-ds3-cabriolet\/#primaryimage\"},\"thumbnailUrl\":\"https:\/\/www.carideal.com\/blog\/wp-content\/uploads\/2012\/10\/citroen-ds3-cabriolet-carideal-mandataire-automobile-25_m.jpg\",\"articleSection\":[\"Actualit\u00e9 Citroen\",\"Actualit\u00e9 Constructeur automobile\"],\"inLanguage\":\"fr-FR\",\"potentialAction\":[{\"@type\":\"CommentAction\",\"name\":\"Comment\",\"target\":[\"https:\/\/www.carideal.com\/blog\/2012\/10\/05\/configurateur-tarif-citroen-ds3-cabriolet\/#respond\"]}]},{\"@type\":\"WebPage\",\"@id\":\"https:\/\/www.carideal.com\/blog\/2012\/10\/05\/configurateur-tarif-citroen-ds3-cabriolet\/\",\"url\":\"https:\/\/www.carideal.com\/blog\/2012\/10\/05\/configurateur-tarif-citroen-ds3-cabriolet\/\",\"name\":\"Configurateur Citroen DS3 Cabriolet - Tarifs - Blog auto Carid\u00e9al\",\"isPartOf\":{\"@id\":\"https:\/\/www.carideal.com\/blog\/#website\"},\"primaryImageOfPage\":{\"@id\":\"https:\/\/www.carideal.com\/blog\/2012\/10\/05\/configurateur-tarif-citroen-ds3-cabriolet\/#primaryimage\"},\"image\":{\"@id\":\"https:\/\/www.carideal.com\/blog\/2012\/10\/05\/configurateur-tarif-citroen-ds3-cabriolet\/#primaryimage\"},\"thumbnailUrl\":\"https:\/\/www.carideal.com\/blog\/wp-content\/uploads\/2012\/10\/citroen-ds3-cabriolet-carideal-mandataire-automobile-25_m.jpg\",\"datePublished\":\"2012-10-05T22:25:00+00:00\",\"dateModified\":\"2019-09-25T13:53:48+00:00\",\"description\":\"On remarquera l'absence de la motorisation HDI 110 des versions de DS3 Cabriolet sur le configurateur Citroen DS3 Cabriolet\",\"breadcrumb\":{\"@id\":\"https:\/\/www.carideal.com\/blog\/2012\/10\/05\/configurateur-tarif-citroen-ds3-cabriolet\/#breadcrumb\"},\"inLanguage\":\"fr-FR\",\"potentialAction\":[{\"@type\":\"ReadAction\",\"target\":[\"https:\/\/www.carideal.com\/blog\/2012\/10\/05\/configurateur-tarif-citroen-ds3-cabriolet\/\"]}]},{\"@type\":\"ImageObject\",\"inLanguage\":\"fr-FR\",\"@id\":\"https:\/\/www.carideal.com\/blog\/2012\/10\/05\/configurateur-tarif-citroen-ds3-cabriolet\/#primaryimage\",\"url\":\"https:\/\/www.carideal.com\/blog\/wp-content\/uploads\/2012\/10\/citroen-ds3-cabriolet-carideal-mandataire-automobile-25_m.jpg\",\"contentUrl\":\"https:\/\/www.carideal.com\/blog\/wp-content\/uploads\/2012\/10\/citroen-ds3-cabriolet-carideal-mandataire-automobile-25_m.jpg\",\"width\":448,\"height\":298,\"caption\":\"Configurateur Citroen DS3 Cabriolet - Tarifs\"},{\"@type\":\"BreadcrumbList\",\"@id\":\"https:\/\/www.carideal.com\/blog\/2012\/10\/05\/configurateur-tarif-citroen-ds3-cabriolet\/#breadcrumb\",\"itemListElement\":[{\"@type\":\"ListItem\",\"position\":1,\"name\":\"Blog Carid\u00e9al\",\"item\":\"https:\/\/www.carideal.com\/blog\/\"},{\"@type\":\"ListItem\",\"position\":2,\"name\":\"Actualit\u00e9 constructeur automobile\",\"item\":\"https:\/\/www.carideal.com\/blog\/constructeur\/\"},{\"@type\":\"ListItem\",\"position\":3,\"name\":\"Actualit\u00e9 Citroen\",\"item\":\"https:\/\/www.carideal.com\/blog\/constructeur\/citroen\/\"},{\"@type\":\"ListItem\",\"position\":4,\"name\":\"Configurateur Citroen DS3 Cabriolet &#8211; Tarifs\"}]},{\"@type\":\"WebSite\",\"@id\":\"https:\/\/www.carideal.com\/blog\/#website\",\"url\":\"https:\/\/www.carideal.com\/blog\/\",\"name\":\"Blog auto Carid\u00e9al\",\"description\":\"Actualit\u00e9 auto par des passionn\u00e9s\",\"publisher\":{\"@id\":\"https:\/\/www.carideal.com\/blog\/#organization\"},\"potentialAction\":[{\"@type\":\"SearchAction\",\"target\":{\"@type\":\"EntryPoint\",\"urlTemplate\":\"https:\/\/www.carideal.com\/blog\/?s={search_term_string}\"},\"query-input\":{\"@type\":\"PropertyValueSpecification\",\"valueRequired\":true,\"valueName\":\"search_term_string\"}}],\"inLanguage\":\"fr-FR\"},{\"@type\":\"Organization\",\"@id\":\"https:\/\/www.carideal.com\/blog\/#organization\",\"name\":\"Carideal\",\"url\":\"https:\/\/www.carideal.com\/blog\/\",\"logo\":{\"@type\":\"ImageObject\",\"inLanguage\":\"fr-FR\",\"@id\":\"https:\/\/www.carideal.com\/blog\/#\/schema\/logo\/image\/\",\"url\":\"http:\/\/www.carideal.com\/blog\/wp-content\/uploads\/2016\/03\/logo-carideal-mandataire-automobile.png\",\"contentUrl\":\"http:\/\/www.carideal.com\/blog\/wp-content\/uploads\/2016\/03\/logo-carideal-mandataire-automobile.png\",\"width\":300,\"height\":300,\"caption\":\"Carideal\"},\"image\":{\"@id\":\"https:\/\/www.carideal.com\/blog\/#\/schema\/logo\/image\/\"},\"sameAs\":[\"https:\/\/www.facebook.com\/Carideal.mandataire.automobile\",\"https:\/\/x.com\/caridealauto\",\"https:\/\/www.instagram.com\/carideal1\/\",\"https:\/\/www.linkedin.com\/company\/carideal.com\",\"https:\/\/fr.pinterest.com\/schiavonsas\/\",\"https:\/\/www.youtube.com\/user\/caridealsas\"]},{\"@type\":\"Person\",\"@id\":\"https:\/\/www.carideal.com\/blog\/#\/schema\/person\/985c7e757d1042d647f21bfaf8d41ebc\",\"name\":\"N.S Carideal\",\"image\":{\"@type\":\"ImageObject\",\"inLanguage\":\"fr-FR\",\"@id\":\"https:\/\/www.carideal.com\/blog\/#\/schema\/person\/image\/\",\"url\":\"https:\/\/secure.gravatar.com\/avatar\/edb7ccdf1a4e3d14aef967760d354d0e?s=96&r=g\",\"contentUrl\":\"https:\/\/secure.gravatar.com\/avatar\/edb7ccdf1a4e3d14aef967760d354d0e?s=96&r=g\",\"caption\":\"N.S Carideal\"},\"description\":\"Depuis tout petit fan d'automobile. Il est question d'essayer et de comparer toutes ces voitures qui nous ont fait r\u00e9ver, avant que celles-ci ne devient uniquement des voitures de collection.\",\"sameAs\":[\"http:\/\/www.carideal.com\/blog\",\"https:\/\/www.facebook.com\/Carideal.mandataire.automobile\/\",\"https:\/\/www.linkedin.com\/in\/nschiavon\/\",\"https:\/\/www.youtube.com\/user\/caridealsas\/\"],\"url\":\"https:\/\/www.carideal.com\/blog\/author\/admin_carideal\/\"}]}<\/script>\n<!-- \/ Yoast SEO plugin. -->","yoast_head_json":{"title":"Configurateur Citroen DS3 Cabriolet - Tarifs - Blog auto Carid\u00e9al","description":"On remarquera l'absence de la motorisation HDI 110 des versions de DS3 Cabriolet sur le configurateur Citroen DS3 Cabriolet","robots":{"index":"index","follow":"follow","max-snippet":"max-snippet:-1","max-image-preview":"max-image-preview:large","max-video-preview":"max-video-preview:-1"},"canonical":"https:\/\/www.carideal.com\/blog\/2012\/10\/05\/configurateur-tarif-citroen-ds3-cabriolet\/","og_locale":"fr_FR","og_type":"article","og_title":"Configurateur Citroen DS3 Cabriolet - Tarifs - Blog auto Carid\u00e9al","og_description":"On remarquera l'absence de la motorisation HDI 110 des versions de DS3 Cabriolet sur le configurateur Citroen DS3 Cabriolet","og_url":"https:\/\/www.carideal.com\/blog\/2012\/10\/05\/configurateur-tarif-citroen-ds3-cabriolet\/","og_site_name":"Blog auto Carid\u00e9al","article_publisher":"https:\/\/www.facebook.com\/Carideal.mandataire.automobile","article_author":"https:\/\/www.facebook.com\/Carideal.mandataire.automobile\/","article_published_time":"2012-10-05T22:25:00+00:00","article_modified_time":"2019-09-25T13:53:48+00:00","og_image":[{"width":448,"height":298,"url":"https:\/\/www.carideal.com\/blog\/wp-content\/uploads\/2012\/10\/citroen-ds3-cabriolet-carideal-mandataire-automobile-25_m.jpg","type":"image\/jpeg"}],"author":"N.S Carideal","twitter_card":"summary_large_image","twitter_creator":"@caridealauto","twitter_site":"@caridealauto","twitter_misc":{"\u00c9crit par":"N.S Carideal","Dur\u00e9e de lecture estim\u00e9e":"2 minutes"},"schema":{"@context":"https:\/\/schema.org","@graph":[{"@type":"Article","@id":"https:\/\/www.carideal.com\/blog\/2012\/10\/05\/configurateur-tarif-citroen-ds3-cabriolet\/#article","isPartOf":{"@id":"https:\/\/www.carideal.com\/blog\/2012\/10\/05\/configurateur-tarif-citroen-ds3-cabriolet\/"},"author":{"name":"N.S Carideal","@id":"https:\/\/www.carideal.com\/blog\/#\/schema\/person\/985c7e757d1042d647f21bfaf8d41ebc"},"headline":"Configurateur Citroen DS3 Cabriolet &#8211; Tarifs","datePublished":"2012-10-05T22:25:00+00:00","dateModified":"2019-09-25T13:53:48+00:00","mainEntityOfPage":{"@id":"https:\/\/www.carideal.com\/blog\/2012\/10\/05\/configurateur-tarif-citroen-ds3-cabriolet\/"},"wordCount":455,"commentCount":0,"publisher":{"@id":"https:\/\/www.carideal.com\/blog\/#organization"},"image":{"@id":"https:\/\/www.carideal.com\/blog\/2012\/10\/05\/configurateur-tarif-citroen-ds3-cabriolet\/#primaryimage"},"thumbnailUrl":"https:\/\/www.carideal.com\/blog\/wp-content\/uploads\/2012\/10\/citroen-ds3-cabriolet-carideal-mandataire-automobile-25_m.jpg","articleSection":["Actualit\u00e9 Citroen","Actualit\u00e9 Constructeur automobile"],"inLanguage":"fr-FR","potentialAction":[{"@type":"CommentAction","name":"Comment","target":["https:\/\/www.carideal.com\/blog\/2012\/10\/05\/configurateur-tarif-citroen-ds3-cabriolet\/#respond"]}]},{"@type":"WebPage","@id":"https:\/\/www.carideal.com\/blog\/2012\/10\/05\/configurateur-tarif-citroen-ds3-cabriolet\/","url":"https:\/\/www.carideal.com\/blog\/2012\/10\/05\/configurateur-tarif-citroen-ds3-cabriolet\/","name":"Configurateur Citroen DS3 Cabriolet - Tarifs - Blog auto Carid\u00e9al","isPartOf":{"@id":"https:\/\/www.carideal.com\/blog\/#website"},"primaryImageOfPage":{"@id":"https:\/\/www.carideal.com\/blog\/2012\/10\/05\/configurateur-tarif-citroen-ds3-cabriolet\/#primaryimage"},"image":{"@id":"https:\/\/www.carideal.com\/blog\/2012\/10\/05\/configurateur-tarif-citroen-ds3-cabriolet\/#primaryimage"},"thumbnailUrl":"https:\/\/www.carideal.com\/blog\/wp-content\/uploads\/2012\/10\/citroen-ds3-cabriolet-carideal-mandataire-automobile-25_m.jpg","datePublished":"2012-10-05T22:25:00+00:00","dateModified":"2019-09-25T13:53:48+00:00","description":"On remarquera l'absence de la motorisation HDI 110 des versions de DS3 Cabriolet sur le configurateur Citroen DS3 Cabriolet","breadcrumb":{"@id":"https:\/\/www.carideal.com\/blog\/2012\/10\/05\/configurateur-tarif-citroen-ds3-cabriolet\/#breadcrumb"},"inLanguage":"fr-FR","potentialAction":[{"@type":"ReadAction","target":["https:\/\/www.carideal.com\/blog\/2012\/10\/05\/configurateur-tarif-citroen-ds3-cabriolet\/"]}]},{"@type":"ImageObject","inLanguage":"fr-FR","@id":"https:\/\/www.carideal.com\/blog\/2012\/10\/05\/configurateur-tarif-citroen-ds3-cabriolet\/#primaryimage","url":"https:\/\/www.carideal.com\/blog\/wp-content\/uploads\/2012\/10\/citroen-ds3-cabriolet-carideal-mandataire-automobile-25_m.jpg","contentUrl":"https:\/\/www.carideal.com\/blog\/wp-content\/uploads\/2012\/10\/citroen-ds3-cabriolet-carideal-mandataire-automobile-25_m.jpg","width":448,"height":298,"caption":"Configurateur Citroen DS3 Cabriolet - Tarifs"},{"@type":"BreadcrumbList","@id":"https:\/\/www.carideal.com\/blog\/2012\/10\/05\/configurateur-tarif-citroen-ds3-cabriolet\/#breadcrumb","itemListElement":[{"@type":"ListItem","position":1,"name":"Blog Carid\u00e9al","item":"https:\/\/www.carideal.com\/blog\/"},{"@type":"ListItem","position":2,"name":"Actualit\u00e9 constructeur automobile","item":"https:\/\/www.carideal.com\/blog\/constructeur\/"},{"@type":"ListItem","position":3,"name":"Actualit\u00e9 Citroen","item":"https:\/\/www.carideal.com\/blog\/constructeur\/citroen\/"},{"@type":"ListItem","position":4,"name":"Configurateur Citroen DS3 Cabriolet &#8211; Tarifs"}]},{"@type":"WebSite","@id":"https:\/\/www.carideal.com\/blog\/#website","url":"https:\/\/www.carideal.com\/blog\/","name":"Blog auto Carid\u00e9al","description":"Actualit\u00e9 auto par des passionn\u00e9s","publisher":{"@id":"https:\/\/www.carideal.com\/blog\/#organization"},"potentialAction":[{"@type":"SearchAction","target":{"@type":"EntryPoint","urlTemplate":"https:\/\/www.carideal.com\/blog\/?s={search_term_string}"},"query-input":{"@type":"PropertyValueSpecification","valueRequired":true,"valueName":"search_term_string"}}],"inLanguage":"fr-FR"},{"@type":"Organization","@id":"https:\/\/www.carideal.com\/blog\/#organization","name":"Carideal","url":"https:\/\/www.carideal.com\/blog\/","logo":{"@type":"ImageObject","inLanguage":"fr-FR","@id":"https:\/\/www.carideal.com\/blog\/#\/schema\/logo\/image\/","url":"http:\/\/www.carideal.com\/blog\/wp-content\/uploads\/2016\/03\/logo-carideal-mandataire-automobile.png","contentUrl":"http:\/\/www.carideal.com\/blog\/wp-content\/uploads\/2016\/03\/logo-carideal-mandataire-automobile.png","width":300,"height":300,"caption":"Carideal"},"image":{"@id":"https:\/\/www.carideal.com\/blog\/#\/schema\/logo\/image\/"},"sameAs":["https:\/\/www.facebook.com\/Carideal.mandataire.automobile","https:\/\/x.com\/caridealauto","https:\/\/www.instagram.com\/carideal1\/","https:\/\/www.linkedin.com\/company\/carideal.com","https:\/\/fr.pinterest.com\/schiavonsas\/","https:\/\/www.youtube.com\/user\/caridealsas"]},{"@type":"Person","@id":"https:\/\/www.carideal.com\/blog\/#\/schema\/person\/985c7e757d1042d647f21bfaf8d41ebc","name":"N.S Carideal","image":{"@type":"ImageObject","inLanguage":"fr-FR","@id":"https:\/\/www.carideal.com\/blog\/#\/schema\/person\/image\/","url":"https:\/\/secure.gravatar.com\/avatar\/edb7ccdf1a4e3d14aef967760d354d0e?s=96&r=g","contentUrl":"https:\/\/secure.gravatar.com\/avatar\/edb7ccdf1a4e3d14aef967760d354d0e?s=96&r=g","caption":"N.S Carideal"},"description":"Depuis tout petit fan d'automobile. Il est question d'essayer et de comparer toutes ces voitures qui nous ont fait r\u00e9ver, avant que celles-ci ne devient uniquement des voitures de collection.","sameAs":["http:\/\/www.carideal.com\/blog","https:\/\/www.facebook.com\/Carideal.mandataire.automobile\/","https:\/\/www.linkedin.com\/in\/nschiavon\/","https:\/\/www.youtube.com\/user\/caridealsas\/"],"url":"https:\/\/www.carideal.com\/blog\/author\/admin_carideal\/"}]}},"uagb_featured_image_src":{"full":["https:\/\/www.carideal.com\/blog\/wp-content\/uploads\/2012\/10\/citroen-ds3-cabriolet-carideal-mandataire-automobile-25_m.jpg",448,298,false],"thumbnail":["https:\/\/www.carideal.com\/blog\/wp-content\/uploads\/2012\/10\/citroen-ds3-cabriolet-carideal-mandataire-automobile-25_m-150x150.jpg",150,150,true],"medium":["https:\/\/www.carideal.com\/blog\/wp-content\/uploads\/2012\/10\/citroen-ds3-cabriolet-carideal-mandataire-automobile-25_m-300x200.jpg",300,200,true],"medium_large":["https:\/\/www.carideal.com\/blog\/wp-content\/uploads\/2012\/10\/citroen-ds3-cabriolet-carideal-mandataire-automobile-25_m.jpg",448,298,false],"large":["https:\/\/www.carideal.com\/blog\/wp-content\/uploads\/2012\/10\/citroen-ds3-cabriolet-carideal-mandataire-automobile-25_m.jpg",448,298,false],"1536x1536":["https:\/\/www.carideal.com\/blog\/wp-content\/uploads\/2012\/10\/citroen-ds3-cabriolet-carideal-mandataire-automobile-25_m.jpg",448,298,false],"2048x2048":["https:\/\/www.carideal.com\/blog\/wp-content\/uploads\/2012\/10\/citroen-ds3-cabriolet-carideal-mandataire-automobile-25_m.jpg",448,298,false],"wppr-widget":["https:\/\/www.carideal.com\/blog\/wp-content\/uploads\/2012\/10\/citroen-ds3-cabriolet-carideal-mandataire-automobile-25_m-50x33.jpg",50,33,true]},"uagb_author_info":{"display_name":"N.S Carideal","author_link":"https:\/\/www.carideal.com\/blog\/author\/admin_carideal\/"},"uagb_comment_info":0,"uagb_excerpt":"Configurateur Citroen DS3 Cabriolet et ses tarifs La petite Citro\u00ebn DS3 vient de faire tomber son toit\u00a0en faveur d'un toit noir souple et bien que le DS3 Cabrio fera pas d'apparition officielle avant le Mondial de l'automobile \u00e0 Paris 2012 en Septembre, Le constructeur\u00a0a opt\u00e9 de r\u00e9v\u00e9ler la liste compl\u00e8te des sp\u00e9cifications un peu en\u2026","_links":{"self":[{"href":"https:\/\/www.carideal.com\/blog\/wp-json\/wp\/v2\/posts\/1198"}],"collection":[{"href":"https:\/\/www.carideal.com\/blog\/wp-json\/wp\/v2\/posts"}],"about":[{"href":"https:\/\/www.carideal.com\/blog\/wp-json\/wp\/v2\/types\/post"}],"author":[{"embeddable":true,"href":"https:\/\/www.carideal.com\/blog\/wp-json\/wp\/v2\/users\/1"}],"replies":[{"embeddable":true,"href":"https:\/\/www.carideal.com\/blog\/wp-json\/wp\/v2\/comments?post=1198"}],"version-history":[{"count":0,"href":"https:\/\/www.carideal.com\/blog\/wp-json\/wp\/v2\/posts\/1198\/revisions"}],"wp:featuredmedia":[{"embeddable":true,"href":"https:\/\/www.carideal.com\/blog\/wp-json\/wp\/v2\/media\/19888"}],"wp:attachment":[{"href":"https:\/\/www.carideal.com\/blog\/wp-json\/wp\/v2\/media?parent=1198"}],"wp:term":[{"taxonomy":"category","embeddable":true,"href":"https:\/\/www.carideal.com\/blog\/wp-json\/wp\/v2\/categories?post=1198"},{"taxonomy":"post_tag","embeddable":true,"href":"https:\/\/www.carideal.com\/blog\/wp-json\/wp\/v2\/tags?post=1198"}],"curies":[{"name":"wp","href":"https:\/\/api.w.org\/{rel}","templated":true}]}}