{"id":1182,"date":"2012-06-29T15:48:00","date_gmt":"2012-06-29T15:48:00","guid":{"rendered":"http:\/\/carideal.com\/blog\/?p=1182"},"modified":"2019-02-07T17:51:04","modified_gmt":"2019-02-07T16:51:04","slug":"suzuki-swift","status":"publish","type":"post","link":"https:\/\/www.carideal.com\/blog\/2012\/06\/29\/suzuki-swift\/","title":{"rendered":"Suzuki Swift Little Marcel"},"content":{"rendered":"<h1><strong>Suzuki Swift Little Marcel<\/strong><\/h1>\n<p><a href=\"http:\/\/www.carideal.com\/blog\/marque-de-voiture-actualites-essais\/suzuki\/\">Suzuki<\/a> commercialise une nouvelle s\u00e9rie sp\u00e9ciale de sa Swift. Bas\u00e9 sur la GLK et pour 300 \u20ac de plus, la <strong>Suzuki Swift\u00a0Little Marcel<\/strong> voit des nouveaux \u00e9quipements arriv\u00e9s ( peinture m\u00e9tallis\u00e9e, d\u00e9coration sp\u00e9cifique sur le toit et les portes bagages et surtapis assortis), soit un avantage client de 700\u20ac. En fusionnant \u00e0 Little Marcel, une marque de pr\u00eat-\u00e0-porter jeune,f\u00e9minine \u00e0 la mode, Suzuki effectue une belle op\u00e9ration de communication et compte ainsi rester dans le panier de force de citadine tendance. La Little Marcel fait continuit\u00e9 aux s\u00e9ries sp\u00e9ciales \"So Color\" et \"GLX Pack\" de la Swift qui r\u00e9int\u00e8grent dans le coup le constructeur nippon sur le march\u00e9 des <a href=\"http:\/\/www.carideal.com\/blog\/2018\/02\/09\/meilleures-citadines-2018\/\">citadines<\/a> en offrant une certaine personnalisation \u00e0 l'image de la <a href=\"http:\/\/www.carideal.com\/blog\/2016\/01\/22\/nouvelle-ds3-2016\/\">DS3<\/a> et autres <a href=\"http:\/\/www.carideal.com\/blog\/2014\/11\/28\/mini-clubman-2015\/\">Mini<\/a>.<\/p>\n","protected":false},"excerpt":{"rendered":"<p>Suzuki Swift Little Marcel Suzuki commercialise une nouvelle s\u00e9rie sp\u00e9ciale de sa Swift. Bas\u00e9 sur la GLK et pour 300 \u20ac de plus, la Suzuki Swift\u00a0Little Marcel voit des nouveaux \u00e9quipements arriv\u00e9s ( peinture m\u00e9tallis\u00e9e, d\u00e9coration sp\u00e9cifique sur le toit et les portes bagages et surtapis assortis), soit un avantage client de 700\u20ac. En fusionnant &#8230; <a title=\"Suzuki Swift Little Marcel\" class=\"read-more\" href=\"https:\/\/www.carideal.com\/blog\/2012\/06\/29\/suzuki-swift\/\" aria-label=\"En savoir plus sur Suzuki Swift Little Marcel\">Lire plus<\/a><\/p>\n","protected":false},"author":1,"featured_media":15042,"comment_status":"open","ping_status":"open","sticky":false,"template":"","format":"standard","meta":{"_uag_custom_page_level_css":"","_themeisle_gutenberg_block_has_review":false,"footnotes":""},"categories":[5944,6145,6022,5974],"tags":[2723],"class_list":["post-1182","post","type-post","status-publish","format-standard","has-post-thumbnail","hentry","category-constructeur","category-suzuki","category-microcar","category-type-de-vehicule","tag-serie-speciale"],"wppr_data":{"cwp_meta_box_check":"No"},"yoast_head":"<!-- This site is optimized with the Yoast SEO plugin v24.8.1 - https:\/\/yoast.com\/wordpress\/plugins\/seo\/ -->\n<title>Suzuki Swift Little Marcel - Blog auto Carid\u00e9al<\/title>\n<meta name=\"robots\" content=\"noindex, follow\" \/>\n<meta property=\"og:locale\" content=\"fr_FR\" \/>\n<meta property=\"og:type\" content=\"article\" \/>\n<meta property=\"og:title\" content=\"Suzuki Swift Little Marcel - Blog auto Carid\u00e9al\" \/>\n<meta property=\"og:description\" content=\"Suzuki Swift Little Marcel Suzuki commercialise une nouvelle s\u00e9rie sp\u00e9ciale de sa Swift. Bas\u00e9 sur la GLK et pour 300 \u20ac de plus, la Suzuki Swift\u00a0Little Marcel voit des nouveaux \u00e9quipements arriv\u00e9s ( peinture m\u00e9tallis\u00e9e, d\u00e9coration sp\u00e9cifique sur le toit et les portes bagages et surtapis assortis), soit un avantage client de 700\u20ac. En fusionnant ... Lire plus\" \/>\n<meta property=\"og:url\" content=\"https:\/\/www.carideal.com\/blog\/2012\/06\/29\/suzuki-swift\/\" \/>\n<meta property=\"og:site_name\" content=\"Blog auto Carid\u00e9al\" \/>\n<meta property=\"article:publisher\" content=\"https:\/\/www.facebook.com\/Carideal.mandataire.automobile\" \/>\n<meta property=\"article:author\" content=\"https:\/\/www.facebook.com\/Carideal.mandataire.automobile\/\" \/>\n<meta property=\"article:published_time\" content=\"2012-06-29T15:48:00+00:00\" \/>\n<meta property=\"article:modified_time\" content=\"2019-02-07T16:51:04+00:00\" \/>\n<meta property=\"og:image\" content=\"https:\/\/www.carideal.com\/blog\/wp-content\/uploads\/2012\/06\/suzuki-swift-serie-special-carideal_m.jpg\" \/>\n\t<meta property=\"og:image:width\" content=\"448\" \/>\n\t<meta property=\"og:image:height\" content=\"317\" \/>\n\t<meta property=\"og:image:type\" content=\"image\/jpeg\" \/>\n<meta name=\"author\" content=\"N.S Carideal\" \/>\n<meta name=\"twitter:card\" content=\"summary_large_image\" \/>\n<meta name=\"twitter:creator\" content=\"@caridealauto\" \/>\n<meta name=\"twitter:site\" content=\"@caridealauto\" \/>\n<meta name=\"twitter:label1\" content=\"\u00c9crit par\" \/>\n\t<meta name=\"twitter:data1\" content=\"N.S Carideal\" \/>\n\t<meta name=\"twitter:label2\" content=\"Dur\u00e9e de lecture estim\u00e9e\" \/>\n\t<meta name=\"twitter:data2\" content=\"1 minute\" \/>\n<script type=\"application\/ld+json\" class=\"yoast-schema-graph\">{\"@context\":\"https:\/\/schema.org\",\"@graph\":[{\"@type\":\"Article\",\"@id\":\"https:\/\/www.carideal.com\/blog\/2012\/06\/29\/suzuki-swift\/#article\",\"isPartOf\":{\"@id\":\"https:\/\/www.carideal.com\/blog\/2012\/06\/29\/suzuki-swift\/\"},\"author\":{\"name\":\"N.S Carideal\",\"@id\":\"https:\/\/www.carideal.com\/blog\/#\/schema\/person\/985c7e757d1042d647f21bfaf8d41ebc\"},\"headline\":\"Suzuki Swift Little Marcel\",\"datePublished\":\"2012-06-29T15:48:00+00:00\",\"dateModified\":\"2019-02-07T16:51:04+00:00\",\"mainEntityOfPage\":{\"@id\":\"https:\/\/www.carideal.com\/blog\/2012\/06\/29\/suzuki-swift\/\"},\"wordCount\":141,\"commentCount\":0,\"publisher\":{\"@id\":\"https:\/\/www.carideal.com\/blog\/#organization\"},\"image\":{\"@id\":\"https:\/\/www.carideal.com\/blog\/2012\/06\/29\/suzuki-swift\/#primaryimage\"},\"thumbnailUrl\":\"https:\/\/www.carideal.com\/blog\/wp-content\/uploads\/2012\/06\/suzuki-swift-serie-special-carideal_m.jpg\",\"keywords\":[\"S\u00e9rie Sp\u00e9ciale\"],\"articleSection\":[\"Actualit\u00e9 Constructeur automobile\",\"Actualit\u00e9 Suzuki\",\"Microcar\",\"Type de v\u00e9hicule\"],\"inLanguage\":\"fr-FR\",\"potentialAction\":[{\"@type\":\"CommentAction\",\"name\":\"Comment\",\"target\":[\"https:\/\/www.carideal.com\/blog\/2012\/06\/29\/suzuki-swift\/#respond\"]}]},{\"@type\":\"WebPage\",\"@id\":\"https:\/\/www.carideal.com\/blog\/2012\/06\/29\/suzuki-swift\/\",\"url\":\"https:\/\/www.carideal.com\/blog\/2012\/06\/29\/suzuki-swift\/\",\"name\":\"Suzuki Swift Little Marcel - Blog auto Carid\u00e9al\",\"isPartOf\":{\"@id\":\"https:\/\/www.carideal.com\/blog\/#website\"},\"primaryImageOfPage\":{\"@id\":\"https:\/\/www.carideal.com\/blog\/2012\/06\/29\/suzuki-swift\/#primaryimage\"},\"image\":{\"@id\":\"https:\/\/www.carideal.com\/blog\/2012\/06\/29\/suzuki-swift\/#primaryimage\"},\"thumbnailUrl\":\"https:\/\/www.carideal.com\/blog\/wp-content\/uploads\/2012\/06\/suzuki-swift-serie-special-carideal_m.jpg\",\"datePublished\":\"2012-06-29T15:48:00+00:00\",\"dateModified\":\"2019-02-07T16:51:04+00:00\",\"breadcrumb\":{\"@id\":\"https:\/\/www.carideal.com\/blog\/2012\/06\/29\/suzuki-swift\/#breadcrumb\"},\"inLanguage\":\"fr-FR\",\"potentialAction\":[{\"@type\":\"ReadAction\",\"target\":[\"https:\/\/www.carideal.com\/blog\/2012\/06\/29\/suzuki-swift\/\"]}]},{\"@type\":\"ImageObject\",\"inLanguage\":\"fr-FR\",\"@id\":\"https:\/\/www.carideal.com\/blog\/2012\/06\/29\/suzuki-swift\/#primaryimage\",\"url\":\"https:\/\/www.carideal.com\/blog\/wp-content\/uploads\/2012\/06\/suzuki-swift-serie-special-carideal_m.jpg\",\"contentUrl\":\"https:\/\/www.carideal.com\/blog\/wp-content\/uploads\/2012\/06\/suzuki-swift-serie-special-carideal_m.jpg\",\"width\":448,\"height\":317,\"caption\":\"Suzuki Swift s\u00e9rie sp\u00e9ciale Little Marcel\"},{\"@type\":\"BreadcrumbList\",\"@id\":\"https:\/\/www.carideal.com\/blog\/2012\/06\/29\/suzuki-swift\/#breadcrumb\",\"itemListElement\":[{\"@type\":\"ListItem\",\"position\":1,\"name\":\"Blog Carid\u00e9al\",\"item\":\"https:\/\/www.carideal.com\/blog\/\"},{\"@type\":\"ListItem\",\"position\":2,\"name\":\"Actualit\u00e9 constructeur automobile\",\"item\":\"https:\/\/www.carideal.com\/blog\/constructeur\/\"},{\"@type\":\"ListItem\",\"position\":3,\"name\":\"Actualit\u00e9 Suzuki\",\"item\":\"https:\/\/www.carideal.com\/blog\/constructeur\/suzuki\/\"},{\"@type\":\"ListItem\",\"position\":4,\"name\":\"Suzuki Swift Little Marcel\"}]},{\"@type\":\"WebSite\",\"@id\":\"https:\/\/www.carideal.com\/blog\/#website\",\"url\":\"https:\/\/www.carideal.com\/blog\/\",\"name\":\"Blog auto Carid\u00e9al\",\"description\":\"Actualit\u00e9 auto par des passionn\u00e9s\",\"publisher\":{\"@id\":\"https:\/\/www.carideal.com\/blog\/#organization\"},\"potentialAction\":[{\"@type\":\"SearchAction\",\"target\":{\"@type\":\"EntryPoint\",\"urlTemplate\":\"https:\/\/www.carideal.com\/blog\/?s={search_term_string}\"},\"query-input\":{\"@type\":\"PropertyValueSpecification\",\"valueRequired\":true,\"valueName\":\"search_term_string\"}}],\"inLanguage\":\"fr-FR\"},{\"@type\":\"Organization\",\"@id\":\"https:\/\/www.carideal.com\/blog\/#organization\",\"name\":\"Carideal\",\"url\":\"https:\/\/www.carideal.com\/blog\/\",\"logo\":{\"@type\":\"ImageObject\",\"inLanguage\":\"fr-FR\",\"@id\":\"https:\/\/www.carideal.com\/blog\/#\/schema\/logo\/image\/\",\"url\":\"http:\/\/www.carideal.com\/blog\/wp-content\/uploads\/2016\/03\/logo-carideal-mandataire-automobile.png\",\"contentUrl\":\"http:\/\/www.carideal.com\/blog\/wp-content\/uploads\/2016\/03\/logo-carideal-mandataire-automobile.png\",\"width\":300,\"height\":300,\"caption\":\"Carideal\"},\"image\":{\"@id\":\"https:\/\/www.carideal.com\/blog\/#\/schema\/logo\/image\/\"},\"sameAs\":[\"https:\/\/www.facebook.com\/Carideal.mandataire.automobile\",\"https:\/\/x.com\/caridealauto\",\"https:\/\/www.instagram.com\/carideal1\/\",\"https:\/\/www.linkedin.com\/company\/carideal.com\",\"https:\/\/fr.pinterest.com\/schiavonsas\/\",\"https:\/\/www.youtube.com\/user\/caridealsas\"]},{\"@type\":\"Person\",\"@id\":\"https:\/\/www.carideal.com\/blog\/#\/schema\/person\/985c7e757d1042d647f21bfaf8d41ebc\",\"name\":\"N.S Carideal\",\"image\":{\"@type\":\"ImageObject\",\"inLanguage\":\"fr-FR\",\"@id\":\"https:\/\/www.carideal.com\/blog\/#\/schema\/person\/image\/\",\"url\":\"https:\/\/secure.gravatar.com\/avatar\/edb7ccdf1a4e3d14aef967760d354d0e?s=96&r=g\",\"contentUrl\":\"https:\/\/secure.gravatar.com\/avatar\/edb7ccdf1a4e3d14aef967760d354d0e?s=96&r=g\",\"caption\":\"N.S Carideal\"},\"description\":\"Depuis tout petit fan d'automobile. Il est question d'essayer et de comparer toutes ces voitures qui nous ont fait r\u00e9ver, avant que celles-ci ne devient uniquement des voitures de collection.\",\"sameAs\":[\"http:\/\/www.carideal.com\/blog\",\"https:\/\/www.facebook.com\/Carideal.mandataire.automobile\/\",\"https:\/\/www.linkedin.com\/in\/nschiavon\/\",\"https:\/\/www.youtube.com\/user\/caridealsas\/\"],\"url\":\"https:\/\/www.carideal.com\/blog\/author\/admin_carideal\/\"}]}<\/script>\n<!-- \/ Yoast SEO plugin. -->","yoast_head_json":{"title":"Suzuki Swift Little Marcel - Blog auto Carid\u00e9al","robots":{"index":"noindex","follow":"follow"},"og_locale":"fr_FR","og_type":"article","og_title":"Suzuki Swift Little Marcel - Blog auto Carid\u00e9al","og_description":"Suzuki Swift Little Marcel Suzuki commercialise une nouvelle s\u00e9rie sp\u00e9ciale de sa Swift. Bas\u00e9 sur la GLK et pour 300 \u20ac de plus, la Suzuki Swift\u00a0Little Marcel voit des nouveaux \u00e9quipements arriv\u00e9s ( peinture m\u00e9tallis\u00e9e, d\u00e9coration sp\u00e9cifique sur le toit et les portes bagages et surtapis assortis), soit un avantage client de 700\u20ac. En fusionnant ... Lire plus","og_url":"https:\/\/www.carideal.com\/blog\/2012\/06\/29\/suzuki-swift\/","og_site_name":"Blog auto Carid\u00e9al","article_publisher":"https:\/\/www.facebook.com\/Carideal.mandataire.automobile","article_author":"https:\/\/www.facebook.com\/Carideal.mandataire.automobile\/","article_published_time":"2012-06-29T15:48:00+00:00","article_modified_time":"2019-02-07T16:51:04+00:00","og_image":[{"width":448,"height":317,"url":"https:\/\/www.carideal.com\/blog\/wp-content\/uploads\/2012\/06\/suzuki-swift-serie-special-carideal_m.jpg","type":"image\/jpeg"}],"author":"N.S Carideal","twitter_card":"summary_large_image","twitter_creator":"@caridealauto","twitter_site":"@caridealauto","twitter_misc":{"\u00c9crit par":"N.S Carideal","Dur\u00e9e de lecture estim\u00e9e":"1 minute"},"schema":{"@context":"https:\/\/schema.org","@graph":[{"@type":"Article","@id":"https:\/\/www.carideal.com\/blog\/2012\/06\/29\/suzuki-swift\/#article","isPartOf":{"@id":"https:\/\/www.carideal.com\/blog\/2012\/06\/29\/suzuki-swift\/"},"author":{"name":"N.S Carideal","@id":"https:\/\/www.carideal.com\/blog\/#\/schema\/person\/985c7e757d1042d647f21bfaf8d41ebc"},"headline":"Suzuki Swift Little Marcel","datePublished":"2012-06-29T15:48:00+00:00","dateModified":"2019-02-07T16:51:04+00:00","mainEntityOfPage":{"@id":"https:\/\/www.carideal.com\/blog\/2012\/06\/29\/suzuki-swift\/"},"wordCount":141,"commentCount":0,"publisher":{"@id":"https:\/\/www.carideal.com\/blog\/#organization"},"image":{"@id":"https:\/\/www.carideal.com\/blog\/2012\/06\/29\/suzuki-swift\/#primaryimage"},"thumbnailUrl":"https:\/\/www.carideal.com\/blog\/wp-content\/uploads\/2012\/06\/suzuki-swift-serie-special-carideal_m.jpg","keywords":["S\u00e9rie Sp\u00e9ciale"],"articleSection":["Actualit\u00e9 Constructeur automobile","Actualit\u00e9 Suzuki","Microcar","Type de v\u00e9hicule"],"inLanguage":"fr-FR","potentialAction":[{"@type":"CommentAction","name":"Comment","target":["https:\/\/www.carideal.com\/blog\/2012\/06\/29\/suzuki-swift\/#respond"]}]},{"@type":"WebPage","@id":"https:\/\/www.carideal.com\/blog\/2012\/06\/29\/suzuki-swift\/","url":"https:\/\/www.carideal.com\/blog\/2012\/06\/29\/suzuki-swift\/","name":"Suzuki Swift Little Marcel - Blog auto Carid\u00e9al","isPartOf":{"@id":"https:\/\/www.carideal.com\/blog\/#website"},"primaryImageOfPage":{"@id":"https:\/\/www.carideal.com\/blog\/2012\/06\/29\/suzuki-swift\/#primaryimage"},"image":{"@id":"https:\/\/www.carideal.com\/blog\/2012\/06\/29\/suzuki-swift\/#primaryimage"},"thumbnailUrl":"https:\/\/www.carideal.com\/blog\/wp-content\/uploads\/2012\/06\/suzuki-swift-serie-special-carideal_m.jpg","datePublished":"2012-06-29T15:48:00+00:00","dateModified":"2019-02-07T16:51:04+00:00","breadcrumb":{"@id":"https:\/\/www.carideal.com\/blog\/2012\/06\/29\/suzuki-swift\/#breadcrumb"},"inLanguage":"fr-FR","potentialAction":[{"@type":"ReadAction","target":["https:\/\/www.carideal.com\/blog\/2012\/06\/29\/suzuki-swift\/"]}]},{"@type":"ImageObject","inLanguage":"fr-FR","@id":"https:\/\/www.carideal.com\/blog\/2012\/06\/29\/suzuki-swift\/#primaryimage","url":"https:\/\/www.carideal.com\/blog\/wp-content\/uploads\/2012\/06\/suzuki-swift-serie-special-carideal_m.jpg","contentUrl":"https:\/\/www.carideal.com\/blog\/wp-content\/uploads\/2012\/06\/suzuki-swift-serie-special-carideal_m.jpg","width":448,"height":317,"caption":"Suzuki Swift s\u00e9rie sp\u00e9ciale Little Marcel"},{"@type":"BreadcrumbList","@id":"https:\/\/www.carideal.com\/blog\/2012\/06\/29\/suzuki-swift\/#breadcrumb","itemListElement":[{"@type":"ListItem","position":1,"name":"Blog Carid\u00e9al","item":"https:\/\/www.carideal.com\/blog\/"},{"@type":"ListItem","position":2,"name":"Actualit\u00e9 constructeur automobile","item":"https:\/\/www.carideal.com\/blog\/constructeur\/"},{"@type":"ListItem","position":3,"name":"Actualit\u00e9 Suzuki","item":"https:\/\/www.carideal.com\/blog\/constructeur\/suzuki\/"},{"@type":"ListItem","position":4,"name":"Suzuki Swift Little Marcel"}]},{"@type":"WebSite","@id":"https:\/\/www.carideal.com\/blog\/#website","url":"https:\/\/www.carideal.com\/blog\/","name":"Blog auto Carid\u00e9al","description":"Actualit\u00e9 auto par des passionn\u00e9s","publisher":{"@id":"https:\/\/www.carideal.com\/blog\/#organization"},"potentialAction":[{"@type":"SearchAction","target":{"@type":"EntryPoint","urlTemplate":"https:\/\/www.carideal.com\/blog\/?s={search_term_string}"},"query-input":{"@type":"PropertyValueSpecification","valueRequired":true,"valueName":"search_term_string"}}],"inLanguage":"fr-FR"},{"@type":"Organization","@id":"https:\/\/www.carideal.com\/blog\/#organization","name":"Carideal","url":"https:\/\/www.carideal.com\/blog\/","logo":{"@type":"ImageObject","inLanguage":"fr-FR","@id":"https:\/\/www.carideal.com\/blog\/#\/schema\/logo\/image\/","url":"http:\/\/www.carideal.com\/blog\/wp-content\/uploads\/2016\/03\/logo-carideal-mandataire-automobile.png","contentUrl":"http:\/\/www.carideal.com\/blog\/wp-content\/uploads\/2016\/03\/logo-carideal-mandataire-automobile.png","width":300,"height":300,"caption":"Carideal"},"image":{"@id":"https:\/\/www.carideal.com\/blog\/#\/schema\/logo\/image\/"},"sameAs":["https:\/\/www.facebook.com\/Carideal.mandataire.automobile","https:\/\/x.com\/caridealauto","https:\/\/www.instagram.com\/carideal1\/","https:\/\/www.linkedin.com\/company\/carideal.com","https:\/\/fr.pinterest.com\/schiavonsas\/","https:\/\/www.youtube.com\/user\/caridealsas"]},{"@type":"Person","@id":"https:\/\/www.carideal.com\/blog\/#\/schema\/person\/985c7e757d1042d647f21bfaf8d41ebc","name":"N.S Carideal","image":{"@type":"ImageObject","inLanguage":"fr-FR","@id":"https:\/\/www.carideal.com\/blog\/#\/schema\/person\/image\/","url":"https:\/\/secure.gravatar.com\/avatar\/edb7ccdf1a4e3d14aef967760d354d0e?s=96&r=g","contentUrl":"https:\/\/secure.gravatar.com\/avatar\/edb7ccdf1a4e3d14aef967760d354d0e?s=96&r=g","caption":"N.S Carideal"},"description":"Depuis tout petit fan d'automobile. Il est question d'essayer et de comparer toutes ces voitures qui nous ont fait r\u00e9ver, avant que celles-ci ne devient uniquement des voitures de collection.","sameAs":["http:\/\/www.carideal.com\/blog","https:\/\/www.facebook.com\/Carideal.mandataire.automobile\/","https:\/\/www.linkedin.com\/in\/nschiavon\/","https:\/\/www.youtube.com\/user\/caridealsas\/"],"url":"https:\/\/www.carideal.com\/blog\/author\/admin_carideal\/"}]}},"uagb_featured_image_src":{"full":["https:\/\/www.carideal.com\/blog\/wp-content\/uploads\/2012\/06\/suzuki-swift-serie-special-carideal_m.jpg",448,317,false],"thumbnail":["https:\/\/www.carideal.com\/blog\/wp-content\/uploads\/2012\/06\/suzuki-swift-serie-special-carideal_m-150x150.jpg",150,150,true],"medium":["https:\/\/www.carideal.com\/blog\/wp-content\/uploads\/2012\/06\/suzuki-swift-serie-special-carideal_m-300x212.jpg",300,212,true],"medium_large":["https:\/\/www.carideal.com\/blog\/wp-content\/uploads\/2012\/06\/suzuki-swift-serie-special-carideal_m.jpg",448,317,false],"large":["https:\/\/www.carideal.com\/blog\/wp-content\/uploads\/2012\/06\/suzuki-swift-serie-special-carideal_m.jpg",448,317,false],"1536x1536":["https:\/\/www.carideal.com\/blog\/wp-content\/uploads\/2012\/06\/suzuki-swift-serie-special-carideal_m.jpg",448,317,false],"2048x2048":["https:\/\/www.carideal.com\/blog\/wp-content\/uploads\/2012\/06\/suzuki-swift-serie-special-carideal_m.jpg",448,317,false],"wppr-widget":["https:\/\/www.carideal.com\/blog\/wp-content\/uploads\/2012\/06\/suzuki-swift-serie-special-carideal_m.jpg",50,35,false]},"uagb_author_info":{"display_name":"N.S Carideal","author_link":"https:\/\/www.carideal.com\/blog\/author\/admin_carideal\/"},"uagb_comment_info":0,"uagb_excerpt":"Suzuki Swift Little Marcel Suzuki commercialise une nouvelle s\u00e9rie sp\u00e9ciale de sa Swift. Bas\u00e9 sur la GLK et pour 300 \u20ac de plus, la Suzuki Swift\u00a0Little Marcel voit des nouveaux \u00e9quipements arriv\u00e9s ( peinture m\u00e9tallis\u00e9e, d\u00e9coration sp\u00e9cifique sur le toit et les portes bagages et surtapis assortis), soit un avantage client de 700\u20ac. En fusionnant\u2026","_links":{"self":[{"href":"https:\/\/www.carideal.com\/blog\/wp-json\/wp\/v2\/posts\/1182"}],"collection":[{"href":"https:\/\/www.carideal.com\/blog\/wp-json\/wp\/v2\/posts"}],"about":[{"href":"https:\/\/www.carideal.com\/blog\/wp-json\/wp\/v2\/types\/post"}],"author":[{"embeddable":true,"href":"https:\/\/www.carideal.com\/blog\/wp-json\/wp\/v2\/users\/1"}],"replies":[{"embeddable":true,"href":"https:\/\/www.carideal.com\/blog\/wp-json\/wp\/v2\/comments?post=1182"}],"version-history":[{"count":0,"href":"https:\/\/www.carideal.com\/blog\/wp-json\/wp\/v2\/posts\/1182\/revisions"}],"wp:featuredmedia":[{"embeddable":true,"href":"https:\/\/www.carideal.com\/blog\/wp-json\/wp\/v2\/media\/15042"}],"wp:attachment":[{"href":"https:\/\/www.carideal.com\/blog\/wp-json\/wp\/v2\/media?parent=1182"}],"wp:term":[{"taxonomy":"category","embeddable":true,"href":"https:\/\/www.carideal.com\/blog\/wp-json\/wp\/v2\/categories?post=1182"},{"taxonomy":"post_tag","embeddable":true,"href":"https:\/\/www.carideal.com\/blog\/wp-json\/wp\/v2\/tags?post=1182"}],"curies":[{"name":"wp","href":"https:\/\/api.w.org\/{rel}","templated":true}]}}