{"id":1180,"date":"2012-06-29T10:50:00","date_gmt":"2012-06-29T10:50:00","guid":{"rendered":"http:\/\/carideal.com\/blog\/?p=1180"},"modified":"2020-02-05T17:08:07","modified_gmt":"2020-02-05T16:08:07","slug":"citroen-berlingo-multispace","status":"publish","type":"post","link":"https:\/\/www.carideal.com\/blog\/2012\/06\/29\/citroen-berlingo-multispace\/","title":{"rendered":"CITROEN BERLINGO MULTISPACE"},"content":{"rendered":"<h2>CITROEN BERLINGO MULTISPACE<\/h2>\n<p>Malgr\u00e9 le restylage le <a href=\"http:\/\/www.carideal.com\/blog\/marque-de-voiture-actualites-essais\/citroen\/berlingo\/\">Citroen Berlingo<\/a> garde cette ligne cubique et un faux aire de camionnette. Aussi ce volant un peu trop horizontal, ce levier de vitesse sur\u00e9lev\u00e9, ou cette planche de bord aux plastiques peu valorisants. Mais apr\u00e8s avoir v\u00e9cu avec le Berlingo durant plusieurs jours, il faudrait \u00eatre de mauvaise foi pour l'estimer comme un simple d\u00e9riv\u00e9 d'utilitaire.<\/p>\n<figure id=\"attachment_21608\" aria-describedby=\"caption-attachment-21608\" style=\"width: 438px\" class=\"wp-caption aligncenter\"><img loading=\"lazy\" decoding=\"async\" class=\"size-full wp-image-21608\" src=\"http:\/\/www.carideal.com\/blog\/wp-content\/uploads\/2012\/06\/Citroen-berlingo-carideal_m.jpg\" alt=\"CITROEN BERLINGO MULTISPACE\" width=\"448\" height=\"334\" srcset=\"https:\/\/www.carideal.com\/blog\/wp-content\/uploads\/2012\/06\/Citroen-berlingo-carideal_m.jpg 448w, https:\/\/www.carideal.com\/blog\/wp-content\/uploads\/2012\/06\/Citroen-berlingo-carideal_m-300x224.jpg 300w, https:\/\/www.carideal.com\/blog\/wp-content\/uploads\/2012\/06\/Citroen-berlingo-carideal_m-50x37.jpg 50w, https:\/\/www.carideal.com\/blog\/wp-content\/uploads\/2012\/06\/Citroen-berlingo-carideal_m-110x82.jpg 110w, https:\/\/www.carideal.com\/blog\/wp-content\/uploads\/2012\/06\/Citroen-berlingo-carideal_m-420x313.jpg 420w\" sizes=\"(max-width: 448px) 100vw, 448px\" \/><figcaption id=\"caption-attachment-21608\" class=\"wp-caption-text\">CITROEN BERLINGO MULTISPACE<\/figcaption><\/figure>\n<p>\u00c0 conduire ainsi, il n'a rien \u00e0 envier au vrai <a href=\"http:\/\/www.carideal.com\/blog\/2018\/01\/28\/meilleurs-monospaces-2018\/\">monospace<\/a> de la gamme, le <a href=\"http:\/\/www.carideal.com\/blog\/2016\/05\/09\/nouveaux-citroen-c4-picasso-2016\/\">C4 Picasso<\/a>. Le confort est doux, l'\u00e9quilibre sain,l'adh\u00e9rence correcte m\u00eame sous la pluie. Le HDI de 115ch lui offre des performances consid\u00e9rable peu importe le niveau de charge, reste exempt de vibrations et le bruit de l'acc\u00e9l\u00e9ration augmente peu.<\/p>\n<p>Le seul remarque vient de la bo\u00eete de vitesse, \u00e0 cinq rapports au lieu de six : elle laisse fonctionner le diesel au-del\u00e0 de 3000 tr\/min \u00e0 130 km\/h, ce qui affecte l\u00e9g\u00e8rement le niveau sonore et la consommation (relev\u00e9e \u00e0 7.5l \u00e0 l'ordinateur de bord) lors des grands parcours sur autoroute.C'est ensuite l'espace int\u00e9rieur qui captive.<\/p>\n<p>L'\u00e9norme garde au toit permet d'intensifier les rangements au plafond au travers d'une vaste capucine \u00e0 l'arri\u00e8re et, si l'option Modubox est acheter (750\u20ac), d'un tunnel type aviation entour\u00e9 de hublots. D'autres cachettes sont \u00e0 d\u00e9couvir : trappes situ\u00e9es dans le plancher \u00e0 l'arri\u00e8re, tiroir sous le si\u00e8ge conducteur, bo\u00eete \u00e0 gants sup\u00e9rieur et grand vide-poches central permettent d'accumuler du \"bazar\".<\/p>\n<p>Quant au volume de coffre, il ridiculise celui des monospaces classiques : 675L en cinq places, et jusqu'\u00e0 3000L en retirant les trois si\u00e8ges arri\u00e8re\u202f! L'op\u00e9ration est peu pratique (ils ne rabattent pas sous le plancher), mais d\u00e9m\u00e9nager chaque week-end est inhabituel.<\/p>\n<p>Devant ces arguments, nous \u00e9tions presque pr\u00eats \u00e0 excuser au Berlingo des anomalies li\u00e9s \u00e0 sa carri\u00e8re utilitaire : vitres arri\u00e8re simplement entreba\u00eellantes, si\u00e8ges lat\u00e9raux trop pr\u00e8s des flancs pour les adultes et un hayon tr\u00e8s haut, qui veut un recul important pour pouvoir l'ouvrir sans risque.<\/p>\n<p>\u00c0 ce tarif h\u00e9las, ils deviennent moins excusables : il faut compter 23850\u20ac pour ce diesel HDI de 115ch enrob\u00e9 de la finition Exclusive. Ceci n'emp\u00eache pas le Berlingo haut de gamme de facturer en plus l'antid\u00e9rapage ESP, le kit mains libres Bluetooth, la prise USB ou les jantes en alliage. Pour l'histoire, sachez que notre mod\u00e8le d'essai, fourni en options, d\u00e9passait les 27000\u20ac.<\/p>\n","protected":false},"excerpt":{"rendered":"<p>CITROEN BERLINGO MULTISPACE Malgr\u00e9 le restylage le Citroen Berlingo garde cette ligne cubique et un faux aire de camionnette. Aussi ce volant un peu trop horizontal, ce levier de vitesse sur\u00e9lev\u00e9, ou cette planche de bord aux plastiques peu valorisants. Mais apr\u00e8s avoir v\u00e9cu avec le Berlingo durant plusieurs jours, il faudrait \u00eatre de mauvaise &#8230; <a title=\"CITROEN BERLINGO MULTISPACE\" class=\"read-more\" href=\"https:\/\/www.carideal.com\/blog\/2012\/06\/29\/citroen-berlingo-multispace\/\" aria-label=\"En savoir plus sur CITROEN BERLINGO MULTISPACE\">Lire plus<\/a><\/p>\n","protected":false},"author":1,"featured_media":21608,"comment_status":"open","ping_status":"open","sticky":false,"template":"","format":"standard","meta":{"_uag_custom_page_level_css":"","_themeisle_gutenberg_block_has_review":false,"footnotes":""},"categories":[5,17189],"tags":[2120],"class_list":["post-1180","post","type-post","status-publish","format-standard","has-post-thumbnail","hentry","category-citroen","category-actualites-citroen-berlingo","tag-restylage"],"wppr_data":{"cwp_meta_box_check":"No"},"yoast_head":"<!-- This site is optimized with the Yoast SEO plugin v24.8.1 - https:\/\/yoast.com\/wordpress\/plugins\/seo\/ -->\n<title>CITROEN BERLINGO MULTISPACE - Blog auto Carid\u00e9al<\/title>\n<meta name=\"description\" content=\"Malgr\u00e9 le restylage le Citroen Berlingo garde cette ligne cubique et un faux aire de camionnette. Aussi ce volant un peu trop horizontal, ce levier de vitesse sur\u00e9lev\u00e9, ou cette planche de bord aux plastiques peu valorisants.\" \/>\n<meta name=\"robots\" content=\"index, follow, max-snippet:-1, max-image-preview:large, max-video-preview:-1\" \/>\n<link rel=\"canonical\" href=\"https:\/\/www.carideal.com\/blog\/2012\/06\/29\/citroen-berlingo-multispace\/\" \/>\n<meta property=\"og:locale\" content=\"fr_FR\" \/>\n<meta property=\"og:type\" content=\"article\" \/>\n<meta property=\"og:title\" content=\"CITROEN BERLINGO MULTISPACE - Blog auto Carid\u00e9al\" \/>\n<meta property=\"og:description\" content=\"Malgr\u00e9 le restylage le Citroen Berlingo garde cette ligne cubique et un faux aire de camionnette. Aussi ce volant un peu trop horizontal, ce levier de vitesse sur\u00e9lev\u00e9, ou cette planche de bord aux plastiques peu valorisants.\" \/>\n<meta property=\"og:url\" content=\"https:\/\/www.carideal.com\/blog\/2012\/06\/29\/citroen-berlingo-multispace\/\" \/>\n<meta property=\"og:site_name\" content=\"Blog auto Carid\u00e9al\" \/>\n<meta property=\"article:publisher\" content=\"https:\/\/www.facebook.com\/Carideal.mandataire.automobile\" \/>\n<meta property=\"article:author\" content=\"https:\/\/www.facebook.com\/Carideal.mandataire.automobile\/\" \/>\n<meta property=\"article:published_time\" content=\"2012-06-29T10:50:00+00:00\" \/>\n<meta property=\"article:modified_time\" content=\"2020-02-05T16:08:07+00:00\" \/>\n<meta property=\"og:image\" content=\"https:\/\/www.carideal.com\/blog\/wp-content\/uploads\/2012\/06\/Citroen-berlingo-carideal_m.jpg\" \/>\n\t<meta property=\"og:image:width\" content=\"448\" \/>\n\t<meta property=\"og:image:height\" content=\"334\" \/>\n\t<meta property=\"og:image:type\" content=\"image\/jpeg\" \/>\n<meta name=\"author\" content=\"N.S Carideal\" \/>\n<meta name=\"twitter:card\" content=\"summary_large_image\" \/>\n<meta name=\"twitter:creator\" content=\"@caridealauto\" \/>\n<meta name=\"twitter:site\" content=\"@caridealauto\" \/>\n<meta name=\"twitter:label1\" content=\"\u00c9crit par\" \/>\n\t<meta name=\"twitter:data1\" content=\"N.S Carideal\" \/>\n\t<meta name=\"twitter:label2\" content=\"Dur\u00e9e de lecture estim\u00e9e\" \/>\n\t<meta name=\"twitter:data2\" content=\"2 minutes\" \/>\n<script type=\"application\/ld+json\" class=\"yoast-schema-graph\">{\"@context\":\"https:\/\/schema.org\",\"@graph\":[{\"@type\":\"Article\",\"@id\":\"https:\/\/www.carideal.com\/blog\/2012\/06\/29\/citroen-berlingo-multispace\/#article\",\"isPartOf\":{\"@id\":\"https:\/\/www.carideal.com\/blog\/2012\/06\/29\/citroen-berlingo-multispace\/\"},\"author\":{\"name\":\"N.S Carideal\",\"@id\":\"https:\/\/www.carideal.com\/blog\/#\/schema\/person\/985c7e757d1042d647f21bfaf8d41ebc\"},\"headline\":\"CITROEN BERLINGO MULTISPACE\",\"datePublished\":\"2012-06-29T10:50:00+00:00\",\"dateModified\":\"2020-02-05T16:08:07+00:00\",\"mainEntityOfPage\":{\"@id\":\"https:\/\/www.carideal.com\/blog\/2012\/06\/29\/citroen-berlingo-multispace\/\"},\"wordCount\":424,\"commentCount\":0,\"publisher\":{\"@id\":\"https:\/\/www.carideal.com\/blog\/#organization\"},\"image\":{\"@id\":\"https:\/\/www.carideal.com\/blog\/2012\/06\/29\/citroen-berlingo-multispace\/#primaryimage\"},\"thumbnailUrl\":\"https:\/\/www.carideal.com\/blog\/wp-content\/uploads\/2012\/06\/Citroen-berlingo-carideal_m.jpg\",\"keywords\":[\"restylage\"],\"articleSection\":[\"Actualit\u00e9 Citroen\",\"Actualit\u00e9s Citroen Berlingo\"],\"inLanguage\":\"fr-FR\",\"potentialAction\":[{\"@type\":\"CommentAction\",\"name\":\"Comment\",\"target\":[\"https:\/\/www.carideal.com\/blog\/2012\/06\/29\/citroen-berlingo-multispace\/#respond\"]}]},{\"@type\":\"WebPage\",\"@id\":\"https:\/\/www.carideal.com\/blog\/2012\/06\/29\/citroen-berlingo-multispace\/\",\"url\":\"https:\/\/www.carideal.com\/blog\/2012\/06\/29\/citroen-berlingo-multispace\/\",\"name\":\"CITROEN BERLINGO MULTISPACE - Blog auto Carid\u00e9al\",\"isPartOf\":{\"@id\":\"https:\/\/www.carideal.com\/blog\/#website\"},\"primaryImageOfPage\":{\"@id\":\"https:\/\/www.carideal.com\/blog\/2012\/06\/29\/citroen-berlingo-multispace\/#primaryimage\"},\"image\":{\"@id\":\"https:\/\/www.carideal.com\/blog\/2012\/06\/29\/citroen-berlingo-multispace\/#primaryimage\"},\"thumbnailUrl\":\"https:\/\/www.carideal.com\/blog\/wp-content\/uploads\/2012\/06\/Citroen-berlingo-carideal_m.jpg\",\"datePublished\":\"2012-06-29T10:50:00+00:00\",\"dateModified\":\"2020-02-05T16:08:07+00:00\",\"description\":\"Malgr\u00e9 le restylage le Citroen Berlingo garde cette ligne cubique et un faux aire de camionnette. Aussi ce volant un peu trop horizontal, ce levier de vitesse sur\u00e9lev\u00e9, ou cette planche de bord aux plastiques peu valorisants.\",\"breadcrumb\":{\"@id\":\"https:\/\/www.carideal.com\/blog\/2012\/06\/29\/citroen-berlingo-multispace\/#breadcrumb\"},\"inLanguage\":\"fr-FR\",\"potentialAction\":[{\"@type\":\"ReadAction\",\"target\":[\"https:\/\/www.carideal.com\/blog\/2012\/06\/29\/citroen-berlingo-multispace\/\"]}]},{\"@type\":\"ImageObject\",\"inLanguage\":\"fr-FR\",\"@id\":\"https:\/\/www.carideal.com\/blog\/2012\/06\/29\/citroen-berlingo-multispace\/#primaryimage\",\"url\":\"https:\/\/www.carideal.com\/blog\/wp-content\/uploads\/2012\/06\/Citroen-berlingo-carideal_m.jpg\",\"contentUrl\":\"https:\/\/www.carideal.com\/blog\/wp-content\/uploads\/2012\/06\/Citroen-berlingo-carideal_m.jpg\",\"width\":448,\"height\":334,\"caption\":\"CITROEN BERLINGO MULTISPACE\"},{\"@type\":\"BreadcrumbList\",\"@id\":\"https:\/\/www.carideal.com\/blog\/2012\/06\/29\/citroen-berlingo-multispace\/#breadcrumb\",\"itemListElement\":[{\"@type\":\"ListItem\",\"position\":1,\"name\":\"Blog Carid\u00e9al\",\"item\":\"https:\/\/www.carideal.com\/blog\/\"},{\"@type\":\"ListItem\",\"position\":2,\"name\":\"Actualit\u00e9 constructeur automobile\",\"item\":\"https:\/\/www.carideal.com\/blog\/constructeur\/\"},{\"@type\":\"ListItem\",\"position\":3,\"name\":\"Actualit\u00e9 Citroen\",\"item\":\"https:\/\/www.carideal.com\/blog\/constructeur\/citroen\/\"},{\"@type\":\"ListItem\",\"position\":4,\"name\":\"Actualit\u00e9s Citroen Berlingo\",\"item\":\"https:\/\/www.carideal.com\/blog\/constructeur\/citroen\/actualites-citroen-berlingo\/\"},{\"@type\":\"ListItem\",\"position\":5,\"name\":\"CITROEN BERLINGO MULTISPACE\"}]},{\"@type\":\"WebSite\",\"@id\":\"https:\/\/www.carideal.com\/blog\/#website\",\"url\":\"https:\/\/www.carideal.com\/blog\/\",\"name\":\"Blog auto Carid\u00e9al\",\"description\":\"Actualit\u00e9 auto par des passionn\u00e9s\",\"publisher\":{\"@id\":\"https:\/\/www.carideal.com\/blog\/#organization\"},\"potentialAction\":[{\"@type\":\"SearchAction\",\"target\":{\"@type\":\"EntryPoint\",\"urlTemplate\":\"https:\/\/www.carideal.com\/blog\/?s={search_term_string}\"},\"query-input\":{\"@type\":\"PropertyValueSpecification\",\"valueRequired\":true,\"valueName\":\"search_term_string\"}}],\"inLanguage\":\"fr-FR\"},{\"@type\":\"Organization\",\"@id\":\"https:\/\/www.carideal.com\/blog\/#organization\",\"name\":\"Carideal\",\"url\":\"https:\/\/www.carideal.com\/blog\/\",\"logo\":{\"@type\":\"ImageObject\",\"inLanguage\":\"fr-FR\",\"@id\":\"https:\/\/www.carideal.com\/blog\/#\/schema\/logo\/image\/\",\"url\":\"http:\/\/www.carideal.com\/blog\/wp-content\/uploads\/2016\/03\/logo-carideal-mandataire-automobile.png\",\"contentUrl\":\"http:\/\/www.carideal.com\/blog\/wp-content\/uploads\/2016\/03\/logo-carideal-mandataire-automobile.png\",\"width\":300,\"height\":300,\"caption\":\"Carideal\"},\"image\":{\"@id\":\"https:\/\/www.carideal.com\/blog\/#\/schema\/logo\/image\/\"},\"sameAs\":[\"https:\/\/www.facebook.com\/Carideal.mandataire.automobile\",\"https:\/\/x.com\/caridealauto\",\"https:\/\/www.instagram.com\/carideal1\/\",\"https:\/\/www.linkedin.com\/company\/carideal.com\",\"https:\/\/fr.pinterest.com\/schiavonsas\/\",\"https:\/\/www.youtube.com\/user\/caridealsas\"]},{\"@type\":\"Person\",\"@id\":\"https:\/\/www.carideal.com\/blog\/#\/schema\/person\/985c7e757d1042d647f21bfaf8d41ebc\",\"name\":\"N.S Carideal\",\"image\":{\"@type\":\"ImageObject\",\"inLanguage\":\"fr-FR\",\"@id\":\"https:\/\/www.carideal.com\/blog\/#\/schema\/person\/image\/\",\"url\":\"https:\/\/secure.gravatar.com\/avatar\/edb7ccdf1a4e3d14aef967760d354d0e?s=96&r=g\",\"contentUrl\":\"https:\/\/secure.gravatar.com\/avatar\/edb7ccdf1a4e3d14aef967760d354d0e?s=96&r=g\",\"caption\":\"N.S Carideal\"},\"description\":\"Depuis tout petit fan d'automobile. Il est question d'essayer et de comparer toutes ces voitures qui nous ont fait r\u00e9ver, avant que celles-ci ne devient uniquement des voitures de collection.\",\"sameAs\":[\"http:\/\/www.carideal.com\/blog\",\"https:\/\/www.facebook.com\/Carideal.mandataire.automobile\/\",\"https:\/\/www.linkedin.com\/in\/nschiavon\/\",\"https:\/\/www.youtube.com\/user\/caridealsas\/\"],\"url\":\"https:\/\/www.carideal.com\/blog\/author\/admin_carideal\/\"}]}<\/script>\n<!-- \/ Yoast SEO plugin. -->","yoast_head_json":{"title":"CITROEN BERLINGO MULTISPACE - Blog auto Carid\u00e9al","description":"Malgr\u00e9 le restylage le Citroen Berlingo garde cette ligne cubique et un faux aire de camionnette. Aussi ce volant un peu trop horizontal, ce levier de vitesse sur\u00e9lev\u00e9, ou cette planche de bord aux plastiques peu valorisants.","robots":{"index":"index","follow":"follow","max-snippet":"max-snippet:-1","max-image-preview":"max-image-preview:large","max-video-preview":"max-video-preview:-1"},"canonical":"https:\/\/www.carideal.com\/blog\/2012\/06\/29\/citroen-berlingo-multispace\/","og_locale":"fr_FR","og_type":"article","og_title":"CITROEN BERLINGO MULTISPACE - Blog auto Carid\u00e9al","og_description":"Malgr\u00e9 le restylage le Citroen Berlingo garde cette ligne cubique et un faux aire de camionnette. Aussi ce volant un peu trop horizontal, ce levier de vitesse sur\u00e9lev\u00e9, ou cette planche de bord aux plastiques peu valorisants.","og_url":"https:\/\/www.carideal.com\/blog\/2012\/06\/29\/citroen-berlingo-multispace\/","og_site_name":"Blog auto Carid\u00e9al","article_publisher":"https:\/\/www.facebook.com\/Carideal.mandataire.automobile","article_author":"https:\/\/www.facebook.com\/Carideal.mandataire.automobile\/","article_published_time":"2012-06-29T10:50:00+00:00","article_modified_time":"2020-02-05T16:08:07+00:00","og_image":[{"width":448,"height":334,"url":"https:\/\/www.carideal.com\/blog\/wp-content\/uploads\/2012\/06\/Citroen-berlingo-carideal_m.jpg","type":"image\/jpeg"}],"author":"N.S Carideal","twitter_card":"summary_large_image","twitter_creator":"@caridealauto","twitter_site":"@caridealauto","twitter_misc":{"\u00c9crit par":"N.S Carideal","Dur\u00e9e de lecture estim\u00e9e":"2 minutes"},"schema":{"@context":"https:\/\/schema.org","@graph":[{"@type":"Article","@id":"https:\/\/www.carideal.com\/blog\/2012\/06\/29\/citroen-berlingo-multispace\/#article","isPartOf":{"@id":"https:\/\/www.carideal.com\/blog\/2012\/06\/29\/citroen-berlingo-multispace\/"},"author":{"name":"N.S Carideal","@id":"https:\/\/www.carideal.com\/blog\/#\/schema\/person\/985c7e757d1042d647f21bfaf8d41ebc"},"headline":"CITROEN BERLINGO MULTISPACE","datePublished":"2012-06-29T10:50:00+00:00","dateModified":"2020-02-05T16:08:07+00:00","mainEntityOfPage":{"@id":"https:\/\/www.carideal.com\/blog\/2012\/06\/29\/citroen-berlingo-multispace\/"},"wordCount":424,"commentCount":0,"publisher":{"@id":"https:\/\/www.carideal.com\/blog\/#organization"},"image":{"@id":"https:\/\/www.carideal.com\/blog\/2012\/06\/29\/citroen-berlingo-multispace\/#primaryimage"},"thumbnailUrl":"https:\/\/www.carideal.com\/blog\/wp-content\/uploads\/2012\/06\/Citroen-berlingo-carideal_m.jpg","keywords":["restylage"],"articleSection":["Actualit\u00e9 Citroen","Actualit\u00e9s Citroen Berlingo"],"inLanguage":"fr-FR","potentialAction":[{"@type":"CommentAction","name":"Comment","target":["https:\/\/www.carideal.com\/blog\/2012\/06\/29\/citroen-berlingo-multispace\/#respond"]}]},{"@type":"WebPage","@id":"https:\/\/www.carideal.com\/blog\/2012\/06\/29\/citroen-berlingo-multispace\/","url":"https:\/\/www.carideal.com\/blog\/2012\/06\/29\/citroen-berlingo-multispace\/","name":"CITROEN BERLINGO MULTISPACE - Blog auto Carid\u00e9al","isPartOf":{"@id":"https:\/\/www.carideal.com\/blog\/#website"},"primaryImageOfPage":{"@id":"https:\/\/www.carideal.com\/blog\/2012\/06\/29\/citroen-berlingo-multispace\/#primaryimage"},"image":{"@id":"https:\/\/www.carideal.com\/blog\/2012\/06\/29\/citroen-berlingo-multispace\/#primaryimage"},"thumbnailUrl":"https:\/\/www.carideal.com\/blog\/wp-content\/uploads\/2012\/06\/Citroen-berlingo-carideal_m.jpg","datePublished":"2012-06-29T10:50:00+00:00","dateModified":"2020-02-05T16:08:07+00:00","description":"Malgr\u00e9 le restylage le Citroen Berlingo garde cette ligne cubique et un faux aire de camionnette. Aussi ce volant un peu trop horizontal, ce levier de vitesse sur\u00e9lev\u00e9, ou cette planche de bord aux plastiques peu valorisants.","breadcrumb":{"@id":"https:\/\/www.carideal.com\/blog\/2012\/06\/29\/citroen-berlingo-multispace\/#breadcrumb"},"inLanguage":"fr-FR","potentialAction":[{"@type":"ReadAction","target":["https:\/\/www.carideal.com\/blog\/2012\/06\/29\/citroen-berlingo-multispace\/"]}]},{"@type":"ImageObject","inLanguage":"fr-FR","@id":"https:\/\/www.carideal.com\/blog\/2012\/06\/29\/citroen-berlingo-multispace\/#primaryimage","url":"https:\/\/www.carideal.com\/blog\/wp-content\/uploads\/2012\/06\/Citroen-berlingo-carideal_m.jpg","contentUrl":"https:\/\/www.carideal.com\/blog\/wp-content\/uploads\/2012\/06\/Citroen-berlingo-carideal_m.jpg","width":448,"height":334,"caption":"CITROEN BERLINGO MULTISPACE"},{"@type":"BreadcrumbList","@id":"https:\/\/www.carideal.com\/blog\/2012\/06\/29\/citroen-berlingo-multispace\/#breadcrumb","itemListElement":[{"@type":"ListItem","position":1,"name":"Blog Carid\u00e9al","item":"https:\/\/www.carideal.com\/blog\/"},{"@type":"ListItem","position":2,"name":"Actualit\u00e9 constructeur automobile","item":"https:\/\/www.carideal.com\/blog\/constructeur\/"},{"@type":"ListItem","position":3,"name":"Actualit\u00e9 Citroen","item":"https:\/\/www.carideal.com\/blog\/constructeur\/citroen\/"},{"@type":"ListItem","position":4,"name":"Actualit\u00e9s Citroen Berlingo","item":"https:\/\/www.carideal.com\/blog\/constructeur\/citroen\/actualites-citroen-berlingo\/"},{"@type":"ListItem","position":5,"name":"CITROEN BERLINGO MULTISPACE"}]},{"@type":"WebSite","@id":"https:\/\/www.carideal.com\/blog\/#website","url":"https:\/\/www.carideal.com\/blog\/","name":"Blog auto Carid\u00e9al","description":"Actualit\u00e9 auto par des passionn\u00e9s","publisher":{"@id":"https:\/\/www.carideal.com\/blog\/#organization"},"potentialAction":[{"@type":"SearchAction","target":{"@type":"EntryPoint","urlTemplate":"https:\/\/www.carideal.com\/blog\/?s={search_term_string}"},"query-input":{"@type":"PropertyValueSpecification","valueRequired":true,"valueName":"search_term_string"}}],"inLanguage":"fr-FR"},{"@type":"Organization","@id":"https:\/\/www.carideal.com\/blog\/#organization","name":"Carideal","url":"https:\/\/www.carideal.com\/blog\/","logo":{"@type":"ImageObject","inLanguage":"fr-FR","@id":"https:\/\/www.carideal.com\/blog\/#\/schema\/logo\/image\/","url":"http:\/\/www.carideal.com\/blog\/wp-content\/uploads\/2016\/03\/logo-carideal-mandataire-automobile.png","contentUrl":"http:\/\/www.carideal.com\/blog\/wp-content\/uploads\/2016\/03\/logo-carideal-mandataire-automobile.png","width":300,"height":300,"caption":"Carideal"},"image":{"@id":"https:\/\/www.carideal.com\/blog\/#\/schema\/logo\/image\/"},"sameAs":["https:\/\/www.facebook.com\/Carideal.mandataire.automobile","https:\/\/x.com\/caridealauto","https:\/\/www.instagram.com\/carideal1\/","https:\/\/www.linkedin.com\/company\/carideal.com","https:\/\/fr.pinterest.com\/schiavonsas\/","https:\/\/www.youtube.com\/user\/caridealsas"]},{"@type":"Person","@id":"https:\/\/www.carideal.com\/blog\/#\/schema\/person\/985c7e757d1042d647f21bfaf8d41ebc","name":"N.S Carideal","image":{"@type":"ImageObject","inLanguage":"fr-FR","@id":"https:\/\/www.carideal.com\/blog\/#\/schema\/person\/image\/","url":"https:\/\/secure.gravatar.com\/avatar\/edb7ccdf1a4e3d14aef967760d354d0e?s=96&r=g","contentUrl":"https:\/\/secure.gravatar.com\/avatar\/edb7ccdf1a4e3d14aef967760d354d0e?s=96&r=g","caption":"N.S Carideal"},"description":"Depuis tout petit fan d'automobile. Il est question d'essayer et de comparer toutes ces voitures qui nous ont fait r\u00e9ver, avant que celles-ci ne devient uniquement des voitures de collection.","sameAs":["http:\/\/www.carideal.com\/blog","https:\/\/www.facebook.com\/Carideal.mandataire.automobile\/","https:\/\/www.linkedin.com\/in\/nschiavon\/","https:\/\/www.youtube.com\/user\/caridealsas\/"],"url":"https:\/\/www.carideal.com\/blog\/author\/admin_carideal\/"}]}},"uagb_featured_image_src":{"full":["https:\/\/www.carideal.com\/blog\/wp-content\/uploads\/2012\/06\/Citroen-berlingo-carideal_m.jpg",448,334,false],"thumbnail":["https:\/\/www.carideal.com\/blog\/wp-content\/uploads\/2012\/06\/Citroen-berlingo-carideal_m-150x150.jpg",150,150,true],"medium":["https:\/\/www.carideal.com\/blog\/wp-content\/uploads\/2012\/06\/Citroen-berlingo-carideal_m-300x224.jpg",300,224,true],"medium_large":["https:\/\/www.carideal.com\/blog\/wp-content\/uploads\/2012\/06\/Citroen-berlingo-carideal_m.jpg",448,334,false],"large":["https:\/\/www.carideal.com\/blog\/wp-content\/uploads\/2012\/06\/Citroen-berlingo-carideal_m.jpg",448,334,false],"1536x1536":["https:\/\/www.carideal.com\/blog\/wp-content\/uploads\/2012\/06\/Citroen-berlingo-carideal_m.jpg",448,334,false],"2048x2048":["https:\/\/www.carideal.com\/blog\/wp-content\/uploads\/2012\/06\/Citroen-berlingo-carideal_m.jpg",448,334,false],"wppr-widget":["https:\/\/www.carideal.com\/blog\/wp-content\/uploads\/2012\/06\/Citroen-berlingo-carideal_m-50x37.jpg",50,37,true]},"uagb_author_info":{"display_name":"N.S Carideal","author_link":"https:\/\/www.carideal.com\/blog\/author\/admin_carideal\/"},"uagb_comment_info":0,"uagb_excerpt":"CITROEN BERLINGO MULTISPACE Malgr\u00e9 le restylage le Citroen Berlingo garde cette ligne cubique et un faux aire de camionnette. Aussi ce volant un peu trop horizontal, ce levier de vitesse sur\u00e9lev\u00e9, ou cette planche de bord aux plastiques peu valorisants. Mais apr\u00e8s avoir v\u00e9cu avec le Berlingo durant plusieurs jours, il faudrait \u00eatre de mauvaise\u2026","_links":{"self":[{"href":"https:\/\/www.carideal.com\/blog\/wp-json\/wp\/v2\/posts\/1180"}],"collection":[{"href":"https:\/\/www.carideal.com\/blog\/wp-json\/wp\/v2\/posts"}],"about":[{"href":"https:\/\/www.carideal.com\/blog\/wp-json\/wp\/v2\/types\/post"}],"author":[{"embeddable":true,"href":"https:\/\/www.carideal.com\/blog\/wp-json\/wp\/v2\/users\/1"}],"replies":[{"embeddable":true,"href":"https:\/\/www.carideal.com\/blog\/wp-json\/wp\/v2\/comments?post=1180"}],"version-history":[{"count":0,"href":"https:\/\/www.carideal.com\/blog\/wp-json\/wp\/v2\/posts\/1180\/revisions"}],"wp:featuredmedia":[{"embeddable":true,"href":"https:\/\/www.carideal.com\/blog\/wp-json\/wp\/v2\/media\/21608"}],"wp:attachment":[{"href":"https:\/\/www.carideal.com\/blog\/wp-json\/wp\/v2\/media?parent=1180"}],"wp:term":[{"taxonomy":"category","embeddable":true,"href":"https:\/\/www.carideal.com\/blog\/wp-json\/wp\/v2\/categories?post=1180"},{"taxonomy":"post_tag","embeddable":true,"href":"https:\/\/www.carideal.com\/blog\/wp-json\/wp\/v2\/tags?post=1180"}],"curies":[{"name":"wp","href":"https:\/\/api.w.org\/{rel}","templated":true}]}}