{"id":1179,"date":"2012-06-29T09:14:00","date_gmt":"2012-06-29T09:14:00","guid":{"rendered":"http:\/\/carideal.com\/blog\/?p=1179"},"modified":"2012-06-29T09:14:00","modified_gmt":"2012-06-29T09:14:00","slug":"lancia-flavia","status":"publish","type":"post","link":"https:\/\/www.carideal.com\/blog\/2012\/06\/29\/lancia-flavia\/","title":{"rendered":"Lancia Flavia"},"content":{"rendered":"<p><img decoding=\"async\" src=\"\/blog\/public\/.Lancia-Flavia-carideal_m.jpg\" alt=\"Lancia-Flavia-carideal.jpg\" title=\"Lancia-Flavia-carideal.jpg, juin 2012\" \/><\/p>\n<p>La traverser de l'Atlantique \u00e0 la <a href=\"\/blog\/index.php?tag\/Chrysler%20200%20convertible\">Chrysler 200 convertible<\/a> est devenu la <a href=\"\/blog\/index.php?tag\/Lancia%20Flavia\">Lancia Flavia<\/a>. Malgr\u00e9 le changement d'identit\u00e9, l'italienne ne peut nier ses origines.Car avec sa longueur de 4.95M, elle est plus taill\u00e9e pour les grands axes am\u00e9ricains que les petites roues du vieux continent.De plus elle est le cabriolet le plus \u00e9norme de sa cat\u00e9gorie, d\u00e9passant de 32 cm<a href=\"\/blog\/index.php?tag\/l%20Audi%20A5%20cabriolet\"> l'Audi A5 cabriolet<\/a> et de pr\u00e8s de 40 cm la <a href=\"\/blog\/index.php?tag\/Volvo%20C70\">Volvo C70<\/a>.<br \/>\nEspace \u00e0 bord et confort imp\u00e9rial sont les ma\u00eetres mots de la Flavia.Lancia assure une habitabilit\u00e9 g\u00e9n\u00e9reuse pour quatre adultes et un volume de coffre de 377 Litres, capote ferm\u00e9e. Et si le catalogue  se limite \u00e0<a href=\"\/blog\/index.php?tag\/une%20seul%20version\"> une seul version<\/a>, l'\u00e9quipement de s\u00e9rie est excessif:GPS,sellerie en cuir, r\u00e9gulateur de vitesse,capote en toile \u00e0 commande \u00e9lectrique,syst\u00e8me multim\u00e9dia \u00e0 6hp avec \u00e9cran 6.5 pouces et disque dur de 40go. Le tout pour un prix de lancement d\u00e9fini \u00e0 32900\u20ac jusqu'en octobre (36900\u20ac apr\u00e8s), soit pr\u00e8s de 9000\u20ac de moins que l'Audi A5 Cabriolet 1.8 TFSI.<br \/>\nBref, la Lancia aurait pu attirer si elle n'avait pas fait une croix sur le diesel.De plus<a href=\"\/blog\/index.php?tag\/le%20seul%20moteur\"> le seul moteur<\/a> propos\u00e9, un 4 cylindre essence 2.4 litres de 170ch,fleure bon l'Am\u00e9rique: faible rendement,bo\u00eete automatique oblig\u00e9e et performance m\u00e9diocres (0 \u00e0 100 km\/h en 11s) pour une consommation de 9.4l\/100km pour 221g\/km de CO2.<\/p>\n","protected":false},"excerpt":{"rendered":"<p>La traverser de l&rsquo;Atlantique \u00e0 la Chrysler 200 convertible est devenu la Lancia Flavia. Malgr\u00e9 le changement d&rsquo;identit\u00e9, l&rsquo;italienne ne peut nier ses origines.Car avec sa longueur de 4.95M, elle est plus taill\u00e9e pour les grands axes am\u00e9ricains que les petites roues du vieux continent.De plus elle est le cabriolet le plus \u00e9norme de sa &#8230; <a title=\"Lancia Flavia\" class=\"read-more\" href=\"https:\/\/www.carideal.com\/blog\/2012\/06\/29\/lancia-flavia\/\" aria-label=\"En savoir plus sur Lancia Flavia\">Lire plus<\/a><\/p>\n","protected":false},"author":1,"featured_media":0,"comment_status":"open","ping_status":"open","sticky":false,"template":"","format":"standard","meta":{"_uag_custom_page_level_css":"","_themeisle_gutenberg_block_has_review":false,"footnotes":""},"categories":[10],"tags":[],"class_list":["post-1179","post","type-post","status-publish","format-standard","hentry","category-marche-automobile-voiture-neuve-occasion-4x4-suv"],"wppr_data":[],"yoast_head":"<!-- This site is optimized with the Yoast SEO plugin v24.8.1 - https:\/\/yoast.com\/wordpress\/plugins\/seo\/ -->\n<title>Lancia Flavia - Blog auto Carid\u00e9al<\/title>\n<meta name=\"robots\" content=\"index, follow, max-snippet:-1, max-image-preview:large, max-video-preview:-1\" \/>\n<link rel=\"canonical\" href=\"https:\/\/www.carideal.com\/blog\/2012\/06\/29\/lancia-flavia\/\" \/>\n<meta property=\"og:locale\" content=\"fr_FR\" \/>\n<meta property=\"og:type\" content=\"article\" \/>\n<meta property=\"og:title\" content=\"Lancia Flavia - Blog auto Carid\u00e9al\" \/>\n<meta property=\"og:description\" content=\"La traverser de l&#039;Atlantique \u00e0 la Chrysler 200 convertible est devenu la Lancia Flavia. Malgr\u00e9 le changement d&#039;identit\u00e9, l&#039;italienne ne peut nier ses origines.Car avec sa longueur de 4.95M, elle est plus taill\u00e9e pour les grands axes am\u00e9ricains que les petites roues du vieux continent.De plus elle est le cabriolet le plus \u00e9norme de sa ... Lire plus\" \/>\n<meta property=\"og:url\" content=\"https:\/\/www.carideal.com\/blog\/2012\/06\/29\/lancia-flavia\/\" \/>\n<meta property=\"og:site_name\" content=\"Blog auto Carid\u00e9al\" \/>\n<meta property=\"article:publisher\" content=\"https:\/\/www.facebook.com\/Carideal.mandataire.automobile\" \/>\n<meta property=\"article:author\" content=\"https:\/\/www.facebook.com\/Carideal.mandataire.automobile\/\" \/>\n<meta property=\"article:published_time\" content=\"2012-06-29T09:14:00+00:00\" \/>\n<meta property=\"og:image\" content=\"https:\/\/www.carideal.com\/blog\/wp-content\/uploads\/2016\/03\/logo-carideal-mandataire-automobile.png\" \/>\n\t<meta property=\"og:image:width\" content=\"300\" \/>\n\t<meta property=\"og:image:height\" content=\"300\" \/>\n\t<meta property=\"og:image:type\" content=\"image\/png\" \/>\n<meta name=\"author\" content=\"N.S Carideal\" \/>\n<meta name=\"twitter:card\" content=\"summary_large_image\" \/>\n<meta name=\"twitter:creator\" content=\"@caridealauto\" \/>\n<meta name=\"twitter:site\" content=\"@caridealauto\" \/>\n<meta name=\"twitter:label1\" content=\"\u00c9crit par\" \/>\n\t<meta name=\"twitter:data1\" content=\"N.S Carideal\" \/>\n\t<meta name=\"twitter:label2\" content=\"Dur\u00e9e de lecture estim\u00e9e\" \/>\n\t<meta name=\"twitter:data2\" content=\"1 minute\" \/>\n<script type=\"application\/ld+json\" class=\"yoast-schema-graph\">{\"@context\":\"https:\/\/schema.org\",\"@graph\":[{\"@type\":\"Article\",\"@id\":\"https:\/\/www.carideal.com\/blog\/2012\/06\/29\/lancia-flavia\/#article\",\"isPartOf\":{\"@id\":\"https:\/\/www.carideal.com\/blog\/2012\/06\/29\/lancia-flavia\/\"},\"author\":{\"name\":\"N.S Carideal\",\"@id\":\"https:\/\/www.carideal.com\/blog\/#\/schema\/person\/985c7e757d1042d647f21bfaf8d41ebc\"},\"headline\":\"Lancia Flavia\",\"datePublished\":\"2012-06-29T09:14:00+00:00\",\"mainEntityOfPage\":{\"@id\":\"https:\/\/www.carideal.com\/blog\/2012\/06\/29\/lancia-flavia\/\"},\"wordCount\":235,\"commentCount\":0,\"publisher\":{\"@id\":\"https:\/\/www.carideal.com\/blog\/#organization\"},\"articleSection\":[\"March\u00e9 automobile\"],\"inLanguage\":\"fr-FR\",\"potentialAction\":[{\"@type\":\"CommentAction\",\"name\":\"Comment\",\"target\":[\"https:\/\/www.carideal.com\/blog\/2012\/06\/29\/lancia-flavia\/#respond\"]}]},{\"@type\":\"WebPage\",\"@id\":\"https:\/\/www.carideal.com\/blog\/2012\/06\/29\/lancia-flavia\/\",\"url\":\"https:\/\/www.carideal.com\/blog\/2012\/06\/29\/lancia-flavia\/\",\"name\":\"Lancia Flavia - Blog auto Carid\u00e9al\",\"isPartOf\":{\"@id\":\"https:\/\/www.carideal.com\/blog\/#website\"},\"datePublished\":\"2012-06-29T09:14:00+00:00\",\"breadcrumb\":{\"@id\":\"https:\/\/www.carideal.com\/blog\/2012\/06\/29\/lancia-flavia\/#breadcrumb\"},\"inLanguage\":\"fr-FR\",\"potentialAction\":[{\"@type\":\"ReadAction\",\"target\":[\"https:\/\/www.carideal.com\/blog\/2012\/06\/29\/lancia-flavia\/\"]}]},{\"@type\":\"BreadcrumbList\",\"@id\":\"https:\/\/www.carideal.com\/blog\/2012\/06\/29\/lancia-flavia\/#breadcrumb\",\"itemListElement\":[{\"@type\":\"ListItem\",\"position\":1,\"name\":\"Blog Carid\u00e9al\",\"item\":\"https:\/\/www.carideal.com\/blog\/\"},{\"@type\":\"ListItem\",\"position\":2,\"name\":\"March\u00e9 automobile\",\"item\":\"https:\/\/www.carideal.com\/blog\/marche-automobile-voiture-neuve-occasion-4x4-suv\/\"},{\"@type\":\"ListItem\",\"position\":3,\"name\":\"Lancia Flavia\"}]},{\"@type\":\"WebSite\",\"@id\":\"https:\/\/www.carideal.com\/blog\/#website\",\"url\":\"https:\/\/www.carideal.com\/blog\/\",\"name\":\"Blog auto Carid\u00e9al\",\"description\":\"Actualit\u00e9 auto par des passionn\u00e9s\",\"publisher\":{\"@id\":\"https:\/\/www.carideal.com\/blog\/#organization\"},\"potentialAction\":[{\"@type\":\"SearchAction\",\"target\":{\"@type\":\"EntryPoint\",\"urlTemplate\":\"https:\/\/www.carideal.com\/blog\/?s={search_term_string}\"},\"query-input\":{\"@type\":\"PropertyValueSpecification\",\"valueRequired\":true,\"valueName\":\"search_term_string\"}}],\"inLanguage\":\"fr-FR\"},{\"@type\":\"Organization\",\"@id\":\"https:\/\/www.carideal.com\/blog\/#organization\",\"name\":\"Carideal\",\"url\":\"https:\/\/www.carideal.com\/blog\/\",\"logo\":{\"@type\":\"ImageObject\",\"inLanguage\":\"fr-FR\",\"@id\":\"https:\/\/www.carideal.com\/blog\/#\/schema\/logo\/image\/\",\"url\":\"http:\/\/www.carideal.com\/blog\/wp-content\/uploads\/2016\/03\/logo-carideal-mandataire-automobile.png\",\"contentUrl\":\"http:\/\/www.carideal.com\/blog\/wp-content\/uploads\/2016\/03\/logo-carideal-mandataire-automobile.png\",\"width\":300,\"height\":300,\"caption\":\"Carideal\"},\"image\":{\"@id\":\"https:\/\/www.carideal.com\/blog\/#\/schema\/logo\/image\/\"},\"sameAs\":[\"https:\/\/www.facebook.com\/Carideal.mandataire.automobile\",\"https:\/\/x.com\/caridealauto\",\"https:\/\/www.instagram.com\/carideal1\/\",\"https:\/\/www.linkedin.com\/company\/carideal.com\",\"https:\/\/fr.pinterest.com\/schiavonsas\/\",\"https:\/\/www.youtube.com\/user\/caridealsas\"]},{\"@type\":\"Person\",\"@id\":\"https:\/\/www.carideal.com\/blog\/#\/schema\/person\/985c7e757d1042d647f21bfaf8d41ebc\",\"name\":\"N.S Carideal\",\"image\":{\"@type\":\"ImageObject\",\"inLanguage\":\"fr-FR\",\"@id\":\"https:\/\/www.carideal.com\/blog\/#\/schema\/person\/image\/\",\"url\":\"https:\/\/secure.gravatar.com\/avatar\/edb7ccdf1a4e3d14aef967760d354d0e?s=96&r=g\",\"contentUrl\":\"https:\/\/secure.gravatar.com\/avatar\/edb7ccdf1a4e3d14aef967760d354d0e?s=96&r=g\",\"caption\":\"N.S Carideal\"},\"description\":\"Depuis tout petit fan d'automobile. Il est question d'essayer et de comparer toutes ces voitures qui nous ont fait r\u00e9ver, avant que celles-ci ne devient uniquement des voitures de collection.\",\"sameAs\":[\"http:\/\/www.carideal.com\/blog\",\"https:\/\/www.facebook.com\/Carideal.mandataire.automobile\/\",\"https:\/\/www.linkedin.com\/in\/nschiavon\/\",\"https:\/\/www.youtube.com\/user\/caridealsas\/\"],\"url\":\"https:\/\/www.carideal.com\/blog\/author\/admin_carideal\/\"}]}<\/script>\n<!-- \/ Yoast SEO plugin. -->","yoast_head_json":{"title":"Lancia Flavia - Blog auto Carid\u00e9al","robots":{"index":"index","follow":"follow","max-snippet":"max-snippet:-1","max-image-preview":"max-image-preview:large","max-video-preview":"max-video-preview:-1"},"canonical":"https:\/\/www.carideal.com\/blog\/2012\/06\/29\/lancia-flavia\/","og_locale":"fr_FR","og_type":"article","og_title":"Lancia Flavia - Blog auto Carid\u00e9al","og_description":"La traverser de l'Atlantique \u00e0 la Chrysler 200 convertible est devenu la Lancia Flavia. Malgr\u00e9 le changement d'identit\u00e9, l'italienne ne peut nier ses origines.Car avec sa longueur de 4.95M, elle est plus taill\u00e9e pour les grands axes am\u00e9ricains que les petites roues du vieux continent.De plus elle est le cabriolet le plus \u00e9norme de sa ... Lire plus","og_url":"https:\/\/www.carideal.com\/blog\/2012\/06\/29\/lancia-flavia\/","og_site_name":"Blog auto Carid\u00e9al","article_publisher":"https:\/\/www.facebook.com\/Carideal.mandataire.automobile","article_author":"https:\/\/www.facebook.com\/Carideal.mandataire.automobile\/","article_published_time":"2012-06-29T09:14:00+00:00","og_image":[{"width":300,"height":300,"url":"https:\/\/www.carideal.com\/blog\/wp-content\/uploads\/2016\/03\/logo-carideal-mandataire-automobile.png","type":"image\/png"}],"author":"N.S Carideal","twitter_card":"summary_large_image","twitter_creator":"@caridealauto","twitter_site":"@caridealauto","twitter_misc":{"\u00c9crit par":"N.S Carideal","Dur\u00e9e de lecture estim\u00e9e":"1 minute"},"schema":{"@context":"https:\/\/schema.org","@graph":[{"@type":"Article","@id":"https:\/\/www.carideal.com\/blog\/2012\/06\/29\/lancia-flavia\/#article","isPartOf":{"@id":"https:\/\/www.carideal.com\/blog\/2012\/06\/29\/lancia-flavia\/"},"author":{"name":"N.S Carideal","@id":"https:\/\/www.carideal.com\/blog\/#\/schema\/person\/985c7e757d1042d647f21bfaf8d41ebc"},"headline":"Lancia Flavia","datePublished":"2012-06-29T09:14:00+00:00","mainEntityOfPage":{"@id":"https:\/\/www.carideal.com\/blog\/2012\/06\/29\/lancia-flavia\/"},"wordCount":235,"commentCount":0,"publisher":{"@id":"https:\/\/www.carideal.com\/blog\/#organization"},"articleSection":["March\u00e9 automobile"],"inLanguage":"fr-FR","potentialAction":[{"@type":"CommentAction","name":"Comment","target":["https:\/\/www.carideal.com\/blog\/2012\/06\/29\/lancia-flavia\/#respond"]}]},{"@type":"WebPage","@id":"https:\/\/www.carideal.com\/blog\/2012\/06\/29\/lancia-flavia\/","url":"https:\/\/www.carideal.com\/blog\/2012\/06\/29\/lancia-flavia\/","name":"Lancia Flavia - Blog auto Carid\u00e9al","isPartOf":{"@id":"https:\/\/www.carideal.com\/blog\/#website"},"datePublished":"2012-06-29T09:14:00+00:00","breadcrumb":{"@id":"https:\/\/www.carideal.com\/blog\/2012\/06\/29\/lancia-flavia\/#breadcrumb"},"inLanguage":"fr-FR","potentialAction":[{"@type":"ReadAction","target":["https:\/\/www.carideal.com\/blog\/2012\/06\/29\/lancia-flavia\/"]}]},{"@type":"BreadcrumbList","@id":"https:\/\/www.carideal.com\/blog\/2012\/06\/29\/lancia-flavia\/#breadcrumb","itemListElement":[{"@type":"ListItem","position":1,"name":"Blog Carid\u00e9al","item":"https:\/\/www.carideal.com\/blog\/"},{"@type":"ListItem","position":2,"name":"March\u00e9 automobile","item":"https:\/\/www.carideal.com\/blog\/marche-automobile-voiture-neuve-occasion-4x4-suv\/"},{"@type":"ListItem","position":3,"name":"Lancia Flavia"}]},{"@type":"WebSite","@id":"https:\/\/www.carideal.com\/blog\/#website","url":"https:\/\/www.carideal.com\/blog\/","name":"Blog auto Carid\u00e9al","description":"Actualit\u00e9 auto par des passionn\u00e9s","publisher":{"@id":"https:\/\/www.carideal.com\/blog\/#organization"},"potentialAction":[{"@type":"SearchAction","target":{"@type":"EntryPoint","urlTemplate":"https:\/\/www.carideal.com\/blog\/?s={search_term_string}"},"query-input":{"@type":"PropertyValueSpecification","valueRequired":true,"valueName":"search_term_string"}}],"inLanguage":"fr-FR"},{"@type":"Organization","@id":"https:\/\/www.carideal.com\/blog\/#organization","name":"Carideal","url":"https:\/\/www.carideal.com\/blog\/","logo":{"@type":"ImageObject","inLanguage":"fr-FR","@id":"https:\/\/www.carideal.com\/blog\/#\/schema\/logo\/image\/","url":"http:\/\/www.carideal.com\/blog\/wp-content\/uploads\/2016\/03\/logo-carideal-mandataire-automobile.png","contentUrl":"http:\/\/www.carideal.com\/blog\/wp-content\/uploads\/2016\/03\/logo-carideal-mandataire-automobile.png","width":300,"height":300,"caption":"Carideal"},"image":{"@id":"https:\/\/www.carideal.com\/blog\/#\/schema\/logo\/image\/"},"sameAs":["https:\/\/www.facebook.com\/Carideal.mandataire.automobile","https:\/\/x.com\/caridealauto","https:\/\/www.instagram.com\/carideal1\/","https:\/\/www.linkedin.com\/company\/carideal.com","https:\/\/fr.pinterest.com\/schiavonsas\/","https:\/\/www.youtube.com\/user\/caridealsas"]},{"@type":"Person","@id":"https:\/\/www.carideal.com\/blog\/#\/schema\/person\/985c7e757d1042d647f21bfaf8d41ebc","name":"N.S Carideal","image":{"@type":"ImageObject","inLanguage":"fr-FR","@id":"https:\/\/www.carideal.com\/blog\/#\/schema\/person\/image\/","url":"https:\/\/secure.gravatar.com\/avatar\/edb7ccdf1a4e3d14aef967760d354d0e?s=96&r=g","contentUrl":"https:\/\/secure.gravatar.com\/avatar\/edb7ccdf1a4e3d14aef967760d354d0e?s=96&r=g","caption":"N.S Carideal"},"description":"Depuis tout petit fan d'automobile. Il est question d'essayer et de comparer toutes ces voitures qui nous ont fait r\u00e9ver, avant que celles-ci ne devient uniquement des voitures de collection.","sameAs":["http:\/\/www.carideal.com\/blog","https:\/\/www.facebook.com\/Carideal.mandataire.automobile\/","https:\/\/www.linkedin.com\/in\/nschiavon\/","https:\/\/www.youtube.com\/user\/caridealsas\/"],"url":"https:\/\/www.carideal.com\/blog\/author\/admin_carideal\/"}]}},"uagb_featured_image_src":{"full":false,"thumbnail":false,"medium":false,"medium_large":false,"large":false,"1536x1536":false,"2048x2048":false,"wppr-widget":false},"uagb_author_info":{"display_name":"N.S Carideal","author_link":"https:\/\/www.carideal.com\/blog\/author\/admin_carideal\/"},"uagb_comment_info":0,"uagb_excerpt":"La traverser de l'Atlantique \u00e0 la Chrysler 200 convertible est devenu la Lancia Flavia. Malgr\u00e9 le changement d'identit\u00e9, l'italienne ne peut nier ses origines.Car avec sa longueur de 4.95M, elle est plus taill\u00e9e pour les grands axes am\u00e9ricains que les petites roues du vieux continent.De plus elle est le cabriolet le plus \u00e9norme de sa\u2026","_links":{"self":[{"href":"https:\/\/www.carideal.com\/blog\/wp-json\/wp\/v2\/posts\/1179"}],"collection":[{"href":"https:\/\/www.carideal.com\/blog\/wp-json\/wp\/v2\/posts"}],"about":[{"href":"https:\/\/www.carideal.com\/blog\/wp-json\/wp\/v2\/types\/post"}],"author":[{"embeddable":true,"href":"https:\/\/www.carideal.com\/blog\/wp-json\/wp\/v2\/users\/1"}],"replies":[{"embeddable":true,"href":"https:\/\/www.carideal.com\/blog\/wp-json\/wp\/v2\/comments?post=1179"}],"version-history":[{"count":0,"href":"https:\/\/www.carideal.com\/blog\/wp-json\/wp\/v2\/posts\/1179\/revisions"}],"wp:attachment":[{"href":"https:\/\/www.carideal.com\/blog\/wp-json\/wp\/v2\/media?parent=1179"}],"wp:term":[{"taxonomy":"category","embeddable":true,"href":"https:\/\/www.carideal.com\/blog\/wp-json\/wp\/v2\/categories?post=1179"},{"taxonomy":"post_tag","embeddable":true,"href":"https:\/\/www.carideal.com\/blog\/wp-json\/wp\/v2\/tags?post=1179"}],"curies":[{"name":"wp","href":"https:\/\/api.w.org\/{rel}","templated":true}]}}