{"id":1176,"date":"2012-06-28T10:13:00","date_gmt":"2012-06-28T10:13:00","guid":{"rendered":"http:\/\/carideal.com\/blog\/?p=1176"},"modified":"2020-03-07T16:41:52","modified_gmt":"2020-03-07T15:41:52","slug":"citroen-c4-l","status":"publish","type":"post","link":"https:\/\/www.carideal.com\/blog\/2012\/06\/28\/citroen-c4-l\/","title":{"rendered":"Citro\u00ebn C4 Lounge tri-corps"},"content":{"rendered":"<h1><strong>Citro\u00ebn C4 Lounge<\/strong><\/h1>\n<p>Dessin\u00e9e par le centre de style <a href=\"http:\/\/www.carideal.com\/blog\/marque-de-voiture-actualites-essais\/citroen\/\">Citro\u00ebn<\/a> de Shangai, cette version L (pour lounge) de la C4 repose sur un empattement agrandi de 10 cm. Et son porte-\u00e0-faux arri\u00e8re allong\u00e9 am\u00e8ne son format \u00e0 4.62M (4.33M pour la C4 commercialis\u00e9e en France). Elle vise une client\u00e8le de haut de gamme et mise sur l'espace \u00e0 bord.Deux sites de conception seront utilis\u00e9s pour restreindre les co\u00fbts d'acheminement: Wuhan en chine, o\u00f9 elle arrivera fin 2012, et Kaluga en Russie, pour une commercialisation \u00e0 l'\u00e9t\u00e9 2013. La C4 inaugure le nouveau VTI 138ch.<\/p>\n<p>Retrouvez toutes les offres de Citroen C4 de Carideal<\/p>\n<p>Apr\u00e8s le succ\u00e8s de la C4, qui a vendu 530 000 unit\u00e9s vendues dans le monde depuis son lancement fin 2004, Citro\u00ebn \u00e9largit encore sa gamme avec le lancement de la berline C4 dans plusieurs pays d'Am\u00e9rique latine. Cette berline moderne et originale pr\u00e9sente toutes les caract\u00e9ristiques et les innovations qui ont fait le succ\u00e8s de la C4.<\/p>\n<p>Avec son style de carrosserie plus long, la berline C4 r\u00e9pond parfaitement aux besoins des clients \u00e0 travers l'Am\u00e9rique latine. La berline C4 sera d\u00e9voil\u00e9e le 19 avril 2007 lorsque le premier v\u00e9hicule sortira de la ligne. La voiture sera fabriqu\u00e9e sur le site de Palomar pr\u00e8s de Buenos Aires en Argentine.<\/p>\n<p>Ce troisi\u00e8me style de carrosserie C4 est \u00e9galement fabriqu\u00e9 et commercialis\u00e9 en Chine sous le nom de C-Triomphe. Plus de 30 000 unit\u00e9s ont \u00e9t\u00e9 vendues depuis juin 2006.<\/p>\n<p>La C4 Lounge, qui sera lanc\u00e9e en Argentine en juillet 2007 et sur certains march\u00e9s europ\u00e9ens fin 2007, renforce l'avantage de Citro\u00ebn dans ce pays o\u00f9 les ventes de Marque ont progress\u00e9 de 30% en 2006 par rapport \u00e0 2006 (plus de 15 000 v\u00e9hicules vendus). part de march\u00e9 de 3,6%.<\/p>\n<h2>Citroen C4 Lounge, un m\u00e9lange d'\u00e9l\u00e9gance, de confort et de technologie<\/h2>\n<p>Ce v\u00e9hicule aux lignes distinctives poss\u00e8de un espace de cabine impressionnant et poss\u00e8de tout l'attrait de la C4 en termes de caract\u00e9ristiques innovantes, de tenue de route et de s\u00e9curit\u00e9.<\/p>\n<p>Un v\u00e9hicule distinctement styl\u00e9<\/p>\n<p>La forme et les dimensions de la berline C4 Berline (4,77 m de long, 1,77 m de haut et 1,51 m de large) le positionnent fermement comme un grand Grand Tourer avec une personnalit\u00e9 dynamique et une pr\u00e9sence distingu\u00e9e et de grande classe.<\/p>\n<p>Le nouveau mod\u00e8le pr\u00e9sente tous les \u00e9l\u00e9ments stylistiques de la Marque avec ses chevrons chrom\u00e9s et ses phares en forme de boomerang. La silhouette fluide de la berline C4, ses passages de roue bien dessin\u00e9s, sa carrosserie haut de gamme et son imposant porte-\u00e0-faux arri\u00e8re lui conf\u00e8rent un impressionnant \u00e9quilibre visuel.<br \/>\nApr\u00e8s le succ\u00e8s de la C4, qui a vendu 530 000 unit\u00e9s vendues dans le monde depuis son lancement fin 2004, Citro\u00ebn \u00e9largit encore sa gamme avec le lancement\u00a0de la C4 Lounge dans plusieurs pays d'Am\u00e9rique latine. Cette berline moderne et originale pr\u00e9sente toutes les caract\u00e9ristiques et les innovations qui ont fait le succ\u00e8s de la C4.<\/p>\n","protected":false},"excerpt":{"rendered":"<p>Citro\u00ebn C4 Lounge Dessin\u00e9e par le centre de style Citro\u00ebn de Shangai, cette version L (pour lounge) de la C4 repose sur un empattement agrandi de 10 cm. Et son porte-\u00e0-faux arri\u00e8re allong\u00e9 am\u00e8ne son format \u00e0 4.62M (4.33M pour la C4 commercialis\u00e9e en France). Elle vise une client\u00e8le de haut de gamme et mise &#8230; <a title=\"Citro\u00ebn C4 Lounge tri-corps\" class=\"read-more\" href=\"https:\/\/www.carideal.com\/blog\/2012\/06\/28\/citroen-c4-l\/\" aria-label=\"En savoir plus sur Citro\u00ebn C4 Lounge tri-corps\">Lire plus<\/a><\/p>\n","protected":false},"author":1,"featured_media":15215,"comment_status":"open","ping_status":"open","sticky":false,"template":"","format":"standard","meta":{"_uag_custom_page_level_css":"","_themeisle_gutenberg_block_has_review":false,"footnotes":""},"categories":[5,5944,6012,5974],"tags":[3161],"class_list":["post-1176","post","type-post","status-publish","format-standard","has-post-thumbnail","hentry","category-citroen","category-constructeur","category-berlines","category-type-de-vehicule","tag-berline-tri-corps"],"wppr_data":{"cwp_meta_box_check":"No"},"yoast_head":"<!-- This site is optimized with the Yoast SEO plugin v24.8.1 - https:\/\/yoast.com\/wordpress\/plugins\/seo\/ -->\n<title>Citro\u00ebn C4 Lounge tri-corps - Blog auto Carid\u00e9al<\/title>\n<meta name=\"description\" content=\"Dessin\u00e9e par le centre de style Citro\u00ebn de Shangai, cette version L (pour lounge) de la C4 repose sur un empattement agrandi de 10 cm. Et son porte-\u00e0-faux arri\u00e8re allong\u00e9 am\u00e8ne son format \u00e0 4.62M (4.33M pour la C4 commercialis\u00e9e en France).\" \/>\n<meta name=\"robots\" content=\"index, follow, max-snippet:-1, max-image-preview:large, max-video-preview:-1\" \/>\n<link rel=\"canonical\" href=\"https:\/\/www.carideal.com\/blog\/2012\/06\/28\/citroen-c4-l\/\" \/>\n<meta property=\"og:locale\" content=\"fr_FR\" \/>\n<meta property=\"og:type\" content=\"article\" \/>\n<meta property=\"og:title\" content=\"Citro\u00ebn C4 Lounge tri-corps - Blog auto Carid\u00e9al\" \/>\n<meta property=\"og:description\" content=\"Dessin\u00e9e par le centre de style Citro\u00ebn de Shangai, cette version L (pour lounge) de la C4 repose sur un empattement agrandi de 10 cm. Et son porte-\u00e0-faux arri\u00e8re allong\u00e9 am\u00e8ne son format \u00e0 4.62M (4.33M pour la C4 commercialis\u00e9e en France).\" \/>\n<meta property=\"og:url\" content=\"https:\/\/www.carideal.com\/blog\/2012\/06\/28\/citroen-c4-l\/\" \/>\n<meta property=\"og:site_name\" content=\"Blog auto Carid\u00e9al\" \/>\n<meta property=\"article:publisher\" content=\"https:\/\/www.facebook.com\/Carideal.mandataire.automobile\" \/>\n<meta property=\"article:author\" content=\"https:\/\/www.facebook.com\/Carideal.mandataire.automobile\/\" \/>\n<meta property=\"article:published_time\" content=\"2012-06-28T10:13:00+00:00\" \/>\n<meta property=\"article:modified_time\" content=\"2020-03-07T15:41:52+00:00\" \/>\n<meta property=\"og:image\" content=\"https:\/\/www.carideal.com\/blog\/wp-content\/uploads\/2012\/06\/Citroen-C4-Lounge-carideal_m.jpg\" \/>\n\t<meta property=\"og:image:width\" content=\"448\" \/>\n\t<meta property=\"og:image:height\" content=\"298\" \/>\n\t<meta property=\"og:image:type\" content=\"image\/jpeg\" \/>\n<meta name=\"author\" content=\"N.S Carideal\" \/>\n<meta name=\"twitter:card\" content=\"summary_large_image\" \/>\n<meta name=\"twitter:creator\" content=\"@caridealauto\" \/>\n<meta name=\"twitter:site\" content=\"@caridealauto\" \/>\n<meta name=\"twitter:label1\" content=\"\u00c9crit par\" \/>\n\t<meta name=\"twitter:data1\" content=\"N.S Carideal\" \/>\n\t<meta name=\"twitter:label2\" content=\"Dur\u00e9e de lecture estim\u00e9e\" \/>\n\t<meta name=\"twitter:data2\" content=\"3 minutes\" \/>\n<script type=\"application\/ld+json\" class=\"yoast-schema-graph\">{\"@context\":\"https:\/\/schema.org\",\"@graph\":[{\"@type\":\"Article\",\"@id\":\"https:\/\/www.carideal.com\/blog\/2012\/06\/28\/citroen-c4-l\/#article\",\"isPartOf\":{\"@id\":\"https:\/\/www.carideal.com\/blog\/2012\/06\/28\/citroen-c4-l\/\"},\"author\":{\"name\":\"N.S Carideal\",\"@id\":\"https:\/\/www.carideal.com\/blog\/#\/schema\/person\/985c7e757d1042d647f21bfaf8d41ebc\"},\"headline\":\"Citro\u00ebn C4 Lounge tri-corps\",\"datePublished\":\"2012-06-28T10:13:00+00:00\",\"dateModified\":\"2020-03-07T15:41:52+00:00\",\"mainEntityOfPage\":{\"@id\":\"https:\/\/www.carideal.com\/blog\/2012\/06\/28\/citroen-c4-l\/\"},\"wordCount\":526,\"commentCount\":0,\"publisher\":{\"@id\":\"https:\/\/www.carideal.com\/blog\/#organization\"},\"image\":{\"@id\":\"https:\/\/www.carideal.com\/blog\/2012\/06\/28\/citroen-c4-l\/#primaryimage\"},\"thumbnailUrl\":\"https:\/\/www.carideal.com\/blog\/wp-content\/uploads\/2012\/06\/Citroen-C4-Lounge-carideal_m.jpg\",\"keywords\":[\"Berline tri-corps\"],\"articleSection\":[\"Actualit\u00e9 Citroen\",\"Actualit\u00e9 Constructeur automobile\",\"Berlines\",\"Type de v\u00e9hicule\"],\"inLanguage\":\"fr-FR\",\"potentialAction\":[{\"@type\":\"CommentAction\",\"name\":\"Comment\",\"target\":[\"https:\/\/www.carideal.com\/blog\/2012\/06\/28\/citroen-c4-l\/#respond\"]}]},{\"@type\":\"WebPage\",\"@id\":\"https:\/\/www.carideal.com\/blog\/2012\/06\/28\/citroen-c4-l\/\",\"url\":\"https:\/\/www.carideal.com\/blog\/2012\/06\/28\/citroen-c4-l\/\",\"name\":\"Citro\u00ebn C4 Lounge tri-corps - Blog auto Carid\u00e9al\",\"isPartOf\":{\"@id\":\"https:\/\/www.carideal.com\/blog\/#website\"},\"primaryImageOfPage\":{\"@id\":\"https:\/\/www.carideal.com\/blog\/2012\/06\/28\/citroen-c4-l\/#primaryimage\"},\"image\":{\"@id\":\"https:\/\/www.carideal.com\/blog\/2012\/06\/28\/citroen-c4-l\/#primaryimage\"},\"thumbnailUrl\":\"https:\/\/www.carideal.com\/blog\/wp-content\/uploads\/2012\/06\/Citroen-C4-Lounge-carideal_m.jpg\",\"datePublished\":\"2012-06-28T10:13:00+00:00\",\"dateModified\":\"2020-03-07T15:41:52+00:00\",\"description\":\"Dessin\u00e9e par le centre de style Citro\u00ebn de Shangai, cette version L (pour lounge) de la C4 repose sur un empattement agrandi de 10 cm. Et son porte-\u00e0-faux arri\u00e8re allong\u00e9 am\u00e8ne son format \u00e0 4.62M (4.33M pour la C4 commercialis\u00e9e en France).\",\"breadcrumb\":{\"@id\":\"https:\/\/www.carideal.com\/blog\/2012\/06\/28\/citroen-c4-l\/#breadcrumb\"},\"inLanguage\":\"fr-FR\",\"potentialAction\":[{\"@type\":\"ReadAction\",\"target\":[\"https:\/\/www.carideal.com\/blog\/2012\/06\/28\/citroen-c4-l\/\"]}]},{\"@type\":\"ImageObject\",\"inLanguage\":\"fr-FR\",\"@id\":\"https:\/\/www.carideal.com\/blog\/2012\/06\/28\/citroen-c4-l\/#primaryimage\",\"url\":\"https:\/\/www.carideal.com\/blog\/wp-content\/uploads\/2012\/06\/Citroen-C4-Lounge-carideal_m.jpg\",\"contentUrl\":\"https:\/\/www.carideal.com\/blog\/wp-content\/uploads\/2012\/06\/Citroen-C4-Lounge-carideal_m.jpg\",\"width\":448,\"height\":298,\"caption\":\"Citroen C4 Lounge\"},{\"@type\":\"BreadcrumbList\",\"@id\":\"https:\/\/www.carideal.com\/blog\/2012\/06\/28\/citroen-c4-l\/#breadcrumb\",\"itemListElement\":[{\"@type\":\"ListItem\",\"position\":1,\"name\":\"Blog Carid\u00e9al\",\"item\":\"https:\/\/www.carideal.com\/blog\/\"},{\"@type\":\"ListItem\",\"position\":2,\"name\":\"Actualit\u00e9 constructeur automobile\",\"item\":\"https:\/\/www.carideal.com\/blog\/constructeur\/\"},{\"@type\":\"ListItem\",\"position\":3,\"name\":\"Actualit\u00e9 Citroen\",\"item\":\"https:\/\/www.carideal.com\/blog\/constructeur\/citroen\/\"},{\"@type\":\"ListItem\",\"position\":4,\"name\":\"Citro\u00ebn C4 Lounge tri-corps\"}]},{\"@type\":\"WebSite\",\"@id\":\"https:\/\/www.carideal.com\/blog\/#website\",\"url\":\"https:\/\/www.carideal.com\/blog\/\",\"name\":\"Blog auto Carid\u00e9al\",\"description\":\"Actualit\u00e9 auto par des passionn\u00e9s\",\"publisher\":{\"@id\":\"https:\/\/www.carideal.com\/blog\/#organization\"},\"potentialAction\":[{\"@type\":\"SearchAction\",\"target\":{\"@type\":\"EntryPoint\",\"urlTemplate\":\"https:\/\/www.carideal.com\/blog\/?s={search_term_string}\"},\"query-input\":{\"@type\":\"PropertyValueSpecification\",\"valueRequired\":true,\"valueName\":\"search_term_string\"}}],\"inLanguage\":\"fr-FR\"},{\"@type\":\"Organization\",\"@id\":\"https:\/\/www.carideal.com\/blog\/#organization\",\"name\":\"Carideal\",\"url\":\"https:\/\/www.carideal.com\/blog\/\",\"logo\":{\"@type\":\"ImageObject\",\"inLanguage\":\"fr-FR\",\"@id\":\"https:\/\/www.carideal.com\/blog\/#\/schema\/logo\/image\/\",\"url\":\"http:\/\/www.carideal.com\/blog\/wp-content\/uploads\/2016\/03\/logo-carideal-mandataire-automobile.png\",\"contentUrl\":\"http:\/\/www.carideal.com\/blog\/wp-content\/uploads\/2016\/03\/logo-carideal-mandataire-automobile.png\",\"width\":300,\"height\":300,\"caption\":\"Carideal\"},\"image\":{\"@id\":\"https:\/\/www.carideal.com\/blog\/#\/schema\/logo\/image\/\"},\"sameAs\":[\"https:\/\/www.facebook.com\/Carideal.mandataire.automobile\",\"https:\/\/x.com\/caridealauto\",\"https:\/\/www.instagram.com\/carideal1\/\",\"https:\/\/www.linkedin.com\/company\/carideal.com\",\"https:\/\/fr.pinterest.com\/schiavonsas\/\",\"https:\/\/www.youtube.com\/user\/caridealsas\"]},{\"@type\":\"Person\",\"@id\":\"https:\/\/www.carideal.com\/blog\/#\/schema\/person\/985c7e757d1042d647f21bfaf8d41ebc\",\"name\":\"N.S Carideal\",\"image\":{\"@type\":\"ImageObject\",\"inLanguage\":\"fr-FR\",\"@id\":\"https:\/\/www.carideal.com\/blog\/#\/schema\/person\/image\/\",\"url\":\"https:\/\/secure.gravatar.com\/avatar\/edb7ccdf1a4e3d14aef967760d354d0e?s=96&r=g\",\"contentUrl\":\"https:\/\/secure.gravatar.com\/avatar\/edb7ccdf1a4e3d14aef967760d354d0e?s=96&r=g\",\"caption\":\"N.S Carideal\"},\"description\":\"Depuis tout petit fan d'automobile. Il est question d'essayer et de comparer toutes ces voitures qui nous ont fait r\u00e9ver, avant que celles-ci ne devient uniquement des voitures de collection.\",\"sameAs\":[\"http:\/\/www.carideal.com\/blog\",\"https:\/\/www.facebook.com\/Carideal.mandataire.automobile\/\",\"https:\/\/www.linkedin.com\/in\/nschiavon\/\",\"https:\/\/www.youtube.com\/user\/caridealsas\/\"],\"url\":\"https:\/\/www.carideal.com\/blog\/author\/admin_carideal\/\"}]}<\/script>\n<!-- \/ Yoast SEO plugin. -->","yoast_head_json":{"title":"Citro\u00ebn C4 Lounge tri-corps - Blog auto Carid\u00e9al","description":"Dessin\u00e9e par le centre de style Citro\u00ebn de Shangai, cette version L (pour lounge) de la C4 repose sur un empattement agrandi de 10 cm. Et son porte-\u00e0-faux arri\u00e8re allong\u00e9 am\u00e8ne son format \u00e0 4.62M (4.33M pour la C4 commercialis\u00e9e en France).","robots":{"index":"index","follow":"follow","max-snippet":"max-snippet:-1","max-image-preview":"max-image-preview:large","max-video-preview":"max-video-preview:-1"},"canonical":"https:\/\/www.carideal.com\/blog\/2012\/06\/28\/citroen-c4-l\/","og_locale":"fr_FR","og_type":"article","og_title":"Citro\u00ebn C4 Lounge tri-corps - Blog auto Carid\u00e9al","og_description":"Dessin\u00e9e par le centre de style Citro\u00ebn de Shangai, cette version L (pour lounge) de la C4 repose sur un empattement agrandi de 10 cm. Et son porte-\u00e0-faux arri\u00e8re allong\u00e9 am\u00e8ne son format \u00e0 4.62M (4.33M pour la C4 commercialis\u00e9e en France).","og_url":"https:\/\/www.carideal.com\/blog\/2012\/06\/28\/citroen-c4-l\/","og_site_name":"Blog auto Carid\u00e9al","article_publisher":"https:\/\/www.facebook.com\/Carideal.mandataire.automobile","article_author":"https:\/\/www.facebook.com\/Carideal.mandataire.automobile\/","article_published_time":"2012-06-28T10:13:00+00:00","article_modified_time":"2020-03-07T15:41:52+00:00","og_image":[{"width":448,"height":298,"url":"https:\/\/www.carideal.com\/blog\/wp-content\/uploads\/2012\/06\/Citroen-C4-Lounge-carideal_m.jpg","type":"image\/jpeg"}],"author":"N.S Carideal","twitter_card":"summary_large_image","twitter_creator":"@caridealauto","twitter_site":"@caridealauto","twitter_misc":{"\u00c9crit par":"N.S Carideal","Dur\u00e9e de lecture estim\u00e9e":"3 minutes"},"schema":{"@context":"https:\/\/schema.org","@graph":[{"@type":"Article","@id":"https:\/\/www.carideal.com\/blog\/2012\/06\/28\/citroen-c4-l\/#article","isPartOf":{"@id":"https:\/\/www.carideal.com\/blog\/2012\/06\/28\/citroen-c4-l\/"},"author":{"name":"N.S Carideal","@id":"https:\/\/www.carideal.com\/blog\/#\/schema\/person\/985c7e757d1042d647f21bfaf8d41ebc"},"headline":"Citro\u00ebn C4 Lounge tri-corps","datePublished":"2012-06-28T10:13:00+00:00","dateModified":"2020-03-07T15:41:52+00:00","mainEntityOfPage":{"@id":"https:\/\/www.carideal.com\/blog\/2012\/06\/28\/citroen-c4-l\/"},"wordCount":526,"commentCount":0,"publisher":{"@id":"https:\/\/www.carideal.com\/blog\/#organization"},"image":{"@id":"https:\/\/www.carideal.com\/blog\/2012\/06\/28\/citroen-c4-l\/#primaryimage"},"thumbnailUrl":"https:\/\/www.carideal.com\/blog\/wp-content\/uploads\/2012\/06\/Citroen-C4-Lounge-carideal_m.jpg","keywords":["Berline tri-corps"],"articleSection":["Actualit\u00e9 Citroen","Actualit\u00e9 Constructeur automobile","Berlines","Type de v\u00e9hicule"],"inLanguage":"fr-FR","potentialAction":[{"@type":"CommentAction","name":"Comment","target":["https:\/\/www.carideal.com\/blog\/2012\/06\/28\/citroen-c4-l\/#respond"]}]},{"@type":"WebPage","@id":"https:\/\/www.carideal.com\/blog\/2012\/06\/28\/citroen-c4-l\/","url":"https:\/\/www.carideal.com\/blog\/2012\/06\/28\/citroen-c4-l\/","name":"Citro\u00ebn C4 Lounge tri-corps - Blog auto Carid\u00e9al","isPartOf":{"@id":"https:\/\/www.carideal.com\/blog\/#website"},"primaryImageOfPage":{"@id":"https:\/\/www.carideal.com\/blog\/2012\/06\/28\/citroen-c4-l\/#primaryimage"},"image":{"@id":"https:\/\/www.carideal.com\/blog\/2012\/06\/28\/citroen-c4-l\/#primaryimage"},"thumbnailUrl":"https:\/\/www.carideal.com\/blog\/wp-content\/uploads\/2012\/06\/Citroen-C4-Lounge-carideal_m.jpg","datePublished":"2012-06-28T10:13:00+00:00","dateModified":"2020-03-07T15:41:52+00:00","description":"Dessin\u00e9e par le centre de style Citro\u00ebn de Shangai, cette version L (pour lounge) de la C4 repose sur un empattement agrandi de 10 cm. Et son porte-\u00e0-faux arri\u00e8re allong\u00e9 am\u00e8ne son format \u00e0 4.62M (4.33M pour la C4 commercialis\u00e9e en France).","breadcrumb":{"@id":"https:\/\/www.carideal.com\/blog\/2012\/06\/28\/citroen-c4-l\/#breadcrumb"},"inLanguage":"fr-FR","potentialAction":[{"@type":"ReadAction","target":["https:\/\/www.carideal.com\/blog\/2012\/06\/28\/citroen-c4-l\/"]}]},{"@type":"ImageObject","inLanguage":"fr-FR","@id":"https:\/\/www.carideal.com\/blog\/2012\/06\/28\/citroen-c4-l\/#primaryimage","url":"https:\/\/www.carideal.com\/blog\/wp-content\/uploads\/2012\/06\/Citroen-C4-Lounge-carideal_m.jpg","contentUrl":"https:\/\/www.carideal.com\/blog\/wp-content\/uploads\/2012\/06\/Citroen-C4-Lounge-carideal_m.jpg","width":448,"height":298,"caption":"Citroen C4 Lounge"},{"@type":"BreadcrumbList","@id":"https:\/\/www.carideal.com\/blog\/2012\/06\/28\/citroen-c4-l\/#breadcrumb","itemListElement":[{"@type":"ListItem","position":1,"name":"Blog Carid\u00e9al","item":"https:\/\/www.carideal.com\/blog\/"},{"@type":"ListItem","position":2,"name":"Actualit\u00e9 constructeur automobile","item":"https:\/\/www.carideal.com\/blog\/constructeur\/"},{"@type":"ListItem","position":3,"name":"Actualit\u00e9 Citroen","item":"https:\/\/www.carideal.com\/blog\/constructeur\/citroen\/"},{"@type":"ListItem","position":4,"name":"Citro\u00ebn C4 Lounge tri-corps"}]},{"@type":"WebSite","@id":"https:\/\/www.carideal.com\/blog\/#website","url":"https:\/\/www.carideal.com\/blog\/","name":"Blog auto Carid\u00e9al","description":"Actualit\u00e9 auto par des passionn\u00e9s","publisher":{"@id":"https:\/\/www.carideal.com\/blog\/#organization"},"potentialAction":[{"@type":"SearchAction","target":{"@type":"EntryPoint","urlTemplate":"https:\/\/www.carideal.com\/blog\/?s={search_term_string}"},"query-input":{"@type":"PropertyValueSpecification","valueRequired":true,"valueName":"search_term_string"}}],"inLanguage":"fr-FR"},{"@type":"Organization","@id":"https:\/\/www.carideal.com\/blog\/#organization","name":"Carideal","url":"https:\/\/www.carideal.com\/blog\/","logo":{"@type":"ImageObject","inLanguage":"fr-FR","@id":"https:\/\/www.carideal.com\/blog\/#\/schema\/logo\/image\/","url":"http:\/\/www.carideal.com\/blog\/wp-content\/uploads\/2016\/03\/logo-carideal-mandataire-automobile.png","contentUrl":"http:\/\/www.carideal.com\/blog\/wp-content\/uploads\/2016\/03\/logo-carideal-mandataire-automobile.png","width":300,"height":300,"caption":"Carideal"},"image":{"@id":"https:\/\/www.carideal.com\/blog\/#\/schema\/logo\/image\/"},"sameAs":["https:\/\/www.facebook.com\/Carideal.mandataire.automobile","https:\/\/x.com\/caridealauto","https:\/\/www.instagram.com\/carideal1\/","https:\/\/www.linkedin.com\/company\/carideal.com","https:\/\/fr.pinterest.com\/schiavonsas\/","https:\/\/www.youtube.com\/user\/caridealsas"]},{"@type":"Person","@id":"https:\/\/www.carideal.com\/blog\/#\/schema\/person\/985c7e757d1042d647f21bfaf8d41ebc","name":"N.S Carideal","image":{"@type":"ImageObject","inLanguage":"fr-FR","@id":"https:\/\/www.carideal.com\/blog\/#\/schema\/person\/image\/","url":"https:\/\/secure.gravatar.com\/avatar\/edb7ccdf1a4e3d14aef967760d354d0e?s=96&r=g","contentUrl":"https:\/\/secure.gravatar.com\/avatar\/edb7ccdf1a4e3d14aef967760d354d0e?s=96&r=g","caption":"N.S Carideal"},"description":"Depuis tout petit fan d'automobile. Il est question d'essayer et de comparer toutes ces voitures qui nous ont fait r\u00e9ver, avant que celles-ci ne devient uniquement des voitures de collection.","sameAs":["http:\/\/www.carideal.com\/blog","https:\/\/www.facebook.com\/Carideal.mandataire.automobile\/","https:\/\/www.linkedin.com\/in\/nschiavon\/","https:\/\/www.youtube.com\/user\/caridealsas\/"],"url":"https:\/\/www.carideal.com\/blog\/author\/admin_carideal\/"}]}},"uagb_featured_image_src":{"full":["https:\/\/www.carideal.com\/blog\/wp-content\/uploads\/2012\/06\/Citroen-C4-Lounge-carideal_m.jpg",448,298,false],"thumbnail":["https:\/\/www.carideal.com\/blog\/wp-content\/uploads\/2012\/06\/Citroen-C4-Lounge-carideal_m-150x150.jpg",150,150,true],"medium":["https:\/\/www.carideal.com\/blog\/wp-content\/uploads\/2012\/06\/Citroen-C4-Lounge-carideal_m-300x200.jpg",300,200,true],"medium_large":["https:\/\/www.carideal.com\/blog\/wp-content\/uploads\/2012\/06\/Citroen-C4-Lounge-carideal_m.jpg",448,298,false],"large":["https:\/\/www.carideal.com\/blog\/wp-content\/uploads\/2012\/06\/Citroen-C4-Lounge-carideal_m.jpg",448,298,false],"1536x1536":["https:\/\/www.carideal.com\/blog\/wp-content\/uploads\/2012\/06\/Citroen-C4-Lounge-carideal_m.jpg",448,298,false],"2048x2048":["https:\/\/www.carideal.com\/blog\/wp-content\/uploads\/2012\/06\/Citroen-C4-Lounge-carideal_m.jpg",448,298,false],"wppr-widget":["https:\/\/www.carideal.com\/blog\/wp-content\/uploads\/2012\/06\/Citroen-C4-Lounge-carideal_m.jpg",50,33,false]},"uagb_author_info":{"display_name":"N.S Carideal","author_link":"https:\/\/www.carideal.com\/blog\/author\/admin_carideal\/"},"uagb_comment_info":0,"uagb_excerpt":"Citro\u00ebn C4 Lounge Dessin\u00e9e par le centre de style Citro\u00ebn de Shangai, cette version L (pour lounge) de la C4 repose sur un empattement agrandi de 10 cm. Et son porte-\u00e0-faux arri\u00e8re allong\u00e9 am\u00e8ne son format \u00e0 4.62M (4.33M pour la C4 commercialis\u00e9e en France). Elle vise une client\u00e8le de haut de gamme et mise\u2026","_links":{"self":[{"href":"https:\/\/www.carideal.com\/blog\/wp-json\/wp\/v2\/posts\/1176"}],"collection":[{"href":"https:\/\/www.carideal.com\/blog\/wp-json\/wp\/v2\/posts"}],"about":[{"href":"https:\/\/www.carideal.com\/blog\/wp-json\/wp\/v2\/types\/post"}],"author":[{"embeddable":true,"href":"https:\/\/www.carideal.com\/blog\/wp-json\/wp\/v2\/users\/1"}],"replies":[{"embeddable":true,"href":"https:\/\/www.carideal.com\/blog\/wp-json\/wp\/v2\/comments?post=1176"}],"version-history":[{"count":0,"href":"https:\/\/www.carideal.com\/blog\/wp-json\/wp\/v2\/posts\/1176\/revisions"}],"wp:featuredmedia":[{"embeddable":true,"href":"https:\/\/www.carideal.com\/blog\/wp-json\/wp\/v2\/media\/15215"}],"wp:attachment":[{"href":"https:\/\/www.carideal.com\/blog\/wp-json\/wp\/v2\/media?parent=1176"}],"wp:term":[{"taxonomy":"category","embeddable":true,"href":"https:\/\/www.carideal.com\/blog\/wp-json\/wp\/v2\/categories?post=1176"},{"taxonomy":"post_tag","embeddable":true,"href":"https:\/\/www.carideal.com\/blog\/wp-json\/wp\/v2\/tags?post=1176"}],"curies":[{"name":"wp","href":"https:\/\/api.w.org\/{rel}","templated":true}]}}