{"id":1174,"date":"2012-06-27T16:04:00","date_gmt":"2012-06-27T16:04:00","guid":{"rendered":"http:\/\/carideal.com\/blog\/?p=1174"},"modified":"2020-02-22T15:54:03","modified_gmt":"2020-02-22T14:54:03","slug":"citroen-ds3-serie-speciale","status":"publish","type":"post","link":"https:\/\/www.carideal.com\/blog\/2012\/06\/27\/citroen-ds3-serie-speciale\/","title":{"rendered":"Citro\u00ebn DS3 S\u00e9rie sp\u00e9ciale : prix et \u00e9quipements"},"content":{"rendered":"<h2>Une Citro\u00ebn DS3 S\u00e9rie sp\u00e9ciale de plus<\/h2>\n<p>La <strong>DS3<\/strong>\u00a0<strong>S\u00e9rie Sp\u00e9ciale<\/strong> est fid\u00e8le aux\u00a0concepts de la gamme <a href=\"http:\/\/www.carideal.com\/blog\/marque-de-voiture-actualites-essais\/ds\/\">DS<\/a>. Et l'affirme une fois de plus avec cette version <strong>DS3 Graphic-Art<\/strong> dont la principale caract\u00e9ristique est adh\u00e9sif de toit in\u00e9dit.<\/p>\n<figure id=\"attachment_11646\" aria-describedby=\"caption-attachment-11646\" style=\"width: 590px\" class=\"wp-caption aligncenter\"><img loading=\"lazy\" decoding=\"async\" class=\"size-full wp-image-11646\" src=\"http:\/\/www.carideal.com\/blog\/wp-content\/uploads\/2012\/06\/DS3-serie-speciale-ines-de-la-fressange-e1582382945436.jpg\" alt=\"Citro\u00ebn DS3 S\u00e9rie sp\u00e9ciale : prix et \u00e9quipements\" width=\"600\" height=\"416\" \/><figcaption id=\"caption-attachment-11646\" class=\"wp-caption-text\">Citro\u00ebn DS3 S\u00e9rie sp\u00e9ciale : prix et \u00e9quipements<\/figcaption><\/figure>\n<p>Elle chausse \u00e9galement de nouvelle jantes en alliage de 17 pouces et poss\u00e8de de r\u00e9troviseur et baguettes lat\u00e9rales chrom\u00e9es. \u00c0 l'int\u00e9rieur, les tapis de sol arborent le m\u00eame motif que le sticker de toit et le bandeau de la planche de bord est propos\u00e9 en deux coloris : noir ou blanc.<\/p>\n<p>Retrouvez-les <span style=\"text-decoration: underline;\">DS3 d'Occasion<\/span> sur Carideal <span style=\"text-decoration: underline;\"><a href=\"http:\/\/www.carideal.com\/\">Mandataire auto<\/a><\/span><\/p>\n<h2>Les moteurs de la DS3 S\u00e9rie sp\u00e9ciale Graphic Art<\/h2>\n<figure id=\"attachment_21972\" aria-describedby=\"caption-attachment-21972\" style=\"width: 438px\" class=\"wp-caption aligncenter\"><img loading=\"lazy\" decoding=\"async\" class=\"size-full wp-image-21972\" src=\"http:\/\/www.carideal.com\/blog\/wp-content\/uploads\/2012\/06\/Citroen-DS3-serie-Graphic-Art-carideal_m.jpg\" alt=\"Citroen DS3 S\u00e9rie sp\u00e9ciale Graphic Art\" width=\"448\" height=\"252\" srcset=\"https:\/\/www.carideal.com\/blog\/wp-content\/uploads\/2012\/06\/Citroen-DS3-serie-Graphic-Art-carideal_m.jpg 448w, https:\/\/www.carideal.com\/blog\/wp-content\/uploads\/2012\/06\/Citroen-DS3-serie-Graphic-Art-carideal_m-300x169.jpg 300w, https:\/\/www.carideal.com\/blog\/wp-content\/uploads\/2012\/06\/Citroen-DS3-serie-Graphic-Art-carideal_m-50x28.jpg 50w, https:\/\/www.carideal.com\/blog\/wp-content\/uploads\/2012\/06\/Citroen-DS3-serie-Graphic-Art-carideal_m-110x62.jpg 110w, https:\/\/www.carideal.com\/blog\/wp-content\/uploads\/2012\/06\/Citroen-DS3-serie-Graphic-Art-carideal_m-420x236.jpg 420w\" sizes=\"(max-width: 448px) 100vw, 448px\" \/><figcaption id=\"caption-attachment-21972\" class=\"wp-caption-text\">Citro\u00ebn DS3 S\u00e9rie sp\u00e9ciale Graphic Art<\/figcaption><\/figure>\n<p>C\u00f4t\u00e9 moteurs, cette version limit\u00e9e peut \u00eatre anim\u00e9e par le 1.6VTi de 120 ch ou par le 1.6 e-hdi de 90ch. Et laisse le choix entre transmission manuelle ou automatique (robotis\u00e9e sur le diesel) Bas\u00e9 sur la version DS3 Sport Chic, l'\u00e9quipement s'enrichit des feux et essuie-glaces automatiques, des radars de stationnement arri\u00e8re, des r\u00e9troviseurs rabattables \u00e9lectriquement et de l'accoudoir central.<\/p>\n<p>Toutes nos <span style=\"text-decoration: underline;\">voitures d'occasions<\/span> sur Carideal.com<\/p>\n<h2>Prix DS3 S\u00e9rie sp\u00e9ciale Graphic Art<\/h2>\n<p>Une dotation g\u00e9n\u00e9reuse pour cette s\u00e9rie sp\u00e9ciale DS3 avec un prix en hausse de seulement 1200\u20ac (\u00e0 partir de 19750\u20ac).<\/p>\n<p>Nous vous avions pr\u00e9sent\u00e9 d'autre DS3 s\u00e9rie sp\u00e9ciale comme la <span style=\"text-decoration: underline;\"><a href=\"http:\/\/www.carideal.com\/blog\/2014\/02\/08\/seulement-20-exemplaires-de-la-citroen-ds3-racing-gold-mat-pour-le-japon\/\">DS3\u00a0Racing Golg Mat<\/a><\/span>, La <a href=\"http:\/\/www.carideal.com\/blog\/2011\/12\/30\/citroen-ds3-ultra-prestige-pour-un-soir-de-reveillon\/\">DS3 Ultra Prestige<\/a>, La DS3 Dark Rose etc. La <span style=\"text-decoration: underline;\"><a href=\"http:\/\/www.carideal.com\/blog\/2016\/01\/22\/nouvelle-ds3-2016\/\">DS3 2016<\/a><\/span> a \u00e9t\u00e9 l\u00e9g\u00e8rement revue, esth\u00e9tiquement mais ce n'est pas une version sp\u00e9ciale.<\/p>\n<p>La marque DS avait annonc\u00e9 la <span style=\"text-decoration: underline;\"><a href=\"http:\/\/www.carideal.com\/blog\/2015\/02\/28\/ds-confirme-larrive-dun-petit-suv-la-ds3-x\/\">DS3 X<\/a><\/span> qui n'\u00e9tait autre chose que le pr\u00e9curseur du <a href=\"http:\/\/www.carideal.com\/blog\/2016\/02\/12\/ds3-crossback\/\"><span style=\"text-decoration: underline;\">SUV DS3<\/span>\u00a0Crossback<\/a> qui arrivera bient\u00f4t sur le <span style=\"text-decoration: underline;\"><a href=\"http:\/\/www.carideal.com\/blog\/category\/marche-automobile-voiture-neuve-occasion-4x4-suv\/\">march\u00e9 automobile<\/a><\/span>. L'utilisation de s\u00e9rie sp\u00e9ciale permet de valoriser un mod\u00e8le, une marque en mettant l'accent sur les \u00e9quipements, les couleurs ou la mode. Le client va donc s'approprier cette appartenance \u00e0 une image, mouvance ou effet de mode pour se revendiquer de ce groupe.<\/p>\n<h2>Vid\u00e9o DS3 sp\u00e9ciale occasion<\/h2>\n<p><iframe loading=\"lazy\" src=\"https:\/\/www.youtube.com\/embed\/S_qt1Cg_9Mg\" width=\"560\" height=\"315\" frameborder=\"0\" allowfullscreen=\"allowfullscreen\"><\/iframe><\/p>\n","protected":false},"excerpt":{"rendered":"<p>Une Citro\u00ebn DS3 S\u00e9rie sp\u00e9ciale de plus La DS3\u00a0S\u00e9rie Sp\u00e9ciale est fid\u00e8le aux\u00a0concepts de la gamme DS. Et l&rsquo;affirme une fois de plus avec cette version DS3 Graphic-Art dont la principale caract\u00e9ristique est adh\u00e9sif de toit in\u00e9dit. Elle chausse \u00e9galement de nouvelle jantes en alliage de 17 pouces et poss\u00e8de de r\u00e9troviseur et baguettes lat\u00e9rales &#8230; <a title=\"Citro\u00ebn DS3 S\u00e9rie sp\u00e9ciale : prix et \u00e9quipements\" class=\"read-more\" href=\"https:\/\/www.carideal.com\/blog\/2012\/06\/27\/citroen-ds3-serie-speciale\/\" aria-label=\"En savoir plus sur Citro\u00ebn DS3 S\u00e9rie sp\u00e9ciale : prix et \u00e9quipements\">Lire plus<\/a><\/p>\n","protected":false},"author":1,"featured_media":11646,"comment_status":"open","ping_status":"open","sticky":false,"template":"","format":"standard","meta":{"_uag_custom_page_level_css":"","_themeisle_gutenberg_block_has_review":false,"footnotes":""},"categories":[21,5,5944,6001,6012,10,5974],"tags":[29],"class_list":["post-1174","post","type-post","status-publish","format-standard","has-post-thumbnail","hentry","category-actualites-auto","category-citroen","category-constructeur","category-ds","category-berlines","category-marche-automobile-voiture-neuve-occasion-4x4-suv","category-type-de-vehicule","tag-remise"],"wppr_data":{"cwp_meta_box_check":"No"},"yoast_head":"<!-- This site is optimized with the Yoast SEO plugin v24.8.1 - https:\/\/yoast.com\/wordpress\/plugins\/seo\/ -->\n<title>Citro\u00ebn DS3 S\u00e9rie sp\u00e9ciale : prix et \u00e9quipements - Blog auto Carid\u00e9al<\/title>\n<meta name=\"description\" content=\"La DS3 S\u00e9rie Sp\u00e9ciale est fid\u00e8le aux concepts de la gamme DS. Et l&#039;affirme une fois de plus avec cette version DS3 Graphic-Art\" \/>\n<meta name=\"robots\" content=\"index, follow, max-snippet:-1, max-image-preview:large, max-video-preview:-1\" \/>\n<link rel=\"canonical\" href=\"https:\/\/www.carideal.com\/blog\/2012\/06\/27\/citroen-ds3-serie-speciale\/\" \/>\n<meta property=\"og:locale\" content=\"fr_FR\" \/>\n<meta property=\"og:type\" content=\"article\" \/>\n<meta property=\"og:title\" content=\"Citro\u00ebn DS3 S\u00e9rie sp\u00e9ciale : prix et \u00e9quipements - Blog auto Carid\u00e9al\" \/>\n<meta property=\"og:description\" content=\"La DS3 S\u00e9rie Sp\u00e9ciale est fid\u00e8le aux concepts de la gamme DS. Et l&#039;affirme une fois de plus avec cette version DS3 Graphic-Art\" \/>\n<meta property=\"og:url\" content=\"https:\/\/www.carideal.com\/blog\/2012\/06\/27\/citroen-ds3-serie-speciale\/\" \/>\n<meta property=\"og:site_name\" content=\"Blog auto Carid\u00e9al\" \/>\n<meta property=\"article:publisher\" content=\"https:\/\/www.facebook.com\/Carideal.mandataire.automobile\" \/>\n<meta property=\"article:author\" content=\"https:\/\/www.facebook.com\/Carideal.mandataire.automobile\/\" \/>\n<meta property=\"article:published_time\" content=\"2012-06-27T16:04:00+00:00\" \/>\n<meta property=\"article:modified_time\" content=\"2020-02-22T14:54:03+00:00\" \/>\n<meta property=\"og:image\" content=\"https:\/\/www.carideal.com\/blog\/wp-content\/uploads\/2012\/06\/DS3-serie-speciale-ines-de-la-fressange-e1582382945436.jpg\" \/>\n\t<meta property=\"og:image:width\" content=\"600\" \/>\n\t<meta property=\"og:image:height\" content=\"416\" \/>\n\t<meta property=\"og:image:type\" content=\"image\/jpeg\" \/>\n<meta name=\"author\" content=\"N.S Carideal\" \/>\n<meta name=\"twitter:card\" content=\"summary_large_image\" \/>\n<meta name=\"twitter:creator\" content=\"@caridealauto\" \/>\n<meta name=\"twitter:site\" content=\"@caridealauto\" \/>\n<meta name=\"twitter:label1\" content=\"\u00c9crit par\" \/>\n\t<meta name=\"twitter:data1\" content=\"N.S Carideal\" \/>\n\t<meta name=\"twitter:label2\" content=\"Dur\u00e9e de lecture estim\u00e9e\" \/>\n\t<meta name=\"twitter:data2\" content=\"2 minutes\" \/>\n<script type=\"application\/ld+json\" class=\"yoast-schema-graph\">{\"@context\":\"https:\/\/schema.org\",\"@graph\":[{\"@type\":\"Article\",\"@id\":\"https:\/\/www.carideal.com\/blog\/2012\/06\/27\/citroen-ds3-serie-speciale\/#article\",\"isPartOf\":{\"@id\":\"https:\/\/www.carideal.com\/blog\/2012\/06\/27\/citroen-ds3-serie-speciale\/\"},\"author\":{\"name\":\"N.S Carideal\",\"@id\":\"https:\/\/www.carideal.com\/blog\/#\/schema\/person\/985c7e757d1042d647f21bfaf8d41ebc\"},\"headline\":\"Citro\u00ebn DS3 S\u00e9rie sp\u00e9ciale : prix et \u00e9quipements\",\"datePublished\":\"2012-06-27T16:04:00+00:00\",\"dateModified\":\"2020-02-22T14:54:03+00:00\",\"mainEntityOfPage\":{\"@id\":\"https:\/\/www.carideal.com\/blog\/2012\/06\/27\/citroen-ds3-serie-speciale\/\"},\"wordCount\":389,\"commentCount\":0,\"publisher\":{\"@id\":\"https:\/\/www.carideal.com\/blog\/#organization\"},\"image\":{\"@id\":\"https:\/\/www.carideal.com\/blog\/2012\/06\/27\/citroen-ds3-serie-speciale\/#primaryimage\"},\"thumbnailUrl\":\"https:\/\/www.carideal.com\/blog\/wp-content\/uploads\/2012\/06\/DS3-serie-speciale-ines-de-la-fressange-e1582382945436.jpg\",\"keywords\":[\"Remise voiture neuve\"],\"articleSection\":[\"Actualit\u00e9 automobile\",\"Actualit\u00e9 Citroen\",\"Actualit\u00e9 Constructeur automobile\",\"Actualit\u00e9 DS\",\"Berlines\",\"March\u00e9 automobile\",\"Type de v\u00e9hicule\"],\"inLanguage\":\"fr-FR\",\"potentialAction\":[{\"@type\":\"CommentAction\",\"name\":\"Comment\",\"target\":[\"https:\/\/www.carideal.com\/blog\/2012\/06\/27\/citroen-ds3-serie-speciale\/#respond\"]}]},{\"@type\":\"WebPage\",\"@id\":\"https:\/\/www.carideal.com\/blog\/2012\/06\/27\/citroen-ds3-serie-speciale\/\",\"url\":\"https:\/\/www.carideal.com\/blog\/2012\/06\/27\/citroen-ds3-serie-speciale\/\",\"name\":\"Citro\u00ebn DS3 S\u00e9rie sp\u00e9ciale : prix et \u00e9quipements - Blog auto Carid\u00e9al\",\"isPartOf\":{\"@id\":\"https:\/\/www.carideal.com\/blog\/#website\"},\"primaryImageOfPage\":{\"@id\":\"https:\/\/www.carideal.com\/blog\/2012\/06\/27\/citroen-ds3-serie-speciale\/#primaryimage\"},\"image\":{\"@id\":\"https:\/\/www.carideal.com\/blog\/2012\/06\/27\/citroen-ds3-serie-speciale\/#primaryimage\"},\"thumbnailUrl\":\"https:\/\/www.carideal.com\/blog\/wp-content\/uploads\/2012\/06\/DS3-serie-speciale-ines-de-la-fressange-e1582382945436.jpg\",\"datePublished\":\"2012-06-27T16:04:00+00:00\",\"dateModified\":\"2020-02-22T14:54:03+00:00\",\"description\":\"La DS3 S\u00e9rie Sp\u00e9ciale est fid\u00e8le aux concepts de la gamme DS. Et l'affirme une fois de plus avec cette version DS3 Graphic-Art\",\"breadcrumb\":{\"@id\":\"https:\/\/www.carideal.com\/blog\/2012\/06\/27\/citroen-ds3-serie-speciale\/#breadcrumb\"},\"inLanguage\":\"fr-FR\",\"potentialAction\":[{\"@type\":\"ReadAction\",\"target\":[\"https:\/\/www.carideal.com\/blog\/2012\/06\/27\/citroen-ds3-serie-speciale\/\"]}]},{\"@type\":\"ImageObject\",\"inLanguage\":\"fr-FR\",\"@id\":\"https:\/\/www.carideal.com\/blog\/2012\/06\/27\/citroen-ds3-serie-speciale\/#primaryimage\",\"url\":\"https:\/\/www.carideal.com\/blog\/wp-content\/uploads\/2012\/06\/DS3-serie-speciale-ines-de-la-fressange-e1582382945436.jpg\",\"contentUrl\":\"https:\/\/www.carideal.com\/blog\/wp-content\/uploads\/2012\/06\/DS3-serie-speciale-ines-de-la-fressange-e1582382945436.jpg\",\"width\":600,\"height\":416,\"caption\":\"Citro\u00ebn DS3 S\u00e9rie sp\u00e9ciale : prix et \u00e9quipements\"},{\"@type\":\"BreadcrumbList\",\"@id\":\"https:\/\/www.carideal.com\/blog\/2012\/06\/27\/citroen-ds3-serie-speciale\/#breadcrumb\",\"itemListElement\":[{\"@type\":\"ListItem\",\"position\":1,\"name\":\"Blog Carid\u00e9al\",\"item\":\"https:\/\/www.carideal.com\/blog\/\"},{\"@type\":\"ListItem\",\"position\":2,\"name\":\"March\u00e9 automobile\",\"item\":\"https:\/\/www.carideal.com\/blog\/marche-automobile-voiture-neuve-occasion-4x4-suv\/\"},{\"@type\":\"ListItem\",\"position\":3,\"name\":\"Citro\u00ebn DS3 S\u00e9rie sp\u00e9ciale : prix et \u00e9quipements\"}]},{\"@type\":\"WebSite\",\"@id\":\"https:\/\/www.carideal.com\/blog\/#website\",\"url\":\"https:\/\/www.carideal.com\/blog\/\",\"name\":\"Blog auto Carid\u00e9al\",\"description\":\"Actualit\u00e9 auto par des passionn\u00e9s\",\"publisher\":{\"@id\":\"https:\/\/www.carideal.com\/blog\/#organization\"},\"potentialAction\":[{\"@type\":\"SearchAction\",\"target\":{\"@type\":\"EntryPoint\",\"urlTemplate\":\"https:\/\/www.carideal.com\/blog\/?s={search_term_string}\"},\"query-input\":{\"@type\":\"PropertyValueSpecification\",\"valueRequired\":true,\"valueName\":\"search_term_string\"}}],\"inLanguage\":\"fr-FR\"},{\"@type\":\"Organization\",\"@id\":\"https:\/\/www.carideal.com\/blog\/#organization\",\"name\":\"Carideal\",\"url\":\"https:\/\/www.carideal.com\/blog\/\",\"logo\":{\"@type\":\"ImageObject\",\"inLanguage\":\"fr-FR\",\"@id\":\"https:\/\/www.carideal.com\/blog\/#\/schema\/logo\/image\/\",\"url\":\"http:\/\/www.carideal.com\/blog\/wp-content\/uploads\/2016\/03\/logo-carideal-mandataire-automobile.png\",\"contentUrl\":\"http:\/\/www.carideal.com\/blog\/wp-content\/uploads\/2016\/03\/logo-carideal-mandataire-automobile.png\",\"width\":300,\"height\":300,\"caption\":\"Carideal\"},\"image\":{\"@id\":\"https:\/\/www.carideal.com\/blog\/#\/schema\/logo\/image\/\"},\"sameAs\":[\"https:\/\/www.facebook.com\/Carideal.mandataire.automobile\",\"https:\/\/x.com\/caridealauto\",\"https:\/\/www.instagram.com\/carideal1\/\",\"https:\/\/www.linkedin.com\/company\/carideal.com\",\"https:\/\/fr.pinterest.com\/schiavonsas\/\",\"https:\/\/www.youtube.com\/user\/caridealsas\"]},{\"@type\":\"Person\",\"@id\":\"https:\/\/www.carideal.com\/blog\/#\/schema\/person\/985c7e757d1042d647f21bfaf8d41ebc\",\"name\":\"N.S Carideal\",\"image\":{\"@type\":\"ImageObject\",\"inLanguage\":\"fr-FR\",\"@id\":\"https:\/\/www.carideal.com\/blog\/#\/schema\/person\/image\/\",\"url\":\"https:\/\/secure.gravatar.com\/avatar\/edb7ccdf1a4e3d14aef967760d354d0e?s=96&r=g\",\"contentUrl\":\"https:\/\/secure.gravatar.com\/avatar\/edb7ccdf1a4e3d14aef967760d354d0e?s=96&r=g\",\"caption\":\"N.S Carideal\"},\"description\":\"Depuis tout petit fan d'automobile. Il est question d'essayer et de comparer toutes ces voitures qui nous ont fait r\u00e9ver, avant que celles-ci ne devient uniquement des voitures de collection.\",\"sameAs\":[\"http:\/\/www.carideal.com\/blog\",\"https:\/\/www.facebook.com\/Carideal.mandataire.automobile\/\",\"https:\/\/www.linkedin.com\/in\/nschiavon\/\",\"https:\/\/www.youtube.com\/user\/caridealsas\/\"],\"url\":\"https:\/\/www.carideal.com\/blog\/author\/admin_carideal\/\"}]}<\/script>\n<!-- \/ Yoast SEO plugin. -->","yoast_head_json":{"title":"Citro\u00ebn DS3 S\u00e9rie sp\u00e9ciale : prix et \u00e9quipements - Blog auto Carid\u00e9al","description":"La DS3 S\u00e9rie Sp\u00e9ciale est fid\u00e8le aux concepts de la gamme DS. Et l'affirme une fois de plus avec cette version DS3 Graphic-Art","robots":{"index":"index","follow":"follow","max-snippet":"max-snippet:-1","max-image-preview":"max-image-preview:large","max-video-preview":"max-video-preview:-1"},"canonical":"https:\/\/www.carideal.com\/blog\/2012\/06\/27\/citroen-ds3-serie-speciale\/","og_locale":"fr_FR","og_type":"article","og_title":"Citro\u00ebn DS3 S\u00e9rie sp\u00e9ciale : prix et \u00e9quipements - Blog auto Carid\u00e9al","og_description":"La DS3 S\u00e9rie Sp\u00e9ciale est fid\u00e8le aux concepts de la gamme DS. Et l'affirme une fois de plus avec cette version DS3 Graphic-Art","og_url":"https:\/\/www.carideal.com\/blog\/2012\/06\/27\/citroen-ds3-serie-speciale\/","og_site_name":"Blog auto Carid\u00e9al","article_publisher":"https:\/\/www.facebook.com\/Carideal.mandataire.automobile","article_author":"https:\/\/www.facebook.com\/Carideal.mandataire.automobile\/","article_published_time":"2012-06-27T16:04:00+00:00","article_modified_time":"2020-02-22T14:54:03+00:00","og_image":[{"width":600,"height":416,"url":"https:\/\/www.carideal.com\/blog\/wp-content\/uploads\/2012\/06\/DS3-serie-speciale-ines-de-la-fressange-e1582382945436.jpg","type":"image\/jpeg"}],"author":"N.S Carideal","twitter_card":"summary_large_image","twitter_creator":"@caridealauto","twitter_site":"@caridealauto","twitter_misc":{"\u00c9crit par":"N.S Carideal","Dur\u00e9e de lecture estim\u00e9e":"2 minutes"},"schema":{"@context":"https:\/\/schema.org","@graph":[{"@type":"Article","@id":"https:\/\/www.carideal.com\/blog\/2012\/06\/27\/citroen-ds3-serie-speciale\/#article","isPartOf":{"@id":"https:\/\/www.carideal.com\/blog\/2012\/06\/27\/citroen-ds3-serie-speciale\/"},"author":{"name":"N.S Carideal","@id":"https:\/\/www.carideal.com\/blog\/#\/schema\/person\/985c7e757d1042d647f21bfaf8d41ebc"},"headline":"Citro\u00ebn DS3 S\u00e9rie sp\u00e9ciale : prix et \u00e9quipements","datePublished":"2012-06-27T16:04:00+00:00","dateModified":"2020-02-22T14:54:03+00:00","mainEntityOfPage":{"@id":"https:\/\/www.carideal.com\/blog\/2012\/06\/27\/citroen-ds3-serie-speciale\/"},"wordCount":389,"commentCount":0,"publisher":{"@id":"https:\/\/www.carideal.com\/blog\/#organization"},"image":{"@id":"https:\/\/www.carideal.com\/blog\/2012\/06\/27\/citroen-ds3-serie-speciale\/#primaryimage"},"thumbnailUrl":"https:\/\/www.carideal.com\/blog\/wp-content\/uploads\/2012\/06\/DS3-serie-speciale-ines-de-la-fressange-e1582382945436.jpg","keywords":["Remise voiture neuve"],"articleSection":["Actualit\u00e9 automobile","Actualit\u00e9 Citroen","Actualit\u00e9 Constructeur automobile","Actualit\u00e9 DS","Berlines","March\u00e9 automobile","Type de v\u00e9hicule"],"inLanguage":"fr-FR","potentialAction":[{"@type":"CommentAction","name":"Comment","target":["https:\/\/www.carideal.com\/blog\/2012\/06\/27\/citroen-ds3-serie-speciale\/#respond"]}]},{"@type":"WebPage","@id":"https:\/\/www.carideal.com\/blog\/2012\/06\/27\/citroen-ds3-serie-speciale\/","url":"https:\/\/www.carideal.com\/blog\/2012\/06\/27\/citroen-ds3-serie-speciale\/","name":"Citro\u00ebn DS3 S\u00e9rie sp\u00e9ciale : prix et \u00e9quipements - Blog auto Carid\u00e9al","isPartOf":{"@id":"https:\/\/www.carideal.com\/blog\/#website"},"primaryImageOfPage":{"@id":"https:\/\/www.carideal.com\/blog\/2012\/06\/27\/citroen-ds3-serie-speciale\/#primaryimage"},"image":{"@id":"https:\/\/www.carideal.com\/blog\/2012\/06\/27\/citroen-ds3-serie-speciale\/#primaryimage"},"thumbnailUrl":"https:\/\/www.carideal.com\/blog\/wp-content\/uploads\/2012\/06\/DS3-serie-speciale-ines-de-la-fressange-e1582382945436.jpg","datePublished":"2012-06-27T16:04:00+00:00","dateModified":"2020-02-22T14:54:03+00:00","description":"La DS3 S\u00e9rie Sp\u00e9ciale est fid\u00e8le aux concepts de la gamme DS. Et l'affirme une fois de plus avec cette version DS3 Graphic-Art","breadcrumb":{"@id":"https:\/\/www.carideal.com\/blog\/2012\/06\/27\/citroen-ds3-serie-speciale\/#breadcrumb"},"inLanguage":"fr-FR","potentialAction":[{"@type":"ReadAction","target":["https:\/\/www.carideal.com\/blog\/2012\/06\/27\/citroen-ds3-serie-speciale\/"]}]},{"@type":"ImageObject","inLanguage":"fr-FR","@id":"https:\/\/www.carideal.com\/blog\/2012\/06\/27\/citroen-ds3-serie-speciale\/#primaryimage","url":"https:\/\/www.carideal.com\/blog\/wp-content\/uploads\/2012\/06\/DS3-serie-speciale-ines-de-la-fressange-e1582382945436.jpg","contentUrl":"https:\/\/www.carideal.com\/blog\/wp-content\/uploads\/2012\/06\/DS3-serie-speciale-ines-de-la-fressange-e1582382945436.jpg","width":600,"height":416,"caption":"Citro\u00ebn DS3 S\u00e9rie sp\u00e9ciale : prix et \u00e9quipements"},{"@type":"BreadcrumbList","@id":"https:\/\/www.carideal.com\/blog\/2012\/06\/27\/citroen-ds3-serie-speciale\/#breadcrumb","itemListElement":[{"@type":"ListItem","position":1,"name":"Blog Carid\u00e9al","item":"https:\/\/www.carideal.com\/blog\/"},{"@type":"ListItem","position":2,"name":"March\u00e9 automobile","item":"https:\/\/www.carideal.com\/blog\/marche-automobile-voiture-neuve-occasion-4x4-suv\/"},{"@type":"ListItem","position":3,"name":"Citro\u00ebn DS3 S\u00e9rie sp\u00e9ciale : prix et \u00e9quipements"}]},{"@type":"WebSite","@id":"https:\/\/www.carideal.com\/blog\/#website","url":"https:\/\/www.carideal.com\/blog\/","name":"Blog auto Carid\u00e9al","description":"Actualit\u00e9 auto par des passionn\u00e9s","publisher":{"@id":"https:\/\/www.carideal.com\/blog\/#organization"},"potentialAction":[{"@type":"SearchAction","target":{"@type":"EntryPoint","urlTemplate":"https:\/\/www.carideal.com\/blog\/?s={search_term_string}"},"query-input":{"@type":"PropertyValueSpecification","valueRequired":true,"valueName":"search_term_string"}}],"inLanguage":"fr-FR"},{"@type":"Organization","@id":"https:\/\/www.carideal.com\/blog\/#organization","name":"Carideal","url":"https:\/\/www.carideal.com\/blog\/","logo":{"@type":"ImageObject","inLanguage":"fr-FR","@id":"https:\/\/www.carideal.com\/blog\/#\/schema\/logo\/image\/","url":"http:\/\/www.carideal.com\/blog\/wp-content\/uploads\/2016\/03\/logo-carideal-mandataire-automobile.png","contentUrl":"http:\/\/www.carideal.com\/blog\/wp-content\/uploads\/2016\/03\/logo-carideal-mandataire-automobile.png","width":300,"height":300,"caption":"Carideal"},"image":{"@id":"https:\/\/www.carideal.com\/blog\/#\/schema\/logo\/image\/"},"sameAs":["https:\/\/www.facebook.com\/Carideal.mandataire.automobile","https:\/\/x.com\/caridealauto","https:\/\/www.instagram.com\/carideal1\/","https:\/\/www.linkedin.com\/company\/carideal.com","https:\/\/fr.pinterest.com\/schiavonsas\/","https:\/\/www.youtube.com\/user\/caridealsas"]},{"@type":"Person","@id":"https:\/\/www.carideal.com\/blog\/#\/schema\/person\/985c7e757d1042d647f21bfaf8d41ebc","name":"N.S Carideal","image":{"@type":"ImageObject","inLanguage":"fr-FR","@id":"https:\/\/www.carideal.com\/blog\/#\/schema\/person\/image\/","url":"https:\/\/secure.gravatar.com\/avatar\/edb7ccdf1a4e3d14aef967760d354d0e?s=96&r=g","contentUrl":"https:\/\/secure.gravatar.com\/avatar\/edb7ccdf1a4e3d14aef967760d354d0e?s=96&r=g","caption":"N.S Carideal"},"description":"Depuis tout petit fan d'automobile. Il est question d'essayer et de comparer toutes ces voitures qui nous ont fait r\u00e9ver, avant que celles-ci ne devient uniquement des voitures de collection.","sameAs":["http:\/\/www.carideal.com\/blog","https:\/\/www.facebook.com\/Carideal.mandataire.automobile\/","https:\/\/www.linkedin.com\/in\/nschiavon\/","https:\/\/www.youtube.com\/user\/caridealsas\/"],"url":"https:\/\/www.carideal.com\/blog\/author\/admin_carideal\/"}]}},"uagb_featured_image_src":{"full":["https:\/\/www.carideal.com\/blog\/wp-content\/uploads\/2012\/06\/DS3-serie-speciale-ines-de-la-fressange-e1582382945436.jpg",600,416,false],"thumbnail":["https:\/\/www.carideal.com\/blog\/wp-content\/uploads\/2012\/06\/DS3-serie-speciale-ines-de-la-fressange-150x150.jpg",150,150,true],"medium":["https:\/\/www.carideal.com\/blog\/wp-content\/uploads\/2012\/06\/DS3-serie-speciale-ines-de-la-fressange-300x208.jpg",300,208,true],"medium_large":["https:\/\/www.carideal.com\/blog\/wp-content\/uploads\/2012\/06\/DS3-serie-speciale-ines-de-la-fressange-e1582382945436.jpg",600,416,false],"large":["https:\/\/www.carideal.com\/blog\/wp-content\/uploads\/2012\/06\/DS3-serie-speciale-ines-de-la-fressange-e1582382945436.jpg",600,416,false],"1536x1536":["https:\/\/www.carideal.com\/blog\/wp-content\/uploads\/2012\/06\/DS3-serie-speciale-ines-de-la-fressange-e1582382945436.jpg",600,416,false],"2048x2048":["https:\/\/www.carideal.com\/blog\/wp-content\/uploads\/2012\/06\/DS3-serie-speciale-ines-de-la-fressange-e1582382945436.jpg",600,416,false],"wppr-widget":["https:\/\/www.carideal.com\/blog\/wp-content\/uploads\/2012\/06\/DS3-serie-speciale-ines-de-la-fressange-e1582382945436.jpg",50,35,false]},"uagb_author_info":{"display_name":"N.S Carideal","author_link":"https:\/\/www.carideal.com\/blog\/author\/admin_carideal\/"},"uagb_comment_info":0,"uagb_excerpt":"Une Citro\u00ebn DS3 S\u00e9rie sp\u00e9ciale de plus La DS3\u00a0S\u00e9rie Sp\u00e9ciale est fid\u00e8le aux\u00a0concepts de la gamme DS. Et l'affirme une fois de plus avec cette version DS3 Graphic-Art dont la principale caract\u00e9ristique est adh\u00e9sif de toit in\u00e9dit. Elle chausse \u00e9galement de nouvelle jantes en alliage de 17 pouces et poss\u00e8de de r\u00e9troviseur et baguettes lat\u00e9rales\u2026","_links":{"self":[{"href":"https:\/\/www.carideal.com\/blog\/wp-json\/wp\/v2\/posts\/1174"}],"collection":[{"href":"https:\/\/www.carideal.com\/blog\/wp-json\/wp\/v2\/posts"}],"about":[{"href":"https:\/\/www.carideal.com\/blog\/wp-json\/wp\/v2\/types\/post"}],"author":[{"embeddable":true,"href":"https:\/\/www.carideal.com\/blog\/wp-json\/wp\/v2\/users\/1"}],"replies":[{"embeddable":true,"href":"https:\/\/www.carideal.com\/blog\/wp-json\/wp\/v2\/comments?post=1174"}],"version-history":[{"count":0,"href":"https:\/\/www.carideal.com\/blog\/wp-json\/wp\/v2\/posts\/1174\/revisions"}],"wp:featuredmedia":[{"embeddable":true,"href":"https:\/\/www.carideal.com\/blog\/wp-json\/wp\/v2\/media\/11646"}],"wp:attachment":[{"href":"https:\/\/www.carideal.com\/blog\/wp-json\/wp\/v2\/media?parent=1174"}],"wp:term":[{"taxonomy":"category","embeddable":true,"href":"https:\/\/www.carideal.com\/blog\/wp-json\/wp\/v2\/categories?post=1174"},{"taxonomy":"post_tag","embeddable":true,"href":"https:\/\/www.carideal.com\/blog\/wp-json\/wp\/v2\/tags?post=1174"}],"curies":[{"name":"wp","href":"https:\/\/api.w.org\/{rel}","templated":true}]}}