{"id":1171,"date":"2012-06-26T15:08:00","date_gmt":"2012-06-26T15:08:00","guid":{"rendered":"http:\/\/carideal.com\/blog\/?p=1171"},"modified":"2012-06-26T15:08:00","modified_gmt":"2012-06-26T15:08:00","slug":"toyota-yaris","status":"publish","type":"post","link":"https:\/\/www.carideal.com\/blog\/2012\/06\/26\/toyota-yaris\/","title":{"rendered":"Toyota Yaris"},"content":{"rendered":"<p><img decoding=\"async\" src=\"\/blog\/public\/.-yaris-hybride-carideal_m.jpg\" alt=\"-yaris-hybride-carideal.jpg\" title=\"-yaris-hybride-carideal.jpg, juin 2012\" \/><\/p>\n<blockquote>\n<p>La voiture pour la ville!<\/p>\n<\/blockquote>\n<p>Avec quinze ans d'exp\u00e9rience et quatre millions de voitures vendues sur tous les continents (en prenant en compte<a href=\"\/blog\/index.php?tag\/Lexus\"> Lexus<\/a>): en mati\u00e8re d'hybride, <a href=\"\/blog\/index.php?tag\/Toyota\">Toyota<\/a> est reconnu <a href=\"\/blog\/index.php?tag\/leader%20mondial\">leader mondial<\/a>. Mais jusqu'\u00e0 pr\u00e9sent, le <a href=\"\/blog\/index.php?tag\/constructeur%20japonais\">constructeur japonais<\/a> n'avait pas install\u00e9 sa technologie sur une citadine. La cause en \u00e9tait double: un co\u00fbt trop \u00e9lev\u00e9 pour une petite voiture et un manque de compacit\u00e9 du syst\u00e8me d'hybridation. L'\u00e9quation est aujourd'hui r\u00e9solue et la Yaris est la seule de sa cat\u00e9gorie \u00e0 \u00eatre<a href=\"\/blog\/index.php?tag\/Full%20Hybrid\"> Full Hybrid<\/a>. Confectionn\u00e9e comme les autres versions dans l'usine de Valenciennes (France), cette Yaris r\u00e9ussit le tour de force d'int\u00e9grer ses deux moteurs (\u00e0 essence de 75 ch et \u00e9lectrique de 45ch),sa batterie nickel-hydrure m\u00e9tal et son module de gestion sans toucher \u00e0 son habitabilit\u00e9 et \u00e0 ses dimensions. Et ceci gr\u00e2ce au syst\u00e8me hybride d\u00e9clin\u00e9 de l'Auris, plus l\u00e9ger de 20%, et \u00e0 son moteur \u00e0 essence de plus petite cylindr\u00e9e (1497cm3). Quant aux batteries,elles disposent mois d'\u00e9l\u00e9ments(120 contre 168) pour s'installer sous la banquette, mais en diminuant une partie du r\u00e9servoir \u00e0 essence qui passe de 42 \u00e0 36 litres.Pour l'aspect financier,Toyota joue serr\u00e9: d\u00e8s 16500 \u20ac (18500\u20ac moins 2000\u20ac de bonus \u00e9cologique), c'est moins cher que les versions \u00e9quivalentes diesel et essence 1.3 VVTi automatique. Mieux, l'\u00e9quipement de l'hybride est sup\u00e9rieur (climatisation automatique et freins \u00e0 disques en s\u00e9rie) et son style est plus affirm\u00e9, gr\u00e2ce \u00e0 son bouclier avant sp\u00e9cial et \u00e0 ses feux diurnes et arri\u00e8re \u00e0 diodes. Peu de transformation \u00e0 l'int\u00e9rieur, si ce n'est quelque touches bleut\u00e9es et un compteur de puissance. Le grand \u00e9cran tactile si efficace est toujours de la partie, mais aussi quelque habillages avec des plastiques \u00e0 l'aspect trop peu valorisant.<br \/>\nContact.Rien ne se passe, comme avec toutes  les hybrides, puis la Yaris d\u00e9marre en silence uniquement avec son moteur \u00e9lectrique, et elle le fera autant que possible(en ville le moteur \u00e0 essence ne tourne qu'un tiers du temps).C'est la force de la technologie Full hybrid: contrairement aux autres hybrides, dont le moteur \u00e9lectrique ne fait que aider le moteur \u00e0 essence, la japonaise est capable de se propulser sans le moteur thermique; m\u00eame si ce dernier s'interpose d\u00e8s que l'acc\u00e9l\u00e9ration est appuy\u00e9e. Le principe des moteurs, en solo ou en duo, est parfaitement fluide et au volant de cette Toyota avec bo\u00eete \u00e0 variation continue, c'est le silence, la facilit\u00e9 et la douceur de conduite qui s'illustrent.C'est surtout vrai en ville et cela incite \u00e0 une allure apais\u00e9e agr\u00e9able \u00e0 la consommation. Pour notre part, l'ordinateur indiquait un excellent 4.5l\/100km sur un parcours mixte citadin et routier(contre 3.5l la valeur d'homologation).Aimable en milieu urbain, la conduite est moins heureuse sur la route.Si la japonaise n'\u00e9gare pas en confort malgr\u00e9 des suspensions plus fermes pour compenser le surpoids (+80kg par rapport \u00e0 la 1.3 VVTi), son agr\u00e9ment est sanctionn\u00e9 par sa bo\u00eete \u00e0 variation qui laisse le moteur \u00e0 essences s'envoler inutilement dans les tours.L'effet est aga\u00e7ant et d'autant plus prononc\u00e9 que, sous forte acc\u00e9l\u00e9ration, le moteur \u00e9lectrique apporte moins d'effet \"boost\" qu'\u00e0 bord d'une<a href=\"\/blog\/index.php?tag\/Prius\"> Prius<\/a>.<\/p>\n","protected":false},"excerpt":{"rendered":"<p>La voiture pour la ville! Avec quinze ans d&rsquo;exp\u00e9rience et quatre millions de voitures vendues sur tous les continents (en prenant en compte Lexus): en mati\u00e8re d&rsquo;hybride, Toyota est reconnu leader mondial. Mais jusqu&rsquo;\u00e0 pr\u00e9sent, le constructeur japonais n&rsquo;avait pas install\u00e9 sa technologie sur une citadine. La cause en \u00e9tait double: un co\u00fbt trop \u00e9lev\u00e9 &#8230; <a title=\"Toyota Yaris\" class=\"read-more\" href=\"https:\/\/www.carideal.com\/blog\/2012\/06\/26\/toyota-yaris\/\" aria-label=\"En savoir plus sur Toyota Yaris\">Lire plus<\/a><\/p>\n","protected":false},"author":1,"featured_media":0,"comment_status":"open","ping_status":"open","sticky":false,"template":"","format":"standard","meta":{"_uag_custom_page_level_css":"","_themeisle_gutenberg_block_has_review":false,"footnotes":""},"categories":[10],"tags":[],"class_list":["post-1171","post","type-post","status-publish","format-standard","hentry","category-marche-automobile-voiture-neuve-occasion-4x4-suv"],"wppr_data":[],"yoast_head":"<!-- This site is optimized with the Yoast SEO plugin v24.8.1 - https:\/\/yoast.com\/wordpress\/plugins\/seo\/ -->\n<title>Toyota Yaris - Blog auto Carid\u00e9al<\/title>\n<meta name=\"robots\" content=\"index, follow, max-snippet:-1, max-image-preview:large, max-video-preview:-1\" \/>\n<link rel=\"canonical\" href=\"https:\/\/www.carideal.com\/blog\/2012\/06\/26\/toyota-yaris\/\" \/>\n<meta property=\"og:locale\" content=\"fr_FR\" \/>\n<meta property=\"og:type\" content=\"article\" \/>\n<meta property=\"og:title\" content=\"Toyota Yaris - Blog auto Carid\u00e9al\" \/>\n<meta property=\"og:description\" content=\"La voiture pour la ville! Avec quinze ans d&#039;exp\u00e9rience et quatre millions de voitures vendues sur tous les continents (en prenant en compte Lexus): en mati\u00e8re d&#039;hybride, Toyota est reconnu leader mondial. Mais jusqu&#039;\u00e0 pr\u00e9sent, le constructeur japonais n&#039;avait pas install\u00e9 sa technologie sur une citadine. La cause en \u00e9tait double: un co\u00fbt trop \u00e9lev\u00e9 ... Lire plus\" \/>\n<meta property=\"og:url\" content=\"https:\/\/www.carideal.com\/blog\/2012\/06\/26\/toyota-yaris\/\" \/>\n<meta property=\"og:site_name\" content=\"Blog auto Carid\u00e9al\" \/>\n<meta property=\"article:publisher\" content=\"https:\/\/www.facebook.com\/Carideal.mandataire.automobile\" \/>\n<meta property=\"article:author\" content=\"https:\/\/www.facebook.com\/Carideal.mandataire.automobile\/\" \/>\n<meta property=\"article:published_time\" content=\"2012-06-26T15:08:00+00:00\" \/>\n<meta property=\"og:image\" content=\"https:\/\/www.carideal.com\/blog\/wp-content\/uploads\/2016\/03\/logo-carideal-mandataire-automobile.png\" \/>\n\t<meta property=\"og:image:width\" content=\"300\" \/>\n\t<meta property=\"og:image:height\" content=\"300\" \/>\n\t<meta property=\"og:image:type\" content=\"image\/png\" \/>\n<meta name=\"author\" content=\"N.S Carideal\" \/>\n<meta name=\"twitter:card\" content=\"summary_large_image\" \/>\n<meta name=\"twitter:creator\" content=\"@caridealauto\" \/>\n<meta name=\"twitter:site\" content=\"@caridealauto\" \/>\n<meta name=\"twitter:label1\" content=\"\u00c9crit par\" \/>\n\t<meta name=\"twitter:data1\" content=\"N.S Carideal\" \/>\n\t<meta name=\"twitter:label2\" content=\"Dur\u00e9e de lecture estim\u00e9e\" \/>\n\t<meta name=\"twitter:data2\" content=\"3 minutes\" \/>\n<script type=\"application\/ld+json\" class=\"yoast-schema-graph\">{\"@context\":\"https:\/\/schema.org\",\"@graph\":[{\"@type\":\"Article\",\"@id\":\"https:\/\/www.carideal.com\/blog\/2012\/06\/26\/toyota-yaris\/#article\",\"isPartOf\":{\"@id\":\"https:\/\/www.carideal.com\/blog\/2012\/06\/26\/toyota-yaris\/\"},\"author\":{\"name\":\"N.S Carideal\",\"@id\":\"https:\/\/www.carideal.com\/blog\/#\/schema\/person\/985c7e757d1042d647f21bfaf8d41ebc\"},\"headline\":\"Toyota Yaris\",\"datePublished\":\"2012-06-26T15:08:00+00:00\",\"mainEntityOfPage\":{\"@id\":\"https:\/\/www.carideal.com\/blog\/2012\/06\/26\/toyota-yaris\/\"},\"wordCount\":535,\"commentCount\":0,\"publisher\":{\"@id\":\"https:\/\/www.carideal.com\/blog\/#organization\"},\"articleSection\":[\"March\u00e9 automobile\"],\"inLanguage\":\"fr-FR\",\"potentialAction\":[{\"@type\":\"CommentAction\",\"name\":\"Comment\",\"target\":[\"https:\/\/www.carideal.com\/blog\/2012\/06\/26\/toyota-yaris\/#respond\"]}]},{\"@type\":\"WebPage\",\"@id\":\"https:\/\/www.carideal.com\/blog\/2012\/06\/26\/toyota-yaris\/\",\"url\":\"https:\/\/www.carideal.com\/blog\/2012\/06\/26\/toyota-yaris\/\",\"name\":\"Toyota Yaris - Blog auto Carid\u00e9al\",\"isPartOf\":{\"@id\":\"https:\/\/www.carideal.com\/blog\/#website\"},\"datePublished\":\"2012-06-26T15:08:00+00:00\",\"breadcrumb\":{\"@id\":\"https:\/\/www.carideal.com\/blog\/2012\/06\/26\/toyota-yaris\/#breadcrumb\"},\"inLanguage\":\"fr-FR\",\"potentialAction\":[{\"@type\":\"ReadAction\",\"target\":[\"https:\/\/www.carideal.com\/blog\/2012\/06\/26\/toyota-yaris\/\"]}]},{\"@type\":\"BreadcrumbList\",\"@id\":\"https:\/\/www.carideal.com\/blog\/2012\/06\/26\/toyota-yaris\/#breadcrumb\",\"itemListElement\":[{\"@type\":\"ListItem\",\"position\":1,\"name\":\"Blog Carid\u00e9al\",\"item\":\"https:\/\/www.carideal.com\/blog\/\"},{\"@type\":\"ListItem\",\"position\":2,\"name\":\"March\u00e9 automobile\",\"item\":\"https:\/\/www.carideal.com\/blog\/marche-automobile-voiture-neuve-occasion-4x4-suv\/\"},{\"@type\":\"ListItem\",\"position\":3,\"name\":\"Toyota Yaris\"}]},{\"@type\":\"WebSite\",\"@id\":\"https:\/\/www.carideal.com\/blog\/#website\",\"url\":\"https:\/\/www.carideal.com\/blog\/\",\"name\":\"Blog auto Carid\u00e9al\",\"description\":\"Actualit\u00e9 auto par des passionn\u00e9s\",\"publisher\":{\"@id\":\"https:\/\/www.carideal.com\/blog\/#organization\"},\"potentialAction\":[{\"@type\":\"SearchAction\",\"target\":{\"@type\":\"EntryPoint\",\"urlTemplate\":\"https:\/\/www.carideal.com\/blog\/?s={search_term_string}\"},\"query-input\":{\"@type\":\"PropertyValueSpecification\",\"valueRequired\":true,\"valueName\":\"search_term_string\"}}],\"inLanguage\":\"fr-FR\"},{\"@type\":\"Organization\",\"@id\":\"https:\/\/www.carideal.com\/blog\/#organization\",\"name\":\"Carideal\",\"url\":\"https:\/\/www.carideal.com\/blog\/\",\"logo\":{\"@type\":\"ImageObject\",\"inLanguage\":\"fr-FR\",\"@id\":\"https:\/\/www.carideal.com\/blog\/#\/schema\/logo\/image\/\",\"url\":\"http:\/\/www.carideal.com\/blog\/wp-content\/uploads\/2016\/03\/logo-carideal-mandataire-automobile.png\",\"contentUrl\":\"http:\/\/www.carideal.com\/blog\/wp-content\/uploads\/2016\/03\/logo-carideal-mandataire-automobile.png\",\"width\":300,\"height\":300,\"caption\":\"Carideal\"},\"image\":{\"@id\":\"https:\/\/www.carideal.com\/blog\/#\/schema\/logo\/image\/\"},\"sameAs\":[\"https:\/\/www.facebook.com\/Carideal.mandataire.automobile\",\"https:\/\/x.com\/caridealauto\",\"https:\/\/www.instagram.com\/carideal1\/\",\"https:\/\/www.linkedin.com\/company\/carideal.com\",\"https:\/\/fr.pinterest.com\/schiavonsas\/\",\"https:\/\/www.youtube.com\/user\/caridealsas\"]},{\"@type\":\"Person\",\"@id\":\"https:\/\/www.carideal.com\/blog\/#\/schema\/person\/985c7e757d1042d647f21bfaf8d41ebc\",\"name\":\"N.S Carideal\",\"image\":{\"@type\":\"ImageObject\",\"inLanguage\":\"fr-FR\",\"@id\":\"https:\/\/www.carideal.com\/blog\/#\/schema\/person\/image\/\",\"url\":\"https:\/\/secure.gravatar.com\/avatar\/edb7ccdf1a4e3d14aef967760d354d0e?s=96&r=g\",\"contentUrl\":\"https:\/\/secure.gravatar.com\/avatar\/edb7ccdf1a4e3d14aef967760d354d0e?s=96&r=g\",\"caption\":\"N.S Carideal\"},\"description\":\"Depuis tout petit fan d'automobile. Il est question d'essayer et de comparer toutes ces voitures qui nous ont fait r\u00e9ver, avant que celles-ci ne devient uniquement des voitures de collection.\",\"sameAs\":[\"http:\/\/www.carideal.com\/blog\",\"https:\/\/www.facebook.com\/Carideal.mandataire.automobile\/\",\"https:\/\/www.linkedin.com\/in\/nschiavon\/\",\"https:\/\/www.youtube.com\/user\/caridealsas\/\"],\"url\":\"https:\/\/www.carideal.com\/blog\/author\/admin_carideal\/\"}]}<\/script>\n<!-- \/ Yoast SEO plugin. -->","yoast_head_json":{"title":"Toyota Yaris - Blog auto Carid\u00e9al","robots":{"index":"index","follow":"follow","max-snippet":"max-snippet:-1","max-image-preview":"max-image-preview:large","max-video-preview":"max-video-preview:-1"},"canonical":"https:\/\/www.carideal.com\/blog\/2012\/06\/26\/toyota-yaris\/","og_locale":"fr_FR","og_type":"article","og_title":"Toyota Yaris - Blog auto Carid\u00e9al","og_description":"La voiture pour la ville! Avec quinze ans d'exp\u00e9rience et quatre millions de voitures vendues sur tous les continents (en prenant en compte Lexus): en mati\u00e8re d'hybride, Toyota est reconnu leader mondial. Mais jusqu'\u00e0 pr\u00e9sent, le constructeur japonais n'avait pas install\u00e9 sa technologie sur une citadine. La cause en \u00e9tait double: un co\u00fbt trop \u00e9lev\u00e9 ... Lire plus","og_url":"https:\/\/www.carideal.com\/blog\/2012\/06\/26\/toyota-yaris\/","og_site_name":"Blog auto Carid\u00e9al","article_publisher":"https:\/\/www.facebook.com\/Carideal.mandataire.automobile","article_author":"https:\/\/www.facebook.com\/Carideal.mandataire.automobile\/","article_published_time":"2012-06-26T15:08:00+00:00","og_image":[{"width":300,"height":300,"url":"https:\/\/www.carideal.com\/blog\/wp-content\/uploads\/2016\/03\/logo-carideal-mandataire-automobile.png","type":"image\/png"}],"author":"N.S Carideal","twitter_card":"summary_large_image","twitter_creator":"@caridealauto","twitter_site":"@caridealauto","twitter_misc":{"\u00c9crit par":"N.S Carideal","Dur\u00e9e de lecture estim\u00e9e":"3 minutes"},"schema":{"@context":"https:\/\/schema.org","@graph":[{"@type":"Article","@id":"https:\/\/www.carideal.com\/blog\/2012\/06\/26\/toyota-yaris\/#article","isPartOf":{"@id":"https:\/\/www.carideal.com\/blog\/2012\/06\/26\/toyota-yaris\/"},"author":{"name":"N.S Carideal","@id":"https:\/\/www.carideal.com\/blog\/#\/schema\/person\/985c7e757d1042d647f21bfaf8d41ebc"},"headline":"Toyota Yaris","datePublished":"2012-06-26T15:08:00+00:00","mainEntityOfPage":{"@id":"https:\/\/www.carideal.com\/blog\/2012\/06\/26\/toyota-yaris\/"},"wordCount":535,"commentCount":0,"publisher":{"@id":"https:\/\/www.carideal.com\/blog\/#organization"},"articleSection":["March\u00e9 automobile"],"inLanguage":"fr-FR","potentialAction":[{"@type":"CommentAction","name":"Comment","target":["https:\/\/www.carideal.com\/blog\/2012\/06\/26\/toyota-yaris\/#respond"]}]},{"@type":"WebPage","@id":"https:\/\/www.carideal.com\/blog\/2012\/06\/26\/toyota-yaris\/","url":"https:\/\/www.carideal.com\/blog\/2012\/06\/26\/toyota-yaris\/","name":"Toyota Yaris - Blog auto Carid\u00e9al","isPartOf":{"@id":"https:\/\/www.carideal.com\/blog\/#website"},"datePublished":"2012-06-26T15:08:00+00:00","breadcrumb":{"@id":"https:\/\/www.carideal.com\/blog\/2012\/06\/26\/toyota-yaris\/#breadcrumb"},"inLanguage":"fr-FR","potentialAction":[{"@type":"ReadAction","target":["https:\/\/www.carideal.com\/blog\/2012\/06\/26\/toyota-yaris\/"]}]},{"@type":"BreadcrumbList","@id":"https:\/\/www.carideal.com\/blog\/2012\/06\/26\/toyota-yaris\/#breadcrumb","itemListElement":[{"@type":"ListItem","position":1,"name":"Blog Carid\u00e9al","item":"https:\/\/www.carideal.com\/blog\/"},{"@type":"ListItem","position":2,"name":"March\u00e9 automobile","item":"https:\/\/www.carideal.com\/blog\/marche-automobile-voiture-neuve-occasion-4x4-suv\/"},{"@type":"ListItem","position":3,"name":"Toyota Yaris"}]},{"@type":"WebSite","@id":"https:\/\/www.carideal.com\/blog\/#website","url":"https:\/\/www.carideal.com\/blog\/","name":"Blog auto Carid\u00e9al","description":"Actualit\u00e9 auto par des passionn\u00e9s","publisher":{"@id":"https:\/\/www.carideal.com\/blog\/#organization"},"potentialAction":[{"@type":"SearchAction","target":{"@type":"EntryPoint","urlTemplate":"https:\/\/www.carideal.com\/blog\/?s={search_term_string}"},"query-input":{"@type":"PropertyValueSpecification","valueRequired":true,"valueName":"search_term_string"}}],"inLanguage":"fr-FR"},{"@type":"Organization","@id":"https:\/\/www.carideal.com\/blog\/#organization","name":"Carideal","url":"https:\/\/www.carideal.com\/blog\/","logo":{"@type":"ImageObject","inLanguage":"fr-FR","@id":"https:\/\/www.carideal.com\/blog\/#\/schema\/logo\/image\/","url":"http:\/\/www.carideal.com\/blog\/wp-content\/uploads\/2016\/03\/logo-carideal-mandataire-automobile.png","contentUrl":"http:\/\/www.carideal.com\/blog\/wp-content\/uploads\/2016\/03\/logo-carideal-mandataire-automobile.png","width":300,"height":300,"caption":"Carideal"},"image":{"@id":"https:\/\/www.carideal.com\/blog\/#\/schema\/logo\/image\/"},"sameAs":["https:\/\/www.facebook.com\/Carideal.mandataire.automobile","https:\/\/x.com\/caridealauto","https:\/\/www.instagram.com\/carideal1\/","https:\/\/www.linkedin.com\/company\/carideal.com","https:\/\/fr.pinterest.com\/schiavonsas\/","https:\/\/www.youtube.com\/user\/caridealsas"]},{"@type":"Person","@id":"https:\/\/www.carideal.com\/blog\/#\/schema\/person\/985c7e757d1042d647f21bfaf8d41ebc","name":"N.S Carideal","image":{"@type":"ImageObject","inLanguage":"fr-FR","@id":"https:\/\/www.carideal.com\/blog\/#\/schema\/person\/image\/","url":"https:\/\/secure.gravatar.com\/avatar\/edb7ccdf1a4e3d14aef967760d354d0e?s=96&r=g","contentUrl":"https:\/\/secure.gravatar.com\/avatar\/edb7ccdf1a4e3d14aef967760d354d0e?s=96&r=g","caption":"N.S Carideal"},"description":"Depuis tout petit fan d'automobile. Il est question d'essayer et de comparer toutes ces voitures qui nous ont fait r\u00e9ver, avant que celles-ci ne devient uniquement des voitures de collection.","sameAs":["http:\/\/www.carideal.com\/blog","https:\/\/www.facebook.com\/Carideal.mandataire.automobile\/","https:\/\/www.linkedin.com\/in\/nschiavon\/","https:\/\/www.youtube.com\/user\/caridealsas\/"],"url":"https:\/\/www.carideal.com\/blog\/author\/admin_carideal\/"}]}},"uagb_featured_image_src":{"full":false,"thumbnail":false,"medium":false,"medium_large":false,"large":false,"1536x1536":false,"2048x2048":false,"wppr-widget":false},"uagb_author_info":{"display_name":"N.S Carideal","author_link":"https:\/\/www.carideal.com\/blog\/author\/admin_carideal\/"},"uagb_comment_info":0,"uagb_excerpt":"La voiture pour la ville! Avec quinze ans d'exp\u00e9rience et quatre millions de voitures vendues sur tous les continents (en prenant en compte Lexus): en mati\u00e8re d'hybride, Toyota est reconnu leader mondial. Mais jusqu'\u00e0 pr\u00e9sent, le constructeur japonais n'avait pas install\u00e9 sa technologie sur une citadine. La cause en \u00e9tait double: un co\u00fbt trop \u00e9lev\u00e9\u2026","_links":{"self":[{"href":"https:\/\/www.carideal.com\/blog\/wp-json\/wp\/v2\/posts\/1171"}],"collection":[{"href":"https:\/\/www.carideal.com\/blog\/wp-json\/wp\/v2\/posts"}],"about":[{"href":"https:\/\/www.carideal.com\/blog\/wp-json\/wp\/v2\/types\/post"}],"author":[{"embeddable":true,"href":"https:\/\/www.carideal.com\/blog\/wp-json\/wp\/v2\/users\/1"}],"replies":[{"embeddable":true,"href":"https:\/\/www.carideal.com\/blog\/wp-json\/wp\/v2\/comments?post=1171"}],"version-history":[{"count":0,"href":"https:\/\/www.carideal.com\/blog\/wp-json\/wp\/v2\/posts\/1171\/revisions"}],"wp:attachment":[{"href":"https:\/\/www.carideal.com\/blog\/wp-json\/wp\/v2\/media?parent=1171"}],"wp:term":[{"taxonomy":"category","embeddable":true,"href":"https:\/\/www.carideal.com\/blog\/wp-json\/wp\/v2\/categories?post=1171"},{"taxonomy":"post_tag","embeddable":true,"href":"https:\/\/www.carideal.com\/blog\/wp-json\/wp\/v2\/tags?post=1171"}],"curies":[{"name":"wp","href":"https:\/\/api.w.org\/{rel}","templated":true}]}}