{"id":1165,"date":"2012-06-22T15:21:00","date_gmt":"2012-06-22T15:21:00","guid":{"rendered":"http:\/\/carideal.com\/blog\/?p=1165"},"modified":"2018-11-02T15:43:10","modified_gmt":"2018-11-02T14:43:10","slug":"skoda-citigo-2","status":"publish","type":"post","link":"https:\/\/www.carideal.com\/blog\/2012\/06\/22\/skoda-citigo-2\/","title":{"rendered":"Skoda Citigo 2012 citadine la moins ch\u00e8re de VAG"},"content":{"rendered":"<h1>Skoda Citigo 2012 citadine la moins ch\u00e8re de VAG<\/h1>\n<p>La Citigo n'a pas de r\u00e9putation, ni la frimousse mais des tarifs plus int\u00e9ressant que ceux de sa cousine la <a href=\"http:\/\/www.carideal.com\/blog\/2012\/02\/15\/la-gamme-volkswagen-up-setoffe\/\">Volkswagen Up<\/a>. Les prix diminue de 500 \u00e0 2000 \u20ac, selon les versions. Cette Citigo n'a rien d'une voiture au rabais. Confectionn\u00e9e sur la m\u00eame cha\u00eene que la <a href=\"http:\/\/www.carideal.com\/blog\/marque-de-voiture-actualites-essais\/volkswagen\/\">Volkswagen<\/a> ( en Slovaquie), elle partage avec cette derni\u00e8re plateforme et organes m\u00e9caniques (moteurs \u00e0 essences \u00e0 trois cylindres de 60 ou 75ch, sobres en carburant, \u00e0 bo\u00eete m\u00e9canique ou robotis\u00e9e), et poss\u00e8de, elle aussi du syst\u00e8me d'aide au freinage d'urgence en ville en option (150\u20ac).<\/p>\n<ul>\n<li><a href=\"http:\/\/www.carideal.com\/731-par-type\">Toutes les voitures \u00e0 vendre<\/a><\/li>\n<\/ul>\n<p>Mais la <a href=\"http:\/\/www.carideal.com\/blog\/2013\/03\/28\/seat-mii\/\">Seat Mii<\/a> son \u00e0 8345 \u20ac est moins ch\u00e8re que la Citigo soit 800 \u20ac de moins. Mais la Skoda lui r\u00e9pond par un \u00e9quipement sup\u00e9rieur, avec notamment la direction assist\u00e9e de l'ESP de s\u00e9rie sur l'ensemble de la gamme, alors qu'ils sont indisponibles sur l'entr\u00e9e de gamme de la Seat.<br \/>\nLa Citigo ne manque aucun argument pour persuader les automobilistes citadins. Ceux-l\u00e0 peuvent d\u00e8s maintenant se rendre en concession afin de d\u00e9couvrir la version \u00e0 trois portes, ils devront attendre jusqu'\u00e0 la fin du mois pour la cinq portes (+530 \u20ac), et jusqu'\u00e0 la fin de l'\u00e9t\u00e9 pour tester les versions \u00e0 bo\u00eete robotis\u00e9e (+690\u20ac).<\/p>\n<ul>\n<li><a href=\"http:\/\/www.carideal.com\/blog\/2018\/02\/09\/meilleures-citadines-2018\/\">Les meilleures citadines \u00e0 acheter<\/a><\/li>\n<\/ul>\n<h2>Skoda Citigo 2012 la citadine meilleure rpport qualit\u00e9 prix<\/h2>\n<figure id=\"attachment_17896\" aria-describedby=\"caption-attachment-17896\" style=\"width: 248px\" class=\"wp-caption alignleft\"><a href=\"http:\/\/www.carideal.com\/blog\/wp-content\/uploads\/2012\/06\/skoda-citigo-carideal_m.jpg\"><img loading=\"lazy\" decoding=\"async\" class=\"wp-image-17896 size-medium\" src=\"http:\/\/www.carideal.com\/blog\/wp-content\/uploads\/2012\/06\/skoda-citigo-carideal_m-258x300.jpg\" alt=\"Skoda Citigo 2012\" width=\"258\" height=\"300\" srcset=\"https:\/\/www.carideal.com\/blog\/wp-content\/uploads\/2012\/06\/skoda-citigo-carideal_m-258x300.jpg 258w, https:\/\/www.carideal.com\/blog\/wp-content\/uploads\/2012\/06\/skoda-citigo-carideal_m-43x50.jpg 43w, https:\/\/www.carideal.com\/blog\/wp-content\/uploads\/2012\/06\/skoda-citigo-carideal_m-95x110.jpg 95w, https:\/\/www.carideal.com\/blog\/wp-content\/uploads\/2012\/06\/skoda-citigo-carideal_m-361x420.jpg 361w, https:\/\/www.carideal.com\/blog\/wp-content\/uploads\/2012\/06\/skoda-citigo-carideal_m-370x430.jpg 370w, https:\/\/www.carideal.com\/blog\/wp-content\/uploads\/2012\/06\/skoda-citigo-carideal_m.jpg 385w\" sizes=\"(max-width: 258px) 100vw, 258px\" \/><\/a><figcaption id=\"caption-attachment-17896\" class=\"wp-caption-text\">Skoda Citigo 2012<\/figcaption><\/figure>\n<p>La Skoda Citigo est certainement celle des trois qui propose le meilleur rapport qualit\u00e9\/prix<\/p>\n<p>La Skoda Citigo est un petit gabarit qui a le plus grand empattement de la cat\u00e9gorie 2.42m. La Citigo sera disponible en Juin. La diff\u00e9rence avec ses cousines, reste le prix et les \u00e9quipements. Elle est courte 3.56m, pour une hauteur de 1.48m parfaite pour la ville. Elle sera disponible en 3 ou 5 portes, pour 350 \u20ac. Elle sera motoris\u00e9e par un <strong>petit moteur trois cylindres \u00e9conomique<\/strong> disponible en 1.0 de 60 et 75 ch. Va t elle trouver son public\u00a0? entre le positionnement chic de la Volkswagen et jeune de la Seat\u00a0?<\/p>\n","protected":false},"excerpt":{"rendered":"<p>Skoda Citigo 2012 citadine la moins ch\u00e8re de VAG La Citigo n&rsquo;a pas de r\u00e9putation, ni la frimousse mais des tarifs plus int\u00e9ressant que ceux de sa cousine la Volkswagen Up. Les prix diminue de 500 \u00e0 2000 \u20ac, selon les versions. Cette Citigo n&rsquo;a rien d&rsquo;une voiture au rabais. Confectionn\u00e9e sur la m\u00eame cha\u00eene &#8230; <a title=\"Skoda Citigo 2012 citadine la moins ch\u00e8re de VAG\" class=\"read-more\" href=\"https:\/\/www.carideal.com\/blog\/2012\/06\/22\/skoda-citigo-2\/\" aria-label=\"En savoir plus sur Skoda Citigo 2012 citadine la moins ch\u00e8re de VAG\">Lire plus<\/a><\/p>\n","protected":false},"author":1,"featured_media":17894,"comment_status":"open","ping_status":"open","sticky":false,"template":"","format":"standard","meta":{"_uag_custom_page_level_css":"","_themeisle_gutenberg_block_has_review":false,"footnotes":""},"categories":[5944,5949],"tags":[1348],"class_list":["post-1165","post","type-post","status-publish","format-standard","has-post-thumbnail","hentry","category-constructeur","category-skoda","tag-citadine"],"wppr_data":{"cwp_meta_box_check":"No"},"yoast_head":"<!-- This site is optimized with the Yoast SEO plugin v24.8.1 - https:\/\/yoast.com\/wordpress\/plugins\/seo\/ -->\n<title>Skoda Citigo 2012 citadine la moins ch\u00e8re de VAG - Blog auto Carid\u00e9al<\/title>\n<meta name=\"description\" content=\"La Skoda Citigo 2012 est la citadine avec le meilleur rapport qualit\u00e9 prix du groupe VAG. Elle n&#039;a pas d&#039;image ni de r\u00e9putation mais...\" \/>\n<meta name=\"robots\" content=\"index, follow, max-snippet:-1, max-image-preview:large, max-video-preview:-1\" \/>\n<link rel=\"canonical\" href=\"https:\/\/www.carideal.com\/blog\/2012\/06\/22\/skoda-citigo-2\/\" \/>\n<meta property=\"og:locale\" content=\"fr_FR\" \/>\n<meta property=\"og:type\" content=\"article\" \/>\n<meta property=\"og:title\" content=\"Skoda Citigo 2012 citadine la moins ch\u00e8re de VAG - Blog auto Carid\u00e9al\" \/>\n<meta property=\"og:description\" content=\"La Skoda Citigo 2012 est la citadine avec le meilleur rapport qualit\u00e9 prix du groupe VAG. Elle n&#039;a pas d&#039;image ni de r\u00e9putation mais...\" \/>\n<meta property=\"og:url\" content=\"https:\/\/www.carideal.com\/blog\/2012\/06\/22\/skoda-citigo-2\/\" \/>\n<meta property=\"og:site_name\" content=\"Blog auto Carid\u00e9al\" \/>\n<meta property=\"article:publisher\" content=\"https:\/\/www.facebook.com\/Carideal.mandataire.automobile\" \/>\n<meta property=\"article:author\" content=\"https:\/\/www.facebook.com\/Carideal.mandataire.automobile\/\" \/>\n<meta property=\"article:published_time\" content=\"2012-06-22T15:21:00+00:00\" \/>\n<meta property=\"article:modified_time\" content=\"2018-11-02T14:43:10+00:00\" \/>\n<meta property=\"og:image\" content=\"https:\/\/www.carideal.com\/blog\/wp-content\/uploads\/2012\/05\/Skoda-Citigo-achat-carideal-mandataire-automobile_m.jpg\" \/>\n\t<meta property=\"og:image:width\" content=\"448\" \/>\n\t<meta property=\"og:image:height\" content=\"252\" \/>\n\t<meta property=\"og:image:type\" content=\"image\/jpeg\" \/>\n<meta name=\"author\" content=\"N.S Carideal\" \/>\n<meta name=\"twitter:card\" content=\"summary_large_image\" \/>\n<meta name=\"twitter:creator\" content=\"@caridealauto\" \/>\n<meta name=\"twitter:site\" content=\"@caridealauto\" \/>\n<meta name=\"twitter:label1\" content=\"\u00c9crit par\" \/>\n\t<meta name=\"twitter:data1\" content=\"N.S Carideal\" \/>\n\t<meta name=\"twitter:label2\" content=\"Dur\u00e9e de lecture estim\u00e9e\" \/>\n\t<meta name=\"twitter:data2\" content=\"2 minutes\" \/>\n<script type=\"application\/ld+json\" class=\"yoast-schema-graph\">{\"@context\":\"https:\/\/schema.org\",\"@graph\":[{\"@type\":\"Article\",\"@id\":\"https:\/\/www.carideal.com\/blog\/2012\/06\/22\/skoda-citigo-2\/#article\",\"isPartOf\":{\"@id\":\"https:\/\/www.carideal.com\/blog\/2012\/06\/22\/skoda-citigo-2\/\"},\"author\":{\"name\":\"N.S Carideal\",\"@id\":\"https:\/\/www.carideal.com\/blog\/#\/schema\/person\/985c7e757d1042d647f21bfaf8d41ebc\"},\"headline\":\"Skoda Citigo 2012 citadine la moins ch\u00e8re de VAG\",\"datePublished\":\"2012-06-22T15:21:00+00:00\",\"dateModified\":\"2018-11-02T14:43:10+00:00\",\"mainEntityOfPage\":{\"@id\":\"https:\/\/www.carideal.com\/blog\/2012\/06\/22\/skoda-citigo-2\/\"},\"wordCount\":353,\"commentCount\":0,\"publisher\":{\"@id\":\"https:\/\/www.carideal.com\/blog\/#organization\"},\"image\":{\"@id\":\"https:\/\/www.carideal.com\/blog\/2012\/06\/22\/skoda-citigo-2\/#primaryimage\"},\"thumbnailUrl\":\"https:\/\/www.carideal.com\/blog\/wp-content\/uploads\/2012\/05\/Skoda-Citigo-achat-carideal-mandataire-automobile_m.jpg\",\"keywords\":[\"Voiture citadine\"],\"articleSection\":[\"Actualit\u00e9 Constructeur automobile\",\"Actualit\u00e9 Skoda\"],\"inLanguage\":\"fr-FR\",\"potentialAction\":[{\"@type\":\"CommentAction\",\"name\":\"Comment\",\"target\":[\"https:\/\/www.carideal.com\/blog\/2012\/06\/22\/skoda-citigo-2\/#respond\"]}]},{\"@type\":\"WebPage\",\"@id\":\"https:\/\/www.carideal.com\/blog\/2012\/06\/22\/skoda-citigo-2\/\",\"url\":\"https:\/\/www.carideal.com\/blog\/2012\/06\/22\/skoda-citigo-2\/\",\"name\":\"Skoda Citigo 2012 citadine la moins ch\u00e8re de VAG - Blog auto Carid\u00e9al\",\"isPartOf\":{\"@id\":\"https:\/\/www.carideal.com\/blog\/#website\"},\"primaryImageOfPage\":{\"@id\":\"https:\/\/www.carideal.com\/blog\/2012\/06\/22\/skoda-citigo-2\/#primaryimage\"},\"image\":{\"@id\":\"https:\/\/www.carideal.com\/blog\/2012\/06\/22\/skoda-citigo-2\/#primaryimage\"},\"thumbnailUrl\":\"https:\/\/www.carideal.com\/blog\/wp-content\/uploads\/2012\/05\/Skoda-Citigo-achat-carideal-mandataire-automobile_m.jpg\",\"datePublished\":\"2012-06-22T15:21:00+00:00\",\"dateModified\":\"2018-11-02T14:43:10+00:00\",\"description\":\"La Skoda Citigo 2012 est la citadine avec le meilleur rapport qualit\u00e9 prix du groupe VAG. Elle n'a pas d'image ni de r\u00e9putation mais...\",\"breadcrumb\":{\"@id\":\"https:\/\/www.carideal.com\/blog\/2012\/06\/22\/skoda-citigo-2\/#breadcrumb\"},\"inLanguage\":\"fr-FR\",\"potentialAction\":[{\"@type\":\"ReadAction\",\"target\":[\"https:\/\/www.carideal.com\/blog\/2012\/06\/22\/skoda-citigo-2\/\"]}]},{\"@type\":\"ImageObject\",\"inLanguage\":\"fr-FR\",\"@id\":\"https:\/\/www.carideal.com\/blog\/2012\/06\/22\/skoda-citigo-2\/#primaryimage\",\"url\":\"https:\/\/www.carideal.com\/blog\/wp-content\/uploads\/2012\/05\/Skoda-Citigo-achat-carideal-mandataire-automobile_m.jpg\",\"contentUrl\":\"https:\/\/www.carideal.com\/blog\/wp-content\/uploads\/2012\/05\/Skoda-Citigo-achat-carideal-mandataire-automobile_m.jpg\",\"width\":448,\"height\":252,\"caption\":\"Skoda Citigo 2012 Citadine pas ch\u00e8re de VAG\"},{\"@type\":\"BreadcrumbList\",\"@id\":\"https:\/\/www.carideal.com\/blog\/2012\/06\/22\/skoda-citigo-2\/#breadcrumb\",\"itemListElement\":[{\"@type\":\"ListItem\",\"position\":1,\"name\":\"Blog Carid\u00e9al\",\"item\":\"https:\/\/www.carideal.com\/blog\/\"},{\"@type\":\"ListItem\",\"position\":2,\"name\":\"Actualit\u00e9 constructeur automobile\",\"item\":\"https:\/\/www.carideal.com\/blog\/constructeur\/\"},{\"@type\":\"ListItem\",\"position\":3,\"name\":\"Actualit\u00e9 Skoda\",\"item\":\"https:\/\/www.carideal.com\/blog\/constructeur\/skoda\/\"},{\"@type\":\"ListItem\",\"position\":4,\"name\":\"Skoda Citigo 2012 citadine la moins ch\u00e8re de VAG\"}]},{\"@type\":\"WebSite\",\"@id\":\"https:\/\/www.carideal.com\/blog\/#website\",\"url\":\"https:\/\/www.carideal.com\/blog\/\",\"name\":\"Blog auto Carid\u00e9al\",\"description\":\"Actualit\u00e9 auto par des passionn\u00e9s\",\"publisher\":{\"@id\":\"https:\/\/www.carideal.com\/blog\/#organization\"},\"potentialAction\":[{\"@type\":\"SearchAction\",\"target\":{\"@type\":\"EntryPoint\",\"urlTemplate\":\"https:\/\/www.carideal.com\/blog\/?s={search_term_string}\"},\"query-input\":{\"@type\":\"PropertyValueSpecification\",\"valueRequired\":true,\"valueName\":\"search_term_string\"}}],\"inLanguage\":\"fr-FR\"},{\"@type\":\"Organization\",\"@id\":\"https:\/\/www.carideal.com\/blog\/#organization\",\"name\":\"Carideal\",\"url\":\"https:\/\/www.carideal.com\/blog\/\",\"logo\":{\"@type\":\"ImageObject\",\"inLanguage\":\"fr-FR\",\"@id\":\"https:\/\/www.carideal.com\/blog\/#\/schema\/logo\/image\/\",\"url\":\"http:\/\/www.carideal.com\/blog\/wp-content\/uploads\/2016\/03\/logo-carideal-mandataire-automobile.png\",\"contentUrl\":\"http:\/\/www.carideal.com\/blog\/wp-content\/uploads\/2016\/03\/logo-carideal-mandataire-automobile.png\",\"width\":300,\"height\":300,\"caption\":\"Carideal\"},\"image\":{\"@id\":\"https:\/\/www.carideal.com\/blog\/#\/schema\/logo\/image\/\"},\"sameAs\":[\"https:\/\/www.facebook.com\/Carideal.mandataire.automobile\",\"https:\/\/x.com\/caridealauto\",\"https:\/\/www.instagram.com\/carideal1\/\",\"https:\/\/www.linkedin.com\/company\/carideal.com\",\"https:\/\/fr.pinterest.com\/schiavonsas\/\",\"https:\/\/www.youtube.com\/user\/caridealsas\"]},{\"@type\":\"Person\",\"@id\":\"https:\/\/www.carideal.com\/blog\/#\/schema\/person\/985c7e757d1042d647f21bfaf8d41ebc\",\"name\":\"N.S Carideal\",\"image\":{\"@type\":\"ImageObject\",\"inLanguage\":\"fr-FR\",\"@id\":\"https:\/\/www.carideal.com\/blog\/#\/schema\/person\/image\/\",\"url\":\"https:\/\/secure.gravatar.com\/avatar\/edb7ccdf1a4e3d14aef967760d354d0e?s=96&r=g\",\"contentUrl\":\"https:\/\/secure.gravatar.com\/avatar\/edb7ccdf1a4e3d14aef967760d354d0e?s=96&r=g\",\"caption\":\"N.S Carideal\"},\"description\":\"Depuis tout petit fan d'automobile. Il est question d'essayer et de comparer toutes ces voitures qui nous ont fait r\u00e9ver, avant que celles-ci ne devient uniquement des voitures de collection.\",\"sameAs\":[\"http:\/\/www.carideal.com\/blog\",\"https:\/\/www.facebook.com\/Carideal.mandataire.automobile\/\",\"https:\/\/www.linkedin.com\/in\/nschiavon\/\",\"https:\/\/www.youtube.com\/user\/caridealsas\/\"],\"url\":\"https:\/\/www.carideal.com\/blog\/author\/admin_carideal\/\"}]}<\/script>\n<!-- \/ Yoast SEO plugin. -->","yoast_head_json":{"title":"Skoda Citigo 2012 citadine la moins ch\u00e8re de VAG - Blog auto Carid\u00e9al","description":"La Skoda Citigo 2012 est la citadine avec le meilleur rapport qualit\u00e9 prix du groupe VAG. Elle n'a pas d'image ni de r\u00e9putation mais...","robots":{"index":"index","follow":"follow","max-snippet":"max-snippet:-1","max-image-preview":"max-image-preview:large","max-video-preview":"max-video-preview:-1"},"canonical":"https:\/\/www.carideal.com\/blog\/2012\/06\/22\/skoda-citigo-2\/","og_locale":"fr_FR","og_type":"article","og_title":"Skoda Citigo 2012 citadine la moins ch\u00e8re de VAG - Blog auto Carid\u00e9al","og_description":"La Skoda Citigo 2012 est la citadine avec le meilleur rapport qualit\u00e9 prix du groupe VAG. Elle n'a pas d'image ni de r\u00e9putation mais...","og_url":"https:\/\/www.carideal.com\/blog\/2012\/06\/22\/skoda-citigo-2\/","og_site_name":"Blog auto Carid\u00e9al","article_publisher":"https:\/\/www.facebook.com\/Carideal.mandataire.automobile","article_author":"https:\/\/www.facebook.com\/Carideal.mandataire.automobile\/","article_published_time":"2012-06-22T15:21:00+00:00","article_modified_time":"2018-11-02T14:43:10+00:00","og_image":[{"width":448,"height":252,"url":"https:\/\/www.carideal.com\/blog\/wp-content\/uploads\/2012\/05\/Skoda-Citigo-achat-carideal-mandataire-automobile_m.jpg","type":"image\/jpeg"}],"author":"N.S Carideal","twitter_card":"summary_large_image","twitter_creator":"@caridealauto","twitter_site":"@caridealauto","twitter_misc":{"\u00c9crit par":"N.S Carideal","Dur\u00e9e de lecture estim\u00e9e":"2 minutes"},"schema":{"@context":"https:\/\/schema.org","@graph":[{"@type":"Article","@id":"https:\/\/www.carideal.com\/blog\/2012\/06\/22\/skoda-citigo-2\/#article","isPartOf":{"@id":"https:\/\/www.carideal.com\/blog\/2012\/06\/22\/skoda-citigo-2\/"},"author":{"name":"N.S Carideal","@id":"https:\/\/www.carideal.com\/blog\/#\/schema\/person\/985c7e757d1042d647f21bfaf8d41ebc"},"headline":"Skoda Citigo 2012 citadine la moins ch\u00e8re de VAG","datePublished":"2012-06-22T15:21:00+00:00","dateModified":"2018-11-02T14:43:10+00:00","mainEntityOfPage":{"@id":"https:\/\/www.carideal.com\/blog\/2012\/06\/22\/skoda-citigo-2\/"},"wordCount":353,"commentCount":0,"publisher":{"@id":"https:\/\/www.carideal.com\/blog\/#organization"},"image":{"@id":"https:\/\/www.carideal.com\/blog\/2012\/06\/22\/skoda-citigo-2\/#primaryimage"},"thumbnailUrl":"https:\/\/www.carideal.com\/blog\/wp-content\/uploads\/2012\/05\/Skoda-Citigo-achat-carideal-mandataire-automobile_m.jpg","keywords":["Voiture citadine"],"articleSection":["Actualit\u00e9 Constructeur automobile","Actualit\u00e9 Skoda"],"inLanguage":"fr-FR","potentialAction":[{"@type":"CommentAction","name":"Comment","target":["https:\/\/www.carideal.com\/blog\/2012\/06\/22\/skoda-citigo-2\/#respond"]}]},{"@type":"WebPage","@id":"https:\/\/www.carideal.com\/blog\/2012\/06\/22\/skoda-citigo-2\/","url":"https:\/\/www.carideal.com\/blog\/2012\/06\/22\/skoda-citigo-2\/","name":"Skoda Citigo 2012 citadine la moins ch\u00e8re de VAG - Blog auto Carid\u00e9al","isPartOf":{"@id":"https:\/\/www.carideal.com\/blog\/#website"},"primaryImageOfPage":{"@id":"https:\/\/www.carideal.com\/blog\/2012\/06\/22\/skoda-citigo-2\/#primaryimage"},"image":{"@id":"https:\/\/www.carideal.com\/blog\/2012\/06\/22\/skoda-citigo-2\/#primaryimage"},"thumbnailUrl":"https:\/\/www.carideal.com\/blog\/wp-content\/uploads\/2012\/05\/Skoda-Citigo-achat-carideal-mandataire-automobile_m.jpg","datePublished":"2012-06-22T15:21:00+00:00","dateModified":"2018-11-02T14:43:10+00:00","description":"La Skoda Citigo 2012 est la citadine avec le meilleur rapport qualit\u00e9 prix du groupe VAG. Elle n'a pas d'image ni de r\u00e9putation mais...","breadcrumb":{"@id":"https:\/\/www.carideal.com\/blog\/2012\/06\/22\/skoda-citigo-2\/#breadcrumb"},"inLanguage":"fr-FR","potentialAction":[{"@type":"ReadAction","target":["https:\/\/www.carideal.com\/blog\/2012\/06\/22\/skoda-citigo-2\/"]}]},{"@type":"ImageObject","inLanguage":"fr-FR","@id":"https:\/\/www.carideal.com\/blog\/2012\/06\/22\/skoda-citigo-2\/#primaryimage","url":"https:\/\/www.carideal.com\/blog\/wp-content\/uploads\/2012\/05\/Skoda-Citigo-achat-carideal-mandataire-automobile_m.jpg","contentUrl":"https:\/\/www.carideal.com\/blog\/wp-content\/uploads\/2012\/05\/Skoda-Citigo-achat-carideal-mandataire-automobile_m.jpg","width":448,"height":252,"caption":"Skoda Citigo 2012 Citadine pas ch\u00e8re de VAG"},{"@type":"BreadcrumbList","@id":"https:\/\/www.carideal.com\/blog\/2012\/06\/22\/skoda-citigo-2\/#breadcrumb","itemListElement":[{"@type":"ListItem","position":1,"name":"Blog Carid\u00e9al","item":"https:\/\/www.carideal.com\/blog\/"},{"@type":"ListItem","position":2,"name":"Actualit\u00e9 constructeur automobile","item":"https:\/\/www.carideal.com\/blog\/constructeur\/"},{"@type":"ListItem","position":3,"name":"Actualit\u00e9 Skoda","item":"https:\/\/www.carideal.com\/blog\/constructeur\/skoda\/"},{"@type":"ListItem","position":4,"name":"Skoda Citigo 2012 citadine la moins ch\u00e8re de VAG"}]},{"@type":"WebSite","@id":"https:\/\/www.carideal.com\/blog\/#website","url":"https:\/\/www.carideal.com\/blog\/","name":"Blog auto Carid\u00e9al","description":"Actualit\u00e9 auto par des passionn\u00e9s","publisher":{"@id":"https:\/\/www.carideal.com\/blog\/#organization"},"potentialAction":[{"@type":"SearchAction","target":{"@type":"EntryPoint","urlTemplate":"https:\/\/www.carideal.com\/blog\/?s={search_term_string}"},"query-input":{"@type":"PropertyValueSpecification","valueRequired":true,"valueName":"search_term_string"}}],"inLanguage":"fr-FR"},{"@type":"Organization","@id":"https:\/\/www.carideal.com\/blog\/#organization","name":"Carideal","url":"https:\/\/www.carideal.com\/blog\/","logo":{"@type":"ImageObject","inLanguage":"fr-FR","@id":"https:\/\/www.carideal.com\/blog\/#\/schema\/logo\/image\/","url":"http:\/\/www.carideal.com\/blog\/wp-content\/uploads\/2016\/03\/logo-carideal-mandataire-automobile.png","contentUrl":"http:\/\/www.carideal.com\/blog\/wp-content\/uploads\/2016\/03\/logo-carideal-mandataire-automobile.png","width":300,"height":300,"caption":"Carideal"},"image":{"@id":"https:\/\/www.carideal.com\/blog\/#\/schema\/logo\/image\/"},"sameAs":["https:\/\/www.facebook.com\/Carideal.mandataire.automobile","https:\/\/x.com\/caridealauto","https:\/\/www.instagram.com\/carideal1\/","https:\/\/www.linkedin.com\/company\/carideal.com","https:\/\/fr.pinterest.com\/schiavonsas\/","https:\/\/www.youtube.com\/user\/caridealsas"]},{"@type":"Person","@id":"https:\/\/www.carideal.com\/blog\/#\/schema\/person\/985c7e757d1042d647f21bfaf8d41ebc","name":"N.S Carideal","image":{"@type":"ImageObject","inLanguage":"fr-FR","@id":"https:\/\/www.carideal.com\/blog\/#\/schema\/person\/image\/","url":"https:\/\/secure.gravatar.com\/avatar\/edb7ccdf1a4e3d14aef967760d354d0e?s=96&r=g","contentUrl":"https:\/\/secure.gravatar.com\/avatar\/edb7ccdf1a4e3d14aef967760d354d0e?s=96&r=g","caption":"N.S Carideal"},"description":"Depuis tout petit fan d'automobile. Il est question d'essayer et de comparer toutes ces voitures qui nous ont fait r\u00e9ver, avant que celles-ci ne devient uniquement des voitures de collection.","sameAs":["http:\/\/www.carideal.com\/blog","https:\/\/www.facebook.com\/Carideal.mandataire.automobile\/","https:\/\/www.linkedin.com\/in\/nschiavon\/","https:\/\/www.youtube.com\/user\/caridealsas\/"],"url":"https:\/\/www.carideal.com\/blog\/author\/admin_carideal\/"}]}},"uagb_featured_image_src":{"full":["https:\/\/www.carideal.com\/blog\/wp-content\/uploads\/2012\/05\/Skoda-Citigo-achat-carideal-mandataire-automobile_m.jpg",448,252,false],"thumbnail":["https:\/\/www.carideal.com\/blog\/wp-content\/uploads\/2012\/05\/Skoda-Citigo-achat-carideal-mandataire-automobile_m-150x150.jpg",150,150,true],"medium":["https:\/\/www.carideal.com\/blog\/wp-content\/uploads\/2012\/05\/Skoda-Citigo-achat-carideal-mandataire-automobile_m-300x169.jpg",300,169,true],"medium_large":["https:\/\/www.carideal.com\/blog\/wp-content\/uploads\/2012\/05\/Skoda-Citigo-achat-carideal-mandataire-automobile_m.jpg",448,252,false],"large":["https:\/\/www.carideal.com\/blog\/wp-content\/uploads\/2012\/05\/Skoda-Citigo-achat-carideal-mandataire-automobile_m.jpg",448,252,false],"1536x1536":["https:\/\/www.carideal.com\/blog\/wp-content\/uploads\/2012\/05\/Skoda-Citigo-achat-carideal-mandataire-automobile_m.jpg",448,252,false],"2048x2048":["https:\/\/www.carideal.com\/blog\/wp-content\/uploads\/2012\/05\/Skoda-Citigo-achat-carideal-mandataire-automobile_m.jpg",448,252,false],"wppr-widget":["https:\/\/www.carideal.com\/blog\/wp-content\/uploads\/2012\/05\/Skoda-Citigo-achat-carideal-mandataire-automobile_m-50x28.jpg",50,28,true]},"uagb_author_info":{"display_name":"N.S Carideal","author_link":"https:\/\/www.carideal.com\/blog\/author\/admin_carideal\/"},"uagb_comment_info":0,"uagb_excerpt":"Skoda Citigo 2012 citadine la moins ch\u00e8re de VAG La Citigo n'a pas de r\u00e9putation, ni la frimousse mais des tarifs plus int\u00e9ressant que ceux de sa cousine la Volkswagen Up. Les prix diminue de 500 \u00e0 2000 \u20ac, selon les versions. Cette Citigo n'a rien d'une voiture au rabais. Confectionn\u00e9e sur la m\u00eame cha\u00eene\u2026","_links":{"self":[{"href":"https:\/\/www.carideal.com\/blog\/wp-json\/wp\/v2\/posts\/1165"}],"collection":[{"href":"https:\/\/www.carideal.com\/blog\/wp-json\/wp\/v2\/posts"}],"about":[{"href":"https:\/\/www.carideal.com\/blog\/wp-json\/wp\/v2\/types\/post"}],"author":[{"embeddable":true,"href":"https:\/\/www.carideal.com\/blog\/wp-json\/wp\/v2\/users\/1"}],"replies":[{"embeddable":true,"href":"https:\/\/www.carideal.com\/blog\/wp-json\/wp\/v2\/comments?post=1165"}],"version-history":[{"count":0,"href":"https:\/\/www.carideal.com\/blog\/wp-json\/wp\/v2\/posts\/1165\/revisions"}],"wp:featuredmedia":[{"embeddable":true,"href":"https:\/\/www.carideal.com\/blog\/wp-json\/wp\/v2\/media\/17894"}],"wp:attachment":[{"href":"https:\/\/www.carideal.com\/blog\/wp-json\/wp\/v2\/media?parent=1165"}],"wp:term":[{"taxonomy":"category","embeddable":true,"href":"https:\/\/www.carideal.com\/blog\/wp-json\/wp\/v2\/categories?post=1165"},{"taxonomy":"post_tag","embeddable":true,"href":"https:\/\/www.carideal.com\/blog\/wp-json\/wp\/v2\/tags?post=1165"}],"curies":[{"name":"wp","href":"https:\/\/api.w.org\/{rel}","templated":true}]}}