{"id":1163,"date":"2012-06-22T09:48:00","date_gmt":"2012-06-22T09:48:00","guid":{"rendered":"http:\/\/carideal.com\/blog\/?p=1163"},"modified":"2012-06-22T09:48:00","modified_gmt":"2012-06-22T09:48:00","slug":"lopel-astra-opc","status":"publish","type":"post","link":"https:\/\/www.carideal.com\/blog\/2012\/06\/22\/lopel-astra-opc\/","title":{"rendered":"L&rsquo;Opel ASTRA OPC"},"content":{"rendered":"<p><img decoding=\"async\" src=\"\/blog\/public\/.opel-astra-opc--carideal_m.jpg\" alt=\"opel-astra-opc--carideal.jpeg\" title=\"opel-astra-opc--carideal.jpeg, juin 2012\" \/><\/p>\n<blockquote>\n<p><a href=\"\/blog\/index.php?tag\/Deuxi%C3%A8me%20g%C3%A9n%C3%A9ration\">Deuxi\u00e8me g\u00e9n\u00e9ration<\/a> de l'<a href=\"\/blog\/index.php?tag\/Astra%20OPC.\">Astra OPC.<\/a><\/p>\n<\/blockquote>\n<p>Le <a href=\"\/blog\/index.php?tag\/2.0L%20turbo\">2.0L turbo<\/a> de la petite derni\u00e8re compte 40 ch de plus que son a\u00een\u00e9e, soit 280 ch transmis aux roues avant.Pour contr\u00f4ler cette puissance et les 400 Nm de couple, le train avant a \u00e9t\u00e9 notamment soign\u00e9 avec un pivot d\u00e9coupl\u00e9 qui permet de diminuer les remont\u00e9es de couple dans la direction.Un moyen d\u00e9j\u00e0 utilis\u00e9e par la<a href=\"\/blog\/index.php?tag\/Ford%20Focus%20RS\"> Ford Focus RS<\/a>.La compacte sportive du constructeur \u00e0 l'\u00e9claire a droit \u00e0 un diff\u00e9rentiel m\u00e9canique \u00e0 glissement limit\u00e9 et au ch\u00e2ssis FlexRide qui permet de r\u00e9gler la rigidit\u00e9 de la suspension pilot\u00e9e, la vivacit\u00e9 de la direction et la r\u00e9ponse de l'acc\u00e9l\u00e9rateur.Au niveau performance Opel assure un 0 \u00e0 100 km\/h en 6s et une pointe de 250 km\/h. Quand \u00e0 l'allure, l'OPC annonce la couleur avec un bouclier avant large, des ailes hypertrophi\u00e9es, un diffuseur perc\u00e9 de deux sorties d'\u00e9chappement et encore de gigantesques jantes de 19 pouces. Le\"pack apparence\" offre contre 800 euros \u00e0 des bas de caisses \u00e9largis et un becquet sur le hayon.L'int\u00e9rieur re\u00e7oit un volant m\u00e9plat, des si\u00e8ges sport et des coutures OPC Bleu Bermudes ou gris lumi\u00e8re. Il peut \u00eatre \u00e9quip\u00e9 en option des si\u00e8ges baquets en cuir r\u00e9glables en 18 position et \u00e9quip\u00e9s de coussins pneumatique lat\u00e9raux (2000 \u20ac) Les \u00e9quipements de s\u00e9curit\u00e9 facultatifs comprennent entre autres la cam\u00e9ra Opel Eye avec avertisseur de franchissement involontaire de ligne, lecteur des panneaux de signalisation et indicateur de distance avec le v\u00e9hicule pr\u00e9c\u00e9dent (500 euros). Le GPS \u00e0 Europe avec reconnaissance vocale et \u00e9cran couleur 7 pouce s'offre contre 200 \u20ac. Consid\u00e9rer 550 pour le syst\u00e8me audio \u00e0 huit haut-parleur avec amplificateur 7x45 watts ainsi que pour les jantes alliages de 20 pouces.<br \/>\nCette Astra OPC est disponible \u00e0 la commande d\u00e9s 33.990 euros avec un seul niveau de finition. Elle regagnera la<a href=\"\/blog\/index.php?tag\/Corsa%20OPC%20%281.6L%20192ch%29\"> Corsa OPC (1.6L 192ch)<\/a> et<a href=\"\/blog\/index.php?tag\/l%20Insigna%20OPC%20V6%202.8L%20de%20385ch\"> l'Insigna OPC V6 2.8L de 385ch<\/a> dans les concessions en juillet.<\/p>\n","protected":false},"excerpt":{"rendered":"<p>Deuxi\u00e8me g\u00e9n\u00e9ration de l&rsquo;Astra OPC. Le 2.0L turbo de la petite derni\u00e8re compte 40 ch de plus que son a\u00een\u00e9e, soit 280 ch transmis aux roues avant.Pour contr\u00f4ler cette puissance et les 400 Nm de couple, le train avant a \u00e9t\u00e9 notamment soign\u00e9 avec un pivot d\u00e9coupl\u00e9 qui permet de diminuer les remont\u00e9es de couple &#8230; <a title=\"L&rsquo;Opel ASTRA OPC\" class=\"read-more\" href=\"https:\/\/www.carideal.com\/blog\/2012\/06\/22\/lopel-astra-opc\/\" aria-label=\"En savoir plus sur L&rsquo;Opel ASTRA OPC\">Lire plus<\/a><\/p>\n","protected":false},"author":1,"featured_media":0,"comment_status":"open","ping_status":"open","sticky":false,"template":"","format":"standard","meta":{"_uag_custom_page_level_css":"","_themeisle_gutenberg_block_has_review":false,"footnotes":""},"categories":[10],"tags":[],"class_list":["post-1163","post","type-post","status-publish","format-standard","hentry","category-marche-automobile-voiture-neuve-occasion-4x4-suv"],"wppr_data":[],"yoast_head":"<!-- This site is optimized with the Yoast SEO plugin v24.8.1 - https:\/\/yoast.com\/wordpress\/plugins\/seo\/ -->\n<title>L&#039;Opel ASTRA OPC - Blog auto Carid\u00e9al<\/title>\n<meta name=\"robots\" content=\"index, follow, max-snippet:-1, max-image-preview:large, max-video-preview:-1\" \/>\n<link rel=\"canonical\" href=\"https:\/\/www.carideal.com\/blog\/2012\/06\/22\/lopel-astra-opc\/\" \/>\n<meta property=\"og:locale\" content=\"fr_FR\" \/>\n<meta property=\"og:type\" content=\"article\" \/>\n<meta property=\"og:title\" content=\"L&#039;Opel ASTRA OPC - Blog auto Carid\u00e9al\" \/>\n<meta property=\"og:description\" content=\"Deuxi\u00e8me g\u00e9n\u00e9ration de l&#039;Astra OPC. Le 2.0L turbo de la petite derni\u00e8re compte 40 ch de plus que son a\u00een\u00e9e, soit 280 ch transmis aux roues avant.Pour contr\u00f4ler cette puissance et les 400 Nm de couple, le train avant a \u00e9t\u00e9 notamment soign\u00e9 avec un pivot d\u00e9coupl\u00e9 qui permet de diminuer les remont\u00e9es de couple ... Lire plus\" \/>\n<meta property=\"og:url\" content=\"https:\/\/www.carideal.com\/blog\/2012\/06\/22\/lopel-astra-opc\/\" \/>\n<meta property=\"og:site_name\" content=\"Blog auto Carid\u00e9al\" \/>\n<meta property=\"article:publisher\" content=\"https:\/\/www.facebook.com\/Carideal.mandataire.automobile\" \/>\n<meta property=\"article:author\" content=\"https:\/\/www.facebook.com\/Carideal.mandataire.automobile\/\" \/>\n<meta property=\"article:published_time\" content=\"2012-06-22T09:48:00+00:00\" \/>\n<meta property=\"og:image\" content=\"https:\/\/www.carideal.com\/blog\/wp-content\/uploads\/2016\/03\/logo-carideal-mandataire-automobile.png\" \/>\n\t<meta property=\"og:image:width\" content=\"300\" \/>\n\t<meta property=\"og:image:height\" content=\"300\" \/>\n\t<meta property=\"og:image:type\" content=\"image\/png\" \/>\n<meta name=\"author\" content=\"N.S Carideal\" \/>\n<meta name=\"twitter:card\" content=\"summary_large_image\" \/>\n<meta name=\"twitter:creator\" content=\"@caridealauto\" \/>\n<meta name=\"twitter:site\" content=\"@caridealauto\" \/>\n<meta name=\"twitter:label1\" content=\"\u00c9crit par\" \/>\n\t<meta name=\"twitter:data1\" content=\"N.S Carideal\" \/>\n\t<meta name=\"twitter:label2\" content=\"Dur\u00e9e de lecture estim\u00e9e\" \/>\n\t<meta name=\"twitter:data2\" content=\"2 minutes\" \/>\n<script type=\"application\/ld+json\" class=\"yoast-schema-graph\">{\"@context\":\"https:\/\/schema.org\",\"@graph\":[{\"@type\":\"Article\",\"@id\":\"https:\/\/www.carideal.com\/blog\/2012\/06\/22\/lopel-astra-opc\/#article\",\"isPartOf\":{\"@id\":\"https:\/\/www.carideal.com\/blog\/2012\/06\/22\/lopel-astra-opc\/\"},\"author\":{\"name\":\"N.S Carideal\",\"@id\":\"https:\/\/www.carideal.com\/blog\/#\/schema\/person\/985c7e757d1042d647f21bfaf8d41ebc\"},\"headline\":\"L&rsquo;Opel ASTRA OPC\",\"datePublished\":\"2012-06-22T09:48:00+00:00\",\"mainEntityOfPage\":{\"@id\":\"https:\/\/www.carideal.com\/blog\/2012\/06\/22\/lopel-astra-opc\/\"},\"wordCount\":340,\"commentCount\":0,\"publisher\":{\"@id\":\"https:\/\/www.carideal.com\/blog\/#organization\"},\"articleSection\":[\"March\u00e9 automobile\"],\"inLanguage\":\"fr-FR\",\"potentialAction\":[{\"@type\":\"CommentAction\",\"name\":\"Comment\",\"target\":[\"https:\/\/www.carideal.com\/blog\/2012\/06\/22\/lopel-astra-opc\/#respond\"]}]},{\"@type\":\"WebPage\",\"@id\":\"https:\/\/www.carideal.com\/blog\/2012\/06\/22\/lopel-astra-opc\/\",\"url\":\"https:\/\/www.carideal.com\/blog\/2012\/06\/22\/lopel-astra-opc\/\",\"name\":\"L'Opel ASTRA OPC - Blog auto Carid\u00e9al\",\"isPartOf\":{\"@id\":\"https:\/\/www.carideal.com\/blog\/#website\"},\"datePublished\":\"2012-06-22T09:48:00+00:00\",\"breadcrumb\":{\"@id\":\"https:\/\/www.carideal.com\/blog\/2012\/06\/22\/lopel-astra-opc\/#breadcrumb\"},\"inLanguage\":\"fr-FR\",\"potentialAction\":[{\"@type\":\"ReadAction\",\"target\":[\"https:\/\/www.carideal.com\/blog\/2012\/06\/22\/lopel-astra-opc\/\"]}]},{\"@type\":\"BreadcrumbList\",\"@id\":\"https:\/\/www.carideal.com\/blog\/2012\/06\/22\/lopel-astra-opc\/#breadcrumb\",\"itemListElement\":[{\"@type\":\"ListItem\",\"position\":1,\"name\":\"Blog Carid\u00e9al\",\"item\":\"https:\/\/www.carideal.com\/blog\/\"},{\"@type\":\"ListItem\",\"position\":2,\"name\":\"March\u00e9 automobile\",\"item\":\"https:\/\/www.carideal.com\/blog\/marche-automobile-voiture-neuve-occasion-4x4-suv\/\"},{\"@type\":\"ListItem\",\"position\":3,\"name\":\"L&rsquo;Opel ASTRA OPC\"}]},{\"@type\":\"WebSite\",\"@id\":\"https:\/\/www.carideal.com\/blog\/#website\",\"url\":\"https:\/\/www.carideal.com\/blog\/\",\"name\":\"Blog auto Carid\u00e9al\",\"description\":\"Actualit\u00e9 auto par des passionn\u00e9s\",\"publisher\":{\"@id\":\"https:\/\/www.carideal.com\/blog\/#organization\"},\"potentialAction\":[{\"@type\":\"SearchAction\",\"target\":{\"@type\":\"EntryPoint\",\"urlTemplate\":\"https:\/\/www.carideal.com\/blog\/?s={search_term_string}\"},\"query-input\":{\"@type\":\"PropertyValueSpecification\",\"valueRequired\":true,\"valueName\":\"search_term_string\"}}],\"inLanguage\":\"fr-FR\"},{\"@type\":\"Organization\",\"@id\":\"https:\/\/www.carideal.com\/blog\/#organization\",\"name\":\"Carideal\",\"url\":\"https:\/\/www.carideal.com\/blog\/\",\"logo\":{\"@type\":\"ImageObject\",\"inLanguage\":\"fr-FR\",\"@id\":\"https:\/\/www.carideal.com\/blog\/#\/schema\/logo\/image\/\",\"url\":\"http:\/\/www.carideal.com\/blog\/wp-content\/uploads\/2016\/03\/logo-carideal-mandataire-automobile.png\",\"contentUrl\":\"http:\/\/www.carideal.com\/blog\/wp-content\/uploads\/2016\/03\/logo-carideal-mandataire-automobile.png\",\"width\":300,\"height\":300,\"caption\":\"Carideal\"},\"image\":{\"@id\":\"https:\/\/www.carideal.com\/blog\/#\/schema\/logo\/image\/\"},\"sameAs\":[\"https:\/\/www.facebook.com\/Carideal.mandataire.automobile\",\"https:\/\/x.com\/caridealauto\",\"https:\/\/www.instagram.com\/carideal1\/\",\"https:\/\/www.linkedin.com\/company\/carideal.com\",\"https:\/\/fr.pinterest.com\/schiavonsas\/\",\"https:\/\/www.youtube.com\/user\/caridealsas\"]},{\"@type\":\"Person\",\"@id\":\"https:\/\/www.carideal.com\/blog\/#\/schema\/person\/985c7e757d1042d647f21bfaf8d41ebc\",\"name\":\"N.S Carideal\",\"image\":{\"@type\":\"ImageObject\",\"inLanguage\":\"fr-FR\",\"@id\":\"https:\/\/www.carideal.com\/blog\/#\/schema\/person\/image\/\",\"url\":\"https:\/\/secure.gravatar.com\/avatar\/edb7ccdf1a4e3d14aef967760d354d0e?s=96&r=g\",\"contentUrl\":\"https:\/\/secure.gravatar.com\/avatar\/edb7ccdf1a4e3d14aef967760d354d0e?s=96&r=g\",\"caption\":\"N.S Carideal\"},\"description\":\"Depuis tout petit fan d'automobile. Il est question d'essayer et de comparer toutes ces voitures qui nous ont fait r\u00e9ver, avant que celles-ci ne devient uniquement des voitures de collection.\",\"sameAs\":[\"http:\/\/www.carideal.com\/blog\",\"https:\/\/www.facebook.com\/Carideal.mandataire.automobile\/\",\"https:\/\/www.linkedin.com\/in\/nschiavon\/\",\"https:\/\/www.youtube.com\/user\/caridealsas\/\"],\"url\":\"https:\/\/www.carideal.com\/blog\/author\/admin_carideal\/\"}]}<\/script>\n<!-- \/ Yoast SEO plugin. -->","yoast_head_json":{"title":"L'Opel ASTRA OPC - Blog auto Carid\u00e9al","robots":{"index":"index","follow":"follow","max-snippet":"max-snippet:-1","max-image-preview":"max-image-preview:large","max-video-preview":"max-video-preview:-1"},"canonical":"https:\/\/www.carideal.com\/blog\/2012\/06\/22\/lopel-astra-opc\/","og_locale":"fr_FR","og_type":"article","og_title":"L'Opel ASTRA OPC - Blog auto Carid\u00e9al","og_description":"Deuxi\u00e8me g\u00e9n\u00e9ration de l'Astra OPC. Le 2.0L turbo de la petite derni\u00e8re compte 40 ch de plus que son a\u00een\u00e9e, soit 280 ch transmis aux roues avant.Pour contr\u00f4ler cette puissance et les 400 Nm de couple, le train avant a \u00e9t\u00e9 notamment soign\u00e9 avec un pivot d\u00e9coupl\u00e9 qui permet de diminuer les remont\u00e9es de couple ... Lire plus","og_url":"https:\/\/www.carideal.com\/blog\/2012\/06\/22\/lopel-astra-opc\/","og_site_name":"Blog auto Carid\u00e9al","article_publisher":"https:\/\/www.facebook.com\/Carideal.mandataire.automobile","article_author":"https:\/\/www.facebook.com\/Carideal.mandataire.automobile\/","article_published_time":"2012-06-22T09:48:00+00:00","og_image":[{"width":300,"height":300,"url":"https:\/\/www.carideal.com\/blog\/wp-content\/uploads\/2016\/03\/logo-carideal-mandataire-automobile.png","type":"image\/png"}],"author":"N.S Carideal","twitter_card":"summary_large_image","twitter_creator":"@caridealauto","twitter_site":"@caridealauto","twitter_misc":{"\u00c9crit par":"N.S Carideal","Dur\u00e9e de lecture estim\u00e9e":"2 minutes"},"schema":{"@context":"https:\/\/schema.org","@graph":[{"@type":"Article","@id":"https:\/\/www.carideal.com\/blog\/2012\/06\/22\/lopel-astra-opc\/#article","isPartOf":{"@id":"https:\/\/www.carideal.com\/blog\/2012\/06\/22\/lopel-astra-opc\/"},"author":{"name":"N.S Carideal","@id":"https:\/\/www.carideal.com\/blog\/#\/schema\/person\/985c7e757d1042d647f21bfaf8d41ebc"},"headline":"L&rsquo;Opel ASTRA OPC","datePublished":"2012-06-22T09:48:00+00:00","mainEntityOfPage":{"@id":"https:\/\/www.carideal.com\/blog\/2012\/06\/22\/lopel-astra-opc\/"},"wordCount":340,"commentCount":0,"publisher":{"@id":"https:\/\/www.carideal.com\/blog\/#organization"},"articleSection":["March\u00e9 automobile"],"inLanguage":"fr-FR","potentialAction":[{"@type":"CommentAction","name":"Comment","target":["https:\/\/www.carideal.com\/blog\/2012\/06\/22\/lopel-astra-opc\/#respond"]}]},{"@type":"WebPage","@id":"https:\/\/www.carideal.com\/blog\/2012\/06\/22\/lopel-astra-opc\/","url":"https:\/\/www.carideal.com\/blog\/2012\/06\/22\/lopel-astra-opc\/","name":"L'Opel ASTRA OPC - Blog auto Carid\u00e9al","isPartOf":{"@id":"https:\/\/www.carideal.com\/blog\/#website"},"datePublished":"2012-06-22T09:48:00+00:00","breadcrumb":{"@id":"https:\/\/www.carideal.com\/blog\/2012\/06\/22\/lopel-astra-opc\/#breadcrumb"},"inLanguage":"fr-FR","potentialAction":[{"@type":"ReadAction","target":["https:\/\/www.carideal.com\/blog\/2012\/06\/22\/lopel-astra-opc\/"]}]},{"@type":"BreadcrumbList","@id":"https:\/\/www.carideal.com\/blog\/2012\/06\/22\/lopel-astra-opc\/#breadcrumb","itemListElement":[{"@type":"ListItem","position":1,"name":"Blog Carid\u00e9al","item":"https:\/\/www.carideal.com\/blog\/"},{"@type":"ListItem","position":2,"name":"March\u00e9 automobile","item":"https:\/\/www.carideal.com\/blog\/marche-automobile-voiture-neuve-occasion-4x4-suv\/"},{"@type":"ListItem","position":3,"name":"L&rsquo;Opel ASTRA OPC"}]},{"@type":"WebSite","@id":"https:\/\/www.carideal.com\/blog\/#website","url":"https:\/\/www.carideal.com\/blog\/","name":"Blog auto Carid\u00e9al","description":"Actualit\u00e9 auto par des passionn\u00e9s","publisher":{"@id":"https:\/\/www.carideal.com\/blog\/#organization"},"potentialAction":[{"@type":"SearchAction","target":{"@type":"EntryPoint","urlTemplate":"https:\/\/www.carideal.com\/blog\/?s={search_term_string}"},"query-input":{"@type":"PropertyValueSpecification","valueRequired":true,"valueName":"search_term_string"}}],"inLanguage":"fr-FR"},{"@type":"Organization","@id":"https:\/\/www.carideal.com\/blog\/#organization","name":"Carideal","url":"https:\/\/www.carideal.com\/blog\/","logo":{"@type":"ImageObject","inLanguage":"fr-FR","@id":"https:\/\/www.carideal.com\/blog\/#\/schema\/logo\/image\/","url":"http:\/\/www.carideal.com\/blog\/wp-content\/uploads\/2016\/03\/logo-carideal-mandataire-automobile.png","contentUrl":"http:\/\/www.carideal.com\/blog\/wp-content\/uploads\/2016\/03\/logo-carideal-mandataire-automobile.png","width":300,"height":300,"caption":"Carideal"},"image":{"@id":"https:\/\/www.carideal.com\/blog\/#\/schema\/logo\/image\/"},"sameAs":["https:\/\/www.facebook.com\/Carideal.mandataire.automobile","https:\/\/x.com\/caridealauto","https:\/\/www.instagram.com\/carideal1\/","https:\/\/www.linkedin.com\/company\/carideal.com","https:\/\/fr.pinterest.com\/schiavonsas\/","https:\/\/www.youtube.com\/user\/caridealsas"]},{"@type":"Person","@id":"https:\/\/www.carideal.com\/blog\/#\/schema\/person\/985c7e757d1042d647f21bfaf8d41ebc","name":"N.S Carideal","image":{"@type":"ImageObject","inLanguage":"fr-FR","@id":"https:\/\/www.carideal.com\/blog\/#\/schema\/person\/image\/","url":"https:\/\/secure.gravatar.com\/avatar\/edb7ccdf1a4e3d14aef967760d354d0e?s=96&r=g","contentUrl":"https:\/\/secure.gravatar.com\/avatar\/edb7ccdf1a4e3d14aef967760d354d0e?s=96&r=g","caption":"N.S Carideal"},"description":"Depuis tout petit fan d'automobile. Il est question d'essayer et de comparer toutes ces voitures qui nous ont fait r\u00e9ver, avant que celles-ci ne devient uniquement des voitures de collection.","sameAs":["http:\/\/www.carideal.com\/blog","https:\/\/www.facebook.com\/Carideal.mandataire.automobile\/","https:\/\/www.linkedin.com\/in\/nschiavon\/","https:\/\/www.youtube.com\/user\/caridealsas\/"],"url":"https:\/\/www.carideal.com\/blog\/author\/admin_carideal\/"}]}},"uagb_featured_image_src":{"full":false,"thumbnail":false,"medium":false,"medium_large":false,"large":false,"1536x1536":false,"2048x2048":false,"wppr-widget":false},"uagb_author_info":{"display_name":"N.S Carideal","author_link":"https:\/\/www.carideal.com\/blog\/author\/admin_carideal\/"},"uagb_comment_info":0,"uagb_excerpt":"Deuxi\u00e8me g\u00e9n\u00e9ration de l'Astra OPC. Le 2.0L turbo de la petite derni\u00e8re compte 40 ch de plus que son a\u00een\u00e9e, soit 280 ch transmis aux roues avant.Pour contr\u00f4ler cette puissance et les 400 Nm de couple, le train avant a \u00e9t\u00e9 notamment soign\u00e9 avec un pivot d\u00e9coupl\u00e9 qui permet de diminuer les remont\u00e9es de couple\u2026","_links":{"self":[{"href":"https:\/\/www.carideal.com\/blog\/wp-json\/wp\/v2\/posts\/1163"}],"collection":[{"href":"https:\/\/www.carideal.com\/blog\/wp-json\/wp\/v2\/posts"}],"about":[{"href":"https:\/\/www.carideal.com\/blog\/wp-json\/wp\/v2\/types\/post"}],"author":[{"embeddable":true,"href":"https:\/\/www.carideal.com\/blog\/wp-json\/wp\/v2\/users\/1"}],"replies":[{"embeddable":true,"href":"https:\/\/www.carideal.com\/blog\/wp-json\/wp\/v2\/comments?post=1163"}],"version-history":[{"count":0,"href":"https:\/\/www.carideal.com\/blog\/wp-json\/wp\/v2\/posts\/1163\/revisions"}],"wp:attachment":[{"href":"https:\/\/www.carideal.com\/blog\/wp-json\/wp\/v2\/media?parent=1163"}],"wp:term":[{"taxonomy":"category","embeddable":true,"href":"https:\/\/www.carideal.com\/blog\/wp-json\/wp\/v2\/categories?post=1163"},{"taxonomy":"post_tag","embeddable":true,"href":"https:\/\/www.carideal.com\/blog\/wp-json\/wp\/v2\/tags?post=1163"}],"curies":[{"name":"wp","href":"https:\/\/api.w.org\/{rel}","templated":true}]}}