{"id":1159,"date":"2012-06-19T14:55:00","date_gmt":"2012-06-19T14:55:00","guid":{"rendered":"http:\/\/carideal.com\/blog\/?p=1159"},"modified":"2012-06-19T14:55:00","modified_gmt":"2012-06-19T14:55:00","slug":"serie-limitee-pour-citroen","status":"publish","type":"post","link":"https:\/\/www.carideal.com\/blog\/2012\/06\/19\/serie-limitee-pour-citroen\/","title":{"rendered":"s\u00e9rie limit\u00e9e pour Citro\u00ebn"},"content":{"rendered":"<p><img decoding=\"async\" src=\"\/blog\/public\/.Citroen-serie-limitee-euro-carideal_m.jpg\" alt=\"Citroen-serie-limitee-euro-carideal.jpg\" title=\"Citroen-serie-limitee-euro-carideal.jpg, juin 2012\" \/><\/p>\n<blockquote>\n<p>L'euro 2012 chez <a href=\"\/blog\/index.php?tag\/Citro%C3%ABn\">Citro\u00ebn<\/a><\/p>\n<\/blockquote>\n<p>Citro\u00ebn illustre l'<a href=\"\/blog\/index.php?tag\/Euro%202012\">Euro 2012<\/a> avec la sortit de la <a href=\"\/blog\/index.php?tag\/s%C3%A9rie%20sp%C3%A9ciale%20Passion%20Bleus\">s\u00e9rie sp\u00e9ciale Passion Bleus<\/a>.Mais pas question de garnir les voitures aux couleurs de l'\u00e9quipe de France: cette version, disponible sur <a href=\"\/blog\/index.php?tag\/C1\">C1<\/a>, <a href=\"\/blog\/index.php?tag\/C3\">C3<\/a>,<a href=\"\/blog\/index.php?tag\/C3%20Picasso\">C3 Picasso<\/a>,<a href=\"\/blog\/index.php?tag\/C4\">C4<\/a>,<a href=\"\/blog\/index.php?tag\/C4%20Picasso\">C4 Picasso<\/a> et <a href=\"\/blog\/index.php?tag\/Berlingo%20Multispace\">Berlingo Multispace<\/a>, a pour but de sugg\u00e9rer des voitures bien \u00e9quip\u00e9es pour pas cher. Ainsi toutes b\u00e9n\u00e9ficient la climatisation et la peinture m\u00e9tallis\u00e9e. La C1 se compl\u00e8te avec la direction assist\u00e9e et la radio CD contre un suppl\u00e9ment de 1440 \u20ac(10890 \u20ac). La C3 re\u00e7oit un parfumeur d'ambiance, des antibrouillards et un lecteur CD avec prise jack pour une augmentation de tarif raisonnable en essence: 13990 \u20ac(+190\u20ac), moins en diesel: 16490(+1040\u20ac).Mais la meilleur affaire se trouve c\u00f4t\u00e9 de la C4: radio CD avec commandes au volant et antibrouillards pour un prix ramen\u00e9 \u00e0 20490 \u20ac(-360\u20ac). Par contre dommage pour le C4 Picasso qui perd les phares et les essuie-glaces automatiques sans baisser son prix: 25000 \u20ac en HDI 110.<\/p>\n","protected":false},"excerpt":{"rendered":"<p>L&rsquo;euro 2012 chez Citro\u00ebn Citro\u00ebn illustre l&rsquo;Euro 2012 avec la sortit de la s\u00e9rie sp\u00e9ciale Passion Bleus.Mais pas question de garnir les voitures aux couleurs de l&rsquo;\u00e9quipe de France: cette version, disponible sur C1, C3,C3 Picasso,C4,C4 Picasso et Berlingo Multispace, a pour but de sugg\u00e9rer des voitures bien \u00e9quip\u00e9es pour pas cher. Ainsi toutes b\u00e9n\u00e9ficient &#8230; <a title=\"s\u00e9rie limit\u00e9e pour Citro\u00ebn\" class=\"read-more\" href=\"https:\/\/www.carideal.com\/blog\/2012\/06\/19\/serie-limitee-pour-citroen\/\" aria-label=\"En savoir plus sur s\u00e9rie limit\u00e9e pour Citro\u00ebn\">Lire plus<\/a><\/p>\n","protected":false},"author":1,"featured_media":0,"comment_status":"open","ping_status":"open","sticky":false,"template":"","format":"standard","meta":{"_uag_custom_page_level_css":"","_themeisle_gutenberg_block_has_review":false,"footnotes":""},"categories":[10],"tags":[],"class_list":["post-1159","post","type-post","status-publish","format-standard","hentry","category-marche-automobile-voiture-neuve-occasion-4x4-suv"],"wppr_data":[],"yoast_head":"<!-- This site is optimized with the Yoast SEO plugin v24.8.1 - https:\/\/yoast.com\/wordpress\/plugins\/seo\/ -->\n<title>s\u00e9rie limit\u00e9e pour Citro\u00ebn - Blog auto Carid\u00e9al<\/title>\n<meta name=\"robots\" content=\"index, follow, max-snippet:-1, max-image-preview:large, max-video-preview:-1\" \/>\n<link rel=\"canonical\" href=\"https:\/\/www.carideal.com\/blog\/2012\/06\/19\/serie-limitee-pour-citroen\/\" \/>\n<meta property=\"og:locale\" content=\"fr_FR\" \/>\n<meta property=\"og:type\" content=\"article\" \/>\n<meta property=\"og:title\" content=\"s\u00e9rie limit\u00e9e pour Citro\u00ebn - Blog auto Carid\u00e9al\" \/>\n<meta property=\"og:description\" content=\"L&#039;euro 2012 chez Citro\u00ebn Citro\u00ebn illustre l&#039;Euro 2012 avec la sortit de la s\u00e9rie sp\u00e9ciale Passion Bleus.Mais pas question de garnir les voitures aux couleurs de l&#039;\u00e9quipe de France: cette version, disponible sur C1, C3,C3 Picasso,C4,C4 Picasso et Berlingo Multispace, a pour but de sugg\u00e9rer des voitures bien \u00e9quip\u00e9es pour pas cher. Ainsi toutes b\u00e9n\u00e9ficient ... Lire plus\" \/>\n<meta property=\"og:url\" content=\"https:\/\/www.carideal.com\/blog\/2012\/06\/19\/serie-limitee-pour-citroen\/\" \/>\n<meta property=\"og:site_name\" content=\"Blog auto Carid\u00e9al\" \/>\n<meta property=\"article:publisher\" content=\"https:\/\/www.facebook.com\/Carideal.mandataire.automobile\" \/>\n<meta property=\"article:author\" content=\"https:\/\/www.facebook.com\/Carideal.mandataire.automobile\/\" \/>\n<meta property=\"article:published_time\" content=\"2012-06-19T14:55:00+00:00\" \/>\n<meta property=\"og:image\" content=\"https:\/\/www.carideal.com\/blog\/wp-content\/uploads\/2016\/03\/logo-carideal-mandataire-automobile.png\" \/>\n\t<meta property=\"og:image:width\" content=\"300\" \/>\n\t<meta property=\"og:image:height\" content=\"300\" \/>\n\t<meta property=\"og:image:type\" content=\"image\/png\" \/>\n<meta name=\"author\" content=\"N.S Carideal\" \/>\n<meta name=\"twitter:card\" content=\"summary_large_image\" \/>\n<meta name=\"twitter:creator\" content=\"@caridealauto\" \/>\n<meta name=\"twitter:site\" content=\"@caridealauto\" \/>\n<meta name=\"twitter:label1\" content=\"\u00c9crit par\" \/>\n\t<meta name=\"twitter:data1\" content=\"N.S Carideal\" \/>\n\t<meta name=\"twitter:label2\" content=\"Dur\u00e9e de lecture estim\u00e9e\" \/>\n\t<meta name=\"twitter:data2\" content=\"1 minute\" \/>\n<script type=\"application\/ld+json\" class=\"yoast-schema-graph\">{\"@context\":\"https:\/\/schema.org\",\"@graph\":[{\"@type\":\"Article\",\"@id\":\"https:\/\/www.carideal.com\/blog\/2012\/06\/19\/serie-limitee-pour-citroen\/#article\",\"isPartOf\":{\"@id\":\"https:\/\/www.carideal.com\/blog\/2012\/06\/19\/serie-limitee-pour-citroen\/\"},\"author\":{\"name\":\"N.S Carideal\",\"@id\":\"https:\/\/www.carideal.com\/blog\/#\/schema\/person\/985c7e757d1042d647f21bfaf8d41ebc\"},\"headline\":\"s\u00e9rie limit\u00e9e pour Citro\u00ebn\",\"datePublished\":\"2012-06-19T14:55:00+00:00\",\"mainEntityOfPage\":{\"@id\":\"https:\/\/www.carideal.com\/blog\/2012\/06\/19\/serie-limitee-pour-citroen\/\"},\"wordCount\":172,\"commentCount\":0,\"publisher\":{\"@id\":\"https:\/\/www.carideal.com\/blog\/#organization\"},\"articleSection\":[\"March\u00e9 automobile\"],\"inLanguage\":\"fr-FR\",\"potentialAction\":[{\"@type\":\"CommentAction\",\"name\":\"Comment\",\"target\":[\"https:\/\/www.carideal.com\/blog\/2012\/06\/19\/serie-limitee-pour-citroen\/#respond\"]}]},{\"@type\":\"WebPage\",\"@id\":\"https:\/\/www.carideal.com\/blog\/2012\/06\/19\/serie-limitee-pour-citroen\/\",\"url\":\"https:\/\/www.carideal.com\/blog\/2012\/06\/19\/serie-limitee-pour-citroen\/\",\"name\":\"s\u00e9rie limit\u00e9e pour Citro\u00ebn - Blog auto Carid\u00e9al\",\"isPartOf\":{\"@id\":\"https:\/\/www.carideal.com\/blog\/#website\"},\"datePublished\":\"2012-06-19T14:55:00+00:00\",\"breadcrumb\":{\"@id\":\"https:\/\/www.carideal.com\/blog\/2012\/06\/19\/serie-limitee-pour-citroen\/#breadcrumb\"},\"inLanguage\":\"fr-FR\",\"potentialAction\":[{\"@type\":\"ReadAction\",\"target\":[\"https:\/\/www.carideal.com\/blog\/2012\/06\/19\/serie-limitee-pour-citroen\/\"]}]},{\"@type\":\"BreadcrumbList\",\"@id\":\"https:\/\/www.carideal.com\/blog\/2012\/06\/19\/serie-limitee-pour-citroen\/#breadcrumb\",\"itemListElement\":[{\"@type\":\"ListItem\",\"position\":1,\"name\":\"Blog Carid\u00e9al\",\"item\":\"https:\/\/www.carideal.com\/blog\/\"},{\"@type\":\"ListItem\",\"position\":2,\"name\":\"March\u00e9 automobile\",\"item\":\"https:\/\/www.carideal.com\/blog\/marche-automobile-voiture-neuve-occasion-4x4-suv\/\"},{\"@type\":\"ListItem\",\"position\":3,\"name\":\"s\u00e9rie limit\u00e9e pour Citro\u00ebn\"}]},{\"@type\":\"WebSite\",\"@id\":\"https:\/\/www.carideal.com\/blog\/#website\",\"url\":\"https:\/\/www.carideal.com\/blog\/\",\"name\":\"Blog auto Carid\u00e9al\",\"description\":\"Actualit\u00e9 auto par des passionn\u00e9s\",\"publisher\":{\"@id\":\"https:\/\/www.carideal.com\/blog\/#organization\"},\"potentialAction\":[{\"@type\":\"SearchAction\",\"target\":{\"@type\":\"EntryPoint\",\"urlTemplate\":\"https:\/\/www.carideal.com\/blog\/?s={search_term_string}\"},\"query-input\":{\"@type\":\"PropertyValueSpecification\",\"valueRequired\":true,\"valueName\":\"search_term_string\"}}],\"inLanguage\":\"fr-FR\"},{\"@type\":\"Organization\",\"@id\":\"https:\/\/www.carideal.com\/blog\/#organization\",\"name\":\"Carideal\",\"url\":\"https:\/\/www.carideal.com\/blog\/\",\"logo\":{\"@type\":\"ImageObject\",\"inLanguage\":\"fr-FR\",\"@id\":\"https:\/\/www.carideal.com\/blog\/#\/schema\/logo\/image\/\",\"url\":\"http:\/\/www.carideal.com\/blog\/wp-content\/uploads\/2016\/03\/logo-carideal-mandataire-automobile.png\",\"contentUrl\":\"http:\/\/www.carideal.com\/blog\/wp-content\/uploads\/2016\/03\/logo-carideal-mandataire-automobile.png\",\"width\":300,\"height\":300,\"caption\":\"Carideal\"},\"image\":{\"@id\":\"https:\/\/www.carideal.com\/blog\/#\/schema\/logo\/image\/\"},\"sameAs\":[\"https:\/\/www.facebook.com\/Carideal.mandataire.automobile\",\"https:\/\/x.com\/caridealauto\",\"https:\/\/www.instagram.com\/carideal1\/\",\"https:\/\/www.linkedin.com\/company\/carideal.com\",\"https:\/\/fr.pinterest.com\/schiavonsas\/\",\"https:\/\/www.youtube.com\/user\/caridealsas\"]},{\"@type\":\"Person\",\"@id\":\"https:\/\/www.carideal.com\/blog\/#\/schema\/person\/985c7e757d1042d647f21bfaf8d41ebc\",\"name\":\"N.S Carideal\",\"image\":{\"@type\":\"ImageObject\",\"inLanguage\":\"fr-FR\",\"@id\":\"https:\/\/www.carideal.com\/blog\/#\/schema\/person\/image\/\",\"url\":\"https:\/\/secure.gravatar.com\/avatar\/edb7ccdf1a4e3d14aef967760d354d0e?s=96&r=g\",\"contentUrl\":\"https:\/\/secure.gravatar.com\/avatar\/edb7ccdf1a4e3d14aef967760d354d0e?s=96&r=g\",\"caption\":\"N.S Carideal\"},\"description\":\"Depuis tout petit fan d'automobile. Il est question d'essayer et de comparer toutes ces voitures qui nous ont fait r\u00e9ver, avant que celles-ci ne devient uniquement des voitures de collection.\",\"sameAs\":[\"http:\/\/www.carideal.com\/blog\",\"https:\/\/www.facebook.com\/Carideal.mandataire.automobile\/\",\"https:\/\/www.linkedin.com\/in\/nschiavon\/\",\"https:\/\/www.youtube.com\/user\/caridealsas\/\"],\"url\":\"https:\/\/www.carideal.com\/blog\/author\/admin_carideal\/\"}]}<\/script>\n<!-- \/ Yoast SEO plugin. -->","yoast_head_json":{"title":"s\u00e9rie limit\u00e9e pour Citro\u00ebn - Blog auto Carid\u00e9al","robots":{"index":"index","follow":"follow","max-snippet":"max-snippet:-1","max-image-preview":"max-image-preview:large","max-video-preview":"max-video-preview:-1"},"canonical":"https:\/\/www.carideal.com\/blog\/2012\/06\/19\/serie-limitee-pour-citroen\/","og_locale":"fr_FR","og_type":"article","og_title":"s\u00e9rie limit\u00e9e pour Citro\u00ebn - Blog auto Carid\u00e9al","og_description":"L'euro 2012 chez Citro\u00ebn Citro\u00ebn illustre l'Euro 2012 avec la sortit de la s\u00e9rie sp\u00e9ciale Passion Bleus.Mais pas question de garnir les voitures aux couleurs de l'\u00e9quipe de France: cette version, disponible sur C1, C3,C3 Picasso,C4,C4 Picasso et Berlingo Multispace, a pour but de sugg\u00e9rer des voitures bien \u00e9quip\u00e9es pour pas cher. Ainsi toutes b\u00e9n\u00e9ficient ... Lire plus","og_url":"https:\/\/www.carideal.com\/blog\/2012\/06\/19\/serie-limitee-pour-citroen\/","og_site_name":"Blog auto Carid\u00e9al","article_publisher":"https:\/\/www.facebook.com\/Carideal.mandataire.automobile","article_author":"https:\/\/www.facebook.com\/Carideal.mandataire.automobile\/","article_published_time":"2012-06-19T14:55:00+00:00","og_image":[{"width":300,"height":300,"url":"https:\/\/www.carideal.com\/blog\/wp-content\/uploads\/2016\/03\/logo-carideal-mandataire-automobile.png","type":"image\/png"}],"author":"N.S Carideal","twitter_card":"summary_large_image","twitter_creator":"@caridealauto","twitter_site":"@caridealauto","twitter_misc":{"\u00c9crit par":"N.S Carideal","Dur\u00e9e de lecture estim\u00e9e":"1 minute"},"schema":{"@context":"https:\/\/schema.org","@graph":[{"@type":"Article","@id":"https:\/\/www.carideal.com\/blog\/2012\/06\/19\/serie-limitee-pour-citroen\/#article","isPartOf":{"@id":"https:\/\/www.carideal.com\/blog\/2012\/06\/19\/serie-limitee-pour-citroen\/"},"author":{"name":"N.S Carideal","@id":"https:\/\/www.carideal.com\/blog\/#\/schema\/person\/985c7e757d1042d647f21bfaf8d41ebc"},"headline":"s\u00e9rie limit\u00e9e pour Citro\u00ebn","datePublished":"2012-06-19T14:55:00+00:00","mainEntityOfPage":{"@id":"https:\/\/www.carideal.com\/blog\/2012\/06\/19\/serie-limitee-pour-citroen\/"},"wordCount":172,"commentCount":0,"publisher":{"@id":"https:\/\/www.carideal.com\/blog\/#organization"},"articleSection":["March\u00e9 automobile"],"inLanguage":"fr-FR","potentialAction":[{"@type":"CommentAction","name":"Comment","target":["https:\/\/www.carideal.com\/blog\/2012\/06\/19\/serie-limitee-pour-citroen\/#respond"]}]},{"@type":"WebPage","@id":"https:\/\/www.carideal.com\/blog\/2012\/06\/19\/serie-limitee-pour-citroen\/","url":"https:\/\/www.carideal.com\/blog\/2012\/06\/19\/serie-limitee-pour-citroen\/","name":"s\u00e9rie limit\u00e9e pour Citro\u00ebn - Blog auto Carid\u00e9al","isPartOf":{"@id":"https:\/\/www.carideal.com\/blog\/#website"},"datePublished":"2012-06-19T14:55:00+00:00","breadcrumb":{"@id":"https:\/\/www.carideal.com\/blog\/2012\/06\/19\/serie-limitee-pour-citroen\/#breadcrumb"},"inLanguage":"fr-FR","potentialAction":[{"@type":"ReadAction","target":["https:\/\/www.carideal.com\/blog\/2012\/06\/19\/serie-limitee-pour-citroen\/"]}]},{"@type":"BreadcrumbList","@id":"https:\/\/www.carideal.com\/blog\/2012\/06\/19\/serie-limitee-pour-citroen\/#breadcrumb","itemListElement":[{"@type":"ListItem","position":1,"name":"Blog Carid\u00e9al","item":"https:\/\/www.carideal.com\/blog\/"},{"@type":"ListItem","position":2,"name":"March\u00e9 automobile","item":"https:\/\/www.carideal.com\/blog\/marche-automobile-voiture-neuve-occasion-4x4-suv\/"},{"@type":"ListItem","position":3,"name":"s\u00e9rie limit\u00e9e pour Citro\u00ebn"}]},{"@type":"WebSite","@id":"https:\/\/www.carideal.com\/blog\/#website","url":"https:\/\/www.carideal.com\/blog\/","name":"Blog auto Carid\u00e9al","description":"Actualit\u00e9 auto par des passionn\u00e9s","publisher":{"@id":"https:\/\/www.carideal.com\/blog\/#organization"},"potentialAction":[{"@type":"SearchAction","target":{"@type":"EntryPoint","urlTemplate":"https:\/\/www.carideal.com\/blog\/?s={search_term_string}"},"query-input":{"@type":"PropertyValueSpecification","valueRequired":true,"valueName":"search_term_string"}}],"inLanguage":"fr-FR"},{"@type":"Organization","@id":"https:\/\/www.carideal.com\/blog\/#organization","name":"Carideal","url":"https:\/\/www.carideal.com\/blog\/","logo":{"@type":"ImageObject","inLanguage":"fr-FR","@id":"https:\/\/www.carideal.com\/blog\/#\/schema\/logo\/image\/","url":"http:\/\/www.carideal.com\/blog\/wp-content\/uploads\/2016\/03\/logo-carideal-mandataire-automobile.png","contentUrl":"http:\/\/www.carideal.com\/blog\/wp-content\/uploads\/2016\/03\/logo-carideal-mandataire-automobile.png","width":300,"height":300,"caption":"Carideal"},"image":{"@id":"https:\/\/www.carideal.com\/blog\/#\/schema\/logo\/image\/"},"sameAs":["https:\/\/www.facebook.com\/Carideal.mandataire.automobile","https:\/\/x.com\/caridealauto","https:\/\/www.instagram.com\/carideal1\/","https:\/\/www.linkedin.com\/company\/carideal.com","https:\/\/fr.pinterest.com\/schiavonsas\/","https:\/\/www.youtube.com\/user\/caridealsas"]},{"@type":"Person","@id":"https:\/\/www.carideal.com\/blog\/#\/schema\/person\/985c7e757d1042d647f21bfaf8d41ebc","name":"N.S Carideal","image":{"@type":"ImageObject","inLanguage":"fr-FR","@id":"https:\/\/www.carideal.com\/blog\/#\/schema\/person\/image\/","url":"https:\/\/secure.gravatar.com\/avatar\/edb7ccdf1a4e3d14aef967760d354d0e?s=96&r=g","contentUrl":"https:\/\/secure.gravatar.com\/avatar\/edb7ccdf1a4e3d14aef967760d354d0e?s=96&r=g","caption":"N.S Carideal"},"description":"Depuis tout petit fan d'automobile. Il est question d'essayer et de comparer toutes ces voitures qui nous ont fait r\u00e9ver, avant que celles-ci ne devient uniquement des voitures de collection.","sameAs":["http:\/\/www.carideal.com\/blog","https:\/\/www.facebook.com\/Carideal.mandataire.automobile\/","https:\/\/www.linkedin.com\/in\/nschiavon\/","https:\/\/www.youtube.com\/user\/caridealsas\/"],"url":"https:\/\/www.carideal.com\/blog\/author\/admin_carideal\/"}]}},"uagb_featured_image_src":{"full":false,"thumbnail":false,"medium":false,"medium_large":false,"large":false,"1536x1536":false,"2048x2048":false,"wppr-widget":false},"uagb_author_info":{"display_name":"N.S Carideal","author_link":"https:\/\/www.carideal.com\/blog\/author\/admin_carideal\/"},"uagb_comment_info":2,"uagb_excerpt":"L'euro 2012 chez Citro\u00ebn Citro\u00ebn illustre l'Euro 2012 avec la sortit de la s\u00e9rie sp\u00e9ciale Passion Bleus.Mais pas question de garnir les voitures aux couleurs de l'\u00e9quipe de France: cette version, disponible sur C1, C3,C3 Picasso,C4,C4 Picasso et Berlingo Multispace, a pour but de sugg\u00e9rer des voitures bien \u00e9quip\u00e9es pour pas cher. Ainsi toutes b\u00e9n\u00e9ficient\u2026","_links":{"self":[{"href":"https:\/\/www.carideal.com\/blog\/wp-json\/wp\/v2\/posts\/1159"}],"collection":[{"href":"https:\/\/www.carideal.com\/blog\/wp-json\/wp\/v2\/posts"}],"about":[{"href":"https:\/\/www.carideal.com\/blog\/wp-json\/wp\/v2\/types\/post"}],"author":[{"embeddable":true,"href":"https:\/\/www.carideal.com\/blog\/wp-json\/wp\/v2\/users\/1"}],"replies":[{"embeddable":true,"href":"https:\/\/www.carideal.com\/blog\/wp-json\/wp\/v2\/comments?post=1159"}],"version-history":[{"count":0,"href":"https:\/\/www.carideal.com\/blog\/wp-json\/wp\/v2\/posts\/1159\/revisions"}],"wp:attachment":[{"href":"https:\/\/www.carideal.com\/blog\/wp-json\/wp\/v2\/media?parent=1159"}],"wp:term":[{"taxonomy":"category","embeddable":true,"href":"https:\/\/www.carideal.com\/blog\/wp-json\/wp\/v2\/categories?post=1159"},{"taxonomy":"post_tag","embeddable":true,"href":"https:\/\/www.carideal.com\/blog\/wp-json\/wp\/v2\/tags?post=1159"}],"curies":[{"name":"wp","href":"https:\/\/api.w.org\/{rel}","templated":true}]}}