{"id":1158,"date":"2012-06-19T14:05:00","date_gmt":"2012-06-19T14:05:00","guid":{"rendered":"http:\/\/carideal.com\/blog\/?p=1158"},"modified":"2016-06-27T11:12:58","modified_gmt":"2016-06-27T09:12:58","slug":"hyundai-i20","status":"publish","type":"post","link":"https:\/\/www.carideal.com\/blog\/2012\/06\/19\/hyundai-i20\/","title":{"rendered":"Hyundai I20 2012"},"content":{"rendered":"<figure style=\"width: 438px\" class=\"wp-caption alignnone\"><img loading=\"lazy\" decoding=\"async\" title=\"Hyundai I20 2012\" src=\"\/blog\/public\/.Hyundai-i20-restylee-carideal_m.jpg\" alt=\"Hyundai I20 2012\" width=\"448\" height=\"298\" \/><figcaption class=\"wp-caption-text\">Hyundai I20 2012<\/figcaption><\/figure>\n<h1><strong>Hyundai I20 2012 restyl\u00e9e<\/strong><\/h1>\n<p>Les ventes de la\u00a0Hyundai i20 ont du mal \u00e0 d\u00e9coller\u00a0: 2812 unit\u00e9s vendues en France l'ann\u00e9e derni\u00e8re, seize fois moins que de Ford Fiesta. Avec ce restylage, Hyundai a pris soin d\u2019effacer l'un des primordial d\u00e9fauts dans l'ancienne version: son disign quelconque. En plus d'avoir gagner en caract\u00e8re, la Hyundai i20 a actualis\u00e9 son \u00e9quipement: d\u00e9marrage sans cl\u00e9, r\u00e9gulateur de vitesse ou encore cam\u00e9ra de recul sont d\u00e9sormais propos\u00e9s de s\u00e9rie ou en option, selon les finitions.Finition qui sont dor\u00e9navant au nombre de quatre au lieux de 2 avant. L'entr\u00e9e de gamme Evidence offre l'essentiel m\u00eame s'il faut atteindre le niveau sup\u00e9rieur pour poss\u00e9der la climatisation.<\/p>\n<h2>Les moteurs de la nouvelle Hyundai I20 2012<\/h2>\n<p>Sur le plan m\u00e9canique, l'i20 re\u00e7oit un nouveau diesel 1.1 CRDI de 75 ch. Ce petit trois cylindres montre une consommation incroyable pour une voiture thermique: 3.6L\/100km pour seulement 84g\/km de CO2 dans sa version sans climatisation. L'ancien 1.4 CRDI de 90 ch revient au catalogue et en profite pour r\u00e9duire sa consommation (4L\/100km,106g\/km de CO2) Seule ombre au tableau, les tarifs ont augment\u00e9,jusqu'\u00e0 810 \u20ac sur le CRDI 90. Mais cette augmentation est compens\u00e9 par un \u00e9quipement sup\u00e9rieur et par des moteurs plus \u00e9conomiques. Sans oublier la garantie constructeur de cinq ans, qui demeure l'un des principaux app\u00e2t de cette Hyundai i20.<\/p>\n","protected":false},"excerpt":{"rendered":"<p>Hyundai I20 2012 restyl\u00e9e Les ventes de la\u00a0Hyundai i20 ont du mal \u00e0 d\u00e9coller\u00a0: 2812 unit\u00e9s vendues en France l&rsquo;ann\u00e9e derni\u00e8re, seize fois moins que de Ford Fiesta. Avec ce restylage, Hyundai a pris soin d\u2019effacer l&rsquo;un des primordial d\u00e9fauts dans l&rsquo;ancienne version: son disign quelconque. En plus d&rsquo;avoir gagner en caract\u00e8re, la Hyundai i20 &#8230; <a title=\"Hyundai I20 2012\" class=\"read-more\" href=\"https:\/\/www.carideal.com\/blog\/2012\/06\/19\/hyundai-i20\/\" aria-label=\"En savoir plus sur Hyundai I20 2012\">Lire plus<\/a><\/p>\n","protected":false},"author":1,"featured_media":0,"comment_status":"open","ping_status":"open","sticky":false,"template":"","format":"standard","meta":{"_uag_custom_page_level_css":"","_themeisle_gutenberg_block_has_review":false,"footnotes":""},"categories":[21,5944,6009,6012,10,5974],"tags":[],"class_list":["post-1158","post","type-post","status-publish","format-standard","hentry","category-actualites-auto","category-constructeur","category-hyundai","category-berlines","category-marche-automobile-voiture-neuve-occasion-4x4-suv","category-type-de-vehicule"],"wppr_data":[],"yoast_head":"<!-- This site is optimized with the Yoast SEO plugin v24.8.1 - https:\/\/yoast.com\/wordpress\/plugins\/seo\/ -->\n<title>Hyundai I20 2012 - Blog auto Carid\u00e9al<\/title>\n<meta name=\"robots\" content=\"index, follow, max-snippet:-1, max-image-preview:large, max-video-preview:-1\" \/>\n<link rel=\"canonical\" href=\"https:\/\/www.carideal.com\/blog\/2012\/06\/19\/hyundai-i20\/\" \/>\n<meta property=\"og:locale\" content=\"fr_FR\" \/>\n<meta property=\"og:type\" content=\"article\" \/>\n<meta property=\"og:title\" content=\"Hyundai I20 2012 - Blog auto Carid\u00e9al\" \/>\n<meta property=\"og:description\" content=\"Hyundai I20 2012 restyl\u00e9e Les ventes de la\u00a0Hyundai i20 ont du mal \u00e0 d\u00e9coller\u00a0: 2812 unit\u00e9s vendues en France l&#039;ann\u00e9e derni\u00e8re, seize fois moins que de Ford Fiesta. Avec ce restylage, Hyundai a pris soin d\u2019effacer l&#039;un des primordial d\u00e9fauts dans l&#039;ancienne version: son disign quelconque. En plus d&#039;avoir gagner en caract\u00e8re, la Hyundai i20 ... Lire plus\" \/>\n<meta property=\"og:url\" content=\"https:\/\/www.carideal.com\/blog\/2012\/06\/19\/hyundai-i20\/\" \/>\n<meta property=\"og:site_name\" content=\"Blog auto Carid\u00e9al\" \/>\n<meta property=\"article:publisher\" content=\"https:\/\/www.facebook.com\/Carideal.mandataire.automobile\" \/>\n<meta property=\"article:author\" content=\"https:\/\/www.facebook.com\/Carideal.mandataire.automobile\/\" \/>\n<meta property=\"article:published_time\" content=\"2012-06-19T14:05:00+00:00\" \/>\n<meta property=\"article:modified_time\" content=\"2016-06-27T09:12:58+00:00\" \/>\n<meta property=\"og:image\" content=\"https:\/\/www.carideal.com\/blog\/wp-content\/uploads\/2016\/03\/logo-carideal-mandataire-automobile.png\" \/>\n\t<meta property=\"og:image:width\" content=\"300\" \/>\n\t<meta property=\"og:image:height\" content=\"300\" \/>\n\t<meta property=\"og:image:type\" content=\"image\/png\" \/>\n<meta name=\"author\" content=\"N.S Carideal\" \/>\n<meta name=\"twitter:card\" content=\"summary_large_image\" \/>\n<meta name=\"twitter:creator\" content=\"@caridealauto\" \/>\n<meta name=\"twitter:site\" content=\"@caridealauto\" \/>\n<meta name=\"twitter:label1\" content=\"\u00c9crit par\" \/>\n\t<meta name=\"twitter:data1\" content=\"N.S Carideal\" \/>\n\t<meta name=\"twitter:label2\" content=\"Dur\u00e9e de lecture estim\u00e9e\" \/>\n\t<meta name=\"twitter:data2\" content=\"1 minute\" \/>\n<script type=\"application\/ld+json\" class=\"yoast-schema-graph\">{\"@context\":\"https:\/\/schema.org\",\"@graph\":[{\"@type\":\"Article\",\"@id\":\"https:\/\/www.carideal.com\/blog\/2012\/06\/19\/hyundai-i20\/#article\",\"isPartOf\":{\"@id\":\"https:\/\/www.carideal.com\/blog\/2012\/06\/19\/hyundai-i20\/\"},\"author\":{\"name\":\"N.S Carideal\",\"@id\":\"https:\/\/www.carideal.com\/blog\/#\/schema\/person\/985c7e757d1042d647f21bfaf8d41ebc\"},\"headline\":\"Hyundai I20 2012\",\"datePublished\":\"2012-06-19T14:05:00+00:00\",\"dateModified\":\"2016-06-27T09:12:58+00:00\",\"mainEntityOfPage\":{\"@id\":\"https:\/\/www.carideal.com\/blog\/2012\/06\/19\/hyundai-i20\/\"},\"wordCount\":251,\"commentCount\":0,\"publisher\":{\"@id\":\"https:\/\/www.carideal.com\/blog\/#organization\"},\"articleSection\":[\"Actualit\u00e9 automobile\",\"Actualit\u00e9 Constructeur automobile\",\"Actualit\u00e9 Hyundai\",\"Berlines\",\"March\u00e9 automobile\",\"Type de v\u00e9hicule\"],\"inLanguage\":\"fr-FR\",\"potentialAction\":[{\"@type\":\"CommentAction\",\"name\":\"Comment\",\"target\":[\"https:\/\/www.carideal.com\/blog\/2012\/06\/19\/hyundai-i20\/#respond\"]}]},{\"@type\":\"WebPage\",\"@id\":\"https:\/\/www.carideal.com\/blog\/2012\/06\/19\/hyundai-i20\/\",\"url\":\"https:\/\/www.carideal.com\/blog\/2012\/06\/19\/hyundai-i20\/\",\"name\":\"Hyundai I20 2012 - Blog auto Carid\u00e9al\",\"isPartOf\":{\"@id\":\"https:\/\/www.carideal.com\/blog\/#website\"},\"datePublished\":\"2012-06-19T14:05:00+00:00\",\"dateModified\":\"2016-06-27T09:12:58+00:00\",\"breadcrumb\":{\"@id\":\"https:\/\/www.carideal.com\/blog\/2012\/06\/19\/hyundai-i20\/#breadcrumb\"},\"inLanguage\":\"fr-FR\",\"potentialAction\":[{\"@type\":\"ReadAction\",\"target\":[\"https:\/\/www.carideal.com\/blog\/2012\/06\/19\/hyundai-i20\/\"]}]},{\"@type\":\"BreadcrumbList\",\"@id\":\"https:\/\/www.carideal.com\/blog\/2012\/06\/19\/hyundai-i20\/#breadcrumb\",\"itemListElement\":[{\"@type\":\"ListItem\",\"position\":1,\"name\":\"Blog Carid\u00e9al\",\"item\":\"https:\/\/www.carideal.com\/blog\/\"},{\"@type\":\"ListItem\",\"position\":2,\"name\":\"March\u00e9 automobile\",\"item\":\"https:\/\/www.carideal.com\/blog\/marche-automobile-voiture-neuve-occasion-4x4-suv\/\"},{\"@type\":\"ListItem\",\"position\":3,\"name\":\"Hyundai I20 2012\"}]},{\"@type\":\"WebSite\",\"@id\":\"https:\/\/www.carideal.com\/blog\/#website\",\"url\":\"https:\/\/www.carideal.com\/blog\/\",\"name\":\"Blog auto Carid\u00e9al\",\"description\":\"Actualit\u00e9 auto par des passionn\u00e9s\",\"publisher\":{\"@id\":\"https:\/\/www.carideal.com\/blog\/#organization\"},\"potentialAction\":[{\"@type\":\"SearchAction\",\"target\":{\"@type\":\"EntryPoint\",\"urlTemplate\":\"https:\/\/www.carideal.com\/blog\/?s={search_term_string}\"},\"query-input\":{\"@type\":\"PropertyValueSpecification\",\"valueRequired\":true,\"valueName\":\"search_term_string\"}}],\"inLanguage\":\"fr-FR\"},{\"@type\":\"Organization\",\"@id\":\"https:\/\/www.carideal.com\/blog\/#organization\",\"name\":\"Carideal\",\"url\":\"https:\/\/www.carideal.com\/blog\/\",\"logo\":{\"@type\":\"ImageObject\",\"inLanguage\":\"fr-FR\",\"@id\":\"https:\/\/www.carideal.com\/blog\/#\/schema\/logo\/image\/\",\"url\":\"http:\/\/www.carideal.com\/blog\/wp-content\/uploads\/2016\/03\/logo-carideal-mandataire-automobile.png\",\"contentUrl\":\"http:\/\/www.carideal.com\/blog\/wp-content\/uploads\/2016\/03\/logo-carideal-mandataire-automobile.png\",\"width\":300,\"height\":300,\"caption\":\"Carideal\"},\"image\":{\"@id\":\"https:\/\/www.carideal.com\/blog\/#\/schema\/logo\/image\/\"},\"sameAs\":[\"https:\/\/www.facebook.com\/Carideal.mandataire.automobile\",\"https:\/\/x.com\/caridealauto\",\"https:\/\/www.instagram.com\/carideal1\/\",\"https:\/\/www.linkedin.com\/company\/carideal.com\",\"https:\/\/fr.pinterest.com\/schiavonsas\/\",\"https:\/\/www.youtube.com\/user\/caridealsas\"]},{\"@type\":\"Person\",\"@id\":\"https:\/\/www.carideal.com\/blog\/#\/schema\/person\/985c7e757d1042d647f21bfaf8d41ebc\",\"name\":\"N.S Carideal\",\"image\":{\"@type\":\"ImageObject\",\"inLanguage\":\"fr-FR\",\"@id\":\"https:\/\/www.carideal.com\/blog\/#\/schema\/person\/image\/\",\"url\":\"https:\/\/secure.gravatar.com\/avatar\/edb7ccdf1a4e3d14aef967760d354d0e?s=96&r=g\",\"contentUrl\":\"https:\/\/secure.gravatar.com\/avatar\/edb7ccdf1a4e3d14aef967760d354d0e?s=96&r=g\",\"caption\":\"N.S Carideal\"},\"description\":\"Depuis tout petit fan d'automobile. Il est question d'essayer et de comparer toutes ces voitures qui nous ont fait r\u00e9ver, avant que celles-ci ne devient uniquement des voitures de collection.\",\"sameAs\":[\"http:\/\/www.carideal.com\/blog\",\"https:\/\/www.facebook.com\/Carideal.mandataire.automobile\/\",\"https:\/\/www.linkedin.com\/in\/nschiavon\/\",\"https:\/\/www.youtube.com\/user\/caridealsas\/\"],\"url\":\"https:\/\/www.carideal.com\/blog\/author\/admin_carideal\/\"}]}<\/script>\n<!-- \/ Yoast SEO plugin. -->","yoast_head_json":{"title":"Hyundai I20 2012 - Blog auto Carid\u00e9al","robots":{"index":"index","follow":"follow","max-snippet":"max-snippet:-1","max-image-preview":"max-image-preview:large","max-video-preview":"max-video-preview:-1"},"canonical":"https:\/\/www.carideal.com\/blog\/2012\/06\/19\/hyundai-i20\/","og_locale":"fr_FR","og_type":"article","og_title":"Hyundai I20 2012 - Blog auto Carid\u00e9al","og_description":"Hyundai I20 2012 restyl\u00e9e Les ventes de la\u00a0Hyundai i20 ont du mal \u00e0 d\u00e9coller\u00a0: 2812 unit\u00e9s vendues en France l'ann\u00e9e derni\u00e8re, seize fois moins que de Ford Fiesta. Avec ce restylage, Hyundai a pris soin d\u2019effacer l'un des primordial d\u00e9fauts dans l'ancienne version: son disign quelconque. En plus d'avoir gagner en caract\u00e8re, la Hyundai i20 ... Lire plus","og_url":"https:\/\/www.carideal.com\/blog\/2012\/06\/19\/hyundai-i20\/","og_site_name":"Blog auto Carid\u00e9al","article_publisher":"https:\/\/www.facebook.com\/Carideal.mandataire.automobile","article_author":"https:\/\/www.facebook.com\/Carideal.mandataire.automobile\/","article_published_time":"2012-06-19T14:05:00+00:00","article_modified_time":"2016-06-27T09:12:58+00:00","og_image":[{"width":300,"height":300,"url":"https:\/\/www.carideal.com\/blog\/wp-content\/uploads\/2016\/03\/logo-carideal-mandataire-automobile.png","type":"image\/png"}],"author":"N.S Carideal","twitter_card":"summary_large_image","twitter_creator":"@caridealauto","twitter_site":"@caridealauto","twitter_misc":{"\u00c9crit par":"N.S Carideal","Dur\u00e9e de lecture estim\u00e9e":"1 minute"},"schema":{"@context":"https:\/\/schema.org","@graph":[{"@type":"Article","@id":"https:\/\/www.carideal.com\/blog\/2012\/06\/19\/hyundai-i20\/#article","isPartOf":{"@id":"https:\/\/www.carideal.com\/blog\/2012\/06\/19\/hyundai-i20\/"},"author":{"name":"N.S Carideal","@id":"https:\/\/www.carideal.com\/blog\/#\/schema\/person\/985c7e757d1042d647f21bfaf8d41ebc"},"headline":"Hyundai I20 2012","datePublished":"2012-06-19T14:05:00+00:00","dateModified":"2016-06-27T09:12:58+00:00","mainEntityOfPage":{"@id":"https:\/\/www.carideal.com\/blog\/2012\/06\/19\/hyundai-i20\/"},"wordCount":251,"commentCount":0,"publisher":{"@id":"https:\/\/www.carideal.com\/blog\/#organization"},"articleSection":["Actualit\u00e9 automobile","Actualit\u00e9 Constructeur automobile","Actualit\u00e9 Hyundai","Berlines","March\u00e9 automobile","Type de v\u00e9hicule"],"inLanguage":"fr-FR","potentialAction":[{"@type":"CommentAction","name":"Comment","target":["https:\/\/www.carideal.com\/blog\/2012\/06\/19\/hyundai-i20\/#respond"]}]},{"@type":"WebPage","@id":"https:\/\/www.carideal.com\/blog\/2012\/06\/19\/hyundai-i20\/","url":"https:\/\/www.carideal.com\/blog\/2012\/06\/19\/hyundai-i20\/","name":"Hyundai I20 2012 - Blog auto Carid\u00e9al","isPartOf":{"@id":"https:\/\/www.carideal.com\/blog\/#website"},"datePublished":"2012-06-19T14:05:00+00:00","dateModified":"2016-06-27T09:12:58+00:00","breadcrumb":{"@id":"https:\/\/www.carideal.com\/blog\/2012\/06\/19\/hyundai-i20\/#breadcrumb"},"inLanguage":"fr-FR","potentialAction":[{"@type":"ReadAction","target":["https:\/\/www.carideal.com\/blog\/2012\/06\/19\/hyundai-i20\/"]}]},{"@type":"BreadcrumbList","@id":"https:\/\/www.carideal.com\/blog\/2012\/06\/19\/hyundai-i20\/#breadcrumb","itemListElement":[{"@type":"ListItem","position":1,"name":"Blog Carid\u00e9al","item":"https:\/\/www.carideal.com\/blog\/"},{"@type":"ListItem","position":2,"name":"March\u00e9 automobile","item":"https:\/\/www.carideal.com\/blog\/marche-automobile-voiture-neuve-occasion-4x4-suv\/"},{"@type":"ListItem","position":3,"name":"Hyundai I20 2012"}]},{"@type":"WebSite","@id":"https:\/\/www.carideal.com\/blog\/#website","url":"https:\/\/www.carideal.com\/blog\/","name":"Blog auto Carid\u00e9al","description":"Actualit\u00e9 auto par des passionn\u00e9s","publisher":{"@id":"https:\/\/www.carideal.com\/blog\/#organization"},"potentialAction":[{"@type":"SearchAction","target":{"@type":"EntryPoint","urlTemplate":"https:\/\/www.carideal.com\/blog\/?s={search_term_string}"},"query-input":{"@type":"PropertyValueSpecification","valueRequired":true,"valueName":"search_term_string"}}],"inLanguage":"fr-FR"},{"@type":"Organization","@id":"https:\/\/www.carideal.com\/blog\/#organization","name":"Carideal","url":"https:\/\/www.carideal.com\/blog\/","logo":{"@type":"ImageObject","inLanguage":"fr-FR","@id":"https:\/\/www.carideal.com\/blog\/#\/schema\/logo\/image\/","url":"http:\/\/www.carideal.com\/blog\/wp-content\/uploads\/2016\/03\/logo-carideal-mandataire-automobile.png","contentUrl":"http:\/\/www.carideal.com\/blog\/wp-content\/uploads\/2016\/03\/logo-carideal-mandataire-automobile.png","width":300,"height":300,"caption":"Carideal"},"image":{"@id":"https:\/\/www.carideal.com\/blog\/#\/schema\/logo\/image\/"},"sameAs":["https:\/\/www.facebook.com\/Carideal.mandataire.automobile","https:\/\/x.com\/caridealauto","https:\/\/www.instagram.com\/carideal1\/","https:\/\/www.linkedin.com\/company\/carideal.com","https:\/\/fr.pinterest.com\/schiavonsas\/","https:\/\/www.youtube.com\/user\/caridealsas"]},{"@type":"Person","@id":"https:\/\/www.carideal.com\/blog\/#\/schema\/person\/985c7e757d1042d647f21bfaf8d41ebc","name":"N.S Carideal","image":{"@type":"ImageObject","inLanguage":"fr-FR","@id":"https:\/\/www.carideal.com\/blog\/#\/schema\/person\/image\/","url":"https:\/\/secure.gravatar.com\/avatar\/edb7ccdf1a4e3d14aef967760d354d0e?s=96&r=g","contentUrl":"https:\/\/secure.gravatar.com\/avatar\/edb7ccdf1a4e3d14aef967760d354d0e?s=96&r=g","caption":"N.S Carideal"},"description":"Depuis tout petit fan d'automobile. Il est question d'essayer et de comparer toutes ces voitures qui nous ont fait r\u00e9ver, avant que celles-ci ne devient uniquement des voitures de collection.","sameAs":["http:\/\/www.carideal.com\/blog","https:\/\/www.facebook.com\/Carideal.mandataire.automobile\/","https:\/\/www.linkedin.com\/in\/nschiavon\/","https:\/\/www.youtube.com\/user\/caridealsas\/"],"url":"https:\/\/www.carideal.com\/blog\/author\/admin_carideal\/"}]}},"uagb_featured_image_src":{"full":false,"thumbnail":false,"medium":false,"medium_large":false,"large":false,"1536x1536":false,"2048x2048":false,"wppr-widget":false},"uagb_author_info":{"display_name":"N.S Carideal","author_link":"https:\/\/www.carideal.com\/blog\/author\/admin_carideal\/"},"uagb_comment_info":0,"uagb_excerpt":"Hyundai I20 2012 restyl\u00e9e Les ventes de la\u00a0Hyundai i20 ont du mal \u00e0 d\u00e9coller\u00a0: 2812 unit\u00e9s vendues en France l'ann\u00e9e derni\u00e8re, seize fois moins que de Ford Fiesta. Avec ce restylage, Hyundai a pris soin d\u2019effacer l'un des primordial d\u00e9fauts dans l'ancienne version: son disign quelconque. En plus d'avoir gagner en caract\u00e8re, la Hyundai i20\u2026","_links":{"self":[{"href":"https:\/\/www.carideal.com\/blog\/wp-json\/wp\/v2\/posts\/1158"}],"collection":[{"href":"https:\/\/www.carideal.com\/blog\/wp-json\/wp\/v2\/posts"}],"about":[{"href":"https:\/\/www.carideal.com\/blog\/wp-json\/wp\/v2\/types\/post"}],"author":[{"embeddable":true,"href":"https:\/\/www.carideal.com\/blog\/wp-json\/wp\/v2\/users\/1"}],"replies":[{"embeddable":true,"href":"https:\/\/www.carideal.com\/blog\/wp-json\/wp\/v2\/comments?post=1158"}],"version-history":[{"count":0,"href":"https:\/\/www.carideal.com\/blog\/wp-json\/wp\/v2\/posts\/1158\/revisions"}],"wp:attachment":[{"href":"https:\/\/www.carideal.com\/blog\/wp-json\/wp\/v2\/media?parent=1158"}],"wp:term":[{"taxonomy":"category","embeddable":true,"href":"https:\/\/www.carideal.com\/blog\/wp-json\/wp\/v2\/categories?post=1158"},{"taxonomy":"post_tag","embeddable":true,"href":"https:\/\/www.carideal.com\/blog\/wp-json\/wp\/v2\/tags?post=1158"}],"curies":[{"name":"wp","href":"https:\/\/api.w.org\/{rel}","templated":true}]}}