{"id":1153,"date":"2012-06-18T09:39:00","date_gmt":"2012-06-18T09:39:00","guid":{"rendered":"http:\/\/carideal.com\/blog\/?p=1153"},"modified":"2016-09-18T23:07:34","modified_gmt":"2016-09-18T21:07:34","slug":"la-ceed-de-kia","status":"publish","type":"post","link":"https:\/\/www.carideal.com\/blog\/2012\/06\/18\/la-ceed-de-kia\/","title":{"rendered":"La CEED de KIA"},"content":{"rendered":"<p><img decoding=\"async\" title=\"kia-ceed-carideal.jpg, juin 2012\" src=\"\/blog\/public\/.kia-ceed-carideal_m.jpg\" alt=\"kia-ceed-carideal.jpg\" \/><\/p>\n<blockquote><p>La nouvelle g\u00e9n\u00e9ration de la <a href=\"\/blog\/index.php?tag\/ceed\">ceed<\/a><\/p><\/blockquote>\n<p>La premi\u00e8re g\u00e9n\u00e9ration de la ceed s'est vendue \u00e0 633 000 exemplaires dont 440 000 eu Europe, march\u00e9 pour lequel elle a \u00e9t\u00e9 typiquement construit. Surtout, elle a marqu\u00e9 les esprits en \u00e9tant la premi\u00e8re voiture <a href=\"\/blog\/index.php?tag\/garantie%207%20ans\">garantie 7 ans<\/a> (ou 150 000 km). Le <a href=\"\/blog\/index.php?tag\/nouveau%20mod%C3%A8le\">nouveau mod\u00e8le<\/a> reprend tout \u00e0 fait, cet argument, mais modifie tout le reste.Derri\u00e8re son regard pinc\u00e9, il montre une allure moderne et beaucoup de soin dans les d\u00e9tails de finition.La bonne impression se justifie \u00e0 l'int\u00e9rieur avec une planche de bord attirante,bien plus valorisante, que celle de la <a href=\"\/blog\/index.php?tag\/Hyundai%20i30\">Hyundai i30<\/a>, sa cousine dans le <a href=\"\/blog\/index.php?tag\/groupe%20Hyundai-Kia\">groupe Hyundai\/Kia<\/a> et avec laquelle partage soubassements et m\u00e9caniques. Mesurant 4.31M, la cee'd s'\u00e9tend de 5 cm en longueur et reste au coeur du segment en termes de taille. Son coffre agrandie de 40L (380L) et l'habitabilit\u00e9 met confortablement quatre adultes \u00e0 toutes les places. A bord,tout le monde admira le confort et le silence de fonctionnement qui ont \u00e9volu\u00e9 de mani\u00e8re exceptionnel, point sur lesquels la cee'd devance d\u00e9sormais la plupart de ses concurrentes.Mais si le conducteur profite de commandes douces et d'une bonne nettet\u00e9, il conna\u00eetra pas le grand frisson.<br \/>\nLe chassis n'est pas tr\u00e8s incisif et les suspensions favorisent, surtout la souplesse. Mais apr\u00e8s tout la conduite mod\u00e9r\u00e9e pla\u00eet \u00e0 beaucoup.Par contre, il y a de quoi \u00eatre insatisfait par les performances. Le 1.6 CRDI ne semble pas poss\u00e9der des 128 ch assur\u00e9s et la voiture manque de nerf d\u00e8s que la route prend du relief. Ce bloc se rattrape sur la consommation 4.3L\/100 km en cycle mixte homologu\u00e9 et l'agr\u00e9ment: pas de vibrations et un silence de marche \u00e0 faire rougir de honte une <a href=\"\/blog\/index.php?tag\/BMW%20S%C3%A9rie%201\">BMW S\u00e9rie 1<\/a>. Propos\u00e9e \u00e0 22090 \u20ac en finition Active avec un \u00e9quipement complet, la cee'd termine de persuader. Mieux, la finition Premium (24090 \u20ac) monte en cat\u00e9gorie de luxe au niveau de l'\u00e9quipement et se montre 2500 \u20ac moins ch\u00e8re qu'une <a href=\"\/blog\/index.php?tag\/Renault%20M%C3%A9gane\">Renault M\u00e9gane<\/a> identique. Et pour ceux qui d\u00e9sire un prix, la cee'd a aussi la r\u00e9ponse: 18590 \u20ac en Motorisation CRDI de 90 ch.<\/p>\n","protected":false},"excerpt":{"rendered":"<p>La nouvelle g\u00e9n\u00e9ration de la ceed La premi\u00e8re g\u00e9n\u00e9ration de la ceed s&rsquo;est vendue \u00e0 633 000 exemplaires dont 440 000 eu Europe, march\u00e9 pour lequel elle a \u00e9t\u00e9 typiquement construit. Surtout, elle a marqu\u00e9 les esprits en \u00e9tant la premi\u00e8re voiture garantie 7 ans (ou 150 000 km). Le nouveau mod\u00e8le reprend tout \u00e0 &#8230; <a title=\"La CEED de KIA\" class=\"read-more\" href=\"https:\/\/www.carideal.com\/blog\/2012\/06\/18\/la-ceed-de-kia\/\" aria-label=\"En savoir plus sur La CEED de KIA\">Lire plus<\/a><\/p>\n","protected":false},"author":1,"featured_media":0,"comment_status":"open","ping_status":"open","sticky":false,"template":"","format":"standard","meta":{"_uag_custom_page_level_css":"","_themeisle_gutenberg_block_has_review":false,"footnotes":""},"categories":[10],"tags":[1152],"class_list":["post-1153","post","type-post","status-publish","format-standard","hentry","category-marche-automobile-voiture-neuve-occasion-4x4-suv","tag-garantie-constructeur"],"wppr_data":[],"yoast_head":"<!-- This site is optimized with the Yoast SEO plugin v24.8.1 - https:\/\/yoast.com\/wordpress\/plugins\/seo\/ -->\n<title>La CEED de KIA - Blog auto Carid\u00e9al<\/title>\n<meta name=\"robots\" content=\"index, follow, max-snippet:-1, max-image-preview:large, max-video-preview:-1\" \/>\n<link rel=\"canonical\" href=\"https:\/\/www.carideal.com\/blog\/2012\/06\/18\/la-ceed-de-kia\/\" \/>\n<meta property=\"og:locale\" content=\"fr_FR\" \/>\n<meta property=\"og:type\" content=\"article\" \/>\n<meta property=\"og:title\" content=\"La CEED de KIA - Blog auto Carid\u00e9al\" \/>\n<meta property=\"og:description\" content=\"La nouvelle g\u00e9n\u00e9ration de la ceed La premi\u00e8re g\u00e9n\u00e9ration de la ceed s&#039;est vendue \u00e0 633 000 exemplaires dont 440 000 eu Europe, march\u00e9 pour lequel elle a \u00e9t\u00e9 typiquement construit. Surtout, elle a marqu\u00e9 les esprits en \u00e9tant la premi\u00e8re voiture garantie 7 ans (ou 150 000 km). Le nouveau mod\u00e8le reprend tout \u00e0 ... Lire plus\" \/>\n<meta property=\"og:url\" content=\"https:\/\/www.carideal.com\/blog\/2012\/06\/18\/la-ceed-de-kia\/\" \/>\n<meta property=\"og:site_name\" content=\"Blog auto Carid\u00e9al\" \/>\n<meta property=\"article:publisher\" content=\"https:\/\/www.facebook.com\/Carideal.mandataire.automobile\" \/>\n<meta property=\"article:author\" content=\"https:\/\/www.facebook.com\/Carideal.mandataire.automobile\/\" \/>\n<meta property=\"article:published_time\" content=\"2012-06-18T09:39:00+00:00\" \/>\n<meta property=\"article:modified_time\" content=\"2016-09-18T21:07:34+00:00\" \/>\n<meta property=\"og:image\" content=\"https:\/\/www.carideal.com\/blog\/wp-content\/uploads\/2016\/03\/logo-carideal-mandataire-automobile.png\" \/>\n\t<meta property=\"og:image:width\" content=\"300\" \/>\n\t<meta property=\"og:image:height\" content=\"300\" \/>\n\t<meta property=\"og:image:type\" content=\"image\/png\" \/>\n<meta name=\"author\" content=\"N.S Carideal\" \/>\n<meta name=\"twitter:card\" content=\"summary_large_image\" \/>\n<meta name=\"twitter:creator\" content=\"@caridealauto\" \/>\n<meta name=\"twitter:site\" content=\"@caridealauto\" \/>\n<meta name=\"twitter:label1\" content=\"\u00c9crit par\" \/>\n\t<meta name=\"twitter:data1\" content=\"N.S Carideal\" \/>\n\t<meta name=\"twitter:label2\" content=\"Dur\u00e9e de lecture estim\u00e9e\" \/>\n\t<meta name=\"twitter:data2\" content=\"2 minutes\" \/>\n<script type=\"application\/ld+json\" class=\"yoast-schema-graph\">{\"@context\":\"https:\/\/schema.org\",\"@graph\":[{\"@type\":\"Article\",\"@id\":\"https:\/\/www.carideal.com\/blog\/2012\/06\/18\/la-ceed-de-kia\/#article\",\"isPartOf\":{\"@id\":\"https:\/\/www.carideal.com\/blog\/2012\/06\/18\/la-ceed-de-kia\/\"},\"author\":{\"name\":\"N.S Carideal\",\"@id\":\"https:\/\/www.carideal.com\/blog\/#\/schema\/person\/985c7e757d1042d647f21bfaf8d41ebc\"},\"headline\":\"La CEED de KIA\",\"datePublished\":\"2012-06-18T09:39:00+00:00\",\"dateModified\":\"2016-09-18T21:07:34+00:00\",\"mainEntityOfPage\":{\"@id\":\"https:\/\/www.carideal.com\/blog\/2012\/06\/18\/la-ceed-de-kia\/\"},\"wordCount\":364,\"commentCount\":0,\"publisher\":{\"@id\":\"https:\/\/www.carideal.com\/blog\/#organization\"},\"keywords\":[\"garantie constructeur\"],\"articleSection\":[\"March\u00e9 automobile\"],\"inLanguage\":\"fr-FR\",\"potentialAction\":[{\"@type\":\"CommentAction\",\"name\":\"Comment\",\"target\":[\"https:\/\/www.carideal.com\/blog\/2012\/06\/18\/la-ceed-de-kia\/#respond\"]}]},{\"@type\":\"WebPage\",\"@id\":\"https:\/\/www.carideal.com\/blog\/2012\/06\/18\/la-ceed-de-kia\/\",\"url\":\"https:\/\/www.carideal.com\/blog\/2012\/06\/18\/la-ceed-de-kia\/\",\"name\":\"La CEED de KIA - Blog auto Carid\u00e9al\",\"isPartOf\":{\"@id\":\"https:\/\/www.carideal.com\/blog\/#website\"},\"datePublished\":\"2012-06-18T09:39:00+00:00\",\"dateModified\":\"2016-09-18T21:07:34+00:00\",\"breadcrumb\":{\"@id\":\"https:\/\/www.carideal.com\/blog\/2012\/06\/18\/la-ceed-de-kia\/#breadcrumb\"},\"inLanguage\":\"fr-FR\",\"potentialAction\":[{\"@type\":\"ReadAction\",\"target\":[\"https:\/\/www.carideal.com\/blog\/2012\/06\/18\/la-ceed-de-kia\/\"]}]},{\"@type\":\"BreadcrumbList\",\"@id\":\"https:\/\/www.carideal.com\/blog\/2012\/06\/18\/la-ceed-de-kia\/#breadcrumb\",\"itemListElement\":[{\"@type\":\"ListItem\",\"position\":1,\"name\":\"Blog Carid\u00e9al\",\"item\":\"https:\/\/www.carideal.com\/blog\/\"},{\"@type\":\"ListItem\",\"position\":2,\"name\":\"March\u00e9 automobile\",\"item\":\"https:\/\/www.carideal.com\/blog\/marche-automobile-voiture-neuve-occasion-4x4-suv\/\"},{\"@type\":\"ListItem\",\"position\":3,\"name\":\"La CEED de KIA\"}]},{\"@type\":\"WebSite\",\"@id\":\"https:\/\/www.carideal.com\/blog\/#website\",\"url\":\"https:\/\/www.carideal.com\/blog\/\",\"name\":\"Blog auto Carid\u00e9al\",\"description\":\"Actualit\u00e9 auto par des passionn\u00e9s\",\"publisher\":{\"@id\":\"https:\/\/www.carideal.com\/blog\/#organization\"},\"potentialAction\":[{\"@type\":\"SearchAction\",\"target\":{\"@type\":\"EntryPoint\",\"urlTemplate\":\"https:\/\/www.carideal.com\/blog\/?s={search_term_string}\"},\"query-input\":{\"@type\":\"PropertyValueSpecification\",\"valueRequired\":true,\"valueName\":\"search_term_string\"}}],\"inLanguage\":\"fr-FR\"},{\"@type\":\"Organization\",\"@id\":\"https:\/\/www.carideal.com\/blog\/#organization\",\"name\":\"Carideal\",\"url\":\"https:\/\/www.carideal.com\/blog\/\",\"logo\":{\"@type\":\"ImageObject\",\"inLanguage\":\"fr-FR\",\"@id\":\"https:\/\/www.carideal.com\/blog\/#\/schema\/logo\/image\/\",\"url\":\"http:\/\/www.carideal.com\/blog\/wp-content\/uploads\/2016\/03\/logo-carideal-mandataire-automobile.png\",\"contentUrl\":\"http:\/\/www.carideal.com\/blog\/wp-content\/uploads\/2016\/03\/logo-carideal-mandataire-automobile.png\",\"width\":300,\"height\":300,\"caption\":\"Carideal\"},\"image\":{\"@id\":\"https:\/\/www.carideal.com\/blog\/#\/schema\/logo\/image\/\"},\"sameAs\":[\"https:\/\/www.facebook.com\/Carideal.mandataire.automobile\",\"https:\/\/x.com\/caridealauto\",\"https:\/\/www.instagram.com\/carideal1\/\",\"https:\/\/www.linkedin.com\/company\/carideal.com\",\"https:\/\/fr.pinterest.com\/schiavonsas\/\",\"https:\/\/www.youtube.com\/user\/caridealsas\"]},{\"@type\":\"Person\",\"@id\":\"https:\/\/www.carideal.com\/blog\/#\/schema\/person\/985c7e757d1042d647f21bfaf8d41ebc\",\"name\":\"N.S Carideal\",\"image\":{\"@type\":\"ImageObject\",\"inLanguage\":\"fr-FR\",\"@id\":\"https:\/\/www.carideal.com\/blog\/#\/schema\/person\/image\/\",\"url\":\"https:\/\/secure.gravatar.com\/avatar\/edb7ccdf1a4e3d14aef967760d354d0e?s=96&r=g\",\"contentUrl\":\"https:\/\/secure.gravatar.com\/avatar\/edb7ccdf1a4e3d14aef967760d354d0e?s=96&r=g\",\"caption\":\"N.S Carideal\"},\"description\":\"Depuis tout petit fan d'automobile. Il est question d'essayer et de comparer toutes ces voitures qui nous ont fait r\u00e9ver, avant que celles-ci ne devient uniquement des voitures de collection.\",\"sameAs\":[\"http:\/\/www.carideal.com\/blog\",\"https:\/\/www.facebook.com\/Carideal.mandataire.automobile\/\",\"https:\/\/www.linkedin.com\/in\/nschiavon\/\",\"https:\/\/www.youtube.com\/user\/caridealsas\/\"],\"url\":\"https:\/\/www.carideal.com\/blog\/author\/admin_carideal\/\"}]}<\/script>\n<!-- \/ Yoast SEO plugin. -->","yoast_head_json":{"title":"La CEED de KIA - Blog auto Carid\u00e9al","robots":{"index":"index","follow":"follow","max-snippet":"max-snippet:-1","max-image-preview":"max-image-preview:large","max-video-preview":"max-video-preview:-1"},"canonical":"https:\/\/www.carideal.com\/blog\/2012\/06\/18\/la-ceed-de-kia\/","og_locale":"fr_FR","og_type":"article","og_title":"La CEED de KIA - Blog auto Carid\u00e9al","og_description":"La nouvelle g\u00e9n\u00e9ration de la ceed La premi\u00e8re g\u00e9n\u00e9ration de la ceed s'est vendue \u00e0 633 000 exemplaires dont 440 000 eu Europe, march\u00e9 pour lequel elle a \u00e9t\u00e9 typiquement construit. Surtout, elle a marqu\u00e9 les esprits en \u00e9tant la premi\u00e8re voiture garantie 7 ans (ou 150 000 km). Le nouveau mod\u00e8le reprend tout \u00e0 ... Lire plus","og_url":"https:\/\/www.carideal.com\/blog\/2012\/06\/18\/la-ceed-de-kia\/","og_site_name":"Blog auto Carid\u00e9al","article_publisher":"https:\/\/www.facebook.com\/Carideal.mandataire.automobile","article_author":"https:\/\/www.facebook.com\/Carideal.mandataire.automobile\/","article_published_time":"2012-06-18T09:39:00+00:00","article_modified_time":"2016-09-18T21:07:34+00:00","og_image":[{"width":300,"height":300,"url":"https:\/\/www.carideal.com\/blog\/wp-content\/uploads\/2016\/03\/logo-carideal-mandataire-automobile.png","type":"image\/png"}],"author":"N.S Carideal","twitter_card":"summary_large_image","twitter_creator":"@caridealauto","twitter_site":"@caridealauto","twitter_misc":{"\u00c9crit par":"N.S Carideal","Dur\u00e9e de lecture estim\u00e9e":"2 minutes"},"schema":{"@context":"https:\/\/schema.org","@graph":[{"@type":"Article","@id":"https:\/\/www.carideal.com\/blog\/2012\/06\/18\/la-ceed-de-kia\/#article","isPartOf":{"@id":"https:\/\/www.carideal.com\/blog\/2012\/06\/18\/la-ceed-de-kia\/"},"author":{"name":"N.S Carideal","@id":"https:\/\/www.carideal.com\/blog\/#\/schema\/person\/985c7e757d1042d647f21bfaf8d41ebc"},"headline":"La CEED de KIA","datePublished":"2012-06-18T09:39:00+00:00","dateModified":"2016-09-18T21:07:34+00:00","mainEntityOfPage":{"@id":"https:\/\/www.carideal.com\/blog\/2012\/06\/18\/la-ceed-de-kia\/"},"wordCount":364,"commentCount":0,"publisher":{"@id":"https:\/\/www.carideal.com\/blog\/#organization"},"keywords":["garantie constructeur"],"articleSection":["March\u00e9 automobile"],"inLanguage":"fr-FR","potentialAction":[{"@type":"CommentAction","name":"Comment","target":["https:\/\/www.carideal.com\/blog\/2012\/06\/18\/la-ceed-de-kia\/#respond"]}]},{"@type":"WebPage","@id":"https:\/\/www.carideal.com\/blog\/2012\/06\/18\/la-ceed-de-kia\/","url":"https:\/\/www.carideal.com\/blog\/2012\/06\/18\/la-ceed-de-kia\/","name":"La CEED de KIA - Blog auto Carid\u00e9al","isPartOf":{"@id":"https:\/\/www.carideal.com\/blog\/#website"},"datePublished":"2012-06-18T09:39:00+00:00","dateModified":"2016-09-18T21:07:34+00:00","breadcrumb":{"@id":"https:\/\/www.carideal.com\/blog\/2012\/06\/18\/la-ceed-de-kia\/#breadcrumb"},"inLanguage":"fr-FR","potentialAction":[{"@type":"ReadAction","target":["https:\/\/www.carideal.com\/blog\/2012\/06\/18\/la-ceed-de-kia\/"]}]},{"@type":"BreadcrumbList","@id":"https:\/\/www.carideal.com\/blog\/2012\/06\/18\/la-ceed-de-kia\/#breadcrumb","itemListElement":[{"@type":"ListItem","position":1,"name":"Blog Carid\u00e9al","item":"https:\/\/www.carideal.com\/blog\/"},{"@type":"ListItem","position":2,"name":"March\u00e9 automobile","item":"https:\/\/www.carideal.com\/blog\/marche-automobile-voiture-neuve-occasion-4x4-suv\/"},{"@type":"ListItem","position":3,"name":"La CEED de KIA"}]},{"@type":"WebSite","@id":"https:\/\/www.carideal.com\/blog\/#website","url":"https:\/\/www.carideal.com\/blog\/","name":"Blog auto Carid\u00e9al","description":"Actualit\u00e9 auto par des passionn\u00e9s","publisher":{"@id":"https:\/\/www.carideal.com\/blog\/#organization"},"potentialAction":[{"@type":"SearchAction","target":{"@type":"EntryPoint","urlTemplate":"https:\/\/www.carideal.com\/blog\/?s={search_term_string}"},"query-input":{"@type":"PropertyValueSpecification","valueRequired":true,"valueName":"search_term_string"}}],"inLanguage":"fr-FR"},{"@type":"Organization","@id":"https:\/\/www.carideal.com\/blog\/#organization","name":"Carideal","url":"https:\/\/www.carideal.com\/blog\/","logo":{"@type":"ImageObject","inLanguage":"fr-FR","@id":"https:\/\/www.carideal.com\/blog\/#\/schema\/logo\/image\/","url":"http:\/\/www.carideal.com\/blog\/wp-content\/uploads\/2016\/03\/logo-carideal-mandataire-automobile.png","contentUrl":"http:\/\/www.carideal.com\/blog\/wp-content\/uploads\/2016\/03\/logo-carideal-mandataire-automobile.png","width":300,"height":300,"caption":"Carideal"},"image":{"@id":"https:\/\/www.carideal.com\/blog\/#\/schema\/logo\/image\/"},"sameAs":["https:\/\/www.facebook.com\/Carideal.mandataire.automobile","https:\/\/x.com\/caridealauto","https:\/\/www.instagram.com\/carideal1\/","https:\/\/www.linkedin.com\/company\/carideal.com","https:\/\/fr.pinterest.com\/schiavonsas\/","https:\/\/www.youtube.com\/user\/caridealsas"]},{"@type":"Person","@id":"https:\/\/www.carideal.com\/blog\/#\/schema\/person\/985c7e757d1042d647f21bfaf8d41ebc","name":"N.S Carideal","image":{"@type":"ImageObject","inLanguage":"fr-FR","@id":"https:\/\/www.carideal.com\/blog\/#\/schema\/person\/image\/","url":"https:\/\/secure.gravatar.com\/avatar\/edb7ccdf1a4e3d14aef967760d354d0e?s=96&r=g","contentUrl":"https:\/\/secure.gravatar.com\/avatar\/edb7ccdf1a4e3d14aef967760d354d0e?s=96&r=g","caption":"N.S Carideal"},"description":"Depuis tout petit fan d'automobile. Il est question d'essayer et de comparer toutes ces voitures qui nous ont fait r\u00e9ver, avant que celles-ci ne devient uniquement des voitures de collection.","sameAs":["http:\/\/www.carideal.com\/blog","https:\/\/www.facebook.com\/Carideal.mandataire.automobile\/","https:\/\/www.linkedin.com\/in\/nschiavon\/","https:\/\/www.youtube.com\/user\/caridealsas\/"],"url":"https:\/\/www.carideal.com\/blog\/author\/admin_carideal\/"}]}},"uagb_featured_image_src":{"full":false,"thumbnail":false,"medium":false,"medium_large":false,"large":false,"1536x1536":false,"2048x2048":false,"wppr-widget":false},"uagb_author_info":{"display_name":"N.S Carideal","author_link":"https:\/\/www.carideal.com\/blog\/author\/admin_carideal\/"},"uagb_comment_info":0,"uagb_excerpt":"La nouvelle g\u00e9n\u00e9ration de la ceed La premi\u00e8re g\u00e9n\u00e9ration de la ceed s'est vendue \u00e0 633 000 exemplaires dont 440 000 eu Europe, march\u00e9 pour lequel elle a \u00e9t\u00e9 typiquement construit. Surtout, elle a marqu\u00e9 les esprits en \u00e9tant la premi\u00e8re voiture garantie 7 ans (ou 150 000 km). Le nouveau mod\u00e8le reprend tout \u00e0\u2026","_links":{"self":[{"href":"https:\/\/www.carideal.com\/blog\/wp-json\/wp\/v2\/posts\/1153"}],"collection":[{"href":"https:\/\/www.carideal.com\/blog\/wp-json\/wp\/v2\/posts"}],"about":[{"href":"https:\/\/www.carideal.com\/blog\/wp-json\/wp\/v2\/types\/post"}],"author":[{"embeddable":true,"href":"https:\/\/www.carideal.com\/blog\/wp-json\/wp\/v2\/users\/1"}],"replies":[{"embeddable":true,"href":"https:\/\/www.carideal.com\/blog\/wp-json\/wp\/v2\/comments?post=1153"}],"version-history":[{"count":0,"href":"https:\/\/www.carideal.com\/blog\/wp-json\/wp\/v2\/posts\/1153\/revisions"}],"wp:attachment":[{"href":"https:\/\/www.carideal.com\/blog\/wp-json\/wp\/v2\/media?parent=1153"}],"wp:term":[{"taxonomy":"category","embeddable":true,"href":"https:\/\/www.carideal.com\/blog\/wp-json\/wp\/v2\/categories?post=1153"},{"taxonomy":"post_tag","embeddable":true,"href":"https:\/\/www.carideal.com\/blog\/wp-json\/wp\/v2\/tags?post=1153"}],"curies":[{"name":"wp","href":"https:\/\/api.w.org\/{rel}","templated":true}]}}