{"id":1144,"date":"2012-06-14T15:59:00","date_gmt":"2012-06-14T15:59:00","guid":{"rendered":"http:\/\/carideal.com\/blog\/?p=1144"},"modified":"2017-02-20T18:04:40","modified_gmt":"2017-02-20T17:04:40","slug":"audi-rsq3","status":"publish","type":"post","link":"https:\/\/www.carideal.com\/blog\/2012\/06\/14\/audi-rsq3\/","title":{"rendered":"AUDI RS Q3 2012 &#8211; Pr\u00e9sentation"},"content":{"rendered":"<h2><strong>La Griffe RS sur les v\u00e9hicules de loisirs pour cet Audi RS Q3<\/strong><\/h2>\n<p>L'Audi RS Q3 d\u00e9tient le bloc 2.5 turbo du TT RS qui gagne 20 ch avec une puissance totale de 360ch. Les performances sont \u00e0 la hauteur: 0 \u00e0 100 en 5.2 s et une vitesse de pointe de 265 km\/h. Le RSQ3 profite de la transmission int\u00e9grale quattro et une boite de vitesse robotis\u00e9e \u00e0 double embrayage STronic dot\u00e9e de sept rapports. Formellement pr\u00e9sent\u00e9 comme un concept car, le RS Q3 rentrera s\u00fbrement dans la gamme <a href=\"http:\/\/www.carideal.com\/blog\/marque-de-voiture-actualites-essais\/audi\/\">Audi<\/a>. Afin de voler la vedette au Range Rover Evoque dont la puissante motorisation \u00e0 essence plafonne \u00e0 240ch.<\/p>\n<h2>Audi RS Q3 (2012) premi\u00e8res photos officielles<\/h2>\n<figure style=\"width: 438px\" class=\"wp-caption alignnone\"><img loading=\"lazy\" decoding=\"async\" title=\"Audi RS Q3 2012\" src=\"\/blog\/public\/.audi-rsq3-carideal_m.jpg\" alt=\"Audi RS Q3 2012\" width=\"448\" height=\"302\" \/><figcaption class=\"wp-caption-text\">Audi RS Q3 2012<\/figcaption><\/figure>\n<h2>Plus d'info sur Audi Q3<\/h2>\n<p><a href=\"http:\/\/www.carideal.com\/blog\/marque-de-voiture-actualites-essais\/audi\/\">Audi<\/a> fait allusion \u00e0 une it\u00e9ration phare de la performance de son Q3 d'entr\u00e9e de gamme avec ceci : le concept RS Q3. C'est seulement une \u00e9tude de pr\u00e9commercialisation\u00a0pour l'instant, mais ne nous y trompons pas ce concept\u00a0est tr\u00e8s proche de la production ...<\/p>\n<h2>Qu'est-ce qui rend cette Audi Q3 digne d'un badge RS ?<\/h2>\n<p>C'est largement la m\u00eame application d'ingr\u00e9dients qu'Audi a d\u00e9velopp\u00e9\u00a0avec le RS5 et RS3. Un kit carrosserie agressif ajoute une attitude avec les apendices\u00a0familier\u00a0de la famille RS, tels que des \u00e9vents de style Lamborghini dans le tablier avant en fibre de carbone, les ailes \u00e9vas\u00e9es et un diffuseur d'air en carbone \u00e0 l'arri\u00e8re renfermant les sorties d'\u00e9chappement ovales du V10 de la R8.<\/p>\n<p>4 Roues en alliage de vingt-pouce pos\u00e9es dans les quatre coins du <a href=\"http:\/\/www.carideal.com\/blog\/type-de-vehicule\/suv\/\">SUV<\/a>, \u00e9quip\u00e9es de gommes en 255\/30. Ils contiennent des freins \u00e9largis - les disques avant sont en\u00a0carbone c\u00e9ramique pour augmenter la puissance d'arr\u00eat lors\u00a0d'une utilisation dure et prolong\u00e9e.<\/p>\n<h2>On peut supposer que les grilles et les freins de l'Audi RS Q3 sont n\u00e9cessaires \u00e0 cause d'un nouveau moteur Trapu\u00a0?<\/h2>\n<p>Correct. Et pour briller\u00a0... Mais la RS Q3 obtient une version lib\u00e9r\u00e9e\u00a0du 2.5 TFSI turbo \u00e0 cinq cylindres disponible dans la RS3 Sportback. Quattro quatre roues motrices, elle fournit 355\u00a0ch aux roues par l'interm\u00e9diaire d'une transmission S-tronic \u00e0 sept vitesses. Audi pr\u00e9tend qu'elle sera capable du 0\u00a0\u00e0 100 km\/h\u00a0en 5,2 secondes et 265 km\/h en vitesse de pointe.<\/p>\n<p>Fondamentalement, ce que nous avons ici est un groupe motopropulseur de\u00a0TTRS Plus install\u00e9 dans un SUV racourci.<\/p>\n<h2>L'int\u00e9rieur est-il rempli d'intentions tout aussi sportives ?<\/h2>\n<p>Bien s\u00fbr, et c'est tr\u00e8s bleu, pour d\u00e9marrer. Les si\u00e8ges fortement badg\u00e9s\u00a0RS obtiennent la couture bleue soulign\u00e9s\u00a0d'Alcantara. Ils font face \u00e0 un tableau de bord resplendissant dans la fibre de carbone luminescente d\u00e9corative de bleu, envelopp\u00e9 ailleurs dans du\u00a0cuir. M\u00eame le volant \u00e0 fond plat de la marque a son\u00a0morceau de carbone bleu natty.<\/p>\n<p>En hommage aux organisateurs du premier salon\u00a0de la RS Q3, les chiffres du tachym\u00e8tre affichent des caract\u00e8res chinois plut\u00f4t que des chiffres arabes conventionnels.<\/p>\n<h2>Pourrais-je acheter cette Audi RS Q3 en 2012 ?<\/h2>\n<p>Pour le moment, vous ne pouvez pas l'acheter, et Audi est rest\u00e9 tr\u00e8s vague\u00a0sur la production potentielle pour le troisi\u00e8me trimestre de 2012. Mais c'est certainement faisable. Il n'y a rien de farfelu sur le concept gr\u00e2ce \u00e0 l'utilisation de pi\u00e8ces m\u00e9caniques existantes, et un mod\u00e8le RS serait certainement injecter une certaine joie de vivre dans la gamme tr\u00e8s polic\u00e9e du\u00a0Q3.<\/p>\n<p>Avec l'arriv\u00e9e iminente de la RS4 Avant et un RS6 report\u00e9\u00a0pour la fin 2012, Quattro GmbH en a certainement assez \u00e0 g\u00e9rer\u00a0pour le moment, mais un premier mod\u00e8le RS dans la gamme Q est certainement une possibilit\u00e9 pour 2013, surtout si <a href=\"http:\/\/www.carideal.com\/blog\/marque-de-voiture-actualites-essais\/bmw\/\">BMW<\/a> pr\u00e9sente\u00a0un X1 plus chaud. A Surveillez.<\/p>\n","protected":false},"excerpt":{"rendered":"<p>La Griffe RS sur les v\u00e9hicules de loisirs pour cet Audi RS Q3 L&rsquo;Audi RS Q3 d\u00e9tient le bloc 2.5 turbo du TT RS qui gagne 20 ch avec une puissance totale de 360ch. Les performances sont \u00e0 la hauteur: 0 \u00e0 100 en 5.2 s et une vitesse de pointe de 265 km\/h. Le &#8230; <a title=\"AUDI RS Q3 2012 &#8211; Pr\u00e9sentation\" class=\"read-more\" href=\"https:\/\/www.carideal.com\/blog\/2012\/06\/14\/audi-rsq3\/\" aria-label=\"En savoir plus sur AUDI RS Q3 2012 &#8211; Pr\u00e9sentation\">Lire plus<\/a><\/p>\n","protected":false},"author":1,"featured_media":14905,"comment_status":"open","ping_status":"open","sticky":false,"template":"","format":"standard","meta":{"_uag_custom_page_level_css":"","_themeisle_gutenberg_block_has_review":false,"footnotes":""},"categories":[5978,6221,5944,6010,5974],"tags":[],"class_list":["post-1144","post","type-post","status-publish","format-standard","has-post-thumbnail","hentry","category-audi","category-audi-rs-q3","category-constructeur","category-suv","category-type-de-vehicule"],"wppr_data":{"cwp_meta_box_check":"No"},"yoast_head":"<!-- This site is optimized with the Yoast SEO plugin v24.8.1 - https:\/\/yoast.com\/wordpress\/plugins\/seo\/ -->\n<title>AUDI RS Q3 2012 - Pr\u00e9sentation - Blog auto Carid\u00e9al<\/title>\n<meta name=\"description\" content=\"La Griffe RS sur les v\u00e9hicules de loisirs pour cet Audi RS Q3 2012. Lle moteur 2.5 turbo du TT RS gagne 20 ch avec une puissance totale de 360ch\" \/>\n<meta name=\"robots\" content=\"index, follow, max-snippet:-1, max-image-preview:large, max-video-preview:-1\" \/>\n<link rel=\"canonical\" href=\"https:\/\/www.carideal.com\/blog\/2012\/06\/14\/audi-rsq3\/\" \/>\n<meta property=\"og:locale\" content=\"fr_FR\" \/>\n<meta property=\"og:type\" content=\"article\" \/>\n<meta property=\"og:title\" content=\"AUDI RS Q3 2012 - Pr\u00e9sentation - Blog auto Carid\u00e9al\" \/>\n<meta property=\"og:description\" content=\"La Griffe RS sur les v\u00e9hicules de loisirs pour cet Audi RS Q3 2012. Lle moteur 2.5 turbo du TT RS gagne 20 ch avec une puissance totale de 360ch\" \/>\n<meta property=\"og:url\" content=\"https:\/\/www.carideal.com\/blog\/2012\/06\/14\/audi-rsq3\/\" \/>\n<meta property=\"og:site_name\" content=\"Blog auto Carid\u00e9al\" \/>\n<meta property=\"article:publisher\" content=\"https:\/\/www.facebook.com\/Carideal.mandataire.automobile\" \/>\n<meta property=\"article:author\" content=\"https:\/\/www.facebook.com\/Carideal.mandataire.automobile\/\" \/>\n<meta property=\"article:published_time\" content=\"2012-06-14T15:59:00+00:00\" \/>\n<meta property=\"article:modified_time\" content=\"2017-02-20T17:04:40+00:00\" \/>\n<meta property=\"og:image\" content=\"https:\/\/www.carideal.com\/blog\/wp-content\/uploads\/2012\/06\/audi-rsq3-2013.jpg\" \/>\n\t<meta property=\"og:image:width\" content=\"800\" \/>\n\t<meta property=\"og:image:height\" content=\"500\" \/>\n\t<meta property=\"og:image:type\" content=\"image\/jpeg\" \/>\n<meta name=\"author\" content=\"N.S Carideal\" \/>\n<meta name=\"twitter:card\" content=\"summary_large_image\" \/>\n<meta name=\"twitter:creator\" content=\"@caridealauto\" \/>\n<meta name=\"twitter:site\" content=\"@caridealauto\" \/>\n<meta name=\"twitter:label1\" content=\"\u00c9crit par\" \/>\n\t<meta name=\"twitter:data1\" content=\"N.S Carideal\" \/>\n\t<meta name=\"twitter:label2\" content=\"Dur\u00e9e de lecture estim\u00e9e\" \/>\n\t<meta name=\"twitter:data2\" content=\"3 minutes\" \/>\n<script type=\"application\/ld+json\" class=\"yoast-schema-graph\">{\"@context\":\"https:\/\/schema.org\",\"@graph\":[{\"@type\":\"Article\",\"@id\":\"https:\/\/www.carideal.com\/blog\/2012\/06\/14\/audi-rsq3\/#article\",\"isPartOf\":{\"@id\":\"https:\/\/www.carideal.com\/blog\/2012\/06\/14\/audi-rsq3\/\"},\"author\":{\"name\":\"N.S Carideal\",\"@id\":\"https:\/\/www.carideal.com\/blog\/#\/schema\/person\/985c7e757d1042d647f21bfaf8d41ebc\"},\"headline\":\"AUDI RS Q3 2012 &#8211; Pr\u00e9sentation\",\"datePublished\":\"2012-06-14T15:59:00+00:00\",\"dateModified\":\"2017-02-20T17:04:40+00:00\",\"mainEntityOfPage\":{\"@id\":\"https:\/\/www.carideal.com\/blog\/2012\/06\/14\/audi-rsq3\/\"},\"wordCount\":631,\"commentCount\":0,\"publisher\":{\"@id\":\"https:\/\/www.carideal.com\/blog\/#organization\"},\"image\":{\"@id\":\"https:\/\/www.carideal.com\/blog\/2012\/06\/14\/audi-rsq3\/#primaryimage\"},\"thumbnailUrl\":\"https:\/\/www.carideal.com\/blog\/wp-content\/uploads\/2012\/06\/audi-rsq3-2013.jpg\",\"articleSection\":[\"Actualit\u00e9 Audi\",\"Actualit\u00e9 Audi RS Q3\",\"Actualit\u00e9 Constructeur automobile\",\"SUV\",\"Type de v\u00e9hicule\"],\"inLanguage\":\"fr-FR\",\"potentialAction\":[{\"@type\":\"CommentAction\",\"name\":\"Comment\",\"target\":[\"https:\/\/www.carideal.com\/blog\/2012\/06\/14\/audi-rsq3\/#respond\"]}]},{\"@type\":\"WebPage\",\"@id\":\"https:\/\/www.carideal.com\/blog\/2012\/06\/14\/audi-rsq3\/\",\"url\":\"https:\/\/www.carideal.com\/blog\/2012\/06\/14\/audi-rsq3\/\",\"name\":\"AUDI RS Q3 2012 - Pr\u00e9sentation - Blog auto Carid\u00e9al\",\"isPartOf\":{\"@id\":\"https:\/\/www.carideal.com\/blog\/#website\"},\"primaryImageOfPage\":{\"@id\":\"https:\/\/www.carideal.com\/blog\/2012\/06\/14\/audi-rsq3\/#primaryimage\"},\"image\":{\"@id\":\"https:\/\/www.carideal.com\/blog\/2012\/06\/14\/audi-rsq3\/#primaryimage\"},\"thumbnailUrl\":\"https:\/\/www.carideal.com\/blog\/wp-content\/uploads\/2012\/06\/audi-rsq3-2013.jpg\",\"datePublished\":\"2012-06-14T15:59:00+00:00\",\"dateModified\":\"2017-02-20T17:04:40+00:00\",\"description\":\"La Griffe RS sur les v\u00e9hicules de loisirs pour cet Audi RS Q3 2012. Lle moteur 2.5 turbo du TT RS gagne 20 ch avec une puissance totale de 360ch\",\"breadcrumb\":{\"@id\":\"https:\/\/www.carideal.com\/blog\/2012\/06\/14\/audi-rsq3\/#breadcrumb\"},\"inLanguage\":\"fr-FR\",\"potentialAction\":[{\"@type\":\"ReadAction\",\"target\":[\"https:\/\/www.carideal.com\/blog\/2012\/06\/14\/audi-rsq3\/\"]}]},{\"@type\":\"ImageObject\",\"inLanguage\":\"fr-FR\",\"@id\":\"https:\/\/www.carideal.com\/blog\/2012\/06\/14\/audi-rsq3\/#primaryimage\",\"url\":\"https:\/\/www.carideal.com\/blog\/wp-content\/uploads\/2012\/06\/audi-rsq3-2013.jpg\",\"contentUrl\":\"https:\/\/www.carideal.com\/blog\/wp-content\/uploads\/2012\/06\/audi-rsq3-2013.jpg\",\"width\":800,\"height\":500,\"caption\":\"Audi RS Q3 2012\"},{\"@type\":\"BreadcrumbList\",\"@id\":\"https:\/\/www.carideal.com\/blog\/2012\/06\/14\/audi-rsq3\/#breadcrumb\",\"itemListElement\":[{\"@type\":\"ListItem\",\"position\":1,\"name\":\"Blog Carid\u00e9al\",\"item\":\"https:\/\/www.carideal.com\/blog\/\"},{\"@type\":\"ListItem\",\"position\":2,\"name\":\"Actualit\u00e9 constructeur automobile\",\"item\":\"https:\/\/www.carideal.com\/blog\/constructeur\/\"},{\"@type\":\"ListItem\",\"position\":3,\"name\":\"Actualit\u00e9 Audi\",\"item\":\"https:\/\/www.carideal.com\/blog\/constructeur\/audi\/\"},{\"@type\":\"ListItem\",\"position\":4,\"name\":\"Audi RS Q3\",\"item\":\"https:\/\/www.carideal.com\/blog\/constructeur\/audi\/audi-rs-q3\/\"},{\"@type\":\"ListItem\",\"position\":5,\"name\":\"AUDI RS Q3 2012 &#8211; Pr\u00e9sentation\"}]},{\"@type\":\"WebSite\",\"@id\":\"https:\/\/www.carideal.com\/blog\/#website\",\"url\":\"https:\/\/www.carideal.com\/blog\/\",\"name\":\"Blog auto Carid\u00e9al\",\"description\":\"Actualit\u00e9 auto par des passionn\u00e9s\",\"publisher\":{\"@id\":\"https:\/\/www.carideal.com\/blog\/#organization\"},\"potentialAction\":[{\"@type\":\"SearchAction\",\"target\":{\"@type\":\"EntryPoint\",\"urlTemplate\":\"https:\/\/www.carideal.com\/blog\/?s={search_term_string}\"},\"query-input\":{\"@type\":\"PropertyValueSpecification\",\"valueRequired\":true,\"valueName\":\"search_term_string\"}}],\"inLanguage\":\"fr-FR\"},{\"@type\":\"Organization\",\"@id\":\"https:\/\/www.carideal.com\/blog\/#organization\",\"name\":\"Carideal\",\"url\":\"https:\/\/www.carideal.com\/blog\/\",\"logo\":{\"@type\":\"ImageObject\",\"inLanguage\":\"fr-FR\",\"@id\":\"https:\/\/www.carideal.com\/blog\/#\/schema\/logo\/image\/\",\"url\":\"http:\/\/www.carideal.com\/blog\/wp-content\/uploads\/2016\/03\/logo-carideal-mandataire-automobile.png\",\"contentUrl\":\"http:\/\/www.carideal.com\/blog\/wp-content\/uploads\/2016\/03\/logo-carideal-mandataire-automobile.png\",\"width\":300,\"height\":300,\"caption\":\"Carideal\"},\"image\":{\"@id\":\"https:\/\/www.carideal.com\/blog\/#\/schema\/logo\/image\/\"},\"sameAs\":[\"https:\/\/www.facebook.com\/Carideal.mandataire.automobile\",\"https:\/\/x.com\/caridealauto\",\"https:\/\/www.instagram.com\/carideal1\/\",\"https:\/\/www.linkedin.com\/company\/carideal.com\",\"https:\/\/fr.pinterest.com\/schiavonsas\/\",\"https:\/\/www.youtube.com\/user\/caridealsas\"]},{\"@type\":\"Person\",\"@id\":\"https:\/\/www.carideal.com\/blog\/#\/schema\/person\/985c7e757d1042d647f21bfaf8d41ebc\",\"name\":\"N.S Carideal\",\"image\":{\"@type\":\"ImageObject\",\"inLanguage\":\"fr-FR\",\"@id\":\"https:\/\/www.carideal.com\/blog\/#\/schema\/person\/image\/\",\"url\":\"https:\/\/secure.gravatar.com\/avatar\/edb7ccdf1a4e3d14aef967760d354d0e?s=96&r=g\",\"contentUrl\":\"https:\/\/secure.gravatar.com\/avatar\/edb7ccdf1a4e3d14aef967760d354d0e?s=96&r=g\",\"caption\":\"N.S Carideal\"},\"description\":\"Depuis tout petit fan d'automobile. Il est question d'essayer et de comparer toutes ces voitures qui nous ont fait r\u00e9ver, avant que celles-ci ne devient uniquement des voitures de collection.\",\"sameAs\":[\"http:\/\/www.carideal.com\/blog\",\"https:\/\/www.facebook.com\/Carideal.mandataire.automobile\/\",\"https:\/\/www.linkedin.com\/in\/nschiavon\/\",\"https:\/\/www.youtube.com\/user\/caridealsas\/\"],\"url\":\"https:\/\/www.carideal.com\/blog\/author\/admin_carideal\/\"}]}<\/script>\n<!-- \/ Yoast SEO plugin. -->","yoast_head_json":{"title":"AUDI RS Q3 2012 - Pr\u00e9sentation - Blog auto Carid\u00e9al","description":"La Griffe RS sur les v\u00e9hicules de loisirs pour cet Audi RS Q3 2012. Lle moteur 2.5 turbo du TT RS gagne 20 ch avec une puissance totale de 360ch","robots":{"index":"index","follow":"follow","max-snippet":"max-snippet:-1","max-image-preview":"max-image-preview:large","max-video-preview":"max-video-preview:-1"},"canonical":"https:\/\/www.carideal.com\/blog\/2012\/06\/14\/audi-rsq3\/","og_locale":"fr_FR","og_type":"article","og_title":"AUDI RS Q3 2012 - Pr\u00e9sentation - Blog auto Carid\u00e9al","og_description":"La Griffe RS sur les v\u00e9hicules de loisirs pour cet Audi RS Q3 2012. Lle moteur 2.5 turbo du TT RS gagne 20 ch avec une puissance totale de 360ch","og_url":"https:\/\/www.carideal.com\/blog\/2012\/06\/14\/audi-rsq3\/","og_site_name":"Blog auto Carid\u00e9al","article_publisher":"https:\/\/www.facebook.com\/Carideal.mandataire.automobile","article_author":"https:\/\/www.facebook.com\/Carideal.mandataire.automobile\/","article_published_time":"2012-06-14T15:59:00+00:00","article_modified_time":"2017-02-20T17:04:40+00:00","og_image":[{"width":800,"height":500,"url":"https:\/\/www.carideal.com\/blog\/wp-content\/uploads\/2012\/06\/audi-rsq3-2013.jpg","type":"image\/jpeg"}],"author":"N.S Carideal","twitter_card":"summary_large_image","twitter_creator":"@caridealauto","twitter_site":"@caridealauto","twitter_misc":{"\u00c9crit par":"N.S Carideal","Dur\u00e9e de lecture estim\u00e9e":"3 minutes"},"schema":{"@context":"https:\/\/schema.org","@graph":[{"@type":"Article","@id":"https:\/\/www.carideal.com\/blog\/2012\/06\/14\/audi-rsq3\/#article","isPartOf":{"@id":"https:\/\/www.carideal.com\/blog\/2012\/06\/14\/audi-rsq3\/"},"author":{"name":"N.S Carideal","@id":"https:\/\/www.carideal.com\/blog\/#\/schema\/person\/985c7e757d1042d647f21bfaf8d41ebc"},"headline":"AUDI RS Q3 2012 &#8211; Pr\u00e9sentation","datePublished":"2012-06-14T15:59:00+00:00","dateModified":"2017-02-20T17:04:40+00:00","mainEntityOfPage":{"@id":"https:\/\/www.carideal.com\/blog\/2012\/06\/14\/audi-rsq3\/"},"wordCount":631,"commentCount":0,"publisher":{"@id":"https:\/\/www.carideal.com\/blog\/#organization"},"image":{"@id":"https:\/\/www.carideal.com\/blog\/2012\/06\/14\/audi-rsq3\/#primaryimage"},"thumbnailUrl":"https:\/\/www.carideal.com\/blog\/wp-content\/uploads\/2012\/06\/audi-rsq3-2013.jpg","articleSection":["Actualit\u00e9 Audi","Actualit\u00e9 Audi RS Q3","Actualit\u00e9 Constructeur automobile","SUV","Type de v\u00e9hicule"],"inLanguage":"fr-FR","potentialAction":[{"@type":"CommentAction","name":"Comment","target":["https:\/\/www.carideal.com\/blog\/2012\/06\/14\/audi-rsq3\/#respond"]}]},{"@type":"WebPage","@id":"https:\/\/www.carideal.com\/blog\/2012\/06\/14\/audi-rsq3\/","url":"https:\/\/www.carideal.com\/blog\/2012\/06\/14\/audi-rsq3\/","name":"AUDI RS Q3 2012 - Pr\u00e9sentation - Blog auto Carid\u00e9al","isPartOf":{"@id":"https:\/\/www.carideal.com\/blog\/#website"},"primaryImageOfPage":{"@id":"https:\/\/www.carideal.com\/blog\/2012\/06\/14\/audi-rsq3\/#primaryimage"},"image":{"@id":"https:\/\/www.carideal.com\/blog\/2012\/06\/14\/audi-rsq3\/#primaryimage"},"thumbnailUrl":"https:\/\/www.carideal.com\/blog\/wp-content\/uploads\/2012\/06\/audi-rsq3-2013.jpg","datePublished":"2012-06-14T15:59:00+00:00","dateModified":"2017-02-20T17:04:40+00:00","description":"La Griffe RS sur les v\u00e9hicules de loisirs pour cet Audi RS Q3 2012. Lle moteur 2.5 turbo du TT RS gagne 20 ch avec une puissance totale de 360ch","breadcrumb":{"@id":"https:\/\/www.carideal.com\/blog\/2012\/06\/14\/audi-rsq3\/#breadcrumb"},"inLanguage":"fr-FR","potentialAction":[{"@type":"ReadAction","target":["https:\/\/www.carideal.com\/blog\/2012\/06\/14\/audi-rsq3\/"]}]},{"@type":"ImageObject","inLanguage":"fr-FR","@id":"https:\/\/www.carideal.com\/blog\/2012\/06\/14\/audi-rsq3\/#primaryimage","url":"https:\/\/www.carideal.com\/blog\/wp-content\/uploads\/2012\/06\/audi-rsq3-2013.jpg","contentUrl":"https:\/\/www.carideal.com\/blog\/wp-content\/uploads\/2012\/06\/audi-rsq3-2013.jpg","width":800,"height":500,"caption":"Audi RS Q3 2012"},{"@type":"BreadcrumbList","@id":"https:\/\/www.carideal.com\/blog\/2012\/06\/14\/audi-rsq3\/#breadcrumb","itemListElement":[{"@type":"ListItem","position":1,"name":"Blog Carid\u00e9al","item":"https:\/\/www.carideal.com\/blog\/"},{"@type":"ListItem","position":2,"name":"Actualit\u00e9 constructeur automobile","item":"https:\/\/www.carideal.com\/blog\/constructeur\/"},{"@type":"ListItem","position":3,"name":"Actualit\u00e9 Audi","item":"https:\/\/www.carideal.com\/blog\/constructeur\/audi\/"},{"@type":"ListItem","position":4,"name":"Audi RS Q3","item":"https:\/\/www.carideal.com\/blog\/constructeur\/audi\/audi-rs-q3\/"},{"@type":"ListItem","position":5,"name":"AUDI RS Q3 2012 &#8211; Pr\u00e9sentation"}]},{"@type":"WebSite","@id":"https:\/\/www.carideal.com\/blog\/#website","url":"https:\/\/www.carideal.com\/blog\/","name":"Blog auto Carid\u00e9al","description":"Actualit\u00e9 auto par des passionn\u00e9s","publisher":{"@id":"https:\/\/www.carideal.com\/blog\/#organization"},"potentialAction":[{"@type":"SearchAction","target":{"@type":"EntryPoint","urlTemplate":"https:\/\/www.carideal.com\/blog\/?s={search_term_string}"},"query-input":{"@type":"PropertyValueSpecification","valueRequired":true,"valueName":"search_term_string"}}],"inLanguage":"fr-FR"},{"@type":"Organization","@id":"https:\/\/www.carideal.com\/blog\/#organization","name":"Carideal","url":"https:\/\/www.carideal.com\/blog\/","logo":{"@type":"ImageObject","inLanguage":"fr-FR","@id":"https:\/\/www.carideal.com\/blog\/#\/schema\/logo\/image\/","url":"http:\/\/www.carideal.com\/blog\/wp-content\/uploads\/2016\/03\/logo-carideal-mandataire-automobile.png","contentUrl":"http:\/\/www.carideal.com\/blog\/wp-content\/uploads\/2016\/03\/logo-carideal-mandataire-automobile.png","width":300,"height":300,"caption":"Carideal"},"image":{"@id":"https:\/\/www.carideal.com\/blog\/#\/schema\/logo\/image\/"},"sameAs":["https:\/\/www.facebook.com\/Carideal.mandataire.automobile","https:\/\/x.com\/caridealauto","https:\/\/www.instagram.com\/carideal1\/","https:\/\/www.linkedin.com\/company\/carideal.com","https:\/\/fr.pinterest.com\/schiavonsas\/","https:\/\/www.youtube.com\/user\/caridealsas"]},{"@type":"Person","@id":"https:\/\/www.carideal.com\/blog\/#\/schema\/person\/985c7e757d1042d647f21bfaf8d41ebc","name":"N.S Carideal","image":{"@type":"ImageObject","inLanguage":"fr-FR","@id":"https:\/\/www.carideal.com\/blog\/#\/schema\/person\/image\/","url":"https:\/\/secure.gravatar.com\/avatar\/edb7ccdf1a4e3d14aef967760d354d0e?s=96&r=g","contentUrl":"https:\/\/secure.gravatar.com\/avatar\/edb7ccdf1a4e3d14aef967760d354d0e?s=96&r=g","caption":"N.S Carideal"},"description":"Depuis tout petit fan d'automobile. Il est question d'essayer et de comparer toutes ces voitures qui nous ont fait r\u00e9ver, avant que celles-ci ne devient uniquement des voitures de collection.","sameAs":["http:\/\/www.carideal.com\/blog","https:\/\/www.facebook.com\/Carideal.mandataire.automobile\/","https:\/\/www.linkedin.com\/in\/nschiavon\/","https:\/\/www.youtube.com\/user\/caridealsas\/"],"url":"https:\/\/www.carideal.com\/blog\/author\/admin_carideal\/"}]}},"uagb_featured_image_src":{"full":["https:\/\/www.carideal.com\/blog\/wp-content\/uploads\/2012\/06\/audi-rsq3-2013.jpg",800,500,false],"thumbnail":["https:\/\/www.carideal.com\/blog\/wp-content\/uploads\/2012\/06\/audi-rsq3-2013-150x150.jpg",150,150,true],"medium":["https:\/\/www.carideal.com\/blog\/wp-content\/uploads\/2012\/06\/audi-rsq3-2013-300x188.jpg",300,188,true],"medium_large":["https:\/\/www.carideal.com\/blog\/wp-content\/uploads\/2012\/06\/audi-rsq3-2013-768x480.jpg",768,480,true],"large":["https:\/\/www.carideal.com\/blog\/wp-content\/uploads\/2012\/06\/audi-rsq3-2013.jpg",800,500,false],"1536x1536":["https:\/\/www.carideal.com\/blog\/wp-content\/uploads\/2012\/06\/audi-rsq3-2013.jpg",800,500,false],"2048x2048":["https:\/\/www.carideal.com\/blog\/wp-content\/uploads\/2012\/06\/audi-rsq3-2013.jpg",800,500,false],"wppr-widget":["https:\/\/www.carideal.com\/blog\/wp-content\/uploads\/2012\/06\/audi-rsq3-2013.jpg",50,31,false]},"uagb_author_info":{"display_name":"N.S Carideal","author_link":"https:\/\/www.carideal.com\/blog\/author\/admin_carideal\/"},"uagb_comment_info":0,"uagb_excerpt":"La Griffe RS sur les v\u00e9hicules de loisirs pour cet Audi RS Q3 L'Audi RS Q3 d\u00e9tient le bloc 2.5 turbo du TT RS qui gagne 20 ch avec une puissance totale de 360ch. Les performances sont \u00e0 la hauteur: 0 \u00e0 100 en 5.2 s et une vitesse de pointe de 265 km\/h. Le\u2026","_links":{"self":[{"href":"https:\/\/www.carideal.com\/blog\/wp-json\/wp\/v2\/posts\/1144"}],"collection":[{"href":"https:\/\/www.carideal.com\/blog\/wp-json\/wp\/v2\/posts"}],"about":[{"href":"https:\/\/www.carideal.com\/blog\/wp-json\/wp\/v2\/types\/post"}],"author":[{"embeddable":true,"href":"https:\/\/www.carideal.com\/blog\/wp-json\/wp\/v2\/users\/1"}],"replies":[{"embeddable":true,"href":"https:\/\/www.carideal.com\/blog\/wp-json\/wp\/v2\/comments?post=1144"}],"version-history":[{"count":0,"href":"https:\/\/www.carideal.com\/blog\/wp-json\/wp\/v2\/posts\/1144\/revisions"}],"wp:featuredmedia":[{"embeddable":true,"href":"https:\/\/www.carideal.com\/blog\/wp-json\/wp\/v2\/media\/14905"}],"wp:attachment":[{"href":"https:\/\/www.carideal.com\/blog\/wp-json\/wp\/v2\/media?parent=1144"}],"wp:term":[{"taxonomy":"category","embeddable":true,"href":"https:\/\/www.carideal.com\/blog\/wp-json\/wp\/v2\/categories?post=1144"},{"taxonomy":"post_tag","embeddable":true,"href":"https:\/\/www.carideal.com\/blog\/wp-json\/wp\/v2\/tags?post=1144"}],"curies":[{"name":"wp","href":"https:\/\/api.w.org\/{rel}","templated":true}]}}