{"id":1142,"date":"2012-06-14T15:00:00","date_gmt":"2012-06-14T15:00:00","guid":{"rendered":"http:\/\/carideal.com\/blog\/?p=1142"},"modified":"2012-06-14T15:00:00","modified_gmt":"2012-06-14T15:00:00","slug":"citroen-numero-9","status":"publish","type":"post","link":"https:\/\/www.carideal.com\/blog\/2012\/06\/14\/citroen-numero-9\/","title":{"rendered":"CITROEN NUMERO 9"},"content":{"rendered":"<p><img decoding=\"async\" src=\"\/blog\/public\/.citroen-numero-9-concept-carideal_m.jpg\" alt=\"citroen-numero-9-concept-carideal.jpg\" title=\"citroen-numero-9-concept-carideal.jpg, juin 2012\" \/><\/p>\n<blockquote>\n<p>La<a href=\"\/blog\/index.php?tag\/num%C3%A9ro%209\"> num\u00e9ro 9<\/a><\/p>\n<\/blockquote>\n<p><a href=\"\/blog\/index.php?tag\/Le%20constructeur\">Le constructeur<\/a> a vu les choses en grand.Pour d\u00e9montrer le \"luxe \u00e0 la fran\u00e7aise\" qui se montre de sa nouvelle conception, la <a href=\"\/blog\/index.php?tag\/marque%20au%20chevron\">marque au chevron<\/a> a choisi de le photographier devant des monuments en compagnie d'un mannequin chinois.Mais planifier de telles prises de vues n'est pas chose simple et des paparazzis se sont invit\u00e9s place de la Concorde. R\u00e9sultat des images du concept ont tout suite circuler sur internet. Mais aujourd'hui se sont bien les vrais photos qui sont publi\u00e9s. Extr\u00eamement imposant, les 5.30M du <a href=\"\/blog\/index.php?tag\/concept%20m%C3%A9tropolis\">concept m\u00e9tropolis<\/a> pr\u00e9sent\u00e9 en 2010 \u00e0 Shanghai, ont permis de ramen\u00e9s \u00e0 4.93 M pour l'\u00e9tude Num\u00e9ros 9. Soit juste 2 centim\u00e8tres de plus que l'actuelle <a href=\"\/blog\/index.php?tag\/C6\">C6<\/a>, ce qui correspond \u00e0 la longueur moyenne du segment des grandes routi\u00e8res (<a href=\"\/blog\/index.php?tag\/Audi%20A6\">Audi A6<\/a>-<a href=\"\/blog\/index.php?tag\/BMW%20S%C3%A9rie%205\">BMW S\u00e9rie 5<\/a> et <a href=\"\/blog\/index.php?tag\/Mercedes%20Classe%20E\">Mercedes Classe E<\/a>).Mais,Num\u00e9ro 9 est en revanche carr\u00e9ment plus bas, avec seulement 1.27m de haut (1.46M pour la C6). En rentrant dans le rang ce concept car ce resserre d'avantage de la s\u00e9rie qui se concr\u00e9tisera par l'arriv\u00e9e, fin 2014, au plus haut de la gamme DS, d'une DS9.La consid\u00e9ration esth\u00e9tique sur le haut de gamme progresse pas \u00e0 pas. Car si quelque trait sont ressemble aux concept Metropolis et Num\u00e9ro 9, l'\u00e9volution stylistique est pourtant manifeste. A commencer par le contour  de la calandre, bien plus harmonieux. Cercl\u00e9e de chrome, celle-ci se prolonge habilement \u00e0 l'int\u00e9rieur des phares, tandis que sa faible hauteur lui offre un effet flottant qui adouci l'ensemble. En revanche, \u00e0 l'arri\u00e8re le disign des feux correspond \u00e0 celui de la Metropolis tout comme le model\u00e9 du bas du volet de hayon. Evidemment le profil de la num\u00e9ro 9 se remarque par ses allures de break de chasse et par une poupe plus dynamique. En l\u00e9viation au dessus de la ceinture de caisse, le pavillon est segmenter par trois toits vitr\u00e9s selon un th\u00e8me cher \u00e0 la petite soeur de Num\u00e9ro 9 :<a href=\"\/blog\/index.php?tag\/la%20DS5\"> la DS5<\/a>. A l'extr\u00e9mit\u00e9 arri\u00e8re du toit, un becquet s'entrelace habilement avec la lunette arri\u00e8re. L'ensemble est absolument ma\u00eetris\u00e9. Nous sommes impatient d\u2019apercevoir l'int\u00e9rieur. Encore un peu de tol\u00e9rance...Num\u00e9ro 9sait se faire d\u00e9sirer.En septembre 2011 le Peugeot HX-1 \u00e0 ouvert la voie en mati\u00e8re d'<a href=\"\/blog\/index.php?tag\/hybridation%20rechargeable\">hybridation rechargeable<\/a>.C'est donc normal que <a href=\"\/blog\/index.php?tag\/Citro%C3%ABn\">Citro\u00ebn<\/a> propose une technologie.Le march\u00e9 chinois oblige le moteur thermique retenu n'est pas un bloc diesel, mais un moteur essence 1.6 THP de 225 CV, auxquels s'ajoutent les 70 CV d'un \u00e9lectromoteur. La puissance cumul\u00e9e fr\u00f4le les 300 CV et offre une acc\u00e9l\u00e9ration nerveuse( le 0\u00e0 100 km\/h est r\u00e9alis\u00e9 en 5.4 seconde), car ce concept est relativement l\u00e9ger (1500 kg contre 1873 kg pour la C6V6). Avec la Num\u00e9ro 9 il est possible de rouler en quatre roues motrices puisque le moteur essence entra\u00eene le train avant et l'\u00e9lectromoteur le train arri\u00e8re.Une consommation th\u00e9orique se limiterait, 1.7L aux 100 km,seulement, pour des rejets de CO2 de 39g\/km. Si la Num\u00e9ro 9 \u00e9tait commercialis\u00e9e elle b\u00e9n\u00e9ficierait d'un bonus de 5000 \u20ac pour une voiture factur\u00e9e \u00e0 plus de 65000\u20ac.<\/p>\n","protected":false},"excerpt":{"rendered":"<p>La num\u00e9ro 9 Le constructeur a vu les choses en grand.Pour d\u00e9montrer le \u00ab\u00a0luxe \u00e0 la fran\u00e7aise\u00a0\u00bb qui se montre de sa nouvelle conception, la marque au chevron a choisi de le photographier devant des monuments en compagnie d&rsquo;un mannequin chinois.Mais planifier de telles prises de vues n&rsquo;est pas chose simple et des paparazzis se &#8230; <a title=\"CITROEN NUMERO 9\" class=\"read-more\" href=\"https:\/\/www.carideal.com\/blog\/2012\/06\/14\/citroen-numero-9\/\" aria-label=\"En savoir plus sur CITROEN NUMERO 9\">Lire plus<\/a><\/p>\n","protected":false},"author":1,"featured_media":0,"comment_status":"open","ping_status":"open","sticky":false,"template":"","format":"standard","meta":{"_uag_custom_page_level_css":"","_themeisle_gutenberg_block_has_review":false,"footnotes":""},"categories":[10],"tags":[1548],"class_list":["post-1142","post","type-post","status-publish","format-standard","hentry","category-marche-automobile-voiture-neuve-occasion-4x4-suv","tag-mercedes-classe-e"],"wppr_data":[],"yoast_head":"<!-- This site is optimized with the Yoast SEO plugin v24.8.1 - https:\/\/yoast.com\/wordpress\/plugins\/seo\/ -->\n<title>CITROEN NUMERO 9 - Blog auto Carid\u00e9al<\/title>\n<meta name=\"robots\" content=\"index, follow, max-snippet:-1, max-image-preview:large, max-video-preview:-1\" \/>\n<link rel=\"canonical\" href=\"https:\/\/www.carideal.com\/blog\/2012\/06\/14\/citroen-numero-9\/\" \/>\n<meta property=\"og:locale\" content=\"fr_FR\" \/>\n<meta property=\"og:type\" content=\"article\" \/>\n<meta property=\"og:title\" content=\"CITROEN NUMERO 9 - Blog auto Carid\u00e9al\" \/>\n<meta property=\"og:description\" content=\"La num\u00e9ro 9 Le constructeur a vu les choses en grand.Pour d\u00e9montrer le &quot;luxe \u00e0 la fran\u00e7aise&quot; qui se montre de sa nouvelle conception, la marque au chevron a choisi de le photographier devant des monuments en compagnie d&#039;un mannequin chinois.Mais planifier de telles prises de vues n&#039;est pas chose simple et des paparazzis se ... Lire plus\" \/>\n<meta property=\"og:url\" content=\"https:\/\/www.carideal.com\/blog\/2012\/06\/14\/citroen-numero-9\/\" \/>\n<meta property=\"og:site_name\" content=\"Blog auto Carid\u00e9al\" \/>\n<meta property=\"article:publisher\" content=\"https:\/\/www.facebook.com\/Carideal.mandataire.automobile\" \/>\n<meta property=\"article:author\" content=\"https:\/\/www.facebook.com\/Carideal.mandataire.automobile\/\" \/>\n<meta property=\"article:published_time\" content=\"2012-06-14T15:00:00+00:00\" \/>\n<meta property=\"og:image\" content=\"https:\/\/www.carideal.com\/blog\/wp-content\/uploads\/2016\/03\/logo-carideal-mandataire-automobile.png\" \/>\n\t<meta property=\"og:image:width\" content=\"300\" \/>\n\t<meta property=\"og:image:height\" content=\"300\" \/>\n\t<meta property=\"og:image:type\" content=\"image\/png\" \/>\n<meta name=\"author\" content=\"N.S Carideal\" \/>\n<meta name=\"twitter:card\" content=\"summary_large_image\" \/>\n<meta name=\"twitter:creator\" content=\"@caridealauto\" \/>\n<meta name=\"twitter:site\" content=\"@caridealauto\" \/>\n<meta name=\"twitter:label1\" content=\"\u00c9crit par\" \/>\n\t<meta name=\"twitter:data1\" content=\"N.S Carideal\" \/>\n\t<meta name=\"twitter:label2\" content=\"Dur\u00e9e de lecture estim\u00e9e\" \/>\n\t<meta name=\"twitter:data2\" content=\"3 minutes\" \/>\n<script type=\"application\/ld+json\" class=\"yoast-schema-graph\">{\"@context\":\"https:\/\/schema.org\",\"@graph\":[{\"@type\":\"Article\",\"@id\":\"https:\/\/www.carideal.com\/blog\/2012\/06\/14\/citroen-numero-9\/#article\",\"isPartOf\":{\"@id\":\"https:\/\/www.carideal.com\/blog\/2012\/06\/14\/citroen-numero-9\/\"},\"author\":{\"name\":\"N.S Carideal\",\"@id\":\"https:\/\/www.carideal.com\/blog\/#\/schema\/person\/985c7e757d1042d647f21bfaf8d41ebc\"},\"headline\":\"CITROEN NUMERO 9\",\"datePublished\":\"2012-06-14T15:00:00+00:00\",\"mainEntityOfPage\":{\"@id\":\"https:\/\/www.carideal.com\/blog\/2012\/06\/14\/citroen-numero-9\/\"},\"wordCount\":534,\"commentCount\":0,\"publisher\":{\"@id\":\"https:\/\/www.carideal.com\/blog\/#organization\"},\"keywords\":[\"Mercedes Classe E\"],\"articleSection\":[\"March\u00e9 automobile\"],\"inLanguage\":\"fr-FR\",\"potentialAction\":[{\"@type\":\"CommentAction\",\"name\":\"Comment\",\"target\":[\"https:\/\/www.carideal.com\/blog\/2012\/06\/14\/citroen-numero-9\/#respond\"]}]},{\"@type\":\"WebPage\",\"@id\":\"https:\/\/www.carideal.com\/blog\/2012\/06\/14\/citroen-numero-9\/\",\"url\":\"https:\/\/www.carideal.com\/blog\/2012\/06\/14\/citroen-numero-9\/\",\"name\":\"CITROEN NUMERO 9 - Blog auto Carid\u00e9al\",\"isPartOf\":{\"@id\":\"https:\/\/www.carideal.com\/blog\/#website\"},\"datePublished\":\"2012-06-14T15:00:00+00:00\",\"breadcrumb\":{\"@id\":\"https:\/\/www.carideal.com\/blog\/2012\/06\/14\/citroen-numero-9\/#breadcrumb\"},\"inLanguage\":\"fr-FR\",\"potentialAction\":[{\"@type\":\"ReadAction\",\"target\":[\"https:\/\/www.carideal.com\/blog\/2012\/06\/14\/citroen-numero-9\/\"]}]},{\"@type\":\"BreadcrumbList\",\"@id\":\"https:\/\/www.carideal.com\/blog\/2012\/06\/14\/citroen-numero-9\/#breadcrumb\",\"itemListElement\":[{\"@type\":\"ListItem\",\"position\":1,\"name\":\"Blog Carid\u00e9al\",\"item\":\"https:\/\/www.carideal.com\/blog\/\"},{\"@type\":\"ListItem\",\"position\":2,\"name\":\"March\u00e9 automobile\",\"item\":\"https:\/\/www.carideal.com\/blog\/marche-automobile-voiture-neuve-occasion-4x4-suv\/\"},{\"@type\":\"ListItem\",\"position\":3,\"name\":\"CITROEN NUMERO 9\"}]},{\"@type\":\"WebSite\",\"@id\":\"https:\/\/www.carideal.com\/blog\/#website\",\"url\":\"https:\/\/www.carideal.com\/blog\/\",\"name\":\"Blog auto Carid\u00e9al\",\"description\":\"Actualit\u00e9 auto par des passionn\u00e9s\",\"publisher\":{\"@id\":\"https:\/\/www.carideal.com\/blog\/#organization\"},\"potentialAction\":[{\"@type\":\"SearchAction\",\"target\":{\"@type\":\"EntryPoint\",\"urlTemplate\":\"https:\/\/www.carideal.com\/blog\/?s={search_term_string}\"},\"query-input\":{\"@type\":\"PropertyValueSpecification\",\"valueRequired\":true,\"valueName\":\"search_term_string\"}}],\"inLanguage\":\"fr-FR\"},{\"@type\":\"Organization\",\"@id\":\"https:\/\/www.carideal.com\/blog\/#organization\",\"name\":\"Carideal\",\"url\":\"https:\/\/www.carideal.com\/blog\/\",\"logo\":{\"@type\":\"ImageObject\",\"inLanguage\":\"fr-FR\",\"@id\":\"https:\/\/www.carideal.com\/blog\/#\/schema\/logo\/image\/\",\"url\":\"http:\/\/www.carideal.com\/blog\/wp-content\/uploads\/2016\/03\/logo-carideal-mandataire-automobile.png\",\"contentUrl\":\"http:\/\/www.carideal.com\/blog\/wp-content\/uploads\/2016\/03\/logo-carideal-mandataire-automobile.png\",\"width\":300,\"height\":300,\"caption\":\"Carideal\"},\"image\":{\"@id\":\"https:\/\/www.carideal.com\/blog\/#\/schema\/logo\/image\/\"},\"sameAs\":[\"https:\/\/www.facebook.com\/Carideal.mandataire.automobile\",\"https:\/\/x.com\/caridealauto\",\"https:\/\/www.instagram.com\/carideal1\/\",\"https:\/\/www.linkedin.com\/company\/carideal.com\",\"https:\/\/fr.pinterest.com\/schiavonsas\/\",\"https:\/\/www.youtube.com\/user\/caridealsas\"]},{\"@type\":\"Person\",\"@id\":\"https:\/\/www.carideal.com\/blog\/#\/schema\/person\/985c7e757d1042d647f21bfaf8d41ebc\",\"name\":\"N.S Carideal\",\"image\":{\"@type\":\"ImageObject\",\"inLanguage\":\"fr-FR\",\"@id\":\"https:\/\/www.carideal.com\/blog\/#\/schema\/person\/image\/\",\"url\":\"https:\/\/secure.gravatar.com\/avatar\/edb7ccdf1a4e3d14aef967760d354d0e?s=96&r=g\",\"contentUrl\":\"https:\/\/secure.gravatar.com\/avatar\/edb7ccdf1a4e3d14aef967760d354d0e?s=96&r=g\",\"caption\":\"N.S Carideal\"},\"description\":\"Depuis tout petit fan d'automobile. Il est question d'essayer et de comparer toutes ces voitures qui nous ont fait r\u00e9ver, avant que celles-ci ne devient uniquement des voitures de collection.\",\"sameAs\":[\"http:\/\/www.carideal.com\/blog\",\"https:\/\/www.facebook.com\/Carideal.mandataire.automobile\/\",\"https:\/\/www.linkedin.com\/in\/nschiavon\/\",\"https:\/\/www.youtube.com\/user\/caridealsas\/\"],\"url\":\"https:\/\/www.carideal.com\/blog\/author\/admin_carideal\/\"}]}<\/script>\n<!-- \/ Yoast SEO plugin. -->","yoast_head_json":{"title":"CITROEN NUMERO 9 - Blog auto Carid\u00e9al","robots":{"index":"index","follow":"follow","max-snippet":"max-snippet:-1","max-image-preview":"max-image-preview:large","max-video-preview":"max-video-preview:-1"},"canonical":"https:\/\/www.carideal.com\/blog\/2012\/06\/14\/citroen-numero-9\/","og_locale":"fr_FR","og_type":"article","og_title":"CITROEN NUMERO 9 - Blog auto Carid\u00e9al","og_description":"La num\u00e9ro 9 Le constructeur a vu les choses en grand.Pour d\u00e9montrer le \"luxe \u00e0 la fran\u00e7aise\" qui se montre de sa nouvelle conception, la marque au chevron a choisi de le photographier devant des monuments en compagnie d'un mannequin chinois.Mais planifier de telles prises de vues n'est pas chose simple et des paparazzis se ... Lire plus","og_url":"https:\/\/www.carideal.com\/blog\/2012\/06\/14\/citroen-numero-9\/","og_site_name":"Blog auto Carid\u00e9al","article_publisher":"https:\/\/www.facebook.com\/Carideal.mandataire.automobile","article_author":"https:\/\/www.facebook.com\/Carideal.mandataire.automobile\/","article_published_time":"2012-06-14T15:00:00+00:00","og_image":[{"width":300,"height":300,"url":"https:\/\/www.carideal.com\/blog\/wp-content\/uploads\/2016\/03\/logo-carideal-mandataire-automobile.png","type":"image\/png"}],"author":"N.S Carideal","twitter_card":"summary_large_image","twitter_creator":"@caridealauto","twitter_site":"@caridealauto","twitter_misc":{"\u00c9crit par":"N.S Carideal","Dur\u00e9e de lecture estim\u00e9e":"3 minutes"},"schema":{"@context":"https:\/\/schema.org","@graph":[{"@type":"Article","@id":"https:\/\/www.carideal.com\/blog\/2012\/06\/14\/citroen-numero-9\/#article","isPartOf":{"@id":"https:\/\/www.carideal.com\/blog\/2012\/06\/14\/citroen-numero-9\/"},"author":{"name":"N.S Carideal","@id":"https:\/\/www.carideal.com\/blog\/#\/schema\/person\/985c7e757d1042d647f21bfaf8d41ebc"},"headline":"CITROEN NUMERO 9","datePublished":"2012-06-14T15:00:00+00:00","mainEntityOfPage":{"@id":"https:\/\/www.carideal.com\/blog\/2012\/06\/14\/citroen-numero-9\/"},"wordCount":534,"commentCount":0,"publisher":{"@id":"https:\/\/www.carideal.com\/blog\/#organization"},"keywords":["Mercedes Classe E"],"articleSection":["March\u00e9 automobile"],"inLanguage":"fr-FR","potentialAction":[{"@type":"CommentAction","name":"Comment","target":["https:\/\/www.carideal.com\/blog\/2012\/06\/14\/citroen-numero-9\/#respond"]}]},{"@type":"WebPage","@id":"https:\/\/www.carideal.com\/blog\/2012\/06\/14\/citroen-numero-9\/","url":"https:\/\/www.carideal.com\/blog\/2012\/06\/14\/citroen-numero-9\/","name":"CITROEN NUMERO 9 - Blog auto Carid\u00e9al","isPartOf":{"@id":"https:\/\/www.carideal.com\/blog\/#website"},"datePublished":"2012-06-14T15:00:00+00:00","breadcrumb":{"@id":"https:\/\/www.carideal.com\/blog\/2012\/06\/14\/citroen-numero-9\/#breadcrumb"},"inLanguage":"fr-FR","potentialAction":[{"@type":"ReadAction","target":["https:\/\/www.carideal.com\/blog\/2012\/06\/14\/citroen-numero-9\/"]}]},{"@type":"BreadcrumbList","@id":"https:\/\/www.carideal.com\/blog\/2012\/06\/14\/citroen-numero-9\/#breadcrumb","itemListElement":[{"@type":"ListItem","position":1,"name":"Blog Carid\u00e9al","item":"https:\/\/www.carideal.com\/blog\/"},{"@type":"ListItem","position":2,"name":"March\u00e9 automobile","item":"https:\/\/www.carideal.com\/blog\/marche-automobile-voiture-neuve-occasion-4x4-suv\/"},{"@type":"ListItem","position":3,"name":"CITROEN NUMERO 9"}]},{"@type":"WebSite","@id":"https:\/\/www.carideal.com\/blog\/#website","url":"https:\/\/www.carideal.com\/blog\/","name":"Blog auto Carid\u00e9al","description":"Actualit\u00e9 auto par des passionn\u00e9s","publisher":{"@id":"https:\/\/www.carideal.com\/blog\/#organization"},"potentialAction":[{"@type":"SearchAction","target":{"@type":"EntryPoint","urlTemplate":"https:\/\/www.carideal.com\/blog\/?s={search_term_string}"},"query-input":{"@type":"PropertyValueSpecification","valueRequired":true,"valueName":"search_term_string"}}],"inLanguage":"fr-FR"},{"@type":"Organization","@id":"https:\/\/www.carideal.com\/blog\/#organization","name":"Carideal","url":"https:\/\/www.carideal.com\/blog\/","logo":{"@type":"ImageObject","inLanguage":"fr-FR","@id":"https:\/\/www.carideal.com\/blog\/#\/schema\/logo\/image\/","url":"http:\/\/www.carideal.com\/blog\/wp-content\/uploads\/2016\/03\/logo-carideal-mandataire-automobile.png","contentUrl":"http:\/\/www.carideal.com\/blog\/wp-content\/uploads\/2016\/03\/logo-carideal-mandataire-automobile.png","width":300,"height":300,"caption":"Carideal"},"image":{"@id":"https:\/\/www.carideal.com\/blog\/#\/schema\/logo\/image\/"},"sameAs":["https:\/\/www.facebook.com\/Carideal.mandataire.automobile","https:\/\/x.com\/caridealauto","https:\/\/www.instagram.com\/carideal1\/","https:\/\/www.linkedin.com\/company\/carideal.com","https:\/\/fr.pinterest.com\/schiavonsas\/","https:\/\/www.youtube.com\/user\/caridealsas"]},{"@type":"Person","@id":"https:\/\/www.carideal.com\/blog\/#\/schema\/person\/985c7e757d1042d647f21bfaf8d41ebc","name":"N.S Carideal","image":{"@type":"ImageObject","inLanguage":"fr-FR","@id":"https:\/\/www.carideal.com\/blog\/#\/schema\/person\/image\/","url":"https:\/\/secure.gravatar.com\/avatar\/edb7ccdf1a4e3d14aef967760d354d0e?s=96&r=g","contentUrl":"https:\/\/secure.gravatar.com\/avatar\/edb7ccdf1a4e3d14aef967760d354d0e?s=96&r=g","caption":"N.S Carideal"},"description":"Depuis tout petit fan d'automobile. Il est question d'essayer et de comparer toutes ces voitures qui nous ont fait r\u00e9ver, avant que celles-ci ne devient uniquement des voitures de collection.","sameAs":["http:\/\/www.carideal.com\/blog","https:\/\/www.facebook.com\/Carideal.mandataire.automobile\/","https:\/\/www.linkedin.com\/in\/nschiavon\/","https:\/\/www.youtube.com\/user\/caridealsas\/"],"url":"https:\/\/www.carideal.com\/blog\/author\/admin_carideal\/"}]}},"uagb_featured_image_src":{"full":false,"thumbnail":false,"medium":false,"medium_large":false,"large":false,"1536x1536":false,"2048x2048":false,"wppr-widget":false},"uagb_author_info":{"display_name":"N.S Carideal","author_link":"https:\/\/www.carideal.com\/blog\/author\/admin_carideal\/"},"uagb_comment_info":0,"uagb_excerpt":"La num\u00e9ro 9 Le constructeur a vu les choses en grand.Pour d\u00e9montrer le \"luxe \u00e0 la fran\u00e7aise\" qui se montre de sa nouvelle conception, la marque au chevron a choisi de le photographier devant des monuments en compagnie d'un mannequin chinois.Mais planifier de telles prises de vues n'est pas chose simple et des paparazzis se\u2026","_links":{"self":[{"href":"https:\/\/www.carideal.com\/blog\/wp-json\/wp\/v2\/posts\/1142"}],"collection":[{"href":"https:\/\/www.carideal.com\/blog\/wp-json\/wp\/v2\/posts"}],"about":[{"href":"https:\/\/www.carideal.com\/blog\/wp-json\/wp\/v2\/types\/post"}],"author":[{"embeddable":true,"href":"https:\/\/www.carideal.com\/blog\/wp-json\/wp\/v2\/users\/1"}],"replies":[{"embeddable":true,"href":"https:\/\/www.carideal.com\/blog\/wp-json\/wp\/v2\/comments?post=1142"}],"version-history":[{"count":0,"href":"https:\/\/www.carideal.com\/blog\/wp-json\/wp\/v2\/posts\/1142\/revisions"}],"wp:attachment":[{"href":"https:\/\/www.carideal.com\/blog\/wp-json\/wp\/v2\/media?parent=1142"}],"wp:term":[{"taxonomy":"category","embeddable":true,"href":"https:\/\/www.carideal.com\/blog\/wp-json\/wp\/v2\/categories?post=1142"},{"taxonomy":"post_tag","embeddable":true,"href":"https:\/\/www.carideal.com\/blog\/wp-json\/wp\/v2\/tags?post=1142"}],"curies":[{"name":"wp","href":"https:\/\/api.w.org\/{rel}","templated":true}]}}