{"id":1140,"date":"2012-06-13T13:20:00","date_gmt":"2012-06-13T13:20:00","guid":{"rendered":"http:\/\/carideal.com\/blog\/?p=1140"},"modified":"2018-10-14T14:33:21","modified_gmt":"2018-10-14T12:33:21","slug":"volkswagen-cross-coupe-tdi-plug-in-hybrid","status":"publish","type":"post","link":"https:\/\/www.carideal.com\/blog\/2012\/06\/13\/volkswagen-cross-coupe-tdi-plug-in-hybrid\/","title":{"rendered":"VOLKSWAGEN CROSS COUPE TDI PLUG IN HYBRID"},"content":{"rendered":"<p>&nbsp;<\/p>\n<h1>VOLKSWAGEN CROSS COUPE TDI PLUG IN HYBRID<\/h1>\n<p>PSA et <a href=\"http:\/\/www.carideal.com\/blog\/2017\/01\/12\/voiture-electrique-volvo-a-partir-de-2019\/\">Volvo<\/a> ont pris une longueur avance en mati\u00e8re de v\u00e9hicule de v\u00e9hicule hybride diesel.<a href=\"http:\/\/www.carideal.com\/blog\/marque-de-voiture-actualites-essais\/volkswagen\/\">Volkswagen<\/a> leur embo\u00eete le pas. le premier \u00e9tage de la fus\u00e9e (Jetta Hybride) est attendu courant 2012 et le constructeur \u00e9labore d\u00e9j\u00e0 ses autre mod\u00e8les avec un hybride rechargeable \u00e0 essence( sur la Golf et l'Audi A3 en 2014) que nous avions pu essayer sur la base d'une Golf.<\/p>\n<p>Ne manquais plus que l'hybride diesel pour boucler la boucle. C'est chose faite avec l'exposition du concept-car cross-coup\u00e9 TDI Plug In r\u00e9v\u00e9l\u00e9 une premi\u00e8re fois en d\u00e9cembre 2011 dans la version hybride \u00e0 essence.Volkswagen nous affirme ainsi, que gr\u00e2ce \u00e0 sa nouvelle plateforme modulaire MQB, il peut s'accorder diff\u00e9rentes solutions techniques.<\/p>\n<p>Le cross Coup\u00e9 combine l'in\u00e9dit diesel 2.0 TDI de 190 CV \u00e0 deux moteurs \u00e9lectriques \u00e9lectriques: 40kW \u00e0 l'avant et 85 kW \u00e0 l'arri\u00e8re. L'ensemble est jumel\u00e9 \u00e0 la nouvelle bo\u00eete \u00e0 doubler embrayage DSG-E \u00e0 six rapports,dont l'ouverture et la fermeture de l'embrayage permettent au moteur diesel de se d\u00e9saccoupler de la cha\u00eene de traction. De l'autre c\u00f4t\u00e9, la DSG est prise directe avec le moteur \u00e9lectrique. Malgr\u00e9 ses 1858 Kg, ce SUV de 306 CV annonce une consommation de 1.88L aux 100 km\/h pour 46g de CO2\/km, des chiffres privil\u00e9gi\u00e9s par les crit\u00e8res du cycle d'homologation.<\/p>\n","protected":false},"excerpt":{"rendered":"<p>&nbsp; VOLKSWAGEN CROSS COUPE TDI PLUG IN HYBRID PSA et Volvo ont pris une longueur avance en mati\u00e8re de v\u00e9hicule de v\u00e9hicule hybride diesel.Volkswagen leur embo\u00eete le pas. le premier \u00e9tage de la fus\u00e9e (Jetta Hybride) est attendu courant 2012 et le constructeur \u00e9labore d\u00e9j\u00e0 ses autre mod\u00e8les avec un hybride rechargeable \u00e0 essence( sur &#8230; <a title=\"VOLKSWAGEN CROSS COUPE TDI PLUG IN HYBRID\" class=\"read-more\" href=\"https:\/\/www.carideal.com\/blog\/2012\/06\/13\/volkswagen-cross-coupe-tdi-plug-in-hybrid\/\" aria-label=\"En savoir plus sur VOLKSWAGEN CROSS COUPE TDI PLUG IN HYBRID\">Lire plus<\/a><\/p>\n","protected":false},"author":1,"featured_media":17691,"comment_status":"open","ping_status":"open","sticky":false,"template":"","format":"standard","meta":{"_uag_custom_page_level_css":"","_themeisle_gutenberg_block_has_review":false,"footnotes":""},"categories":[5985,10,5080,6089],"tags":[1050],"class_list":["post-1140","post","type-post","status-publish","format-standard","has-post-thumbnail","hentry","category-volkswagen","category-marche-automobile-voiture-neuve-occasion-4x4-suv","category-technologie-2","category-hybride","tag-plug-in-hybrid"],"wppr_data":{"cwp_meta_box_check":"No"},"yoast_head":"<!-- This site is optimized with the Yoast SEO plugin v24.8.1 - https:\/\/yoast.com\/wordpress\/plugins\/seo\/ -->\n<title>VOLKSWAGEN CROSS COUPE TDI PLUG IN HYBRID - Blog auto Carid\u00e9al<\/title>\n<meta name=\"robots\" content=\"index, follow, max-snippet:-1, max-image-preview:large, max-video-preview:-1\" \/>\n<link rel=\"canonical\" href=\"https:\/\/www.carideal.com\/blog\/2012\/06\/13\/volkswagen-cross-coupe-tdi-plug-in-hybrid\/\" \/>\n<meta property=\"og:locale\" content=\"fr_FR\" \/>\n<meta property=\"og:type\" content=\"article\" \/>\n<meta property=\"og:title\" content=\"VOLKSWAGEN CROSS COUPE TDI PLUG IN HYBRID - Blog auto Carid\u00e9al\" \/>\n<meta property=\"og:description\" content=\"&nbsp; VOLKSWAGEN CROSS COUPE TDI PLUG IN HYBRID PSA et Volvo ont pris une longueur avance en mati\u00e8re de v\u00e9hicule de v\u00e9hicule hybride diesel.Volkswagen leur embo\u00eete le pas. le premier \u00e9tage de la fus\u00e9e (Jetta Hybride) est attendu courant 2012 et le constructeur \u00e9labore d\u00e9j\u00e0 ses autre mod\u00e8les avec un hybride rechargeable \u00e0 essence( sur ... Lire plus\" \/>\n<meta property=\"og:url\" content=\"https:\/\/www.carideal.com\/blog\/2012\/06\/13\/volkswagen-cross-coupe-tdi-plug-in-hybrid\/\" \/>\n<meta property=\"og:site_name\" content=\"Blog auto Carid\u00e9al\" \/>\n<meta property=\"article:publisher\" content=\"https:\/\/www.facebook.com\/Carideal.mandataire.automobile\" \/>\n<meta property=\"article:author\" content=\"https:\/\/www.facebook.com\/Carideal.mandataire.automobile\/\" \/>\n<meta property=\"article:published_time\" content=\"2012-06-13T13:20:00+00:00\" \/>\n<meta property=\"article:modified_time\" content=\"2018-10-14T12:33:21+00:00\" \/>\n<meta property=\"og:image\" content=\"https:\/\/www.carideal.com\/blog\/wp-content\/uploads\/2012\/06\/volkswagen-cross-coupe-carideal_m.jpg\" \/>\n\t<meta property=\"og:image:width\" content=\"448\" \/>\n\t<meta property=\"og:image:height\" content=\"280\" \/>\n\t<meta property=\"og:image:type\" content=\"image\/jpeg\" \/>\n<meta name=\"author\" content=\"N.S Carideal\" \/>\n<meta name=\"twitter:card\" content=\"summary_large_image\" \/>\n<meta name=\"twitter:creator\" content=\"@caridealauto\" \/>\n<meta name=\"twitter:site\" content=\"@caridealauto\" \/>\n<meta name=\"twitter:label1\" content=\"\u00c9crit par\" \/>\n\t<meta name=\"twitter:data1\" content=\"N.S Carideal\" \/>\n\t<meta name=\"twitter:label2\" content=\"Dur\u00e9e de lecture estim\u00e9e\" \/>\n\t<meta name=\"twitter:data2\" content=\"1 minute\" \/>\n<script type=\"application\/ld+json\" class=\"yoast-schema-graph\">{\"@context\":\"https:\/\/schema.org\",\"@graph\":[{\"@type\":\"Article\",\"@id\":\"https:\/\/www.carideal.com\/blog\/2012\/06\/13\/volkswagen-cross-coupe-tdi-plug-in-hybrid\/#article\",\"isPartOf\":{\"@id\":\"https:\/\/www.carideal.com\/blog\/2012\/06\/13\/volkswagen-cross-coupe-tdi-plug-in-hybrid\/\"},\"author\":{\"name\":\"N.S Carideal\",\"@id\":\"https:\/\/www.carideal.com\/blog\/#\/schema\/person\/985c7e757d1042d647f21bfaf8d41ebc\"},\"headline\":\"VOLKSWAGEN CROSS COUPE TDI PLUG IN HYBRID\",\"datePublished\":\"2012-06-13T13:20:00+00:00\",\"dateModified\":\"2018-10-14T12:33:21+00:00\",\"mainEntityOfPage\":{\"@id\":\"https:\/\/www.carideal.com\/blog\/2012\/06\/13\/volkswagen-cross-coupe-tdi-plug-in-hybrid\/\"},\"wordCount\":237,\"commentCount\":0,\"publisher\":{\"@id\":\"https:\/\/www.carideal.com\/blog\/#organization\"},\"image\":{\"@id\":\"https:\/\/www.carideal.com\/blog\/2012\/06\/13\/volkswagen-cross-coupe-tdi-plug-in-hybrid\/#primaryimage\"},\"thumbnailUrl\":\"https:\/\/www.carideal.com\/blog\/wp-content\/uploads\/2012\/06\/volkswagen-cross-coupe-carideal_m.jpg\",\"keywords\":[\"Plug IN Hybrid\"],\"articleSection\":[\"Actualit\u00e9 Volkswagen\",\"March\u00e9 automobile\",\"Technologie Automobile\",\"Voiture Hybride\"],\"inLanguage\":\"fr-FR\",\"potentialAction\":[{\"@type\":\"CommentAction\",\"name\":\"Comment\",\"target\":[\"https:\/\/www.carideal.com\/blog\/2012\/06\/13\/volkswagen-cross-coupe-tdi-plug-in-hybrid\/#respond\"]}]},{\"@type\":\"WebPage\",\"@id\":\"https:\/\/www.carideal.com\/blog\/2012\/06\/13\/volkswagen-cross-coupe-tdi-plug-in-hybrid\/\",\"url\":\"https:\/\/www.carideal.com\/blog\/2012\/06\/13\/volkswagen-cross-coupe-tdi-plug-in-hybrid\/\",\"name\":\"VOLKSWAGEN CROSS COUPE TDI PLUG IN HYBRID - Blog auto Carid\u00e9al\",\"isPartOf\":{\"@id\":\"https:\/\/www.carideal.com\/blog\/#website\"},\"primaryImageOfPage\":{\"@id\":\"https:\/\/www.carideal.com\/blog\/2012\/06\/13\/volkswagen-cross-coupe-tdi-plug-in-hybrid\/#primaryimage\"},\"image\":{\"@id\":\"https:\/\/www.carideal.com\/blog\/2012\/06\/13\/volkswagen-cross-coupe-tdi-plug-in-hybrid\/#primaryimage\"},\"thumbnailUrl\":\"https:\/\/www.carideal.com\/blog\/wp-content\/uploads\/2012\/06\/volkswagen-cross-coupe-carideal_m.jpg\",\"datePublished\":\"2012-06-13T13:20:00+00:00\",\"dateModified\":\"2018-10-14T12:33:21+00:00\",\"breadcrumb\":{\"@id\":\"https:\/\/www.carideal.com\/blog\/2012\/06\/13\/volkswagen-cross-coupe-tdi-plug-in-hybrid\/#breadcrumb\"},\"inLanguage\":\"fr-FR\",\"potentialAction\":[{\"@type\":\"ReadAction\",\"target\":[\"https:\/\/www.carideal.com\/blog\/2012\/06\/13\/volkswagen-cross-coupe-tdi-plug-in-hybrid\/\"]}]},{\"@type\":\"ImageObject\",\"inLanguage\":\"fr-FR\",\"@id\":\"https:\/\/www.carideal.com\/blog\/2012\/06\/13\/volkswagen-cross-coupe-tdi-plug-in-hybrid\/#primaryimage\",\"url\":\"https:\/\/www.carideal.com\/blog\/wp-content\/uploads\/2012\/06\/volkswagen-cross-coupe-carideal_m.jpg\",\"contentUrl\":\"https:\/\/www.carideal.com\/blog\/wp-content\/uploads\/2012\/06\/volkswagen-cross-coupe-carideal_m.jpg\",\"width\":448,\"height\":280,\"caption\":\"VOLKSWAGEN CROSS COUPE TDI PLUG IN HYBRID\"},{\"@type\":\"BreadcrumbList\",\"@id\":\"https:\/\/www.carideal.com\/blog\/2012\/06\/13\/volkswagen-cross-coupe-tdi-plug-in-hybrid\/#breadcrumb\",\"itemListElement\":[{\"@type\":\"ListItem\",\"position\":1,\"name\":\"Blog Carid\u00e9al\",\"item\":\"https:\/\/www.carideal.com\/blog\/\"},{\"@type\":\"ListItem\",\"position\":2,\"name\":\"Actualit\u00e9 constructeur automobile\",\"item\":\"https:\/\/www.carideal.com\/blog\/constructeur\/\"},{\"@type\":\"ListItem\",\"position\":3,\"name\":\"Actualit\u00e9 Volkswagen\",\"item\":\"https:\/\/www.carideal.com\/blog\/constructeur\/volkswagen\/\"},{\"@type\":\"ListItem\",\"position\":4,\"name\":\"VOLKSWAGEN CROSS COUPE TDI PLUG IN HYBRID\"}]},{\"@type\":\"WebSite\",\"@id\":\"https:\/\/www.carideal.com\/blog\/#website\",\"url\":\"https:\/\/www.carideal.com\/blog\/\",\"name\":\"Blog auto Carid\u00e9al\",\"description\":\"Actualit\u00e9 auto par des passionn\u00e9s\",\"publisher\":{\"@id\":\"https:\/\/www.carideal.com\/blog\/#organization\"},\"potentialAction\":[{\"@type\":\"SearchAction\",\"target\":{\"@type\":\"EntryPoint\",\"urlTemplate\":\"https:\/\/www.carideal.com\/blog\/?s={search_term_string}\"},\"query-input\":{\"@type\":\"PropertyValueSpecification\",\"valueRequired\":true,\"valueName\":\"search_term_string\"}}],\"inLanguage\":\"fr-FR\"},{\"@type\":\"Organization\",\"@id\":\"https:\/\/www.carideal.com\/blog\/#organization\",\"name\":\"Carideal\",\"url\":\"https:\/\/www.carideal.com\/blog\/\",\"logo\":{\"@type\":\"ImageObject\",\"inLanguage\":\"fr-FR\",\"@id\":\"https:\/\/www.carideal.com\/blog\/#\/schema\/logo\/image\/\",\"url\":\"http:\/\/www.carideal.com\/blog\/wp-content\/uploads\/2016\/03\/logo-carideal-mandataire-automobile.png\",\"contentUrl\":\"http:\/\/www.carideal.com\/blog\/wp-content\/uploads\/2016\/03\/logo-carideal-mandataire-automobile.png\",\"width\":300,\"height\":300,\"caption\":\"Carideal\"},\"image\":{\"@id\":\"https:\/\/www.carideal.com\/blog\/#\/schema\/logo\/image\/\"},\"sameAs\":[\"https:\/\/www.facebook.com\/Carideal.mandataire.automobile\",\"https:\/\/x.com\/caridealauto\",\"https:\/\/www.instagram.com\/carideal1\/\",\"https:\/\/www.linkedin.com\/company\/carideal.com\",\"https:\/\/fr.pinterest.com\/schiavonsas\/\",\"https:\/\/www.youtube.com\/user\/caridealsas\"]},{\"@type\":\"Person\",\"@id\":\"https:\/\/www.carideal.com\/blog\/#\/schema\/person\/985c7e757d1042d647f21bfaf8d41ebc\",\"name\":\"N.S Carideal\",\"image\":{\"@type\":\"ImageObject\",\"inLanguage\":\"fr-FR\",\"@id\":\"https:\/\/www.carideal.com\/blog\/#\/schema\/person\/image\/\",\"url\":\"https:\/\/secure.gravatar.com\/avatar\/edb7ccdf1a4e3d14aef967760d354d0e?s=96&r=g\",\"contentUrl\":\"https:\/\/secure.gravatar.com\/avatar\/edb7ccdf1a4e3d14aef967760d354d0e?s=96&r=g\",\"caption\":\"N.S Carideal\"},\"description\":\"Depuis tout petit fan d'automobile. Il est question d'essayer et de comparer toutes ces voitures qui nous ont fait r\u00e9ver, avant que celles-ci ne devient uniquement des voitures de collection.\",\"sameAs\":[\"http:\/\/www.carideal.com\/blog\",\"https:\/\/www.facebook.com\/Carideal.mandataire.automobile\/\",\"https:\/\/www.linkedin.com\/in\/nschiavon\/\",\"https:\/\/www.youtube.com\/user\/caridealsas\/\"],\"url\":\"https:\/\/www.carideal.com\/blog\/author\/admin_carideal\/\"}]}<\/script>\n<!-- \/ Yoast SEO plugin. -->","yoast_head_json":{"title":"VOLKSWAGEN CROSS COUPE TDI PLUG IN HYBRID - Blog auto Carid\u00e9al","robots":{"index":"index","follow":"follow","max-snippet":"max-snippet:-1","max-image-preview":"max-image-preview:large","max-video-preview":"max-video-preview:-1"},"canonical":"https:\/\/www.carideal.com\/blog\/2012\/06\/13\/volkswagen-cross-coupe-tdi-plug-in-hybrid\/","og_locale":"fr_FR","og_type":"article","og_title":"VOLKSWAGEN CROSS COUPE TDI PLUG IN HYBRID - Blog auto Carid\u00e9al","og_description":"&nbsp; VOLKSWAGEN CROSS COUPE TDI PLUG IN HYBRID PSA et Volvo ont pris une longueur avance en mati\u00e8re de v\u00e9hicule de v\u00e9hicule hybride diesel.Volkswagen leur embo\u00eete le pas. le premier \u00e9tage de la fus\u00e9e (Jetta Hybride) est attendu courant 2012 et le constructeur \u00e9labore d\u00e9j\u00e0 ses autre mod\u00e8les avec un hybride rechargeable \u00e0 essence( sur ... Lire plus","og_url":"https:\/\/www.carideal.com\/blog\/2012\/06\/13\/volkswagen-cross-coupe-tdi-plug-in-hybrid\/","og_site_name":"Blog auto Carid\u00e9al","article_publisher":"https:\/\/www.facebook.com\/Carideal.mandataire.automobile","article_author":"https:\/\/www.facebook.com\/Carideal.mandataire.automobile\/","article_published_time":"2012-06-13T13:20:00+00:00","article_modified_time":"2018-10-14T12:33:21+00:00","og_image":[{"width":448,"height":280,"url":"https:\/\/www.carideal.com\/blog\/wp-content\/uploads\/2012\/06\/volkswagen-cross-coupe-carideal_m.jpg","type":"image\/jpeg"}],"author":"N.S Carideal","twitter_card":"summary_large_image","twitter_creator":"@caridealauto","twitter_site":"@caridealauto","twitter_misc":{"\u00c9crit par":"N.S Carideal","Dur\u00e9e de lecture estim\u00e9e":"1 minute"},"schema":{"@context":"https:\/\/schema.org","@graph":[{"@type":"Article","@id":"https:\/\/www.carideal.com\/blog\/2012\/06\/13\/volkswagen-cross-coupe-tdi-plug-in-hybrid\/#article","isPartOf":{"@id":"https:\/\/www.carideal.com\/blog\/2012\/06\/13\/volkswagen-cross-coupe-tdi-plug-in-hybrid\/"},"author":{"name":"N.S Carideal","@id":"https:\/\/www.carideal.com\/blog\/#\/schema\/person\/985c7e757d1042d647f21bfaf8d41ebc"},"headline":"VOLKSWAGEN CROSS COUPE TDI PLUG IN HYBRID","datePublished":"2012-06-13T13:20:00+00:00","dateModified":"2018-10-14T12:33:21+00:00","mainEntityOfPage":{"@id":"https:\/\/www.carideal.com\/blog\/2012\/06\/13\/volkswagen-cross-coupe-tdi-plug-in-hybrid\/"},"wordCount":237,"commentCount":0,"publisher":{"@id":"https:\/\/www.carideal.com\/blog\/#organization"},"image":{"@id":"https:\/\/www.carideal.com\/blog\/2012\/06\/13\/volkswagen-cross-coupe-tdi-plug-in-hybrid\/#primaryimage"},"thumbnailUrl":"https:\/\/www.carideal.com\/blog\/wp-content\/uploads\/2012\/06\/volkswagen-cross-coupe-carideal_m.jpg","keywords":["Plug IN Hybrid"],"articleSection":["Actualit\u00e9 Volkswagen","March\u00e9 automobile","Technologie Automobile","Voiture Hybride"],"inLanguage":"fr-FR","potentialAction":[{"@type":"CommentAction","name":"Comment","target":["https:\/\/www.carideal.com\/blog\/2012\/06\/13\/volkswagen-cross-coupe-tdi-plug-in-hybrid\/#respond"]}]},{"@type":"WebPage","@id":"https:\/\/www.carideal.com\/blog\/2012\/06\/13\/volkswagen-cross-coupe-tdi-plug-in-hybrid\/","url":"https:\/\/www.carideal.com\/blog\/2012\/06\/13\/volkswagen-cross-coupe-tdi-plug-in-hybrid\/","name":"VOLKSWAGEN CROSS COUPE TDI PLUG IN HYBRID - Blog auto Carid\u00e9al","isPartOf":{"@id":"https:\/\/www.carideal.com\/blog\/#website"},"primaryImageOfPage":{"@id":"https:\/\/www.carideal.com\/blog\/2012\/06\/13\/volkswagen-cross-coupe-tdi-plug-in-hybrid\/#primaryimage"},"image":{"@id":"https:\/\/www.carideal.com\/blog\/2012\/06\/13\/volkswagen-cross-coupe-tdi-plug-in-hybrid\/#primaryimage"},"thumbnailUrl":"https:\/\/www.carideal.com\/blog\/wp-content\/uploads\/2012\/06\/volkswagen-cross-coupe-carideal_m.jpg","datePublished":"2012-06-13T13:20:00+00:00","dateModified":"2018-10-14T12:33:21+00:00","breadcrumb":{"@id":"https:\/\/www.carideal.com\/blog\/2012\/06\/13\/volkswagen-cross-coupe-tdi-plug-in-hybrid\/#breadcrumb"},"inLanguage":"fr-FR","potentialAction":[{"@type":"ReadAction","target":["https:\/\/www.carideal.com\/blog\/2012\/06\/13\/volkswagen-cross-coupe-tdi-plug-in-hybrid\/"]}]},{"@type":"ImageObject","inLanguage":"fr-FR","@id":"https:\/\/www.carideal.com\/blog\/2012\/06\/13\/volkswagen-cross-coupe-tdi-plug-in-hybrid\/#primaryimage","url":"https:\/\/www.carideal.com\/blog\/wp-content\/uploads\/2012\/06\/volkswagen-cross-coupe-carideal_m.jpg","contentUrl":"https:\/\/www.carideal.com\/blog\/wp-content\/uploads\/2012\/06\/volkswagen-cross-coupe-carideal_m.jpg","width":448,"height":280,"caption":"VOLKSWAGEN CROSS COUPE TDI PLUG IN HYBRID"},{"@type":"BreadcrumbList","@id":"https:\/\/www.carideal.com\/blog\/2012\/06\/13\/volkswagen-cross-coupe-tdi-plug-in-hybrid\/#breadcrumb","itemListElement":[{"@type":"ListItem","position":1,"name":"Blog Carid\u00e9al","item":"https:\/\/www.carideal.com\/blog\/"},{"@type":"ListItem","position":2,"name":"Actualit\u00e9 constructeur automobile","item":"https:\/\/www.carideal.com\/blog\/constructeur\/"},{"@type":"ListItem","position":3,"name":"Actualit\u00e9 Volkswagen","item":"https:\/\/www.carideal.com\/blog\/constructeur\/volkswagen\/"},{"@type":"ListItem","position":4,"name":"VOLKSWAGEN CROSS COUPE TDI PLUG IN HYBRID"}]},{"@type":"WebSite","@id":"https:\/\/www.carideal.com\/blog\/#website","url":"https:\/\/www.carideal.com\/blog\/","name":"Blog auto Carid\u00e9al","description":"Actualit\u00e9 auto par des passionn\u00e9s","publisher":{"@id":"https:\/\/www.carideal.com\/blog\/#organization"},"potentialAction":[{"@type":"SearchAction","target":{"@type":"EntryPoint","urlTemplate":"https:\/\/www.carideal.com\/blog\/?s={search_term_string}"},"query-input":{"@type":"PropertyValueSpecification","valueRequired":true,"valueName":"search_term_string"}}],"inLanguage":"fr-FR"},{"@type":"Organization","@id":"https:\/\/www.carideal.com\/blog\/#organization","name":"Carideal","url":"https:\/\/www.carideal.com\/blog\/","logo":{"@type":"ImageObject","inLanguage":"fr-FR","@id":"https:\/\/www.carideal.com\/blog\/#\/schema\/logo\/image\/","url":"http:\/\/www.carideal.com\/blog\/wp-content\/uploads\/2016\/03\/logo-carideal-mandataire-automobile.png","contentUrl":"http:\/\/www.carideal.com\/blog\/wp-content\/uploads\/2016\/03\/logo-carideal-mandataire-automobile.png","width":300,"height":300,"caption":"Carideal"},"image":{"@id":"https:\/\/www.carideal.com\/blog\/#\/schema\/logo\/image\/"},"sameAs":["https:\/\/www.facebook.com\/Carideal.mandataire.automobile","https:\/\/x.com\/caridealauto","https:\/\/www.instagram.com\/carideal1\/","https:\/\/www.linkedin.com\/company\/carideal.com","https:\/\/fr.pinterest.com\/schiavonsas\/","https:\/\/www.youtube.com\/user\/caridealsas"]},{"@type":"Person","@id":"https:\/\/www.carideal.com\/blog\/#\/schema\/person\/985c7e757d1042d647f21bfaf8d41ebc","name":"N.S Carideal","image":{"@type":"ImageObject","inLanguage":"fr-FR","@id":"https:\/\/www.carideal.com\/blog\/#\/schema\/person\/image\/","url":"https:\/\/secure.gravatar.com\/avatar\/edb7ccdf1a4e3d14aef967760d354d0e?s=96&r=g","contentUrl":"https:\/\/secure.gravatar.com\/avatar\/edb7ccdf1a4e3d14aef967760d354d0e?s=96&r=g","caption":"N.S Carideal"},"description":"Depuis tout petit fan d'automobile. Il est question d'essayer et de comparer toutes ces voitures qui nous ont fait r\u00e9ver, avant que celles-ci ne devient uniquement des voitures de collection.","sameAs":["http:\/\/www.carideal.com\/blog","https:\/\/www.facebook.com\/Carideal.mandataire.automobile\/","https:\/\/www.linkedin.com\/in\/nschiavon\/","https:\/\/www.youtube.com\/user\/caridealsas\/"],"url":"https:\/\/www.carideal.com\/blog\/author\/admin_carideal\/"}]}},"uagb_featured_image_src":{"full":["https:\/\/www.carideal.com\/blog\/wp-content\/uploads\/2012\/06\/volkswagen-cross-coupe-carideal_m.jpg",448,280,false],"thumbnail":["https:\/\/www.carideal.com\/blog\/wp-content\/uploads\/2012\/06\/volkswagen-cross-coupe-carideal_m-150x150.jpg",150,150,true],"medium":["https:\/\/www.carideal.com\/blog\/wp-content\/uploads\/2012\/06\/volkswagen-cross-coupe-carideal_m-300x188.jpg",300,188,true],"medium_large":["https:\/\/www.carideal.com\/blog\/wp-content\/uploads\/2012\/06\/volkswagen-cross-coupe-carideal_m.jpg",448,280,false],"large":["https:\/\/www.carideal.com\/blog\/wp-content\/uploads\/2012\/06\/volkswagen-cross-coupe-carideal_m.jpg",448,280,false],"1536x1536":["https:\/\/www.carideal.com\/blog\/wp-content\/uploads\/2012\/06\/volkswagen-cross-coupe-carideal_m.jpg",448,280,false],"2048x2048":["https:\/\/www.carideal.com\/blog\/wp-content\/uploads\/2012\/06\/volkswagen-cross-coupe-carideal_m.jpg",448,280,false],"wppr-widget":["https:\/\/www.carideal.com\/blog\/wp-content\/uploads\/2012\/06\/volkswagen-cross-coupe-carideal_m-50x31.jpg",50,31,true]},"uagb_author_info":{"display_name":"N.S Carideal","author_link":"https:\/\/www.carideal.com\/blog\/author\/admin_carideal\/"},"uagb_comment_info":0,"uagb_excerpt":"&nbsp; VOLKSWAGEN CROSS COUPE TDI PLUG IN HYBRID PSA et Volvo ont pris une longueur avance en mati\u00e8re de v\u00e9hicule de v\u00e9hicule hybride diesel.Volkswagen leur embo\u00eete le pas. le premier \u00e9tage de la fus\u00e9e (Jetta Hybride) est attendu courant 2012 et le constructeur \u00e9labore d\u00e9j\u00e0 ses autre mod\u00e8les avec un hybride rechargeable \u00e0 essence( sur\u2026","_links":{"self":[{"href":"https:\/\/www.carideal.com\/blog\/wp-json\/wp\/v2\/posts\/1140"}],"collection":[{"href":"https:\/\/www.carideal.com\/blog\/wp-json\/wp\/v2\/posts"}],"about":[{"href":"https:\/\/www.carideal.com\/blog\/wp-json\/wp\/v2\/types\/post"}],"author":[{"embeddable":true,"href":"https:\/\/www.carideal.com\/blog\/wp-json\/wp\/v2\/users\/1"}],"replies":[{"embeddable":true,"href":"https:\/\/www.carideal.com\/blog\/wp-json\/wp\/v2\/comments?post=1140"}],"version-history":[{"count":0,"href":"https:\/\/www.carideal.com\/blog\/wp-json\/wp\/v2\/posts\/1140\/revisions"}],"wp:featuredmedia":[{"embeddable":true,"href":"https:\/\/www.carideal.com\/blog\/wp-json\/wp\/v2\/media\/17691"}],"wp:attachment":[{"href":"https:\/\/www.carideal.com\/blog\/wp-json\/wp\/v2\/media?parent=1140"}],"wp:term":[{"taxonomy":"category","embeddable":true,"href":"https:\/\/www.carideal.com\/blog\/wp-json\/wp\/v2\/categories?post=1140"},{"taxonomy":"post_tag","embeddable":true,"href":"https:\/\/www.carideal.com\/blog\/wp-json\/wp\/v2\/tags?post=1140"}],"curies":[{"name":"wp","href":"https:\/\/api.w.org\/{rel}","templated":true}]}}