{"id":1139,"date":"2012-06-13T10:04:00","date_gmt":"2012-06-13T10:04:00","guid":{"rendered":"http:\/\/carideal.com\/blog\/?p=1139"},"modified":"2012-06-13T10:04:00","modified_gmt":"2012-06-13T10:04:00","slug":"mitsubishi-outlander-hybride-plug-in","status":"publish","type":"post","link":"https:\/\/www.carideal.com\/blog\/2012\/06\/13\/mitsubishi-outlander-hybride-plug-in\/","title":{"rendered":"MITSUBISHI OUTLANDER HYBRIDE PLUG IN"},"content":{"rendered":"<p><img decoding=\"async\" src=\"\/blog\/public\/.Mitsubishi-Outlander-hybride-carideal_m.jpg\" alt=\"Mitsubishi-Outlander-hybride-carideal.jpg\" title=\"Mitsubishi-Outlander-hybride-carideal.jpg, juin 2012\" \/><\/p>\n<blockquote>\n<p><a href=\"\/blog\/index.php?tag\/L%20hybride\">L'hybride<\/a> de Mitsubishi pour 2013.<\/p>\n<\/blockquote>\n<p>Le Outlander utilise deux moteurs \u00e9lectriques r\u00e9partis sur les trains roulants et un moteur thermique \u00e0 essence combin\u00e9 \u00e0 un train \u00e9picyclo\u00efdal.<br \/>\nComme le <a href=\"\/blog\/index.php?tag\/Peugeot%203008%20Hybride4\">Peugeot 3008 Hybride4<\/a>,le Mitsubishi poss\u00e8de une transmission int\u00e9grale qui qui est g\u00e9r\u00e9e \u00e9lectroniquement par le syst\u00e8me antipatinage S-AWC qui disperse le couple sur les essieux. Ainsi, il rassemble plusieurs types d'hybridations en fonction des trois modes de fonctionnement.<br \/>\nLe mode \u00e9lectrique permet de faire 50 km.De s\u00e9rie le v\u00e9hicule est anim\u00e9 par le moteur thermique qui lui recharge la batterie. En parall\u00e8le le moteur thermique vient au secour des moteurs \u00e9lectriques et entra\u00eene le train avant. L'<a href=\"\/blog\/index.php?tag\/Outlander%20Hybride%20Plug%20in\">Outlander Hybride Plug in<\/a> peut s'apparenter \u00e0 un v\u00e9hicule \u00e9lectrique avec prolongateur d'autonomie, sauf que le moteur thermique ne sert pas qu'\u00e0 recharger la batterie. Il peut aussi de temps en temps venir en renfort des moteurs \u00e9lectriques. Cette technologie sera ensuite install\u00e9e sur d'autre mod\u00e8les selon Mitsubishi.<\/p>\n","protected":false},"excerpt":{"rendered":"<p>L&rsquo;hybride de Mitsubishi pour 2013. Le Outlander utilise deux moteurs \u00e9lectriques r\u00e9partis sur les trains roulants et un moteur thermique \u00e0 essence combin\u00e9 \u00e0 un train \u00e9picyclo\u00efdal. Comme le Peugeot 3008 Hybride4,le Mitsubishi poss\u00e8de une transmission int\u00e9grale qui qui est g\u00e9r\u00e9e \u00e9lectroniquement par le syst\u00e8me antipatinage S-AWC qui disperse le couple sur les essieux. Ainsi, &#8230; <a title=\"MITSUBISHI OUTLANDER HYBRIDE PLUG IN\" class=\"read-more\" href=\"https:\/\/www.carideal.com\/blog\/2012\/06\/13\/mitsubishi-outlander-hybride-plug-in\/\" aria-label=\"En savoir plus sur MITSUBISHI OUTLANDER HYBRIDE PLUG IN\">Lire plus<\/a><\/p>\n","protected":false},"author":1,"featured_media":0,"comment_status":"open","ping_status":"open","sticky":false,"template":"","format":"standard","meta":{"_uag_custom_page_level_css":"","_themeisle_gutenberg_block_has_review":false,"footnotes":""},"categories":[10],"tags":[],"class_list":["post-1139","post","type-post","status-publish","format-standard","hentry","category-marche-automobile-voiture-neuve-occasion-4x4-suv"],"wppr_data":[],"yoast_head":"<!-- This site is optimized with the Yoast SEO plugin v24.8.1 - https:\/\/yoast.com\/wordpress\/plugins\/seo\/ -->\n<title>MITSUBISHI OUTLANDER HYBRIDE PLUG IN - Blog auto Carid\u00e9al<\/title>\n<meta name=\"robots\" content=\"index, follow, max-snippet:-1, max-image-preview:large, max-video-preview:-1\" \/>\n<link rel=\"canonical\" href=\"https:\/\/www.carideal.com\/blog\/2012\/06\/13\/mitsubishi-outlander-hybride-plug-in\/\" \/>\n<meta property=\"og:locale\" content=\"fr_FR\" \/>\n<meta property=\"og:type\" content=\"article\" \/>\n<meta property=\"og:title\" content=\"MITSUBISHI OUTLANDER HYBRIDE PLUG IN - Blog auto Carid\u00e9al\" \/>\n<meta property=\"og:description\" content=\"L&#039;hybride de Mitsubishi pour 2013. Le Outlander utilise deux moteurs \u00e9lectriques r\u00e9partis sur les trains roulants et un moteur thermique \u00e0 essence combin\u00e9 \u00e0 un train \u00e9picyclo\u00efdal. Comme le Peugeot 3008 Hybride4,le Mitsubishi poss\u00e8de une transmission int\u00e9grale qui qui est g\u00e9r\u00e9e \u00e9lectroniquement par le syst\u00e8me antipatinage S-AWC qui disperse le couple sur les essieux. Ainsi, ... Lire plus\" \/>\n<meta property=\"og:url\" content=\"https:\/\/www.carideal.com\/blog\/2012\/06\/13\/mitsubishi-outlander-hybride-plug-in\/\" \/>\n<meta property=\"og:site_name\" content=\"Blog auto Carid\u00e9al\" \/>\n<meta property=\"article:publisher\" content=\"https:\/\/www.facebook.com\/Carideal.mandataire.automobile\" \/>\n<meta property=\"article:author\" content=\"https:\/\/www.facebook.com\/Carideal.mandataire.automobile\/\" \/>\n<meta property=\"article:published_time\" content=\"2012-06-13T10:04:00+00:00\" \/>\n<meta property=\"og:image\" content=\"https:\/\/www.carideal.com\/blog\/wp-content\/uploads\/2016\/03\/logo-carideal-mandataire-automobile.png\" \/>\n\t<meta property=\"og:image:width\" content=\"300\" \/>\n\t<meta property=\"og:image:height\" content=\"300\" \/>\n\t<meta property=\"og:image:type\" content=\"image\/png\" \/>\n<meta name=\"author\" content=\"N.S Carideal\" \/>\n<meta name=\"twitter:card\" content=\"summary_large_image\" \/>\n<meta name=\"twitter:creator\" content=\"@caridealauto\" \/>\n<meta name=\"twitter:site\" content=\"@caridealauto\" \/>\n<meta name=\"twitter:label1\" content=\"\u00c9crit par\" \/>\n\t<meta name=\"twitter:data1\" content=\"N.S Carideal\" \/>\n\t<meta name=\"twitter:label2\" content=\"Dur\u00e9e de lecture estim\u00e9e\" \/>\n\t<meta name=\"twitter:data2\" content=\"1 minute\" \/>\n<script type=\"application\/ld+json\" class=\"yoast-schema-graph\">{\"@context\":\"https:\/\/schema.org\",\"@graph\":[{\"@type\":\"Article\",\"@id\":\"https:\/\/www.carideal.com\/blog\/2012\/06\/13\/mitsubishi-outlander-hybride-plug-in\/#article\",\"isPartOf\":{\"@id\":\"https:\/\/www.carideal.com\/blog\/2012\/06\/13\/mitsubishi-outlander-hybride-plug-in\/\"},\"author\":{\"name\":\"N.S Carideal\",\"@id\":\"https:\/\/www.carideal.com\/blog\/#\/schema\/person\/985c7e757d1042d647f21bfaf8d41ebc\"},\"headline\":\"MITSUBISHI OUTLANDER HYBRIDE PLUG IN\",\"datePublished\":\"2012-06-13T10:04:00+00:00\",\"mainEntityOfPage\":{\"@id\":\"https:\/\/www.carideal.com\/blog\/2012\/06\/13\/mitsubishi-outlander-hybride-plug-in\/\"},\"wordCount\":168,\"commentCount\":0,\"publisher\":{\"@id\":\"https:\/\/www.carideal.com\/blog\/#organization\"},\"articleSection\":[\"March\u00e9 automobile\"],\"inLanguage\":\"fr-FR\",\"potentialAction\":[{\"@type\":\"CommentAction\",\"name\":\"Comment\",\"target\":[\"https:\/\/www.carideal.com\/blog\/2012\/06\/13\/mitsubishi-outlander-hybride-plug-in\/#respond\"]}]},{\"@type\":\"WebPage\",\"@id\":\"https:\/\/www.carideal.com\/blog\/2012\/06\/13\/mitsubishi-outlander-hybride-plug-in\/\",\"url\":\"https:\/\/www.carideal.com\/blog\/2012\/06\/13\/mitsubishi-outlander-hybride-plug-in\/\",\"name\":\"MITSUBISHI OUTLANDER HYBRIDE PLUG IN - Blog auto Carid\u00e9al\",\"isPartOf\":{\"@id\":\"https:\/\/www.carideal.com\/blog\/#website\"},\"datePublished\":\"2012-06-13T10:04:00+00:00\",\"breadcrumb\":{\"@id\":\"https:\/\/www.carideal.com\/blog\/2012\/06\/13\/mitsubishi-outlander-hybride-plug-in\/#breadcrumb\"},\"inLanguage\":\"fr-FR\",\"potentialAction\":[{\"@type\":\"ReadAction\",\"target\":[\"https:\/\/www.carideal.com\/blog\/2012\/06\/13\/mitsubishi-outlander-hybride-plug-in\/\"]}]},{\"@type\":\"BreadcrumbList\",\"@id\":\"https:\/\/www.carideal.com\/blog\/2012\/06\/13\/mitsubishi-outlander-hybride-plug-in\/#breadcrumb\",\"itemListElement\":[{\"@type\":\"ListItem\",\"position\":1,\"name\":\"Blog Carid\u00e9al\",\"item\":\"https:\/\/www.carideal.com\/blog\/\"},{\"@type\":\"ListItem\",\"position\":2,\"name\":\"March\u00e9 automobile\",\"item\":\"https:\/\/www.carideal.com\/blog\/marche-automobile-voiture-neuve-occasion-4x4-suv\/\"},{\"@type\":\"ListItem\",\"position\":3,\"name\":\"MITSUBISHI OUTLANDER HYBRIDE PLUG IN\"}]},{\"@type\":\"WebSite\",\"@id\":\"https:\/\/www.carideal.com\/blog\/#website\",\"url\":\"https:\/\/www.carideal.com\/blog\/\",\"name\":\"Blog auto Carid\u00e9al\",\"description\":\"Actualit\u00e9 auto par des passionn\u00e9s\",\"publisher\":{\"@id\":\"https:\/\/www.carideal.com\/blog\/#organization\"},\"potentialAction\":[{\"@type\":\"SearchAction\",\"target\":{\"@type\":\"EntryPoint\",\"urlTemplate\":\"https:\/\/www.carideal.com\/blog\/?s={search_term_string}\"},\"query-input\":{\"@type\":\"PropertyValueSpecification\",\"valueRequired\":true,\"valueName\":\"search_term_string\"}}],\"inLanguage\":\"fr-FR\"},{\"@type\":\"Organization\",\"@id\":\"https:\/\/www.carideal.com\/blog\/#organization\",\"name\":\"Carideal\",\"url\":\"https:\/\/www.carideal.com\/blog\/\",\"logo\":{\"@type\":\"ImageObject\",\"inLanguage\":\"fr-FR\",\"@id\":\"https:\/\/www.carideal.com\/blog\/#\/schema\/logo\/image\/\",\"url\":\"http:\/\/www.carideal.com\/blog\/wp-content\/uploads\/2016\/03\/logo-carideal-mandataire-automobile.png\",\"contentUrl\":\"http:\/\/www.carideal.com\/blog\/wp-content\/uploads\/2016\/03\/logo-carideal-mandataire-automobile.png\",\"width\":300,\"height\":300,\"caption\":\"Carideal\"},\"image\":{\"@id\":\"https:\/\/www.carideal.com\/blog\/#\/schema\/logo\/image\/\"},\"sameAs\":[\"https:\/\/www.facebook.com\/Carideal.mandataire.automobile\",\"https:\/\/x.com\/caridealauto\",\"https:\/\/www.instagram.com\/carideal1\/\",\"https:\/\/www.linkedin.com\/company\/carideal.com\",\"https:\/\/fr.pinterest.com\/schiavonsas\/\",\"https:\/\/www.youtube.com\/user\/caridealsas\"]},{\"@type\":\"Person\",\"@id\":\"https:\/\/www.carideal.com\/blog\/#\/schema\/person\/985c7e757d1042d647f21bfaf8d41ebc\",\"name\":\"N.S Carideal\",\"image\":{\"@type\":\"ImageObject\",\"inLanguage\":\"fr-FR\",\"@id\":\"https:\/\/www.carideal.com\/blog\/#\/schema\/person\/image\/\",\"url\":\"https:\/\/secure.gravatar.com\/avatar\/edb7ccdf1a4e3d14aef967760d354d0e?s=96&r=g\",\"contentUrl\":\"https:\/\/secure.gravatar.com\/avatar\/edb7ccdf1a4e3d14aef967760d354d0e?s=96&r=g\",\"caption\":\"N.S Carideal\"},\"description\":\"Depuis tout petit fan d'automobile. Il est question d'essayer et de comparer toutes ces voitures qui nous ont fait r\u00e9ver, avant que celles-ci ne devient uniquement des voitures de collection.\",\"sameAs\":[\"http:\/\/www.carideal.com\/blog\",\"https:\/\/www.facebook.com\/Carideal.mandataire.automobile\/\",\"https:\/\/www.linkedin.com\/in\/nschiavon\/\",\"https:\/\/www.youtube.com\/user\/caridealsas\/\"],\"url\":\"https:\/\/www.carideal.com\/blog\/author\/admin_carideal\/\"}]}<\/script>\n<!-- \/ Yoast SEO plugin. -->","yoast_head_json":{"title":"MITSUBISHI OUTLANDER HYBRIDE PLUG IN - Blog auto Carid\u00e9al","robots":{"index":"index","follow":"follow","max-snippet":"max-snippet:-1","max-image-preview":"max-image-preview:large","max-video-preview":"max-video-preview:-1"},"canonical":"https:\/\/www.carideal.com\/blog\/2012\/06\/13\/mitsubishi-outlander-hybride-plug-in\/","og_locale":"fr_FR","og_type":"article","og_title":"MITSUBISHI OUTLANDER HYBRIDE PLUG IN - Blog auto Carid\u00e9al","og_description":"L'hybride de Mitsubishi pour 2013. Le Outlander utilise deux moteurs \u00e9lectriques r\u00e9partis sur les trains roulants et un moteur thermique \u00e0 essence combin\u00e9 \u00e0 un train \u00e9picyclo\u00efdal. Comme le Peugeot 3008 Hybride4,le Mitsubishi poss\u00e8de une transmission int\u00e9grale qui qui est g\u00e9r\u00e9e \u00e9lectroniquement par le syst\u00e8me antipatinage S-AWC qui disperse le couple sur les essieux. Ainsi, ... Lire plus","og_url":"https:\/\/www.carideal.com\/blog\/2012\/06\/13\/mitsubishi-outlander-hybride-plug-in\/","og_site_name":"Blog auto Carid\u00e9al","article_publisher":"https:\/\/www.facebook.com\/Carideal.mandataire.automobile","article_author":"https:\/\/www.facebook.com\/Carideal.mandataire.automobile\/","article_published_time":"2012-06-13T10:04:00+00:00","og_image":[{"width":300,"height":300,"url":"https:\/\/www.carideal.com\/blog\/wp-content\/uploads\/2016\/03\/logo-carideal-mandataire-automobile.png","type":"image\/png"}],"author":"N.S Carideal","twitter_card":"summary_large_image","twitter_creator":"@caridealauto","twitter_site":"@caridealauto","twitter_misc":{"\u00c9crit par":"N.S Carideal","Dur\u00e9e de lecture estim\u00e9e":"1 minute"},"schema":{"@context":"https:\/\/schema.org","@graph":[{"@type":"Article","@id":"https:\/\/www.carideal.com\/blog\/2012\/06\/13\/mitsubishi-outlander-hybride-plug-in\/#article","isPartOf":{"@id":"https:\/\/www.carideal.com\/blog\/2012\/06\/13\/mitsubishi-outlander-hybride-plug-in\/"},"author":{"name":"N.S Carideal","@id":"https:\/\/www.carideal.com\/blog\/#\/schema\/person\/985c7e757d1042d647f21bfaf8d41ebc"},"headline":"MITSUBISHI OUTLANDER HYBRIDE PLUG IN","datePublished":"2012-06-13T10:04:00+00:00","mainEntityOfPage":{"@id":"https:\/\/www.carideal.com\/blog\/2012\/06\/13\/mitsubishi-outlander-hybride-plug-in\/"},"wordCount":168,"commentCount":0,"publisher":{"@id":"https:\/\/www.carideal.com\/blog\/#organization"},"articleSection":["March\u00e9 automobile"],"inLanguage":"fr-FR","potentialAction":[{"@type":"CommentAction","name":"Comment","target":["https:\/\/www.carideal.com\/blog\/2012\/06\/13\/mitsubishi-outlander-hybride-plug-in\/#respond"]}]},{"@type":"WebPage","@id":"https:\/\/www.carideal.com\/blog\/2012\/06\/13\/mitsubishi-outlander-hybride-plug-in\/","url":"https:\/\/www.carideal.com\/blog\/2012\/06\/13\/mitsubishi-outlander-hybride-plug-in\/","name":"MITSUBISHI OUTLANDER HYBRIDE PLUG IN - Blog auto Carid\u00e9al","isPartOf":{"@id":"https:\/\/www.carideal.com\/blog\/#website"},"datePublished":"2012-06-13T10:04:00+00:00","breadcrumb":{"@id":"https:\/\/www.carideal.com\/blog\/2012\/06\/13\/mitsubishi-outlander-hybride-plug-in\/#breadcrumb"},"inLanguage":"fr-FR","potentialAction":[{"@type":"ReadAction","target":["https:\/\/www.carideal.com\/blog\/2012\/06\/13\/mitsubishi-outlander-hybride-plug-in\/"]}]},{"@type":"BreadcrumbList","@id":"https:\/\/www.carideal.com\/blog\/2012\/06\/13\/mitsubishi-outlander-hybride-plug-in\/#breadcrumb","itemListElement":[{"@type":"ListItem","position":1,"name":"Blog Carid\u00e9al","item":"https:\/\/www.carideal.com\/blog\/"},{"@type":"ListItem","position":2,"name":"March\u00e9 automobile","item":"https:\/\/www.carideal.com\/blog\/marche-automobile-voiture-neuve-occasion-4x4-suv\/"},{"@type":"ListItem","position":3,"name":"MITSUBISHI OUTLANDER HYBRIDE PLUG IN"}]},{"@type":"WebSite","@id":"https:\/\/www.carideal.com\/blog\/#website","url":"https:\/\/www.carideal.com\/blog\/","name":"Blog auto Carid\u00e9al","description":"Actualit\u00e9 auto par des passionn\u00e9s","publisher":{"@id":"https:\/\/www.carideal.com\/blog\/#organization"},"potentialAction":[{"@type":"SearchAction","target":{"@type":"EntryPoint","urlTemplate":"https:\/\/www.carideal.com\/blog\/?s={search_term_string}"},"query-input":{"@type":"PropertyValueSpecification","valueRequired":true,"valueName":"search_term_string"}}],"inLanguage":"fr-FR"},{"@type":"Organization","@id":"https:\/\/www.carideal.com\/blog\/#organization","name":"Carideal","url":"https:\/\/www.carideal.com\/blog\/","logo":{"@type":"ImageObject","inLanguage":"fr-FR","@id":"https:\/\/www.carideal.com\/blog\/#\/schema\/logo\/image\/","url":"http:\/\/www.carideal.com\/blog\/wp-content\/uploads\/2016\/03\/logo-carideal-mandataire-automobile.png","contentUrl":"http:\/\/www.carideal.com\/blog\/wp-content\/uploads\/2016\/03\/logo-carideal-mandataire-automobile.png","width":300,"height":300,"caption":"Carideal"},"image":{"@id":"https:\/\/www.carideal.com\/blog\/#\/schema\/logo\/image\/"},"sameAs":["https:\/\/www.facebook.com\/Carideal.mandataire.automobile","https:\/\/x.com\/caridealauto","https:\/\/www.instagram.com\/carideal1\/","https:\/\/www.linkedin.com\/company\/carideal.com","https:\/\/fr.pinterest.com\/schiavonsas\/","https:\/\/www.youtube.com\/user\/caridealsas"]},{"@type":"Person","@id":"https:\/\/www.carideal.com\/blog\/#\/schema\/person\/985c7e757d1042d647f21bfaf8d41ebc","name":"N.S Carideal","image":{"@type":"ImageObject","inLanguage":"fr-FR","@id":"https:\/\/www.carideal.com\/blog\/#\/schema\/person\/image\/","url":"https:\/\/secure.gravatar.com\/avatar\/edb7ccdf1a4e3d14aef967760d354d0e?s=96&r=g","contentUrl":"https:\/\/secure.gravatar.com\/avatar\/edb7ccdf1a4e3d14aef967760d354d0e?s=96&r=g","caption":"N.S Carideal"},"description":"Depuis tout petit fan d'automobile. Il est question d'essayer et de comparer toutes ces voitures qui nous ont fait r\u00e9ver, avant que celles-ci ne devient uniquement des voitures de collection.","sameAs":["http:\/\/www.carideal.com\/blog","https:\/\/www.facebook.com\/Carideal.mandataire.automobile\/","https:\/\/www.linkedin.com\/in\/nschiavon\/","https:\/\/www.youtube.com\/user\/caridealsas\/"],"url":"https:\/\/www.carideal.com\/blog\/author\/admin_carideal\/"}]}},"uagb_featured_image_src":{"full":false,"thumbnail":false,"medium":false,"medium_large":false,"large":false,"1536x1536":false,"2048x2048":false,"wppr-widget":false},"uagb_author_info":{"display_name":"N.S Carideal","author_link":"https:\/\/www.carideal.com\/blog\/author\/admin_carideal\/"},"uagb_comment_info":0,"uagb_excerpt":"L'hybride de Mitsubishi pour 2013. Le Outlander utilise deux moteurs \u00e9lectriques r\u00e9partis sur les trains roulants et un moteur thermique \u00e0 essence combin\u00e9 \u00e0 un train \u00e9picyclo\u00efdal. Comme le Peugeot 3008 Hybride4,le Mitsubishi poss\u00e8de une transmission int\u00e9grale qui qui est g\u00e9r\u00e9e \u00e9lectroniquement par le syst\u00e8me antipatinage S-AWC qui disperse le couple sur les essieux. Ainsi,\u2026","_links":{"self":[{"href":"https:\/\/www.carideal.com\/blog\/wp-json\/wp\/v2\/posts\/1139"}],"collection":[{"href":"https:\/\/www.carideal.com\/blog\/wp-json\/wp\/v2\/posts"}],"about":[{"href":"https:\/\/www.carideal.com\/blog\/wp-json\/wp\/v2\/types\/post"}],"author":[{"embeddable":true,"href":"https:\/\/www.carideal.com\/blog\/wp-json\/wp\/v2\/users\/1"}],"replies":[{"embeddable":true,"href":"https:\/\/www.carideal.com\/blog\/wp-json\/wp\/v2\/comments?post=1139"}],"version-history":[{"count":0,"href":"https:\/\/www.carideal.com\/blog\/wp-json\/wp\/v2\/posts\/1139\/revisions"}],"wp:attachment":[{"href":"https:\/\/www.carideal.com\/blog\/wp-json\/wp\/v2\/media?parent=1139"}],"wp:term":[{"taxonomy":"category","embeddable":true,"href":"https:\/\/www.carideal.com\/blog\/wp-json\/wp\/v2\/categories?post=1139"},{"taxonomy":"post_tag","embeddable":true,"href":"https:\/\/www.carideal.com\/blog\/wp-json\/wp\/v2\/tags?post=1139"}],"curies":[{"name":"wp","href":"https:\/\/api.w.org\/{rel}","templated":true}]}}