{"id":1136,"date":"2012-06-12T15:14:00","date_gmt":"2012-06-12T15:14:00","guid":{"rendered":"http:\/\/carideal.com\/blog\/?p=1136"},"modified":"2020-03-07T20:25:21","modified_gmt":"2020-03-07T19:25:21","slug":"peugeot-4008-2","status":"publish","type":"post","link":"https:\/\/www.carideal.com\/blog\/2012\/06\/12\/peugeot-4008-2\/","title":{"rendered":"Peugeot 4008 pr\u00e9sentation et prix"},"content":{"rendered":"<figure style=\"width: 438px\" class=\"wp-caption alignnone\"><img loading=\"lazy\" decoding=\"async\" title=\"Le Peugeot 4008\" src=\"\/blog\/public\/.Peugeot-4008.1_m.jpg\" alt=\"Le Peugeot 4008\" width=\"448\" height=\"322\" \/><figcaption class=\"wp-caption-text\">Le Peugeot 4008<\/figcaption><\/figure>\n<h1><strong>Le Peugeot 4008 est cousin des Mitsubishi ASX et Citroen C4 Aircross<\/strong><\/h1>\n<p><strong>Le Peugeot 4008 sera donc le troisi\u00e8me SUV dans la gamme Peugeot<\/strong> apr\u00e8s le <span style=\"text-decoration: underline;\">3008<\/span> et le <span style=\"text-decoration: underline;\">4007<\/span>. Avec 4.34m de long il en est tr\u00e8s proche, 4.37m. Le 4008 ne sera disponible qu'en 4x4 \u00e0 contrario de ses cousins, gageons que cela va forc\u00e9ment mettre un frein \u00e0 son d\u00e9veloppement commercial. Du cot\u00e9 motorisation, seul les moteurs diesels seront disponibles, le HDI 115 PSA et le 1.8 Mitsubishi de 150 ch.<\/p>\n<figure id=\"attachment_12731\" aria-describedby=\"caption-attachment-12731\" style=\"width: 438px\" class=\"wp-caption alignleft\"><a href=\"http:\/\/www.carideal.com\/blog\/wp-content\/uploads\/2012\/06\/peugeot-4008-achat-carideal-mandataire-automobile_m.jpg\"><img loading=\"lazy\" decoding=\"async\" class=\"size-full wp-image-12731\" src=\"http:\/\/www.carideal.com\/blog\/wp-content\/uploads\/2012\/06\/peugeot-4008-achat-carideal-mandataire-automobile_m.jpg\" alt=\"Peugeot 4008 SUV\" width=\"448\" height=\"250\" srcset=\"https:\/\/www.carideal.com\/blog\/wp-content\/uploads\/2012\/06\/peugeot-4008-achat-carideal-mandataire-automobile_m.jpg 448w, https:\/\/www.carideal.com\/blog\/wp-content\/uploads\/2012\/06\/peugeot-4008-achat-carideal-mandataire-automobile_m-300x167.jpg 300w\" sizes=\"(max-width: 448px) 100vw, 448px\" \/><\/a><figcaption id=\"caption-attachment-12731\" class=\"wp-caption-text\">Peugeot 4008 SUV<\/figcaption><\/figure>\n<p>Peugeot vend le 4008 avec un seul niveau de finition,allure,mais \u00e0 l'\u00e9quipement excessif: acc\u00e8s et d\u00e9marrage mains libres, aide au stationnement avant et arri\u00e8re avec cam\u00e9ra de recul, climatisation automatique, jantes de 18 pouces, feux x\u00e9non, r\u00e9gulateur de vitesse et syst\u00e8me de navigation GPS \u00e0 \u00e9cran tactile.<\/p>\n<h2>Les tarifs du Peugeot 4008<\/h2>\n<p>En revanche avec tous ses \u00e9quipements le tarifs est \u00e9lev\u00e9s: 33700 \u20ac minimum, quand un C4 Aircross d\u00e9bute \u00e0 23000 \u20ac et un <span style=\"text-decoration: underline;\">Mitsubishi ASX<\/span> \u00e0 moins de 20000\u20ac. En plus de tous ses \u00e9quipements le 4008 n'a pas de moteur essence, et donc d'une version \u00e0 prix d'appel. Lui ne carbure qu'au diesel un 1.6 HDI de 115 ch d'origine PSA et un 1.8 HDI de 150 ch fourni par Mitsubitshi et oblige la transmission int\u00e9grale.<br \/>\nMais \u00e0 version \u00e9quivalente, le 4008 retrouve des couleurs: l'\u00e9cart de prix avec le japonais est alors r\u00e9duit \u00e0 3500 \u20ac et son comp\u00e8re de chez Citro\u00ebn est plus cher de 1500 \u20ac.<\/p>\n<h2>Peugeot r\u00e9v\u00e8le son SUV 4008<\/h2>\n<p>La nouvelle Peugeot 4008 est bas\u00e9 sur la plate-forme du 4007 et est livr\u00e9 avec un choix de quatre moteurs.<\/p>\n<p>Peugeot a d\u00e9voil\u00e9 la Peugeot 4008, un SUV\u00a0qui compl\u00e8te sa gamme de v\u00e9hicules \"adapt\u00e9s aux diff\u00e9rentes attentes des clients tout-terrain\u00bb, selon la marque de voiture Fran\u00e7aise.<\/p>\n<h2>Les moteurs du Peugeot 4008<\/h2>\n<p>Un total de quatre moteurs sont disponibles : une essence de 1,6 litre avec 115 ch, un 150 ch\u00a0essence de 2,0 litres et deux diesels (1,6 et 1,8 litre) avec 110 ch\u00a0et 150 ch\u00a0respectivement. Pour les march\u00e9s europ\u00e9ens, toutefois, seuls les diesels sont offerts, qui sont tous deux accoupl\u00e9s \u00e0 une bo\u00eete de vitesses manuelle \u00e0 six vitesses de s\u00e9rie. Seule la motorisation essence 1.6i sera distribu\u00e9e en France. Le moteur diesel 1.8 \u00e9tant d'origine Mitsubishi.<\/p>\n<h2>Le 4008 \u00e0 Vivre<\/h2>\n<p>Le Peugeot\u00a04008 sera disponible\u00a0en 4x4 partout\u00a0en Europe avec un\u00a0syst\u00e8me avec trois modes de conduite s\u00e9lectionnables : deux roues motrices, quatre roues motrices et une position de verrouillage de pont central 'Lock'.<\/p>\n<p>Bas\u00e9 sur la plate-forme du 4007, la Peugeot 4008 est\u00a0300 mm plus courte en jouant sur la longueur\u00a0des porte \u00e0 faux avant et arri\u00e8re. Elle conserve l'empattement long de son pr\u00e9d\u00e9cesseur et des voies larges pour maximiser l'espace de l'habitacle.<\/p>\n<p>Les caract\u00e9ristiques ext\u00e9rieures de la Peugeot 4008 comprennent des jantes en alliages de 18 pouces, une calandre verticale, les passages de roue \u00e9vas\u00e9s, des protecteurs de seuil et les feux de jour \u00e0 led\u00a0qui \"compl\u00e8tent les phares\".<\/p>\n<p>A l'int\u00e9rieur, l'habitacle\u00a0du nouveau SUV obtient un toit panoramique en verre, un syst\u00e8me de navigation \u00e0 \u00e9cran tactile et une cam\u00e9ra de recul.<\/p>\n<h2>Vid\u00e9o de pr\u00e9sentation du Peugeot 4008<\/h2>\n<p><iframe loading=\"lazy\" src=\"https:\/\/www.youtube.com\/embed\/e1-XtXYdvx4\" width=\"560\" height=\"315\" frameborder=\"0\" allowfullscreen=\"allowfullscreen\"><\/iframe><\/p>\n","protected":false},"excerpt":{"rendered":"<p>Le Peugeot 4008 est cousin des Mitsubishi ASX et Citroen C4 Aircross Le Peugeot 4008 sera donc le troisi\u00e8me SUV dans la gamme Peugeot apr\u00e8s le 3008 et le 4007. Avec 4.34m de long il en est tr\u00e8s proche, 4.37m. Le 4008 ne sera disponible qu&rsquo;en 4&#215;4 \u00e0 contrario de ses cousins, gageons que cela &#8230; <a title=\"Peugeot 4008 pr\u00e9sentation et prix\" class=\"read-more\" href=\"https:\/\/www.carideal.com\/blog\/2012\/06\/12\/peugeot-4008-2\/\" aria-label=\"En savoir plus sur Peugeot 4008 pr\u00e9sentation et prix\">Lire plus<\/a><\/p>\n","protected":false},"author":1,"featured_media":0,"comment_status":"open","ping_status":"open","sticky":false,"template":"","format":"standard","meta":{"_uag_custom_page_level_css":"","_themeisle_gutenberg_block_has_review":false,"footnotes":""},"categories":[5944,5946,10,6010,5974],"tags":[35],"class_list":["post-1136","post","type-post","status-publish","format-standard","hentry","category-constructeur","category-peugeot","category-marche-automobile-voiture-neuve-occasion-4x4-suv","category-suv","category-type-de-vehicule","tag-psa"],"wppr_data":[],"yoast_head":"<!-- This site is optimized with the Yoast SEO plugin v24.8.1 - https:\/\/yoast.com\/wordpress\/plugins\/seo\/ -->\n<title>Peugeot 4008 pr\u00e9sentation et prix - Blog auto Carid\u00e9al<\/title>\n<meta name=\"description\" content=\"Le Peugeot 4008 sera donc le troisi\u00e8me SUV dans la gamme Peugeot apr\u00e8s le 3008 et le 4007. Il sera disponible en 4x4 et 4x2\" \/>\n<meta name=\"robots\" content=\"index, follow, max-snippet:-1, max-image-preview:large, max-video-preview:-1\" \/>\n<link rel=\"canonical\" href=\"https:\/\/www.carideal.com\/blog\/2012\/06\/12\/peugeot-4008-2\/\" \/>\n<meta property=\"og:locale\" content=\"fr_FR\" \/>\n<meta property=\"og:type\" content=\"article\" \/>\n<meta property=\"og:title\" content=\"Peugeot 4008 pr\u00e9sentation et prix - Blog auto Carid\u00e9al\" \/>\n<meta property=\"og:description\" content=\"Le Peugeot 4008 sera donc le troisi\u00e8me SUV dans la gamme Peugeot apr\u00e8s le 3008 et le 4007. Il sera disponible en 4x4 et 4x2\" \/>\n<meta property=\"og:url\" content=\"https:\/\/www.carideal.com\/blog\/2012\/06\/12\/peugeot-4008-2\/\" \/>\n<meta property=\"og:site_name\" content=\"Blog auto Carid\u00e9al\" \/>\n<meta property=\"article:publisher\" content=\"https:\/\/www.facebook.com\/Carideal.mandataire.automobile\" \/>\n<meta property=\"article:author\" content=\"https:\/\/www.facebook.com\/Carideal.mandataire.automobile\/\" \/>\n<meta property=\"article:published_time\" content=\"2012-06-12T15:14:00+00:00\" \/>\n<meta property=\"article:modified_time\" content=\"2020-03-07T19:25:21+00:00\" \/>\n<meta property=\"og:image\" content=\"http:\/\/www.carideal.com\/blog\/wp-content\/uploads\/2012\/06\/peugeot-4008-achat-carideal-mandataire-automobile_m.jpg\" \/>\n<meta name=\"author\" content=\"N.S Carideal\" \/>\n<meta name=\"twitter:card\" content=\"summary_large_image\" \/>\n<meta name=\"twitter:creator\" content=\"@caridealauto\" \/>\n<meta name=\"twitter:site\" content=\"@caridealauto\" \/>\n<meta name=\"twitter:label1\" content=\"\u00c9crit par\" \/>\n\t<meta name=\"twitter:data1\" content=\"N.S Carideal\" \/>\n\t<meta name=\"twitter:label2\" content=\"Dur\u00e9e de lecture estim\u00e9e\" \/>\n\t<meta name=\"twitter:data2\" content=\"3 minutes\" \/>\n<script type=\"application\/ld+json\" class=\"yoast-schema-graph\">{\"@context\":\"https:\/\/schema.org\",\"@graph\":[{\"@type\":\"Article\",\"@id\":\"https:\/\/www.carideal.com\/blog\/2012\/06\/12\/peugeot-4008-2\/#article\",\"isPartOf\":{\"@id\":\"https:\/\/www.carideal.com\/blog\/2012\/06\/12\/peugeot-4008-2\/\"},\"author\":{\"name\":\"N.S Carideal\",\"@id\":\"https:\/\/www.carideal.com\/blog\/#\/schema\/person\/985c7e757d1042d647f21bfaf8d41ebc\"},\"headline\":\"Peugeot 4008 pr\u00e9sentation et prix\",\"datePublished\":\"2012-06-12T15:14:00+00:00\",\"dateModified\":\"2020-03-07T19:25:21+00:00\",\"mainEntityOfPage\":{\"@id\":\"https:\/\/www.carideal.com\/blog\/2012\/06\/12\/peugeot-4008-2\/\"},\"wordCount\":538,\"commentCount\":0,\"publisher\":{\"@id\":\"https:\/\/www.carideal.com\/blog\/#organization\"},\"image\":{\"@id\":\"https:\/\/www.carideal.com\/blog\/2012\/06\/12\/peugeot-4008-2\/#primaryimage\"},\"thumbnailUrl\":\"http:\/\/www.carideal.com\/blog\/wp-content\/uploads\/2012\/06\/peugeot-4008-achat-carideal-mandataire-automobile_m.jpg\",\"keywords\":[\"PSA\"],\"articleSection\":[\"Actualit\u00e9 Constructeur automobile\",\"Actualit\u00e9 Peugeot\",\"March\u00e9 automobile\",\"SUV\",\"Type de v\u00e9hicule\"],\"inLanguage\":\"fr-FR\",\"potentialAction\":[{\"@type\":\"CommentAction\",\"name\":\"Comment\",\"target\":[\"https:\/\/www.carideal.com\/blog\/2012\/06\/12\/peugeot-4008-2\/#respond\"]}]},{\"@type\":\"WebPage\",\"@id\":\"https:\/\/www.carideal.com\/blog\/2012\/06\/12\/peugeot-4008-2\/\",\"url\":\"https:\/\/www.carideal.com\/blog\/2012\/06\/12\/peugeot-4008-2\/\",\"name\":\"Peugeot 4008 pr\u00e9sentation et prix - Blog auto Carid\u00e9al\",\"isPartOf\":{\"@id\":\"https:\/\/www.carideal.com\/blog\/#website\"},\"primaryImageOfPage\":{\"@id\":\"https:\/\/www.carideal.com\/blog\/2012\/06\/12\/peugeot-4008-2\/#primaryimage\"},\"image\":{\"@id\":\"https:\/\/www.carideal.com\/blog\/2012\/06\/12\/peugeot-4008-2\/#primaryimage\"},\"thumbnailUrl\":\"http:\/\/www.carideal.com\/blog\/wp-content\/uploads\/2012\/06\/peugeot-4008-achat-carideal-mandataire-automobile_m.jpg\",\"datePublished\":\"2012-06-12T15:14:00+00:00\",\"dateModified\":\"2020-03-07T19:25:21+00:00\",\"description\":\"Le Peugeot 4008 sera donc le troisi\u00e8me SUV dans la gamme Peugeot apr\u00e8s le 3008 et le 4007. Il sera disponible en 4x4 et 4x2\",\"breadcrumb\":{\"@id\":\"https:\/\/www.carideal.com\/blog\/2012\/06\/12\/peugeot-4008-2\/#breadcrumb\"},\"inLanguage\":\"fr-FR\",\"potentialAction\":[{\"@type\":\"ReadAction\",\"target\":[\"https:\/\/www.carideal.com\/blog\/2012\/06\/12\/peugeot-4008-2\/\"]}]},{\"@type\":\"ImageObject\",\"inLanguage\":\"fr-FR\",\"@id\":\"https:\/\/www.carideal.com\/blog\/2012\/06\/12\/peugeot-4008-2\/#primaryimage\",\"url\":\"http:\/\/www.carideal.com\/blog\/wp-content\/uploads\/2012\/06\/peugeot-4008-achat-carideal-mandataire-automobile_m.jpg\",\"contentUrl\":\"http:\/\/www.carideal.com\/blog\/wp-content\/uploads\/2012\/06\/peugeot-4008-achat-carideal-mandataire-automobile_m.jpg\"},{\"@type\":\"BreadcrumbList\",\"@id\":\"https:\/\/www.carideal.com\/blog\/2012\/06\/12\/peugeot-4008-2\/#breadcrumb\",\"itemListElement\":[{\"@type\":\"ListItem\",\"position\":1,\"name\":\"Blog Carid\u00e9al\",\"item\":\"https:\/\/www.carideal.com\/blog\/\"},{\"@type\":\"ListItem\",\"position\":2,\"name\":\"March\u00e9 automobile\",\"item\":\"https:\/\/www.carideal.com\/blog\/marche-automobile-voiture-neuve-occasion-4x4-suv\/\"},{\"@type\":\"ListItem\",\"position\":3,\"name\":\"Peugeot 4008 pr\u00e9sentation et prix\"}]},{\"@type\":\"WebSite\",\"@id\":\"https:\/\/www.carideal.com\/blog\/#website\",\"url\":\"https:\/\/www.carideal.com\/blog\/\",\"name\":\"Blog auto Carid\u00e9al\",\"description\":\"Actualit\u00e9 auto par des passionn\u00e9s\",\"publisher\":{\"@id\":\"https:\/\/www.carideal.com\/blog\/#organization\"},\"potentialAction\":[{\"@type\":\"SearchAction\",\"target\":{\"@type\":\"EntryPoint\",\"urlTemplate\":\"https:\/\/www.carideal.com\/blog\/?s={search_term_string}\"},\"query-input\":{\"@type\":\"PropertyValueSpecification\",\"valueRequired\":true,\"valueName\":\"search_term_string\"}}],\"inLanguage\":\"fr-FR\"},{\"@type\":\"Organization\",\"@id\":\"https:\/\/www.carideal.com\/blog\/#organization\",\"name\":\"Carideal\",\"url\":\"https:\/\/www.carideal.com\/blog\/\",\"logo\":{\"@type\":\"ImageObject\",\"inLanguage\":\"fr-FR\",\"@id\":\"https:\/\/www.carideal.com\/blog\/#\/schema\/logo\/image\/\",\"url\":\"http:\/\/www.carideal.com\/blog\/wp-content\/uploads\/2016\/03\/logo-carideal-mandataire-automobile.png\",\"contentUrl\":\"http:\/\/www.carideal.com\/blog\/wp-content\/uploads\/2016\/03\/logo-carideal-mandataire-automobile.png\",\"width\":300,\"height\":300,\"caption\":\"Carideal\"},\"image\":{\"@id\":\"https:\/\/www.carideal.com\/blog\/#\/schema\/logo\/image\/\"},\"sameAs\":[\"https:\/\/www.facebook.com\/Carideal.mandataire.automobile\",\"https:\/\/x.com\/caridealauto\",\"https:\/\/www.instagram.com\/carideal1\/\",\"https:\/\/www.linkedin.com\/company\/carideal.com\",\"https:\/\/fr.pinterest.com\/schiavonsas\/\",\"https:\/\/www.youtube.com\/user\/caridealsas\"]},{\"@type\":\"Person\",\"@id\":\"https:\/\/www.carideal.com\/blog\/#\/schema\/person\/985c7e757d1042d647f21bfaf8d41ebc\",\"name\":\"N.S Carideal\",\"image\":{\"@type\":\"ImageObject\",\"inLanguage\":\"fr-FR\",\"@id\":\"https:\/\/www.carideal.com\/blog\/#\/schema\/person\/image\/\",\"url\":\"https:\/\/secure.gravatar.com\/avatar\/edb7ccdf1a4e3d14aef967760d354d0e?s=96&r=g\",\"contentUrl\":\"https:\/\/secure.gravatar.com\/avatar\/edb7ccdf1a4e3d14aef967760d354d0e?s=96&r=g\",\"caption\":\"N.S Carideal\"},\"description\":\"Depuis tout petit fan d'automobile. Il est question d'essayer et de comparer toutes ces voitures qui nous ont fait r\u00e9ver, avant que celles-ci ne devient uniquement des voitures de collection.\",\"sameAs\":[\"http:\/\/www.carideal.com\/blog\",\"https:\/\/www.facebook.com\/Carideal.mandataire.automobile\/\",\"https:\/\/www.linkedin.com\/in\/nschiavon\/\",\"https:\/\/www.youtube.com\/user\/caridealsas\/\"],\"url\":\"https:\/\/www.carideal.com\/blog\/author\/admin_carideal\/\"}]}<\/script>\n<!-- \/ Yoast SEO plugin. -->","yoast_head_json":{"title":"Peugeot 4008 pr\u00e9sentation et prix - Blog auto Carid\u00e9al","description":"Le Peugeot 4008 sera donc le troisi\u00e8me SUV dans la gamme Peugeot apr\u00e8s le 3008 et le 4007. Il sera disponible en 4x4 et 4x2","robots":{"index":"index","follow":"follow","max-snippet":"max-snippet:-1","max-image-preview":"max-image-preview:large","max-video-preview":"max-video-preview:-1"},"canonical":"https:\/\/www.carideal.com\/blog\/2012\/06\/12\/peugeot-4008-2\/","og_locale":"fr_FR","og_type":"article","og_title":"Peugeot 4008 pr\u00e9sentation et prix - Blog auto Carid\u00e9al","og_description":"Le Peugeot 4008 sera donc le troisi\u00e8me SUV dans la gamme Peugeot apr\u00e8s le 3008 et le 4007. Il sera disponible en 4x4 et 4x2","og_url":"https:\/\/www.carideal.com\/blog\/2012\/06\/12\/peugeot-4008-2\/","og_site_name":"Blog auto Carid\u00e9al","article_publisher":"https:\/\/www.facebook.com\/Carideal.mandataire.automobile","article_author":"https:\/\/www.facebook.com\/Carideal.mandataire.automobile\/","article_published_time":"2012-06-12T15:14:00+00:00","article_modified_time":"2020-03-07T19:25:21+00:00","og_image":[{"url":"http:\/\/www.carideal.com\/blog\/wp-content\/uploads\/2012\/06\/peugeot-4008-achat-carideal-mandataire-automobile_m.jpg","type":"","width":"","height":""}],"author":"N.S Carideal","twitter_card":"summary_large_image","twitter_creator":"@caridealauto","twitter_site":"@caridealauto","twitter_misc":{"\u00c9crit par":"N.S Carideal","Dur\u00e9e de lecture estim\u00e9e":"3 minutes"},"schema":{"@context":"https:\/\/schema.org","@graph":[{"@type":"Article","@id":"https:\/\/www.carideal.com\/blog\/2012\/06\/12\/peugeot-4008-2\/#article","isPartOf":{"@id":"https:\/\/www.carideal.com\/blog\/2012\/06\/12\/peugeot-4008-2\/"},"author":{"name":"N.S Carideal","@id":"https:\/\/www.carideal.com\/blog\/#\/schema\/person\/985c7e757d1042d647f21bfaf8d41ebc"},"headline":"Peugeot 4008 pr\u00e9sentation et prix","datePublished":"2012-06-12T15:14:00+00:00","dateModified":"2020-03-07T19:25:21+00:00","mainEntityOfPage":{"@id":"https:\/\/www.carideal.com\/blog\/2012\/06\/12\/peugeot-4008-2\/"},"wordCount":538,"commentCount":0,"publisher":{"@id":"https:\/\/www.carideal.com\/blog\/#organization"},"image":{"@id":"https:\/\/www.carideal.com\/blog\/2012\/06\/12\/peugeot-4008-2\/#primaryimage"},"thumbnailUrl":"http:\/\/www.carideal.com\/blog\/wp-content\/uploads\/2012\/06\/peugeot-4008-achat-carideal-mandataire-automobile_m.jpg","keywords":["PSA"],"articleSection":["Actualit\u00e9 Constructeur automobile","Actualit\u00e9 Peugeot","March\u00e9 automobile","SUV","Type de v\u00e9hicule"],"inLanguage":"fr-FR","potentialAction":[{"@type":"CommentAction","name":"Comment","target":["https:\/\/www.carideal.com\/blog\/2012\/06\/12\/peugeot-4008-2\/#respond"]}]},{"@type":"WebPage","@id":"https:\/\/www.carideal.com\/blog\/2012\/06\/12\/peugeot-4008-2\/","url":"https:\/\/www.carideal.com\/blog\/2012\/06\/12\/peugeot-4008-2\/","name":"Peugeot 4008 pr\u00e9sentation et prix - Blog auto Carid\u00e9al","isPartOf":{"@id":"https:\/\/www.carideal.com\/blog\/#website"},"primaryImageOfPage":{"@id":"https:\/\/www.carideal.com\/blog\/2012\/06\/12\/peugeot-4008-2\/#primaryimage"},"image":{"@id":"https:\/\/www.carideal.com\/blog\/2012\/06\/12\/peugeot-4008-2\/#primaryimage"},"thumbnailUrl":"http:\/\/www.carideal.com\/blog\/wp-content\/uploads\/2012\/06\/peugeot-4008-achat-carideal-mandataire-automobile_m.jpg","datePublished":"2012-06-12T15:14:00+00:00","dateModified":"2020-03-07T19:25:21+00:00","description":"Le Peugeot 4008 sera donc le troisi\u00e8me SUV dans la gamme Peugeot apr\u00e8s le 3008 et le 4007. Il sera disponible en 4x4 et 4x2","breadcrumb":{"@id":"https:\/\/www.carideal.com\/blog\/2012\/06\/12\/peugeot-4008-2\/#breadcrumb"},"inLanguage":"fr-FR","potentialAction":[{"@type":"ReadAction","target":["https:\/\/www.carideal.com\/blog\/2012\/06\/12\/peugeot-4008-2\/"]}]},{"@type":"ImageObject","inLanguage":"fr-FR","@id":"https:\/\/www.carideal.com\/blog\/2012\/06\/12\/peugeot-4008-2\/#primaryimage","url":"http:\/\/www.carideal.com\/blog\/wp-content\/uploads\/2012\/06\/peugeot-4008-achat-carideal-mandataire-automobile_m.jpg","contentUrl":"http:\/\/www.carideal.com\/blog\/wp-content\/uploads\/2012\/06\/peugeot-4008-achat-carideal-mandataire-automobile_m.jpg"},{"@type":"BreadcrumbList","@id":"https:\/\/www.carideal.com\/blog\/2012\/06\/12\/peugeot-4008-2\/#breadcrumb","itemListElement":[{"@type":"ListItem","position":1,"name":"Blog Carid\u00e9al","item":"https:\/\/www.carideal.com\/blog\/"},{"@type":"ListItem","position":2,"name":"March\u00e9 automobile","item":"https:\/\/www.carideal.com\/blog\/marche-automobile-voiture-neuve-occasion-4x4-suv\/"},{"@type":"ListItem","position":3,"name":"Peugeot 4008 pr\u00e9sentation et prix"}]},{"@type":"WebSite","@id":"https:\/\/www.carideal.com\/blog\/#website","url":"https:\/\/www.carideal.com\/blog\/","name":"Blog auto Carid\u00e9al","description":"Actualit\u00e9 auto par des passionn\u00e9s","publisher":{"@id":"https:\/\/www.carideal.com\/blog\/#organization"},"potentialAction":[{"@type":"SearchAction","target":{"@type":"EntryPoint","urlTemplate":"https:\/\/www.carideal.com\/blog\/?s={search_term_string}"},"query-input":{"@type":"PropertyValueSpecification","valueRequired":true,"valueName":"search_term_string"}}],"inLanguage":"fr-FR"},{"@type":"Organization","@id":"https:\/\/www.carideal.com\/blog\/#organization","name":"Carideal","url":"https:\/\/www.carideal.com\/blog\/","logo":{"@type":"ImageObject","inLanguage":"fr-FR","@id":"https:\/\/www.carideal.com\/blog\/#\/schema\/logo\/image\/","url":"http:\/\/www.carideal.com\/blog\/wp-content\/uploads\/2016\/03\/logo-carideal-mandataire-automobile.png","contentUrl":"http:\/\/www.carideal.com\/blog\/wp-content\/uploads\/2016\/03\/logo-carideal-mandataire-automobile.png","width":300,"height":300,"caption":"Carideal"},"image":{"@id":"https:\/\/www.carideal.com\/blog\/#\/schema\/logo\/image\/"},"sameAs":["https:\/\/www.facebook.com\/Carideal.mandataire.automobile","https:\/\/x.com\/caridealauto","https:\/\/www.instagram.com\/carideal1\/","https:\/\/www.linkedin.com\/company\/carideal.com","https:\/\/fr.pinterest.com\/schiavonsas\/","https:\/\/www.youtube.com\/user\/caridealsas"]},{"@type":"Person","@id":"https:\/\/www.carideal.com\/blog\/#\/schema\/person\/985c7e757d1042d647f21bfaf8d41ebc","name":"N.S Carideal","image":{"@type":"ImageObject","inLanguage":"fr-FR","@id":"https:\/\/www.carideal.com\/blog\/#\/schema\/person\/image\/","url":"https:\/\/secure.gravatar.com\/avatar\/edb7ccdf1a4e3d14aef967760d354d0e?s=96&r=g","contentUrl":"https:\/\/secure.gravatar.com\/avatar\/edb7ccdf1a4e3d14aef967760d354d0e?s=96&r=g","caption":"N.S Carideal"},"description":"Depuis tout petit fan d'automobile. Il est question d'essayer et de comparer toutes ces voitures qui nous ont fait r\u00e9ver, avant que celles-ci ne devient uniquement des voitures de collection.","sameAs":["http:\/\/www.carideal.com\/blog","https:\/\/www.facebook.com\/Carideal.mandataire.automobile\/","https:\/\/www.linkedin.com\/in\/nschiavon\/","https:\/\/www.youtube.com\/user\/caridealsas\/"],"url":"https:\/\/www.carideal.com\/blog\/author\/admin_carideal\/"}]}},"uagb_featured_image_src":{"full":false,"thumbnail":false,"medium":false,"medium_large":false,"large":false,"1536x1536":false,"2048x2048":false,"wppr-widget":false},"uagb_author_info":{"display_name":"N.S Carideal","author_link":"https:\/\/www.carideal.com\/blog\/author\/admin_carideal\/"},"uagb_comment_info":2,"uagb_excerpt":"Le Peugeot 4008 est cousin des Mitsubishi ASX et Citroen C4 Aircross Le Peugeot 4008 sera donc le troisi\u00e8me SUV dans la gamme Peugeot apr\u00e8s le 3008 et le 4007. Avec 4.34m de long il en est tr\u00e8s proche, 4.37m. Le 4008 ne sera disponible qu'en 4x4 \u00e0 contrario de ses cousins, gageons que cela\u2026","_links":{"self":[{"href":"https:\/\/www.carideal.com\/blog\/wp-json\/wp\/v2\/posts\/1136"}],"collection":[{"href":"https:\/\/www.carideal.com\/blog\/wp-json\/wp\/v2\/posts"}],"about":[{"href":"https:\/\/www.carideal.com\/blog\/wp-json\/wp\/v2\/types\/post"}],"author":[{"embeddable":true,"href":"https:\/\/www.carideal.com\/blog\/wp-json\/wp\/v2\/users\/1"}],"replies":[{"embeddable":true,"href":"https:\/\/www.carideal.com\/blog\/wp-json\/wp\/v2\/comments?post=1136"}],"version-history":[{"count":0,"href":"https:\/\/www.carideal.com\/blog\/wp-json\/wp\/v2\/posts\/1136\/revisions"}],"wp:attachment":[{"href":"https:\/\/www.carideal.com\/blog\/wp-json\/wp\/v2\/media?parent=1136"}],"wp:term":[{"taxonomy":"category","embeddable":true,"href":"https:\/\/www.carideal.com\/blog\/wp-json\/wp\/v2\/categories?post=1136"},{"taxonomy":"post_tag","embeddable":true,"href":"https:\/\/www.carideal.com\/blog\/wp-json\/wp\/v2\/tags?post=1136"}],"curies":[{"name":"wp","href":"https:\/\/api.w.org\/{rel}","templated":true}]}}