{"id":1131,"date":"2012-06-08T16:23:00","date_gmt":"2012-06-08T16:23:00","guid":{"rendered":"http:\/\/carideal.com\/blog\/?p=1131"},"modified":"2019-02-07T18:21:09","modified_gmt":"2019-02-07T17:21:09","slug":"nouvelle-serie-special-pour-kia","status":"publish","type":"post","link":"https:\/\/www.carideal.com\/blog\/2012\/06\/08\/nouvelle-serie-special-pour-kia\/","title":{"rendered":"Nouvelle s\u00e9rie sp\u00e9ciale pour KIA Venga"},"content":{"rendered":"<p><img decoding=\"async\" title=\"Kia-Venga-Navi-Pack-carideal.jpg, juin 2012\" src=\"\/blog\/public\/.Kia-Venga-Navi-Pack-carideal_m.jpg\" alt=\"Kia-Venga-Navi-Pack-carideal.jpg\" \/><\/p>\n<h2>Nouvelle s\u00e9rie sp\u00e9ciale pour la KIA Venga<\/h2>\n<p><a href=\"http:\/\/www.carideal.com\/blog\/marque-de-voiture-actualites-essais\/kia\/\">Kia<\/a> lance une s\u00e9rie sp\u00e9cial pour sa Venga nomm\u00e9e Navi Pack, limit\u00e9 \u00e0 550 exemplaires.Cette s\u00e9rie d\u00e9riv\u00e9e de la version du milieu gamme Active s'enrichit au niveau des \u00e9quipements: ouverture et d\u00e9marrage sans cl\u00e9, jantes de 16 pouces en alliage, feux et essuie-glaces automatiques, r\u00e9troviseurs rabattables \u00e9lectriquement et d'un syst\u00e8me GPS poss\u00e9dant un \u00e9cran 6.5 pouces et cam\u00e9ra de recul.Un sur\u00e9quipement d'un montant de 2500 \u20ac factur\u00e9 1200 \u20ac, le Venga \" Navi Pack\" pr\u00e9sente un avantage client de 1300 \u20ac. Les tarifs commencent \u00e0 18090 \u20ac avec le moteur 1.4 litre de 90 CV et \u00e0 20390 \u20ac en diesel 1.6 CRDI de 115 CV.<\/p>\n","protected":false},"excerpt":{"rendered":"<p>Nouvelle s\u00e9rie sp\u00e9ciale pour la KIA Venga Kia lance une s\u00e9rie sp\u00e9cial pour sa Venga nomm\u00e9e Navi Pack, limit\u00e9 \u00e0 550 exemplaires.Cette s\u00e9rie d\u00e9riv\u00e9e de la version du milieu gamme Active s&rsquo;enrichit au niveau des \u00e9quipements: ouverture et d\u00e9marrage sans cl\u00e9, jantes de 16 pouces en alliage, feux et essuie-glaces automatiques, r\u00e9troviseurs rabattables \u00e9lectriquement et &#8230; <a title=\"Nouvelle s\u00e9rie sp\u00e9ciale pour KIA Venga\" class=\"read-more\" href=\"https:\/\/www.carideal.com\/blog\/2012\/06\/08\/nouvelle-serie-special-pour-kia\/\" aria-label=\"En savoir plus sur Nouvelle s\u00e9rie sp\u00e9ciale pour KIA Venga\">Lire plus<\/a><\/p>\n","protected":false},"author":1,"featured_media":0,"comment_status":"open","ping_status":"open","sticky":false,"template":"","format":"standard","meta":{"_uag_custom_page_level_css":"","_themeisle_gutenberg_block_has_review":false,"footnotes":""},"categories":[6053,10],"tags":[],"class_list":["post-1131","post","type-post","status-publish","format-standard","hentry","category-kia","category-marche-automobile-voiture-neuve-occasion-4x4-suv"],"wppr_data":{"cwp_meta_box_check":"No"},"yoast_head":"<!-- This site is optimized with the Yoast SEO plugin v24.8.1 - https:\/\/yoast.com\/wordpress\/plugins\/seo\/ -->\n<title>Nouvelle s\u00e9rie sp\u00e9ciale pour KIA Venga - Blog auto Carid\u00e9al<\/title>\n<meta name=\"robots\" content=\"noindex, follow\" \/>\n<meta property=\"og:locale\" content=\"fr_FR\" \/>\n<meta property=\"og:type\" content=\"article\" \/>\n<meta property=\"og:title\" content=\"Nouvelle s\u00e9rie sp\u00e9ciale pour KIA Venga - Blog auto Carid\u00e9al\" \/>\n<meta property=\"og:description\" content=\"Nouvelle s\u00e9rie sp\u00e9ciale pour la KIA Venga Kia lance une s\u00e9rie sp\u00e9cial pour sa Venga nomm\u00e9e Navi Pack, limit\u00e9 \u00e0 550 exemplaires.Cette s\u00e9rie d\u00e9riv\u00e9e de la version du milieu gamme Active s&#039;enrichit au niveau des \u00e9quipements: ouverture et d\u00e9marrage sans cl\u00e9, jantes de 16 pouces en alliage, feux et essuie-glaces automatiques, r\u00e9troviseurs rabattables \u00e9lectriquement et ... Lire plus\" \/>\n<meta property=\"og:url\" content=\"https:\/\/www.carideal.com\/blog\/2012\/06\/08\/nouvelle-serie-special-pour-kia\/\" \/>\n<meta property=\"og:site_name\" content=\"Blog auto Carid\u00e9al\" \/>\n<meta property=\"article:publisher\" content=\"https:\/\/www.facebook.com\/Carideal.mandataire.automobile\" \/>\n<meta property=\"article:author\" content=\"https:\/\/www.facebook.com\/Carideal.mandataire.automobile\/\" \/>\n<meta property=\"article:published_time\" content=\"2012-06-08T16:23:00+00:00\" \/>\n<meta property=\"article:modified_time\" content=\"2019-02-07T17:21:09+00:00\" \/>\n<meta property=\"og:image\" content=\"https:\/\/www.carideal.com\/blog\/wp-content\/uploads\/2016\/03\/logo-carideal-mandataire-automobile.png\" \/>\n\t<meta property=\"og:image:width\" content=\"300\" \/>\n\t<meta property=\"og:image:height\" content=\"300\" \/>\n\t<meta property=\"og:image:type\" content=\"image\/png\" \/>\n<meta name=\"author\" content=\"N.S Carideal\" \/>\n<meta name=\"twitter:card\" content=\"summary_large_image\" \/>\n<meta name=\"twitter:creator\" content=\"@caridealauto\" \/>\n<meta name=\"twitter:site\" content=\"@caridealauto\" \/>\n<meta name=\"twitter:label1\" content=\"\u00c9crit par\" \/>\n\t<meta name=\"twitter:data1\" content=\"N.S Carideal\" \/>\n\t<meta name=\"twitter:label2\" content=\"Dur\u00e9e de lecture estim\u00e9e\" \/>\n\t<meta name=\"twitter:data2\" content=\"1 minute\" \/>\n<script type=\"application\/ld+json\" class=\"yoast-schema-graph\">{\"@context\":\"https:\/\/schema.org\",\"@graph\":[{\"@type\":\"Article\",\"@id\":\"https:\/\/www.carideal.com\/blog\/2012\/06\/08\/nouvelle-serie-special-pour-kia\/#article\",\"isPartOf\":{\"@id\":\"https:\/\/www.carideal.com\/blog\/2012\/06\/08\/nouvelle-serie-special-pour-kia\/\"},\"author\":{\"name\":\"N.S Carideal\",\"@id\":\"https:\/\/www.carideal.com\/blog\/#\/schema\/person\/985c7e757d1042d647f21bfaf8d41ebc\"},\"headline\":\"Nouvelle s\u00e9rie sp\u00e9ciale pour KIA Venga\",\"datePublished\":\"2012-06-08T16:23:00+00:00\",\"dateModified\":\"2019-02-07T17:21:09+00:00\",\"mainEntityOfPage\":{\"@id\":\"https:\/\/www.carideal.com\/blog\/2012\/06\/08\/nouvelle-serie-special-pour-kia\/\"},\"wordCount\":117,\"commentCount\":0,\"publisher\":{\"@id\":\"https:\/\/www.carideal.com\/blog\/#organization\"},\"articleSection\":[\"Actualit\u00e9 Kia\",\"March\u00e9 automobile\"],\"inLanguage\":\"fr-FR\",\"potentialAction\":[{\"@type\":\"CommentAction\",\"name\":\"Comment\",\"target\":[\"https:\/\/www.carideal.com\/blog\/2012\/06\/08\/nouvelle-serie-special-pour-kia\/#respond\"]}]},{\"@type\":\"WebPage\",\"@id\":\"https:\/\/www.carideal.com\/blog\/2012\/06\/08\/nouvelle-serie-special-pour-kia\/\",\"url\":\"https:\/\/www.carideal.com\/blog\/2012\/06\/08\/nouvelle-serie-special-pour-kia\/\",\"name\":\"Nouvelle s\u00e9rie sp\u00e9ciale pour KIA Venga - Blog auto Carid\u00e9al\",\"isPartOf\":{\"@id\":\"https:\/\/www.carideal.com\/blog\/#website\"},\"datePublished\":\"2012-06-08T16:23:00+00:00\",\"dateModified\":\"2019-02-07T17:21:09+00:00\",\"breadcrumb\":{\"@id\":\"https:\/\/www.carideal.com\/blog\/2012\/06\/08\/nouvelle-serie-special-pour-kia\/#breadcrumb\"},\"inLanguage\":\"fr-FR\",\"potentialAction\":[{\"@type\":\"ReadAction\",\"target\":[\"https:\/\/www.carideal.com\/blog\/2012\/06\/08\/nouvelle-serie-special-pour-kia\/\"]}]},{\"@type\":\"BreadcrumbList\",\"@id\":\"https:\/\/www.carideal.com\/blog\/2012\/06\/08\/nouvelle-serie-special-pour-kia\/#breadcrumb\",\"itemListElement\":[{\"@type\":\"ListItem\",\"position\":1,\"name\":\"Blog Carid\u00e9al\",\"item\":\"https:\/\/www.carideal.com\/blog\/\"},{\"@type\":\"ListItem\",\"position\":2,\"name\":\"Actualit\u00e9 constructeur automobile\",\"item\":\"https:\/\/www.carideal.com\/blog\/constructeur\/\"},{\"@type\":\"ListItem\",\"position\":3,\"name\":\"Actualit\u00e9 Kia\",\"item\":\"https:\/\/www.carideal.com\/blog\/constructeur\/kia\/\"},{\"@type\":\"ListItem\",\"position\":4,\"name\":\"Nouvelle s\u00e9rie sp\u00e9ciale pour KIA Venga\"}]},{\"@type\":\"WebSite\",\"@id\":\"https:\/\/www.carideal.com\/blog\/#website\",\"url\":\"https:\/\/www.carideal.com\/blog\/\",\"name\":\"Blog auto Carid\u00e9al\",\"description\":\"Actualit\u00e9 auto par des passionn\u00e9s\",\"publisher\":{\"@id\":\"https:\/\/www.carideal.com\/blog\/#organization\"},\"potentialAction\":[{\"@type\":\"SearchAction\",\"target\":{\"@type\":\"EntryPoint\",\"urlTemplate\":\"https:\/\/www.carideal.com\/blog\/?s={search_term_string}\"},\"query-input\":{\"@type\":\"PropertyValueSpecification\",\"valueRequired\":true,\"valueName\":\"search_term_string\"}}],\"inLanguage\":\"fr-FR\"},{\"@type\":\"Organization\",\"@id\":\"https:\/\/www.carideal.com\/blog\/#organization\",\"name\":\"Carideal\",\"url\":\"https:\/\/www.carideal.com\/blog\/\",\"logo\":{\"@type\":\"ImageObject\",\"inLanguage\":\"fr-FR\",\"@id\":\"https:\/\/www.carideal.com\/blog\/#\/schema\/logo\/image\/\",\"url\":\"http:\/\/www.carideal.com\/blog\/wp-content\/uploads\/2016\/03\/logo-carideal-mandataire-automobile.png\",\"contentUrl\":\"http:\/\/www.carideal.com\/blog\/wp-content\/uploads\/2016\/03\/logo-carideal-mandataire-automobile.png\",\"width\":300,\"height\":300,\"caption\":\"Carideal\"},\"image\":{\"@id\":\"https:\/\/www.carideal.com\/blog\/#\/schema\/logo\/image\/\"},\"sameAs\":[\"https:\/\/www.facebook.com\/Carideal.mandataire.automobile\",\"https:\/\/x.com\/caridealauto\",\"https:\/\/www.instagram.com\/carideal1\/\",\"https:\/\/www.linkedin.com\/company\/carideal.com\",\"https:\/\/fr.pinterest.com\/schiavonsas\/\",\"https:\/\/www.youtube.com\/user\/caridealsas\"]},{\"@type\":\"Person\",\"@id\":\"https:\/\/www.carideal.com\/blog\/#\/schema\/person\/985c7e757d1042d647f21bfaf8d41ebc\",\"name\":\"N.S Carideal\",\"image\":{\"@type\":\"ImageObject\",\"inLanguage\":\"fr-FR\",\"@id\":\"https:\/\/www.carideal.com\/blog\/#\/schema\/person\/image\/\",\"url\":\"https:\/\/secure.gravatar.com\/avatar\/edb7ccdf1a4e3d14aef967760d354d0e?s=96&r=g\",\"contentUrl\":\"https:\/\/secure.gravatar.com\/avatar\/edb7ccdf1a4e3d14aef967760d354d0e?s=96&r=g\",\"caption\":\"N.S Carideal\"},\"description\":\"Depuis tout petit fan d'automobile. Il est question d'essayer et de comparer toutes ces voitures qui nous ont fait r\u00e9ver, avant que celles-ci ne devient uniquement des voitures de collection.\",\"sameAs\":[\"http:\/\/www.carideal.com\/blog\",\"https:\/\/www.facebook.com\/Carideal.mandataire.automobile\/\",\"https:\/\/www.linkedin.com\/in\/nschiavon\/\",\"https:\/\/www.youtube.com\/user\/caridealsas\/\"],\"url\":\"https:\/\/www.carideal.com\/blog\/author\/admin_carideal\/\"}]}<\/script>\n<!-- \/ Yoast SEO plugin. -->","yoast_head_json":{"title":"Nouvelle s\u00e9rie sp\u00e9ciale pour KIA Venga - Blog auto Carid\u00e9al","robots":{"index":"noindex","follow":"follow"},"og_locale":"fr_FR","og_type":"article","og_title":"Nouvelle s\u00e9rie sp\u00e9ciale pour KIA Venga - Blog auto Carid\u00e9al","og_description":"Nouvelle s\u00e9rie sp\u00e9ciale pour la KIA Venga Kia lance une s\u00e9rie sp\u00e9cial pour sa Venga nomm\u00e9e Navi Pack, limit\u00e9 \u00e0 550 exemplaires.Cette s\u00e9rie d\u00e9riv\u00e9e de la version du milieu gamme Active s'enrichit au niveau des \u00e9quipements: ouverture et d\u00e9marrage sans cl\u00e9, jantes de 16 pouces en alliage, feux et essuie-glaces automatiques, r\u00e9troviseurs rabattables \u00e9lectriquement et ... Lire plus","og_url":"https:\/\/www.carideal.com\/blog\/2012\/06\/08\/nouvelle-serie-special-pour-kia\/","og_site_name":"Blog auto Carid\u00e9al","article_publisher":"https:\/\/www.facebook.com\/Carideal.mandataire.automobile","article_author":"https:\/\/www.facebook.com\/Carideal.mandataire.automobile\/","article_published_time":"2012-06-08T16:23:00+00:00","article_modified_time":"2019-02-07T17:21:09+00:00","og_image":[{"width":300,"height":300,"url":"https:\/\/www.carideal.com\/blog\/wp-content\/uploads\/2016\/03\/logo-carideal-mandataire-automobile.png","type":"image\/png"}],"author":"N.S Carideal","twitter_card":"summary_large_image","twitter_creator":"@caridealauto","twitter_site":"@caridealauto","twitter_misc":{"\u00c9crit par":"N.S Carideal","Dur\u00e9e de lecture estim\u00e9e":"1 minute"},"schema":{"@context":"https:\/\/schema.org","@graph":[{"@type":"Article","@id":"https:\/\/www.carideal.com\/blog\/2012\/06\/08\/nouvelle-serie-special-pour-kia\/#article","isPartOf":{"@id":"https:\/\/www.carideal.com\/blog\/2012\/06\/08\/nouvelle-serie-special-pour-kia\/"},"author":{"name":"N.S Carideal","@id":"https:\/\/www.carideal.com\/blog\/#\/schema\/person\/985c7e757d1042d647f21bfaf8d41ebc"},"headline":"Nouvelle s\u00e9rie sp\u00e9ciale pour KIA Venga","datePublished":"2012-06-08T16:23:00+00:00","dateModified":"2019-02-07T17:21:09+00:00","mainEntityOfPage":{"@id":"https:\/\/www.carideal.com\/blog\/2012\/06\/08\/nouvelle-serie-special-pour-kia\/"},"wordCount":117,"commentCount":0,"publisher":{"@id":"https:\/\/www.carideal.com\/blog\/#organization"},"articleSection":["Actualit\u00e9 Kia","March\u00e9 automobile"],"inLanguage":"fr-FR","potentialAction":[{"@type":"CommentAction","name":"Comment","target":["https:\/\/www.carideal.com\/blog\/2012\/06\/08\/nouvelle-serie-special-pour-kia\/#respond"]}]},{"@type":"WebPage","@id":"https:\/\/www.carideal.com\/blog\/2012\/06\/08\/nouvelle-serie-special-pour-kia\/","url":"https:\/\/www.carideal.com\/blog\/2012\/06\/08\/nouvelle-serie-special-pour-kia\/","name":"Nouvelle s\u00e9rie sp\u00e9ciale pour KIA Venga - Blog auto Carid\u00e9al","isPartOf":{"@id":"https:\/\/www.carideal.com\/blog\/#website"},"datePublished":"2012-06-08T16:23:00+00:00","dateModified":"2019-02-07T17:21:09+00:00","breadcrumb":{"@id":"https:\/\/www.carideal.com\/blog\/2012\/06\/08\/nouvelle-serie-special-pour-kia\/#breadcrumb"},"inLanguage":"fr-FR","potentialAction":[{"@type":"ReadAction","target":["https:\/\/www.carideal.com\/blog\/2012\/06\/08\/nouvelle-serie-special-pour-kia\/"]}]},{"@type":"BreadcrumbList","@id":"https:\/\/www.carideal.com\/blog\/2012\/06\/08\/nouvelle-serie-special-pour-kia\/#breadcrumb","itemListElement":[{"@type":"ListItem","position":1,"name":"Blog Carid\u00e9al","item":"https:\/\/www.carideal.com\/blog\/"},{"@type":"ListItem","position":2,"name":"Actualit\u00e9 constructeur automobile","item":"https:\/\/www.carideal.com\/blog\/constructeur\/"},{"@type":"ListItem","position":3,"name":"Actualit\u00e9 Kia","item":"https:\/\/www.carideal.com\/blog\/constructeur\/kia\/"},{"@type":"ListItem","position":4,"name":"Nouvelle s\u00e9rie sp\u00e9ciale pour KIA Venga"}]},{"@type":"WebSite","@id":"https:\/\/www.carideal.com\/blog\/#website","url":"https:\/\/www.carideal.com\/blog\/","name":"Blog auto Carid\u00e9al","description":"Actualit\u00e9 auto par des passionn\u00e9s","publisher":{"@id":"https:\/\/www.carideal.com\/blog\/#organization"},"potentialAction":[{"@type":"SearchAction","target":{"@type":"EntryPoint","urlTemplate":"https:\/\/www.carideal.com\/blog\/?s={search_term_string}"},"query-input":{"@type":"PropertyValueSpecification","valueRequired":true,"valueName":"search_term_string"}}],"inLanguage":"fr-FR"},{"@type":"Organization","@id":"https:\/\/www.carideal.com\/blog\/#organization","name":"Carideal","url":"https:\/\/www.carideal.com\/blog\/","logo":{"@type":"ImageObject","inLanguage":"fr-FR","@id":"https:\/\/www.carideal.com\/blog\/#\/schema\/logo\/image\/","url":"http:\/\/www.carideal.com\/blog\/wp-content\/uploads\/2016\/03\/logo-carideal-mandataire-automobile.png","contentUrl":"http:\/\/www.carideal.com\/blog\/wp-content\/uploads\/2016\/03\/logo-carideal-mandataire-automobile.png","width":300,"height":300,"caption":"Carideal"},"image":{"@id":"https:\/\/www.carideal.com\/blog\/#\/schema\/logo\/image\/"},"sameAs":["https:\/\/www.facebook.com\/Carideal.mandataire.automobile","https:\/\/x.com\/caridealauto","https:\/\/www.instagram.com\/carideal1\/","https:\/\/www.linkedin.com\/company\/carideal.com","https:\/\/fr.pinterest.com\/schiavonsas\/","https:\/\/www.youtube.com\/user\/caridealsas"]},{"@type":"Person","@id":"https:\/\/www.carideal.com\/blog\/#\/schema\/person\/985c7e757d1042d647f21bfaf8d41ebc","name":"N.S Carideal","image":{"@type":"ImageObject","inLanguage":"fr-FR","@id":"https:\/\/www.carideal.com\/blog\/#\/schema\/person\/image\/","url":"https:\/\/secure.gravatar.com\/avatar\/edb7ccdf1a4e3d14aef967760d354d0e?s=96&r=g","contentUrl":"https:\/\/secure.gravatar.com\/avatar\/edb7ccdf1a4e3d14aef967760d354d0e?s=96&r=g","caption":"N.S Carideal"},"description":"Depuis tout petit fan d'automobile. Il est question d'essayer et de comparer toutes ces voitures qui nous ont fait r\u00e9ver, avant que celles-ci ne devient uniquement des voitures de collection.","sameAs":["http:\/\/www.carideal.com\/blog","https:\/\/www.facebook.com\/Carideal.mandataire.automobile\/","https:\/\/www.linkedin.com\/in\/nschiavon\/","https:\/\/www.youtube.com\/user\/caridealsas\/"],"url":"https:\/\/www.carideal.com\/blog\/author\/admin_carideal\/"}]}},"uagb_featured_image_src":{"full":false,"thumbnail":false,"medium":false,"medium_large":false,"large":false,"1536x1536":false,"2048x2048":false,"wppr-widget":false},"uagb_author_info":{"display_name":"N.S Carideal","author_link":"https:\/\/www.carideal.com\/blog\/author\/admin_carideal\/"},"uagb_comment_info":0,"uagb_excerpt":"Nouvelle s\u00e9rie sp\u00e9ciale pour la KIA Venga Kia lance une s\u00e9rie sp\u00e9cial pour sa Venga nomm\u00e9e Navi Pack, limit\u00e9 \u00e0 550 exemplaires.Cette s\u00e9rie d\u00e9riv\u00e9e de la version du milieu gamme Active s'enrichit au niveau des \u00e9quipements: ouverture et d\u00e9marrage sans cl\u00e9, jantes de 16 pouces en alliage, feux et essuie-glaces automatiques, r\u00e9troviseurs rabattables \u00e9lectriquement et\u2026","_links":{"self":[{"href":"https:\/\/www.carideal.com\/blog\/wp-json\/wp\/v2\/posts\/1131"}],"collection":[{"href":"https:\/\/www.carideal.com\/blog\/wp-json\/wp\/v2\/posts"}],"about":[{"href":"https:\/\/www.carideal.com\/blog\/wp-json\/wp\/v2\/types\/post"}],"author":[{"embeddable":true,"href":"https:\/\/www.carideal.com\/blog\/wp-json\/wp\/v2\/users\/1"}],"replies":[{"embeddable":true,"href":"https:\/\/www.carideal.com\/blog\/wp-json\/wp\/v2\/comments?post=1131"}],"version-history":[{"count":0,"href":"https:\/\/www.carideal.com\/blog\/wp-json\/wp\/v2\/posts\/1131\/revisions"}],"wp:attachment":[{"href":"https:\/\/www.carideal.com\/blog\/wp-json\/wp\/v2\/media?parent=1131"}],"wp:term":[{"taxonomy":"category","embeddable":true,"href":"https:\/\/www.carideal.com\/blog\/wp-json\/wp\/v2\/categories?post=1131"},{"taxonomy":"post_tag","embeddable":true,"href":"https:\/\/www.carideal.com\/blog\/wp-json\/wp\/v2\/tags?post=1131"}],"curies":[{"name":"wp","href":"https:\/\/api.w.org\/{rel}","templated":true}]}}