{"id":11286,"date":"2016-07-05T10:24:40","date_gmt":"2016-07-05T08:24:40","guid":{"rendered":"http:\/\/www.carideal.com\/blog\/?p=11286"},"modified":"2020-03-07T16:53:30","modified_gmt":"2020-03-07T15:53:30","slug":"pieces-de-rechange-offensive-de-psa","status":"publish","type":"post","link":"https:\/\/www.carideal.com\/blog\/2016\/07\/05\/pieces-de-rechange-offensive-de-psa\/","title":{"rendered":"Pi\u00e8ces de rechange : offensive de PSA"},"content":{"rendered":"<h1><strong>PSA Group lance l'offensive\u00a0pi\u00e8ces de rechange multi-marque automobile<\/strong><\/h1>\n<figure id=\"attachment_11287\" aria-describedby=\"caption-attachment-11287\" style=\"width: 290px\" class=\"wp-caption alignleft\"><a href=\"http:\/\/www.carideal.com\/blog\/wp-content\/uploads\/2016\/07\/piece-de-rechange-PSA.jpg\"><img loading=\"lazy\" decoding=\"async\" class=\"wp-image-11287 size-medium\" title=\"Pi\u00e8ces de rechange\" src=\"http:\/\/www.carideal.com\/blog\/wp-content\/uploads\/2016\/07\/piece-de-rechange-PSA-300x126.jpg\" alt=\"Pi\u00e8ces de rechange\" width=\"300\" height=\"126\" \/><\/a><figcaption id=\"caption-attachment-11287\" class=\"wp-caption-text\">Pi\u00e8ces de rechange<\/figcaption><\/figure>\n<p>Le Lundi 4 Juillet, le groupe PSA a d\u00e9voil\u00e9 les d\u00e9tails de sa nouvelle feuille de route pour les <strong>pi\u00e8ces de rechange<\/strong>\u00a0multi-marques automobile et le service apr\u00e8s-vente. Il s'agit l\u00e0 de l'un des piliers de son plan strat\u00e9gique\u00a0<strong>Push to Pass<\/strong>.<\/p>\n<p>La pr\u00e9sentation a \u00e9t\u00e9 donn\u00e9e aux investisseurs et aux dirigeants des 50 groupes de distributions automobiles \u00e0 mettre en place en France, en Belgique et au Luxembourg.<\/p>\n<p>En ligne avec le d\u00e9ploiement du plan Push to Pass , PSA Aftermarket vise \u00e0 r\u00e9pondre aux besoins de tous les types de clients internationaux, ind\u00e9pendamment de la marque ou de l'\u00e2ge de leur v\u00e9hicule, et leur choix du canal de distribution choisi.<\/p>\n<p>Il pourra s'agir de r\u00e9parateur agr\u00e9\u00e9s de la marque\u00a0ou de garage\u00a0ind\u00e9pendant de r\u00e9paration automobile ou d'Internet, ou de leurs attentes en termes de services et de prix.<\/p>\n<h2>Etre pr\u00e9sent sur tous les march\u00e9s de la pi\u00e8ces de rechange automobile<\/h2>\n<p>\u00c0 cette fin, le Groupe PSA a \u00e9tendu l'offre de ses pi\u00e8ces de rechange automobile afin qu'elle comprenne :<br \/>\n- Une gamme de pi\u00e8ces de grands fabricants d'\u00e9quipement de <strong>pi\u00e8ce de rechange d'origine<\/strong> (OEM Equipement original manufacturer) - une premi\u00e8re pour un <span style=\"text-decoration: underline;\"><a href=\"http:\/\/www.carideal.com\/blog\/2014\/01\/01\/les-constructeurs-automobiles-testent-la-vente-en-ligne-sur-internet\/\">constructeur automobile<\/a><\/span>;<br \/>\n- Une <strong>gamme Eurorepar multi-marques<\/strong> \u00e9largi avec 9000 pi\u00e8ces de rechange, qui sera lanc\u00e9 dans le monde entier ;<br \/>\n- Une gamme conventionnelle de pi\u00e8ces de rechange d'origine\u00a0pour les marques du Groupe ;<br \/>\n- <strong>Mister-auto.com<\/strong>, qui est disponible dans 13 pays et d\u00e9j\u00e0 compte plus d'un million de clients.<\/p>\n<figure id=\"attachment_11289\" aria-describedby=\"caption-attachment-11289\" style=\"width: 290px\" class=\"wp-caption alignleft\"><a href=\"http:\/\/www.carideal.com\/blog\/wp-content\/uploads\/2016\/07\/pi\u00e8ces-detachees.jpg\"><img loading=\"lazy\" decoding=\"async\" class=\"wp-image-11289 size-medium\" title=\"Pi\u00e8ces d\u00e9tach\u00e9es d'origine constructeur\" src=\"http:\/\/www.carideal.com\/blog\/wp-content\/uploads\/2016\/07\/pi\u00e8ces-detachees-300x100.jpg\" alt=\"Pi\u00e8ces d\u00e9tach\u00e9es d'origine constructeur\" width=\"300\" height=\"100\" srcset=\"https:\/\/www.carideal.com\/blog\/wp-content\/uploads\/2016\/07\/pi\u00e8ces-detachees-300x100.jpg 300w, https:\/\/www.carideal.com\/blog\/wp-content\/uploads\/2016\/07\/pi\u00e8ces-detachees.jpg 600w\" sizes=\"(max-width: 300px) 100vw, 300px\" \/><\/a><figcaption id=\"caption-attachment-11289\" class=\"wp-caption-text\">Pi\u00e8ces d\u00e9tach\u00e9es d'origine constructeur<\/figcaption><\/figure>\n<p>Ensemble, ces solutions couvrent tous les besoins en\u00a0pi\u00e8ces de rechange des garages\u00a0de r\u00e9paration d'automobiles ind\u00e9pendants, qui va maintenant \u00eatre en mesure de prendre des commandes\u00a0et d'acheter des pi\u00e8ces de rechange\u00a0\u00e0 partir d'un centre de distribution multi-marque unique PSA.<\/p>\n<p>Cinquante de ces centres sont actuellement mis en place en France et au Benelux, avec un total d'environ 140 pr\u00e9vu pour le lancement dans toute l'Europe.<\/p>\n<h2>PSA veut proposer une solution de distribution des pi\u00e8ces de rechange auto<\/h2>\n<p>Dans un environnement de plus en plus concurrentiel, l'objectif est de fournir une solution de distribution de pi\u00e8ces de rechange automobiles leader sur le march\u00e9, avec un service de livraison qui r\u00e9pond aux attentes des garages\u00a0de r\u00e9paration automobile. Certains des 140 centres de pi\u00e8ces de rechange seront mis en place au sein de son propre r\u00e9seau <strong>PSA Retail. <\/strong>C'est d\u00e9j\u00e0 le cas en PACA avec la plateforme de Marseille d\u00e9tenue par PSA retail. Tandis que d'autres seront confi\u00e9s \u00e0 des <strong>investisseurs priv\u00e9s<\/strong>.<\/p>\n<p>Toutes vont remplir les crit\u00e8res de performance n\u00e9cessaires \u00e0 la r\u00e9ussite de\u00a0ce nouveau\u00a0challenge.<\/p>\n<h2>PSA acc\u00e9l\u00e8re le d\u00e9veloppement de son r\u00e9seau mondial apr\u00e8s-vente auto<\/h2>\n<p>Pour soutenir ses ambitions, le Groupe PSA est en train d'acc\u00e9l\u00e9rer le d\u00e9veloppement de son r\u00e9seau mondial de r\u00e9paration multi-marque , <span style=\"text-decoration: underline;\"><a href=\"http:\/\/www.eurorepar.fr\/\">EuroRepar Car Service<\/a><\/span>, qui est particuli\u00e8rement bien positionn\u00e9 pour l'<span style=\"text-decoration: underline;\"><a href=\"http:\/\/www.carideal.com\/blog\/2014\/04\/04\/entretien-quel-est-le-cout-reel-de-votre-vehicule\/\">entretien auto<\/a><\/span> parmi les clients pragmatiques avec des v\u00e9hicules de toutes marques.<\/p>\n<p>Commentant la nouvelle feuille de route, Jean-Baptiste de Chatillon, directeur financier du groupe PSA, a d\u00e9clar\u00e9: \"Ceci est un projet gagnant-gagnant entre le groupe et les investisseurs, en termes d'opportunit\u00e9s de croissance dans un march\u00e9 tr\u00e8s concurrentiel et en termes de rentabilit\u00e9 .<\/p>\n<p>Le groupe PSA a des atouts ind\u00e9niables \", non seulement gr\u00e2ce \u00e0 notre expertise en mati\u00e8re de logistique, mais aussi \u00e0 nos fournisseurs partenaires, qui ont facilement se joindre \u00e0 nous dans cette aventure passionnante.<\/p>\n<p>Christophe Musy, vice-pr\u00e9sident, Pi\u00e8ces de rechange et Services, a d\u00e9clar\u00e9: \u00abLa cr\u00e9ation de cette nouvelle entreprise est une \u00e9tape importante pour le Groupe PSA. Nous lan\u00e7ons une vaste offensive de marketing en d\u00e9pla\u00e7ant le centre de notre offre de pi\u00e8ces de rechange d'origine et nos trois marques, <span style=\"text-decoration: underline;\">Peugeot Citroen<\/span> et <span style=\"text-decoration: underline;\">DS<\/span> \u00e0 quelque chose de massivement plus grand.\u00a0Cette offre de pi\u00e8ces de rechange englobe l'ensemble du march\u00e9 de la r\u00e9paration automobile ind\u00e9pendante pour tous les v\u00e9hicules dans le monde entier \".<\/p>\n","protected":false},"excerpt":{"rendered":"<p>PSA Group lance l&rsquo;offensive\u00a0pi\u00e8ces de rechange multi-marque automobile Le Lundi 4 Juillet, le groupe PSA a d\u00e9voil\u00e9 les d\u00e9tails de sa nouvelle feuille de route pour les pi\u00e8ces de rechange\u00a0multi-marques automobile et le service apr\u00e8s-vente. Il s&rsquo;agit l\u00e0 de l&rsquo;un des piliers de son plan strat\u00e9gique\u00a0Push to Pass. La pr\u00e9sentation a \u00e9t\u00e9 donn\u00e9e aux investisseurs &#8230; <a title=\"Pi\u00e8ces de rechange : offensive de PSA\" class=\"read-more\" href=\"https:\/\/www.carideal.com\/blog\/2016\/07\/05\/pieces-de-rechange-offensive-de-psa\/\" aria-label=\"En savoir plus sur Pi\u00e8ces de rechange : offensive de PSA\">Lire plus<\/a><\/p>\n","protected":false},"author":3,"featured_media":13378,"comment_status":"open","ping_status":"open","sticky":false,"template":"","format":"standard","meta":{"_uag_custom_page_level_css":"","_themeisle_gutenberg_block_has_review":false,"footnotes":""},"categories":[21,5944,3,8,10],"tags":[5299,1165],"class_list":["post-11286","post","type-post","status-publish","format-standard","has-post-thumbnail","hentry","category-actualites-auto","category-constructeur","category-actualites-financieres","category-garage-entretien-automobile","category-marche-automobile-voiture-neuve-occasion-4x4-suv","tag-cout","tag-entretien"],"wppr_data":{"cwp_meta_box_check":"No"},"yoast_head":"<!-- This site is optimized with the Yoast SEO plugin v24.8.1 - https:\/\/yoast.com\/wordpress\/plugins\/seo\/ -->\n<title>Pi\u00e8ces de rechange : offensive de PSA - Blog auto Carid\u00e9al<\/title>\n<meta name=\"description\" content=\"Le Lundi 4 Juillet, PSA a d\u00e9voil\u00e9 les d\u00e9tails de sa feuille de route pour les pi\u00e8ces de rechange multi-marques et l&#039;apr\u00e8s-vente de son plan Push to Pass.\" \/>\n<meta name=\"robots\" content=\"index, follow, max-snippet:-1, max-image-preview:large, max-video-preview:-1\" \/>\n<link rel=\"canonical\" href=\"https:\/\/www.carideal.com\/blog\/2016\/07\/05\/pieces-de-rechange-offensive-de-psa\/\" \/>\n<meta property=\"og:locale\" content=\"fr_FR\" \/>\n<meta property=\"og:type\" content=\"article\" \/>\n<meta property=\"og:title\" content=\"Pi\u00e8ces de rechange : offensive de PSA - Blog auto Carid\u00e9al\" \/>\n<meta property=\"og:description\" content=\"Le Lundi 4 Juillet, PSA a d\u00e9voil\u00e9 les d\u00e9tails de sa feuille de route pour les pi\u00e8ces de rechange multi-marques et l&#039;apr\u00e8s-vente de son plan Push to Pass.\" \/>\n<meta property=\"og:url\" content=\"https:\/\/www.carideal.com\/blog\/2016\/07\/05\/pieces-de-rechange-offensive-de-psa\/\" \/>\n<meta property=\"og:site_name\" content=\"Blog auto Carid\u00e9al\" \/>\n<meta property=\"article:publisher\" content=\"https:\/\/www.facebook.com\/Carideal.mandataire.automobile\" \/>\n<meta property=\"article:author\" content=\"https:\/\/www.facebook.com\/nicolas.schiavon.39\" \/>\n<meta property=\"article:published_time\" content=\"2016-07-05T08:24:40+00:00\" \/>\n<meta property=\"article:modified_time\" content=\"2020-03-07T15:53:30+00:00\" \/>\n<meta property=\"og:image\" content=\"https:\/\/www.carideal.com\/blog\/wp-content\/uploads\/2016\/07\/piece-de-rechange-e1580110578286.jpg\" \/>\n\t<meta property=\"og:image:width\" content=\"700\" \/>\n\t<meta property=\"og:image:height\" content=\"467\" \/>\n\t<meta property=\"og:image:type\" content=\"image\/jpeg\" \/>\n<meta name=\"author\" content=\"Nicolas SCHIAVON\" \/>\n<meta name=\"twitter:card\" content=\"summary_large_image\" \/>\n<meta name=\"twitter:creator\" content=\"@caridealauto\" \/>\n<meta name=\"twitter:site\" content=\"@caridealauto\" \/>\n<meta name=\"twitter:label1\" content=\"\u00c9crit par\" \/>\n\t<meta name=\"twitter:data1\" content=\"Nicolas SCHIAVON\" \/>\n\t<meta name=\"twitter:label2\" content=\"Dur\u00e9e de lecture estim\u00e9e\" \/>\n\t<meta name=\"twitter:data2\" content=\"4 minutes\" \/>\n<script type=\"application\/ld+json\" class=\"yoast-schema-graph\">{\"@context\":\"https:\/\/schema.org\",\"@graph\":[{\"@type\":\"Article\",\"@id\":\"https:\/\/www.carideal.com\/blog\/2016\/07\/05\/pieces-de-rechange-offensive-de-psa\/#article\",\"isPartOf\":{\"@id\":\"https:\/\/www.carideal.com\/blog\/2016\/07\/05\/pieces-de-rechange-offensive-de-psa\/\"},\"author\":{\"name\":\"Nicolas SCHIAVON\",\"@id\":\"https:\/\/www.carideal.com\/blog\/#\/schema\/person\/cd95dc7919660de90d31b366f85be1ec\"},\"headline\":\"Pi\u00e8ces de rechange : offensive de PSA\",\"datePublished\":\"2016-07-05T08:24:40+00:00\",\"dateModified\":\"2020-03-07T15:53:30+00:00\",\"mainEntityOfPage\":{\"@id\":\"https:\/\/www.carideal.com\/blog\/2016\/07\/05\/pieces-de-rechange-offensive-de-psa\/\"},\"wordCount\":732,\"commentCount\":0,\"publisher\":{\"@id\":\"https:\/\/www.carideal.com\/blog\/#organization\"},\"image\":{\"@id\":\"https:\/\/www.carideal.com\/blog\/2016\/07\/05\/pieces-de-rechange-offensive-de-psa\/#primaryimage\"},\"thumbnailUrl\":\"https:\/\/www.carideal.com\/blog\/wp-content\/uploads\/2016\/07\/piece-de-rechange-e1580110578286.jpg\",\"keywords\":[\"Cout entretien voiture\",\"Entretien voiture\"],\"articleSection\":[\"Actualit\u00e9 automobile\",\"Actualit\u00e9 Constructeur automobile\",\"Actualit\u00e9 Financi\u00e8re\",\"Garage automobile r\u00e9vision voiture\",\"March\u00e9 automobile\"],\"inLanguage\":\"fr-FR\",\"potentialAction\":[{\"@type\":\"CommentAction\",\"name\":\"Comment\",\"target\":[\"https:\/\/www.carideal.com\/blog\/2016\/07\/05\/pieces-de-rechange-offensive-de-psa\/#respond\"]}]},{\"@type\":\"WebPage\",\"@id\":\"https:\/\/www.carideal.com\/blog\/2016\/07\/05\/pieces-de-rechange-offensive-de-psa\/\",\"url\":\"https:\/\/www.carideal.com\/blog\/2016\/07\/05\/pieces-de-rechange-offensive-de-psa\/\",\"name\":\"Pi\u00e8ces de rechange : offensive de PSA - Blog auto Carid\u00e9al\",\"isPartOf\":{\"@id\":\"https:\/\/www.carideal.com\/blog\/#website\"},\"primaryImageOfPage\":{\"@id\":\"https:\/\/www.carideal.com\/blog\/2016\/07\/05\/pieces-de-rechange-offensive-de-psa\/#primaryimage\"},\"image\":{\"@id\":\"https:\/\/www.carideal.com\/blog\/2016\/07\/05\/pieces-de-rechange-offensive-de-psa\/#primaryimage\"},\"thumbnailUrl\":\"https:\/\/www.carideal.com\/blog\/wp-content\/uploads\/2016\/07\/piece-de-rechange-e1580110578286.jpg\",\"datePublished\":\"2016-07-05T08:24:40+00:00\",\"dateModified\":\"2020-03-07T15:53:30+00:00\",\"description\":\"Le Lundi 4 Juillet, PSA a d\u00e9voil\u00e9 les d\u00e9tails de sa feuille de route pour les pi\u00e8ces de rechange multi-marques et l'apr\u00e8s-vente de son plan Push to Pass.\",\"breadcrumb\":{\"@id\":\"https:\/\/www.carideal.com\/blog\/2016\/07\/05\/pieces-de-rechange-offensive-de-psa\/#breadcrumb\"},\"inLanguage\":\"fr-FR\",\"potentialAction\":[{\"@type\":\"ReadAction\",\"target\":[\"https:\/\/www.carideal.com\/blog\/2016\/07\/05\/pieces-de-rechange-offensive-de-psa\/\"]}]},{\"@type\":\"ImageObject\",\"inLanguage\":\"fr-FR\",\"@id\":\"https:\/\/www.carideal.com\/blog\/2016\/07\/05\/pieces-de-rechange-offensive-de-psa\/#primaryimage\",\"url\":\"https:\/\/www.carideal.com\/blog\/wp-content\/uploads\/2016\/07\/piece-de-rechange-e1580110578286.jpg\",\"contentUrl\":\"https:\/\/www.carideal.com\/blog\/wp-content\/uploads\/2016\/07\/piece-de-rechange-e1580110578286.jpg\",\"width\":700,\"height\":467,\"caption\":\"Pi\u00e8ce de rechange\"},{\"@type\":\"BreadcrumbList\",\"@id\":\"https:\/\/www.carideal.com\/blog\/2016\/07\/05\/pieces-de-rechange-offensive-de-psa\/#breadcrumb\",\"itemListElement\":[{\"@type\":\"ListItem\",\"position\":1,\"name\":\"Blog Carid\u00e9al\",\"item\":\"https:\/\/www.carideal.com\/blog\/\"},{\"@type\":\"ListItem\",\"position\":2,\"name\":\"Actualit\u00e9 constructeur automobile\",\"item\":\"https:\/\/www.carideal.com\/blog\/constructeur\/\"},{\"@type\":\"ListItem\",\"position\":3,\"name\":\"Pi\u00e8ces de rechange : offensive de PSA\"}]},{\"@type\":\"WebSite\",\"@id\":\"https:\/\/www.carideal.com\/blog\/#website\",\"url\":\"https:\/\/www.carideal.com\/blog\/\",\"name\":\"Blog auto Carid\u00e9al\",\"description\":\"Actualit\u00e9 auto par des passionn\u00e9s\",\"publisher\":{\"@id\":\"https:\/\/www.carideal.com\/blog\/#organization\"},\"potentialAction\":[{\"@type\":\"SearchAction\",\"target\":{\"@type\":\"EntryPoint\",\"urlTemplate\":\"https:\/\/www.carideal.com\/blog\/?s={search_term_string}\"},\"query-input\":{\"@type\":\"PropertyValueSpecification\",\"valueRequired\":true,\"valueName\":\"search_term_string\"}}],\"inLanguage\":\"fr-FR\"},{\"@type\":\"Organization\",\"@id\":\"https:\/\/www.carideal.com\/blog\/#organization\",\"name\":\"Carideal\",\"url\":\"https:\/\/www.carideal.com\/blog\/\",\"logo\":{\"@type\":\"ImageObject\",\"inLanguage\":\"fr-FR\",\"@id\":\"https:\/\/www.carideal.com\/blog\/#\/schema\/logo\/image\/\",\"url\":\"http:\/\/www.carideal.com\/blog\/wp-content\/uploads\/2016\/03\/logo-carideal-mandataire-automobile.png\",\"contentUrl\":\"http:\/\/www.carideal.com\/blog\/wp-content\/uploads\/2016\/03\/logo-carideal-mandataire-automobile.png\",\"width\":300,\"height\":300,\"caption\":\"Carideal\"},\"image\":{\"@id\":\"https:\/\/www.carideal.com\/blog\/#\/schema\/logo\/image\/\"},\"sameAs\":[\"https:\/\/www.facebook.com\/Carideal.mandataire.automobile\",\"https:\/\/x.com\/caridealauto\",\"https:\/\/www.instagram.com\/carideal1\/\",\"https:\/\/www.linkedin.com\/company\/carideal.com\",\"https:\/\/fr.pinterest.com\/schiavonsas\/\",\"https:\/\/www.youtube.com\/user\/caridealsas\"]},{\"@type\":\"Person\",\"@id\":\"https:\/\/www.carideal.com\/blog\/#\/schema\/person\/cd95dc7919660de90d31b366f85be1ec\",\"name\":\"Nicolas SCHIAVON\",\"image\":{\"@type\":\"ImageObject\",\"inLanguage\":\"fr-FR\",\"@id\":\"https:\/\/www.carideal.com\/blog\/#\/schema\/person\/image\/\",\"url\":\"https:\/\/secure.gravatar.com\/avatar\/c17e55009e671d92cc7f5dc837dc418a?s=96&r=g\",\"contentUrl\":\"https:\/\/secure.gravatar.com\/avatar\/c17e55009e671d92cc7f5dc837dc418a?s=96&r=g\",\"caption\":\"Nicolas SCHIAVON\"},\"description\":\"Nicolas Schiavon est tomb\u00e9 tout petit dans la marmite automobile. Ayant eu un garage de marque automobile, mandataire automobile de la premi\u00e8re heure d\u00e8s 1999. Nicolas a cr\u00e9\u00e9 ces premiers sites de vente de voiture et blog automobile d\u00e8s 1994. Carideal est n\u00e9 le 15 d\u00e9cembre 2000 de la volont\u00e9 de vendre des voitures d'occasions en ligne puis des voitures neuves. Il a pu essayer beaucoup de voitures tr\u00e8s diff\u00e9rentes et ayant eu personnellement quelques belles autos, Subaru Impreza, Mitsubishi Lancer Evo 7, Porsche 911, Ferrari Testarrossa, Audi RS3, RS4 et j'en passe...\",\"sameAs\":[\"http:\/\/www.carideal.com\",\"https:\/\/www.facebook.com\/nicolas.schiavon.39\",\"https:\/\/www.instagram.com\/carideal1\/\",\"https:\/\/www.linkedin.com\/in\/nschiavon\/\",\"https:\/\/x.com\/caridealauto\",\"https:\/\/www.youtube.com\/user\/caridealsas\/\"],\"url\":\"https:\/\/www.carideal.com\/blog\/author\/nschiavon\/\"}]}<\/script>\n<!-- \/ Yoast SEO plugin. -->","yoast_head_json":{"title":"Pi\u00e8ces de rechange : offensive de PSA - Blog auto Carid\u00e9al","description":"Le Lundi 4 Juillet, PSA a d\u00e9voil\u00e9 les d\u00e9tails de sa feuille de route pour les pi\u00e8ces de rechange multi-marques et l'apr\u00e8s-vente de son plan Push to Pass.","robots":{"index":"index","follow":"follow","max-snippet":"max-snippet:-1","max-image-preview":"max-image-preview:large","max-video-preview":"max-video-preview:-1"},"canonical":"https:\/\/www.carideal.com\/blog\/2016\/07\/05\/pieces-de-rechange-offensive-de-psa\/","og_locale":"fr_FR","og_type":"article","og_title":"Pi\u00e8ces de rechange : offensive de PSA - Blog auto Carid\u00e9al","og_description":"Le Lundi 4 Juillet, PSA a d\u00e9voil\u00e9 les d\u00e9tails de sa feuille de route pour les pi\u00e8ces de rechange multi-marques et l'apr\u00e8s-vente de son plan Push to Pass.","og_url":"https:\/\/www.carideal.com\/blog\/2016\/07\/05\/pieces-de-rechange-offensive-de-psa\/","og_site_name":"Blog auto Carid\u00e9al","article_publisher":"https:\/\/www.facebook.com\/Carideal.mandataire.automobile","article_author":"https:\/\/www.facebook.com\/nicolas.schiavon.39","article_published_time":"2016-07-05T08:24:40+00:00","article_modified_time":"2020-03-07T15:53:30+00:00","og_image":[{"width":700,"height":467,"url":"https:\/\/www.carideal.com\/blog\/wp-content\/uploads\/2016\/07\/piece-de-rechange-e1580110578286.jpg","type":"image\/jpeg"}],"author":"Nicolas SCHIAVON","twitter_card":"summary_large_image","twitter_creator":"@caridealauto","twitter_site":"@caridealauto","twitter_misc":{"\u00c9crit par":"Nicolas SCHIAVON","Dur\u00e9e de lecture estim\u00e9e":"4 minutes"},"schema":{"@context":"https:\/\/schema.org","@graph":[{"@type":"Article","@id":"https:\/\/www.carideal.com\/blog\/2016\/07\/05\/pieces-de-rechange-offensive-de-psa\/#article","isPartOf":{"@id":"https:\/\/www.carideal.com\/blog\/2016\/07\/05\/pieces-de-rechange-offensive-de-psa\/"},"author":{"name":"Nicolas SCHIAVON","@id":"https:\/\/www.carideal.com\/blog\/#\/schema\/person\/cd95dc7919660de90d31b366f85be1ec"},"headline":"Pi\u00e8ces de rechange : offensive de PSA","datePublished":"2016-07-05T08:24:40+00:00","dateModified":"2020-03-07T15:53:30+00:00","mainEntityOfPage":{"@id":"https:\/\/www.carideal.com\/blog\/2016\/07\/05\/pieces-de-rechange-offensive-de-psa\/"},"wordCount":732,"commentCount":0,"publisher":{"@id":"https:\/\/www.carideal.com\/blog\/#organization"},"image":{"@id":"https:\/\/www.carideal.com\/blog\/2016\/07\/05\/pieces-de-rechange-offensive-de-psa\/#primaryimage"},"thumbnailUrl":"https:\/\/www.carideal.com\/blog\/wp-content\/uploads\/2016\/07\/piece-de-rechange-e1580110578286.jpg","keywords":["Cout entretien voiture","Entretien voiture"],"articleSection":["Actualit\u00e9 automobile","Actualit\u00e9 Constructeur automobile","Actualit\u00e9 Financi\u00e8re","Garage automobile r\u00e9vision voiture","March\u00e9 automobile"],"inLanguage":"fr-FR","potentialAction":[{"@type":"CommentAction","name":"Comment","target":["https:\/\/www.carideal.com\/blog\/2016\/07\/05\/pieces-de-rechange-offensive-de-psa\/#respond"]}]},{"@type":"WebPage","@id":"https:\/\/www.carideal.com\/blog\/2016\/07\/05\/pieces-de-rechange-offensive-de-psa\/","url":"https:\/\/www.carideal.com\/blog\/2016\/07\/05\/pieces-de-rechange-offensive-de-psa\/","name":"Pi\u00e8ces de rechange : offensive de PSA - Blog auto Carid\u00e9al","isPartOf":{"@id":"https:\/\/www.carideal.com\/blog\/#website"},"primaryImageOfPage":{"@id":"https:\/\/www.carideal.com\/blog\/2016\/07\/05\/pieces-de-rechange-offensive-de-psa\/#primaryimage"},"image":{"@id":"https:\/\/www.carideal.com\/blog\/2016\/07\/05\/pieces-de-rechange-offensive-de-psa\/#primaryimage"},"thumbnailUrl":"https:\/\/www.carideal.com\/blog\/wp-content\/uploads\/2016\/07\/piece-de-rechange-e1580110578286.jpg","datePublished":"2016-07-05T08:24:40+00:00","dateModified":"2020-03-07T15:53:30+00:00","description":"Le Lundi 4 Juillet, PSA a d\u00e9voil\u00e9 les d\u00e9tails de sa feuille de route pour les pi\u00e8ces de rechange multi-marques et l'apr\u00e8s-vente de son plan Push to Pass.","breadcrumb":{"@id":"https:\/\/www.carideal.com\/blog\/2016\/07\/05\/pieces-de-rechange-offensive-de-psa\/#breadcrumb"},"inLanguage":"fr-FR","potentialAction":[{"@type":"ReadAction","target":["https:\/\/www.carideal.com\/blog\/2016\/07\/05\/pieces-de-rechange-offensive-de-psa\/"]}]},{"@type":"ImageObject","inLanguage":"fr-FR","@id":"https:\/\/www.carideal.com\/blog\/2016\/07\/05\/pieces-de-rechange-offensive-de-psa\/#primaryimage","url":"https:\/\/www.carideal.com\/blog\/wp-content\/uploads\/2016\/07\/piece-de-rechange-e1580110578286.jpg","contentUrl":"https:\/\/www.carideal.com\/blog\/wp-content\/uploads\/2016\/07\/piece-de-rechange-e1580110578286.jpg","width":700,"height":467,"caption":"Pi\u00e8ce de rechange"},{"@type":"BreadcrumbList","@id":"https:\/\/www.carideal.com\/blog\/2016\/07\/05\/pieces-de-rechange-offensive-de-psa\/#breadcrumb","itemListElement":[{"@type":"ListItem","position":1,"name":"Blog Carid\u00e9al","item":"https:\/\/www.carideal.com\/blog\/"},{"@type":"ListItem","position":2,"name":"Actualit\u00e9 constructeur automobile","item":"https:\/\/www.carideal.com\/blog\/constructeur\/"},{"@type":"ListItem","position":3,"name":"Pi\u00e8ces de rechange : offensive de PSA"}]},{"@type":"WebSite","@id":"https:\/\/www.carideal.com\/blog\/#website","url":"https:\/\/www.carideal.com\/blog\/","name":"Blog auto Carid\u00e9al","description":"Actualit\u00e9 auto par des passionn\u00e9s","publisher":{"@id":"https:\/\/www.carideal.com\/blog\/#organization"},"potentialAction":[{"@type":"SearchAction","target":{"@type":"EntryPoint","urlTemplate":"https:\/\/www.carideal.com\/blog\/?s={search_term_string}"},"query-input":{"@type":"PropertyValueSpecification","valueRequired":true,"valueName":"search_term_string"}}],"inLanguage":"fr-FR"},{"@type":"Organization","@id":"https:\/\/www.carideal.com\/blog\/#organization","name":"Carideal","url":"https:\/\/www.carideal.com\/blog\/","logo":{"@type":"ImageObject","inLanguage":"fr-FR","@id":"https:\/\/www.carideal.com\/blog\/#\/schema\/logo\/image\/","url":"http:\/\/www.carideal.com\/blog\/wp-content\/uploads\/2016\/03\/logo-carideal-mandataire-automobile.png","contentUrl":"http:\/\/www.carideal.com\/blog\/wp-content\/uploads\/2016\/03\/logo-carideal-mandataire-automobile.png","width":300,"height":300,"caption":"Carideal"},"image":{"@id":"https:\/\/www.carideal.com\/blog\/#\/schema\/logo\/image\/"},"sameAs":["https:\/\/www.facebook.com\/Carideal.mandataire.automobile","https:\/\/x.com\/caridealauto","https:\/\/www.instagram.com\/carideal1\/","https:\/\/www.linkedin.com\/company\/carideal.com","https:\/\/fr.pinterest.com\/schiavonsas\/","https:\/\/www.youtube.com\/user\/caridealsas"]},{"@type":"Person","@id":"https:\/\/www.carideal.com\/blog\/#\/schema\/person\/cd95dc7919660de90d31b366f85be1ec","name":"Nicolas SCHIAVON","image":{"@type":"ImageObject","inLanguage":"fr-FR","@id":"https:\/\/www.carideal.com\/blog\/#\/schema\/person\/image\/","url":"https:\/\/secure.gravatar.com\/avatar\/c17e55009e671d92cc7f5dc837dc418a?s=96&r=g","contentUrl":"https:\/\/secure.gravatar.com\/avatar\/c17e55009e671d92cc7f5dc837dc418a?s=96&r=g","caption":"Nicolas SCHIAVON"},"description":"Nicolas Schiavon est tomb\u00e9 tout petit dans la marmite automobile. Ayant eu un garage de marque automobile, mandataire automobile de la premi\u00e8re heure d\u00e8s 1999. Nicolas a cr\u00e9\u00e9 ces premiers sites de vente de voiture et blog automobile d\u00e8s 1994. Carideal est n\u00e9 le 15 d\u00e9cembre 2000 de la volont\u00e9 de vendre des voitures d'occasions en ligne puis des voitures neuves. Il a pu essayer beaucoup de voitures tr\u00e8s diff\u00e9rentes et ayant eu personnellement quelques belles autos, Subaru Impreza, Mitsubishi Lancer Evo 7, Porsche 911, Ferrari Testarrossa, Audi RS3, RS4 et j'en passe...","sameAs":["http:\/\/www.carideal.com","https:\/\/www.facebook.com\/nicolas.schiavon.39","https:\/\/www.instagram.com\/carideal1\/","https:\/\/www.linkedin.com\/in\/nschiavon\/","https:\/\/x.com\/caridealauto","https:\/\/www.youtube.com\/user\/caridealsas\/"],"url":"https:\/\/www.carideal.com\/blog\/author\/nschiavon\/"}]}},"uagb_featured_image_src":{"full":["https:\/\/www.carideal.com\/blog\/wp-content\/uploads\/2016\/07\/piece-de-rechange-e1580110578286.jpg",700,467,false],"thumbnail":["https:\/\/www.carideal.com\/blog\/wp-content\/uploads\/2016\/07\/piece-de-rechange-150x150.jpg",150,150,true],"medium":["https:\/\/www.carideal.com\/blog\/wp-content\/uploads\/2016\/07\/piece-de-rechange-300x200.jpg",300,200,true],"medium_large":["https:\/\/www.carideal.com\/blog\/wp-content\/uploads\/2016\/07\/piece-de-rechange-768x513.jpg",768,513,true],"large":["https:\/\/www.carideal.com\/blog\/wp-content\/uploads\/2016\/07\/piece-de-rechange-e1580110578286.jpg",700,467,false],"1536x1536":["https:\/\/www.carideal.com\/blog\/wp-content\/uploads\/2016\/07\/piece-de-rechange-e1580110578286.jpg",700,467,false],"2048x2048":["https:\/\/www.carideal.com\/blog\/wp-content\/uploads\/2016\/07\/piece-de-rechange-e1580110578286.jpg",700,467,false],"wppr-widget":["https:\/\/www.carideal.com\/blog\/wp-content\/uploads\/2016\/07\/piece-de-rechange-e1580110578286.jpg",50,33,false]},"uagb_author_info":{"display_name":"Nicolas SCHIAVON","author_link":"https:\/\/www.carideal.com\/blog\/author\/nschiavon\/"},"uagb_comment_info":0,"uagb_excerpt":"PSA Group lance l'offensive\u00a0pi\u00e8ces de rechange multi-marque automobile Le Lundi 4 Juillet, le groupe PSA a d\u00e9voil\u00e9 les d\u00e9tails de sa nouvelle feuille de route pour les pi\u00e8ces de rechange\u00a0multi-marques automobile et le service apr\u00e8s-vente. Il s'agit l\u00e0 de l'un des piliers de son plan strat\u00e9gique\u00a0Push to Pass. La pr\u00e9sentation a \u00e9t\u00e9 donn\u00e9e aux investisseurs\u2026","_links":{"self":[{"href":"https:\/\/www.carideal.com\/blog\/wp-json\/wp\/v2\/posts\/11286"}],"collection":[{"href":"https:\/\/www.carideal.com\/blog\/wp-json\/wp\/v2\/posts"}],"about":[{"href":"https:\/\/www.carideal.com\/blog\/wp-json\/wp\/v2\/types\/post"}],"author":[{"embeddable":true,"href":"https:\/\/www.carideal.com\/blog\/wp-json\/wp\/v2\/users\/3"}],"replies":[{"embeddable":true,"href":"https:\/\/www.carideal.com\/blog\/wp-json\/wp\/v2\/comments?post=11286"}],"version-history":[{"count":0,"href":"https:\/\/www.carideal.com\/blog\/wp-json\/wp\/v2\/posts\/11286\/revisions"}],"wp:featuredmedia":[{"embeddable":true,"href":"https:\/\/www.carideal.com\/blog\/wp-json\/wp\/v2\/media\/13378"}],"wp:attachment":[{"href":"https:\/\/www.carideal.com\/blog\/wp-json\/wp\/v2\/media?parent=11286"}],"wp:term":[{"taxonomy":"category","embeddable":true,"href":"https:\/\/www.carideal.com\/blog\/wp-json\/wp\/v2\/categories?post=11286"},{"taxonomy":"post_tag","embeddable":true,"href":"https:\/\/www.carideal.com\/blog\/wp-json\/wp\/v2\/tags?post=11286"}],"curies":[{"name":"wp","href":"https:\/\/api.w.org\/{rel}","templated":true}]}}