{"id":1128,"date":"2012-06-08T14:48:00","date_gmt":"2012-06-08T14:48:00","guid":{"rendered":"http:\/\/carideal.com\/blog\/?p=1128"},"modified":"2016-11-05T19:34:26","modified_gmt":"2016-11-05T18:34:26","slug":"la-toyota-avensis-sw","status":"publish","type":"post","link":"https:\/\/www.carideal.com\/blog\/2012\/06\/08\/la-toyota-avensis-sw\/","title":{"rendered":"La Toyota Avensis SW 2012 restyl\u00e9e"},"content":{"rendered":"<figure style=\"width: 438px\" class=\"wp-caption aligncenter\"><img loading=\"lazy\" decoding=\"async\" title=\"La Toyota Avensis SW 2012 restyl\u00e9e\" src=\"\/blog\/public\/.Toyota-avensis-sw-carideal_m.jpg\" alt=\"La Toyota Avensis SW 2012 restyl\u00e9e\" width=\"448\" height=\"298\" \/><figcaption class=\"wp-caption-text\">La Toyota Avensis SW 2012 restyl\u00e9e<\/figcaption><\/figure>\n<h1><strong>Toyota veut rendre leur Avensis d\u00e9sirable.<\/strong><\/h1>\n<p><strong>La face avant de la Toyota Avensis SW gagne de la personnalit\u00e9.<\/strong> L'int\u00e9rieur re\u00e7oit des placages plus haut de gamme, et les \u00e9quipements augmentent : cam\u00e9ra de recul et prise USB sur le premier niveau, navigation GPS sur le deuxi\u00e8me et le troisi\u00e8me progresse ( mod\u00e9lisation des villes en 3D, vitesse de circulation, reconnaissance vocale et m\u00eame la possibilit\u00e9 d'envoyer des e-mails avec un t\u00e9l\u00e9phone bluetooth). Difficile d'\u00e9crire s'il s'agit ou non d'un cadeau, car l'\u00e9volution du prix manque de coh\u00e9rence: hausse de 700 \u20ac pour le premi\u00e8re finition, 450 \u20ac pour la seconde et chute de 750 \u20ac pour le haut de gamme. La Toyota Avensis SW 2012 devient plus agr\u00e9able \u00e0 regarder et plus plaisante \u00e0 conduire. Le 2.2 diesel procurant 150 CV r\u00e9duit les vibrations \u00e0 bas r\u00e9gime et son niveau sonore. Les si\u00e8ges gagnent en maintient lat\u00e9ral, et perfectionnent le confort des passagers en virage. La direction, enfin s'affirme plus directe au b\u00e9n\u00e9fice du plaisir de de conduite. Entre l'ancien mod\u00e8le et celui-ci les am\u00e9liorations se ressentent mais ils restent trop limiter pour \u00e9galer les mod\u00e8les des la s\u00e9ries. La p\u00e9dales d'acc\u00e9l\u00e9rateur assez dure, n'incite pas \u00e0 l'enfoncer au max et le niveau sonore reste trop \u00e9lev\u00e9 en forte acc\u00e9l\u00e9ration. Comme avant la meilleur place dans la Avensis reste celle des passagers.<\/p>\n","protected":false},"excerpt":{"rendered":"<p>Toyota veut rendre leur Avensis d\u00e9sirable. La face avant de la Toyota Avensis SW gagne de la personnalit\u00e9. L&rsquo;int\u00e9rieur re\u00e7oit des placages plus haut de gamme, et les \u00e9quipements augmentent : cam\u00e9ra de recul et prise USB sur le premier niveau, navigation GPS sur le deuxi\u00e8me et le troisi\u00e8me progresse ( mod\u00e9lisation des villes en &#8230; <a title=\"La Toyota Avensis SW 2012 restyl\u00e9e\" class=\"read-more\" href=\"https:\/\/www.carideal.com\/blog\/2012\/06\/08\/la-toyota-avensis-sw\/\" aria-label=\"En savoir plus sur La Toyota Avensis SW 2012 restyl\u00e9e\">Lire plus<\/a><\/p>\n","protected":false},"author":1,"featured_media":0,"comment_status":"open","ping_status":"open","sticky":false,"template":"","format":"standard","meta":{"_uag_custom_page_level_css":"","_themeisle_gutenberg_block_has_review":false,"footnotes":""},"categories":[5944,5951,10],"tags":[1359],"class_list":["post-1128","post","type-post","status-publish","format-standard","hentry","category-constructeur","category-toyota","category-marche-automobile-voiture-neuve-occasion-4x4-suv","tag-haut-de-gamme"],"wppr_data":[],"yoast_head":"<!-- This site is optimized with the Yoast SEO plugin v24.8.1 - https:\/\/yoast.com\/wordpress\/plugins\/seo\/ -->\n<title>La Toyota Avensis SW 2012 restyl\u00e9e - Blog auto Carid\u00e9al<\/title>\n<meta name=\"description\" content=\"La face de la Toyota Avensis SW gagne de la personnalit\u00e9. L&#039;int\u00e9rieur re\u00e7oit des placages plus haut de gamme, Une nouvelle Avensis SW\" \/>\n<meta name=\"robots\" content=\"index, follow, max-snippet:-1, max-image-preview:large, max-video-preview:-1\" \/>\n<link rel=\"canonical\" href=\"https:\/\/www.carideal.com\/blog\/2012\/06\/08\/la-toyota-avensis-sw\/\" \/>\n<meta property=\"og:locale\" content=\"fr_FR\" \/>\n<meta property=\"og:type\" content=\"article\" \/>\n<meta property=\"og:title\" content=\"La Toyota Avensis SW 2012 restyl\u00e9e - Blog auto Carid\u00e9al\" \/>\n<meta property=\"og:description\" content=\"La face de la Toyota Avensis SW gagne de la personnalit\u00e9. L&#039;int\u00e9rieur re\u00e7oit des placages plus haut de gamme, Une nouvelle Avensis SW\" \/>\n<meta property=\"og:url\" content=\"https:\/\/www.carideal.com\/blog\/2012\/06\/08\/la-toyota-avensis-sw\/\" \/>\n<meta property=\"og:site_name\" content=\"Blog auto Carid\u00e9al\" \/>\n<meta property=\"article:publisher\" content=\"https:\/\/www.facebook.com\/Carideal.mandataire.automobile\" \/>\n<meta property=\"article:author\" content=\"https:\/\/www.facebook.com\/Carideal.mandataire.automobile\/\" \/>\n<meta property=\"article:published_time\" content=\"2012-06-08T14:48:00+00:00\" \/>\n<meta property=\"article:modified_time\" content=\"2016-11-05T18:34:26+00:00\" \/>\n<meta property=\"og:image\" content=\"https:\/\/www.carideal.com\/blog\/wp-content\/uploads\/2016\/03\/logo-carideal-mandataire-automobile.png\" \/>\n\t<meta property=\"og:image:width\" content=\"300\" \/>\n\t<meta property=\"og:image:height\" content=\"300\" \/>\n\t<meta property=\"og:image:type\" content=\"image\/png\" \/>\n<meta name=\"author\" content=\"N.S Carideal\" \/>\n<meta name=\"twitter:card\" content=\"summary_large_image\" \/>\n<meta name=\"twitter:creator\" content=\"@caridealauto\" \/>\n<meta name=\"twitter:site\" content=\"@caridealauto\" \/>\n<meta name=\"twitter:label1\" content=\"\u00c9crit par\" \/>\n\t<meta name=\"twitter:data1\" content=\"N.S Carideal\" \/>\n\t<meta name=\"twitter:label2\" content=\"Dur\u00e9e de lecture estim\u00e9e\" \/>\n\t<meta name=\"twitter:data2\" content=\"1 minute\" \/>\n<script type=\"application\/ld+json\" class=\"yoast-schema-graph\">{\"@context\":\"https:\/\/schema.org\",\"@graph\":[{\"@type\":\"Article\",\"@id\":\"https:\/\/www.carideal.com\/blog\/2012\/06\/08\/la-toyota-avensis-sw\/#article\",\"isPartOf\":{\"@id\":\"https:\/\/www.carideal.com\/blog\/2012\/06\/08\/la-toyota-avensis-sw\/\"},\"author\":{\"name\":\"N.S Carideal\",\"@id\":\"https:\/\/www.carideal.com\/blog\/#\/schema\/person\/985c7e757d1042d647f21bfaf8d41ebc\"},\"headline\":\"La Toyota Avensis SW 2012 restyl\u00e9e\",\"datePublished\":\"2012-06-08T14:48:00+00:00\",\"dateModified\":\"2016-11-05T18:34:26+00:00\",\"mainEntityOfPage\":{\"@id\":\"https:\/\/www.carideal.com\/blog\/2012\/06\/08\/la-toyota-avensis-sw\/\"},\"wordCount\":255,\"commentCount\":0,\"publisher\":{\"@id\":\"https:\/\/www.carideal.com\/blog\/#organization\"},\"keywords\":[\"haut de gamme\"],\"articleSection\":[\"Actualit\u00e9 Constructeur automobile\",\"Actualit\u00e9 Toyota\",\"March\u00e9 automobile\"],\"inLanguage\":\"fr-FR\",\"potentialAction\":[{\"@type\":\"CommentAction\",\"name\":\"Comment\",\"target\":[\"https:\/\/www.carideal.com\/blog\/2012\/06\/08\/la-toyota-avensis-sw\/#respond\"]}]},{\"@type\":\"WebPage\",\"@id\":\"https:\/\/www.carideal.com\/blog\/2012\/06\/08\/la-toyota-avensis-sw\/\",\"url\":\"https:\/\/www.carideal.com\/blog\/2012\/06\/08\/la-toyota-avensis-sw\/\",\"name\":\"La Toyota Avensis SW 2012 restyl\u00e9e - Blog auto Carid\u00e9al\",\"isPartOf\":{\"@id\":\"https:\/\/www.carideal.com\/blog\/#website\"},\"datePublished\":\"2012-06-08T14:48:00+00:00\",\"dateModified\":\"2016-11-05T18:34:26+00:00\",\"description\":\"La face de la Toyota Avensis SW gagne de la personnalit\u00e9. L'int\u00e9rieur re\u00e7oit des placages plus haut de gamme, Une nouvelle Avensis SW\",\"breadcrumb\":{\"@id\":\"https:\/\/www.carideal.com\/blog\/2012\/06\/08\/la-toyota-avensis-sw\/#breadcrumb\"},\"inLanguage\":\"fr-FR\",\"potentialAction\":[{\"@type\":\"ReadAction\",\"target\":[\"https:\/\/www.carideal.com\/blog\/2012\/06\/08\/la-toyota-avensis-sw\/\"]}]},{\"@type\":\"BreadcrumbList\",\"@id\":\"https:\/\/www.carideal.com\/blog\/2012\/06\/08\/la-toyota-avensis-sw\/#breadcrumb\",\"itemListElement\":[{\"@type\":\"ListItem\",\"position\":1,\"name\":\"Blog Carid\u00e9al\",\"item\":\"https:\/\/www.carideal.com\/blog\/\"},{\"@type\":\"ListItem\",\"position\":2,\"name\":\"March\u00e9 automobile\",\"item\":\"https:\/\/www.carideal.com\/blog\/marche-automobile-voiture-neuve-occasion-4x4-suv\/\"},{\"@type\":\"ListItem\",\"position\":3,\"name\":\"La Toyota Avensis SW 2012 restyl\u00e9e\"}]},{\"@type\":\"WebSite\",\"@id\":\"https:\/\/www.carideal.com\/blog\/#website\",\"url\":\"https:\/\/www.carideal.com\/blog\/\",\"name\":\"Blog auto Carid\u00e9al\",\"description\":\"Actualit\u00e9 auto par des passionn\u00e9s\",\"publisher\":{\"@id\":\"https:\/\/www.carideal.com\/blog\/#organization\"},\"potentialAction\":[{\"@type\":\"SearchAction\",\"target\":{\"@type\":\"EntryPoint\",\"urlTemplate\":\"https:\/\/www.carideal.com\/blog\/?s={search_term_string}\"},\"query-input\":{\"@type\":\"PropertyValueSpecification\",\"valueRequired\":true,\"valueName\":\"search_term_string\"}}],\"inLanguage\":\"fr-FR\"},{\"@type\":\"Organization\",\"@id\":\"https:\/\/www.carideal.com\/blog\/#organization\",\"name\":\"Carideal\",\"url\":\"https:\/\/www.carideal.com\/blog\/\",\"logo\":{\"@type\":\"ImageObject\",\"inLanguage\":\"fr-FR\",\"@id\":\"https:\/\/www.carideal.com\/blog\/#\/schema\/logo\/image\/\",\"url\":\"http:\/\/www.carideal.com\/blog\/wp-content\/uploads\/2016\/03\/logo-carideal-mandataire-automobile.png\",\"contentUrl\":\"http:\/\/www.carideal.com\/blog\/wp-content\/uploads\/2016\/03\/logo-carideal-mandataire-automobile.png\",\"width\":300,\"height\":300,\"caption\":\"Carideal\"},\"image\":{\"@id\":\"https:\/\/www.carideal.com\/blog\/#\/schema\/logo\/image\/\"},\"sameAs\":[\"https:\/\/www.facebook.com\/Carideal.mandataire.automobile\",\"https:\/\/x.com\/caridealauto\",\"https:\/\/www.instagram.com\/carideal1\/\",\"https:\/\/www.linkedin.com\/company\/carideal.com\",\"https:\/\/fr.pinterest.com\/schiavonsas\/\",\"https:\/\/www.youtube.com\/user\/caridealsas\"]},{\"@type\":\"Person\",\"@id\":\"https:\/\/www.carideal.com\/blog\/#\/schema\/person\/985c7e757d1042d647f21bfaf8d41ebc\",\"name\":\"N.S Carideal\",\"image\":{\"@type\":\"ImageObject\",\"inLanguage\":\"fr-FR\",\"@id\":\"https:\/\/www.carideal.com\/blog\/#\/schema\/person\/image\/\",\"url\":\"https:\/\/secure.gravatar.com\/avatar\/edb7ccdf1a4e3d14aef967760d354d0e?s=96&r=g\",\"contentUrl\":\"https:\/\/secure.gravatar.com\/avatar\/edb7ccdf1a4e3d14aef967760d354d0e?s=96&r=g\",\"caption\":\"N.S Carideal\"},\"description\":\"Depuis tout petit fan d'automobile. Il est question d'essayer et de comparer toutes ces voitures qui nous ont fait r\u00e9ver, avant que celles-ci ne devient uniquement des voitures de collection.\",\"sameAs\":[\"http:\/\/www.carideal.com\/blog\",\"https:\/\/www.facebook.com\/Carideal.mandataire.automobile\/\",\"https:\/\/www.linkedin.com\/in\/nschiavon\/\",\"https:\/\/www.youtube.com\/user\/caridealsas\/\"],\"url\":\"https:\/\/www.carideal.com\/blog\/author\/admin_carideal\/\"}]}<\/script>\n<!-- \/ Yoast SEO plugin. -->","yoast_head_json":{"title":"La Toyota Avensis SW 2012 restyl\u00e9e - Blog auto Carid\u00e9al","description":"La face de la Toyota Avensis SW gagne de la personnalit\u00e9. L'int\u00e9rieur re\u00e7oit des placages plus haut de gamme, Une nouvelle Avensis SW","robots":{"index":"index","follow":"follow","max-snippet":"max-snippet:-1","max-image-preview":"max-image-preview:large","max-video-preview":"max-video-preview:-1"},"canonical":"https:\/\/www.carideal.com\/blog\/2012\/06\/08\/la-toyota-avensis-sw\/","og_locale":"fr_FR","og_type":"article","og_title":"La Toyota Avensis SW 2012 restyl\u00e9e - Blog auto Carid\u00e9al","og_description":"La face de la Toyota Avensis SW gagne de la personnalit\u00e9. L'int\u00e9rieur re\u00e7oit des placages plus haut de gamme, Une nouvelle Avensis SW","og_url":"https:\/\/www.carideal.com\/blog\/2012\/06\/08\/la-toyota-avensis-sw\/","og_site_name":"Blog auto Carid\u00e9al","article_publisher":"https:\/\/www.facebook.com\/Carideal.mandataire.automobile","article_author":"https:\/\/www.facebook.com\/Carideal.mandataire.automobile\/","article_published_time":"2012-06-08T14:48:00+00:00","article_modified_time":"2016-11-05T18:34:26+00:00","og_image":[{"width":300,"height":300,"url":"https:\/\/www.carideal.com\/blog\/wp-content\/uploads\/2016\/03\/logo-carideal-mandataire-automobile.png","type":"image\/png"}],"author":"N.S Carideal","twitter_card":"summary_large_image","twitter_creator":"@caridealauto","twitter_site":"@caridealauto","twitter_misc":{"\u00c9crit par":"N.S Carideal","Dur\u00e9e de lecture estim\u00e9e":"1 minute"},"schema":{"@context":"https:\/\/schema.org","@graph":[{"@type":"Article","@id":"https:\/\/www.carideal.com\/blog\/2012\/06\/08\/la-toyota-avensis-sw\/#article","isPartOf":{"@id":"https:\/\/www.carideal.com\/blog\/2012\/06\/08\/la-toyota-avensis-sw\/"},"author":{"name":"N.S Carideal","@id":"https:\/\/www.carideal.com\/blog\/#\/schema\/person\/985c7e757d1042d647f21bfaf8d41ebc"},"headline":"La Toyota Avensis SW 2012 restyl\u00e9e","datePublished":"2012-06-08T14:48:00+00:00","dateModified":"2016-11-05T18:34:26+00:00","mainEntityOfPage":{"@id":"https:\/\/www.carideal.com\/blog\/2012\/06\/08\/la-toyota-avensis-sw\/"},"wordCount":255,"commentCount":0,"publisher":{"@id":"https:\/\/www.carideal.com\/blog\/#organization"},"keywords":["haut de gamme"],"articleSection":["Actualit\u00e9 Constructeur automobile","Actualit\u00e9 Toyota","March\u00e9 automobile"],"inLanguage":"fr-FR","potentialAction":[{"@type":"CommentAction","name":"Comment","target":["https:\/\/www.carideal.com\/blog\/2012\/06\/08\/la-toyota-avensis-sw\/#respond"]}]},{"@type":"WebPage","@id":"https:\/\/www.carideal.com\/blog\/2012\/06\/08\/la-toyota-avensis-sw\/","url":"https:\/\/www.carideal.com\/blog\/2012\/06\/08\/la-toyota-avensis-sw\/","name":"La Toyota Avensis SW 2012 restyl\u00e9e - Blog auto Carid\u00e9al","isPartOf":{"@id":"https:\/\/www.carideal.com\/blog\/#website"},"datePublished":"2012-06-08T14:48:00+00:00","dateModified":"2016-11-05T18:34:26+00:00","description":"La face de la Toyota Avensis SW gagne de la personnalit\u00e9. L'int\u00e9rieur re\u00e7oit des placages plus haut de gamme, Une nouvelle Avensis SW","breadcrumb":{"@id":"https:\/\/www.carideal.com\/blog\/2012\/06\/08\/la-toyota-avensis-sw\/#breadcrumb"},"inLanguage":"fr-FR","potentialAction":[{"@type":"ReadAction","target":["https:\/\/www.carideal.com\/blog\/2012\/06\/08\/la-toyota-avensis-sw\/"]}]},{"@type":"BreadcrumbList","@id":"https:\/\/www.carideal.com\/blog\/2012\/06\/08\/la-toyota-avensis-sw\/#breadcrumb","itemListElement":[{"@type":"ListItem","position":1,"name":"Blog Carid\u00e9al","item":"https:\/\/www.carideal.com\/blog\/"},{"@type":"ListItem","position":2,"name":"March\u00e9 automobile","item":"https:\/\/www.carideal.com\/blog\/marche-automobile-voiture-neuve-occasion-4x4-suv\/"},{"@type":"ListItem","position":3,"name":"La Toyota Avensis SW 2012 restyl\u00e9e"}]},{"@type":"WebSite","@id":"https:\/\/www.carideal.com\/blog\/#website","url":"https:\/\/www.carideal.com\/blog\/","name":"Blog auto Carid\u00e9al","description":"Actualit\u00e9 auto par des passionn\u00e9s","publisher":{"@id":"https:\/\/www.carideal.com\/blog\/#organization"},"potentialAction":[{"@type":"SearchAction","target":{"@type":"EntryPoint","urlTemplate":"https:\/\/www.carideal.com\/blog\/?s={search_term_string}"},"query-input":{"@type":"PropertyValueSpecification","valueRequired":true,"valueName":"search_term_string"}}],"inLanguage":"fr-FR"},{"@type":"Organization","@id":"https:\/\/www.carideal.com\/blog\/#organization","name":"Carideal","url":"https:\/\/www.carideal.com\/blog\/","logo":{"@type":"ImageObject","inLanguage":"fr-FR","@id":"https:\/\/www.carideal.com\/blog\/#\/schema\/logo\/image\/","url":"http:\/\/www.carideal.com\/blog\/wp-content\/uploads\/2016\/03\/logo-carideal-mandataire-automobile.png","contentUrl":"http:\/\/www.carideal.com\/blog\/wp-content\/uploads\/2016\/03\/logo-carideal-mandataire-automobile.png","width":300,"height":300,"caption":"Carideal"},"image":{"@id":"https:\/\/www.carideal.com\/blog\/#\/schema\/logo\/image\/"},"sameAs":["https:\/\/www.facebook.com\/Carideal.mandataire.automobile","https:\/\/x.com\/caridealauto","https:\/\/www.instagram.com\/carideal1\/","https:\/\/www.linkedin.com\/company\/carideal.com","https:\/\/fr.pinterest.com\/schiavonsas\/","https:\/\/www.youtube.com\/user\/caridealsas"]},{"@type":"Person","@id":"https:\/\/www.carideal.com\/blog\/#\/schema\/person\/985c7e757d1042d647f21bfaf8d41ebc","name":"N.S Carideal","image":{"@type":"ImageObject","inLanguage":"fr-FR","@id":"https:\/\/www.carideal.com\/blog\/#\/schema\/person\/image\/","url":"https:\/\/secure.gravatar.com\/avatar\/edb7ccdf1a4e3d14aef967760d354d0e?s=96&r=g","contentUrl":"https:\/\/secure.gravatar.com\/avatar\/edb7ccdf1a4e3d14aef967760d354d0e?s=96&r=g","caption":"N.S Carideal"},"description":"Depuis tout petit fan d'automobile. Il est question d'essayer et de comparer toutes ces voitures qui nous ont fait r\u00e9ver, avant que celles-ci ne devient uniquement des voitures de collection.","sameAs":["http:\/\/www.carideal.com\/blog","https:\/\/www.facebook.com\/Carideal.mandataire.automobile\/","https:\/\/www.linkedin.com\/in\/nschiavon\/","https:\/\/www.youtube.com\/user\/caridealsas\/"],"url":"https:\/\/www.carideal.com\/blog\/author\/admin_carideal\/"}]}},"uagb_featured_image_src":{"full":false,"thumbnail":false,"medium":false,"medium_large":false,"large":false,"1536x1536":false,"2048x2048":false,"wppr-widget":false},"uagb_author_info":{"display_name":"N.S Carideal","author_link":"https:\/\/www.carideal.com\/blog\/author\/admin_carideal\/"},"uagb_comment_info":0,"uagb_excerpt":"Toyota veut rendre leur Avensis d\u00e9sirable. La face avant de la Toyota Avensis SW gagne de la personnalit\u00e9. L'int\u00e9rieur re\u00e7oit des placages plus haut de gamme, et les \u00e9quipements augmentent : cam\u00e9ra de recul et prise USB sur le premier niveau, navigation GPS sur le deuxi\u00e8me et le troisi\u00e8me progresse ( mod\u00e9lisation des villes en\u2026","_links":{"self":[{"href":"https:\/\/www.carideal.com\/blog\/wp-json\/wp\/v2\/posts\/1128"}],"collection":[{"href":"https:\/\/www.carideal.com\/blog\/wp-json\/wp\/v2\/posts"}],"about":[{"href":"https:\/\/www.carideal.com\/blog\/wp-json\/wp\/v2\/types\/post"}],"author":[{"embeddable":true,"href":"https:\/\/www.carideal.com\/blog\/wp-json\/wp\/v2\/users\/1"}],"replies":[{"embeddable":true,"href":"https:\/\/www.carideal.com\/blog\/wp-json\/wp\/v2\/comments?post=1128"}],"version-history":[{"count":0,"href":"https:\/\/www.carideal.com\/blog\/wp-json\/wp\/v2\/posts\/1128\/revisions"}],"wp:attachment":[{"href":"https:\/\/www.carideal.com\/blog\/wp-json\/wp\/v2\/media?parent=1128"}],"wp:term":[{"taxonomy":"category","embeddable":true,"href":"https:\/\/www.carideal.com\/blog\/wp-json\/wp\/v2\/categories?post=1128"},{"taxonomy":"post_tag","embeddable":true,"href":"https:\/\/www.carideal.com\/blog\/wp-json\/wp\/v2\/tags?post=1128"}],"curies":[{"name":"wp","href":"https:\/\/api.w.org\/{rel}","templated":true}]}}