{"id":1127,"date":"2012-06-08T13:42:00","date_gmt":"2012-06-08T13:42:00","guid":{"rendered":"http:\/\/carideal.com\/blog\/?p=1127"},"modified":"2020-03-07T20:25:16","modified_gmt":"2020-03-07T19:25:16","slug":"la-toyota-yaris","status":"publish","type":"post","link":"https:\/\/www.carideal.com\/blog\/2012\/06\/08\/la-toyota-yaris\/","title":{"rendered":"La Toyota Yaris"},"content":{"rendered":"<\/p>\n<blockquote>\n<p>Fini la carrosserie ronde pour la <a href=\"\/blog\/index.php?tag\/Yaris\">Yaris<\/a>.<\/p>\n<\/blockquote>\n<p><a href=\"\/blog\/index.php?tag\/Toyota\">Toyota<\/a> \u00e0 opter pour sa Yaris une carrosserie plus organis\u00e9e et soign\u00e9e. La planche de bord change sont instrumentation en position centrale contre une disposition plus conventionnelle. Mais c'est principalement la venue du grand \u00e9cran tactile qui commande la radio, le t\u00e9l\u00e9phone en bluetooth et le GPS ( option \u00e0 600 \u20ac) qui se remarque. Le GPS facile d'acc\u00e8s apporte une touche de modernit\u00e9. L\u2019int\u00e9rieur d\u00e9\u00e7ois a cause du manque de qualit\u00e9 du plastique.<br \/>\nAu niveau de la motorisation pas tr\u00e8s compliquer puisque la Yaris propose qu'un moteur diesel le D4-D 902 CV. Ce moteur lui va tr\u00e8s bien et<a href=\"\/blog\/index.php?tag\/la%20japonaise\"> la japonaise<\/a>    propose un agr\u00e9ment de conduite tr\u00e8s convenable. Facile \u00e0 prendre en mains avec ses commandes douces, elle braque court au profit de la maniabilit\u00e9 en ville. Sur la route, son diesel sobre est convenable pour toutes les circonstances.Malheureusement, la suspension  manque un peu de tenue sur les parcours sinueux et le niveau sonore, sur autoroute, aurait pu \u00eatre un peu plus am\u00e9liorer. Sur de la longue distance le r\u00e9gulateur de vitesse  manque et il n'est pas propos\u00e9 en option.<br \/>\nLa<a href=\"\/blog\/index.php?tag\/finition%20Dynamic\"> finition Dynamic<\/a> repr\u00e9sente un tr\u00e8s bon compromis sur le march\u00e9 car \u00e0 17300 \u20ac, sa dotation est fort. Cette Yaris est plut\u00f4t un bon choix mais dans les ann\u00e9es \u00e0 venir une concurrente se dressera devant elle&nbsp;: la <a href=\"\/blog\/index.php?tag\/Toyota%20Yaris%20hybride\">Toyota Yaris hybride<\/a> qui elle b\u00e9n\u00e9ficie de 2000 \u20ac de <a href=\"\/blog\/index.php?tag\/bonus%20%C3%A9cologique\">bonus \u00e9cologique<\/a> et donc co\u00fbtera \u00e0 partir de 16500 \u20ac et sera mieux \u00e9quip\u00e9e que la version diesel.<\/p>\n","protected":false},"excerpt":{"rendered":"<p>Fini la carrosserie ronde pour la Yaris. Toyota \u00e0 opter pour sa Yaris une carrosserie plus organis\u00e9e et soign\u00e9e. La planche de bord change sont instrumentation en position centrale contre une disposition plus conventionnelle. Mais c&rsquo;est principalement la venue du grand \u00e9cran tactile qui commande la radio, le t\u00e9l\u00e9phone en bluetooth et le GPS ( &#8230; <a title=\"La Toyota Yaris\" class=\"read-more\" href=\"https:\/\/www.carideal.com\/blog\/2012\/06\/08\/la-toyota-yaris\/\" aria-label=\"En savoir plus sur La Toyota Yaris\">Lire plus<\/a><\/p>\n","protected":false},"author":1,"featured_media":0,"comment_status":"open","ping_status":"open","sticky":false,"template":"","format":"standard","meta":{"_uag_custom_page_level_css":"","_themeisle_gutenberg_block_has_review":false,"footnotes":""},"categories":[10],"tags":[752],"class_list":["post-1127","post","type-post","status-publish","format-standard","hentry","category-marche-automobile-voiture-neuve-occasion-4x4-suv","tag-bonus-ecologique"],"wppr_data":[],"yoast_head":"<!-- This site is optimized with the Yoast SEO plugin v24.8.1 - https:\/\/yoast.com\/wordpress\/plugins\/seo\/ -->\n<title>La Toyota Yaris - Blog auto Carid\u00e9al<\/title>\n<meta name=\"robots\" content=\"index, follow, max-snippet:-1, max-image-preview:large, max-video-preview:-1\" \/>\n<link rel=\"canonical\" href=\"https:\/\/www.carideal.com\/blog\/2012\/06\/08\/la-toyota-yaris\/\" \/>\n<meta property=\"og:locale\" content=\"fr_FR\" \/>\n<meta property=\"og:type\" content=\"article\" \/>\n<meta property=\"og:title\" content=\"La Toyota Yaris - Blog auto Carid\u00e9al\" \/>\n<meta property=\"og:description\" content=\"Fini la carrosserie ronde pour la Yaris. Toyota \u00e0 opter pour sa Yaris une carrosserie plus organis\u00e9e et soign\u00e9e. La planche de bord change sont instrumentation en position centrale contre une disposition plus conventionnelle. Mais c&#039;est principalement la venue du grand \u00e9cran tactile qui commande la radio, le t\u00e9l\u00e9phone en bluetooth et le GPS ( ... Lire plus\" \/>\n<meta property=\"og:url\" content=\"https:\/\/www.carideal.com\/blog\/2012\/06\/08\/la-toyota-yaris\/\" \/>\n<meta property=\"og:site_name\" content=\"Blog auto Carid\u00e9al\" \/>\n<meta property=\"article:publisher\" content=\"https:\/\/www.facebook.com\/Carideal.mandataire.automobile\" \/>\n<meta property=\"article:author\" content=\"https:\/\/www.facebook.com\/Carideal.mandataire.automobile\/\" \/>\n<meta property=\"article:published_time\" content=\"2012-06-08T13:42:00+00:00\" \/>\n<meta property=\"article:modified_time\" content=\"2020-03-07T19:25:16+00:00\" \/>\n<meta property=\"og:image\" content=\"https:\/\/www.carideal.com\/blog\/wp-content\/uploads\/2016\/03\/logo-carideal-mandataire-automobile.png\" \/>\n\t<meta property=\"og:image:width\" content=\"300\" \/>\n\t<meta property=\"og:image:height\" content=\"300\" \/>\n\t<meta property=\"og:image:type\" content=\"image\/png\" \/>\n<meta name=\"author\" content=\"N.S Carideal\" \/>\n<meta name=\"twitter:card\" content=\"summary_large_image\" \/>\n<meta name=\"twitter:creator\" content=\"@caridealauto\" \/>\n<meta name=\"twitter:site\" content=\"@caridealauto\" \/>\n<meta name=\"twitter:label1\" content=\"\u00c9crit par\" \/>\n\t<meta name=\"twitter:data1\" content=\"N.S Carideal\" \/>\n\t<meta name=\"twitter:label2\" content=\"Dur\u00e9e de lecture estim\u00e9e\" \/>\n\t<meta name=\"twitter:data2\" content=\"1 minute\" \/>\n<script type=\"application\/ld+json\" class=\"yoast-schema-graph\">{\"@context\":\"https:\/\/schema.org\",\"@graph\":[{\"@type\":\"Article\",\"@id\":\"https:\/\/www.carideal.com\/blog\/2012\/06\/08\/la-toyota-yaris\/#article\",\"isPartOf\":{\"@id\":\"https:\/\/www.carideal.com\/blog\/2012\/06\/08\/la-toyota-yaris\/\"},\"author\":{\"name\":\"N.S Carideal\",\"@id\":\"https:\/\/www.carideal.com\/blog\/#\/schema\/person\/985c7e757d1042d647f21bfaf8d41ebc\"},\"headline\":\"La Toyota Yaris\",\"datePublished\":\"2012-06-08T13:42:00+00:00\",\"dateModified\":\"2020-03-07T19:25:16+00:00\",\"mainEntityOfPage\":{\"@id\":\"https:\/\/www.carideal.com\/blog\/2012\/06\/08\/la-toyota-yaris\/\"},\"wordCount\":267,\"commentCount\":0,\"publisher\":{\"@id\":\"https:\/\/www.carideal.com\/blog\/#organization\"},\"keywords\":[\"bonus \u00e9cologique\"],\"articleSection\":[\"March\u00e9 automobile\"],\"inLanguage\":\"fr-FR\",\"potentialAction\":[{\"@type\":\"CommentAction\",\"name\":\"Comment\",\"target\":[\"https:\/\/www.carideal.com\/blog\/2012\/06\/08\/la-toyota-yaris\/#respond\"]}]},{\"@type\":\"WebPage\",\"@id\":\"https:\/\/www.carideal.com\/blog\/2012\/06\/08\/la-toyota-yaris\/\",\"url\":\"https:\/\/www.carideal.com\/blog\/2012\/06\/08\/la-toyota-yaris\/\",\"name\":\"La Toyota Yaris - Blog auto Carid\u00e9al\",\"isPartOf\":{\"@id\":\"https:\/\/www.carideal.com\/blog\/#website\"},\"datePublished\":\"2012-06-08T13:42:00+00:00\",\"dateModified\":\"2020-03-07T19:25:16+00:00\",\"breadcrumb\":{\"@id\":\"https:\/\/www.carideal.com\/blog\/2012\/06\/08\/la-toyota-yaris\/#breadcrumb\"},\"inLanguage\":\"fr-FR\",\"potentialAction\":[{\"@type\":\"ReadAction\",\"target\":[\"https:\/\/www.carideal.com\/blog\/2012\/06\/08\/la-toyota-yaris\/\"]}]},{\"@type\":\"BreadcrumbList\",\"@id\":\"https:\/\/www.carideal.com\/blog\/2012\/06\/08\/la-toyota-yaris\/#breadcrumb\",\"itemListElement\":[{\"@type\":\"ListItem\",\"position\":1,\"name\":\"Blog Carid\u00e9al\",\"item\":\"https:\/\/www.carideal.com\/blog\/\"},{\"@type\":\"ListItem\",\"position\":2,\"name\":\"March\u00e9 automobile\",\"item\":\"https:\/\/www.carideal.com\/blog\/marche-automobile-voiture-neuve-occasion-4x4-suv\/\"},{\"@type\":\"ListItem\",\"position\":3,\"name\":\"La Toyota Yaris\"}]},{\"@type\":\"WebSite\",\"@id\":\"https:\/\/www.carideal.com\/blog\/#website\",\"url\":\"https:\/\/www.carideal.com\/blog\/\",\"name\":\"Blog auto Carid\u00e9al\",\"description\":\"Actualit\u00e9 auto par des passionn\u00e9s\",\"publisher\":{\"@id\":\"https:\/\/www.carideal.com\/blog\/#organization\"},\"potentialAction\":[{\"@type\":\"SearchAction\",\"target\":{\"@type\":\"EntryPoint\",\"urlTemplate\":\"https:\/\/www.carideal.com\/blog\/?s={search_term_string}\"},\"query-input\":{\"@type\":\"PropertyValueSpecification\",\"valueRequired\":true,\"valueName\":\"search_term_string\"}}],\"inLanguage\":\"fr-FR\"},{\"@type\":\"Organization\",\"@id\":\"https:\/\/www.carideal.com\/blog\/#organization\",\"name\":\"Carideal\",\"url\":\"https:\/\/www.carideal.com\/blog\/\",\"logo\":{\"@type\":\"ImageObject\",\"inLanguage\":\"fr-FR\",\"@id\":\"https:\/\/www.carideal.com\/blog\/#\/schema\/logo\/image\/\",\"url\":\"http:\/\/www.carideal.com\/blog\/wp-content\/uploads\/2016\/03\/logo-carideal-mandataire-automobile.png\",\"contentUrl\":\"http:\/\/www.carideal.com\/blog\/wp-content\/uploads\/2016\/03\/logo-carideal-mandataire-automobile.png\",\"width\":300,\"height\":300,\"caption\":\"Carideal\"},\"image\":{\"@id\":\"https:\/\/www.carideal.com\/blog\/#\/schema\/logo\/image\/\"},\"sameAs\":[\"https:\/\/www.facebook.com\/Carideal.mandataire.automobile\",\"https:\/\/x.com\/caridealauto\",\"https:\/\/www.instagram.com\/carideal1\/\",\"https:\/\/www.linkedin.com\/company\/carideal.com\",\"https:\/\/fr.pinterest.com\/schiavonsas\/\",\"https:\/\/www.youtube.com\/user\/caridealsas\"]},{\"@type\":\"Person\",\"@id\":\"https:\/\/www.carideal.com\/blog\/#\/schema\/person\/985c7e757d1042d647f21bfaf8d41ebc\",\"name\":\"N.S Carideal\",\"image\":{\"@type\":\"ImageObject\",\"inLanguage\":\"fr-FR\",\"@id\":\"https:\/\/www.carideal.com\/blog\/#\/schema\/person\/image\/\",\"url\":\"https:\/\/secure.gravatar.com\/avatar\/edb7ccdf1a4e3d14aef967760d354d0e?s=96&r=g\",\"contentUrl\":\"https:\/\/secure.gravatar.com\/avatar\/edb7ccdf1a4e3d14aef967760d354d0e?s=96&r=g\",\"caption\":\"N.S Carideal\"},\"description\":\"Depuis tout petit fan d'automobile. Il est question d'essayer et de comparer toutes ces voitures qui nous ont fait r\u00e9ver, avant que celles-ci ne devient uniquement des voitures de collection.\",\"sameAs\":[\"http:\/\/www.carideal.com\/blog\",\"https:\/\/www.facebook.com\/Carideal.mandataire.automobile\/\",\"https:\/\/www.linkedin.com\/in\/nschiavon\/\",\"https:\/\/www.youtube.com\/user\/caridealsas\/\"],\"url\":\"https:\/\/www.carideal.com\/blog\/author\/admin_carideal\/\"}]}<\/script>\n<!-- \/ Yoast SEO plugin. -->","yoast_head_json":{"title":"La Toyota Yaris - Blog auto Carid\u00e9al","robots":{"index":"index","follow":"follow","max-snippet":"max-snippet:-1","max-image-preview":"max-image-preview:large","max-video-preview":"max-video-preview:-1"},"canonical":"https:\/\/www.carideal.com\/blog\/2012\/06\/08\/la-toyota-yaris\/","og_locale":"fr_FR","og_type":"article","og_title":"La Toyota Yaris - Blog auto Carid\u00e9al","og_description":"Fini la carrosserie ronde pour la Yaris. Toyota \u00e0 opter pour sa Yaris une carrosserie plus organis\u00e9e et soign\u00e9e. La planche de bord change sont instrumentation en position centrale contre une disposition plus conventionnelle. Mais c'est principalement la venue du grand \u00e9cran tactile qui commande la radio, le t\u00e9l\u00e9phone en bluetooth et le GPS ( ... Lire plus","og_url":"https:\/\/www.carideal.com\/blog\/2012\/06\/08\/la-toyota-yaris\/","og_site_name":"Blog auto Carid\u00e9al","article_publisher":"https:\/\/www.facebook.com\/Carideal.mandataire.automobile","article_author":"https:\/\/www.facebook.com\/Carideal.mandataire.automobile\/","article_published_time":"2012-06-08T13:42:00+00:00","article_modified_time":"2020-03-07T19:25:16+00:00","og_image":[{"width":300,"height":300,"url":"https:\/\/www.carideal.com\/blog\/wp-content\/uploads\/2016\/03\/logo-carideal-mandataire-automobile.png","type":"image\/png"}],"author":"N.S Carideal","twitter_card":"summary_large_image","twitter_creator":"@caridealauto","twitter_site":"@caridealauto","twitter_misc":{"\u00c9crit par":"N.S Carideal","Dur\u00e9e de lecture estim\u00e9e":"1 minute"},"schema":{"@context":"https:\/\/schema.org","@graph":[{"@type":"Article","@id":"https:\/\/www.carideal.com\/blog\/2012\/06\/08\/la-toyota-yaris\/#article","isPartOf":{"@id":"https:\/\/www.carideal.com\/blog\/2012\/06\/08\/la-toyota-yaris\/"},"author":{"name":"N.S Carideal","@id":"https:\/\/www.carideal.com\/blog\/#\/schema\/person\/985c7e757d1042d647f21bfaf8d41ebc"},"headline":"La Toyota Yaris","datePublished":"2012-06-08T13:42:00+00:00","dateModified":"2020-03-07T19:25:16+00:00","mainEntityOfPage":{"@id":"https:\/\/www.carideal.com\/blog\/2012\/06\/08\/la-toyota-yaris\/"},"wordCount":267,"commentCount":0,"publisher":{"@id":"https:\/\/www.carideal.com\/blog\/#organization"},"keywords":["bonus \u00e9cologique"],"articleSection":["March\u00e9 automobile"],"inLanguage":"fr-FR","potentialAction":[{"@type":"CommentAction","name":"Comment","target":["https:\/\/www.carideal.com\/blog\/2012\/06\/08\/la-toyota-yaris\/#respond"]}]},{"@type":"WebPage","@id":"https:\/\/www.carideal.com\/blog\/2012\/06\/08\/la-toyota-yaris\/","url":"https:\/\/www.carideal.com\/blog\/2012\/06\/08\/la-toyota-yaris\/","name":"La Toyota Yaris - Blog auto Carid\u00e9al","isPartOf":{"@id":"https:\/\/www.carideal.com\/blog\/#website"},"datePublished":"2012-06-08T13:42:00+00:00","dateModified":"2020-03-07T19:25:16+00:00","breadcrumb":{"@id":"https:\/\/www.carideal.com\/blog\/2012\/06\/08\/la-toyota-yaris\/#breadcrumb"},"inLanguage":"fr-FR","potentialAction":[{"@type":"ReadAction","target":["https:\/\/www.carideal.com\/blog\/2012\/06\/08\/la-toyota-yaris\/"]}]},{"@type":"BreadcrumbList","@id":"https:\/\/www.carideal.com\/blog\/2012\/06\/08\/la-toyota-yaris\/#breadcrumb","itemListElement":[{"@type":"ListItem","position":1,"name":"Blog Carid\u00e9al","item":"https:\/\/www.carideal.com\/blog\/"},{"@type":"ListItem","position":2,"name":"March\u00e9 automobile","item":"https:\/\/www.carideal.com\/blog\/marche-automobile-voiture-neuve-occasion-4x4-suv\/"},{"@type":"ListItem","position":3,"name":"La Toyota Yaris"}]},{"@type":"WebSite","@id":"https:\/\/www.carideal.com\/blog\/#website","url":"https:\/\/www.carideal.com\/blog\/","name":"Blog auto Carid\u00e9al","description":"Actualit\u00e9 auto par des passionn\u00e9s","publisher":{"@id":"https:\/\/www.carideal.com\/blog\/#organization"},"potentialAction":[{"@type":"SearchAction","target":{"@type":"EntryPoint","urlTemplate":"https:\/\/www.carideal.com\/blog\/?s={search_term_string}"},"query-input":{"@type":"PropertyValueSpecification","valueRequired":true,"valueName":"search_term_string"}}],"inLanguage":"fr-FR"},{"@type":"Organization","@id":"https:\/\/www.carideal.com\/blog\/#organization","name":"Carideal","url":"https:\/\/www.carideal.com\/blog\/","logo":{"@type":"ImageObject","inLanguage":"fr-FR","@id":"https:\/\/www.carideal.com\/blog\/#\/schema\/logo\/image\/","url":"http:\/\/www.carideal.com\/blog\/wp-content\/uploads\/2016\/03\/logo-carideal-mandataire-automobile.png","contentUrl":"http:\/\/www.carideal.com\/blog\/wp-content\/uploads\/2016\/03\/logo-carideal-mandataire-automobile.png","width":300,"height":300,"caption":"Carideal"},"image":{"@id":"https:\/\/www.carideal.com\/blog\/#\/schema\/logo\/image\/"},"sameAs":["https:\/\/www.facebook.com\/Carideal.mandataire.automobile","https:\/\/x.com\/caridealauto","https:\/\/www.instagram.com\/carideal1\/","https:\/\/www.linkedin.com\/company\/carideal.com","https:\/\/fr.pinterest.com\/schiavonsas\/","https:\/\/www.youtube.com\/user\/caridealsas"]},{"@type":"Person","@id":"https:\/\/www.carideal.com\/blog\/#\/schema\/person\/985c7e757d1042d647f21bfaf8d41ebc","name":"N.S Carideal","image":{"@type":"ImageObject","inLanguage":"fr-FR","@id":"https:\/\/www.carideal.com\/blog\/#\/schema\/person\/image\/","url":"https:\/\/secure.gravatar.com\/avatar\/edb7ccdf1a4e3d14aef967760d354d0e?s=96&r=g","contentUrl":"https:\/\/secure.gravatar.com\/avatar\/edb7ccdf1a4e3d14aef967760d354d0e?s=96&r=g","caption":"N.S Carideal"},"description":"Depuis tout petit fan d'automobile. Il est question d'essayer et de comparer toutes ces voitures qui nous ont fait r\u00e9ver, avant que celles-ci ne devient uniquement des voitures de collection.","sameAs":["http:\/\/www.carideal.com\/blog","https:\/\/www.facebook.com\/Carideal.mandataire.automobile\/","https:\/\/www.linkedin.com\/in\/nschiavon\/","https:\/\/www.youtube.com\/user\/caridealsas\/"],"url":"https:\/\/www.carideal.com\/blog\/author\/admin_carideal\/"}]}},"uagb_featured_image_src":{"full":false,"thumbnail":false,"medium":false,"medium_large":false,"large":false,"1536x1536":false,"2048x2048":false,"wppr-widget":false},"uagb_author_info":{"display_name":"N.S Carideal","author_link":"https:\/\/www.carideal.com\/blog\/author\/admin_carideal\/"},"uagb_comment_info":0,"uagb_excerpt":"Fini la carrosserie ronde pour la Yaris. Toyota \u00e0 opter pour sa Yaris une carrosserie plus organis\u00e9e et soign\u00e9e. La planche de bord change sont instrumentation en position centrale contre une disposition plus conventionnelle. Mais c'est principalement la venue du grand \u00e9cran tactile qui commande la radio, le t\u00e9l\u00e9phone en bluetooth et le GPS (\u2026","_links":{"self":[{"href":"https:\/\/www.carideal.com\/blog\/wp-json\/wp\/v2\/posts\/1127"}],"collection":[{"href":"https:\/\/www.carideal.com\/blog\/wp-json\/wp\/v2\/posts"}],"about":[{"href":"https:\/\/www.carideal.com\/blog\/wp-json\/wp\/v2\/types\/post"}],"author":[{"embeddable":true,"href":"https:\/\/www.carideal.com\/blog\/wp-json\/wp\/v2\/users\/1"}],"replies":[{"embeddable":true,"href":"https:\/\/www.carideal.com\/blog\/wp-json\/wp\/v2\/comments?post=1127"}],"version-history":[{"count":0,"href":"https:\/\/www.carideal.com\/blog\/wp-json\/wp\/v2\/posts\/1127\/revisions"}],"wp:attachment":[{"href":"https:\/\/www.carideal.com\/blog\/wp-json\/wp\/v2\/media?parent=1127"}],"wp:term":[{"taxonomy":"category","embeddable":true,"href":"https:\/\/www.carideal.com\/blog\/wp-json\/wp\/v2\/categories?post=1127"},{"taxonomy":"post_tag","embeddable":true,"href":"https:\/\/www.carideal.com\/blog\/wp-json\/wp\/v2\/tags?post=1127"}],"curies":[{"name":"wp","href":"https:\/\/api.w.org\/{rel}","templated":true}]}}