{"id":1123,"date":"2012-06-07T15:46:00","date_gmt":"2012-06-07T15:46:00","guid":{"rendered":"http:\/\/carideal.com\/blog\/?p=1123"},"modified":"2012-06-07T15:46:00","modified_gmt":"2012-06-07T15:46:00","slug":"fiat-punto-restylee","status":"publish","type":"post","link":"https:\/\/www.carideal.com\/blog\/2012\/06\/07\/fiat-punto-restylee\/","title":{"rendered":"Fiat Punto restyl\u00e9e"},"content":{"rendered":"<p><img decoding=\"async\" src=\"\/blog\/public\/.Fiat-punto-Mjet-85-Easy-5p-carideal_m.jpg\" alt=\"Fiat-punto-Mjet-85-Easy-5p-carideal.jpg\" title=\"Fiat-punto-Mjet-85-Easy-5p-carideal.jpg, juin 2012\" \/><\/p>\n<blockquote>\n<p>La punto accueille un deuxi\u00e8me restylage.<\/p>\n<\/blockquote>\n<p>Gr\u00e2ce \u00e0 sa longueur la<a href=\"\/blog\/index.php?tag\/Fiat%20Punto\"> Fiat Punto<\/a> dispose du record de la<a href=\"\/blog\/index.php?tag\/polyvalente\"> polyvalente<\/a> la plus grande du segment. Ce d\u00e9taille lui permet d'avoir un int\u00e9rieur splendide mais en revanche de ne pas \u00e9tinceler en ville, gabarit \u00e9norme, diam\u00e8tre de braquage moyen, angle mort d\u00e9rengeant \u00e0 l'approche des giratoires, manque de vivacit\u00e9 pour le stop&amp;start: l'utilisation de la punto en ville n'est pas recommander. Mais pour les personnes qui cherche une polyvalente accessible, <a href=\"\/blog\/index.php?tag\/l%E2%80%99italienne\">l\u2019italienne<\/a> reste un mod\u00e8le. Les places arri\u00e8re proposent un belle espace pour les jambes et coudes des passagers. Les irr\u00e9gularit\u00e9s sont correctement absorber par les suspensions.La Fiat opte pour les options: toit panoramique, syst\u00e8me GPS TomTom.<br \/>\nAvant le<a href=\"\/blog\/index.php?tag\/restylage\"> restylage<\/a> la punto poss\u00e9dait deux diesel: un 1.3 l de 75 ch ou 95 ch. Pour le m\u00eame prix que ce dernier il existe dor\u00e9navant une motorisation de 85 ch. L'avantage de cette motorisation permet \u00e0 l'utilisateur une baisse de 0.7l aux 100 km, et une bonus d'achat de 400 \u20ac.<br \/>\nLa Punto n'a pas de gros d\u00e9fauts mais sont insonorisation et sa prestations routi\u00e8res sont plus \u00e0 l'\u00e9chelle des ses concurrentes.<br \/>\nMalheureusement les prix de la punto tol\u00e8re pas ces petits d\u00e9fauts: 17490\u20ac c'est le prix d'une <a href=\"\/blog\/index.php?tag\/Peugeot%20208\">Peugeot 208<\/a> qui propose au contraire de la fiat, l'antid\u00e9rapage, ESP, le bluetooth, la prise USB et le r\u00e9gulateur de vitesse de s\u00e9rie<\/p>\n","protected":false},"excerpt":{"rendered":"<p>La punto accueille un deuxi\u00e8me restylage. Gr\u00e2ce \u00e0 sa longueur la Fiat Punto dispose du record de la polyvalente la plus grande du segment. Ce d\u00e9taille lui permet d&rsquo;avoir un int\u00e9rieur splendide mais en revanche de ne pas \u00e9tinceler en ville, gabarit \u00e9norme, diam\u00e8tre de braquage moyen, angle mort d\u00e9rengeant \u00e0 l&rsquo;approche des giratoires, manque &#8230; <a title=\"Fiat Punto restyl\u00e9e\" class=\"read-more\" href=\"https:\/\/www.carideal.com\/blog\/2012\/06\/07\/fiat-punto-restylee\/\" aria-label=\"En savoir plus sur Fiat Punto restyl\u00e9e\">Lire plus<\/a><\/p>\n","protected":false},"author":1,"featured_media":0,"comment_status":"open","ping_status":"open","sticky":false,"template":"","format":"standard","meta":{"_uag_custom_page_level_css":"","_themeisle_gutenberg_block_has_review":false,"footnotes":""},"categories":[10],"tags":[2120],"class_list":["post-1123","post","type-post","status-publish","format-standard","hentry","category-marche-automobile-voiture-neuve-occasion-4x4-suv","tag-restylage"],"wppr_data":[],"yoast_head":"<!-- This site is optimized with the Yoast SEO plugin v24.8.1 - https:\/\/yoast.com\/wordpress\/plugins\/seo\/ -->\n<title>Fiat Punto restyl\u00e9e - Blog auto Carid\u00e9al<\/title>\n<meta name=\"robots\" content=\"index, follow, max-snippet:-1, max-image-preview:large, max-video-preview:-1\" \/>\n<link rel=\"canonical\" href=\"https:\/\/www.carideal.com\/blog\/2012\/06\/07\/fiat-punto-restylee\/\" \/>\n<meta property=\"og:locale\" content=\"fr_FR\" \/>\n<meta property=\"og:type\" content=\"article\" \/>\n<meta property=\"og:title\" content=\"Fiat Punto restyl\u00e9e - Blog auto Carid\u00e9al\" \/>\n<meta property=\"og:description\" content=\"La punto accueille un deuxi\u00e8me restylage. Gr\u00e2ce \u00e0 sa longueur la Fiat Punto dispose du record de la polyvalente la plus grande du segment. Ce d\u00e9taille lui permet d&#039;avoir un int\u00e9rieur splendide mais en revanche de ne pas \u00e9tinceler en ville, gabarit \u00e9norme, diam\u00e8tre de braquage moyen, angle mort d\u00e9rengeant \u00e0 l&#039;approche des giratoires, manque ... Lire plus\" \/>\n<meta property=\"og:url\" content=\"https:\/\/www.carideal.com\/blog\/2012\/06\/07\/fiat-punto-restylee\/\" \/>\n<meta property=\"og:site_name\" content=\"Blog auto Carid\u00e9al\" \/>\n<meta property=\"article:publisher\" content=\"https:\/\/www.facebook.com\/Carideal.mandataire.automobile\" \/>\n<meta property=\"article:author\" content=\"https:\/\/www.facebook.com\/Carideal.mandataire.automobile\/\" \/>\n<meta property=\"article:published_time\" content=\"2012-06-07T15:46:00+00:00\" \/>\n<meta property=\"og:image\" content=\"https:\/\/www.carideal.com\/blog\/wp-content\/uploads\/2016\/03\/logo-carideal-mandataire-automobile.png\" \/>\n\t<meta property=\"og:image:width\" content=\"300\" \/>\n\t<meta property=\"og:image:height\" content=\"300\" \/>\n\t<meta property=\"og:image:type\" content=\"image\/png\" \/>\n<meta name=\"author\" content=\"N.S Carideal\" \/>\n<meta name=\"twitter:card\" content=\"summary_large_image\" \/>\n<meta name=\"twitter:creator\" content=\"@caridealauto\" \/>\n<meta name=\"twitter:site\" content=\"@caridealauto\" \/>\n<meta name=\"twitter:label1\" content=\"\u00c9crit par\" \/>\n\t<meta name=\"twitter:data1\" content=\"N.S Carideal\" \/>\n\t<meta name=\"twitter:label2\" content=\"Dur\u00e9e de lecture estim\u00e9e\" \/>\n\t<meta name=\"twitter:data2\" content=\"1 minute\" \/>\n<script type=\"application\/ld+json\" class=\"yoast-schema-graph\">{\"@context\":\"https:\/\/schema.org\",\"@graph\":[{\"@type\":\"Article\",\"@id\":\"https:\/\/www.carideal.com\/blog\/2012\/06\/07\/fiat-punto-restylee\/#article\",\"isPartOf\":{\"@id\":\"https:\/\/www.carideal.com\/blog\/2012\/06\/07\/fiat-punto-restylee\/\"},\"author\":{\"name\":\"N.S Carideal\",\"@id\":\"https:\/\/www.carideal.com\/blog\/#\/schema\/person\/985c7e757d1042d647f21bfaf8d41ebc\"},\"headline\":\"Fiat Punto restyl\u00e9e\",\"datePublished\":\"2012-06-07T15:46:00+00:00\",\"mainEntityOfPage\":{\"@id\":\"https:\/\/www.carideal.com\/blog\/2012\/06\/07\/fiat-punto-restylee\/\"},\"wordCount\":244,\"commentCount\":0,\"publisher\":{\"@id\":\"https:\/\/www.carideal.com\/blog\/#organization\"},\"keywords\":[\"restylage\"],\"articleSection\":[\"March\u00e9 automobile\"],\"inLanguage\":\"fr-FR\",\"potentialAction\":[{\"@type\":\"CommentAction\",\"name\":\"Comment\",\"target\":[\"https:\/\/www.carideal.com\/blog\/2012\/06\/07\/fiat-punto-restylee\/#respond\"]}]},{\"@type\":\"WebPage\",\"@id\":\"https:\/\/www.carideal.com\/blog\/2012\/06\/07\/fiat-punto-restylee\/\",\"url\":\"https:\/\/www.carideal.com\/blog\/2012\/06\/07\/fiat-punto-restylee\/\",\"name\":\"Fiat Punto restyl\u00e9e - Blog auto Carid\u00e9al\",\"isPartOf\":{\"@id\":\"https:\/\/www.carideal.com\/blog\/#website\"},\"datePublished\":\"2012-06-07T15:46:00+00:00\",\"breadcrumb\":{\"@id\":\"https:\/\/www.carideal.com\/blog\/2012\/06\/07\/fiat-punto-restylee\/#breadcrumb\"},\"inLanguage\":\"fr-FR\",\"potentialAction\":[{\"@type\":\"ReadAction\",\"target\":[\"https:\/\/www.carideal.com\/blog\/2012\/06\/07\/fiat-punto-restylee\/\"]}]},{\"@type\":\"BreadcrumbList\",\"@id\":\"https:\/\/www.carideal.com\/blog\/2012\/06\/07\/fiat-punto-restylee\/#breadcrumb\",\"itemListElement\":[{\"@type\":\"ListItem\",\"position\":1,\"name\":\"Blog Carid\u00e9al\",\"item\":\"https:\/\/www.carideal.com\/blog\/\"},{\"@type\":\"ListItem\",\"position\":2,\"name\":\"March\u00e9 automobile\",\"item\":\"https:\/\/www.carideal.com\/blog\/marche-automobile-voiture-neuve-occasion-4x4-suv\/\"},{\"@type\":\"ListItem\",\"position\":3,\"name\":\"Fiat Punto restyl\u00e9e\"}]},{\"@type\":\"WebSite\",\"@id\":\"https:\/\/www.carideal.com\/blog\/#website\",\"url\":\"https:\/\/www.carideal.com\/blog\/\",\"name\":\"Blog auto Carid\u00e9al\",\"description\":\"Actualit\u00e9 auto par des passionn\u00e9s\",\"publisher\":{\"@id\":\"https:\/\/www.carideal.com\/blog\/#organization\"},\"potentialAction\":[{\"@type\":\"SearchAction\",\"target\":{\"@type\":\"EntryPoint\",\"urlTemplate\":\"https:\/\/www.carideal.com\/blog\/?s={search_term_string}\"},\"query-input\":{\"@type\":\"PropertyValueSpecification\",\"valueRequired\":true,\"valueName\":\"search_term_string\"}}],\"inLanguage\":\"fr-FR\"},{\"@type\":\"Organization\",\"@id\":\"https:\/\/www.carideal.com\/blog\/#organization\",\"name\":\"Carideal\",\"url\":\"https:\/\/www.carideal.com\/blog\/\",\"logo\":{\"@type\":\"ImageObject\",\"inLanguage\":\"fr-FR\",\"@id\":\"https:\/\/www.carideal.com\/blog\/#\/schema\/logo\/image\/\",\"url\":\"http:\/\/www.carideal.com\/blog\/wp-content\/uploads\/2016\/03\/logo-carideal-mandataire-automobile.png\",\"contentUrl\":\"http:\/\/www.carideal.com\/blog\/wp-content\/uploads\/2016\/03\/logo-carideal-mandataire-automobile.png\",\"width\":300,\"height\":300,\"caption\":\"Carideal\"},\"image\":{\"@id\":\"https:\/\/www.carideal.com\/blog\/#\/schema\/logo\/image\/\"},\"sameAs\":[\"https:\/\/www.facebook.com\/Carideal.mandataire.automobile\",\"https:\/\/x.com\/caridealauto\",\"https:\/\/www.instagram.com\/carideal1\/\",\"https:\/\/www.linkedin.com\/company\/carideal.com\",\"https:\/\/fr.pinterest.com\/schiavonsas\/\",\"https:\/\/www.youtube.com\/user\/caridealsas\"]},{\"@type\":\"Person\",\"@id\":\"https:\/\/www.carideal.com\/blog\/#\/schema\/person\/985c7e757d1042d647f21bfaf8d41ebc\",\"name\":\"N.S Carideal\",\"image\":{\"@type\":\"ImageObject\",\"inLanguage\":\"fr-FR\",\"@id\":\"https:\/\/www.carideal.com\/blog\/#\/schema\/person\/image\/\",\"url\":\"https:\/\/secure.gravatar.com\/avatar\/edb7ccdf1a4e3d14aef967760d354d0e?s=96&r=g\",\"contentUrl\":\"https:\/\/secure.gravatar.com\/avatar\/edb7ccdf1a4e3d14aef967760d354d0e?s=96&r=g\",\"caption\":\"N.S Carideal\"},\"description\":\"Depuis tout petit fan d'automobile. Il est question d'essayer et de comparer toutes ces voitures qui nous ont fait r\u00e9ver, avant que celles-ci ne devient uniquement des voitures de collection.\",\"sameAs\":[\"http:\/\/www.carideal.com\/blog\",\"https:\/\/www.facebook.com\/Carideal.mandataire.automobile\/\",\"https:\/\/www.linkedin.com\/in\/nschiavon\/\",\"https:\/\/www.youtube.com\/user\/caridealsas\/\"],\"url\":\"https:\/\/www.carideal.com\/blog\/author\/admin_carideal\/\"}]}<\/script>\n<!-- \/ Yoast SEO plugin. -->","yoast_head_json":{"title":"Fiat Punto restyl\u00e9e - Blog auto Carid\u00e9al","robots":{"index":"index","follow":"follow","max-snippet":"max-snippet:-1","max-image-preview":"max-image-preview:large","max-video-preview":"max-video-preview:-1"},"canonical":"https:\/\/www.carideal.com\/blog\/2012\/06\/07\/fiat-punto-restylee\/","og_locale":"fr_FR","og_type":"article","og_title":"Fiat Punto restyl\u00e9e - Blog auto Carid\u00e9al","og_description":"La punto accueille un deuxi\u00e8me restylage. Gr\u00e2ce \u00e0 sa longueur la Fiat Punto dispose du record de la polyvalente la plus grande du segment. Ce d\u00e9taille lui permet d'avoir un int\u00e9rieur splendide mais en revanche de ne pas \u00e9tinceler en ville, gabarit \u00e9norme, diam\u00e8tre de braquage moyen, angle mort d\u00e9rengeant \u00e0 l'approche des giratoires, manque ... Lire plus","og_url":"https:\/\/www.carideal.com\/blog\/2012\/06\/07\/fiat-punto-restylee\/","og_site_name":"Blog auto Carid\u00e9al","article_publisher":"https:\/\/www.facebook.com\/Carideal.mandataire.automobile","article_author":"https:\/\/www.facebook.com\/Carideal.mandataire.automobile\/","article_published_time":"2012-06-07T15:46:00+00:00","og_image":[{"width":300,"height":300,"url":"https:\/\/www.carideal.com\/blog\/wp-content\/uploads\/2016\/03\/logo-carideal-mandataire-automobile.png","type":"image\/png"}],"author":"N.S Carideal","twitter_card":"summary_large_image","twitter_creator":"@caridealauto","twitter_site":"@caridealauto","twitter_misc":{"\u00c9crit par":"N.S Carideal","Dur\u00e9e de lecture estim\u00e9e":"1 minute"},"schema":{"@context":"https:\/\/schema.org","@graph":[{"@type":"Article","@id":"https:\/\/www.carideal.com\/blog\/2012\/06\/07\/fiat-punto-restylee\/#article","isPartOf":{"@id":"https:\/\/www.carideal.com\/blog\/2012\/06\/07\/fiat-punto-restylee\/"},"author":{"name":"N.S Carideal","@id":"https:\/\/www.carideal.com\/blog\/#\/schema\/person\/985c7e757d1042d647f21bfaf8d41ebc"},"headline":"Fiat Punto restyl\u00e9e","datePublished":"2012-06-07T15:46:00+00:00","mainEntityOfPage":{"@id":"https:\/\/www.carideal.com\/blog\/2012\/06\/07\/fiat-punto-restylee\/"},"wordCount":244,"commentCount":0,"publisher":{"@id":"https:\/\/www.carideal.com\/blog\/#organization"},"keywords":["restylage"],"articleSection":["March\u00e9 automobile"],"inLanguage":"fr-FR","potentialAction":[{"@type":"CommentAction","name":"Comment","target":["https:\/\/www.carideal.com\/blog\/2012\/06\/07\/fiat-punto-restylee\/#respond"]}]},{"@type":"WebPage","@id":"https:\/\/www.carideal.com\/blog\/2012\/06\/07\/fiat-punto-restylee\/","url":"https:\/\/www.carideal.com\/blog\/2012\/06\/07\/fiat-punto-restylee\/","name":"Fiat Punto restyl\u00e9e - Blog auto Carid\u00e9al","isPartOf":{"@id":"https:\/\/www.carideal.com\/blog\/#website"},"datePublished":"2012-06-07T15:46:00+00:00","breadcrumb":{"@id":"https:\/\/www.carideal.com\/blog\/2012\/06\/07\/fiat-punto-restylee\/#breadcrumb"},"inLanguage":"fr-FR","potentialAction":[{"@type":"ReadAction","target":["https:\/\/www.carideal.com\/blog\/2012\/06\/07\/fiat-punto-restylee\/"]}]},{"@type":"BreadcrumbList","@id":"https:\/\/www.carideal.com\/blog\/2012\/06\/07\/fiat-punto-restylee\/#breadcrumb","itemListElement":[{"@type":"ListItem","position":1,"name":"Blog Carid\u00e9al","item":"https:\/\/www.carideal.com\/blog\/"},{"@type":"ListItem","position":2,"name":"March\u00e9 automobile","item":"https:\/\/www.carideal.com\/blog\/marche-automobile-voiture-neuve-occasion-4x4-suv\/"},{"@type":"ListItem","position":3,"name":"Fiat Punto restyl\u00e9e"}]},{"@type":"WebSite","@id":"https:\/\/www.carideal.com\/blog\/#website","url":"https:\/\/www.carideal.com\/blog\/","name":"Blog auto Carid\u00e9al","description":"Actualit\u00e9 auto par des passionn\u00e9s","publisher":{"@id":"https:\/\/www.carideal.com\/blog\/#organization"},"potentialAction":[{"@type":"SearchAction","target":{"@type":"EntryPoint","urlTemplate":"https:\/\/www.carideal.com\/blog\/?s={search_term_string}"},"query-input":{"@type":"PropertyValueSpecification","valueRequired":true,"valueName":"search_term_string"}}],"inLanguage":"fr-FR"},{"@type":"Organization","@id":"https:\/\/www.carideal.com\/blog\/#organization","name":"Carideal","url":"https:\/\/www.carideal.com\/blog\/","logo":{"@type":"ImageObject","inLanguage":"fr-FR","@id":"https:\/\/www.carideal.com\/blog\/#\/schema\/logo\/image\/","url":"http:\/\/www.carideal.com\/blog\/wp-content\/uploads\/2016\/03\/logo-carideal-mandataire-automobile.png","contentUrl":"http:\/\/www.carideal.com\/blog\/wp-content\/uploads\/2016\/03\/logo-carideal-mandataire-automobile.png","width":300,"height":300,"caption":"Carideal"},"image":{"@id":"https:\/\/www.carideal.com\/blog\/#\/schema\/logo\/image\/"},"sameAs":["https:\/\/www.facebook.com\/Carideal.mandataire.automobile","https:\/\/x.com\/caridealauto","https:\/\/www.instagram.com\/carideal1\/","https:\/\/www.linkedin.com\/company\/carideal.com","https:\/\/fr.pinterest.com\/schiavonsas\/","https:\/\/www.youtube.com\/user\/caridealsas"]},{"@type":"Person","@id":"https:\/\/www.carideal.com\/blog\/#\/schema\/person\/985c7e757d1042d647f21bfaf8d41ebc","name":"N.S Carideal","image":{"@type":"ImageObject","inLanguage":"fr-FR","@id":"https:\/\/www.carideal.com\/blog\/#\/schema\/person\/image\/","url":"https:\/\/secure.gravatar.com\/avatar\/edb7ccdf1a4e3d14aef967760d354d0e?s=96&r=g","contentUrl":"https:\/\/secure.gravatar.com\/avatar\/edb7ccdf1a4e3d14aef967760d354d0e?s=96&r=g","caption":"N.S Carideal"},"description":"Depuis tout petit fan d'automobile. Il est question d'essayer et de comparer toutes ces voitures qui nous ont fait r\u00e9ver, avant que celles-ci ne devient uniquement des voitures de collection.","sameAs":["http:\/\/www.carideal.com\/blog","https:\/\/www.facebook.com\/Carideal.mandataire.automobile\/","https:\/\/www.linkedin.com\/in\/nschiavon\/","https:\/\/www.youtube.com\/user\/caridealsas\/"],"url":"https:\/\/www.carideal.com\/blog\/author\/admin_carideal\/"}]}},"uagb_featured_image_src":{"full":false,"thumbnail":false,"medium":false,"medium_large":false,"large":false,"1536x1536":false,"2048x2048":false,"wppr-widget":false},"uagb_author_info":{"display_name":"N.S Carideal","author_link":"https:\/\/www.carideal.com\/blog\/author\/admin_carideal\/"},"uagb_comment_info":0,"uagb_excerpt":"La punto accueille un deuxi\u00e8me restylage. Gr\u00e2ce \u00e0 sa longueur la Fiat Punto dispose du record de la polyvalente la plus grande du segment. Ce d\u00e9taille lui permet d'avoir un int\u00e9rieur splendide mais en revanche de ne pas \u00e9tinceler en ville, gabarit \u00e9norme, diam\u00e8tre de braquage moyen, angle mort d\u00e9rengeant \u00e0 l'approche des giratoires, manque\u2026","_links":{"self":[{"href":"https:\/\/www.carideal.com\/blog\/wp-json\/wp\/v2\/posts\/1123"}],"collection":[{"href":"https:\/\/www.carideal.com\/blog\/wp-json\/wp\/v2\/posts"}],"about":[{"href":"https:\/\/www.carideal.com\/blog\/wp-json\/wp\/v2\/types\/post"}],"author":[{"embeddable":true,"href":"https:\/\/www.carideal.com\/blog\/wp-json\/wp\/v2\/users\/1"}],"replies":[{"embeddable":true,"href":"https:\/\/www.carideal.com\/blog\/wp-json\/wp\/v2\/comments?post=1123"}],"version-history":[{"count":0,"href":"https:\/\/www.carideal.com\/blog\/wp-json\/wp\/v2\/posts\/1123\/revisions"}],"wp:attachment":[{"href":"https:\/\/www.carideal.com\/blog\/wp-json\/wp\/v2\/media?parent=1123"}],"wp:term":[{"taxonomy":"category","embeddable":true,"href":"https:\/\/www.carideal.com\/blog\/wp-json\/wp\/v2\/categories?post=1123"},{"taxonomy":"post_tag","embeddable":true,"href":"https:\/\/www.carideal.com\/blog\/wp-json\/wp\/v2\/tags?post=1123"}],"curies":[{"name":"wp","href":"https:\/\/api.w.org\/{rel}","templated":true}]}}