{"id":1120,"date":"2012-06-07T08:19:00","date_gmt":"2012-06-07T08:19:00","guid":{"rendered":"http:\/\/carideal.com\/blog\/?p=1120"},"modified":"2020-03-07T20:25:11","modified_gmt":"2020-03-07T19:25:11","slug":"nouvelles-hybride-pour-toyota","status":"publish","type":"post","link":"https:\/\/www.carideal.com\/blog\/2012\/06\/07\/nouvelles-hybride-pour-toyota\/","title":{"rendered":"Nouvelles hybride pour toyota"},"content":{"rendered":"<\/p>\n<blockquote>\n<p><a href=\"\/blog\/index.php?tag\/Toyota\">Toyota<\/a> nous d\u00e9voile ses deux nouveaux <a href=\"\/blog\/index.php?tag\/hybrides\">hybrides<\/a>.<\/p>\n<\/blockquote>\n<p>La<a href=\"\/blog\/index.php?tag\/Prius\"> Prius+<\/a> gagne 16 cm et donc atteint une longueur de 4,62 m. L'espace en int\u00e9rieur en a profit\u00e9 puisque le volume du coffre passe a 506 litre au lieux de 446 et la Prius+ peut accueillir deux personnes de plus \u00e0 bord. B\u00e9n\u00e9ficiant de sept places la Prius+ entre dans la gamme des monospaces compacts. Dans cette gamme le verso occupe une partie mais les deux v\u00e9hicules concerne pas la m\u00eame client\u00e8le. Le verso fonctionne avec des moteurs thermique alors que la Prius+ est totalment hybride(moteur \u00e0 essence coupl\u00e9 avec un moteur \u00e9lectrique). Les qualit\u00e9s de la Prius+ se trouve dans les consommations( 4.3 L\/100km et 96g\/km de CO2. Sur le march\u00e9 le Prius+ fait parti des <a href=\"\/blog\/index.php?tag\/monospaces%20compacts\">monospaces compacts<\/a> les plus discrets et donc d'encaisser 2000\u20ac de<a href=\"\/blog\/index.php?tag\/bonus%20%C3%A9cologique\"> bonus \u00e9cologique<\/a>.<br \/>\nLa Prius+ co\u00fbte assez ch\u00e8re compar\u00e9 \u00e0 ses concurents, les prix commence de 29000\u20ac \u00e0 35700\u20ac.<br \/>\nLa Toyota <a href=\"\/blog\/index.php?tag\/Yaris%20hybride\">Yaris hybride<\/a> est aussi coupl\u00e9 d'un moteur \u00e9lectrique et essence qui lui permet de battre un record de consommations 3.5 l\/km pour 79g\/km de CO2. La Yaris permet \u00e0 l'acheteur de b\u00e9n\u00e9ficier de 2000\u20ac de bonus \u00e9cologique et donc le prix baisse \u00e0 16500\u20ac, ce qui lui permet d'\u00eatre moin cher que sa concurrente l'honda jazz hybride qui elle vaut 16950\u20ac. La Yaris hybride comprend comme \u00e9quipement 7 air bags, l'ESP, l'antibrouillard, la climatisation automatique 2 zones, radio CD avec \u00e9crant tactile de 6.1 pouces de serie et \u00e0 partir de la <a href=\"\/blog\/index.php?tag\/finition%20Dynamic\">finition Dynamic<\/a>. Pour la<a href=\"\/blog\/index.php?tag\/finition%20Style\"> finition  Style<\/a> qui co\u00fbte 18500\u20ac ont compl\u00e8te avec des jantes 16 pouces, les vitres surteint\u00e9es, sellerie mi-cuir, r\u00e9gulateur de vitesse, essuie glaces et phares automatique.<\/p>\n","protected":false},"excerpt":{"rendered":"<p>Toyota nous d\u00e9voile ses deux nouveaux hybrides. La Prius+ gagne 16 cm et donc atteint une longueur de 4,62 m. L&rsquo;espace en int\u00e9rieur en a profit\u00e9 puisque le volume du coffre passe a 506 litre au lieux de 446 et la Prius+ peut accueillir deux personnes de plus \u00e0 bord. B\u00e9n\u00e9ficiant de sept places la &#8230; <a title=\"Nouvelles hybride pour toyota\" class=\"read-more\" href=\"https:\/\/www.carideal.com\/blog\/2012\/06\/07\/nouvelles-hybride-pour-toyota\/\" aria-label=\"En savoir plus sur Nouvelles hybride pour toyota\">Lire plus<\/a><\/p>\n","protected":false},"author":1,"featured_media":0,"comment_status":"open","ping_status":"open","sticky":false,"template":"","format":"standard","meta":{"_uag_custom_page_level_css":"","_themeisle_gutenberg_block_has_review":false,"footnotes":""},"categories":[10],"tags":[752],"class_list":["post-1120","post","type-post","status-publish","format-standard","hentry","category-marche-automobile-voiture-neuve-occasion-4x4-suv","tag-bonus-ecologique"],"wppr_data":[],"yoast_head":"<!-- This site is optimized with the Yoast SEO plugin v24.8.1 - https:\/\/yoast.com\/wordpress\/plugins\/seo\/ -->\n<title>Nouvelles hybride pour toyota - Blog auto Carid\u00e9al<\/title>\n<meta name=\"robots\" content=\"index, follow, max-snippet:-1, max-image-preview:large, max-video-preview:-1\" \/>\n<link rel=\"canonical\" href=\"https:\/\/www.carideal.com\/blog\/2012\/06\/07\/nouvelles-hybride-pour-toyota\/\" \/>\n<meta property=\"og:locale\" content=\"fr_FR\" \/>\n<meta property=\"og:type\" content=\"article\" \/>\n<meta property=\"og:title\" content=\"Nouvelles hybride pour toyota - Blog auto Carid\u00e9al\" \/>\n<meta property=\"og:description\" content=\"Toyota nous d\u00e9voile ses deux nouveaux hybrides. La Prius+ gagne 16 cm et donc atteint une longueur de 4,62 m. L&#039;espace en int\u00e9rieur en a profit\u00e9 puisque le volume du coffre passe a 506 litre au lieux de 446 et la Prius+ peut accueillir deux personnes de plus \u00e0 bord. B\u00e9n\u00e9ficiant de sept places la ... Lire plus\" \/>\n<meta property=\"og:url\" content=\"https:\/\/www.carideal.com\/blog\/2012\/06\/07\/nouvelles-hybride-pour-toyota\/\" \/>\n<meta property=\"og:site_name\" content=\"Blog auto Carid\u00e9al\" \/>\n<meta property=\"article:publisher\" content=\"https:\/\/www.facebook.com\/Carideal.mandataire.automobile\" \/>\n<meta property=\"article:author\" content=\"https:\/\/www.facebook.com\/Carideal.mandataire.automobile\/\" \/>\n<meta property=\"article:published_time\" content=\"2012-06-07T08:19:00+00:00\" \/>\n<meta property=\"article:modified_time\" content=\"2020-03-07T19:25:11+00:00\" \/>\n<meta property=\"og:image\" content=\"https:\/\/www.carideal.com\/blog\/wp-content\/uploads\/2016\/03\/logo-carideal-mandataire-automobile.png\" \/>\n\t<meta property=\"og:image:width\" content=\"300\" \/>\n\t<meta property=\"og:image:height\" content=\"300\" \/>\n\t<meta property=\"og:image:type\" content=\"image\/png\" \/>\n<meta name=\"author\" content=\"N.S Carideal\" \/>\n<meta name=\"twitter:card\" content=\"summary_large_image\" \/>\n<meta name=\"twitter:creator\" content=\"@caridealauto\" \/>\n<meta name=\"twitter:site\" content=\"@caridealauto\" \/>\n<meta name=\"twitter:label1\" content=\"\u00c9crit par\" \/>\n\t<meta name=\"twitter:data1\" content=\"N.S Carideal\" \/>\n\t<meta name=\"twitter:label2\" content=\"Dur\u00e9e de lecture estim\u00e9e\" \/>\n\t<meta name=\"twitter:data2\" content=\"1 minute\" \/>\n<script type=\"application\/ld+json\" class=\"yoast-schema-graph\">{\"@context\":\"https:\/\/schema.org\",\"@graph\":[{\"@type\":\"Article\",\"@id\":\"https:\/\/www.carideal.com\/blog\/2012\/06\/07\/nouvelles-hybride-pour-toyota\/#article\",\"isPartOf\":{\"@id\":\"https:\/\/www.carideal.com\/blog\/2012\/06\/07\/nouvelles-hybride-pour-toyota\/\"},\"author\":{\"name\":\"N.S Carideal\",\"@id\":\"https:\/\/www.carideal.com\/blog\/#\/schema\/person\/985c7e757d1042d647f21bfaf8d41ebc\"},\"headline\":\"Nouvelles hybride pour toyota\",\"datePublished\":\"2012-06-07T08:19:00+00:00\",\"dateModified\":\"2020-03-07T19:25:11+00:00\",\"mainEntityOfPage\":{\"@id\":\"https:\/\/www.carideal.com\/blog\/2012\/06\/07\/nouvelles-hybride-pour-toyota\/\"},\"wordCount\":278,\"commentCount\":0,\"publisher\":{\"@id\":\"https:\/\/www.carideal.com\/blog\/#organization\"},\"keywords\":[\"bonus \u00e9cologique\"],\"articleSection\":[\"March\u00e9 automobile\"],\"inLanguage\":\"fr-FR\",\"potentialAction\":[{\"@type\":\"CommentAction\",\"name\":\"Comment\",\"target\":[\"https:\/\/www.carideal.com\/blog\/2012\/06\/07\/nouvelles-hybride-pour-toyota\/#respond\"]}]},{\"@type\":\"WebPage\",\"@id\":\"https:\/\/www.carideal.com\/blog\/2012\/06\/07\/nouvelles-hybride-pour-toyota\/\",\"url\":\"https:\/\/www.carideal.com\/blog\/2012\/06\/07\/nouvelles-hybride-pour-toyota\/\",\"name\":\"Nouvelles hybride pour toyota - Blog auto Carid\u00e9al\",\"isPartOf\":{\"@id\":\"https:\/\/www.carideal.com\/blog\/#website\"},\"datePublished\":\"2012-06-07T08:19:00+00:00\",\"dateModified\":\"2020-03-07T19:25:11+00:00\",\"breadcrumb\":{\"@id\":\"https:\/\/www.carideal.com\/blog\/2012\/06\/07\/nouvelles-hybride-pour-toyota\/#breadcrumb\"},\"inLanguage\":\"fr-FR\",\"potentialAction\":[{\"@type\":\"ReadAction\",\"target\":[\"https:\/\/www.carideal.com\/blog\/2012\/06\/07\/nouvelles-hybride-pour-toyota\/\"]}]},{\"@type\":\"BreadcrumbList\",\"@id\":\"https:\/\/www.carideal.com\/blog\/2012\/06\/07\/nouvelles-hybride-pour-toyota\/#breadcrumb\",\"itemListElement\":[{\"@type\":\"ListItem\",\"position\":1,\"name\":\"Blog Carid\u00e9al\",\"item\":\"https:\/\/www.carideal.com\/blog\/\"},{\"@type\":\"ListItem\",\"position\":2,\"name\":\"March\u00e9 automobile\",\"item\":\"https:\/\/www.carideal.com\/blog\/marche-automobile-voiture-neuve-occasion-4x4-suv\/\"},{\"@type\":\"ListItem\",\"position\":3,\"name\":\"Nouvelles hybride pour toyota\"}]},{\"@type\":\"WebSite\",\"@id\":\"https:\/\/www.carideal.com\/blog\/#website\",\"url\":\"https:\/\/www.carideal.com\/blog\/\",\"name\":\"Blog auto Carid\u00e9al\",\"description\":\"Actualit\u00e9 auto par des passionn\u00e9s\",\"publisher\":{\"@id\":\"https:\/\/www.carideal.com\/blog\/#organization\"},\"potentialAction\":[{\"@type\":\"SearchAction\",\"target\":{\"@type\":\"EntryPoint\",\"urlTemplate\":\"https:\/\/www.carideal.com\/blog\/?s={search_term_string}\"},\"query-input\":{\"@type\":\"PropertyValueSpecification\",\"valueRequired\":true,\"valueName\":\"search_term_string\"}}],\"inLanguage\":\"fr-FR\"},{\"@type\":\"Organization\",\"@id\":\"https:\/\/www.carideal.com\/blog\/#organization\",\"name\":\"Carideal\",\"url\":\"https:\/\/www.carideal.com\/blog\/\",\"logo\":{\"@type\":\"ImageObject\",\"inLanguage\":\"fr-FR\",\"@id\":\"https:\/\/www.carideal.com\/blog\/#\/schema\/logo\/image\/\",\"url\":\"http:\/\/www.carideal.com\/blog\/wp-content\/uploads\/2016\/03\/logo-carideal-mandataire-automobile.png\",\"contentUrl\":\"http:\/\/www.carideal.com\/blog\/wp-content\/uploads\/2016\/03\/logo-carideal-mandataire-automobile.png\",\"width\":300,\"height\":300,\"caption\":\"Carideal\"},\"image\":{\"@id\":\"https:\/\/www.carideal.com\/blog\/#\/schema\/logo\/image\/\"},\"sameAs\":[\"https:\/\/www.facebook.com\/Carideal.mandataire.automobile\",\"https:\/\/x.com\/caridealauto\",\"https:\/\/www.instagram.com\/carideal1\/\",\"https:\/\/www.linkedin.com\/company\/carideal.com\",\"https:\/\/fr.pinterest.com\/schiavonsas\/\",\"https:\/\/www.youtube.com\/user\/caridealsas\"]},{\"@type\":\"Person\",\"@id\":\"https:\/\/www.carideal.com\/blog\/#\/schema\/person\/985c7e757d1042d647f21bfaf8d41ebc\",\"name\":\"N.S Carideal\",\"image\":{\"@type\":\"ImageObject\",\"inLanguage\":\"fr-FR\",\"@id\":\"https:\/\/www.carideal.com\/blog\/#\/schema\/person\/image\/\",\"url\":\"https:\/\/secure.gravatar.com\/avatar\/edb7ccdf1a4e3d14aef967760d354d0e?s=96&r=g\",\"contentUrl\":\"https:\/\/secure.gravatar.com\/avatar\/edb7ccdf1a4e3d14aef967760d354d0e?s=96&r=g\",\"caption\":\"N.S Carideal\"},\"description\":\"Depuis tout petit fan d'automobile. Il est question d'essayer et de comparer toutes ces voitures qui nous ont fait r\u00e9ver, avant que celles-ci ne devient uniquement des voitures de collection.\",\"sameAs\":[\"http:\/\/www.carideal.com\/blog\",\"https:\/\/www.facebook.com\/Carideal.mandataire.automobile\/\",\"https:\/\/www.linkedin.com\/in\/nschiavon\/\",\"https:\/\/www.youtube.com\/user\/caridealsas\/\"],\"url\":\"https:\/\/www.carideal.com\/blog\/author\/admin_carideal\/\"}]}<\/script>\n<!-- \/ Yoast SEO plugin. -->","yoast_head_json":{"title":"Nouvelles hybride pour toyota - Blog auto Carid\u00e9al","robots":{"index":"index","follow":"follow","max-snippet":"max-snippet:-1","max-image-preview":"max-image-preview:large","max-video-preview":"max-video-preview:-1"},"canonical":"https:\/\/www.carideal.com\/blog\/2012\/06\/07\/nouvelles-hybride-pour-toyota\/","og_locale":"fr_FR","og_type":"article","og_title":"Nouvelles hybride pour toyota - Blog auto Carid\u00e9al","og_description":"Toyota nous d\u00e9voile ses deux nouveaux hybrides. La Prius+ gagne 16 cm et donc atteint une longueur de 4,62 m. L'espace en int\u00e9rieur en a profit\u00e9 puisque le volume du coffre passe a 506 litre au lieux de 446 et la Prius+ peut accueillir deux personnes de plus \u00e0 bord. B\u00e9n\u00e9ficiant de sept places la ... Lire plus","og_url":"https:\/\/www.carideal.com\/blog\/2012\/06\/07\/nouvelles-hybride-pour-toyota\/","og_site_name":"Blog auto Carid\u00e9al","article_publisher":"https:\/\/www.facebook.com\/Carideal.mandataire.automobile","article_author":"https:\/\/www.facebook.com\/Carideal.mandataire.automobile\/","article_published_time":"2012-06-07T08:19:00+00:00","article_modified_time":"2020-03-07T19:25:11+00:00","og_image":[{"width":300,"height":300,"url":"https:\/\/www.carideal.com\/blog\/wp-content\/uploads\/2016\/03\/logo-carideal-mandataire-automobile.png","type":"image\/png"}],"author":"N.S Carideal","twitter_card":"summary_large_image","twitter_creator":"@caridealauto","twitter_site":"@caridealauto","twitter_misc":{"\u00c9crit par":"N.S Carideal","Dur\u00e9e de lecture estim\u00e9e":"1 minute"},"schema":{"@context":"https:\/\/schema.org","@graph":[{"@type":"Article","@id":"https:\/\/www.carideal.com\/blog\/2012\/06\/07\/nouvelles-hybride-pour-toyota\/#article","isPartOf":{"@id":"https:\/\/www.carideal.com\/blog\/2012\/06\/07\/nouvelles-hybride-pour-toyota\/"},"author":{"name":"N.S Carideal","@id":"https:\/\/www.carideal.com\/blog\/#\/schema\/person\/985c7e757d1042d647f21bfaf8d41ebc"},"headline":"Nouvelles hybride pour toyota","datePublished":"2012-06-07T08:19:00+00:00","dateModified":"2020-03-07T19:25:11+00:00","mainEntityOfPage":{"@id":"https:\/\/www.carideal.com\/blog\/2012\/06\/07\/nouvelles-hybride-pour-toyota\/"},"wordCount":278,"commentCount":0,"publisher":{"@id":"https:\/\/www.carideal.com\/blog\/#organization"},"keywords":["bonus \u00e9cologique"],"articleSection":["March\u00e9 automobile"],"inLanguage":"fr-FR","potentialAction":[{"@type":"CommentAction","name":"Comment","target":["https:\/\/www.carideal.com\/blog\/2012\/06\/07\/nouvelles-hybride-pour-toyota\/#respond"]}]},{"@type":"WebPage","@id":"https:\/\/www.carideal.com\/blog\/2012\/06\/07\/nouvelles-hybride-pour-toyota\/","url":"https:\/\/www.carideal.com\/blog\/2012\/06\/07\/nouvelles-hybride-pour-toyota\/","name":"Nouvelles hybride pour toyota - Blog auto Carid\u00e9al","isPartOf":{"@id":"https:\/\/www.carideal.com\/blog\/#website"},"datePublished":"2012-06-07T08:19:00+00:00","dateModified":"2020-03-07T19:25:11+00:00","breadcrumb":{"@id":"https:\/\/www.carideal.com\/blog\/2012\/06\/07\/nouvelles-hybride-pour-toyota\/#breadcrumb"},"inLanguage":"fr-FR","potentialAction":[{"@type":"ReadAction","target":["https:\/\/www.carideal.com\/blog\/2012\/06\/07\/nouvelles-hybride-pour-toyota\/"]}]},{"@type":"BreadcrumbList","@id":"https:\/\/www.carideal.com\/blog\/2012\/06\/07\/nouvelles-hybride-pour-toyota\/#breadcrumb","itemListElement":[{"@type":"ListItem","position":1,"name":"Blog Carid\u00e9al","item":"https:\/\/www.carideal.com\/blog\/"},{"@type":"ListItem","position":2,"name":"March\u00e9 automobile","item":"https:\/\/www.carideal.com\/blog\/marche-automobile-voiture-neuve-occasion-4x4-suv\/"},{"@type":"ListItem","position":3,"name":"Nouvelles hybride pour toyota"}]},{"@type":"WebSite","@id":"https:\/\/www.carideal.com\/blog\/#website","url":"https:\/\/www.carideal.com\/blog\/","name":"Blog auto Carid\u00e9al","description":"Actualit\u00e9 auto par des passionn\u00e9s","publisher":{"@id":"https:\/\/www.carideal.com\/blog\/#organization"},"potentialAction":[{"@type":"SearchAction","target":{"@type":"EntryPoint","urlTemplate":"https:\/\/www.carideal.com\/blog\/?s={search_term_string}"},"query-input":{"@type":"PropertyValueSpecification","valueRequired":true,"valueName":"search_term_string"}}],"inLanguage":"fr-FR"},{"@type":"Organization","@id":"https:\/\/www.carideal.com\/blog\/#organization","name":"Carideal","url":"https:\/\/www.carideal.com\/blog\/","logo":{"@type":"ImageObject","inLanguage":"fr-FR","@id":"https:\/\/www.carideal.com\/blog\/#\/schema\/logo\/image\/","url":"http:\/\/www.carideal.com\/blog\/wp-content\/uploads\/2016\/03\/logo-carideal-mandataire-automobile.png","contentUrl":"http:\/\/www.carideal.com\/blog\/wp-content\/uploads\/2016\/03\/logo-carideal-mandataire-automobile.png","width":300,"height":300,"caption":"Carideal"},"image":{"@id":"https:\/\/www.carideal.com\/blog\/#\/schema\/logo\/image\/"},"sameAs":["https:\/\/www.facebook.com\/Carideal.mandataire.automobile","https:\/\/x.com\/caridealauto","https:\/\/www.instagram.com\/carideal1\/","https:\/\/www.linkedin.com\/company\/carideal.com","https:\/\/fr.pinterest.com\/schiavonsas\/","https:\/\/www.youtube.com\/user\/caridealsas"]},{"@type":"Person","@id":"https:\/\/www.carideal.com\/blog\/#\/schema\/person\/985c7e757d1042d647f21bfaf8d41ebc","name":"N.S Carideal","image":{"@type":"ImageObject","inLanguage":"fr-FR","@id":"https:\/\/www.carideal.com\/blog\/#\/schema\/person\/image\/","url":"https:\/\/secure.gravatar.com\/avatar\/edb7ccdf1a4e3d14aef967760d354d0e?s=96&r=g","contentUrl":"https:\/\/secure.gravatar.com\/avatar\/edb7ccdf1a4e3d14aef967760d354d0e?s=96&r=g","caption":"N.S Carideal"},"description":"Depuis tout petit fan d'automobile. Il est question d'essayer et de comparer toutes ces voitures qui nous ont fait r\u00e9ver, avant que celles-ci ne devient uniquement des voitures de collection.","sameAs":["http:\/\/www.carideal.com\/blog","https:\/\/www.facebook.com\/Carideal.mandataire.automobile\/","https:\/\/www.linkedin.com\/in\/nschiavon\/","https:\/\/www.youtube.com\/user\/caridealsas\/"],"url":"https:\/\/www.carideal.com\/blog\/author\/admin_carideal\/"}]}},"uagb_featured_image_src":{"full":false,"thumbnail":false,"medium":false,"medium_large":false,"large":false,"1536x1536":false,"2048x2048":false,"wppr-widget":false},"uagb_author_info":{"display_name":"N.S Carideal","author_link":"https:\/\/www.carideal.com\/blog\/author\/admin_carideal\/"},"uagb_comment_info":0,"uagb_excerpt":"Toyota nous d\u00e9voile ses deux nouveaux hybrides. La Prius+ gagne 16 cm et donc atteint une longueur de 4,62 m. L'espace en int\u00e9rieur en a profit\u00e9 puisque le volume du coffre passe a 506 litre au lieux de 446 et la Prius+ peut accueillir deux personnes de plus \u00e0 bord. B\u00e9n\u00e9ficiant de sept places la\u2026","_links":{"self":[{"href":"https:\/\/www.carideal.com\/blog\/wp-json\/wp\/v2\/posts\/1120"}],"collection":[{"href":"https:\/\/www.carideal.com\/blog\/wp-json\/wp\/v2\/posts"}],"about":[{"href":"https:\/\/www.carideal.com\/blog\/wp-json\/wp\/v2\/types\/post"}],"author":[{"embeddable":true,"href":"https:\/\/www.carideal.com\/blog\/wp-json\/wp\/v2\/users\/1"}],"replies":[{"embeddable":true,"href":"https:\/\/www.carideal.com\/blog\/wp-json\/wp\/v2\/comments?post=1120"}],"version-history":[{"count":0,"href":"https:\/\/www.carideal.com\/blog\/wp-json\/wp\/v2\/posts\/1120\/revisions"}],"wp:attachment":[{"href":"https:\/\/www.carideal.com\/blog\/wp-json\/wp\/v2\/media?parent=1120"}],"wp:term":[{"taxonomy":"category","embeddable":true,"href":"https:\/\/www.carideal.com\/blog\/wp-json\/wp\/v2\/categories?post=1120"},{"taxonomy":"post_tag","embeddable":true,"href":"https:\/\/www.carideal.com\/blog\/wp-json\/wp\/v2\/tags?post=1120"}],"curies":[{"name":"wp","href":"https:\/\/api.w.org\/{rel}","templated":true}]}}