{"id":111,"date":"2013-09-30T12:06:00","date_gmt":"2013-09-30T12:06:00","guid":{"rendered":"http:\/\/carideal.com\/blog\/?p=111"},"modified":"2013-09-30T12:06:00","modified_gmt":"2013-09-30T12:06:00","slug":"nos-cheres-autoroutes","status":"publish","type":"post","link":"https:\/\/www.carideal.com\/blog\/2013\/09\/30\/nos-cheres-autoroutes\/","title":{"rendered":"Nos ch\u00e8res Autoroutes"},"content":{"rendered":"<p><img decoding=\"async\" src=\"\/blog\/public\/.l-autoroute-a-65_chere-france-carideal-blog_m.jpg\" alt=\"l-autoroute-a-65_chere-france-carideal-blog.jpg\" title=\"l-autoroute-a-65_chere-france-carideal-blog.jpg, sept. 2013\" \/><\/p>\n<blockquote>\n<p>L'<a href=\"\/blog\/index.php?tag\/autoroute\">autoroute<\/a> A 65 la <a href=\"\/blog\/index.php?tag\/plus%20ch%C3%A8re\">plus ch\u00e8re<\/a> de <a href=\"\/blog\/index.php?tag\/France\">France<\/a><\/p>\n<\/blockquote>\n<p>Une fois de plus au retour des vacances on s'en est bien rendu compte, le budget <a href=\"\/blog\/index.php?tag\/P%C3%A9age\">P\u00e9age<\/a>, n'est pas \u00e0 n\u00e9gliger. On le sait l'autoroute la plus ch\u00e8re de France est l'<a href=\"\/blog\/index.php?tag\/A65\">A65<\/a> qui relie Langon (33) \u00e0 Pau (64), 165.5 km pour 22.60 \u20ac ce qui revient \u00e0 0.1360 \u20ac le Km.<br \/>\nLe gouvernement vient juste d'augmenter la <a href=\"\/blog\/index.php?tag\/taxe%20domaniale\">taxe domaniale<\/a>, c'est \u00e0 dire la redevance que doivent reverser les concessionnaires d'autoroute \u00e0 l'\u00e9tat&nbsp;: de R2 = 0.015 x CA elle passe \u00e0 R2 = 0.055 x CA. C'est \u00e0 dire que le gouvernement va r\u00e9colter 290 M\u20ac au lieu de 190 M\u20ac. Mais dans un m\u00eame temps l'\u00e9tat plafonne l'augmentation annuelle g\u00e9n\u00e9rale autoris\u00e9e alors les concessionnaires ont trouv\u00e9 la parade&nbsp;: le foisonnement, qui est une pratique interdite. Le principe n'augmenter que de ce qui est l\u00e9gale sur la majorit\u00e9 du r\u00e9seau, et par contre faire exploser les compteurs sur des tron\u00e7ons bien particuliers, entre Saint-Arnoult (78) et Orl\u00e9an-centre (45) 0.14 \u20ac le kilom\u00e8tre, Nemours Val de Loing sur la A6 \u00e0 0.51 \u20ac le km !!<br \/>\nOn nous dit que nos autoroute sont s\u00fbres, certes, mais il y a bien des portions \u00e0 revoir car dangereuse, et pour le prix on peut bien le demander. La circulation a bien augment\u00e9e ces derni\u00e8res ann\u00e9es, et certaines portions m\u00e9riteraient une voie suppl\u00e9mentaire. <br \/>\nA force de rajouter des couches de goudron, on modifie le sens d'\u00e9coulement des eaux de pluie, et par exemple sur certains tron\u00e7ons ce sont de v\u00e9ritables \"rivi\u00e8res\" qui traversent les voies en cas de fortes pluies, g\u00e9n\u00e9rant des aquaplaning, t\u00eates \u00e0 queue, et autres voitures renvers\u00e9es sur le toit.... et pour le prix que nous payons...<\/p>\n","protected":false},"excerpt":{"rendered":"<p>L&rsquo;autoroute A 65 la plus ch\u00e8re de France Une fois de plus au retour des vacances on s&rsquo;en est bien rendu compte, le budget P\u00e9age, n&rsquo;est pas \u00e0 n\u00e9gliger. On le sait l&rsquo;autoroute la plus ch\u00e8re de France est l&rsquo;A65 qui relie Langon (33) \u00e0 Pau (64), 165.5 km pour 22.60 \u20ac ce qui revient &#8230; <a title=\"Nos ch\u00e8res Autoroutes\" class=\"read-more\" href=\"https:\/\/www.carideal.com\/blog\/2013\/09\/30\/nos-cheres-autoroutes\/\" aria-label=\"En savoir plus sur Nos ch\u00e8res Autoroutes\">Lire plus<\/a><\/p>\n","protected":false},"author":1,"featured_media":0,"comment_status":"open","ping_status":"open","sticky":false,"template":"","format":"standard","meta":{"_uag_custom_page_level_css":"","_themeisle_gutenberg_block_has_review":false,"footnotes":""},"categories":[3],"tags":[],"class_list":["post-111","post","type-post","status-publish","format-standard","hentry","category-actualites-financieres"],"wppr_data":[],"yoast_head":"<!-- This site is optimized with the Yoast SEO plugin v24.8.1 - https:\/\/yoast.com\/wordpress\/plugins\/seo\/ -->\n<title>Nos ch\u00e8res Autoroutes - Blog auto Carid\u00e9al<\/title>\n<meta name=\"robots\" content=\"index, follow, max-snippet:-1, max-image-preview:large, max-video-preview:-1\" \/>\n<link rel=\"canonical\" href=\"https:\/\/www.carideal.com\/blog\/2013\/09\/30\/nos-cheres-autoroutes\/\" \/>\n<meta property=\"og:locale\" content=\"fr_FR\" \/>\n<meta property=\"og:type\" content=\"article\" \/>\n<meta property=\"og:title\" content=\"Nos ch\u00e8res Autoroutes - Blog auto Carid\u00e9al\" \/>\n<meta property=\"og:description\" content=\"L&#039;autoroute A 65 la plus ch\u00e8re de France Une fois de plus au retour des vacances on s&#039;en est bien rendu compte, le budget P\u00e9age, n&#039;est pas \u00e0 n\u00e9gliger. On le sait l&#039;autoroute la plus ch\u00e8re de France est l&#039;A65 qui relie Langon (33) \u00e0 Pau (64), 165.5 km pour 22.60 \u20ac ce qui revient ... Lire plus\" \/>\n<meta property=\"og:url\" content=\"https:\/\/www.carideal.com\/blog\/2013\/09\/30\/nos-cheres-autoroutes\/\" \/>\n<meta property=\"og:site_name\" content=\"Blog auto Carid\u00e9al\" \/>\n<meta property=\"article:publisher\" content=\"https:\/\/www.facebook.com\/Carideal.mandataire.automobile\" \/>\n<meta property=\"article:author\" content=\"https:\/\/www.facebook.com\/Carideal.mandataire.automobile\/\" \/>\n<meta property=\"article:published_time\" content=\"2013-09-30T12:06:00+00:00\" \/>\n<meta property=\"og:image\" content=\"https:\/\/www.carideal.com\/blog\/wp-content\/uploads\/2016\/03\/logo-carideal-mandataire-automobile.png\" \/>\n\t<meta property=\"og:image:width\" content=\"300\" \/>\n\t<meta property=\"og:image:height\" content=\"300\" \/>\n\t<meta property=\"og:image:type\" content=\"image\/png\" \/>\n<meta name=\"author\" content=\"N.S Carideal\" \/>\n<meta name=\"twitter:card\" content=\"summary_large_image\" \/>\n<meta name=\"twitter:creator\" content=\"@caridealauto\" \/>\n<meta name=\"twitter:site\" content=\"@caridealauto\" \/>\n<meta name=\"twitter:label1\" content=\"\u00c9crit par\" \/>\n\t<meta name=\"twitter:data1\" content=\"N.S Carideal\" \/>\n\t<meta name=\"twitter:label2\" content=\"Dur\u00e9e de lecture estim\u00e9e\" \/>\n\t<meta name=\"twitter:data2\" content=\"1 minute\" \/>\n<script type=\"application\/ld+json\" class=\"yoast-schema-graph\">{\"@context\":\"https:\/\/schema.org\",\"@graph\":[{\"@type\":\"Article\",\"@id\":\"https:\/\/www.carideal.com\/blog\/2013\/09\/30\/nos-cheres-autoroutes\/#article\",\"isPartOf\":{\"@id\":\"https:\/\/www.carideal.com\/blog\/2013\/09\/30\/nos-cheres-autoroutes\/\"},\"author\":{\"name\":\"N.S Carideal\",\"@id\":\"https:\/\/www.carideal.com\/blog\/#\/schema\/person\/985c7e757d1042d647f21bfaf8d41ebc\"},\"headline\":\"Nos ch\u00e8res Autoroutes\",\"datePublished\":\"2013-09-30T12:06:00+00:00\",\"mainEntityOfPage\":{\"@id\":\"https:\/\/www.carideal.com\/blog\/2013\/09\/30\/nos-cheres-autoroutes\/\"},\"wordCount\":290,\"commentCount\":0,\"publisher\":{\"@id\":\"https:\/\/www.carideal.com\/blog\/#organization\"},\"articleSection\":[\"Actualit\u00e9 Financi\u00e8re\"],\"inLanguage\":\"fr-FR\",\"potentialAction\":[{\"@type\":\"CommentAction\",\"name\":\"Comment\",\"target\":[\"https:\/\/www.carideal.com\/blog\/2013\/09\/30\/nos-cheres-autoroutes\/#respond\"]}]},{\"@type\":\"WebPage\",\"@id\":\"https:\/\/www.carideal.com\/blog\/2013\/09\/30\/nos-cheres-autoroutes\/\",\"url\":\"https:\/\/www.carideal.com\/blog\/2013\/09\/30\/nos-cheres-autoroutes\/\",\"name\":\"Nos ch\u00e8res Autoroutes - Blog auto Carid\u00e9al\",\"isPartOf\":{\"@id\":\"https:\/\/www.carideal.com\/blog\/#website\"},\"datePublished\":\"2013-09-30T12:06:00+00:00\",\"breadcrumb\":{\"@id\":\"https:\/\/www.carideal.com\/blog\/2013\/09\/30\/nos-cheres-autoroutes\/#breadcrumb\"},\"inLanguage\":\"fr-FR\",\"potentialAction\":[{\"@type\":\"ReadAction\",\"target\":[\"https:\/\/www.carideal.com\/blog\/2013\/09\/30\/nos-cheres-autoroutes\/\"]}]},{\"@type\":\"BreadcrumbList\",\"@id\":\"https:\/\/www.carideal.com\/blog\/2013\/09\/30\/nos-cheres-autoroutes\/#breadcrumb\",\"itemListElement\":[{\"@type\":\"ListItem\",\"position\":1,\"name\":\"Blog Carid\u00e9al\",\"item\":\"https:\/\/www.carideal.com\/blog\/\"},{\"@type\":\"ListItem\",\"position\":2,\"name\":\"Actualit\u00e9 Financi\u00e8re\",\"item\":\"https:\/\/www.carideal.com\/blog\/actualites-financieres\/\"},{\"@type\":\"ListItem\",\"position\":3,\"name\":\"Nos ch\u00e8res Autoroutes\"}]},{\"@type\":\"WebSite\",\"@id\":\"https:\/\/www.carideal.com\/blog\/#website\",\"url\":\"https:\/\/www.carideal.com\/blog\/\",\"name\":\"Blog auto Carid\u00e9al\",\"description\":\"Actualit\u00e9 auto par des passionn\u00e9s\",\"publisher\":{\"@id\":\"https:\/\/www.carideal.com\/blog\/#organization\"},\"potentialAction\":[{\"@type\":\"SearchAction\",\"target\":{\"@type\":\"EntryPoint\",\"urlTemplate\":\"https:\/\/www.carideal.com\/blog\/?s={search_term_string}\"},\"query-input\":{\"@type\":\"PropertyValueSpecification\",\"valueRequired\":true,\"valueName\":\"search_term_string\"}}],\"inLanguage\":\"fr-FR\"},{\"@type\":\"Organization\",\"@id\":\"https:\/\/www.carideal.com\/blog\/#organization\",\"name\":\"Carideal\",\"url\":\"https:\/\/www.carideal.com\/blog\/\",\"logo\":{\"@type\":\"ImageObject\",\"inLanguage\":\"fr-FR\",\"@id\":\"https:\/\/www.carideal.com\/blog\/#\/schema\/logo\/image\/\",\"url\":\"http:\/\/www.carideal.com\/blog\/wp-content\/uploads\/2016\/03\/logo-carideal-mandataire-automobile.png\",\"contentUrl\":\"http:\/\/www.carideal.com\/blog\/wp-content\/uploads\/2016\/03\/logo-carideal-mandataire-automobile.png\",\"width\":300,\"height\":300,\"caption\":\"Carideal\"},\"image\":{\"@id\":\"https:\/\/www.carideal.com\/blog\/#\/schema\/logo\/image\/\"},\"sameAs\":[\"https:\/\/www.facebook.com\/Carideal.mandataire.automobile\",\"https:\/\/x.com\/caridealauto\",\"https:\/\/www.instagram.com\/carideal1\/\",\"https:\/\/www.linkedin.com\/company\/carideal.com\",\"https:\/\/fr.pinterest.com\/schiavonsas\/\",\"https:\/\/www.youtube.com\/user\/caridealsas\"]},{\"@type\":\"Person\",\"@id\":\"https:\/\/www.carideal.com\/blog\/#\/schema\/person\/985c7e757d1042d647f21bfaf8d41ebc\",\"name\":\"N.S Carideal\",\"image\":{\"@type\":\"ImageObject\",\"inLanguage\":\"fr-FR\",\"@id\":\"https:\/\/www.carideal.com\/blog\/#\/schema\/person\/image\/\",\"url\":\"https:\/\/secure.gravatar.com\/avatar\/edb7ccdf1a4e3d14aef967760d354d0e?s=96&r=g\",\"contentUrl\":\"https:\/\/secure.gravatar.com\/avatar\/edb7ccdf1a4e3d14aef967760d354d0e?s=96&r=g\",\"caption\":\"N.S Carideal\"},\"description\":\"Depuis tout petit fan d'automobile. Il est question d'essayer et de comparer toutes ces voitures qui nous ont fait r\u00e9ver, avant que celles-ci ne devient uniquement des voitures de collection.\",\"sameAs\":[\"http:\/\/www.carideal.com\/blog\",\"https:\/\/www.facebook.com\/Carideal.mandataire.automobile\/\",\"https:\/\/www.linkedin.com\/in\/nschiavon\/\",\"https:\/\/www.youtube.com\/user\/caridealsas\/\"],\"url\":\"https:\/\/www.carideal.com\/blog\/author\/admin_carideal\/\"}]}<\/script>\n<!-- \/ Yoast SEO plugin. -->","yoast_head_json":{"title":"Nos ch\u00e8res Autoroutes - Blog auto Carid\u00e9al","robots":{"index":"index","follow":"follow","max-snippet":"max-snippet:-1","max-image-preview":"max-image-preview:large","max-video-preview":"max-video-preview:-1"},"canonical":"https:\/\/www.carideal.com\/blog\/2013\/09\/30\/nos-cheres-autoroutes\/","og_locale":"fr_FR","og_type":"article","og_title":"Nos ch\u00e8res Autoroutes - Blog auto Carid\u00e9al","og_description":"L'autoroute A 65 la plus ch\u00e8re de France Une fois de plus au retour des vacances on s'en est bien rendu compte, le budget P\u00e9age, n'est pas \u00e0 n\u00e9gliger. On le sait l'autoroute la plus ch\u00e8re de France est l'A65 qui relie Langon (33) \u00e0 Pau (64), 165.5 km pour 22.60 \u20ac ce qui revient ... Lire plus","og_url":"https:\/\/www.carideal.com\/blog\/2013\/09\/30\/nos-cheres-autoroutes\/","og_site_name":"Blog auto Carid\u00e9al","article_publisher":"https:\/\/www.facebook.com\/Carideal.mandataire.automobile","article_author":"https:\/\/www.facebook.com\/Carideal.mandataire.automobile\/","article_published_time":"2013-09-30T12:06:00+00:00","og_image":[{"width":300,"height":300,"url":"https:\/\/www.carideal.com\/blog\/wp-content\/uploads\/2016\/03\/logo-carideal-mandataire-automobile.png","type":"image\/png"}],"author":"N.S Carideal","twitter_card":"summary_large_image","twitter_creator":"@caridealauto","twitter_site":"@caridealauto","twitter_misc":{"\u00c9crit par":"N.S Carideal","Dur\u00e9e de lecture estim\u00e9e":"1 minute"},"schema":{"@context":"https:\/\/schema.org","@graph":[{"@type":"Article","@id":"https:\/\/www.carideal.com\/blog\/2013\/09\/30\/nos-cheres-autoroutes\/#article","isPartOf":{"@id":"https:\/\/www.carideal.com\/blog\/2013\/09\/30\/nos-cheres-autoroutes\/"},"author":{"name":"N.S Carideal","@id":"https:\/\/www.carideal.com\/blog\/#\/schema\/person\/985c7e757d1042d647f21bfaf8d41ebc"},"headline":"Nos ch\u00e8res Autoroutes","datePublished":"2013-09-30T12:06:00+00:00","mainEntityOfPage":{"@id":"https:\/\/www.carideal.com\/blog\/2013\/09\/30\/nos-cheres-autoroutes\/"},"wordCount":290,"commentCount":0,"publisher":{"@id":"https:\/\/www.carideal.com\/blog\/#organization"},"articleSection":["Actualit\u00e9 Financi\u00e8re"],"inLanguage":"fr-FR","potentialAction":[{"@type":"CommentAction","name":"Comment","target":["https:\/\/www.carideal.com\/blog\/2013\/09\/30\/nos-cheres-autoroutes\/#respond"]}]},{"@type":"WebPage","@id":"https:\/\/www.carideal.com\/blog\/2013\/09\/30\/nos-cheres-autoroutes\/","url":"https:\/\/www.carideal.com\/blog\/2013\/09\/30\/nos-cheres-autoroutes\/","name":"Nos ch\u00e8res Autoroutes - Blog auto Carid\u00e9al","isPartOf":{"@id":"https:\/\/www.carideal.com\/blog\/#website"},"datePublished":"2013-09-30T12:06:00+00:00","breadcrumb":{"@id":"https:\/\/www.carideal.com\/blog\/2013\/09\/30\/nos-cheres-autoroutes\/#breadcrumb"},"inLanguage":"fr-FR","potentialAction":[{"@type":"ReadAction","target":["https:\/\/www.carideal.com\/blog\/2013\/09\/30\/nos-cheres-autoroutes\/"]}]},{"@type":"BreadcrumbList","@id":"https:\/\/www.carideal.com\/blog\/2013\/09\/30\/nos-cheres-autoroutes\/#breadcrumb","itemListElement":[{"@type":"ListItem","position":1,"name":"Blog Carid\u00e9al","item":"https:\/\/www.carideal.com\/blog\/"},{"@type":"ListItem","position":2,"name":"Actualit\u00e9 Financi\u00e8re","item":"https:\/\/www.carideal.com\/blog\/actualites-financieres\/"},{"@type":"ListItem","position":3,"name":"Nos ch\u00e8res Autoroutes"}]},{"@type":"WebSite","@id":"https:\/\/www.carideal.com\/blog\/#website","url":"https:\/\/www.carideal.com\/blog\/","name":"Blog auto Carid\u00e9al","description":"Actualit\u00e9 auto par des passionn\u00e9s","publisher":{"@id":"https:\/\/www.carideal.com\/blog\/#organization"},"potentialAction":[{"@type":"SearchAction","target":{"@type":"EntryPoint","urlTemplate":"https:\/\/www.carideal.com\/blog\/?s={search_term_string}"},"query-input":{"@type":"PropertyValueSpecification","valueRequired":true,"valueName":"search_term_string"}}],"inLanguage":"fr-FR"},{"@type":"Organization","@id":"https:\/\/www.carideal.com\/blog\/#organization","name":"Carideal","url":"https:\/\/www.carideal.com\/blog\/","logo":{"@type":"ImageObject","inLanguage":"fr-FR","@id":"https:\/\/www.carideal.com\/blog\/#\/schema\/logo\/image\/","url":"http:\/\/www.carideal.com\/blog\/wp-content\/uploads\/2016\/03\/logo-carideal-mandataire-automobile.png","contentUrl":"http:\/\/www.carideal.com\/blog\/wp-content\/uploads\/2016\/03\/logo-carideal-mandataire-automobile.png","width":300,"height":300,"caption":"Carideal"},"image":{"@id":"https:\/\/www.carideal.com\/blog\/#\/schema\/logo\/image\/"},"sameAs":["https:\/\/www.facebook.com\/Carideal.mandataire.automobile","https:\/\/x.com\/caridealauto","https:\/\/www.instagram.com\/carideal1\/","https:\/\/www.linkedin.com\/company\/carideal.com","https:\/\/fr.pinterest.com\/schiavonsas\/","https:\/\/www.youtube.com\/user\/caridealsas"]},{"@type":"Person","@id":"https:\/\/www.carideal.com\/blog\/#\/schema\/person\/985c7e757d1042d647f21bfaf8d41ebc","name":"N.S Carideal","image":{"@type":"ImageObject","inLanguage":"fr-FR","@id":"https:\/\/www.carideal.com\/blog\/#\/schema\/person\/image\/","url":"https:\/\/secure.gravatar.com\/avatar\/edb7ccdf1a4e3d14aef967760d354d0e?s=96&r=g","contentUrl":"https:\/\/secure.gravatar.com\/avatar\/edb7ccdf1a4e3d14aef967760d354d0e?s=96&r=g","caption":"N.S Carideal"},"description":"Depuis tout petit fan d'automobile. Il est question d'essayer et de comparer toutes ces voitures qui nous ont fait r\u00e9ver, avant que celles-ci ne devient uniquement des voitures de collection.","sameAs":["http:\/\/www.carideal.com\/blog","https:\/\/www.facebook.com\/Carideal.mandataire.automobile\/","https:\/\/www.linkedin.com\/in\/nschiavon\/","https:\/\/www.youtube.com\/user\/caridealsas\/"],"url":"https:\/\/www.carideal.com\/blog\/author\/admin_carideal\/"}]}},"uagb_featured_image_src":{"full":false,"thumbnail":false,"medium":false,"medium_large":false,"large":false,"1536x1536":false,"2048x2048":false,"wppr-widget":false},"uagb_author_info":{"display_name":"N.S Carideal","author_link":"https:\/\/www.carideal.com\/blog\/author\/admin_carideal\/"},"uagb_comment_info":0,"uagb_excerpt":"L'autoroute A 65 la plus ch\u00e8re de France Une fois de plus au retour des vacances on s'en est bien rendu compte, le budget P\u00e9age, n'est pas \u00e0 n\u00e9gliger. On le sait l'autoroute la plus ch\u00e8re de France est l'A65 qui relie Langon (33) \u00e0 Pau (64), 165.5 km pour 22.60 \u20ac ce qui revient\u2026","_links":{"self":[{"href":"https:\/\/www.carideal.com\/blog\/wp-json\/wp\/v2\/posts\/111"}],"collection":[{"href":"https:\/\/www.carideal.com\/blog\/wp-json\/wp\/v2\/posts"}],"about":[{"href":"https:\/\/www.carideal.com\/blog\/wp-json\/wp\/v2\/types\/post"}],"author":[{"embeddable":true,"href":"https:\/\/www.carideal.com\/blog\/wp-json\/wp\/v2\/users\/1"}],"replies":[{"embeddable":true,"href":"https:\/\/www.carideal.com\/blog\/wp-json\/wp\/v2\/comments?post=111"}],"version-history":[{"count":0,"href":"https:\/\/www.carideal.com\/blog\/wp-json\/wp\/v2\/posts\/111\/revisions"}],"wp:attachment":[{"href":"https:\/\/www.carideal.com\/blog\/wp-json\/wp\/v2\/media?parent=111"}],"wp:term":[{"taxonomy":"category","embeddable":true,"href":"https:\/\/www.carideal.com\/blog\/wp-json\/wp\/v2\/categories?post=111"},{"taxonomy":"post_tag","embeddable":true,"href":"https:\/\/www.carideal.com\/blog\/wp-json\/wp\/v2\/tags?post=111"}],"curies":[{"name":"wp","href":"https:\/\/api.w.org\/{rel}","templated":true}]}}