{"id":1103,"date":"2012-05-21T21:41:00","date_gmt":"2012-05-21T21:41:00","guid":{"rendered":"http:\/\/carideal.com\/blog\/?p=1103"},"modified":"2020-03-07T20:25:11","modified_gmt":"2020-03-07T19:25:11","slug":"renault-megane-tce-115","status":"publish","type":"post","link":"https:\/\/www.carideal.com\/blog\/2012\/05\/21\/renault-megane-tce-115\/","title":{"rendered":"Renault Megane TCe 115"},"content":{"rendered":"<p><img decoding=\"async\" src=\"\/blog\/public\/.Renault-Megane-tce-115-carideal-mandataire-automobile_m.jpg\" alt=\"Renault-Megane-tce-115-carideal-mandataire-automobile.jpg\" title=\"Renault-Megane-tce-115-carideal-mandataire-automobile.jpg, mai 2012\" \/><\/p>\n<blockquote>\n<p>Le bilan CO2 baisse de 25% par rapport \u00e0 l'ancien 1.6 de 110 ch<\/p>\n<\/blockquote>\n<p>La majorit\u00e9 des ventes de voiture compacte, \u00e0 96% se fait en diesel, mais pour des raisons \u00e9conomiques et pour les petits rouleurs Renault s'int\u00e9resse \u00e0 nouveau aux moteurs \u00e0 essence. Il propose ainsi sur sa Megane le L4 1.2 Tce de 115 ch tout aluminium. Renault a du retard, c'est seulement aujourd'hui avec ce moteur que Renault marie l'injection directe et le turbo.<br \/>\nCe bloc de seulement 1198 cm3 adopte le stop &amp; Start, la r\u00e9cup\u00e9ration d'\u00e9nergie au freinage, Renault annonce seulement 5.3 L\/100 km en consommation mixte pour 119 g de CO2 au 100 km soit 25% de moins que le 1.6 16v de 110 ch.<br \/>\nCependant pour atteindre ces chiffres Renault a \u00e9quip\u00e9 sa M\u00e9gane d'une boite de vitesse \"longue\", ce qui sur route la p\u00e9nalise et oblige le conducteur a jouer du levier de vitesse et fait grimper la consommation. Difficile rester alors en dessous de 3000 tr\/min, rien ne se passe.<br \/>\nCe qui lui vaut d'atteindre dans la r\u00e9alit\u00e9 7.8 L\/100 KM contre 6l\/100 \/km pour un diesel. Il faudra sans doute attendre l'arriv\u00e9e de la boite robotis\u00e9e EDC pour faire baisser cette consommation r\u00e9elle.<\/p>\n<p>\/ Achat Renault Megane moins ch\u00e8re avec remise avec Carideal mandataire automobile <\/p>\n","protected":false},"excerpt":{"rendered":"<p>Le bilan CO2 baisse de 25% par rapport \u00e0 l&rsquo;ancien 1.6 de 110 ch La majorit\u00e9 des ventes de voiture compacte, \u00e0 96% se fait en diesel, mais pour des raisons \u00e9conomiques et pour les petits rouleurs Renault s&rsquo;int\u00e9resse \u00e0 nouveau aux moteurs \u00e0 essence. Il propose ainsi sur sa Megane le L4 1.2 Tce &#8230; <a title=\"Renault Megane TCe 115\" class=\"read-more\" href=\"https:\/\/www.carideal.com\/blog\/2012\/05\/21\/renault-megane-tce-115\/\" aria-label=\"En savoir plus sur Renault Megane TCe 115\">Lire plus<\/a><\/p>\n","protected":false},"author":1,"featured_media":0,"comment_status":"open","ping_status":"open","sticky":false,"template":"","format":"standard","meta":{"_uag_custom_page_level_css":"","_themeisle_gutenberg_block_has_review":false,"footnotes":""},"categories":[10],"tags":[],"class_list":["post-1103","post","type-post","status-publish","format-standard","hentry","category-marche-automobile-voiture-neuve-occasion-4x4-suv"],"wppr_data":[],"yoast_head":"<!-- This site is optimized with the Yoast SEO plugin v24.8.1 - https:\/\/yoast.com\/wordpress\/plugins\/seo\/ -->\n<title>Renault Megane TCe 115 - Blog auto Carid\u00e9al<\/title>\n<meta name=\"robots\" content=\"index, follow, max-snippet:-1, max-image-preview:large, max-video-preview:-1\" \/>\n<link rel=\"canonical\" href=\"https:\/\/www.carideal.com\/blog\/2012\/05\/21\/renault-megane-tce-115\/\" \/>\n<meta property=\"og:locale\" content=\"fr_FR\" \/>\n<meta property=\"og:type\" content=\"article\" \/>\n<meta property=\"og:title\" content=\"Renault Megane TCe 115 - Blog auto Carid\u00e9al\" \/>\n<meta property=\"og:description\" content=\"Le bilan CO2 baisse de 25% par rapport \u00e0 l&#039;ancien 1.6 de 110 ch La majorit\u00e9 des ventes de voiture compacte, \u00e0 96% se fait en diesel, mais pour des raisons \u00e9conomiques et pour les petits rouleurs Renault s&#039;int\u00e9resse \u00e0 nouveau aux moteurs \u00e0 essence. Il propose ainsi sur sa Megane le L4 1.2 Tce ... Lire plus\" \/>\n<meta property=\"og:url\" content=\"https:\/\/www.carideal.com\/blog\/2012\/05\/21\/renault-megane-tce-115\/\" \/>\n<meta property=\"og:site_name\" content=\"Blog auto Carid\u00e9al\" \/>\n<meta property=\"article:publisher\" content=\"https:\/\/www.facebook.com\/Carideal.mandataire.automobile\" \/>\n<meta property=\"article:author\" content=\"https:\/\/www.facebook.com\/Carideal.mandataire.automobile\/\" \/>\n<meta property=\"article:published_time\" content=\"2012-05-21T21:41:00+00:00\" \/>\n<meta property=\"article:modified_time\" content=\"2020-03-07T19:25:11+00:00\" \/>\n<meta property=\"og:image\" content=\"https:\/\/www.carideal.com\/blog\/wp-content\/uploads\/2016\/03\/logo-carideal-mandataire-automobile.png\" \/>\n\t<meta property=\"og:image:width\" content=\"300\" \/>\n\t<meta property=\"og:image:height\" content=\"300\" \/>\n\t<meta property=\"og:image:type\" content=\"image\/png\" \/>\n<meta name=\"author\" content=\"N.S Carideal\" \/>\n<meta name=\"twitter:card\" content=\"summary_large_image\" \/>\n<meta name=\"twitter:creator\" content=\"@caridealauto\" \/>\n<meta name=\"twitter:site\" content=\"@caridealauto\" \/>\n<meta name=\"twitter:label1\" content=\"\u00c9crit par\" \/>\n\t<meta name=\"twitter:data1\" content=\"N.S Carideal\" \/>\n\t<meta name=\"twitter:label2\" content=\"Dur\u00e9e de lecture estim\u00e9e\" \/>\n\t<meta name=\"twitter:data2\" content=\"1 minute\" \/>\n<script type=\"application\/ld+json\" class=\"yoast-schema-graph\">{\"@context\":\"https:\/\/schema.org\",\"@graph\":[{\"@type\":\"Article\",\"@id\":\"https:\/\/www.carideal.com\/blog\/2012\/05\/21\/renault-megane-tce-115\/#article\",\"isPartOf\":{\"@id\":\"https:\/\/www.carideal.com\/blog\/2012\/05\/21\/renault-megane-tce-115\/\"},\"author\":{\"name\":\"N.S Carideal\",\"@id\":\"https:\/\/www.carideal.com\/blog\/#\/schema\/person\/985c7e757d1042d647f21bfaf8d41ebc\"},\"headline\":\"Renault Megane TCe 115\",\"datePublished\":\"2012-05-21T21:41:00+00:00\",\"dateModified\":\"2020-03-07T19:25:11+00:00\",\"mainEntityOfPage\":{\"@id\":\"https:\/\/www.carideal.com\/blog\/2012\/05\/21\/renault-megane-tce-115\/\"},\"wordCount\":211,\"commentCount\":0,\"publisher\":{\"@id\":\"https:\/\/www.carideal.com\/blog\/#organization\"},\"articleSection\":[\"March\u00e9 automobile\"],\"inLanguage\":\"fr-FR\",\"potentialAction\":[{\"@type\":\"CommentAction\",\"name\":\"Comment\",\"target\":[\"https:\/\/www.carideal.com\/blog\/2012\/05\/21\/renault-megane-tce-115\/#respond\"]}]},{\"@type\":\"WebPage\",\"@id\":\"https:\/\/www.carideal.com\/blog\/2012\/05\/21\/renault-megane-tce-115\/\",\"url\":\"https:\/\/www.carideal.com\/blog\/2012\/05\/21\/renault-megane-tce-115\/\",\"name\":\"Renault Megane TCe 115 - Blog auto Carid\u00e9al\",\"isPartOf\":{\"@id\":\"https:\/\/www.carideal.com\/blog\/#website\"},\"datePublished\":\"2012-05-21T21:41:00+00:00\",\"dateModified\":\"2020-03-07T19:25:11+00:00\",\"breadcrumb\":{\"@id\":\"https:\/\/www.carideal.com\/blog\/2012\/05\/21\/renault-megane-tce-115\/#breadcrumb\"},\"inLanguage\":\"fr-FR\",\"potentialAction\":[{\"@type\":\"ReadAction\",\"target\":[\"https:\/\/www.carideal.com\/blog\/2012\/05\/21\/renault-megane-tce-115\/\"]}]},{\"@type\":\"BreadcrumbList\",\"@id\":\"https:\/\/www.carideal.com\/blog\/2012\/05\/21\/renault-megane-tce-115\/#breadcrumb\",\"itemListElement\":[{\"@type\":\"ListItem\",\"position\":1,\"name\":\"Blog Carid\u00e9al\",\"item\":\"https:\/\/www.carideal.com\/blog\/\"},{\"@type\":\"ListItem\",\"position\":2,\"name\":\"March\u00e9 automobile\",\"item\":\"https:\/\/www.carideal.com\/blog\/marche-automobile-voiture-neuve-occasion-4x4-suv\/\"},{\"@type\":\"ListItem\",\"position\":3,\"name\":\"Renault Megane TCe 115\"}]},{\"@type\":\"WebSite\",\"@id\":\"https:\/\/www.carideal.com\/blog\/#website\",\"url\":\"https:\/\/www.carideal.com\/blog\/\",\"name\":\"Blog auto Carid\u00e9al\",\"description\":\"Actualit\u00e9 auto par des passionn\u00e9s\",\"publisher\":{\"@id\":\"https:\/\/www.carideal.com\/blog\/#organization\"},\"potentialAction\":[{\"@type\":\"SearchAction\",\"target\":{\"@type\":\"EntryPoint\",\"urlTemplate\":\"https:\/\/www.carideal.com\/blog\/?s={search_term_string}\"},\"query-input\":{\"@type\":\"PropertyValueSpecification\",\"valueRequired\":true,\"valueName\":\"search_term_string\"}}],\"inLanguage\":\"fr-FR\"},{\"@type\":\"Organization\",\"@id\":\"https:\/\/www.carideal.com\/blog\/#organization\",\"name\":\"Carideal\",\"url\":\"https:\/\/www.carideal.com\/blog\/\",\"logo\":{\"@type\":\"ImageObject\",\"inLanguage\":\"fr-FR\",\"@id\":\"https:\/\/www.carideal.com\/blog\/#\/schema\/logo\/image\/\",\"url\":\"http:\/\/www.carideal.com\/blog\/wp-content\/uploads\/2016\/03\/logo-carideal-mandataire-automobile.png\",\"contentUrl\":\"http:\/\/www.carideal.com\/blog\/wp-content\/uploads\/2016\/03\/logo-carideal-mandataire-automobile.png\",\"width\":300,\"height\":300,\"caption\":\"Carideal\"},\"image\":{\"@id\":\"https:\/\/www.carideal.com\/blog\/#\/schema\/logo\/image\/\"},\"sameAs\":[\"https:\/\/www.facebook.com\/Carideal.mandataire.automobile\",\"https:\/\/x.com\/caridealauto\",\"https:\/\/www.instagram.com\/carideal1\/\",\"https:\/\/www.linkedin.com\/company\/carideal.com\",\"https:\/\/fr.pinterest.com\/schiavonsas\/\",\"https:\/\/www.youtube.com\/user\/caridealsas\"]},{\"@type\":\"Person\",\"@id\":\"https:\/\/www.carideal.com\/blog\/#\/schema\/person\/985c7e757d1042d647f21bfaf8d41ebc\",\"name\":\"N.S Carideal\",\"image\":{\"@type\":\"ImageObject\",\"inLanguage\":\"fr-FR\",\"@id\":\"https:\/\/www.carideal.com\/blog\/#\/schema\/person\/image\/\",\"url\":\"https:\/\/secure.gravatar.com\/avatar\/edb7ccdf1a4e3d14aef967760d354d0e?s=96&r=g\",\"contentUrl\":\"https:\/\/secure.gravatar.com\/avatar\/edb7ccdf1a4e3d14aef967760d354d0e?s=96&r=g\",\"caption\":\"N.S Carideal\"},\"description\":\"Depuis tout petit fan d'automobile. Il est question d'essayer et de comparer toutes ces voitures qui nous ont fait r\u00e9ver, avant que celles-ci ne devient uniquement des voitures de collection.\",\"sameAs\":[\"http:\/\/www.carideal.com\/blog\",\"https:\/\/www.facebook.com\/Carideal.mandataire.automobile\/\",\"https:\/\/www.linkedin.com\/in\/nschiavon\/\",\"https:\/\/www.youtube.com\/user\/caridealsas\/\"],\"url\":\"https:\/\/www.carideal.com\/blog\/author\/admin_carideal\/\"}]}<\/script>\n<!-- \/ Yoast SEO plugin. -->","yoast_head_json":{"title":"Renault Megane TCe 115 - Blog auto Carid\u00e9al","robots":{"index":"index","follow":"follow","max-snippet":"max-snippet:-1","max-image-preview":"max-image-preview:large","max-video-preview":"max-video-preview:-1"},"canonical":"https:\/\/www.carideal.com\/blog\/2012\/05\/21\/renault-megane-tce-115\/","og_locale":"fr_FR","og_type":"article","og_title":"Renault Megane TCe 115 - Blog auto Carid\u00e9al","og_description":"Le bilan CO2 baisse de 25% par rapport \u00e0 l'ancien 1.6 de 110 ch La majorit\u00e9 des ventes de voiture compacte, \u00e0 96% se fait en diesel, mais pour des raisons \u00e9conomiques et pour les petits rouleurs Renault s'int\u00e9resse \u00e0 nouveau aux moteurs \u00e0 essence. Il propose ainsi sur sa Megane le L4 1.2 Tce ... Lire plus","og_url":"https:\/\/www.carideal.com\/blog\/2012\/05\/21\/renault-megane-tce-115\/","og_site_name":"Blog auto Carid\u00e9al","article_publisher":"https:\/\/www.facebook.com\/Carideal.mandataire.automobile","article_author":"https:\/\/www.facebook.com\/Carideal.mandataire.automobile\/","article_published_time":"2012-05-21T21:41:00+00:00","article_modified_time":"2020-03-07T19:25:11+00:00","og_image":[{"width":300,"height":300,"url":"https:\/\/www.carideal.com\/blog\/wp-content\/uploads\/2016\/03\/logo-carideal-mandataire-automobile.png","type":"image\/png"}],"author":"N.S Carideal","twitter_card":"summary_large_image","twitter_creator":"@caridealauto","twitter_site":"@caridealauto","twitter_misc":{"\u00c9crit par":"N.S Carideal","Dur\u00e9e de lecture estim\u00e9e":"1 minute"},"schema":{"@context":"https:\/\/schema.org","@graph":[{"@type":"Article","@id":"https:\/\/www.carideal.com\/blog\/2012\/05\/21\/renault-megane-tce-115\/#article","isPartOf":{"@id":"https:\/\/www.carideal.com\/blog\/2012\/05\/21\/renault-megane-tce-115\/"},"author":{"name":"N.S Carideal","@id":"https:\/\/www.carideal.com\/blog\/#\/schema\/person\/985c7e757d1042d647f21bfaf8d41ebc"},"headline":"Renault Megane TCe 115","datePublished":"2012-05-21T21:41:00+00:00","dateModified":"2020-03-07T19:25:11+00:00","mainEntityOfPage":{"@id":"https:\/\/www.carideal.com\/blog\/2012\/05\/21\/renault-megane-tce-115\/"},"wordCount":211,"commentCount":0,"publisher":{"@id":"https:\/\/www.carideal.com\/blog\/#organization"},"articleSection":["March\u00e9 automobile"],"inLanguage":"fr-FR","potentialAction":[{"@type":"CommentAction","name":"Comment","target":["https:\/\/www.carideal.com\/blog\/2012\/05\/21\/renault-megane-tce-115\/#respond"]}]},{"@type":"WebPage","@id":"https:\/\/www.carideal.com\/blog\/2012\/05\/21\/renault-megane-tce-115\/","url":"https:\/\/www.carideal.com\/blog\/2012\/05\/21\/renault-megane-tce-115\/","name":"Renault Megane TCe 115 - Blog auto Carid\u00e9al","isPartOf":{"@id":"https:\/\/www.carideal.com\/blog\/#website"},"datePublished":"2012-05-21T21:41:00+00:00","dateModified":"2020-03-07T19:25:11+00:00","breadcrumb":{"@id":"https:\/\/www.carideal.com\/blog\/2012\/05\/21\/renault-megane-tce-115\/#breadcrumb"},"inLanguage":"fr-FR","potentialAction":[{"@type":"ReadAction","target":["https:\/\/www.carideal.com\/blog\/2012\/05\/21\/renault-megane-tce-115\/"]}]},{"@type":"BreadcrumbList","@id":"https:\/\/www.carideal.com\/blog\/2012\/05\/21\/renault-megane-tce-115\/#breadcrumb","itemListElement":[{"@type":"ListItem","position":1,"name":"Blog Carid\u00e9al","item":"https:\/\/www.carideal.com\/blog\/"},{"@type":"ListItem","position":2,"name":"March\u00e9 automobile","item":"https:\/\/www.carideal.com\/blog\/marche-automobile-voiture-neuve-occasion-4x4-suv\/"},{"@type":"ListItem","position":3,"name":"Renault Megane TCe 115"}]},{"@type":"WebSite","@id":"https:\/\/www.carideal.com\/blog\/#website","url":"https:\/\/www.carideal.com\/blog\/","name":"Blog auto Carid\u00e9al","description":"Actualit\u00e9 auto par des passionn\u00e9s","publisher":{"@id":"https:\/\/www.carideal.com\/blog\/#organization"},"potentialAction":[{"@type":"SearchAction","target":{"@type":"EntryPoint","urlTemplate":"https:\/\/www.carideal.com\/blog\/?s={search_term_string}"},"query-input":{"@type":"PropertyValueSpecification","valueRequired":true,"valueName":"search_term_string"}}],"inLanguage":"fr-FR"},{"@type":"Organization","@id":"https:\/\/www.carideal.com\/blog\/#organization","name":"Carideal","url":"https:\/\/www.carideal.com\/blog\/","logo":{"@type":"ImageObject","inLanguage":"fr-FR","@id":"https:\/\/www.carideal.com\/blog\/#\/schema\/logo\/image\/","url":"http:\/\/www.carideal.com\/blog\/wp-content\/uploads\/2016\/03\/logo-carideal-mandataire-automobile.png","contentUrl":"http:\/\/www.carideal.com\/blog\/wp-content\/uploads\/2016\/03\/logo-carideal-mandataire-automobile.png","width":300,"height":300,"caption":"Carideal"},"image":{"@id":"https:\/\/www.carideal.com\/blog\/#\/schema\/logo\/image\/"},"sameAs":["https:\/\/www.facebook.com\/Carideal.mandataire.automobile","https:\/\/x.com\/caridealauto","https:\/\/www.instagram.com\/carideal1\/","https:\/\/www.linkedin.com\/company\/carideal.com","https:\/\/fr.pinterest.com\/schiavonsas\/","https:\/\/www.youtube.com\/user\/caridealsas"]},{"@type":"Person","@id":"https:\/\/www.carideal.com\/blog\/#\/schema\/person\/985c7e757d1042d647f21bfaf8d41ebc","name":"N.S Carideal","image":{"@type":"ImageObject","inLanguage":"fr-FR","@id":"https:\/\/www.carideal.com\/blog\/#\/schema\/person\/image\/","url":"https:\/\/secure.gravatar.com\/avatar\/edb7ccdf1a4e3d14aef967760d354d0e?s=96&r=g","contentUrl":"https:\/\/secure.gravatar.com\/avatar\/edb7ccdf1a4e3d14aef967760d354d0e?s=96&r=g","caption":"N.S Carideal"},"description":"Depuis tout petit fan d'automobile. Il est question d'essayer et de comparer toutes ces voitures qui nous ont fait r\u00e9ver, avant que celles-ci ne devient uniquement des voitures de collection.","sameAs":["http:\/\/www.carideal.com\/blog","https:\/\/www.facebook.com\/Carideal.mandataire.automobile\/","https:\/\/www.linkedin.com\/in\/nschiavon\/","https:\/\/www.youtube.com\/user\/caridealsas\/"],"url":"https:\/\/www.carideal.com\/blog\/author\/admin_carideal\/"}]}},"uagb_featured_image_src":{"full":false,"thumbnail":false,"medium":false,"medium_large":false,"large":false,"1536x1536":false,"2048x2048":false,"wppr-widget":false},"uagb_author_info":{"display_name":"N.S Carideal","author_link":"https:\/\/www.carideal.com\/blog\/author\/admin_carideal\/"},"uagb_comment_info":0,"uagb_excerpt":"Le bilan CO2 baisse de 25% par rapport \u00e0 l'ancien 1.6 de 110 ch La majorit\u00e9 des ventes de voiture compacte, \u00e0 96% se fait en diesel, mais pour des raisons \u00e9conomiques et pour les petits rouleurs Renault s'int\u00e9resse \u00e0 nouveau aux moteurs \u00e0 essence. Il propose ainsi sur sa Megane le L4 1.2 Tce\u2026","_links":{"self":[{"href":"https:\/\/www.carideal.com\/blog\/wp-json\/wp\/v2\/posts\/1103"}],"collection":[{"href":"https:\/\/www.carideal.com\/blog\/wp-json\/wp\/v2\/posts"}],"about":[{"href":"https:\/\/www.carideal.com\/blog\/wp-json\/wp\/v2\/types\/post"}],"author":[{"embeddable":true,"href":"https:\/\/www.carideal.com\/blog\/wp-json\/wp\/v2\/users\/1"}],"replies":[{"embeddable":true,"href":"https:\/\/www.carideal.com\/blog\/wp-json\/wp\/v2\/comments?post=1103"}],"version-history":[{"count":0,"href":"https:\/\/www.carideal.com\/blog\/wp-json\/wp\/v2\/posts\/1103\/revisions"}],"wp:attachment":[{"href":"https:\/\/www.carideal.com\/blog\/wp-json\/wp\/v2\/media?parent=1103"}],"wp:term":[{"taxonomy":"category","embeddable":true,"href":"https:\/\/www.carideal.com\/blog\/wp-json\/wp\/v2\/categories?post=1103"},{"taxonomy":"post_tag","embeddable":true,"href":"https:\/\/www.carideal.com\/blog\/wp-json\/wp\/v2\/tags?post=1103"}],"curies":[{"name":"wp","href":"https:\/\/api.w.org\/{rel}","templated":true}]}}