{"id":110,"date":"2013-08-19T12:08:00","date_gmt":"2013-08-19T12:08:00","guid":{"rendered":"http:\/\/carideal.com\/blog\/?p=110"},"modified":"2013-08-19T12:08:00","modified_gmt":"2013-08-19T12:08:00","slug":"la-tendance-essence-vs-gazole-va-sinflechir","status":"publish","type":"post","link":"https:\/\/www.carideal.com\/blog\/2013\/08\/19\/la-tendance-essence-vs-gazole-va-sinflechir\/","title":{"rendered":"La tendance Essence vs Gazole va s&rsquo;infl\u00e9chir"},"content":{"rendered":"<p>Depuis 25 ans le gazole s'est d\u00e9velopp\u00e9 en France plus que l'essence, pouss\u00e9 par un loby politiqe et nos diff\u00e9rents gouvernements, ils ne faut donc pas \u00eatre surpris si les constructeurs automobiles ont d\u00e9velopp\u00e9s des motorisations diesels plus performantes que les essences, <a href=\"\/blog\/index.php?tag\/TDI\">TDI<\/a>, <a href=\"\/blog\/index.php?tag\/HDI\">HDI<\/a>, <a href=\"\/blog\/index.php?tag\/CDTI\">CDTI<\/a> etc. Pourtant La <a href=\"\/blog\/index.php?tag\/France\">France<\/a> reste un pays isol\u00e9e, les autres grand pays consommateurs n'ont pas suivi, USA, Chine etc. et on ne sait pas encore tr\u00e8s bien ce qu'il va advenir des motorisations hybrides et \u00e9lectriques.<br \/>\nDonc la carburation <a href=\"\/blog\/index.php?tag\/essence\">essence<\/a> va encore dominer le monde quelques temps....<br \/>\nPourtant la courbe essence VS Diesel va s'inverser c'est sur et pour plusieurs raisons. Les constructeurs vont investir dans la recherche sur les moteurs essences, car ils sont moins co\u00fbteux \u00e0 produire et les normes de d\u00e9pollutions tellement drastiques sur les diesels que seul les gros moteurs sont encore rentable \u00e0 exploiter pour le particulier. Donc le segment des polyvalentes, Clio, C3, 208 va se remettre petit \u00e0 petit \u00e0 l'essence, et comme c'est le plus gros des ventes....<br \/>\nLe consommateur lambda s'y retrouvera.<\/p>\n","protected":false},"excerpt":{"rendered":"<p>Depuis 25 ans le gazole s&rsquo;est d\u00e9velopp\u00e9 en France plus que l&rsquo;essence, pouss\u00e9 par un loby politiqe et nos diff\u00e9rents gouvernements, ils ne faut donc pas \u00eatre surpris si les constructeurs automobiles ont d\u00e9velopp\u00e9s des motorisations diesels plus performantes que les essences, TDI, HDI, CDTI etc. Pourtant La France reste un pays isol\u00e9e, les autres &#8230; <a title=\"La tendance Essence vs Gazole va s&rsquo;infl\u00e9chir\" class=\"read-more\" href=\"https:\/\/www.carideal.com\/blog\/2013\/08\/19\/la-tendance-essence-vs-gazole-va-sinflechir\/\" aria-label=\"En savoir plus sur La tendance Essence vs Gazole va s&rsquo;infl\u00e9chir\">Lire plus<\/a><\/p>\n","protected":false},"author":1,"featured_media":0,"comment_status":"open","ping_status":"open","sticky":false,"template":"","format":"standard","meta":{"_uag_custom_page_level_css":"","_themeisle_gutenberg_block_has_review":false,"footnotes":""},"categories":[3],"tags":[243,406,407],"class_list":["post-110","post","type-post","status-publish","format-standard","hentry","category-actualites-financieres","tag-gazole","tag-hdi","tag-tdi"],"wppr_data":[],"yoast_head":"<!-- This site is optimized with the Yoast SEO plugin v24.8.1 - https:\/\/yoast.com\/wordpress\/plugins\/seo\/ -->\n<title>La tendance Essence vs Gazole va s&#039;infl\u00e9chir - Blog auto Carid\u00e9al<\/title>\n<meta name=\"robots\" content=\"index, follow, max-snippet:-1, max-image-preview:large, max-video-preview:-1\" \/>\n<link rel=\"canonical\" href=\"https:\/\/www.carideal.com\/blog\/2013\/08\/19\/la-tendance-essence-vs-gazole-va-sinflechir\/\" \/>\n<meta property=\"og:locale\" content=\"fr_FR\" \/>\n<meta property=\"og:type\" content=\"article\" \/>\n<meta property=\"og:title\" content=\"La tendance Essence vs Gazole va s&#039;infl\u00e9chir - Blog auto Carid\u00e9al\" \/>\n<meta property=\"og:description\" content=\"Depuis 25 ans le gazole s&#039;est d\u00e9velopp\u00e9 en France plus que l&#039;essence, pouss\u00e9 par un loby politiqe et nos diff\u00e9rents gouvernements, ils ne faut donc pas \u00eatre surpris si les constructeurs automobiles ont d\u00e9velopp\u00e9s des motorisations diesels plus performantes que les essences, TDI, HDI, CDTI etc. Pourtant La France reste un pays isol\u00e9e, les autres ... Lire plus\" \/>\n<meta property=\"og:url\" content=\"https:\/\/www.carideal.com\/blog\/2013\/08\/19\/la-tendance-essence-vs-gazole-va-sinflechir\/\" \/>\n<meta property=\"og:site_name\" content=\"Blog auto Carid\u00e9al\" \/>\n<meta property=\"article:publisher\" content=\"https:\/\/www.facebook.com\/Carideal.mandataire.automobile\" \/>\n<meta property=\"article:author\" content=\"https:\/\/www.facebook.com\/Carideal.mandataire.automobile\/\" \/>\n<meta property=\"article:published_time\" content=\"2013-08-19T12:08:00+00:00\" \/>\n<meta property=\"og:image\" content=\"https:\/\/www.carideal.com\/blog\/wp-content\/uploads\/2016\/03\/logo-carideal-mandataire-automobile.png\" \/>\n\t<meta property=\"og:image:width\" content=\"300\" \/>\n\t<meta property=\"og:image:height\" content=\"300\" \/>\n\t<meta property=\"og:image:type\" content=\"image\/png\" \/>\n<meta name=\"author\" content=\"N.S Carideal\" \/>\n<meta name=\"twitter:card\" content=\"summary_large_image\" \/>\n<meta name=\"twitter:creator\" content=\"@caridealauto\" \/>\n<meta name=\"twitter:site\" content=\"@caridealauto\" \/>\n<meta name=\"twitter:label1\" content=\"\u00c9crit par\" \/>\n\t<meta name=\"twitter:data1\" content=\"N.S Carideal\" \/>\n\t<meta name=\"twitter:label2\" content=\"Dur\u00e9e de lecture estim\u00e9e\" \/>\n\t<meta name=\"twitter:data2\" content=\"1 minute\" \/>\n<script type=\"application\/ld+json\" class=\"yoast-schema-graph\">{\"@context\":\"https:\/\/schema.org\",\"@graph\":[{\"@type\":\"Article\",\"@id\":\"https:\/\/www.carideal.com\/blog\/2013\/08\/19\/la-tendance-essence-vs-gazole-va-sinflechir\/#article\",\"isPartOf\":{\"@id\":\"https:\/\/www.carideal.com\/blog\/2013\/08\/19\/la-tendance-essence-vs-gazole-va-sinflechir\/\"},\"author\":{\"name\":\"N.S Carideal\",\"@id\":\"https:\/\/www.carideal.com\/blog\/#\/schema\/person\/985c7e757d1042d647f21bfaf8d41ebc\"},\"headline\":\"La tendance Essence vs Gazole va s&rsquo;infl\u00e9chir\",\"datePublished\":\"2013-08-19T12:08:00+00:00\",\"mainEntityOfPage\":{\"@id\":\"https:\/\/www.carideal.com\/blog\/2013\/08\/19\/la-tendance-essence-vs-gazole-va-sinflechir\/\"},\"wordCount\":186,\"commentCount\":0,\"publisher\":{\"@id\":\"https:\/\/www.carideal.com\/blog\/#organization\"},\"keywords\":[\"Gazole\",\"HDI Moteur diesel PSA\",\"TDI\"],\"articleSection\":[\"Actualit\u00e9 Financi\u00e8re\"],\"inLanguage\":\"fr-FR\",\"potentialAction\":[{\"@type\":\"CommentAction\",\"name\":\"Comment\",\"target\":[\"https:\/\/www.carideal.com\/blog\/2013\/08\/19\/la-tendance-essence-vs-gazole-va-sinflechir\/#respond\"]}]},{\"@type\":\"WebPage\",\"@id\":\"https:\/\/www.carideal.com\/blog\/2013\/08\/19\/la-tendance-essence-vs-gazole-va-sinflechir\/\",\"url\":\"https:\/\/www.carideal.com\/blog\/2013\/08\/19\/la-tendance-essence-vs-gazole-va-sinflechir\/\",\"name\":\"La tendance Essence vs Gazole va s'infl\u00e9chir - Blog auto Carid\u00e9al\",\"isPartOf\":{\"@id\":\"https:\/\/www.carideal.com\/blog\/#website\"},\"datePublished\":\"2013-08-19T12:08:00+00:00\",\"breadcrumb\":{\"@id\":\"https:\/\/www.carideal.com\/blog\/2013\/08\/19\/la-tendance-essence-vs-gazole-va-sinflechir\/#breadcrumb\"},\"inLanguage\":\"fr-FR\",\"potentialAction\":[{\"@type\":\"ReadAction\",\"target\":[\"https:\/\/www.carideal.com\/blog\/2013\/08\/19\/la-tendance-essence-vs-gazole-va-sinflechir\/\"]}]},{\"@type\":\"BreadcrumbList\",\"@id\":\"https:\/\/www.carideal.com\/blog\/2013\/08\/19\/la-tendance-essence-vs-gazole-va-sinflechir\/#breadcrumb\",\"itemListElement\":[{\"@type\":\"ListItem\",\"position\":1,\"name\":\"Blog Carid\u00e9al\",\"item\":\"https:\/\/www.carideal.com\/blog\/\"},{\"@type\":\"ListItem\",\"position\":2,\"name\":\"Actualit\u00e9 Financi\u00e8re\",\"item\":\"https:\/\/www.carideal.com\/blog\/actualites-financieres\/\"},{\"@type\":\"ListItem\",\"position\":3,\"name\":\"La tendance Essence vs Gazole va s&rsquo;infl\u00e9chir\"}]},{\"@type\":\"WebSite\",\"@id\":\"https:\/\/www.carideal.com\/blog\/#website\",\"url\":\"https:\/\/www.carideal.com\/blog\/\",\"name\":\"Blog auto Carid\u00e9al\",\"description\":\"Actualit\u00e9 auto par des passionn\u00e9s\",\"publisher\":{\"@id\":\"https:\/\/www.carideal.com\/blog\/#organization\"},\"potentialAction\":[{\"@type\":\"SearchAction\",\"target\":{\"@type\":\"EntryPoint\",\"urlTemplate\":\"https:\/\/www.carideal.com\/blog\/?s={search_term_string}\"},\"query-input\":{\"@type\":\"PropertyValueSpecification\",\"valueRequired\":true,\"valueName\":\"search_term_string\"}}],\"inLanguage\":\"fr-FR\"},{\"@type\":\"Organization\",\"@id\":\"https:\/\/www.carideal.com\/blog\/#organization\",\"name\":\"Carideal\",\"url\":\"https:\/\/www.carideal.com\/blog\/\",\"logo\":{\"@type\":\"ImageObject\",\"inLanguage\":\"fr-FR\",\"@id\":\"https:\/\/www.carideal.com\/blog\/#\/schema\/logo\/image\/\",\"url\":\"http:\/\/www.carideal.com\/blog\/wp-content\/uploads\/2016\/03\/logo-carideal-mandataire-automobile.png\",\"contentUrl\":\"http:\/\/www.carideal.com\/blog\/wp-content\/uploads\/2016\/03\/logo-carideal-mandataire-automobile.png\",\"width\":300,\"height\":300,\"caption\":\"Carideal\"},\"image\":{\"@id\":\"https:\/\/www.carideal.com\/blog\/#\/schema\/logo\/image\/\"},\"sameAs\":[\"https:\/\/www.facebook.com\/Carideal.mandataire.automobile\",\"https:\/\/x.com\/caridealauto\",\"https:\/\/www.instagram.com\/carideal1\/\",\"https:\/\/www.linkedin.com\/company\/carideal.com\",\"https:\/\/fr.pinterest.com\/schiavonsas\/\",\"https:\/\/www.youtube.com\/user\/caridealsas\"]},{\"@type\":\"Person\",\"@id\":\"https:\/\/www.carideal.com\/blog\/#\/schema\/person\/985c7e757d1042d647f21bfaf8d41ebc\",\"name\":\"N.S Carideal\",\"image\":{\"@type\":\"ImageObject\",\"inLanguage\":\"fr-FR\",\"@id\":\"https:\/\/www.carideal.com\/blog\/#\/schema\/person\/image\/\",\"url\":\"https:\/\/secure.gravatar.com\/avatar\/edb7ccdf1a4e3d14aef967760d354d0e?s=96&r=g\",\"contentUrl\":\"https:\/\/secure.gravatar.com\/avatar\/edb7ccdf1a4e3d14aef967760d354d0e?s=96&r=g\",\"caption\":\"N.S Carideal\"},\"description\":\"Depuis tout petit fan d'automobile. Il est question d'essayer et de comparer toutes ces voitures qui nous ont fait r\u00e9ver, avant que celles-ci ne devient uniquement des voitures de collection.\",\"sameAs\":[\"http:\/\/www.carideal.com\/blog\",\"https:\/\/www.facebook.com\/Carideal.mandataire.automobile\/\",\"https:\/\/www.linkedin.com\/in\/nschiavon\/\",\"https:\/\/www.youtube.com\/user\/caridealsas\/\"],\"url\":\"https:\/\/www.carideal.com\/blog\/author\/admin_carideal\/\"}]}<\/script>\n<!-- \/ Yoast SEO plugin. -->","yoast_head_json":{"title":"La tendance Essence vs Gazole va s'infl\u00e9chir - Blog auto Carid\u00e9al","robots":{"index":"index","follow":"follow","max-snippet":"max-snippet:-1","max-image-preview":"max-image-preview:large","max-video-preview":"max-video-preview:-1"},"canonical":"https:\/\/www.carideal.com\/blog\/2013\/08\/19\/la-tendance-essence-vs-gazole-va-sinflechir\/","og_locale":"fr_FR","og_type":"article","og_title":"La tendance Essence vs Gazole va s'infl\u00e9chir - Blog auto Carid\u00e9al","og_description":"Depuis 25 ans le gazole s'est d\u00e9velopp\u00e9 en France plus que l'essence, pouss\u00e9 par un loby politiqe et nos diff\u00e9rents gouvernements, ils ne faut donc pas \u00eatre surpris si les constructeurs automobiles ont d\u00e9velopp\u00e9s des motorisations diesels plus performantes que les essences, TDI, HDI, CDTI etc. Pourtant La France reste un pays isol\u00e9e, les autres ... Lire plus","og_url":"https:\/\/www.carideal.com\/blog\/2013\/08\/19\/la-tendance-essence-vs-gazole-va-sinflechir\/","og_site_name":"Blog auto Carid\u00e9al","article_publisher":"https:\/\/www.facebook.com\/Carideal.mandataire.automobile","article_author":"https:\/\/www.facebook.com\/Carideal.mandataire.automobile\/","article_published_time":"2013-08-19T12:08:00+00:00","og_image":[{"width":300,"height":300,"url":"https:\/\/www.carideal.com\/blog\/wp-content\/uploads\/2016\/03\/logo-carideal-mandataire-automobile.png","type":"image\/png"}],"author":"N.S Carideal","twitter_card":"summary_large_image","twitter_creator":"@caridealauto","twitter_site":"@caridealauto","twitter_misc":{"\u00c9crit par":"N.S Carideal","Dur\u00e9e de lecture estim\u00e9e":"1 minute"},"schema":{"@context":"https:\/\/schema.org","@graph":[{"@type":"Article","@id":"https:\/\/www.carideal.com\/blog\/2013\/08\/19\/la-tendance-essence-vs-gazole-va-sinflechir\/#article","isPartOf":{"@id":"https:\/\/www.carideal.com\/blog\/2013\/08\/19\/la-tendance-essence-vs-gazole-va-sinflechir\/"},"author":{"name":"N.S Carideal","@id":"https:\/\/www.carideal.com\/blog\/#\/schema\/person\/985c7e757d1042d647f21bfaf8d41ebc"},"headline":"La tendance Essence vs Gazole va s&rsquo;infl\u00e9chir","datePublished":"2013-08-19T12:08:00+00:00","mainEntityOfPage":{"@id":"https:\/\/www.carideal.com\/blog\/2013\/08\/19\/la-tendance-essence-vs-gazole-va-sinflechir\/"},"wordCount":186,"commentCount":0,"publisher":{"@id":"https:\/\/www.carideal.com\/blog\/#organization"},"keywords":["Gazole","HDI Moteur diesel PSA","TDI"],"articleSection":["Actualit\u00e9 Financi\u00e8re"],"inLanguage":"fr-FR","potentialAction":[{"@type":"CommentAction","name":"Comment","target":["https:\/\/www.carideal.com\/blog\/2013\/08\/19\/la-tendance-essence-vs-gazole-va-sinflechir\/#respond"]}]},{"@type":"WebPage","@id":"https:\/\/www.carideal.com\/blog\/2013\/08\/19\/la-tendance-essence-vs-gazole-va-sinflechir\/","url":"https:\/\/www.carideal.com\/blog\/2013\/08\/19\/la-tendance-essence-vs-gazole-va-sinflechir\/","name":"La tendance Essence vs Gazole va s'infl\u00e9chir - Blog auto Carid\u00e9al","isPartOf":{"@id":"https:\/\/www.carideal.com\/blog\/#website"},"datePublished":"2013-08-19T12:08:00+00:00","breadcrumb":{"@id":"https:\/\/www.carideal.com\/blog\/2013\/08\/19\/la-tendance-essence-vs-gazole-va-sinflechir\/#breadcrumb"},"inLanguage":"fr-FR","potentialAction":[{"@type":"ReadAction","target":["https:\/\/www.carideal.com\/blog\/2013\/08\/19\/la-tendance-essence-vs-gazole-va-sinflechir\/"]}]},{"@type":"BreadcrumbList","@id":"https:\/\/www.carideal.com\/blog\/2013\/08\/19\/la-tendance-essence-vs-gazole-va-sinflechir\/#breadcrumb","itemListElement":[{"@type":"ListItem","position":1,"name":"Blog Carid\u00e9al","item":"https:\/\/www.carideal.com\/blog\/"},{"@type":"ListItem","position":2,"name":"Actualit\u00e9 Financi\u00e8re","item":"https:\/\/www.carideal.com\/blog\/actualites-financieres\/"},{"@type":"ListItem","position":3,"name":"La tendance Essence vs Gazole va s&rsquo;infl\u00e9chir"}]},{"@type":"WebSite","@id":"https:\/\/www.carideal.com\/blog\/#website","url":"https:\/\/www.carideal.com\/blog\/","name":"Blog auto Carid\u00e9al","description":"Actualit\u00e9 auto par des passionn\u00e9s","publisher":{"@id":"https:\/\/www.carideal.com\/blog\/#organization"},"potentialAction":[{"@type":"SearchAction","target":{"@type":"EntryPoint","urlTemplate":"https:\/\/www.carideal.com\/blog\/?s={search_term_string}"},"query-input":{"@type":"PropertyValueSpecification","valueRequired":true,"valueName":"search_term_string"}}],"inLanguage":"fr-FR"},{"@type":"Organization","@id":"https:\/\/www.carideal.com\/blog\/#organization","name":"Carideal","url":"https:\/\/www.carideal.com\/blog\/","logo":{"@type":"ImageObject","inLanguage":"fr-FR","@id":"https:\/\/www.carideal.com\/blog\/#\/schema\/logo\/image\/","url":"http:\/\/www.carideal.com\/blog\/wp-content\/uploads\/2016\/03\/logo-carideal-mandataire-automobile.png","contentUrl":"http:\/\/www.carideal.com\/blog\/wp-content\/uploads\/2016\/03\/logo-carideal-mandataire-automobile.png","width":300,"height":300,"caption":"Carideal"},"image":{"@id":"https:\/\/www.carideal.com\/blog\/#\/schema\/logo\/image\/"},"sameAs":["https:\/\/www.facebook.com\/Carideal.mandataire.automobile","https:\/\/x.com\/caridealauto","https:\/\/www.instagram.com\/carideal1\/","https:\/\/www.linkedin.com\/company\/carideal.com","https:\/\/fr.pinterest.com\/schiavonsas\/","https:\/\/www.youtube.com\/user\/caridealsas"]},{"@type":"Person","@id":"https:\/\/www.carideal.com\/blog\/#\/schema\/person\/985c7e757d1042d647f21bfaf8d41ebc","name":"N.S Carideal","image":{"@type":"ImageObject","inLanguage":"fr-FR","@id":"https:\/\/www.carideal.com\/blog\/#\/schema\/person\/image\/","url":"https:\/\/secure.gravatar.com\/avatar\/edb7ccdf1a4e3d14aef967760d354d0e?s=96&r=g","contentUrl":"https:\/\/secure.gravatar.com\/avatar\/edb7ccdf1a4e3d14aef967760d354d0e?s=96&r=g","caption":"N.S Carideal"},"description":"Depuis tout petit fan d'automobile. Il est question d'essayer et de comparer toutes ces voitures qui nous ont fait r\u00e9ver, avant que celles-ci ne devient uniquement des voitures de collection.","sameAs":["http:\/\/www.carideal.com\/blog","https:\/\/www.facebook.com\/Carideal.mandataire.automobile\/","https:\/\/www.linkedin.com\/in\/nschiavon\/","https:\/\/www.youtube.com\/user\/caridealsas\/"],"url":"https:\/\/www.carideal.com\/blog\/author\/admin_carideal\/"}]}},"uagb_featured_image_src":{"full":false,"thumbnail":false,"medium":false,"medium_large":false,"large":false,"1536x1536":false,"2048x2048":false,"wppr-widget":false},"uagb_author_info":{"display_name":"N.S Carideal","author_link":"https:\/\/www.carideal.com\/blog\/author\/admin_carideal\/"},"uagb_comment_info":0,"uagb_excerpt":"Depuis 25 ans le gazole s'est d\u00e9velopp\u00e9 en France plus que l'essence, pouss\u00e9 par un loby politiqe et nos diff\u00e9rents gouvernements, ils ne faut donc pas \u00eatre surpris si les constructeurs automobiles ont d\u00e9velopp\u00e9s des motorisations diesels plus performantes que les essences, TDI, HDI, CDTI etc. Pourtant La France reste un pays isol\u00e9e, les autres\u2026","_links":{"self":[{"href":"https:\/\/www.carideal.com\/blog\/wp-json\/wp\/v2\/posts\/110"}],"collection":[{"href":"https:\/\/www.carideal.com\/blog\/wp-json\/wp\/v2\/posts"}],"about":[{"href":"https:\/\/www.carideal.com\/blog\/wp-json\/wp\/v2\/types\/post"}],"author":[{"embeddable":true,"href":"https:\/\/www.carideal.com\/blog\/wp-json\/wp\/v2\/users\/1"}],"replies":[{"embeddable":true,"href":"https:\/\/www.carideal.com\/blog\/wp-json\/wp\/v2\/comments?post=110"}],"version-history":[{"count":0,"href":"https:\/\/www.carideal.com\/blog\/wp-json\/wp\/v2\/posts\/110\/revisions"}],"wp:attachment":[{"href":"https:\/\/www.carideal.com\/blog\/wp-json\/wp\/v2\/media?parent=110"}],"wp:term":[{"taxonomy":"category","embeddable":true,"href":"https:\/\/www.carideal.com\/blog\/wp-json\/wp\/v2\/categories?post=110"},{"taxonomy":"post_tag","embeddable":true,"href":"https:\/\/www.carideal.com\/blog\/wp-json\/wp\/v2\/tags?post=110"}],"curies":[{"name":"wp","href":"https:\/\/api.w.org\/{rel}","templated":true}]}}