{"id":1091,"date":"2012-04-26T17:43:00","date_gmt":"2012-04-26T17:43:00","guid":{"rendered":"http:\/\/carideal.com\/blog\/?p=1091"},"modified":"2019-02-13T18:11:44","modified_gmt":"2019-02-13T17:11:44","slug":"ssangyong-xiv-2-concept-car","status":"publish","type":"post","link":"https:\/\/www.carideal.com\/blog\/2012\/04\/26\/ssangyong-xiv-2-concept-car\/","title":{"rendered":"SSANGYONG XIV-2 concept car"},"content":{"rendered":"<figure style=\"width: 438px\" class=\"wp-caption alignnone\"><img loading=\"lazy\" decoding=\"async\" title=\"Un style r\u00e9ussi pour ce petit SUV SSANGYONG le XIV-2\" src=\"\/blog\/public\/.SsangYong_XIV_carideal-mandataire-automobile_m.jpg\" alt=\"Un style r\u00e9ussi pour ce petit SUV SSANGYONG le XIV-2\" width=\"448\" height=\"298\" \/><figcaption class=\"wp-caption-text\">Un style r\u00e9ussi pour ce petit SUV SSANGYONG le XIV-2<\/figcaption><\/figure>\n<h2>Un style r\u00e9ussi pour ce petit SUV SSANGYONG le XIV-2<\/h2>\n<p>Ce concept car XIV-2 pr\u00e9figure un futur petit v\u00e9hicule de loisirs compact qui devrait voir le jour sous le <a href=\"http:\/\/www.carideal.com\/blog\/2015\/03\/11\/ssangyong-korando-revient-en-europe\/\">Korando<\/a> de 4.41m. Pour cela Le constructeur <a href=\"http:\/\/www.carideal.com\/blog\/marque-de-voiture-actualites-essais\/ssangyong\/\">SSANGYONG<\/a> d\u00e9veloppe une plateforme sp\u00e9cifique et il devrait recevoir des moteur de type L4 1.6 aussi bien en essence qu'en diesel.<\/p>\n","protected":false},"excerpt":{"rendered":"<p>Un style r\u00e9ussi pour ce petit SUV SSANGYONG le XIV-2 Ce concept car XIV-2 pr\u00e9figure un futur petit v\u00e9hicule de loisirs compact qui devrait voir le jour sous le Korando de 4.41m. Pour cela Le constructeur SSANGYONG d\u00e9veloppe une plateforme sp\u00e9cifique et il devrait recevoir des moteur de type L4 1.6 aussi bien en essence &#8230; <a title=\"SSANGYONG XIV-2 concept car\" class=\"read-more\" href=\"https:\/\/www.carideal.com\/blog\/2012\/04\/26\/ssangyong-xiv-2-concept-car\/\" aria-label=\"En savoir plus sur SSANGYONG XIV-2 concept car\">Lire plus<\/a><\/p>\n","protected":false},"author":1,"featured_media":0,"comment_status":"open","ping_status":"open","sticky":false,"template":"","format":"standard","meta":{"_uag_custom_page_level_css":"","_themeisle_gutenberg_block_has_review":false,"footnotes":""},"categories":[5944,6206,5975,5974],"tags":[6207],"class_list":["post-1091","post","type-post","status-publish","format-standard","hentry","category-constructeur","category-actualite-ssangyong","category-concept-car","category-type-de-vehicule","tag-suv-urbain"],"wppr_data":{"cwp_meta_box_check":"No"},"yoast_head":"<!-- This site is optimized with the Yoast SEO plugin v24.8.1 - https:\/\/yoast.com\/wordpress\/plugins\/seo\/ -->\n<title>SSANGYONG XIV-2 concept car - Blog auto Carid\u00e9al<\/title>\n<meta name=\"robots\" content=\"index, follow, max-snippet:-1, max-image-preview:large, max-video-preview:-1\" \/>\n<link rel=\"canonical\" href=\"https:\/\/www.carideal.com\/blog\/2012\/04\/26\/ssangyong-xiv-2-concept-car\/\" \/>\n<meta property=\"og:locale\" content=\"fr_FR\" \/>\n<meta property=\"og:type\" content=\"article\" \/>\n<meta property=\"og:title\" content=\"SSANGYONG XIV-2 concept car - Blog auto Carid\u00e9al\" \/>\n<meta property=\"og:description\" content=\"Un style r\u00e9ussi pour ce petit SUV SSANGYONG le XIV-2 Ce concept car XIV-2 pr\u00e9figure un futur petit v\u00e9hicule de loisirs compact qui devrait voir le jour sous le Korando de 4.41m. Pour cela Le constructeur SSANGYONG d\u00e9veloppe une plateforme sp\u00e9cifique et il devrait recevoir des moteur de type L4 1.6 aussi bien en essence ... Lire plus\" \/>\n<meta property=\"og:url\" content=\"https:\/\/www.carideal.com\/blog\/2012\/04\/26\/ssangyong-xiv-2-concept-car\/\" \/>\n<meta property=\"og:site_name\" content=\"Blog auto Carid\u00e9al\" \/>\n<meta property=\"article:publisher\" content=\"https:\/\/www.facebook.com\/Carideal.mandataire.automobile\" \/>\n<meta property=\"article:author\" content=\"https:\/\/www.facebook.com\/Carideal.mandataire.automobile\/\" \/>\n<meta property=\"article:published_time\" content=\"2012-04-26T17:43:00+00:00\" \/>\n<meta property=\"article:modified_time\" content=\"2019-02-13T17:11:44+00:00\" \/>\n<meta property=\"og:image\" content=\"https:\/\/www.carideal.com\/blog\/wp-content\/uploads\/2016\/03\/logo-carideal-mandataire-automobile.png\" \/>\n\t<meta property=\"og:image:width\" content=\"300\" \/>\n\t<meta property=\"og:image:height\" content=\"300\" \/>\n\t<meta property=\"og:image:type\" content=\"image\/png\" \/>\n<meta name=\"author\" content=\"N.S Carideal\" \/>\n<meta name=\"twitter:card\" content=\"summary_large_image\" \/>\n<meta name=\"twitter:creator\" content=\"@caridealauto\" \/>\n<meta name=\"twitter:site\" content=\"@caridealauto\" \/>\n<meta name=\"twitter:label1\" content=\"\u00c9crit par\" \/>\n\t<meta name=\"twitter:data1\" content=\"N.S Carideal\" \/>\n<script type=\"application\/ld+json\" class=\"yoast-schema-graph\">{\"@context\":\"https:\/\/schema.org\",\"@graph\":[{\"@type\":\"Article\",\"@id\":\"https:\/\/www.carideal.com\/blog\/2012\/04\/26\/ssangyong-xiv-2-concept-car\/#article\",\"isPartOf\":{\"@id\":\"https:\/\/www.carideal.com\/blog\/2012\/04\/26\/ssangyong-xiv-2-concept-car\/\"},\"author\":{\"name\":\"N.S Carideal\",\"@id\":\"https:\/\/www.carideal.com\/blog\/#\/schema\/person\/985c7e757d1042d647f21bfaf8d41ebc\"},\"headline\":\"SSANGYONG XIV-2 concept car\",\"datePublished\":\"2012-04-26T17:43:00+00:00\",\"dateModified\":\"2019-02-13T17:11:44+00:00\",\"mainEntityOfPage\":{\"@id\":\"https:\/\/www.carideal.com\/blog\/2012\/04\/26\/ssangyong-xiv-2-concept-car\/\"},\"wordCount\":82,\"commentCount\":0,\"publisher\":{\"@id\":\"https:\/\/www.carideal.com\/blog\/#organization\"},\"keywords\":[\"Suv Urbain\"],\"articleSection\":[\"Actualit\u00e9 Constructeur automobile\",\"Actualit\u00e9 Ssangyong\",\"Concept car\",\"Type de v\u00e9hicule\"],\"inLanguage\":\"fr-FR\",\"potentialAction\":[{\"@type\":\"CommentAction\",\"name\":\"Comment\",\"target\":[\"https:\/\/www.carideal.com\/blog\/2012\/04\/26\/ssangyong-xiv-2-concept-car\/#respond\"]}]},{\"@type\":\"WebPage\",\"@id\":\"https:\/\/www.carideal.com\/blog\/2012\/04\/26\/ssangyong-xiv-2-concept-car\/\",\"url\":\"https:\/\/www.carideal.com\/blog\/2012\/04\/26\/ssangyong-xiv-2-concept-car\/\",\"name\":\"SSANGYONG XIV-2 concept car - Blog auto Carid\u00e9al\",\"isPartOf\":{\"@id\":\"https:\/\/www.carideal.com\/blog\/#website\"},\"datePublished\":\"2012-04-26T17:43:00+00:00\",\"dateModified\":\"2019-02-13T17:11:44+00:00\",\"breadcrumb\":{\"@id\":\"https:\/\/www.carideal.com\/blog\/2012\/04\/26\/ssangyong-xiv-2-concept-car\/#breadcrumb\"},\"inLanguage\":\"fr-FR\",\"potentialAction\":[{\"@type\":\"ReadAction\",\"target\":[\"https:\/\/www.carideal.com\/blog\/2012\/04\/26\/ssangyong-xiv-2-concept-car\/\"]}]},{\"@type\":\"BreadcrumbList\",\"@id\":\"https:\/\/www.carideal.com\/blog\/2012\/04\/26\/ssangyong-xiv-2-concept-car\/#breadcrumb\",\"itemListElement\":[{\"@type\":\"ListItem\",\"position\":1,\"name\":\"Blog Carid\u00e9al\",\"item\":\"https:\/\/www.carideal.com\/blog\/\"},{\"@type\":\"ListItem\",\"position\":2,\"name\":\"Actualit\u00e9 constructeur automobile\",\"item\":\"https:\/\/www.carideal.com\/blog\/constructeur\/\"},{\"@type\":\"ListItem\",\"position\":3,\"name\":\"Actualit\u00e9 Ssangyong\",\"item\":\"https:\/\/www.carideal.com\/blog\/constructeur\/actualite-ssangyong\/\"},{\"@type\":\"ListItem\",\"position\":4,\"name\":\"SSANGYONG XIV-2 concept car\"}]},{\"@type\":\"WebSite\",\"@id\":\"https:\/\/www.carideal.com\/blog\/#website\",\"url\":\"https:\/\/www.carideal.com\/blog\/\",\"name\":\"Blog auto Carid\u00e9al\",\"description\":\"Actualit\u00e9 auto par des passionn\u00e9s\",\"publisher\":{\"@id\":\"https:\/\/www.carideal.com\/blog\/#organization\"},\"potentialAction\":[{\"@type\":\"SearchAction\",\"target\":{\"@type\":\"EntryPoint\",\"urlTemplate\":\"https:\/\/www.carideal.com\/blog\/?s={search_term_string}\"},\"query-input\":{\"@type\":\"PropertyValueSpecification\",\"valueRequired\":true,\"valueName\":\"search_term_string\"}}],\"inLanguage\":\"fr-FR\"},{\"@type\":\"Organization\",\"@id\":\"https:\/\/www.carideal.com\/blog\/#organization\",\"name\":\"Carideal\",\"url\":\"https:\/\/www.carideal.com\/blog\/\",\"logo\":{\"@type\":\"ImageObject\",\"inLanguage\":\"fr-FR\",\"@id\":\"https:\/\/www.carideal.com\/blog\/#\/schema\/logo\/image\/\",\"url\":\"http:\/\/www.carideal.com\/blog\/wp-content\/uploads\/2016\/03\/logo-carideal-mandataire-automobile.png\",\"contentUrl\":\"http:\/\/www.carideal.com\/blog\/wp-content\/uploads\/2016\/03\/logo-carideal-mandataire-automobile.png\",\"width\":300,\"height\":300,\"caption\":\"Carideal\"},\"image\":{\"@id\":\"https:\/\/www.carideal.com\/blog\/#\/schema\/logo\/image\/\"},\"sameAs\":[\"https:\/\/www.facebook.com\/Carideal.mandataire.automobile\",\"https:\/\/x.com\/caridealauto\",\"https:\/\/www.instagram.com\/carideal1\/\",\"https:\/\/www.linkedin.com\/company\/carideal.com\",\"https:\/\/fr.pinterest.com\/schiavonsas\/\",\"https:\/\/www.youtube.com\/user\/caridealsas\"]},{\"@type\":\"Person\",\"@id\":\"https:\/\/www.carideal.com\/blog\/#\/schema\/person\/985c7e757d1042d647f21bfaf8d41ebc\",\"name\":\"N.S Carideal\",\"image\":{\"@type\":\"ImageObject\",\"inLanguage\":\"fr-FR\",\"@id\":\"https:\/\/www.carideal.com\/blog\/#\/schema\/person\/image\/\",\"url\":\"https:\/\/secure.gravatar.com\/avatar\/edb7ccdf1a4e3d14aef967760d354d0e?s=96&r=g\",\"contentUrl\":\"https:\/\/secure.gravatar.com\/avatar\/edb7ccdf1a4e3d14aef967760d354d0e?s=96&r=g\",\"caption\":\"N.S Carideal\"},\"description\":\"Depuis tout petit fan d'automobile. Il est question d'essayer et de comparer toutes ces voitures qui nous ont fait r\u00e9ver, avant que celles-ci ne devient uniquement des voitures de collection.\",\"sameAs\":[\"http:\/\/www.carideal.com\/blog\",\"https:\/\/www.facebook.com\/Carideal.mandataire.automobile\/\",\"https:\/\/www.linkedin.com\/in\/nschiavon\/\",\"https:\/\/www.youtube.com\/user\/caridealsas\/\"],\"url\":\"https:\/\/www.carideal.com\/blog\/author\/admin_carideal\/\"}]}<\/script>\n<!-- \/ Yoast SEO plugin. -->","yoast_head_json":{"title":"SSANGYONG XIV-2 concept car - Blog auto Carid\u00e9al","robots":{"index":"index","follow":"follow","max-snippet":"max-snippet:-1","max-image-preview":"max-image-preview:large","max-video-preview":"max-video-preview:-1"},"canonical":"https:\/\/www.carideal.com\/blog\/2012\/04\/26\/ssangyong-xiv-2-concept-car\/","og_locale":"fr_FR","og_type":"article","og_title":"SSANGYONG XIV-2 concept car - Blog auto Carid\u00e9al","og_description":"Un style r\u00e9ussi pour ce petit SUV SSANGYONG le XIV-2 Ce concept car XIV-2 pr\u00e9figure un futur petit v\u00e9hicule de loisirs compact qui devrait voir le jour sous le Korando de 4.41m. Pour cela Le constructeur SSANGYONG d\u00e9veloppe une plateforme sp\u00e9cifique et il devrait recevoir des moteur de type L4 1.6 aussi bien en essence ... Lire plus","og_url":"https:\/\/www.carideal.com\/blog\/2012\/04\/26\/ssangyong-xiv-2-concept-car\/","og_site_name":"Blog auto Carid\u00e9al","article_publisher":"https:\/\/www.facebook.com\/Carideal.mandataire.automobile","article_author":"https:\/\/www.facebook.com\/Carideal.mandataire.automobile\/","article_published_time":"2012-04-26T17:43:00+00:00","article_modified_time":"2019-02-13T17:11:44+00:00","og_image":[{"width":300,"height":300,"url":"https:\/\/www.carideal.com\/blog\/wp-content\/uploads\/2016\/03\/logo-carideal-mandataire-automobile.png","type":"image\/png"}],"author":"N.S Carideal","twitter_card":"summary_large_image","twitter_creator":"@caridealauto","twitter_site":"@caridealauto","twitter_misc":{"\u00c9crit par":"N.S Carideal"},"schema":{"@context":"https:\/\/schema.org","@graph":[{"@type":"Article","@id":"https:\/\/www.carideal.com\/blog\/2012\/04\/26\/ssangyong-xiv-2-concept-car\/#article","isPartOf":{"@id":"https:\/\/www.carideal.com\/blog\/2012\/04\/26\/ssangyong-xiv-2-concept-car\/"},"author":{"name":"N.S Carideal","@id":"https:\/\/www.carideal.com\/blog\/#\/schema\/person\/985c7e757d1042d647f21bfaf8d41ebc"},"headline":"SSANGYONG XIV-2 concept car","datePublished":"2012-04-26T17:43:00+00:00","dateModified":"2019-02-13T17:11:44+00:00","mainEntityOfPage":{"@id":"https:\/\/www.carideal.com\/blog\/2012\/04\/26\/ssangyong-xiv-2-concept-car\/"},"wordCount":82,"commentCount":0,"publisher":{"@id":"https:\/\/www.carideal.com\/blog\/#organization"},"keywords":["Suv Urbain"],"articleSection":["Actualit\u00e9 Constructeur automobile","Actualit\u00e9 Ssangyong","Concept car","Type de v\u00e9hicule"],"inLanguage":"fr-FR","potentialAction":[{"@type":"CommentAction","name":"Comment","target":["https:\/\/www.carideal.com\/blog\/2012\/04\/26\/ssangyong-xiv-2-concept-car\/#respond"]}]},{"@type":"WebPage","@id":"https:\/\/www.carideal.com\/blog\/2012\/04\/26\/ssangyong-xiv-2-concept-car\/","url":"https:\/\/www.carideal.com\/blog\/2012\/04\/26\/ssangyong-xiv-2-concept-car\/","name":"SSANGYONG XIV-2 concept car - Blog auto Carid\u00e9al","isPartOf":{"@id":"https:\/\/www.carideal.com\/blog\/#website"},"datePublished":"2012-04-26T17:43:00+00:00","dateModified":"2019-02-13T17:11:44+00:00","breadcrumb":{"@id":"https:\/\/www.carideal.com\/blog\/2012\/04\/26\/ssangyong-xiv-2-concept-car\/#breadcrumb"},"inLanguage":"fr-FR","potentialAction":[{"@type":"ReadAction","target":["https:\/\/www.carideal.com\/blog\/2012\/04\/26\/ssangyong-xiv-2-concept-car\/"]}]},{"@type":"BreadcrumbList","@id":"https:\/\/www.carideal.com\/blog\/2012\/04\/26\/ssangyong-xiv-2-concept-car\/#breadcrumb","itemListElement":[{"@type":"ListItem","position":1,"name":"Blog Carid\u00e9al","item":"https:\/\/www.carideal.com\/blog\/"},{"@type":"ListItem","position":2,"name":"Actualit\u00e9 constructeur automobile","item":"https:\/\/www.carideal.com\/blog\/constructeur\/"},{"@type":"ListItem","position":3,"name":"Actualit\u00e9 Ssangyong","item":"https:\/\/www.carideal.com\/blog\/constructeur\/actualite-ssangyong\/"},{"@type":"ListItem","position":4,"name":"SSANGYONG XIV-2 concept car"}]},{"@type":"WebSite","@id":"https:\/\/www.carideal.com\/blog\/#website","url":"https:\/\/www.carideal.com\/blog\/","name":"Blog auto Carid\u00e9al","description":"Actualit\u00e9 auto par des passionn\u00e9s","publisher":{"@id":"https:\/\/www.carideal.com\/blog\/#organization"},"potentialAction":[{"@type":"SearchAction","target":{"@type":"EntryPoint","urlTemplate":"https:\/\/www.carideal.com\/blog\/?s={search_term_string}"},"query-input":{"@type":"PropertyValueSpecification","valueRequired":true,"valueName":"search_term_string"}}],"inLanguage":"fr-FR"},{"@type":"Organization","@id":"https:\/\/www.carideal.com\/blog\/#organization","name":"Carideal","url":"https:\/\/www.carideal.com\/blog\/","logo":{"@type":"ImageObject","inLanguage":"fr-FR","@id":"https:\/\/www.carideal.com\/blog\/#\/schema\/logo\/image\/","url":"http:\/\/www.carideal.com\/blog\/wp-content\/uploads\/2016\/03\/logo-carideal-mandataire-automobile.png","contentUrl":"http:\/\/www.carideal.com\/blog\/wp-content\/uploads\/2016\/03\/logo-carideal-mandataire-automobile.png","width":300,"height":300,"caption":"Carideal"},"image":{"@id":"https:\/\/www.carideal.com\/blog\/#\/schema\/logo\/image\/"},"sameAs":["https:\/\/www.facebook.com\/Carideal.mandataire.automobile","https:\/\/x.com\/caridealauto","https:\/\/www.instagram.com\/carideal1\/","https:\/\/www.linkedin.com\/company\/carideal.com","https:\/\/fr.pinterest.com\/schiavonsas\/","https:\/\/www.youtube.com\/user\/caridealsas"]},{"@type":"Person","@id":"https:\/\/www.carideal.com\/blog\/#\/schema\/person\/985c7e757d1042d647f21bfaf8d41ebc","name":"N.S Carideal","image":{"@type":"ImageObject","inLanguage":"fr-FR","@id":"https:\/\/www.carideal.com\/blog\/#\/schema\/person\/image\/","url":"https:\/\/secure.gravatar.com\/avatar\/edb7ccdf1a4e3d14aef967760d354d0e?s=96&r=g","contentUrl":"https:\/\/secure.gravatar.com\/avatar\/edb7ccdf1a4e3d14aef967760d354d0e?s=96&r=g","caption":"N.S Carideal"},"description":"Depuis tout petit fan d'automobile. Il est question d'essayer et de comparer toutes ces voitures qui nous ont fait r\u00e9ver, avant que celles-ci ne devient uniquement des voitures de collection.","sameAs":["http:\/\/www.carideal.com\/blog","https:\/\/www.facebook.com\/Carideal.mandataire.automobile\/","https:\/\/www.linkedin.com\/in\/nschiavon\/","https:\/\/www.youtube.com\/user\/caridealsas\/"],"url":"https:\/\/www.carideal.com\/blog\/author\/admin_carideal\/"}]}},"uagb_featured_image_src":{"full":false,"thumbnail":false,"medium":false,"medium_large":false,"large":false,"1536x1536":false,"2048x2048":false,"wppr-widget":false},"uagb_author_info":{"display_name":"N.S Carideal","author_link":"https:\/\/www.carideal.com\/blog\/author\/admin_carideal\/"},"uagb_comment_info":0,"uagb_excerpt":"Un style r\u00e9ussi pour ce petit SUV SSANGYONG le XIV-2 Ce concept car XIV-2 pr\u00e9figure un futur petit v\u00e9hicule de loisirs compact qui devrait voir le jour sous le Korando de 4.41m. Pour cela Le constructeur SSANGYONG d\u00e9veloppe une plateforme sp\u00e9cifique et il devrait recevoir des moteur de type L4 1.6 aussi bien en essence\u2026","_links":{"self":[{"href":"https:\/\/www.carideal.com\/blog\/wp-json\/wp\/v2\/posts\/1091"}],"collection":[{"href":"https:\/\/www.carideal.com\/blog\/wp-json\/wp\/v2\/posts"}],"about":[{"href":"https:\/\/www.carideal.com\/blog\/wp-json\/wp\/v2\/types\/post"}],"author":[{"embeddable":true,"href":"https:\/\/www.carideal.com\/blog\/wp-json\/wp\/v2\/users\/1"}],"replies":[{"embeddable":true,"href":"https:\/\/www.carideal.com\/blog\/wp-json\/wp\/v2\/comments?post=1091"}],"version-history":[{"count":0,"href":"https:\/\/www.carideal.com\/blog\/wp-json\/wp\/v2\/posts\/1091\/revisions"}],"wp:attachment":[{"href":"https:\/\/www.carideal.com\/blog\/wp-json\/wp\/v2\/media?parent=1091"}],"wp:term":[{"taxonomy":"category","embeddable":true,"href":"https:\/\/www.carideal.com\/blog\/wp-json\/wp\/v2\/categories?post=1091"},{"taxonomy":"post_tag","embeddable":true,"href":"https:\/\/www.carideal.com\/blog\/wp-json\/wp\/v2\/tags?post=1091"}],"curies":[{"name":"wp","href":"https:\/\/api.w.org\/{rel}","templated":true}]}}