{"id":1089,"date":"2012-04-24T18:09:00","date_gmt":"2012-04-24T18:09:00","guid":{"rendered":"http:\/\/carideal.com\/blog\/?p=1089"},"modified":"2020-03-07T16:33:10","modified_gmt":"2020-03-07T15:33:10","slug":"video-lamborghini-4x4-urus","status":"publish","type":"post","link":"https:\/\/www.carideal.com\/blog\/2012\/04\/24\/video-lamborghini-4x4-urus\/","title":{"rendered":"Video Lamborghini 4&#215;4 URUS"},"content":{"rendered":"<h1><strong>Video Lamborghini 4x4 URUS au Salon de\u00a0P\u00e9kin<\/strong><\/h1>\n<p><span style=\"text-decoration: underline;\">Lamborghini<\/span> a pr\u00e9sent\u00e9 au salon de Pekin en Chine son concept car de SUV 4x4 ultra sportif de 600 ch et 5 m de long pour seulement 1.66m de haut, nomm\u00e9 <span style=\"text-decoration: underline;\"><a href=\"http:\/\/www.carideal.com\/blog\/2012\/11\/19\/lamborghini-urus\/\">URUS<\/a><\/span>. (<strong>Video Lamborghini 4x4 Urus<\/strong> ci-apr\u00e8s)<\/p>\n<figure style=\"width: 438px\" class=\"wp-caption alignnone\"><img loading=\"lazy\" decoding=\"async\" title=\"Video Lamborghini 4x4 urus\" src=\"\/blog\/public\/.Lamborghini-urus-carideal-mandataire-auto_m.jpg\" alt=\"Video Lamborghini 4x4 urus\" width=\"448\" height=\"297\" \/><figcaption class=\"wp-caption-text\">Video Lamborghini 4x4 urus<\/figcaption><\/figure>\n<blockquote><p>Lamborghini 4x4 URUS<\/p><\/blockquote>\n<p>Lamborghini pr\u00e9sente partout, dans tous les salons automobiles, son futur SUV sportif, le concept car Urus. Mais le constructeur au taureau italien ne nous donne pas toutes les informations. Au lancement officiel du Lamborghini Urus au salon de P\u00e9kin 2012, on nous annonce 600 ch. Mais motoris\u00e9 comment ? On ne sait pas.<\/p>\n<h2>Pas d'information sur le moteur du Lamborghini Urus<\/h2>\n<p>On est tous un peut frustr\u00e9. Lamborghini n'a lach\u00e9 aucune information sur la motorisation de son 4x4 sportif URUS. Rien ne transparait dans la vid\u00e9o du 4x4 URUS. Lamborghini nous rassure juste en nous informant que le <strong>4x4 URUS disposera de 600 ch<\/strong> environ et sera con\u00e7u avec des mat\u00e9riaux ultra l\u00e9gers. Lamborghini nous explique le choix du nom URUS qui provient de Aurochs, l'anc\u00eatre des taureaux espagnols dont on voit des repr\u00e9sentations dans les grottes orn\u00e9es du sud-ouest.<\/p>\n<p>On se souvient du fantastique 4x4 Lamborghini dont il est le descendant, le LM002 au V12 de 450 ch. L'Urus mesure 4,99m de long et est plus grand qu'un <span style=\"text-decoration: underline;\">BMW X6<\/span> et offre 4 places et un coffre spacieux. Il sera Haut de 1,66m et large de 1,99m ce qui lui fait une silhouette ramass\u00e9e et trapue. Il est impressionnant, voir intimidant on ressent la puissance en le regardant, mais Lamborghini veut nous rassurer en voulant soigner les rejets CO2 de son 4x4, afin d'en faire un exemple.<\/p>\n<p>L'Urus sera au m\u00eame niveau \u00e9cologique que la\u00a0concurrence, et a donc travaill\u00e9 sur les mat\u00e9riaux, tel le carbone, afin de contenir son poids et qu'il soit le plus l\u00e9ger de ses concurrents. On retrouvera du carbone dans la plateforme technique et la carrosserie, mais pas uniquement. L'Urus utilisera un nouveau mat\u00e9riau,\u00a0<span style=\"text-decoration: underline;\"><a href=\"https:\/\/en.wikipedia.org\/wiki\/Forged_composite\" target=\"_blank\" rel=\"noopener noreferrer\">Forged Composite<\/a><\/span>, pour la cr\u00e9ation de son habitacle et des si\u00e8ges.<\/p>\n<p>En visionnant la Vid\u00e9o du Lamborghini 4x4 Urus on peut prendre connaissance de son \u00e9quipement : Feux \u00e0 leds, jantes de 24'', \u00e9crans TFT, cam\u00e9ras de r\u00e9trovision, l'Urus poss\u00e8de aussi un volant multifonctions qui permet de supprimer tous les commodos classiques. Pour information les cam\u00e9ras de r\u00e9trovision sont encore interdites en europe.<\/p>\n<p>&nbsp;<\/p>\n<p><iframe loading=\"lazy\" src=\"http:\/\/www.youtube.com\/embed\/Zi5A0SRNFiw\" width=\"640\" height=\"360\" frameborder=\"0\" allowfullscreen=\"allowfullscreen\"><\/iframe><\/p>\n<h2>Vid\u00e9o de la conf\u00e9rence de presse du lancement du Lamborghini Urus \u00e0 P\u00e9kin<\/h2>\n<p><iframe loading=\"lazy\" src=\"https:\/\/www.youtube.com\/embed\/MN2p6zKbEhk\" width=\"560\" height=\"315\" frameborder=\"0\" allowfullscreen=\"allowfullscreen\"><\/iframe><\/p>\n<h2>Video Lamborghini 4x4 Urus au salon de Gen\u00e8ve<\/h2>\n<p>Le Pr\u00e9sident de Lamborghini, Stephan Winkelmann, lance la nouvelle Lamborghini Urus lors de la nuit du\u00a0Groupe Volkswagen \u00e0 Beijing, Chine, le 22 Avril, 2012.<\/p>\n<p><iframe loading=\"lazy\" src=\"https:\/\/www.youtube.com\/embed\/fdRXli9V5FU\" width=\"560\" height=\"315\" frameborder=\"0\" allowfullscreen=\"allowfullscreen\"><\/iframe><\/p>\n","protected":false},"excerpt":{"rendered":"<p>Video Lamborghini 4&#215;4 URUS au Salon de\u00a0P\u00e9kin Lamborghini a pr\u00e9sent\u00e9 au salon de Pekin en Chine son concept car de SUV 4&#215;4 ultra sportif de 600 ch et 5 m de long pour seulement 1.66m de haut, nomm\u00e9 URUS. (Video Lamborghini 4&#215;4 Urus ci-apr\u00e8s) Lamborghini 4&#215;4 URUS Lamborghini pr\u00e9sente partout, dans tous les salons automobiles, &#8230; <a title=\"Video Lamborghini 4&#215;4 URUS\" class=\"read-more\" href=\"https:\/\/www.carideal.com\/blog\/2012\/04\/24\/video-lamborghini-4x4-urus\/\" aria-label=\"En savoir plus sur Video Lamborghini 4&#215;4 URUS\">Lire plus<\/a><\/p>\n","protected":false},"author":1,"featured_media":0,"comment_status":"open","ping_status":"open","sticky":false,"template":"","format":"standard","meta":{"_uag_custom_page_level_css":"","_themeisle_gutenberg_block_has_review":false,"footnotes":""},"categories":[2,21,5944,6170,5975,9,5994,10,5972,5973,6010,5974,18],"tags":[],"class_list":["post-1089","post","type-post","status-publish","format-standard","hentry","category-4x4-suv","category-actualites-auto","category-constructeur","category-actualite-lamborghini","category-concept-car","category-divers","category-fun","category-marche-automobile-voiture-neuve-occasion-4x4-suv","category-salons","category-salon-de-pekin","category-suv","category-type-de-vehicule","category-videos"],"wppr_data":[],"yoast_head":"<!-- This site is optimized with the Yoast SEO plugin v24.8.1 - https:\/\/yoast.com\/wordpress\/plugins\/seo\/ -->\n<title>Video Lamborghini 4x4 URUS - Blog auto Carid\u00e9al<\/title>\n<meta name=\"description\" content=\"Video Lamborghini 4x4 Urus pr\u00e9sent\u00e9 au salon de Pekin. Un SUV 4x4 ultra sportif de 600 ch et 5 m de long pour seulement 1.66m de haut, nomm\u00e9 URUS.\" \/>\n<meta name=\"robots\" content=\"index, follow, max-snippet:-1, max-image-preview:large, max-video-preview:-1\" \/>\n<link rel=\"canonical\" href=\"https:\/\/www.carideal.com\/blog\/2012\/04\/24\/video-lamborghini-4x4-urus\/\" \/>\n<meta property=\"og:locale\" content=\"fr_FR\" \/>\n<meta property=\"og:type\" content=\"article\" \/>\n<meta property=\"og:title\" content=\"Video Lamborghini 4x4 URUS - Blog auto Carid\u00e9al\" \/>\n<meta property=\"og:description\" content=\"Video Lamborghini 4x4 Urus pr\u00e9sent\u00e9 au salon de Pekin. Un SUV 4x4 ultra sportif de 600 ch et 5 m de long pour seulement 1.66m de haut, nomm\u00e9 URUS.\" \/>\n<meta property=\"og:url\" content=\"https:\/\/www.carideal.com\/blog\/2012\/04\/24\/video-lamborghini-4x4-urus\/\" \/>\n<meta property=\"og:site_name\" content=\"Blog auto Carid\u00e9al\" \/>\n<meta property=\"article:publisher\" content=\"https:\/\/www.facebook.com\/Carideal.mandataire.automobile\" \/>\n<meta property=\"article:author\" content=\"https:\/\/www.facebook.com\/Carideal.mandataire.automobile\/\" \/>\n<meta property=\"article:published_time\" content=\"2012-04-24T18:09:00+00:00\" \/>\n<meta property=\"article:modified_time\" content=\"2020-03-07T15:33:10+00:00\" \/>\n<meta property=\"og:image\" content=\"https:\/\/www.carideal.com\/blog\/wp-content\/uploads\/2016\/03\/logo-carideal-mandataire-automobile.png\" \/>\n\t<meta property=\"og:image:width\" content=\"300\" \/>\n\t<meta property=\"og:image:height\" content=\"300\" \/>\n\t<meta property=\"og:image:type\" content=\"image\/png\" \/>\n<meta name=\"author\" content=\"N.S Carideal\" \/>\n<meta name=\"twitter:card\" content=\"summary_large_image\" \/>\n<meta name=\"twitter:creator\" content=\"@caridealauto\" \/>\n<meta name=\"twitter:site\" content=\"@caridealauto\" \/>\n<meta name=\"twitter:label1\" content=\"\u00c9crit par\" \/>\n\t<meta name=\"twitter:data1\" content=\"N.S Carideal\" \/>\n\t<meta name=\"twitter:label2\" content=\"Dur\u00e9e de lecture estim\u00e9e\" \/>\n\t<meta name=\"twitter:data2\" content=\"2 minutes\" \/>\n<script type=\"application\/ld+json\" class=\"yoast-schema-graph\">{\"@context\":\"https:\/\/schema.org\",\"@graph\":[{\"@type\":\"Article\",\"@id\":\"https:\/\/www.carideal.com\/blog\/2012\/04\/24\/video-lamborghini-4x4-urus\/#article\",\"isPartOf\":{\"@id\":\"https:\/\/www.carideal.com\/blog\/2012\/04\/24\/video-lamborghini-4x4-urus\/\"},\"author\":{\"name\":\"N.S Carideal\",\"@id\":\"https:\/\/www.carideal.com\/blog\/#\/schema\/person\/985c7e757d1042d647f21bfaf8d41ebc\"},\"headline\":\"Video Lamborghini 4&#215;4 URUS\",\"datePublished\":\"2012-04-24T18:09:00+00:00\",\"dateModified\":\"2020-03-07T15:33:10+00:00\",\"mainEntityOfPage\":{\"@id\":\"https:\/\/www.carideal.com\/blog\/2012\/04\/24\/video-lamborghini-4x4-urus\/\"},\"wordCount\":468,\"commentCount\":0,\"publisher\":{\"@id\":\"https:\/\/www.carideal.com\/blog\/#organization\"},\"articleSection\":[\"4X4 Actualit\u00e9\",\"Actualit\u00e9 automobile\",\"Actualit\u00e9 Constructeur automobile\",\"Actualit\u00e9 Lamborghini\",\"Concept car\",\"Divers\",\"Fun\",\"March\u00e9 automobile\",\"Salon automobile\",\"Salon de P\u00e9kin\",\"SUV\",\"Type de v\u00e9hicule\",\"Vid\u00e9o voiture : vid\u00e9o automobile\"],\"inLanguage\":\"fr-FR\",\"potentialAction\":[{\"@type\":\"CommentAction\",\"name\":\"Comment\",\"target\":[\"https:\/\/www.carideal.com\/blog\/2012\/04\/24\/video-lamborghini-4x4-urus\/#respond\"]}]},{\"@type\":\"WebPage\",\"@id\":\"https:\/\/www.carideal.com\/blog\/2012\/04\/24\/video-lamborghini-4x4-urus\/\",\"url\":\"https:\/\/www.carideal.com\/blog\/2012\/04\/24\/video-lamborghini-4x4-urus\/\",\"name\":\"Video Lamborghini 4x4 URUS - Blog auto Carid\u00e9al\",\"isPartOf\":{\"@id\":\"https:\/\/www.carideal.com\/blog\/#website\"},\"datePublished\":\"2012-04-24T18:09:00+00:00\",\"dateModified\":\"2020-03-07T15:33:10+00:00\",\"description\":\"Video Lamborghini 4x4 Urus pr\u00e9sent\u00e9 au salon de Pekin. Un SUV 4x4 ultra sportif de 600 ch et 5 m de long pour seulement 1.66m de haut, nomm\u00e9 URUS.\",\"breadcrumb\":{\"@id\":\"https:\/\/www.carideal.com\/blog\/2012\/04\/24\/video-lamborghini-4x4-urus\/#breadcrumb\"},\"inLanguage\":\"fr-FR\",\"potentialAction\":[{\"@type\":\"ReadAction\",\"target\":[\"https:\/\/www.carideal.com\/blog\/2012\/04\/24\/video-lamborghini-4x4-urus\/\"]}]},{\"@type\":\"BreadcrumbList\",\"@id\":\"https:\/\/www.carideal.com\/blog\/2012\/04\/24\/video-lamborghini-4x4-urus\/#breadcrumb\",\"itemListElement\":[{\"@type\":\"ListItem\",\"position\":1,\"name\":\"Blog Carid\u00e9al\",\"item\":\"https:\/\/www.carideal.com\/blog\/\"},{\"@type\":\"ListItem\",\"position\":2,\"name\":\"March\u00e9 automobile\",\"item\":\"https:\/\/www.carideal.com\/blog\/marche-automobile-voiture-neuve-occasion-4x4-suv\/\"},{\"@type\":\"ListItem\",\"position\":3,\"name\":\"Video Lamborghini 4&#215;4 URUS\"}]},{\"@type\":\"WebSite\",\"@id\":\"https:\/\/www.carideal.com\/blog\/#website\",\"url\":\"https:\/\/www.carideal.com\/blog\/\",\"name\":\"Blog auto Carid\u00e9al\",\"description\":\"Actualit\u00e9 auto par des passionn\u00e9s\",\"publisher\":{\"@id\":\"https:\/\/www.carideal.com\/blog\/#organization\"},\"potentialAction\":[{\"@type\":\"SearchAction\",\"target\":{\"@type\":\"EntryPoint\",\"urlTemplate\":\"https:\/\/www.carideal.com\/blog\/?s={search_term_string}\"},\"query-input\":{\"@type\":\"PropertyValueSpecification\",\"valueRequired\":true,\"valueName\":\"search_term_string\"}}],\"inLanguage\":\"fr-FR\"},{\"@type\":\"Organization\",\"@id\":\"https:\/\/www.carideal.com\/blog\/#organization\",\"name\":\"Carideal\",\"url\":\"https:\/\/www.carideal.com\/blog\/\",\"logo\":{\"@type\":\"ImageObject\",\"inLanguage\":\"fr-FR\",\"@id\":\"https:\/\/www.carideal.com\/blog\/#\/schema\/logo\/image\/\",\"url\":\"http:\/\/www.carideal.com\/blog\/wp-content\/uploads\/2016\/03\/logo-carideal-mandataire-automobile.png\",\"contentUrl\":\"http:\/\/www.carideal.com\/blog\/wp-content\/uploads\/2016\/03\/logo-carideal-mandataire-automobile.png\",\"width\":300,\"height\":300,\"caption\":\"Carideal\"},\"image\":{\"@id\":\"https:\/\/www.carideal.com\/blog\/#\/schema\/logo\/image\/\"},\"sameAs\":[\"https:\/\/www.facebook.com\/Carideal.mandataire.automobile\",\"https:\/\/x.com\/caridealauto\",\"https:\/\/www.instagram.com\/carideal1\/\",\"https:\/\/www.linkedin.com\/company\/carideal.com\",\"https:\/\/fr.pinterest.com\/schiavonsas\/\",\"https:\/\/www.youtube.com\/user\/caridealsas\"]},{\"@type\":\"Person\",\"@id\":\"https:\/\/www.carideal.com\/blog\/#\/schema\/person\/985c7e757d1042d647f21bfaf8d41ebc\",\"name\":\"N.S Carideal\",\"image\":{\"@type\":\"ImageObject\",\"inLanguage\":\"fr-FR\",\"@id\":\"https:\/\/www.carideal.com\/blog\/#\/schema\/person\/image\/\",\"url\":\"https:\/\/secure.gravatar.com\/avatar\/edb7ccdf1a4e3d14aef967760d354d0e?s=96&r=g\",\"contentUrl\":\"https:\/\/secure.gravatar.com\/avatar\/edb7ccdf1a4e3d14aef967760d354d0e?s=96&r=g\",\"caption\":\"N.S Carideal\"},\"description\":\"Depuis tout petit fan d'automobile. Il est question d'essayer et de comparer toutes ces voitures qui nous ont fait r\u00e9ver, avant que celles-ci ne devient uniquement des voitures de collection.\",\"sameAs\":[\"http:\/\/www.carideal.com\/blog\",\"https:\/\/www.facebook.com\/Carideal.mandataire.automobile\/\",\"https:\/\/www.linkedin.com\/in\/nschiavon\/\",\"https:\/\/www.youtube.com\/user\/caridealsas\/\"],\"url\":\"https:\/\/www.carideal.com\/blog\/author\/admin_carideal\/\"}]}<\/script>\n<!-- \/ Yoast SEO plugin. -->","yoast_head_json":{"title":"Video Lamborghini 4x4 URUS - Blog auto Carid\u00e9al","description":"Video Lamborghini 4x4 Urus pr\u00e9sent\u00e9 au salon de Pekin. Un SUV 4x4 ultra sportif de 600 ch et 5 m de long pour seulement 1.66m de haut, nomm\u00e9 URUS.","robots":{"index":"index","follow":"follow","max-snippet":"max-snippet:-1","max-image-preview":"max-image-preview:large","max-video-preview":"max-video-preview:-1"},"canonical":"https:\/\/www.carideal.com\/blog\/2012\/04\/24\/video-lamborghini-4x4-urus\/","og_locale":"fr_FR","og_type":"article","og_title":"Video Lamborghini 4x4 URUS - Blog auto Carid\u00e9al","og_description":"Video Lamborghini 4x4 Urus pr\u00e9sent\u00e9 au salon de Pekin. Un SUV 4x4 ultra sportif de 600 ch et 5 m de long pour seulement 1.66m de haut, nomm\u00e9 URUS.","og_url":"https:\/\/www.carideal.com\/blog\/2012\/04\/24\/video-lamborghini-4x4-urus\/","og_site_name":"Blog auto Carid\u00e9al","article_publisher":"https:\/\/www.facebook.com\/Carideal.mandataire.automobile","article_author":"https:\/\/www.facebook.com\/Carideal.mandataire.automobile\/","article_published_time":"2012-04-24T18:09:00+00:00","article_modified_time":"2020-03-07T15:33:10+00:00","og_image":[{"width":300,"height":300,"url":"https:\/\/www.carideal.com\/blog\/wp-content\/uploads\/2016\/03\/logo-carideal-mandataire-automobile.png","type":"image\/png"}],"author":"N.S Carideal","twitter_card":"summary_large_image","twitter_creator":"@caridealauto","twitter_site":"@caridealauto","twitter_misc":{"\u00c9crit par":"N.S Carideal","Dur\u00e9e de lecture estim\u00e9e":"2 minutes"},"schema":{"@context":"https:\/\/schema.org","@graph":[{"@type":"Article","@id":"https:\/\/www.carideal.com\/blog\/2012\/04\/24\/video-lamborghini-4x4-urus\/#article","isPartOf":{"@id":"https:\/\/www.carideal.com\/blog\/2012\/04\/24\/video-lamborghini-4x4-urus\/"},"author":{"name":"N.S Carideal","@id":"https:\/\/www.carideal.com\/blog\/#\/schema\/person\/985c7e757d1042d647f21bfaf8d41ebc"},"headline":"Video Lamborghini 4&#215;4 URUS","datePublished":"2012-04-24T18:09:00+00:00","dateModified":"2020-03-07T15:33:10+00:00","mainEntityOfPage":{"@id":"https:\/\/www.carideal.com\/blog\/2012\/04\/24\/video-lamborghini-4x4-urus\/"},"wordCount":468,"commentCount":0,"publisher":{"@id":"https:\/\/www.carideal.com\/blog\/#organization"},"articleSection":["4X4 Actualit\u00e9","Actualit\u00e9 automobile","Actualit\u00e9 Constructeur automobile","Actualit\u00e9 Lamborghini","Concept car","Divers","Fun","March\u00e9 automobile","Salon automobile","Salon de P\u00e9kin","SUV","Type de v\u00e9hicule","Vid\u00e9o voiture : vid\u00e9o automobile"],"inLanguage":"fr-FR","potentialAction":[{"@type":"CommentAction","name":"Comment","target":["https:\/\/www.carideal.com\/blog\/2012\/04\/24\/video-lamborghini-4x4-urus\/#respond"]}]},{"@type":"WebPage","@id":"https:\/\/www.carideal.com\/blog\/2012\/04\/24\/video-lamborghini-4x4-urus\/","url":"https:\/\/www.carideal.com\/blog\/2012\/04\/24\/video-lamborghini-4x4-urus\/","name":"Video Lamborghini 4x4 URUS - Blog auto Carid\u00e9al","isPartOf":{"@id":"https:\/\/www.carideal.com\/blog\/#website"},"datePublished":"2012-04-24T18:09:00+00:00","dateModified":"2020-03-07T15:33:10+00:00","description":"Video Lamborghini 4x4 Urus pr\u00e9sent\u00e9 au salon de Pekin. Un SUV 4x4 ultra sportif de 600 ch et 5 m de long pour seulement 1.66m de haut, nomm\u00e9 URUS.","breadcrumb":{"@id":"https:\/\/www.carideal.com\/blog\/2012\/04\/24\/video-lamborghini-4x4-urus\/#breadcrumb"},"inLanguage":"fr-FR","potentialAction":[{"@type":"ReadAction","target":["https:\/\/www.carideal.com\/blog\/2012\/04\/24\/video-lamborghini-4x4-urus\/"]}]},{"@type":"BreadcrumbList","@id":"https:\/\/www.carideal.com\/blog\/2012\/04\/24\/video-lamborghini-4x4-urus\/#breadcrumb","itemListElement":[{"@type":"ListItem","position":1,"name":"Blog Carid\u00e9al","item":"https:\/\/www.carideal.com\/blog\/"},{"@type":"ListItem","position":2,"name":"March\u00e9 automobile","item":"https:\/\/www.carideal.com\/blog\/marche-automobile-voiture-neuve-occasion-4x4-suv\/"},{"@type":"ListItem","position":3,"name":"Video Lamborghini 4&#215;4 URUS"}]},{"@type":"WebSite","@id":"https:\/\/www.carideal.com\/blog\/#website","url":"https:\/\/www.carideal.com\/blog\/","name":"Blog auto Carid\u00e9al","description":"Actualit\u00e9 auto par des passionn\u00e9s","publisher":{"@id":"https:\/\/www.carideal.com\/blog\/#organization"},"potentialAction":[{"@type":"SearchAction","target":{"@type":"EntryPoint","urlTemplate":"https:\/\/www.carideal.com\/blog\/?s={search_term_string}"},"query-input":{"@type":"PropertyValueSpecification","valueRequired":true,"valueName":"search_term_string"}}],"inLanguage":"fr-FR"},{"@type":"Organization","@id":"https:\/\/www.carideal.com\/blog\/#organization","name":"Carideal","url":"https:\/\/www.carideal.com\/blog\/","logo":{"@type":"ImageObject","inLanguage":"fr-FR","@id":"https:\/\/www.carideal.com\/blog\/#\/schema\/logo\/image\/","url":"http:\/\/www.carideal.com\/blog\/wp-content\/uploads\/2016\/03\/logo-carideal-mandataire-automobile.png","contentUrl":"http:\/\/www.carideal.com\/blog\/wp-content\/uploads\/2016\/03\/logo-carideal-mandataire-automobile.png","width":300,"height":300,"caption":"Carideal"},"image":{"@id":"https:\/\/www.carideal.com\/blog\/#\/schema\/logo\/image\/"},"sameAs":["https:\/\/www.facebook.com\/Carideal.mandataire.automobile","https:\/\/x.com\/caridealauto","https:\/\/www.instagram.com\/carideal1\/","https:\/\/www.linkedin.com\/company\/carideal.com","https:\/\/fr.pinterest.com\/schiavonsas\/","https:\/\/www.youtube.com\/user\/caridealsas"]},{"@type":"Person","@id":"https:\/\/www.carideal.com\/blog\/#\/schema\/person\/985c7e757d1042d647f21bfaf8d41ebc","name":"N.S Carideal","image":{"@type":"ImageObject","inLanguage":"fr-FR","@id":"https:\/\/www.carideal.com\/blog\/#\/schema\/person\/image\/","url":"https:\/\/secure.gravatar.com\/avatar\/edb7ccdf1a4e3d14aef967760d354d0e?s=96&r=g","contentUrl":"https:\/\/secure.gravatar.com\/avatar\/edb7ccdf1a4e3d14aef967760d354d0e?s=96&r=g","caption":"N.S Carideal"},"description":"Depuis tout petit fan d'automobile. Il est question d'essayer et de comparer toutes ces voitures qui nous ont fait r\u00e9ver, avant que celles-ci ne devient uniquement des voitures de collection.","sameAs":["http:\/\/www.carideal.com\/blog","https:\/\/www.facebook.com\/Carideal.mandataire.automobile\/","https:\/\/www.linkedin.com\/in\/nschiavon\/","https:\/\/www.youtube.com\/user\/caridealsas\/"],"url":"https:\/\/www.carideal.com\/blog\/author\/admin_carideal\/"}]}},"uagb_featured_image_src":{"full":false,"thumbnail":false,"medium":false,"medium_large":false,"large":false,"1536x1536":false,"2048x2048":false,"wppr-widget":false},"uagb_author_info":{"display_name":"N.S Carideal","author_link":"https:\/\/www.carideal.com\/blog\/author\/admin_carideal\/"},"uagb_comment_info":0,"uagb_excerpt":"Video Lamborghini 4x4 URUS au Salon de\u00a0P\u00e9kin Lamborghini a pr\u00e9sent\u00e9 au salon de Pekin en Chine son concept car de SUV 4x4 ultra sportif de 600 ch et 5 m de long pour seulement 1.66m de haut, nomm\u00e9 URUS. (Video Lamborghini 4x4 Urus ci-apr\u00e8s) Lamborghini 4x4 URUS Lamborghini pr\u00e9sente partout, dans tous les salons automobiles,\u2026","_links":{"self":[{"href":"https:\/\/www.carideal.com\/blog\/wp-json\/wp\/v2\/posts\/1089"}],"collection":[{"href":"https:\/\/www.carideal.com\/blog\/wp-json\/wp\/v2\/posts"}],"about":[{"href":"https:\/\/www.carideal.com\/blog\/wp-json\/wp\/v2\/types\/post"}],"author":[{"embeddable":true,"href":"https:\/\/www.carideal.com\/blog\/wp-json\/wp\/v2\/users\/1"}],"replies":[{"embeddable":true,"href":"https:\/\/www.carideal.com\/blog\/wp-json\/wp\/v2\/comments?post=1089"}],"version-history":[{"count":0,"href":"https:\/\/www.carideal.com\/blog\/wp-json\/wp\/v2\/posts\/1089\/revisions"}],"wp:attachment":[{"href":"https:\/\/www.carideal.com\/blog\/wp-json\/wp\/v2\/media?parent=1089"}],"wp:term":[{"taxonomy":"category","embeddable":true,"href":"https:\/\/www.carideal.com\/blog\/wp-json\/wp\/v2\/categories?post=1089"},{"taxonomy":"post_tag","embeddable":true,"href":"https:\/\/www.carideal.com\/blog\/wp-json\/wp\/v2\/tags?post=1089"}],"curies":[{"name":"wp","href":"https:\/\/api.w.org\/{rel}","templated":true}]}}