{"id":1065,"date":"2012-03-29T12:06:00","date_gmt":"2012-03-29T12:06:00","guid":{"rendered":"http:\/\/carideal.com\/blog\/?p=1065"},"modified":"2024-03-29T19:07:51","modified_gmt":"2024-03-29T18:07:51","slug":"mercedes-sl-63-amg","status":"publish","type":"post","link":"https:\/\/www.carideal.com\/blog\/2012\/03\/29\/mercedes-sl-63-amg\/","title":{"rendered":"MERCEDES SL 63 AMG 2012"},"content":{"rendered":"\n<h2 class=\"wp-block-heading\" id=\"h-nouvelle-mercedes-sl-63-amg-2012\">Nouvelle Mercedes SL 63 AMG 2012<\/h2>\n\n\n\n<p>Cette version <strong>AMG de la SL est la 63 AMG<\/strong> bas\u00e9 sur le moteur V8 de 537 ch qui \u00e9quip\u00e9 du pack performance atteint 564 ch. Elle doit quand m\u00eame rester en de\u00e7\u00e0 des performances du SLS AMG Roadster de 571ch.<br>Cette <strong>Nouvelle Mercedes SL<\/strong> est construite en aluminium, ce qui lui permet de gagner 125kg sur la balance, mais affiche quand m\u00eame 1845 kg. Elle vous permettra d'atteindre 250 km\/h en vitesse de pointe brid\u00e9e, et d'abattre le 0 \u00e0 100 km\/h en 4.3 sec avec 537 ch et 4.2 sec avec 564 ch......<\/p>\n\n\n\n<p><iframe loading=\"lazy\" src=\"http:\/\/www.youtube.com\/embed\/PLSLV5ZoEpc\" width=\"640\" height=\"360\" frameborder=\"0\" allowfullscreen=\"allowfullscreen\"><\/iframe><\/p>\n","protected":false},"excerpt":{"rendered":"<p>Nouvelle Mercedes SL 63 AMG 2012 Cette version AMG de la SL est la 63 AMG bas\u00e9 sur le moteur V8 de 537 ch qui \u00e9quip\u00e9 du pack performance atteint 564 ch. Elle doit quand m\u00eame rester en de\u00e7\u00e0 des performances du SLS AMG Roadster de 571ch.Cette Nouvelle Mercedes SL est construite en aluminium, ce &#8230; <a title=\"MERCEDES SL 63 AMG 2012\" class=\"read-more\" href=\"https:\/\/www.carideal.com\/blog\/2012\/03\/29\/mercedes-sl-63-amg\/\" aria-label=\"En savoir plus sur MERCEDES SL 63 AMG 2012\">Lire plus<\/a><\/p>\n","protected":false},"author":1,"featured_media":17638,"comment_status":"open","ping_status":"open","sticky":false,"template":"","format":"standard","meta":{"_uag_custom_page_level_css":"","_themeisle_gutenberg_block_has_review":false,"footnotes":""},"categories":[5995,6187,6000],"tags":[622,6679,570,1244],"class_list":["post-1065","post","type-post","status-publish","format-standard","has-post-thumbnail","hentry","category-mercedes","category-actualite-mercedes-classe-s","category-supercar","tag-amg","tag-berline-sportive","tag-v8","tag-roadster"],"wppr_data":{"cwp_meta_box_check":"No"},"yoast_head":"<!-- This site is optimized with the Yoast SEO plugin v24.8.1 - https:\/\/yoast.com\/wordpress\/plugins\/seo\/ -->\n<title>MERCEDES SL 63 AMG 2012 - Blog auto Carid\u00e9al<\/title>\n<meta name=\"robots\" content=\"noindex, follow\" \/>\n<meta property=\"og:locale\" content=\"fr_FR\" \/>\n<meta property=\"og:type\" content=\"article\" \/>\n<meta property=\"og:title\" content=\"MERCEDES SL 63 AMG 2012 - Blog auto Carid\u00e9al\" \/>\n<meta property=\"og:description\" content=\"Nouvelle Mercedes SL 63 AMG 2012 Cette version AMG de la SL est la 63 AMG bas\u00e9 sur le moteur V8 de 537 ch qui \u00e9quip\u00e9 du pack performance atteint 564 ch. Elle doit quand m\u00eame rester en de\u00e7\u00e0 des performances du SLS AMG Roadster de 571ch.Cette Nouvelle Mercedes SL est construite en aluminium, ce ... Lire plus\" \/>\n<meta property=\"og:url\" content=\"https:\/\/www.carideal.com\/blog\/2012\/03\/29\/mercedes-sl-63-amg\/\" \/>\n<meta property=\"og:site_name\" content=\"Blog auto Carid\u00e9al\" \/>\n<meta property=\"article:publisher\" content=\"https:\/\/www.facebook.com\/Carideal.mandataire.automobile\" \/>\n<meta property=\"article:author\" content=\"https:\/\/www.facebook.com\/Carideal.mandataire.automobile\/\" \/>\n<meta property=\"article:published_time\" content=\"2012-03-29T12:06:00+00:00\" \/>\n<meta property=\"article:modified_time\" content=\"2024-03-29T18:07:51+00:00\" \/>\n<meta property=\"og:image\" content=\"https:\/\/www.carideal.com\/blog\/wp-content\/uploads\/2012\/03\/mercedes-sl63-carideal-mandataire-automobile_m.jpg\" \/>\n\t<meta property=\"og:image:width\" content=\"448\" \/>\n\t<meta property=\"og:image:height\" content=\"335\" \/>\n\t<meta property=\"og:image:type\" content=\"image\/jpeg\" \/>\n<meta name=\"author\" content=\"N.S Carideal\" \/>\n<meta name=\"twitter:card\" content=\"summary_large_image\" \/>\n<meta name=\"twitter:creator\" content=\"@caridealauto\" \/>\n<meta name=\"twitter:site\" content=\"@caridealauto\" \/>\n<meta name=\"twitter:label1\" content=\"\u00c9crit par\" \/>\n\t<meta name=\"twitter:data1\" content=\"N.S Carideal\" \/>\n\t<meta name=\"twitter:label2\" content=\"Dur\u00e9e de lecture estim\u00e9e\" \/>\n\t<meta name=\"twitter:data2\" content=\"1 minute\" \/>\n<script type=\"application\/ld+json\" class=\"yoast-schema-graph\">{\"@context\":\"https:\/\/schema.org\",\"@graph\":[{\"@type\":\"Article\",\"@id\":\"https:\/\/www.carideal.com\/blog\/2012\/03\/29\/mercedes-sl-63-amg\/#article\",\"isPartOf\":{\"@id\":\"https:\/\/www.carideal.com\/blog\/2012\/03\/29\/mercedes-sl-63-amg\/\"},\"author\":{\"name\":\"N.S Carideal\",\"@id\":\"https:\/\/www.carideal.com\/blog\/#\/schema\/person\/985c7e757d1042d647f21bfaf8d41ebc\"},\"headline\":\"MERCEDES SL 63 AMG 2012\",\"datePublished\":\"2012-03-29T12:06:00+00:00\",\"dateModified\":\"2024-03-29T18:07:51+00:00\",\"mainEntityOfPage\":{\"@id\":\"https:\/\/www.carideal.com\/blog\/2012\/03\/29\/mercedes-sl-63-amg\/\"},\"wordCount\":95,\"commentCount\":0,\"publisher\":{\"@id\":\"https:\/\/www.carideal.com\/blog\/#organization\"},\"image\":{\"@id\":\"https:\/\/www.carideal.com\/blog\/2012\/03\/29\/mercedes-sl-63-amg\/#primaryimage\"},\"thumbnailUrl\":\"https:\/\/www.carideal.com\/blog\/wp-content\/uploads\/2012\/03\/mercedes-sl63-carideal-mandataire-automobile_m.jpg\",\"keywords\":[\"AMG\",\"Berline sportive\",\"Moteur V8\",\"roadster\"],\"articleSection\":[\"Actualit\u00e9 Mercedes\",\"Actualit\u00e9 Mercedes Classe S\",\"Supercar\"],\"inLanguage\":\"fr-FR\",\"potentialAction\":[{\"@type\":\"CommentAction\",\"name\":\"Comment\",\"target\":[\"https:\/\/www.carideal.com\/blog\/2012\/03\/29\/mercedes-sl-63-amg\/#respond\"]}]},{\"@type\":\"WebPage\",\"@id\":\"https:\/\/www.carideal.com\/blog\/2012\/03\/29\/mercedes-sl-63-amg\/\",\"url\":\"https:\/\/www.carideal.com\/blog\/2012\/03\/29\/mercedes-sl-63-amg\/\",\"name\":\"MERCEDES SL 63 AMG 2012 - Blog auto Carid\u00e9al\",\"isPartOf\":{\"@id\":\"https:\/\/www.carideal.com\/blog\/#website\"},\"primaryImageOfPage\":{\"@id\":\"https:\/\/www.carideal.com\/blog\/2012\/03\/29\/mercedes-sl-63-amg\/#primaryimage\"},\"image\":{\"@id\":\"https:\/\/www.carideal.com\/blog\/2012\/03\/29\/mercedes-sl-63-amg\/#primaryimage\"},\"thumbnailUrl\":\"https:\/\/www.carideal.com\/blog\/wp-content\/uploads\/2012\/03\/mercedes-sl63-carideal-mandataire-automobile_m.jpg\",\"datePublished\":\"2012-03-29T12:06:00+00:00\",\"dateModified\":\"2024-03-29T18:07:51+00:00\",\"breadcrumb\":{\"@id\":\"https:\/\/www.carideal.com\/blog\/2012\/03\/29\/mercedes-sl-63-amg\/#breadcrumb\"},\"inLanguage\":\"fr-FR\",\"potentialAction\":[{\"@type\":\"ReadAction\",\"target\":[\"https:\/\/www.carideal.com\/blog\/2012\/03\/29\/mercedes-sl-63-amg\/\"]}]},{\"@type\":\"ImageObject\",\"inLanguage\":\"fr-FR\",\"@id\":\"https:\/\/www.carideal.com\/blog\/2012\/03\/29\/mercedes-sl-63-amg\/#primaryimage\",\"url\":\"https:\/\/www.carideal.com\/blog\/wp-content\/uploads\/2012\/03\/mercedes-sl63-carideal-mandataire-automobile_m.jpg\",\"contentUrl\":\"https:\/\/www.carideal.com\/blog\/wp-content\/uploads\/2012\/03\/mercedes-sl63-carideal-mandataire-automobile_m.jpg\",\"width\":448,\"height\":335,\"caption\":\"Nouvelle Mercedes SL63 AMG\"},{\"@type\":\"BreadcrumbList\",\"@id\":\"https:\/\/www.carideal.com\/blog\/2012\/03\/29\/mercedes-sl-63-amg\/#breadcrumb\",\"itemListElement\":[{\"@type\":\"ListItem\",\"position\":1,\"name\":\"Blog Carid\u00e9al\",\"item\":\"https:\/\/www.carideal.com\/blog\/\"},{\"@type\":\"ListItem\",\"position\":2,\"name\":\"Actualit\u00e9 constructeur automobile\",\"item\":\"https:\/\/www.carideal.com\/blog\/constructeur\/\"},{\"@type\":\"ListItem\",\"position\":3,\"name\":\"Actualit\u00e9 Mercedes\",\"item\":\"https:\/\/www.carideal.com\/blog\/constructeur\/mercedes\/\"},{\"@type\":\"ListItem\",\"position\":4,\"name\":\"Actualit\u00e9 Mercedes Classe S\",\"item\":\"https:\/\/www.carideal.com\/blog\/constructeur\/mercedes\/actualite-mercedes-classe-s\/\"},{\"@type\":\"ListItem\",\"position\":5,\"name\":\"MERCEDES SL 63 AMG 2012\"}]},{\"@type\":\"WebSite\",\"@id\":\"https:\/\/www.carideal.com\/blog\/#website\",\"url\":\"https:\/\/www.carideal.com\/blog\/\",\"name\":\"Blog auto Carid\u00e9al\",\"description\":\"Actualit\u00e9 auto par des passionn\u00e9s\",\"publisher\":{\"@id\":\"https:\/\/www.carideal.com\/blog\/#organization\"},\"potentialAction\":[{\"@type\":\"SearchAction\",\"target\":{\"@type\":\"EntryPoint\",\"urlTemplate\":\"https:\/\/www.carideal.com\/blog\/?s={search_term_string}\"},\"query-input\":{\"@type\":\"PropertyValueSpecification\",\"valueRequired\":true,\"valueName\":\"search_term_string\"}}],\"inLanguage\":\"fr-FR\"},{\"@type\":\"Organization\",\"@id\":\"https:\/\/www.carideal.com\/blog\/#organization\",\"name\":\"Carideal\",\"url\":\"https:\/\/www.carideal.com\/blog\/\",\"logo\":{\"@type\":\"ImageObject\",\"inLanguage\":\"fr-FR\",\"@id\":\"https:\/\/www.carideal.com\/blog\/#\/schema\/logo\/image\/\",\"url\":\"http:\/\/www.carideal.com\/blog\/wp-content\/uploads\/2016\/03\/logo-carideal-mandataire-automobile.png\",\"contentUrl\":\"http:\/\/www.carideal.com\/blog\/wp-content\/uploads\/2016\/03\/logo-carideal-mandataire-automobile.png\",\"width\":300,\"height\":300,\"caption\":\"Carideal\"},\"image\":{\"@id\":\"https:\/\/www.carideal.com\/blog\/#\/schema\/logo\/image\/\"},\"sameAs\":[\"https:\/\/www.facebook.com\/Carideal.mandataire.automobile\",\"https:\/\/x.com\/caridealauto\",\"https:\/\/www.instagram.com\/carideal1\/\",\"https:\/\/www.linkedin.com\/company\/carideal.com\",\"https:\/\/fr.pinterest.com\/schiavonsas\/\",\"https:\/\/www.youtube.com\/user\/caridealsas\"]},{\"@type\":\"Person\",\"@id\":\"https:\/\/www.carideal.com\/blog\/#\/schema\/person\/985c7e757d1042d647f21bfaf8d41ebc\",\"name\":\"N.S Carideal\",\"image\":{\"@type\":\"ImageObject\",\"inLanguage\":\"fr-FR\",\"@id\":\"https:\/\/www.carideal.com\/blog\/#\/schema\/person\/image\/\",\"url\":\"https:\/\/secure.gravatar.com\/avatar\/edb7ccdf1a4e3d14aef967760d354d0e?s=96&r=g\",\"contentUrl\":\"https:\/\/secure.gravatar.com\/avatar\/edb7ccdf1a4e3d14aef967760d354d0e?s=96&r=g\",\"caption\":\"N.S Carideal\"},\"description\":\"Depuis tout petit fan d'automobile. Il est question d'essayer et de comparer toutes ces voitures qui nous ont fait r\u00e9ver, avant que celles-ci ne devient uniquement des voitures de collection.\",\"sameAs\":[\"http:\/\/www.carideal.com\/blog\",\"https:\/\/www.facebook.com\/Carideal.mandataire.automobile\/\",\"https:\/\/www.linkedin.com\/in\/nschiavon\/\",\"https:\/\/www.youtube.com\/user\/caridealsas\/\"],\"url\":\"https:\/\/www.carideal.com\/blog\/author\/admin_carideal\/\"}]}<\/script>\n<!-- \/ Yoast SEO plugin. -->","yoast_head_json":{"title":"MERCEDES SL 63 AMG 2012 - Blog auto Carid\u00e9al","robots":{"index":"noindex","follow":"follow"},"og_locale":"fr_FR","og_type":"article","og_title":"MERCEDES SL 63 AMG 2012 - Blog auto Carid\u00e9al","og_description":"Nouvelle Mercedes SL 63 AMG 2012 Cette version AMG de la SL est la 63 AMG bas\u00e9 sur le moteur V8 de 537 ch qui \u00e9quip\u00e9 du pack performance atteint 564 ch. Elle doit quand m\u00eame rester en de\u00e7\u00e0 des performances du SLS AMG Roadster de 571ch.Cette Nouvelle Mercedes SL est construite en aluminium, ce ... Lire plus","og_url":"https:\/\/www.carideal.com\/blog\/2012\/03\/29\/mercedes-sl-63-amg\/","og_site_name":"Blog auto Carid\u00e9al","article_publisher":"https:\/\/www.facebook.com\/Carideal.mandataire.automobile","article_author":"https:\/\/www.facebook.com\/Carideal.mandataire.automobile\/","article_published_time":"2012-03-29T12:06:00+00:00","article_modified_time":"2024-03-29T18:07:51+00:00","og_image":[{"width":448,"height":335,"url":"https:\/\/www.carideal.com\/blog\/wp-content\/uploads\/2012\/03\/mercedes-sl63-carideal-mandataire-automobile_m.jpg","type":"image\/jpeg"}],"author":"N.S Carideal","twitter_card":"summary_large_image","twitter_creator":"@caridealauto","twitter_site":"@caridealauto","twitter_misc":{"\u00c9crit par":"N.S Carideal","Dur\u00e9e de lecture estim\u00e9e":"1 minute"},"schema":{"@context":"https:\/\/schema.org","@graph":[{"@type":"Article","@id":"https:\/\/www.carideal.com\/blog\/2012\/03\/29\/mercedes-sl-63-amg\/#article","isPartOf":{"@id":"https:\/\/www.carideal.com\/blog\/2012\/03\/29\/mercedes-sl-63-amg\/"},"author":{"name":"N.S Carideal","@id":"https:\/\/www.carideal.com\/blog\/#\/schema\/person\/985c7e757d1042d647f21bfaf8d41ebc"},"headline":"MERCEDES SL 63 AMG 2012","datePublished":"2012-03-29T12:06:00+00:00","dateModified":"2024-03-29T18:07:51+00:00","mainEntityOfPage":{"@id":"https:\/\/www.carideal.com\/blog\/2012\/03\/29\/mercedes-sl-63-amg\/"},"wordCount":95,"commentCount":0,"publisher":{"@id":"https:\/\/www.carideal.com\/blog\/#organization"},"image":{"@id":"https:\/\/www.carideal.com\/blog\/2012\/03\/29\/mercedes-sl-63-amg\/#primaryimage"},"thumbnailUrl":"https:\/\/www.carideal.com\/blog\/wp-content\/uploads\/2012\/03\/mercedes-sl63-carideal-mandataire-automobile_m.jpg","keywords":["AMG","Berline sportive","Moteur V8","roadster"],"articleSection":["Actualit\u00e9 Mercedes","Actualit\u00e9 Mercedes Classe S","Supercar"],"inLanguage":"fr-FR","potentialAction":[{"@type":"CommentAction","name":"Comment","target":["https:\/\/www.carideal.com\/blog\/2012\/03\/29\/mercedes-sl-63-amg\/#respond"]}]},{"@type":"WebPage","@id":"https:\/\/www.carideal.com\/blog\/2012\/03\/29\/mercedes-sl-63-amg\/","url":"https:\/\/www.carideal.com\/blog\/2012\/03\/29\/mercedes-sl-63-amg\/","name":"MERCEDES SL 63 AMG 2012 - Blog auto Carid\u00e9al","isPartOf":{"@id":"https:\/\/www.carideal.com\/blog\/#website"},"primaryImageOfPage":{"@id":"https:\/\/www.carideal.com\/blog\/2012\/03\/29\/mercedes-sl-63-amg\/#primaryimage"},"image":{"@id":"https:\/\/www.carideal.com\/blog\/2012\/03\/29\/mercedes-sl-63-amg\/#primaryimage"},"thumbnailUrl":"https:\/\/www.carideal.com\/blog\/wp-content\/uploads\/2012\/03\/mercedes-sl63-carideal-mandataire-automobile_m.jpg","datePublished":"2012-03-29T12:06:00+00:00","dateModified":"2024-03-29T18:07:51+00:00","breadcrumb":{"@id":"https:\/\/www.carideal.com\/blog\/2012\/03\/29\/mercedes-sl-63-amg\/#breadcrumb"},"inLanguage":"fr-FR","potentialAction":[{"@type":"ReadAction","target":["https:\/\/www.carideal.com\/blog\/2012\/03\/29\/mercedes-sl-63-amg\/"]}]},{"@type":"ImageObject","inLanguage":"fr-FR","@id":"https:\/\/www.carideal.com\/blog\/2012\/03\/29\/mercedes-sl-63-amg\/#primaryimage","url":"https:\/\/www.carideal.com\/blog\/wp-content\/uploads\/2012\/03\/mercedes-sl63-carideal-mandataire-automobile_m.jpg","contentUrl":"https:\/\/www.carideal.com\/blog\/wp-content\/uploads\/2012\/03\/mercedes-sl63-carideal-mandataire-automobile_m.jpg","width":448,"height":335,"caption":"Nouvelle Mercedes SL63 AMG"},{"@type":"BreadcrumbList","@id":"https:\/\/www.carideal.com\/blog\/2012\/03\/29\/mercedes-sl-63-amg\/#breadcrumb","itemListElement":[{"@type":"ListItem","position":1,"name":"Blog Carid\u00e9al","item":"https:\/\/www.carideal.com\/blog\/"},{"@type":"ListItem","position":2,"name":"Actualit\u00e9 constructeur automobile","item":"https:\/\/www.carideal.com\/blog\/constructeur\/"},{"@type":"ListItem","position":3,"name":"Actualit\u00e9 Mercedes","item":"https:\/\/www.carideal.com\/blog\/constructeur\/mercedes\/"},{"@type":"ListItem","position":4,"name":"Actualit\u00e9 Mercedes Classe S","item":"https:\/\/www.carideal.com\/blog\/constructeur\/mercedes\/actualite-mercedes-classe-s\/"},{"@type":"ListItem","position":5,"name":"MERCEDES SL 63 AMG 2012"}]},{"@type":"WebSite","@id":"https:\/\/www.carideal.com\/blog\/#website","url":"https:\/\/www.carideal.com\/blog\/","name":"Blog auto Carid\u00e9al","description":"Actualit\u00e9 auto par des passionn\u00e9s","publisher":{"@id":"https:\/\/www.carideal.com\/blog\/#organization"},"potentialAction":[{"@type":"SearchAction","target":{"@type":"EntryPoint","urlTemplate":"https:\/\/www.carideal.com\/blog\/?s={search_term_string}"},"query-input":{"@type":"PropertyValueSpecification","valueRequired":true,"valueName":"search_term_string"}}],"inLanguage":"fr-FR"},{"@type":"Organization","@id":"https:\/\/www.carideal.com\/blog\/#organization","name":"Carideal","url":"https:\/\/www.carideal.com\/blog\/","logo":{"@type":"ImageObject","inLanguage":"fr-FR","@id":"https:\/\/www.carideal.com\/blog\/#\/schema\/logo\/image\/","url":"http:\/\/www.carideal.com\/blog\/wp-content\/uploads\/2016\/03\/logo-carideal-mandataire-automobile.png","contentUrl":"http:\/\/www.carideal.com\/blog\/wp-content\/uploads\/2016\/03\/logo-carideal-mandataire-automobile.png","width":300,"height":300,"caption":"Carideal"},"image":{"@id":"https:\/\/www.carideal.com\/blog\/#\/schema\/logo\/image\/"},"sameAs":["https:\/\/www.facebook.com\/Carideal.mandataire.automobile","https:\/\/x.com\/caridealauto","https:\/\/www.instagram.com\/carideal1\/","https:\/\/www.linkedin.com\/company\/carideal.com","https:\/\/fr.pinterest.com\/schiavonsas\/","https:\/\/www.youtube.com\/user\/caridealsas"]},{"@type":"Person","@id":"https:\/\/www.carideal.com\/blog\/#\/schema\/person\/985c7e757d1042d647f21bfaf8d41ebc","name":"N.S Carideal","image":{"@type":"ImageObject","inLanguage":"fr-FR","@id":"https:\/\/www.carideal.com\/blog\/#\/schema\/person\/image\/","url":"https:\/\/secure.gravatar.com\/avatar\/edb7ccdf1a4e3d14aef967760d354d0e?s=96&r=g","contentUrl":"https:\/\/secure.gravatar.com\/avatar\/edb7ccdf1a4e3d14aef967760d354d0e?s=96&r=g","caption":"N.S Carideal"},"description":"Depuis tout petit fan d'automobile. Il est question d'essayer et de comparer toutes ces voitures qui nous ont fait r\u00e9ver, avant que celles-ci ne devient uniquement des voitures de collection.","sameAs":["http:\/\/www.carideal.com\/blog","https:\/\/www.facebook.com\/Carideal.mandataire.automobile\/","https:\/\/www.linkedin.com\/in\/nschiavon\/","https:\/\/www.youtube.com\/user\/caridealsas\/"],"url":"https:\/\/www.carideal.com\/blog\/author\/admin_carideal\/"}]}},"uagb_featured_image_src":{"full":["https:\/\/www.carideal.com\/blog\/wp-content\/uploads\/2012\/03\/mercedes-sl63-carideal-mandataire-automobile_m.jpg",448,335,false],"thumbnail":["https:\/\/www.carideal.com\/blog\/wp-content\/uploads\/2012\/03\/mercedes-sl63-carideal-mandataire-automobile_m-150x150.jpg",150,150,true],"medium":["https:\/\/www.carideal.com\/blog\/wp-content\/uploads\/2012\/03\/mercedes-sl63-carideal-mandataire-automobile_m-300x224.jpg",300,224,true],"medium_large":["https:\/\/www.carideal.com\/blog\/wp-content\/uploads\/2012\/03\/mercedes-sl63-carideal-mandataire-automobile_m.jpg",448,335,false],"large":["https:\/\/www.carideal.com\/blog\/wp-content\/uploads\/2012\/03\/mercedes-sl63-carideal-mandataire-automobile_m.jpg",448,335,false],"1536x1536":["https:\/\/www.carideal.com\/blog\/wp-content\/uploads\/2012\/03\/mercedes-sl63-carideal-mandataire-automobile_m.jpg",448,335,false],"2048x2048":["https:\/\/www.carideal.com\/blog\/wp-content\/uploads\/2012\/03\/mercedes-sl63-carideal-mandataire-automobile_m.jpg",448,335,false],"wppr-widget":["https:\/\/www.carideal.com\/blog\/wp-content\/uploads\/2012\/03\/mercedes-sl63-carideal-mandataire-automobile_m-50x37.jpg",50,37,true]},"uagb_author_info":{"display_name":"N.S Carideal","author_link":"https:\/\/www.carideal.com\/blog\/author\/admin_carideal\/"},"uagb_comment_info":6,"uagb_excerpt":"Nouvelle Mercedes SL 63 AMG 2012 Cette version AMG de la SL est la 63 AMG bas\u00e9 sur le moteur V8 de 537 ch qui \u00e9quip\u00e9 du pack performance atteint 564 ch. Elle doit quand m\u00eame rester en de\u00e7\u00e0 des performances du SLS AMG Roadster de 571ch.Cette Nouvelle Mercedes SL est construite en aluminium, ce\u2026","_links":{"self":[{"href":"https:\/\/www.carideal.com\/blog\/wp-json\/wp\/v2\/posts\/1065"}],"collection":[{"href":"https:\/\/www.carideal.com\/blog\/wp-json\/wp\/v2\/posts"}],"about":[{"href":"https:\/\/www.carideal.com\/blog\/wp-json\/wp\/v2\/types\/post"}],"author":[{"embeddable":true,"href":"https:\/\/www.carideal.com\/blog\/wp-json\/wp\/v2\/users\/1"}],"replies":[{"embeddable":true,"href":"https:\/\/www.carideal.com\/blog\/wp-json\/wp\/v2\/comments?post=1065"}],"version-history":[{"count":0,"href":"https:\/\/www.carideal.com\/blog\/wp-json\/wp\/v2\/posts\/1065\/revisions"}],"wp:featuredmedia":[{"embeddable":true,"href":"https:\/\/www.carideal.com\/blog\/wp-json\/wp\/v2\/media\/17638"}],"wp:attachment":[{"href":"https:\/\/www.carideal.com\/blog\/wp-json\/wp\/v2\/media?parent=1065"}],"wp:term":[{"taxonomy":"category","embeddable":true,"href":"https:\/\/www.carideal.com\/blog\/wp-json\/wp\/v2\/categories?post=1065"},{"taxonomy":"post_tag","embeddable":true,"href":"https:\/\/www.carideal.com\/blog\/wp-json\/wp\/v2\/tags?post=1065"}],"curies":[{"name":"wp","href":"https:\/\/api.w.org\/{rel}","templated":true}]}}