{"id":106,"date":"2013-03-29T15:08:00","date_gmt":"2013-03-29T15:08:00","guid":{"rendered":"http:\/\/carideal.com\/blog\/?p=106"},"modified":"2020-03-07T16:45:28","modified_gmt":"2020-03-07T15:45:28","slug":"les-prix-des-carburants","status":"publish","type":"post","link":"https:\/\/www.carideal.com\/blog\/2013\/03\/29\/les-prix-des-carburants\/","title":{"rendered":"Les prix des carburants"},"content":{"rendered":"<\/p>\n<p>Alors que le <a href=\"\/blog\/index.php?tag\/monde%20automobile\">monde automobile<\/a> cherche \u00e0 r\u00e9inventer son mode de propulsion,<a href=\"\/blog\/index.php?tag\/l%20Ufip\"> l'Ufip<\/a> garde les pieds sur terre, et rappelle qu'il ne faut pas enterrer trop vite une \u00e9nergie qui n'a toujours pas \u00e9t\u00e9 supplant\u00e9e pour les transports terrestres.La chute de la demande en Europe fait que demeure une situation de surcapacit\u00e9 de raffinage de produits p\u00e9troliers; des raffineries en Europe ont ferm\u00e9, et il est probable que d'autre ferment. Si d'autre repreneurs s'int\u00e9ressent \u00e0 <a href=\"\/blog\/index.php?tag\/P%C3%A9troplus\">P\u00e9troplus<\/a>, c'est bien, mais il faut qu'ils aient une motivation  \u00e9conomique. Si c'est pour faire juste raffinage, cela pourrait \u00eatre difficile. D\u00e9but 2009, il y avait 12 raffineries en France. Aujourd'hui, deux ont \u00e9t\u00e9 ferm\u00e9es, et deux sont \u00e0 l'arr\u00eat. Huit sont donc en activit\u00e9. La France a \u00e9t\u00e9 durement touch\u00e9e! Et comme la tendance de la consommation est \u00e0 la baisse. La marge 2012 a \u00e9t\u00e9 exceptionnellement \u00e9lev\u00e9e en raison d'une s\u00e9rie de facteurs conjoncturels: arr\u00eats non programm\u00e9s, ouragan Sandy, des tensions ont \u00e9merg\u00e9 durant l'\u00e9t\u00e9 et ont propuls\u00e9 les marges \u00e0 des niveaux inconnus depuis longtemps. Fin 2012, le gazole \u00e0 atteint 1.35 \u20ac le litre. On ne croit pas \u00e0 une flamb\u00e9e des prix, puisque l'Arabie Saoudite a fait savoir que un baril \u00e0 100 ou 110$ lui allait  tr\u00e8s bien, et qu'elle est pr\u00eate \u00e0 mettre du p\u00e9trole sur le march\u00e9&nbsp;! Et puis arrive progressivement le p\u00e9trole de schiste des Etats-Unis; ce n'est pas cela qui influe sur le march\u00e9, mais cela aide, c'est un facteur de d\u00e9tente des prix. Il ne devrait pas y avoir de forte augmentation, sauf en cas d\u2019\u00e9v\u00e8nement g\u00e9opolitique, \u00e9videmment.<\/p>\n","protected":false},"excerpt":{"rendered":"<p>Alors que le monde automobile cherche \u00e0 r\u00e9inventer son mode de propulsion, l&rsquo;Ufip garde les pieds sur terre, et rappelle qu&rsquo;il ne faut pas enterrer trop vite une \u00e9nergie qui n&rsquo;a toujours pas \u00e9t\u00e9 supplant\u00e9e pour les transports terrestres.La chute de la demande en Europe fait que demeure une situation de surcapacit\u00e9 de raffinage de &#8230; <a title=\"Les prix des carburants\" class=\"read-more\" href=\"https:\/\/www.carideal.com\/blog\/2013\/03\/29\/les-prix-des-carburants\/\" aria-label=\"En savoir plus sur Les prix des carburants\">Lire plus<\/a><\/p>\n","protected":false},"author":1,"featured_media":0,"comment_status":"open","ping_status":"open","sticky":false,"template":"","format":"standard","meta":{"_uag_custom_page_level_css":"","_themeisle_gutenberg_block_has_review":false,"footnotes":""},"categories":[3],"tags":[],"class_list":["post-106","post","type-post","status-publish","format-standard","hentry","category-actualites-financieres"],"wppr_data":[],"yoast_head":"<!-- This site is optimized with the Yoast SEO plugin v24.8.1 - https:\/\/yoast.com\/wordpress\/plugins\/seo\/ -->\n<title>Les prix des carburants - Blog auto Carid\u00e9al<\/title>\n<meta name=\"robots\" content=\"index, follow, max-snippet:-1, max-image-preview:large, max-video-preview:-1\" \/>\n<link rel=\"canonical\" href=\"https:\/\/www.carideal.com\/blog\/2013\/03\/29\/les-prix-des-carburants\/\" \/>\n<meta property=\"og:locale\" content=\"fr_FR\" \/>\n<meta property=\"og:type\" content=\"article\" \/>\n<meta property=\"og:title\" content=\"Les prix des carburants - Blog auto Carid\u00e9al\" \/>\n<meta property=\"og:description\" content=\"Alors que le monde automobile cherche \u00e0 r\u00e9inventer son mode de propulsion, l&#039;Ufip garde les pieds sur terre, et rappelle qu&#039;il ne faut pas enterrer trop vite une \u00e9nergie qui n&#039;a toujours pas \u00e9t\u00e9 supplant\u00e9e pour les transports terrestres.La chute de la demande en Europe fait que demeure une situation de surcapacit\u00e9 de raffinage de ... Lire plus\" \/>\n<meta property=\"og:url\" content=\"https:\/\/www.carideal.com\/blog\/2013\/03\/29\/les-prix-des-carburants\/\" \/>\n<meta property=\"og:site_name\" content=\"Blog auto Carid\u00e9al\" \/>\n<meta property=\"article:publisher\" content=\"https:\/\/www.facebook.com\/Carideal.mandataire.automobile\" \/>\n<meta property=\"article:author\" content=\"https:\/\/www.facebook.com\/Carideal.mandataire.automobile\/\" \/>\n<meta property=\"article:published_time\" content=\"2013-03-29T15:08:00+00:00\" \/>\n<meta property=\"article:modified_time\" content=\"2020-03-07T15:45:28+00:00\" \/>\n<meta property=\"og:image\" content=\"https:\/\/www.carideal.com\/blog\/wp-content\/uploads\/2016\/03\/logo-carideal-mandataire-automobile.png\" \/>\n\t<meta property=\"og:image:width\" content=\"300\" \/>\n\t<meta property=\"og:image:height\" content=\"300\" \/>\n\t<meta property=\"og:image:type\" content=\"image\/png\" \/>\n<meta name=\"author\" content=\"N.S Carideal\" \/>\n<meta name=\"twitter:card\" content=\"summary_large_image\" \/>\n<meta name=\"twitter:creator\" content=\"@caridealauto\" \/>\n<meta name=\"twitter:site\" content=\"@caridealauto\" \/>\n<meta name=\"twitter:label1\" content=\"\u00c9crit par\" \/>\n\t<meta name=\"twitter:data1\" content=\"N.S Carideal\" \/>\n\t<meta name=\"twitter:label2\" content=\"Dur\u00e9e de lecture estim\u00e9e\" \/>\n\t<meta name=\"twitter:data2\" content=\"1 minute\" \/>\n<script type=\"application\/ld+json\" class=\"yoast-schema-graph\">{\"@context\":\"https:\/\/schema.org\",\"@graph\":[{\"@type\":\"Article\",\"@id\":\"https:\/\/www.carideal.com\/blog\/2013\/03\/29\/les-prix-des-carburants\/#article\",\"isPartOf\":{\"@id\":\"https:\/\/www.carideal.com\/blog\/2013\/03\/29\/les-prix-des-carburants\/\"},\"author\":{\"name\":\"N.S Carideal\",\"@id\":\"https:\/\/www.carideal.com\/blog\/#\/schema\/person\/985c7e757d1042d647f21bfaf8d41ebc\"},\"headline\":\"Les prix des carburants\",\"datePublished\":\"2013-03-29T15:08:00+00:00\",\"dateModified\":\"2020-03-07T15:45:28+00:00\",\"mainEntityOfPage\":{\"@id\":\"https:\/\/www.carideal.com\/blog\/2013\/03\/29\/les-prix-des-carburants\/\"},\"wordCount\":276,\"commentCount\":0,\"publisher\":{\"@id\":\"https:\/\/www.carideal.com\/blog\/#organization\"},\"articleSection\":[\"Actualit\u00e9 Financi\u00e8re\"],\"inLanguage\":\"fr-FR\",\"potentialAction\":[{\"@type\":\"CommentAction\",\"name\":\"Comment\",\"target\":[\"https:\/\/www.carideal.com\/blog\/2013\/03\/29\/les-prix-des-carburants\/#respond\"]}]},{\"@type\":\"WebPage\",\"@id\":\"https:\/\/www.carideal.com\/blog\/2013\/03\/29\/les-prix-des-carburants\/\",\"url\":\"https:\/\/www.carideal.com\/blog\/2013\/03\/29\/les-prix-des-carburants\/\",\"name\":\"Les prix des carburants - Blog auto Carid\u00e9al\",\"isPartOf\":{\"@id\":\"https:\/\/www.carideal.com\/blog\/#website\"},\"datePublished\":\"2013-03-29T15:08:00+00:00\",\"dateModified\":\"2020-03-07T15:45:28+00:00\",\"breadcrumb\":{\"@id\":\"https:\/\/www.carideal.com\/blog\/2013\/03\/29\/les-prix-des-carburants\/#breadcrumb\"},\"inLanguage\":\"fr-FR\",\"potentialAction\":[{\"@type\":\"ReadAction\",\"target\":[\"https:\/\/www.carideal.com\/blog\/2013\/03\/29\/les-prix-des-carburants\/\"]}]},{\"@type\":\"BreadcrumbList\",\"@id\":\"https:\/\/www.carideal.com\/blog\/2013\/03\/29\/les-prix-des-carburants\/#breadcrumb\",\"itemListElement\":[{\"@type\":\"ListItem\",\"position\":1,\"name\":\"Blog Carid\u00e9al\",\"item\":\"https:\/\/www.carideal.com\/blog\/\"},{\"@type\":\"ListItem\",\"position\":2,\"name\":\"Actualit\u00e9 Financi\u00e8re\",\"item\":\"https:\/\/www.carideal.com\/blog\/actualites-financieres\/\"},{\"@type\":\"ListItem\",\"position\":3,\"name\":\"Les prix des carburants\"}]},{\"@type\":\"WebSite\",\"@id\":\"https:\/\/www.carideal.com\/blog\/#website\",\"url\":\"https:\/\/www.carideal.com\/blog\/\",\"name\":\"Blog auto Carid\u00e9al\",\"description\":\"Actualit\u00e9 auto par des passionn\u00e9s\",\"publisher\":{\"@id\":\"https:\/\/www.carideal.com\/blog\/#organization\"},\"potentialAction\":[{\"@type\":\"SearchAction\",\"target\":{\"@type\":\"EntryPoint\",\"urlTemplate\":\"https:\/\/www.carideal.com\/blog\/?s={search_term_string}\"},\"query-input\":{\"@type\":\"PropertyValueSpecification\",\"valueRequired\":true,\"valueName\":\"search_term_string\"}}],\"inLanguage\":\"fr-FR\"},{\"@type\":\"Organization\",\"@id\":\"https:\/\/www.carideal.com\/blog\/#organization\",\"name\":\"Carideal\",\"url\":\"https:\/\/www.carideal.com\/blog\/\",\"logo\":{\"@type\":\"ImageObject\",\"inLanguage\":\"fr-FR\",\"@id\":\"https:\/\/www.carideal.com\/blog\/#\/schema\/logo\/image\/\",\"url\":\"http:\/\/www.carideal.com\/blog\/wp-content\/uploads\/2016\/03\/logo-carideal-mandataire-automobile.png\",\"contentUrl\":\"http:\/\/www.carideal.com\/blog\/wp-content\/uploads\/2016\/03\/logo-carideal-mandataire-automobile.png\",\"width\":300,\"height\":300,\"caption\":\"Carideal\"},\"image\":{\"@id\":\"https:\/\/www.carideal.com\/blog\/#\/schema\/logo\/image\/\"},\"sameAs\":[\"https:\/\/www.facebook.com\/Carideal.mandataire.automobile\",\"https:\/\/x.com\/caridealauto\",\"https:\/\/www.instagram.com\/carideal1\/\",\"https:\/\/www.linkedin.com\/company\/carideal.com\",\"https:\/\/fr.pinterest.com\/schiavonsas\/\",\"https:\/\/www.youtube.com\/user\/caridealsas\"]},{\"@type\":\"Person\",\"@id\":\"https:\/\/www.carideal.com\/blog\/#\/schema\/person\/985c7e757d1042d647f21bfaf8d41ebc\",\"name\":\"N.S Carideal\",\"image\":{\"@type\":\"ImageObject\",\"inLanguage\":\"fr-FR\",\"@id\":\"https:\/\/www.carideal.com\/blog\/#\/schema\/person\/image\/\",\"url\":\"https:\/\/secure.gravatar.com\/avatar\/edb7ccdf1a4e3d14aef967760d354d0e?s=96&r=g\",\"contentUrl\":\"https:\/\/secure.gravatar.com\/avatar\/edb7ccdf1a4e3d14aef967760d354d0e?s=96&r=g\",\"caption\":\"N.S Carideal\"},\"description\":\"Depuis tout petit fan d'automobile. Il est question d'essayer et de comparer toutes ces voitures qui nous ont fait r\u00e9ver, avant que celles-ci ne devient uniquement des voitures de collection.\",\"sameAs\":[\"http:\/\/www.carideal.com\/blog\",\"https:\/\/www.facebook.com\/Carideal.mandataire.automobile\/\",\"https:\/\/www.linkedin.com\/in\/nschiavon\/\",\"https:\/\/www.youtube.com\/user\/caridealsas\/\"],\"url\":\"https:\/\/www.carideal.com\/blog\/author\/admin_carideal\/\"}]}<\/script>\n<!-- \/ Yoast SEO plugin. -->","yoast_head_json":{"title":"Les prix des carburants - Blog auto Carid\u00e9al","robots":{"index":"index","follow":"follow","max-snippet":"max-snippet:-1","max-image-preview":"max-image-preview:large","max-video-preview":"max-video-preview:-1"},"canonical":"https:\/\/www.carideal.com\/blog\/2013\/03\/29\/les-prix-des-carburants\/","og_locale":"fr_FR","og_type":"article","og_title":"Les prix des carburants - Blog auto Carid\u00e9al","og_description":"Alors que le monde automobile cherche \u00e0 r\u00e9inventer son mode de propulsion, l'Ufip garde les pieds sur terre, et rappelle qu'il ne faut pas enterrer trop vite une \u00e9nergie qui n'a toujours pas \u00e9t\u00e9 supplant\u00e9e pour les transports terrestres.La chute de la demande en Europe fait que demeure une situation de surcapacit\u00e9 de raffinage de ... Lire plus","og_url":"https:\/\/www.carideal.com\/blog\/2013\/03\/29\/les-prix-des-carburants\/","og_site_name":"Blog auto Carid\u00e9al","article_publisher":"https:\/\/www.facebook.com\/Carideal.mandataire.automobile","article_author":"https:\/\/www.facebook.com\/Carideal.mandataire.automobile\/","article_published_time":"2013-03-29T15:08:00+00:00","article_modified_time":"2020-03-07T15:45:28+00:00","og_image":[{"width":300,"height":300,"url":"https:\/\/www.carideal.com\/blog\/wp-content\/uploads\/2016\/03\/logo-carideal-mandataire-automobile.png","type":"image\/png"}],"author":"N.S Carideal","twitter_card":"summary_large_image","twitter_creator":"@caridealauto","twitter_site":"@caridealauto","twitter_misc":{"\u00c9crit par":"N.S Carideal","Dur\u00e9e de lecture estim\u00e9e":"1 minute"},"schema":{"@context":"https:\/\/schema.org","@graph":[{"@type":"Article","@id":"https:\/\/www.carideal.com\/blog\/2013\/03\/29\/les-prix-des-carburants\/#article","isPartOf":{"@id":"https:\/\/www.carideal.com\/blog\/2013\/03\/29\/les-prix-des-carburants\/"},"author":{"name":"N.S Carideal","@id":"https:\/\/www.carideal.com\/blog\/#\/schema\/person\/985c7e757d1042d647f21bfaf8d41ebc"},"headline":"Les prix des carburants","datePublished":"2013-03-29T15:08:00+00:00","dateModified":"2020-03-07T15:45:28+00:00","mainEntityOfPage":{"@id":"https:\/\/www.carideal.com\/blog\/2013\/03\/29\/les-prix-des-carburants\/"},"wordCount":276,"commentCount":0,"publisher":{"@id":"https:\/\/www.carideal.com\/blog\/#organization"},"articleSection":["Actualit\u00e9 Financi\u00e8re"],"inLanguage":"fr-FR","potentialAction":[{"@type":"CommentAction","name":"Comment","target":["https:\/\/www.carideal.com\/blog\/2013\/03\/29\/les-prix-des-carburants\/#respond"]}]},{"@type":"WebPage","@id":"https:\/\/www.carideal.com\/blog\/2013\/03\/29\/les-prix-des-carburants\/","url":"https:\/\/www.carideal.com\/blog\/2013\/03\/29\/les-prix-des-carburants\/","name":"Les prix des carburants - Blog auto Carid\u00e9al","isPartOf":{"@id":"https:\/\/www.carideal.com\/blog\/#website"},"datePublished":"2013-03-29T15:08:00+00:00","dateModified":"2020-03-07T15:45:28+00:00","breadcrumb":{"@id":"https:\/\/www.carideal.com\/blog\/2013\/03\/29\/les-prix-des-carburants\/#breadcrumb"},"inLanguage":"fr-FR","potentialAction":[{"@type":"ReadAction","target":["https:\/\/www.carideal.com\/blog\/2013\/03\/29\/les-prix-des-carburants\/"]}]},{"@type":"BreadcrumbList","@id":"https:\/\/www.carideal.com\/blog\/2013\/03\/29\/les-prix-des-carburants\/#breadcrumb","itemListElement":[{"@type":"ListItem","position":1,"name":"Blog Carid\u00e9al","item":"https:\/\/www.carideal.com\/blog\/"},{"@type":"ListItem","position":2,"name":"Actualit\u00e9 Financi\u00e8re","item":"https:\/\/www.carideal.com\/blog\/actualites-financieres\/"},{"@type":"ListItem","position":3,"name":"Les prix des carburants"}]},{"@type":"WebSite","@id":"https:\/\/www.carideal.com\/blog\/#website","url":"https:\/\/www.carideal.com\/blog\/","name":"Blog auto Carid\u00e9al","description":"Actualit\u00e9 auto par des passionn\u00e9s","publisher":{"@id":"https:\/\/www.carideal.com\/blog\/#organization"},"potentialAction":[{"@type":"SearchAction","target":{"@type":"EntryPoint","urlTemplate":"https:\/\/www.carideal.com\/blog\/?s={search_term_string}"},"query-input":{"@type":"PropertyValueSpecification","valueRequired":true,"valueName":"search_term_string"}}],"inLanguage":"fr-FR"},{"@type":"Organization","@id":"https:\/\/www.carideal.com\/blog\/#organization","name":"Carideal","url":"https:\/\/www.carideal.com\/blog\/","logo":{"@type":"ImageObject","inLanguage":"fr-FR","@id":"https:\/\/www.carideal.com\/blog\/#\/schema\/logo\/image\/","url":"http:\/\/www.carideal.com\/blog\/wp-content\/uploads\/2016\/03\/logo-carideal-mandataire-automobile.png","contentUrl":"http:\/\/www.carideal.com\/blog\/wp-content\/uploads\/2016\/03\/logo-carideal-mandataire-automobile.png","width":300,"height":300,"caption":"Carideal"},"image":{"@id":"https:\/\/www.carideal.com\/blog\/#\/schema\/logo\/image\/"},"sameAs":["https:\/\/www.facebook.com\/Carideal.mandataire.automobile","https:\/\/x.com\/caridealauto","https:\/\/www.instagram.com\/carideal1\/","https:\/\/www.linkedin.com\/company\/carideal.com","https:\/\/fr.pinterest.com\/schiavonsas\/","https:\/\/www.youtube.com\/user\/caridealsas"]},{"@type":"Person","@id":"https:\/\/www.carideal.com\/blog\/#\/schema\/person\/985c7e757d1042d647f21bfaf8d41ebc","name":"N.S Carideal","image":{"@type":"ImageObject","inLanguage":"fr-FR","@id":"https:\/\/www.carideal.com\/blog\/#\/schema\/person\/image\/","url":"https:\/\/secure.gravatar.com\/avatar\/edb7ccdf1a4e3d14aef967760d354d0e?s=96&r=g","contentUrl":"https:\/\/secure.gravatar.com\/avatar\/edb7ccdf1a4e3d14aef967760d354d0e?s=96&r=g","caption":"N.S Carideal"},"description":"Depuis tout petit fan d'automobile. Il est question d'essayer et de comparer toutes ces voitures qui nous ont fait r\u00e9ver, avant que celles-ci ne devient uniquement des voitures de collection.","sameAs":["http:\/\/www.carideal.com\/blog","https:\/\/www.facebook.com\/Carideal.mandataire.automobile\/","https:\/\/www.linkedin.com\/in\/nschiavon\/","https:\/\/www.youtube.com\/user\/caridealsas\/"],"url":"https:\/\/www.carideal.com\/blog\/author\/admin_carideal\/"}]}},"uagb_featured_image_src":{"full":false,"thumbnail":false,"medium":false,"medium_large":false,"large":false,"1536x1536":false,"2048x2048":false,"wppr-widget":false},"uagb_author_info":{"display_name":"N.S Carideal","author_link":"https:\/\/www.carideal.com\/blog\/author\/admin_carideal\/"},"uagb_comment_info":0,"uagb_excerpt":"Alors que le monde automobile cherche \u00e0 r\u00e9inventer son mode de propulsion, l'Ufip garde les pieds sur terre, et rappelle qu'il ne faut pas enterrer trop vite une \u00e9nergie qui n'a toujours pas \u00e9t\u00e9 supplant\u00e9e pour les transports terrestres.La chute de la demande en Europe fait que demeure une situation de surcapacit\u00e9 de raffinage de\u2026","_links":{"self":[{"href":"https:\/\/www.carideal.com\/blog\/wp-json\/wp\/v2\/posts\/106"}],"collection":[{"href":"https:\/\/www.carideal.com\/blog\/wp-json\/wp\/v2\/posts"}],"about":[{"href":"https:\/\/www.carideal.com\/blog\/wp-json\/wp\/v2\/types\/post"}],"author":[{"embeddable":true,"href":"https:\/\/www.carideal.com\/blog\/wp-json\/wp\/v2\/users\/1"}],"replies":[{"embeddable":true,"href":"https:\/\/www.carideal.com\/blog\/wp-json\/wp\/v2\/comments?post=106"}],"version-history":[{"count":0,"href":"https:\/\/www.carideal.com\/blog\/wp-json\/wp\/v2\/posts\/106\/revisions"}],"wp:attachment":[{"href":"https:\/\/www.carideal.com\/blog\/wp-json\/wp\/v2\/media?parent=106"}],"wp:term":[{"taxonomy":"category","embeddable":true,"href":"https:\/\/www.carideal.com\/blog\/wp-json\/wp\/v2\/categories?post=106"},{"taxonomy":"post_tag","embeddable":true,"href":"https:\/\/www.carideal.com\/blog\/wp-json\/wp\/v2\/tags?post=106"}],"curies":[{"name":"wp","href":"https:\/\/api.w.org\/{rel}","templated":true}]}}