{"id":1048,"date":"2012-03-12T21:45:00","date_gmt":"2012-03-12T21:45:00","guid":{"rendered":"http:\/\/carideal.com\/blog\/?p=1048"},"modified":"2020-03-07T20:24:28","modified_gmt":"2020-03-07T19:24:28","slug":"nouvelle-serie-speciale-citroen-c4-picasso-black-top","status":"publish","type":"post","link":"https:\/\/www.carideal.com\/blog\/2012\/03\/12\/nouvelle-serie-speciale-citroen-c4-picasso-black-top\/","title":{"rendered":"Nouvelle serie speciale Citroen C4 Picasso Black Top"},"content":{"rendered":"<p><img decoding=\"async\" src=\"\/blog\/public\/.citroen-c4-picasso-black-top-achat-carideal_m.jpg\" alt=\"citroen-c4-picasso-black-top-achat-carideal.jpg\" title=\"citroen-c4-picasso-black-top-achat-carideal.jpg, mar. 2012\" \/><img decoding=\"async\" src=\"\/blog\/public\/.citroen-c4-picasso-black-top-achat-carideal-1_m.jpg\" alt=\"citroen-c4-picasso-black-top-achat-carideal-1.jpg\" title=\"citroen-c4-picasso-black-top-achat-carideal-1.jpg, mar. 2012\" \/><img decoding=\"async\" src=\"\/blog\/public\/.citroen-c4-picasso-black-top-achat-carideal-2_m.jpg\" alt=\"citroen-c4-picasso-black-top-achat-carideal-2.jpg\" title=\"citroen-c4-picasso-black-top-achat-carideal-2.jpg, mar. 2012\" \/><img decoding=\"async\" src=\"\/blog\/public\/.citroen-c4-picasso-black-top-achat-carideal-3_m.jpg\" alt=\"citroen-c4-picasso-black-top-achat-carideal-3.jpg\" title=\"citroen-c4-picasso-black-top-achat-carideal-3.jpg, mar. 2012\" \/><img decoding=\"async\" src=\"\/blog\/public\/.citroen-c4-picasso-black-top-achat-carideal-4_m.jpg\" alt=\"citroen-c4-picasso-black-top-achat-carideal-4.jpg\" title=\"citroen-c4-picasso-black-top-achat-carideal-4.jpg, mar. 2012\" \/><img decoding=\"async\" src=\"\/blog\/public\/.citroen-c4-picasso-black-top-achat-carideal-5_m.jpg\" alt=\"citroen-c4-picasso-black-top-achat-carideal-5.jpg\" title=\"citroen-c4-picasso-black-top-achat-carideal-5.jpg, mar. 2012\" \/><\/p>\n<blockquote>\n<p>Lancement s\u00e9rie sp\u00e9ciale \"Black Top\" au C4 Picasso<\/p>\n<\/blockquote>\n<p>A partir de la production d'Avril et pour co\u00efncider avec sa pr\u00e9sentation au Salon de l'automobile de Gen\u00e8ve, Citroen pr\u00e9sente une nouvelle s\u00e9rie sp\u00e9ciale Black Top.<\/p>\n<p>la s\u00e9rie sp\u00e9ciale BLACK TOP est bas\u00e9e sur les caract\u00e9ristiques de la finition Exclusive plus&nbsp;: GPS navigateur MyWay, roues en aluminium de 18 \", peinture en deux tons toit noir, la porte noire avec inserts chrom\u00e9s poign\u00e9es les coquilles de r\u00e9troviseurs chrom\u00e9es console centrale finition en noir laqu\u00e9e (dark sellerie gris seulement)<\/p>\n<p>Cette option peut \u00eatre combin\u00e9e avec les couleurs ext\u00e9rieures suivantes: Blanc Blanquise, Gris Aluminium, Rouge Lucifer, Kyan Bleu, Bleu et Nocciola Tivoli.<\/p>\n<p>C4 PICASSO VERSION<\/p>\n<p>Stop &amp; Start BMP6 THP 155 Black Top<\/p>\n<p>S &amp; S 6v HDi 110 Black Top<\/p>\n<p>e-HDi 110 Airdream BMP6 S &amp; S Black Top<\/p>\n<p>S &amp; S 150 HDi 6V Black Top<\/p>\n<p>\/ Achat Citroen C4 Picasso moins ch\u00e8re avec Carideal<\/p>\n","protected":false},"excerpt":{"rendered":"<p>Lancement s\u00e9rie sp\u00e9ciale \u00ab\u00a0Black Top\u00a0\u00bb au C4 Picasso A partir de la production d&rsquo;Avril et pour co\u00efncider avec sa pr\u00e9sentation au Salon de l&rsquo;automobile de Gen\u00e8ve, Citroen pr\u00e9sente une nouvelle s\u00e9rie sp\u00e9ciale Black Top. la s\u00e9rie sp\u00e9ciale BLACK TOP est bas\u00e9e sur les caract\u00e9ristiques de la finition Exclusive plus&nbsp;: GPS navigateur MyWay, roues en aluminium &#8230; <a title=\"Nouvelle serie speciale Citroen C4 Picasso Black Top\" class=\"read-more\" href=\"https:\/\/www.carideal.com\/blog\/2012\/03\/12\/nouvelle-serie-speciale-citroen-c4-picasso-black-top\/\" aria-label=\"En savoir plus sur Nouvelle serie speciale Citroen C4 Picasso Black Top\">Lire plus<\/a><\/p>\n","protected":false},"author":1,"featured_media":0,"comment_status":"open","ping_status":"open","sticky":false,"template":"","format":"standard","meta":{"_uag_custom_page_level_css":"","_themeisle_gutenberg_block_has_review":false,"footnotes":""},"categories":[10],"tags":[2723],"class_list":["post-1048","post","type-post","status-publish","format-standard","hentry","category-marche-automobile-voiture-neuve-occasion-4x4-suv","tag-serie-speciale"],"wppr_data":[],"yoast_head":"<!-- This site is optimized with the Yoast SEO plugin v24.8.1 - https:\/\/yoast.com\/wordpress\/plugins\/seo\/ -->\n<title>Nouvelle serie speciale Citroen C4 Picasso Black Top - Blog auto Carid\u00e9al<\/title>\n<meta name=\"robots\" content=\"index, follow, max-snippet:-1, max-image-preview:large, max-video-preview:-1\" \/>\n<link rel=\"canonical\" href=\"https:\/\/www.carideal.com\/blog\/2012\/03\/12\/nouvelle-serie-speciale-citroen-c4-picasso-black-top\/\" \/>\n<meta property=\"og:locale\" content=\"fr_FR\" \/>\n<meta property=\"og:type\" content=\"article\" \/>\n<meta property=\"og:title\" content=\"Nouvelle serie speciale Citroen C4 Picasso Black Top - Blog auto Carid\u00e9al\" \/>\n<meta property=\"og:description\" content=\"Lancement s\u00e9rie sp\u00e9ciale &quot;Black Top&quot; au C4 Picasso A partir de la production d&#039;Avril et pour co\u00efncider avec sa pr\u00e9sentation au Salon de l&#039;automobile de Gen\u00e8ve, Citroen pr\u00e9sente une nouvelle s\u00e9rie sp\u00e9ciale Black Top. la s\u00e9rie sp\u00e9ciale BLACK TOP est bas\u00e9e sur les caract\u00e9ristiques de la finition Exclusive plus&nbsp;: GPS navigateur MyWay, roues en aluminium ... Lire plus\" \/>\n<meta property=\"og:url\" content=\"https:\/\/www.carideal.com\/blog\/2012\/03\/12\/nouvelle-serie-speciale-citroen-c4-picasso-black-top\/\" \/>\n<meta property=\"og:site_name\" content=\"Blog auto Carid\u00e9al\" \/>\n<meta property=\"article:publisher\" content=\"https:\/\/www.facebook.com\/Carideal.mandataire.automobile\" \/>\n<meta property=\"article:author\" content=\"https:\/\/www.facebook.com\/Carideal.mandataire.automobile\/\" \/>\n<meta property=\"article:published_time\" content=\"2012-03-12T21:45:00+00:00\" \/>\n<meta property=\"article:modified_time\" content=\"2020-03-07T19:24:28+00:00\" \/>\n<meta property=\"og:image\" content=\"https:\/\/www.carideal.com\/blog\/wp-content\/uploads\/2016\/03\/logo-carideal-mandataire-automobile.png\" \/>\n\t<meta property=\"og:image:width\" content=\"300\" \/>\n\t<meta property=\"og:image:height\" content=\"300\" \/>\n\t<meta property=\"og:image:type\" content=\"image\/png\" \/>\n<meta name=\"author\" content=\"N.S Carideal\" \/>\n<meta name=\"twitter:card\" content=\"summary_large_image\" \/>\n<meta name=\"twitter:creator\" content=\"@caridealauto\" \/>\n<meta name=\"twitter:site\" content=\"@caridealauto\" \/>\n<meta name=\"twitter:label1\" content=\"\u00c9crit par\" \/>\n\t<meta name=\"twitter:data1\" content=\"N.S Carideal\" \/>\n\t<meta name=\"twitter:label2\" content=\"Dur\u00e9e de lecture estim\u00e9e\" \/>\n\t<meta name=\"twitter:data2\" content=\"1 minute\" \/>\n<script type=\"application\/ld+json\" class=\"yoast-schema-graph\">{\"@context\":\"https:\/\/schema.org\",\"@graph\":[{\"@type\":\"Article\",\"@id\":\"https:\/\/www.carideal.com\/blog\/2012\/03\/12\/nouvelle-serie-speciale-citroen-c4-picasso-black-top\/#article\",\"isPartOf\":{\"@id\":\"https:\/\/www.carideal.com\/blog\/2012\/03\/12\/nouvelle-serie-speciale-citroen-c4-picasso-black-top\/\"},\"author\":{\"name\":\"N.S Carideal\",\"@id\":\"https:\/\/www.carideal.com\/blog\/#\/schema\/person\/985c7e757d1042d647f21bfaf8d41ebc\"},\"headline\":\"Nouvelle serie speciale Citroen C4 Picasso Black Top\",\"datePublished\":\"2012-03-12T21:45:00+00:00\",\"dateModified\":\"2020-03-07T19:24:28+00:00\",\"mainEntityOfPage\":{\"@id\":\"https:\/\/www.carideal.com\/blog\/2012\/03\/12\/nouvelle-serie-speciale-citroen-c4-picasso-black-top\/\"},\"wordCount\":175,\"commentCount\":0,\"publisher\":{\"@id\":\"https:\/\/www.carideal.com\/blog\/#organization\"},\"keywords\":[\"S\u00e9rie Sp\u00e9ciale\"],\"articleSection\":[\"March\u00e9 automobile\"],\"inLanguage\":\"fr-FR\",\"potentialAction\":[{\"@type\":\"CommentAction\",\"name\":\"Comment\",\"target\":[\"https:\/\/www.carideal.com\/blog\/2012\/03\/12\/nouvelle-serie-speciale-citroen-c4-picasso-black-top\/#respond\"]}]},{\"@type\":\"WebPage\",\"@id\":\"https:\/\/www.carideal.com\/blog\/2012\/03\/12\/nouvelle-serie-speciale-citroen-c4-picasso-black-top\/\",\"url\":\"https:\/\/www.carideal.com\/blog\/2012\/03\/12\/nouvelle-serie-speciale-citroen-c4-picasso-black-top\/\",\"name\":\"Nouvelle serie speciale Citroen C4 Picasso Black Top - Blog auto Carid\u00e9al\",\"isPartOf\":{\"@id\":\"https:\/\/www.carideal.com\/blog\/#website\"},\"datePublished\":\"2012-03-12T21:45:00+00:00\",\"dateModified\":\"2020-03-07T19:24:28+00:00\",\"breadcrumb\":{\"@id\":\"https:\/\/www.carideal.com\/blog\/2012\/03\/12\/nouvelle-serie-speciale-citroen-c4-picasso-black-top\/#breadcrumb\"},\"inLanguage\":\"fr-FR\",\"potentialAction\":[{\"@type\":\"ReadAction\",\"target\":[\"https:\/\/www.carideal.com\/blog\/2012\/03\/12\/nouvelle-serie-speciale-citroen-c4-picasso-black-top\/\"]}]},{\"@type\":\"BreadcrumbList\",\"@id\":\"https:\/\/www.carideal.com\/blog\/2012\/03\/12\/nouvelle-serie-speciale-citroen-c4-picasso-black-top\/#breadcrumb\",\"itemListElement\":[{\"@type\":\"ListItem\",\"position\":1,\"name\":\"Blog Carid\u00e9al\",\"item\":\"https:\/\/www.carideal.com\/blog\/\"},{\"@type\":\"ListItem\",\"position\":2,\"name\":\"March\u00e9 automobile\",\"item\":\"https:\/\/www.carideal.com\/blog\/marche-automobile-voiture-neuve-occasion-4x4-suv\/\"},{\"@type\":\"ListItem\",\"position\":3,\"name\":\"Nouvelle serie speciale Citroen C4 Picasso Black Top\"}]},{\"@type\":\"WebSite\",\"@id\":\"https:\/\/www.carideal.com\/blog\/#website\",\"url\":\"https:\/\/www.carideal.com\/blog\/\",\"name\":\"Blog auto Carid\u00e9al\",\"description\":\"Actualit\u00e9 auto par des passionn\u00e9s\",\"publisher\":{\"@id\":\"https:\/\/www.carideal.com\/blog\/#organization\"},\"potentialAction\":[{\"@type\":\"SearchAction\",\"target\":{\"@type\":\"EntryPoint\",\"urlTemplate\":\"https:\/\/www.carideal.com\/blog\/?s={search_term_string}\"},\"query-input\":{\"@type\":\"PropertyValueSpecification\",\"valueRequired\":true,\"valueName\":\"search_term_string\"}}],\"inLanguage\":\"fr-FR\"},{\"@type\":\"Organization\",\"@id\":\"https:\/\/www.carideal.com\/blog\/#organization\",\"name\":\"Carideal\",\"url\":\"https:\/\/www.carideal.com\/blog\/\",\"logo\":{\"@type\":\"ImageObject\",\"inLanguage\":\"fr-FR\",\"@id\":\"https:\/\/www.carideal.com\/blog\/#\/schema\/logo\/image\/\",\"url\":\"http:\/\/www.carideal.com\/blog\/wp-content\/uploads\/2016\/03\/logo-carideal-mandataire-automobile.png\",\"contentUrl\":\"http:\/\/www.carideal.com\/blog\/wp-content\/uploads\/2016\/03\/logo-carideal-mandataire-automobile.png\",\"width\":300,\"height\":300,\"caption\":\"Carideal\"},\"image\":{\"@id\":\"https:\/\/www.carideal.com\/blog\/#\/schema\/logo\/image\/\"},\"sameAs\":[\"https:\/\/www.facebook.com\/Carideal.mandataire.automobile\",\"https:\/\/x.com\/caridealauto\",\"https:\/\/www.instagram.com\/carideal1\/\",\"https:\/\/www.linkedin.com\/company\/carideal.com\",\"https:\/\/fr.pinterest.com\/schiavonsas\/\",\"https:\/\/www.youtube.com\/user\/caridealsas\"]},{\"@type\":\"Person\",\"@id\":\"https:\/\/www.carideal.com\/blog\/#\/schema\/person\/985c7e757d1042d647f21bfaf8d41ebc\",\"name\":\"N.S Carideal\",\"image\":{\"@type\":\"ImageObject\",\"inLanguage\":\"fr-FR\",\"@id\":\"https:\/\/www.carideal.com\/blog\/#\/schema\/person\/image\/\",\"url\":\"https:\/\/secure.gravatar.com\/avatar\/edb7ccdf1a4e3d14aef967760d354d0e?s=96&r=g\",\"contentUrl\":\"https:\/\/secure.gravatar.com\/avatar\/edb7ccdf1a4e3d14aef967760d354d0e?s=96&r=g\",\"caption\":\"N.S Carideal\"},\"description\":\"Depuis tout petit fan d'automobile. Il est question d'essayer et de comparer toutes ces voitures qui nous ont fait r\u00e9ver, avant que celles-ci ne devient uniquement des voitures de collection.\",\"sameAs\":[\"http:\/\/www.carideal.com\/blog\",\"https:\/\/www.facebook.com\/Carideal.mandataire.automobile\/\",\"https:\/\/www.linkedin.com\/in\/nschiavon\/\",\"https:\/\/www.youtube.com\/user\/caridealsas\/\"],\"url\":\"https:\/\/www.carideal.com\/blog\/author\/admin_carideal\/\"}]}<\/script>\n<!-- \/ Yoast SEO plugin. -->","yoast_head_json":{"title":"Nouvelle serie speciale Citroen C4 Picasso Black Top - Blog auto Carid\u00e9al","robots":{"index":"index","follow":"follow","max-snippet":"max-snippet:-1","max-image-preview":"max-image-preview:large","max-video-preview":"max-video-preview:-1"},"canonical":"https:\/\/www.carideal.com\/blog\/2012\/03\/12\/nouvelle-serie-speciale-citroen-c4-picasso-black-top\/","og_locale":"fr_FR","og_type":"article","og_title":"Nouvelle serie speciale Citroen C4 Picasso Black Top - Blog auto Carid\u00e9al","og_description":"Lancement s\u00e9rie sp\u00e9ciale \"Black Top\" au C4 Picasso A partir de la production d'Avril et pour co\u00efncider avec sa pr\u00e9sentation au Salon de l'automobile de Gen\u00e8ve, Citroen pr\u00e9sente une nouvelle s\u00e9rie sp\u00e9ciale Black Top. la s\u00e9rie sp\u00e9ciale BLACK TOP est bas\u00e9e sur les caract\u00e9ristiques de la finition Exclusive plus&nbsp;: GPS navigateur MyWay, roues en aluminium ... Lire plus","og_url":"https:\/\/www.carideal.com\/blog\/2012\/03\/12\/nouvelle-serie-speciale-citroen-c4-picasso-black-top\/","og_site_name":"Blog auto Carid\u00e9al","article_publisher":"https:\/\/www.facebook.com\/Carideal.mandataire.automobile","article_author":"https:\/\/www.facebook.com\/Carideal.mandataire.automobile\/","article_published_time":"2012-03-12T21:45:00+00:00","article_modified_time":"2020-03-07T19:24:28+00:00","og_image":[{"width":300,"height":300,"url":"https:\/\/www.carideal.com\/blog\/wp-content\/uploads\/2016\/03\/logo-carideal-mandataire-automobile.png","type":"image\/png"}],"author":"N.S Carideal","twitter_card":"summary_large_image","twitter_creator":"@caridealauto","twitter_site":"@caridealauto","twitter_misc":{"\u00c9crit par":"N.S Carideal","Dur\u00e9e de lecture estim\u00e9e":"1 minute"},"schema":{"@context":"https:\/\/schema.org","@graph":[{"@type":"Article","@id":"https:\/\/www.carideal.com\/blog\/2012\/03\/12\/nouvelle-serie-speciale-citroen-c4-picasso-black-top\/#article","isPartOf":{"@id":"https:\/\/www.carideal.com\/blog\/2012\/03\/12\/nouvelle-serie-speciale-citroen-c4-picasso-black-top\/"},"author":{"name":"N.S Carideal","@id":"https:\/\/www.carideal.com\/blog\/#\/schema\/person\/985c7e757d1042d647f21bfaf8d41ebc"},"headline":"Nouvelle serie speciale Citroen C4 Picasso Black Top","datePublished":"2012-03-12T21:45:00+00:00","dateModified":"2020-03-07T19:24:28+00:00","mainEntityOfPage":{"@id":"https:\/\/www.carideal.com\/blog\/2012\/03\/12\/nouvelle-serie-speciale-citroen-c4-picasso-black-top\/"},"wordCount":175,"commentCount":0,"publisher":{"@id":"https:\/\/www.carideal.com\/blog\/#organization"},"keywords":["S\u00e9rie Sp\u00e9ciale"],"articleSection":["March\u00e9 automobile"],"inLanguage":"fr-FR","potentialAction":[{"@type":"CommentAction","name":"Comment","target":["https:\/\/www.carideal.com\/blog\/2012\/03\/12\/nouvelle-serie-speciale-citroen-c4-picasso-black-top\/#respond"]}]},{"@type":"WebPage","@id":"https:\/\/www.carideal.com\/blog\/2012\/03\/12\/nouvelle-serie-speciale-citroen-c4-picasso-black-top\/","url":"https:\/\/www.carideal.com\/blog\/2012\/03\/12\/nouvelle-serie-speciale-citroen-c4-picasso-black-top\/","name":"Nouvelle serie speciale Citroen C4 Picasso Black Top - Blog auto Carid\u00e9al","isPartOf":{"@id":"https:\/\/www.carideal.com\/blog\/#website"},"datePublished":"2012-03-12T21:45:00+00:00","dateModified":"2020-03-07T19:24:28+00:00","breadcrumb":{"@id":"https:\/\/www.carideal.com\/blog\/2012\/03\/12\/nouvelle-serie-speciale-citroen-c4-picasso-black-top\/#breadcrumb"},"inLanguage":"fr-FR","potentialAction":[{"@type":"ReadAction","target":["https:\/\/www.carideal.com\/blog\/2012\/03\/12\/nouvelle-serie-speciale-citroen-c4-picasso-black-top\/"]}]},{"@type":"BreadcrumbList","@id":"https:\/\/www.carideal.com\/blog\/2012\/03\/12\/nouvelle-serie-speciale-citroen-c4-picasso-black-top\/#breadcrumb","itemListElement":[{"@type":"ListItem","position":1,"name":"Blog Carid\u00e9al","item":"https:\/\/www.carideal.com\/blog\/"},{"@type":"ListItem","position":2,"name":"March\u00e9 automobile","item":"https:\/\/www.carideal.com\/blog\/marche-automobile-voiture-neuve-occasion-4x4-suv\/"},{"@type":"ListItem","position":3,"name":"Nouvelle serie speciale Citroen C4 Picasso Black Top"}]},{"@type":"WebSite","@id":"https:\/\/www.carideal.com\/blog\/#website","url":"https:\/\/www.carideal.com\/blog\/","name":"Blog auto Carid\u00e9al","description":"Actualit\u00e9 auto par des passionn\u00e9s","publisher":{"@id":"https:\/\/www.carideal.com\/blog\/#organization"},"potentialAction":[{"@type":"SearchAction","target":{"@type":"EntryPoint","urlTemplate":"https:\/\/www.carideal.com\/blog\/?s={search_term_string}"},"query-input":{"@type":"PropertyValueSpecification","valueRequired":true,"valueName":"search_term_string"}}],"inLanguage":"fr-FR"},{"@type":"Organization","@id":"https:\/\/www.carideal.com\/blog\/#organization","name":"Carideal","url":"https:\/\/www.carideal.com\/blog\/","logo":{"@type":"ImageObject","inLanguage":"fr-FR","@id":"https:\/\/www.carideal.com\/blog\/#\/schema\/logo\/image\/","url":"http:\/\/www.carideal.com\/blog\/wp-content\/uploads\/2016\/03\/logo-carideal-mandataire-automobile.png","contentUrl":"http:\/\/www.carideal.com\/blog\/wp-content\/uploads\/2016\/03\/logo-carideal-mandataire-automobile.png","width":300,"height":300,"caption":"Carideal"},"image":{"@id":"https:\/\/www.carideal.com\/blog\/#\/schema\/logo\/image\/"},"sameAs":["https:\/\/www.facebook.com\/Carideal.mandataire.automobile","https:\/\/x.com\/caridealauto","https:\/\/www.instagram.com\/carideal1\/","https:\/\/www.linkedin.com\/company\/carideal.com","https:\/\/fr.pinterest.com\/schiavonsas\/","https:\/\/www.youtube.com\/user\/caridealsas"]},{"@type":"Person","@id":"https:\/\/www.carideal.com\/blog\/#\/schema\/person\/985c7e757d1042d647f21bfaf8d41ebc","name":"N.S Carideal","image":{"@type":"ImageObject","inLanguage":"fr-FR","@id":"https:\/\/www.carideal.com\/blog\/#\/schema\/person\/image\/","url":"https:\/\/secure.gravatar.com\/avatar\/edb7ccdf1a4e3d14aef967760d354d0e?s=96&r=g","contentUrl":"https:\/\/secure.gravatar.com\/avatar\/edb7ccdf1a4e3d14aef967760d354d0e?s=96&r=g","caption":"N.S Carideal"},"description":"Depuis tout petit fan d'automobile. Il est question d'essayer et de comparer toutes ces voitures qui nous ont fait r\u00e9ver, avant que celles-ci ne devient uniquement des voitures de collection.","sameAs":["http:\/\/www.carideal.com\/blog","https:\/\/www.facebook.com\/Carideal.mandataire.automobile\/","https:\/\/www.linkedin.com\/in\/nschiavon\/","https:\/\/www.youtube.com\/user\/caridealsas\/"],"url":"https:\/\/www.carideal.com\/blog\/author\/admin_carideal\/"}]}},"uagb_featured_image_src":{"full":false,"thumbnail":false,"medium":false,"medium_large":false,"large":false,"1536x1536":false,"2048x2048":false,"wppr-widget":false},"uagb_author_info":{"display_name":"N.S Carideal","author_link":"https:\/\/www.carideal.com\/blog\/author\/admin_carideal\/"},"uagb_comment_info":0,"uagb_excerpt":"Lancement s\u00e9rie sp\u00e9ciale \"Black Top\" au C4 Picasso A partir de la production d'Avril et pour co\u00efncider avec sa pr\u00e9sentation au Salon de l'automobile de Gen\u00e8ve, Citroen pr\u00e9sente une nouvelle s\u00e9rie sp\u00e9ciale Black Top. la s\u00e9rie sp\u00e9ciale BLACK TOP est bas\u00e9e sur les caract\u00e9ristiques de la finition Exclusive plus&nbsp;: GPS navigateur MyWay, roues en aluminium\u2026","_links":{"self":[{"href":"https:\/\/www.carideal.com\/blog\/wp-json\/wp\/v2\/posts\/1048"}],"collection":[{"href":"https:\/\/www.carideal.com\/blog\/wp-json\/wp\/v2\/posts"}],"about":[{"href":"https:\/\/www.carideal.com\/blog\/wp-json\/wp\/v2\/types\/post"}],"author":[{"embeddable":true,"href":"https:\/\/www.carideal.com\/blog\/wp-json\/wp\/v2\/users\/1"}],"replies":[{"embeddable":true,"href":"https:\/\/www.carideal.com\/blog\/wp-json\/wp\/v2\/comments?post=1048"}],"version-history":[{"count":0,"href":"https:\/\/www.carideal.com\/blog\/wp-json\/wp\/v2\/posts\/1048\/revisions"}],"wp:attachment":[{"href":"https:\/\/www.carideal.com\/blog\/wp-json\/wp\/v2\/media?parent=1048"}],"wp:term":[{"taxonomy":"category","embeddable":true,"href":"https:\/\/www.carideal.com\/blog\/wp-json\/wp\/v2\/categories?post=1048"},{"taxonomy":"post_tag","embeddable":true,"href":"https:\/\/www.carideal.com\/blog\/wp-json\/wp\/v2\/tags?post=1048"}],"curies":[{"name":"wp","href":"https:\/\/api.w.org\/{rel}","templated":true}]}}