{"id":1046,"date":"2012-03-10T19:35:00","date_gmt":"2012-03-10T19:35:00","guid":{"rendered":"http:\/\/carideal.com\/blog\/?p=1046"},"modified":"2020-03-07T16:46:49","modified_gmt":"2020-03-07T15:46:49","slug":"bmw-m550d-xdrive","status":"publish","type":"post","link":"https:\/\/www.carideal.com\/blog\/2012\/03\/10\/bmw-m550d-xdrive\/","title":{"rendered":"BMW M550d xDRIVE 2012 pr\u00e9sentation"},"content":{"rendered":"<figure style=\"width: 438px\" class=\"wp-caption alignnone\"><img loading=\"lazy\" decoding=\"async\" title=\"BMW M550d xDrive\" src=\"\/blog\/public\/.bmw-m550d-xdrive-achat-carideal-mandataire-auto_m.jpg\" alt=\"BMW M550d xDrive\" width=\"448\" height=\"298\" \/><figcaption class=\"wp-caption-text\">BMW M550d xDrive<\/figcaption><\/figure>\n<h1><strong>BMW M550d xDRIVE monstre de 381 ch diesel<\/strong><\/h1>\n<p><strong>BMW M550d xDRIVE :<\/strong> un moteur diesel de 6 cylindres et\u00a0de 3 litres de cylindr\u00e9e gav\u00e9 par trois turbos fournit 381 ch et 740 Nm de couple \u00e0 cette berline de tr\u00e8s haut vol. Cette version sera disponible en berline 4p et en break touring, mais reste obligatoirement associ\u00e9e \u00e0 la transmission \u00e0 quatre roues motrices xDRIVE.<\/p>\n<p>Ceci est la BMW M550d xDrive. Elle\u00a0est la premiere d'une nouvelle gamme de BMW M Performance Automobiles, fix\u00e9s \u00e0 si\u00e9ger au-dessus des mod\u00e8les M Sport centr\u00e9 sur des kit carroseries et des suspension revus, mais en dessous des s\u00e9ries M. Mais plut\u00f4t que de sport une sorte de moteurque de proposer des moteurs M5 d\u00e9gonfl\u00e9s, ce M550d xDrive dispose d'un moteur diesel (\u00e9quip\u00e9\u00a0d'un triple turbo), quatre roues motrices et une bo\u00eete de vitesses automatique.<\/p>\n<p>Sacril\u00e8ge, ou tout simplement un\u00a0sens des affaires exacerb\u00e9\u00a0? BMW a lanc\u00e9 la premi\u00e8re voiture diesel \u00e0 porter l'\u00e9cusson\u00a0Motorsport. Il faut se mettre derri\u00e8re\u00a0le volant pour savoir si elle est digne de ce petit M sur le capot\u00a0du coffre.<\/p>\n<p><strong>Qu'est-ce qui se passe chez BMW M<\/strong> ? Une fois,\u00a0ils fabriquent des V10 hurlants dans des berlines haut de gamme, une autre des SUV virevoltants et m\u00eame des diesels.\u00a0Alors Pourquoi ont-il fait la BMW M550d xDrive ?<\/p>\n<p>La raison est\u00a0simple et elle est \u00e9conomique. <span style=\"text-decoration: underline;\">BMW<\/span> est dans ce\u00a0business\u00a0pour gagner\u00a0de l'argent et en saupoudrant le badge M est un peu plus dans la gamme, c'est un moyen infaillible pour g\u00e9n\u00e9rer plus de marge.<\/p>\n<p>Deux choses \u00e0 noter ici. Premi\u00e8rement, la\u00a0BMW M550d xDRIVE n'est pas une s\u00e9rie M \u00e0 proprement parler. Elle\u00a0est la premi\u00e8re d'une nouvelle s\u00e9rie de BMW M Performance visant \u00e0 s'ins\u00e9rer dans la gamme au-dessus des mod\u00e8les r\u00e9guliers BMW tels que la 535d, mais en dessous des \u00abvrais\u00bb voitures M, comme la M5. Pensez aux ann\u00e9es 1980, lorsque BMW a produit simultan\u00e9ment la M535i E28 de 218\u00a0ch\u00a0fabriqu\u00e9e en s\u00e9rie et celle fabriqu\u00e9e \u00e0 la main M5 E28 de\u00a0286 ch.<\/p>\n<p>Et le deuxi\u00e8me point d'int\u00e9r\u00eat est que ce n'est pas un moteur diesel ordinaire. Il revendique les m\u00eames\u00a03,0 litres de cylindr\u00e9e que les moteurs six en ligne\u00a0\u00e9quipant les 530d et 550d, mais qui s'arr\u00eate l\u00e0 sur les similitudes, parce que seule une poign\u00e9e de pi\u00e8ces sont partag\u00e9es entre ces diff\u00e9rents blocs moteurs. <strong>Le nouveau moteur propose pas un, pas deux, mais trois turbocompresseurs.<\/strong> Un petit turbo\u00a0tourne rapidement juste audessus\u00a0du ralenti et est ensuite rejoint par un second, un turbo plus gros \u00e0 partir de 1500 tr\/min. A partir 2700 tr\/min, un volet s'ouvre et envoi les gaz d'\u00e9chappement exc\u00e9dentaire des petit turbo et du\u00a0gros turbo, \u00e0\u00a0un troisi\u00e8me, poss\u00e9dant une\u00a0petite g\u00e9om\u00e9trie variable, ultra-r\u00e9actif.<\/p>\n<h2>Trois turbo\u00a0? Eddie Cochran avait-il raison?<\/h2>\n<p>Eh bien, avec 381 ch\u00a0et 740 Nm\u00a0de couple, le coup de pied dans le bas du dos est certainement assez c\u00e9leste, mais vous pouvez compl\u00e8tement oublier les\u00a0trois \u00e9tapes pr\u00e9c\u00e9dentes. En effet l'ensemble du processus est si transparent, que vous n'\u00eates jamais vraiment au courant de tout ce qui\u00a0se passe sous le capot. Il pousse fort du\u00a0ralenti jusqu'\u00e0 la zone rouge, mais l\u00e0 o\u00f9 une 640d (3.0 L, deux turbocompresseurs, 309 ch) serait en train de s'\u00e9touffer\u00a0dans la plage sup\u00e9rieure du compte tour, la BMW M550d xDrive re\u00e7oit un second souffle. En fin de compte, c'est un moteur\u00a0diesel, dont la limite utilisable du compte-tour se situe\u00a0\u00e0 peine pass\u00e9 5000 tr\/min\u00a0et le et le pire de tout ! C'est que tout cela va nous sembler normal compar\u00e9 \u00e0 la fa\u00e7on de monter dans les tours jusqu'\u00e0 la zone rouge dans une M5.<\/p>\n<p>Si l'on en vient \u00e0 parler performance, on ne sait que penser de la M5. La BMW M550d Xdrive abat le 0 \u00e0100 km\/h en un incroyable 4.7\", par rapport \u00e0 4.4\" pour la M5 et 5.5\" pour la 535d. Pourtant, la voiture aux triple turbo peut atteindre 4.42 litres aux 100 km, un peu moins bien que les 5.43 L\/100km de\u00a0la 535d, mais beaucoup mieux que les 9.8 L\/100 km que\u00a0BMW revendique pour la M5. Le son du moteur a \u00e9t\u00e9 travaill\u00e9 et sp\u00e9cialement en mode sport, il resemble plus \u00e0 un bruit de moteur V8 qu'un six cylindres en ligne. BMW attribue cela \u00e0 une utilisation prudente des mat\u00e9riaux isolants, qui ont dop\u00e9 les fr\u00e9quences basses comme celles \u00e9mises par un V8 et at\u00e9nu\u00e9 toutes celles plus hautes.<\/p>\n<h2>Que faire\u00a0avec tout ce couple ?<\/h2>\n<p>On peut se poser la question ; que vat-il se passer se passer avec tout ce couple ? Pas d'inqui\u00e9tude avec le syst\u00e8me \u00e0\u00a0quatre roues motrices xDrive de BMW qui vient raisonner le tout. Donnez-lui un d\u00e9part arr\u00eat\u00e9 sur 400 ou 100 m\u00e8tre, et il vous n'entendrez pa sle moindre\u00a0couinement des pneus. La BMW M550d Xdrive\u00a0est normalement une\u00a0propulsion arri\u00e8re, les roues avant n'\u00e9tant motrices qu'en cas de besoin, vous la sent\u00e9 bien pos\u00e9e, plaisante et l\u00e9g\u00e8re en sous-virage. Poussez vraiment fort\u00a0et vous pourez sentir la voiture se d\u00e9placer sous\u00a0vous, mais ne vous attendez \u00e0 du drif \u00e0 la\u00a0M5 style. Ou, en fin de compte, ni m\u00eame de sensations fortes du style de la M5. Bien que la suspension ai \u00e9t\u00e9 revu, des suspensions\u00a0et des freins renforc\u00e9s\u00a0tir\u00e9s de la 550i font un bon travail pour\u00a0supporter le poids de pr\u00e8s de deux tonnes. C'est du s\u00e9rieux, cela ne vous fera pas rire aux \u00e9clats comme le ferait une berline\u00a0essence appropri\u00e9.<\/p>\n<h2>Alors o\u00f9 est le loup\u00a0?<\/h2>\n<p>Il n'y en a pas un seul, \u00e0 condition que vous vivez en Europe continentale. Le syst\u00e8me de quatre roues motrices ne peut pas (ou ne sera pas) \u00eatre con\u00e7u pour des applications de conduite \u00e0 droite parce que la colonne de direction est dans la voie de la bo\u00eete de transfert. BMW pourrait r\u00e9alistement faire une version \u00e0 propulsion arri\u00e8re pour les\u00a0Roastbeef, mais une voiture avec autant de couple a besoin de la traction suppl\u00e9mentaire des quatre roues motrices. Les English devront se contenter du moteur triple-turbo dans les SUV\u00a0<span style=\"text-decoration: underline;\">X5<\/span> et <span style=\"text-decoration: underline;\">X6<\/span>.<\/p>\n<p>Si on devait \u00eatre pointilleux, on pourrait dire que les am\u00e9liorations visuelles M, certes\u00a0attrayantes, n'en font pas assez. Ok, la\u00a0voiture que nous avons pu essay\u00e9e \u00e9tait \u00e9quip\u00e9e de roues et pneus hiver \u00e0 la palce de la monte d'origine de 19\", mais les garnitures d'habitacle en aluminium, le petit becquet arri\u00e8re et le pare-chocs avant b\u00e9ant ne font rien d'autre que le kit M Sport actuel ne fait pas.<\/p>\n<h2>Verdict de cette prise en main de la BMW M550d Xdrive<\/h2>\n<p>Si vous vous attendez \u00e0 une M5 dans l'ensemble, mais avec une consommation de mazout, vous risquez d'\u00eatre d\u00e9\u00e7u. La BMW M550d Xdrive\u00a0ne distile pas tout \u00e0 fait ce niveau d'excitation. Mais la\u00a0BMW M550d xdrive est une grande voiture dans son genre, un croiseur fantastique d'autoroute pour doubler les autres grosses berlines, \u00e9conomie de carburant au top\u00a0et la s\u00e9curit\u00e9 de quatre roues motrices que les fanas de ski\u00a0exigent. Au moins on est su\u00fbr de ne pas voir d'anglais se planter dans la neige dans nos montagnes\u00a0avec ce magnifique bijou qui vaut quand m\u00eame 91000 \u20ac ce qui repr\u00e9sente\u00a030000 \u20ac\u00a0de moins que la M5. Vous pouvez touchez une M535d \u00e0 partir de 67 000 \u20ac. Vous voyez le tarif est \u00e9lastique.<\/p>\n<h2>Regardez la Video de la BMW M550d xDrive<\/h2>\n<p><iframe loading=\"lazy\" src=\"http:\/\/www.youtube.com\/embed\/Ma-KBPcwRlc\" width=\"640\" height=\"360\" frameborder=\"0\" allowfullscreen=\"allowfullscreen\"><\/iframe><\/p>\n<p>&nbsp;<\/p>\n","protected":false},"excerpt":{"rendered":"<p>BMW M550d xDRIVE monstre de 381 ch diesel BMW M550d xDRIVE : un moteur diesel de 6 cylindres et\u00a0de 3 litres de cylindr\u00e9e gav\u00e9 par trois turbos fournit 381 ch et 740 Nm de couple \u00e0 cette berline de tr\u00e8s haut vol. Cette version sera disponible en berline 4p et en break touring, mais reste &#8230; <a title=\"BMW M550d xDRIVE 2012 pr\u00e9sentation\" class=\"read-more\" href=\"https:\/\/www.carideal.com\/blog\/2012\/03\/10\/bmw-m550d-xdrive\/\" aria-label=\"En savoir plus sur BMW M550d xDRIVE 2012 pr\u00e9sentation\">Lire plus<\/a><\/p>\n","protected":false},"author":1,"featured_media":0,"comment_status":"open","ping_status":"open","sticky":false,"template":"","format":"standard","meta":{"_uag_custom_page_level_css":"","_themeisle_gutenberg_block_has_review":false,"footnotes":""},"categories":[5945,5944,6012,6169,10,5974],"tags":[],"class_list":["post-1046","post","type-post","status-publish","format-standard","hentry","category-bmw","category-constructeur","category-berlines","category-essais-bmw","category-marche-automobile-voiture-neuve-occasion-4x4-suv","category-type-de-vehicule"],"wppr_data":[],"yoast_head":"<!-- This site is optimized with the Yoast SEO plugin v24.8.1 - https:\/\/yoast.com\/wordpress\/plugins\/seo\/ -->\n<title>BMW M550d xDRIVE 2012 pr\u00e9sentation - Blog auto Carid\u00e9al<\/title>\n<meta name=\"description\" content=\"BMW M550d xDRIVE : un moteur diesel de 6 cylindres et de 3 litres de cylindr\u00e9e gav\u00e9 par trois turbos fournit 381 ch et 740 Nm de couple \u00e0 cette berline\" \/>\n<meta name=\"robots\" content=\"index, follow, max-snippet:-1, max-image-preview:large, max-video-preview:-1\" \/>\n<link rel=\"canonical\" href=\"https:\/\/www.carideal.com\/blog\/2012\/03\/10\/bmw-m550d-xdrive\/\" \/>\n<meta property=\"og:locale\" content=\"fr_FR\" \/>\n<meta property=\"og:type\" content=\"article\" \/>\n<meta property=\"og:title\" content=\"BMW M550d xDRIVE 2012 pr\u00e9sentation - Blog auto Carid\u00e9al\" \/>\n<meta property=\"og:description\" content=\"BMW M550d xDRIVE : un moteur diesel de 6 cylindres et de 3 litres de cylindr\u00e9e gav\u00e9 par trois turbos fournit 381 ch et 740 Nm de couple \u00e0 cette berline\" \/>\n<meta property=\"og:url\" content=\"https:\/\/www.carideal.com\/blog\/2012\/03\/10\/bmw-m550d-xdrive\/\" \/>\n<meta property=\"og:site_name\" content=\"Blog auto Carid\u00e9al\" \/>\n<meta property=\"article:publisher\" content=\"https:\/\/www.facebook.com\/Carideal.mandataire.automobile\" \/>\n<meta property=\"article:author\" content=\"https:\/\/www.facebook.com\/Carideal.mandataire.automobile\/\" \/>\n<meta property=\"article:published_time\" content=\"2012-03-10T19:35:00+00:00\" \/>\n<meta property=\"article:modified_time\" content=\"2020-03-07T15:46:49+00:00\" \/>\n<meta property=\"og:image\" content=\"https:\/\/www.carideal.com\/blog\/wp-content\/uploads\/2016\/03\/logo-carideal-mandataire-automobile.png\" \/>\n\t<meta property=\"og:image:width\" content=\"300\" \/>\n\t<meta property=\"og:image:height\" content=\"300\" \/>\n\t<meta property=\"og:image:type\" content=\"image\/png\" \/>\n<meta name=\"author\" content=\"N.S Carideal\" \/>\n<meta name=\"twitter:card\" content=\"summary_large_image\" \/>\n<meta name=\"twitter:creator\" content=\"@caridealauto\" \/>\n<meta name=\"twitter:site\" content=\"@caridealauto\" \/>\n<meta name=\"twitter:label1\" content=\"\u00c9crit par\" \/>\n\t<meta name=\"twitter:data1\" content=\"N.S Carideal\" \/>\n\t<meta name=\"twitter:label2\" content=\"Dur\u00e9e de lecture estim\u00e9e\" \/>\n\t<meta name=\"twitter:data2\" content=\"6 minutes\" \/>\n<script type=\"application\/ld+json\" class=\"yoast-schema-graph\">{\"@context\":\"https:\/\/schema.org\",\"@graph\":[{\"@type\":\"Article\",\"@id\":\"https:\/\/www.carideal.com\/blog\/2012\/03\/10\/bmw-m550d-xdrive\/#article\",\"isPartOf\":{\"@id\":\"https:\/\/www.carideal.com\/blog\/2012\/03\/10\/bmw-m550d-xdrive\/\"},\"author\":{\"name\":\"N.S Carideal\",\"@id\":\"https:\/\/www.carideal.com\/blog\/#\/schema\/person\/985c7e757d1042d647f21bfaf8d41ebc\"},\"headline\":\"BMW M550d xDRIVE 2012 pr\u00e9sentation\",\"datePublished\":\"2012-03-10T19:35:00+00:00\",\"dateModified\":\"2020-03-07T15:46:49+00:00\",\"mainEntityOfPage\":{\"@id\":\"https:\/\/www.carideal.com\/blog\/2012\/03\/10\/bmw-m550d-xdrive\/\"},\"wordCount\":1305,\"commentCount\":0,\"publisher\":{\"@id\":\"https:\/\/www.carideal.com\/blog\/#organization\"},\"articleSection\":[\"Actualit\u00e9 BMW\",\"Actualit\u00e9 Constructeur automobile\",\"Berlines\",\"Essais BMW\",\"March\u00e9 automobile\",\"Type de v\u00e9hicule\"],\"inLanguage\":\"fr-FR\",\"potentialAction\":[{\"@type\":\"CommentAction\",\"name\":\"Comment\",\"target\":[\"https:\/\/www.carideal.com\/blog\/2012\/03\/10\/bmw-m550d-xdrive\/#respond\"]}]},{\"@type\":\"WebPage\",\"@id\":\"https:\/\/www.carideal.com\/blog\/2012\/03\/10\/bmw-m550d-xdrive\/\",\"url\":\"https:\/\/www.carideal.com\/blog\/2012\/03\/10\/bmw-m550d-xdrive\/\",\"name\":\"BMW M550d xDRIVE 2012 pr\u00e9sentation - Blog auto Carid\u00e9al\",\"isPartOf\":{\"@id\":\"https:\/\/www.carideal.com\/blog\/#website\"},\"datePublished\":\"2012-03-10T19:35:00+00:00\",\"dateModified\":\"2020-03-07T15:46:49+00:00\",\"description\":\"BMW M550d xDRIVE : un moteur diesel de 6 cylindres et de 3 litres de cylindr\u00e9e gav\u00e9 par trois turbos fournit 381 ch et 740 Nm de couple \u00e0 cette berline\",\"breadcrumb\":{\"@id\":\"https:\/\/www.carideal.com\/blog\/2012\/03\/10\/bmw-m550d-xdrive\/#breadcrumb\"},\"inLanguage\":\"fr-FR\",\"potentialAction\":[{\"@type\":\"ReadAction\",\"target\":[\"https:\/\/www.carideal.com\/blog\/2012\/03\/10\/bmw-m550d-xdrive\/\"]}]},{\"@type\":\"BreadcrumbList\",\"@id\":\"https:\/\/www.carideal.com\/blog\/2012\/03\/10\/bmw-m550d-xdrive\/#breadcrumb\",\"itemListElement\":[{\"@type\":\"ListItem\",\"position\":1,\"name\":\"Blog Carid\u00e9al\",\"item\":\"https:\/\/www.carideal.com\/blog\/\"},{\"@type\":\"ListItem\",\"position\":2,\"name\":\"March\u00e9 automobile\",\"item\":\"https:\/\/www.carideal.com\/blog\/marche-automobile-voiture-neuve-occasion-4x4-suv\/\"},{\"@type\":\"ListItem\",\"position\":3,\"name\":\"BMW M550d xDRIVE 2012 pr\u00e9sentation\"}]},{\"@type\":\"WebSite\",\"@id\":\"https:\/\/www.carideal.com\/blog\/#website\",\"url\":\"https:\/\/www.carideal.com\/blog\/\",\"name\":\"Blog auto Carid\u00e9al\",\"description\":\"Actualit\u00e9 auto par des passionn\u00e9s\",\"publisher\":{\"@id\":\"https:\/\/www.carideal.com\/blog\/#organization\"},\"potentialAction\":[{\"@type\":\"SearchAction\",\"target\":{\"@type\":\"EntryPoint\",\"urlTemplate\":\"https:\/\/www.carideal.com\/blog\/?s={search_term_string}\"},\"query-input\":{\"@type\":\"PropertyValueSpecification\",\"valueRequired\":true,\"valueName\":\"search_term_string\"}}],\"inLanguage\":\"fr-FR\"},{\"@type\":\"Organization\",\"@id\":\"https:\/\/www.carideal.com\/blog\/#organization\",\"name\":\"Carideal\",\"url\":\"https:\/\/www.carideal.com\/blog\/\",\"logo\":{\"@type\":\"ImageObject\",\"inLanguage\":\"fr-FR\",\"@id\":\"https:\/\/www.carideal.com\/blog\/#\/schema\/logo\/image\/\",\"url\":\"http:\/\/www.carideal.com\/blog\/wp-content\/uploads\/2016\/03\/logo-carideal-mandataire-automobile.png\",\"contentUrl\":\"http:\/\/www.carideal.com\/blog\/wp-content\/uploads\/2016\/03\/logo-carideal-mandataire-automobile.png\",\"width\":300,\"height\":300,\"caption\":\"Carideal\"},\"image\":{\"@id\":\"https:\/\/www.carideal.com\/blog\/#\/schema\/logo\/image\/\"},\"sameAs\":[\"https:\/\/www.facebook.com\/Carideal.mandataire.automobile\",\"https:\/\/x.com\/caridealauto\",\"https:\/\/www.instagram.com\/carideal1\/\",\"https:\/\/www.linkedin.com\/company\/carideal.com\",\"https:\/\/fr.pinterest.com\/schiavonsas\/\",\"https:\/\/www.youtube.com\/user\/caridealsas\"]},{\"@type\":\"Person\",\"@id\":\"https:\/\/www.carideal.com\/blog\/#\/schema\/person\/985c7e757d1042d647f21bfaf8d41ebc\",\"name\":\"N.S Carideal\",\"image\":{\"@type\":\"ImageObject\",\"inLanguage\":\"fr-FR\",\"@id\":\"https:\/\/www.carideal.com\/blog\/#\/schema\/person\/image\/\",\"url\":\"https:\/\/secure.gravatar.com\/avatar\/edb7ccdf1a4e3d14aef967760d354d0e?s=96&r=g\",\"contentUrl\":\"https:\/\/secure.gravatar.com\/avatar\/edb7ccdf1a4e3d14aef967760d354d0e?s=96&r=g\",\"caption\":\"N.S Carideal\"},\"description\":\"Depuis tout petit fan d'automobile. Il est question d'essayer et de comparer toutes ces voitures qui nous ont fait r\u00e9ver, avant que celles-ci ne devient uniquement des voitures de collection.\",\"sameAs\":[\"http:\/\/www.carideal.com\/blog\",\"https:\/\/www.facebook.com\/Carideal.mandataire.automobile\/\",\"https:\/\/www.linkedin.com\/in\/nschiavon\/\",\"https:\/\/www.youtube.com\/user\/caridealsas\/\"],\"url\":\"https:\/\/www.carideal.com\/blog\/author\/admin_carideal\/\"}]}<\/script>\n<!-- \/ Yoast SEO plugin. -->","yoast_head_json":{"title":"BMW M550d xDRIVE 2012 pr\u00e9sentation - Blog auto Carid\u00e9al","description":"BMW M550d xDRIVE : un moteur diesel de 6 cylindres et de 3 litres de cylindr\u00e9e gav\u00e9 par trois turbos fournit 381 ch et 740 Nm de couple \u00e0 cette berline","robots":{"index":"index","follow":"follow","max-snippet":"max-snippet:-1","max-image-preview":"max-image-preview:large","max-video-preview":"max-video-preview:-1"},"canonical":"https:\/\/www.carideal.com\/blog\/2012\/03\/10\/bmw-m550d-xdrive\/","og_locale":"fr_FR","og_type":"article","og_title":"BMW M550d xDRIVE 2012 pr\u00e9sentation - Blog auto Carid\u00e9al","og_description":"BMW M550d xDRIVE : un moteur diesel de 6 cylindres et de 3 litres de cylindr\u00e9e gav\u00e9 par trois turbos fournit 381 ch et 740 Nm de couple \u00e0 cette berline","og_url":"https:\/\/www.carideal.com\/blog\/2012\/03\/10\/bmw-m550d-xdrive\/","og_site_name":"Blog auto Carid\u00e9al","article_publisher":"https:\/\/www.facebook.com\/Carideal.mandataire.automobile","article_author":"https:\/\/www.facebook.com\/Carideal.mandataire.automobile\/","article_published_time":"2012-03-10T19:35:00+00:00","article_modified_time":"2020-03-07T15:46:49+00:00","og_image":[{"width":300,"height":300,"url":"https:\/\/www.carideal.com\/blog\/wp-content\/uploads\/2016\/03\/logo-carideal-mandataire-automobile.png","type":"image\/png"}],"author":"N.S Carideal","twitter_card":"summary_large_image","twitter_creator":"@caridealauto","twitter_site":"@caridealauto","twitter_misc":{"\u00c9crit par":"N.S Carideal","Dur\u00e9e de lecture estim\u00e9e":"6 minutes"},"schema":{"@context":"https:\/\/schema.org","@graph":[{"@type":"Article","@id":"https:\/\/www.carideal.com\/blog\/2012\/03\/10\/bmw-m550d-xdrive\/#article","isPartOf":{"@id":"https:\/\/www.carideal.com\/blog\/2012\/03\/10\/bmw-m550d-xdrive\/"},"author":{"name":"N.S Carideal","@id":"https:\/\/www.carideal.com\/blog\/#\/schema\/person\/985c7e757d1042d647f21bfaf8d41ebc"},"headline":"BMW M550d xDRIVE 2012 pr\u00e9sentation","datePublished":"2012-03-10T19:35:00+00:00","dateModified":"2020-03-07T15:46:49+00:00","mainEntityOfPage":{"@id":"https:\/\/www.carideal.com\/blog\/2012\/03\/10\/bmw-m550d-xdrive\/"},"wordCount":1305,"commentCount":0,"publisher":{"@id":"https:\/\/www.carideal.com\/blog\/#organization"},"articleSection":["Actualit\u00e9 BMW","Actualit\u00e9 Constructeur automobile","Berlines","Essais BMW","March\u00e9 automobile","Type de v\u00e9hicule"],"inLanguage":"fr-FR","potentialAction":[{"@type":"CommentAction","name":"Comment","target":["https:\/\/www.carideal.com\/blog\/2012\/03\/10\/bmw-m550d-xdrive\/#respond"]}]},{"@type":"WebPage","@id":"https:\/\/www.carideal.com\/blog\/2012\/03\/10\/bmw-m550d-xdrive\/","url":"https:\/\/www.carideal.com\/blog\/2012\/03\/10\/bmw-m550d-xdrive\/","name":"BMW M550d xDRIVE 2012 pr\u00e9sentation - Blog auto Carid\u00e9al","isPartOf":{"@id":"https:\/\/www.carideal.com\/blog\/#website"},"datePublished":"2012-03-10T19:35:00+00:00","dateModified":"2020-03-07T15:46:49+00:00","description":"BMW M550d xDRIVE : un moteur diesel de 6 cylindres et de 3 litres de cylindr\u00e9e gav\u00e9 par trois turbos fournit 381 ch et 740 Nm de couple \u00e0 cette berline","breadcrumb":{"@id":"https:\/\/www.carideal.com\/blog\/2012\/03\/10\/bmw-m550d-xdrive\/#breadcrumb"},"inLanguage":"fr-FR","potentialAction":[{"@type":"ReadAction","target":["https:\/\/www.carideal.com\/blog\/2012\/03\/10\/bmw-m550d-xdrive\/"]}]},{"@type":"BreadcrumbList","@id":"https:\/\/www.carideal.com\/blog\/2012\/03\/10\/bmw-m550d-xdrive\/#breadcrumb","itemListElement":[{"@type":"ListItem","position":1,"name":"Blog Carid\u00e9al","item":"https:\/\/www.carideal.com\/blog\/"},{"@type":"ListItem","position":2,"name":"March\u00e9 automobile","item":"https:\/\/www.carideal.com\/blog\/marche-automobile-voiture-neuve-occasion-4x4-suv\/"},{"@type":"ListItem","position":3,"name":"BMW M550d xDRIVE 2012 pr\u00e9sentation"}]},{"@type":"WebSite","@id":"https:\/\/www.carideal.com\/blog\/#website","url":"https:\/\/www.carideal.com\/blog\/","name":"Blog auto Carid\u00e9al","description":"Actualit\u00e9 auto par des passionn\u00e9s","publisher":{"@id":"https:\/\/www.carideal.com\/blog\/#organization"},"potentialAction":[{"@type":"SearchAction","target":{"@type":"EntryPoint","urlTemplate":"https:\/\/www.carideal.com\/blog\/?s={search_term_string}"},"query-input":{"@type":"PropertyValueSpecification","valueRequired":true,"valueName":"search_term_string"}}],"inLanguage":"fr-FR"},{"@type":"Organization","@id":"https:\/\/www.carideal.com\/blog\/#organization","name":"Carideal","url":"https:\/\/www.carideal.com\/blog\/","logo":{"@type":"ImageObject","inLanguage":"fr-FR","@id":"https:\/\/www.carideal.com\/blog\/#\/schema\/logo\/image\/","url":"http:\/\/www.carideal.com\/blog\/wp-content\/uploads\/2016\/03\/logo-carideal-mandataire-automobile.png","contentUrl":"http:\/\/www.carideal.com\/blog\/wp-content\/uploads\/2016\/03\/logo-carideal-mandataire-automobile.png","width":300,"height":300,"caption":"Carideal"},"image":{"@id":"https:\/\/www.carideal.com\/blog\/#\/schema\/logo\/image\/"},"sameAs":["https:\/\/www.facebook.com\/Carideal.mandataire.automobile","https:\/\/x.com\/caridealauto","https:\/\/www.instagram.com\/carideal1\/","https:\/\/www.linkedin.com\/company\/carideal.com","https:\/\/fr.pinterest.com\/schiavonsas\/","https:\/\/www.youtube.com\/user\/caridealsas"]},{"@type":"Person","@id":"https:\/\/www.carideal.com\/blog\/#\/schema\/person\/985c7e757d1042d647f21bfaf8d41ebc","name":"N.S Carideal","image":{"@type":"ImageObject","inLanguage":"fr-FR","@id":"https:\/\/www.carideal.com\/blog\/#\/schema\/person\/image\/","url":"https:\/\/secure.gravatar.com\/avatar\/edb7ccdf1a4e3d14aef967760d354d0e?s=96&r=g","contentUrl":"https:\/\/secure.gravatar.com\/avatar\/edb7ccdf1a4e3d14aef967760d354d0e?s=96&r=g","caption":"N.S Carideal"},"description":"Depuis tout petit fan d'automobile. Il est question d'essayer et de comparer toutes ces voitures qui nous ont fait r\u00e9ver, avant que celles-ci ne devient uniquement des voitures de collection.","sameAs":["http:\/\/www.carideal.com\/blog","https:\/\/www.facebook.com\/Carideal.mandataire.automobile\/","https:\/\/www.linkedin.com\/in\/nschiavon\/","https:\/\/www.youtube.com\/user\/caridealsas\/"],"url":"https:\/\/www.carideal.com\/blog\/author\/admin_carideal\/"}]}},"uagb_featured_image_src":{"full":false,"thumbnail":false,"medium":false,"medium_large":false,"large":false,"1536x1536":false,"2048x2048":false,"wppr-widget":false},"uagb_author_info":{"display_name":"N.S Carideal","author_link":"https:\/\/www.carideal.com\/blog\/author\/admin_carideal\/"},"uagb_comment_info":0,"uagb_excerpt":"BMW M550d xDRIVE monstre de 381 ch diesel BMW M550d xDRIVE : un moteur diesel de 6 cylindres et\u00a0de 3 litres de cylindr\u00e9e gav\u00e9 par trois turbos fournit 381 ch et 740 Nm de couple \u00e0 cette berline de tr\u00e8s haut vol. Cette version sera disponible en berline 4p et en break touring, mais reste\u2026","_links":{"self":[{"href":"https:\/\/www.carideal.com\/blog\/wp-json\/wp\/v2\/posts\/1046"}],"collection":[{"href":"https:\/\/www.carideal.com\/blog\/wp-json\/wp\/v2\/posts"}],"about":[{"href":"https:\/\/www.carideal.com\/blog\/wp-json\/wp\/v2\/types\/post"}],"author":[{"embeddable":true,"href":"https:\/\/www.carideal.com\/blog\/wp-json\/wp\/v2\/users\/1"}],"replies":[{"embeddable":true,"href":"https:\/\/www.carideal.com\/blog\/wp-json\/wp\/v2\/comments?post=1046"}],"version-history":[{"count":0,"href":"https:\/\/www.carideal.com\/blog\/wp-json\/wp\/v2\/posts\/1046\/revisions"}],"wp:attachment":[{"href":"https:\/\/www.carideal.com\/blog\/wp-json\/wp\/v2\/media?parent=1046"}],"wp:term":[{"taxonomy":"category","embeddable":true,"href":"https:\/\/www.carideal.com\/blog\/wp-json\/wp\/v2\/categories?post=1046"},{"taxonomy":"post_tag","embeddable":true,"href":"https:\/\/www.carideal.com\/blog\/wp-json\/wp\/v2\/tags?post=1046"}],"curies":[{"name":"wp","href":"https:\/\/api.w.org\/{rel}","templated":true}]}}