{"id":1035,"date":"2012-02-29T21:40:00","date_gmt":"2012-02-29T21:40:00","guid":{"rendered":"http:\/\/carideal.com\/blog\/?p=1035"},"modified":"2019-12-06T16:12:34","modified_gmt":"2019-12-06T15:12:34","slug":"nouvelle-citroen-ds3-racing-sebastien-loeb","status":"publish","type":"post","link":"https:\/\/www.carideal.com\/blog\/2012\/02\/29\/nouvelle-citroen-ds3-racing-sebastien-loeb\/","title":{"rendered":"Nouvelle Citroen DS3 Racing Sebastien Loeb"},"content":{"rendered":"<h2>Nouvelle Citroen DS3 Racing Sebastien Loeb<\/h2>\n<p>&nbsp;<\/p>\n<p><strong>La s\u00e9rie sp\u00e9ciale DS3 Racing Sebastien Loeb<\/strong><\/p>\n<p>Citroen veut surfer sur la vague du succ\u00e8s le la DS3, avec plus de 140 000 voitures vendues, car il est ind\u00e9niable que la <a href=\"http:\/\/www.carideal.com\/blog\/2016\/01\/22\/nouvelle-ds3-2016\/\">DS3<\/a> est un franc succ\u00e8s, et surtout \u00e0 la gloire de notre octuple champion du monde de WRC Sebastien Loeb.<\/p>\n<figure id=\"attachment_20371\" aria-describedby=\"caption-attachment-20371\" style=\"width: 438px\" class=\"wp-caption alignnone\"><img loading=\"lazy\" decoding=\"async\" class=\"size-full wp-image-20371\" src=\"http:\/\/www.carideal.com\/blog\/wp-content\/uploads\/2012\/02\/citroen-ds3-racing-s-loeb-edition-2012-09-achat-carideal-mandataire-automobile_m.jpg\" alt=\"Nouvelle Citroen DS3 Racing Sebastien Loeb\" width=\"448\" height=\"298\" srcset=\"https:\/\/www.carideal.com\/blog\/wp-content\/uploads\/2012\/02\/citroen-ds3-racing-s-loeb-edition-2012-09-achat-carideal-mandataire-automobile_m.jpg 448w, https:\/\/www.carideal.com\/blog\/wp-content\/uploads\/2012\/02\/citroen-ds3-racing-s-loeb-edition-2012-09-achat-carideal-mandataire-automobile_m-300x200.jpg 300w, https:\/\/www.carideal.com\/blog\/wp-content\/uploads\/2012\/02\/citroen-ds3-racing-s-loeb-edition-2012-09-achat-carideal-mandataire-automobile_m-50x33.jpg 50w, https:\/\/www.carideal.com\/blog\/wp-content\/uploads\/2012\/02\/citroen-ds3-racing-s-loeb-edition-2012-09-achat-carideal-mandataire-automobile_m-110x73.jpg 110w, https:\/\/www.carideal.com\/blog\/wp-content\/uploads\/2012\/02\/citroen-ds3-racing-s-loeb-edition-2012-09-achat-carideal-mandataire-automobile_m-420x279.jpg 420w, https:\/\/www.carideal.com\/blog\/wp-content\/uploads\/2012\/02\/citroen-ds3-racing-s-loeb-edition-2012-09-achat-carideal-mandataire-automobile_m-272x182.jpg 272w\" sizes=\"(max-width: 448px) 100vw, 448px\" \/><figcaption id=\"caption-attachment-20371\" class=\"wp-caption-text\">Nouvelle Citroen DS3 Racing Sebastien Loeb<\/figcaption><\/figure>\n<p>Citro\u00ebn a annonc\u00e9 ses principales attractions pour le Salon de l'automobile de Gen\u00e8ve qui d\u00e9butera dans une semaine, le 6 mars, dont la DS3 Racing S. Loeb \u00e9dition limit\u00e9e.<br \/>\nCitro\u00ebn a annonc\u00e9 ses principales attractions pour le Salon de l'auto de Gen\u00e8ve qui d\u00e9butera dans une semaine le 6 mars prochain. Outre le <a href=\"http:\/\/www.carideal.com\/blog\/2012\/03\/19\/citroen-c4-aircross\/\">C4 Aircross SUV<\/a>, le concept DS4 Racing et le <a href=\"http:\/\/www.carideal.com\/blog\/2012\/06\/12\/citroen-c1-2\/\">lifting de la C1<\/a> d\u00e9j\u00e0 annonc\u00e9s, le constructeur automobile fran\u00e7ais mettra \u00e9galement en avant la DS3 Racing S. Loeb en \u00e9dition limit\u00e9e.<\/p>\n<p>La Citro\u00ebn DS3 Racing S\u00e9bastien Loeb en \u00e9dition limit\u00e9e, bas\u00e9e sur le mod\u00e8le DS3 Racing, sera limit\u00e9e \u00e0 200 exemplaires, chacun sign\u00e9 par le champion du rallye lui-m\u00eame. Le mod\u00e8le est \u00e9quip\u00e9 du syst\u00e8me de navigation <a href=\"http:\/\/www.carideal.com\/blog\/garage-automobile\/mise-a-jour-gps-citroen-peugeot\/\">MyWay<\/a> de Citro\u00ebn et pr\u00e9sente des couleurs et des mat\u00e9riaux sp\u00e9ciaux tels qu'un fini ext\u00e9rieur noir mat avec un effet textur\u00e9. Le toit, les r\u00e9troviseurs ext\u00e9rieurs, la calandre, le tableau de bord et la base du levier de vitesses sont tous de couleur rouge contrastante, ainsi que des autocollants sp\u00e9ciaux en s\u00e9rie limit\u00e9e et une plaque d'identification num\u00e9rot\u00e9e sur le rev\u00eatement du toit.<\/p>\n<p>Parmi les autres premi\u00e8res notables, citons le <a href=\"http:\/\/www.carideal.com\/blog\/2015\/02\/25\/presentation-du-nouveau-citroen-berlingo-2015\/\">Berlingo Multispace<\/a>, <a href=\"http:\/\/www.carideal.com\/blog\/marque-de-voiture-actualites-essais\/citroen\/c3\/\">Citroen C3<\/a> (version de production) et <a href=\"http:\/\/www.carideal.com\/blog\/2015\/06\/08\/nouvelle-ds4-2015\/\">DS4<\/a> &amp; <a href=\"http:\/\/www.carideal.com\/blog\/marque-de-voiture-actualites-essais\/ds\/ds5\/\">DS5<\/a> Paris Rendez-Vous en \u00e9ditions limit\u00e9es.<\/p>\n<figure id=\"attachment_20372\" aria-describedby=\"caption-attachment-20372\" style=\"width: 438px\" class=\"wp-caption alignnone\"><img loading=\"lazy\" decoding=\"async\" class=\"size-full wp-image-20372\" src=\"http:\/\/www.carideal.com\/blog\/wp-content\/uploads\/2012\/02\/citroen-ds3-racing-s-loeb-edition-2012-achat-carideal_m.jpg\" alt=\"Magnifique couleur pour cette DS3 racing\" width=\"448\" height=\"318\" srcset=\"https:\/\/www.carideal.com\/blog\/wp-content\/uploads\/2012\/02\/citroen-ds3-racing-s-loeb-edition-2012-achat-carideal_m.jpg 448w, https:\/\/www.carideal.com\/blog\/wp-content\/uploads\/2012\/02\/citroen-ds3-racing-s-loeb-edition-2012-achat-carideal_m-300x213.jpg 300w, https:\/\/www.carideal.com\/blog\/wp-content\/uploads\/2012\/02\/citroen-ds3-racing-s-loeb-edition-2012-achat-carideal_m-50x35.jpg 50w, https:\/\/www.carideal.com\/blog\/wp-content\/uploads\/2012\/02\/citroen-ds3-racing-s-loeb-edition-2012-achat-carideal_m-110x78.jpg 110w, https:\/\/www.carideal.com\/blog\/wp-content\/uploads\/2012\/02\/citroen-ds3-racing-s-loeb-edition-2012-achat-carideal_m-420x298.jpg 420w\" sizes=\"(max-width: 448px) 100vw, 448px\" \/><figcaption id=\"caption-attachment-20372\" class=\"wp-caption-text\">Magnifique couleur pour cette DS3 racing<\/figcaption><\/figure>\n<p>Le constructeur aurait tort de s'en priver d'ailleurs. C'est une chance inou\u00efe pour <a href=\"http:\/\/www.carideal.com\/blog\/marque-de-voiture-actualites-essais\/citroen\/\">Citroen<\/a>.<\/p>\n<figure id=\"attachment_20373\" aria-describedby=\"caption-attachment-20373\" style=\"width: 438px\" class=\"wp-caption alignnone\"><img loading=\"lazy\" decoding=\"async\" class=\"size-full wp-image-20373\" src=\"http:\/\/www.carideal.com\/blog\/wp-content\/uploads\/2012\/02\/citroen-ds3-racing-s-loeb-edition-2012-06-achat-carideal-mandataire-automobile_m.jpg\" alt=\"DS3 racing Sebastien Loeb\" width=\"448\" height=\"216\" srcset=\"https:\/\/www.carideal.com\/blog\/wp-content\/uploads\/2012\/02\/citroen-ds3-racing-s-loeb-edition-2012-06-achat-carideal-mandataire-automobile_m.jpg 448w, https:\/\/www.carideal.com\/blog\/wp-content\/uploads\/2012\/02\/citroen-ds3-racing-s-loeb-edition-2012-06-achat-carideal-mandataire-automobile_m-300x145.jpg 300w, https:\/\/www.carideal.com\/blog\/wp-content\/uploads\/2012\/02\/citroen-ds3-racing-s-loeb-edition-2012-06-achat-carideal-mandataire-automobile_m-50x24.jpg 50w, https:\/\/www.carideal.com\/blog\/wp-content\/uploads\/2012\/02\/citroen-ds3-racing-s-loeb-edition-2012-06-achat-carideal-mandataire-automobile_m-110x53.jpg 110w, https:\/\/www.carideal.com\/blog\/wp-content\/uploads\/2012\/02\/citroen-ds3-racing-s-loeb-edition-2012-06-achat-carideal-mandataire-automobile_m-420x203.jpg 420w\" sizes=\"(max-width: 448px) 100vw, 448px\" \/><figcaption id=\"caption-attachment-20373\" class=\"wp-caption-text\">DS3 racing Sebastien Loeb<\/figcaption><\/figure>\n<p>Le moteur reste le m\u00eame c'est le 1.6 THP de 202 ch.<\/p>\n<figure id=\"attachment_20374\" aria-describedby=\"caption-attachment-20374\" style=\"width: 438px\" class=\"wp-caption alignnone\"><img loading=\"lazy\" decoding=\"async\" class=\"size-full wp-image-20374\" src=\"http:\/\/www.carideal.com\/blog\/wp-content\/uploads\/2012\/02\/citroen-ds3-racing-s-loeb-edition-2012-04-achat-carideal-mandataire-automobile_m.jpg\" alt=\"Citroen DS3 racing Loeb Les belles couleurs avec un beau rouge\" width=\"448\" height=\"298\" srcset=\"https:\/\/www.carideal.com\/blog\/wp-content\/uploads\/2012\/02\/citroen-ds3-racing-s-loeb-edition-2012-04-achat-carideal-mandataire-automobile_m.jpg 448w, https:\/\/www.carideal.com\/blog\/wp-content\/uploads\/2012\/02\/citroen-ds3-racing-s-loeb-edition-2012-04-achat-carideal-mandataire-automobile_m-300x200.jpg 300w, https:\/\/www.carideal.com\/blog\/wp-content\/uploads\/2012\/02\/citroen-ds3-racing-s-loeb-edition-2012-04-achat-carideal-mandataire-automobile_m-50x33.jpg 50w, https:\/\/www.carideal.com\/blog\/wp-content\/uploads\/2012\/02\/citroen-ds3-racing-s-loeb-edition-2012-04-achat-carideal-mandataire-automobile_m-110x73.jpg 110w, https:\/\/www.carideal.com\/blog\/wp-content\/uploads\/2012\/02\/citroen-ds3-racing-s-loeb-edition-2012-04-achat-carideal-mandataire-automobile_m-420x279.jpg 420w, https:\/\/www.carideal.com\/blog\/wp-content\/uploads\/2012\/02\/citroen-ds3-racing-s-loeb-edition-2012-04-achat-carideal-mandataire-automobile_m-272x182.jpg 272w\" sizes=\"(max-width: 448px) 100vw, 448px\" \/><figcaption id=\"caption-attachment-20374\" class=\"wp-caption-text\">Citroen DS3 racing Loeb Les belles couleurs avec un beau rouge<\/figcaption><\/figure>\n<p>La voiture sera propos\u00e9e dans une peinture sp\u00e9ciale noir mat avec un toit rouge Aden ainsi que l'int\u00e9rieur et des autocollants sp\u00e9cifiques \u00e0 la m\u00e9moire de S\u00e9bastien Loeb et de ses huit victoires. L'int\u00e9rieur sera agr\u00e9ment\u00e9 du GPS Myway.<\/p>\n<p>&nbsp;<\/p>\n<figure id=\"attachment_20375\" aria-describedby=\"caption-attachment-20375\" style=\"width: 438px\" class=\"wp-caption alignnone\"><img loading=\"lazy\" decoding=\"async\" class=\"size-full wp-image-20375\" src=\"http:\/\/www.carideal.com\/blog\/wp-content\/uploads\/2012\/02\/citroen-ds3-racing-s-loeb-edition-2012-03-achat-carideal-mandataire-automobile_m.jpg\" alt=\"Citroen DS3 racing Sebastien Loeb avec le 8 Les autocollants 8....ann\u00e9es cons\u00e9cutives depuis 2004...\" width=\"448\" height=\"298\" srcset=\"https:\/\/www.carideal.com\/blog\/wp-content\/uploads\/2012\/02\/citroen-ds3-racing-s-loeb-edition-2012-03-achat-carideal-mandataire-automobile_m.jpg 448w, https:\/\/www.carideal.com\/blog\/wp-content\/uploads\/2012\/02\/citroen-ds3-racing-s-loeb-edition-2012-03-achat-carideal-mandataire-automobile_m-300x200.jpg 300w, https:\/\/www.carideal.com\/blog\/wp-content\/uploads\/2012\/02\/citroen-ds3-racing-s-loeb-edition-2012-03-achat-carideal-mandataire-automobile_m-50x33.jpg 50w, https:\/\/www.carideal.com\/blog\/wp-content\/uploads\/2012\/02\/citroen-ds3-racing-s-loeb-edition-2012-03-achat-carideal-mandataire-automobile_m-110x73.jpg 110w, https:\/\/www.carideal.com\/blog\/wp-content\/uploads\/2012\/02\/citroen-ds3-racing-s-loeb-edition-2012-03-achat-carideal-mandataire-automobile_m-420x279.jpg 420w, https:\/\/www.carideal.com\/blog\/wp-content\/uploads\/2012\/02\/citroen-ds3-racing-s-loeb-edition-2012-03-achat-carideal-mandataire-automobile_m-272x182.jpg 272w\" sizes=\"(max-width: 448px) 100vw, 448px\" \/><figcaption id=\"caption-attachment-20375\" class=\"wp-caption-text\">Citroen DS3 racing Sebastien Loeb avec le 8 Les autocollants 8....ann\u00e9es cons\u00e9cutives depuis 2004...<\/figcaption><\/figure>\n<p>8....ann\u00e9es cons\u00e9cutives depuis 2004...<\/p>\n<p>&nbsp;<\/p>\n<figure id=\"attachment_20376\" aria-describedby=\"caption-attachment-20376\" style=\"width: 438px\" class=\"wp-caption alignnone\"><img loading=\"lazy\" decoding=\"async\" class=\"size-full wp-image-20376\" src=\"http:\/\/www.carideal.com\/blog\/wp-content\/uploads\/2012\/02\/citroen-ds3-racing-s-loeb-edition-2012-02-achat-carideal-mandataire-automobile_m.jpg\" alt=\"L'int\u00e9rieur de la Citroen DS3 Racing Sebastien Loeb\" width=\"448\" height=\"298\" srcset=\"https:\/\/www.carideal.com\/blog\/wp-content\/uploads\/2012\/02\/citroen-ds3-racing-s-loeb-edition-2012-02-achat-carideal-mandataire-automobile_m.jpg 448w, https:\/\/www.carideal.com\/blog\/wp-content\/uploads\/2012\/02\/citroen-ds3-racing-s-loeb-edition-2012-02-achat-carideal-mandataire-automobile_m-300x200.jpg 300w, https:\/\/www.carideal.com\/blog\/wp-content\/uploads\/2012\/02\/citroen-ds3-racing-s-loeb-edition-2012-02-achat-carideal-mandataire-automobile_m-50x33.jpg 50w, https:\/\/www.carideal.com\/blog\/wp-content\/uploads\/2012\/02\/citroen-ds3-racing-s-loeb-edition-2012-02-achat-carideal-mandataire-automobile_m-110x73.jpg 110w, https:\/\/www.carideal.com\/blog\/wp-content\/uploads\/2012\/02\/citroen-ds3-racing-s-loeb-edition-2012-02-achat-carideal-mandataire-automobile_m-420x279.jpg 420w, https:\/\/www.carideal.com\/blog\/wp-content\/uploads\/2012\/02\/citroen-ds3-racing-s-loeb-edition-2012-02-achat-carideal-mandataire-automobile_m-272x182.jpg 272w\" sizes=\"(max-width: 448px) 100vw, 448px\" \/><figcaption id=\"caption-attachment-20376\" class=\"wp-caption-text\">L'int\u00e9rieur de la Citroen DS3 Racing Sebastien Loeb<\/figcaption><\/figure>\n<p>L'int\u00e9rieur avec la fa\u00e7ade de tableau de bord assortie en rouge<\/p>\n<figure id=\"attachment_20377\" aria-describedby=\"caption-attachment-20377\" style=\"width: 438px\" class=\"wp-caption alignnone\"><img loading=\"lazy\" decoding=\"async\" class=\"size-full wp-image-20377\" src=\"http:\/\/www.carideal.com\/blog\/wp-content\/uploads\/2012\/02\/citroen-ds3-racing-s-loeb-edition-2012-01-achat-carideal-mandataire-automobile_m.jpg\" alt=\"Chaque exemplaire de la Citroen DS3 Racing Sebastien Loeb est num\u00e9rot\u00e9\" width=\"448\" height=\"298\" srcset=\"https:\/\/www.carideal.com\/blog\/wp-content\/uploads\/2012\/02\/citroen-ds3-racing-s-loeb-edition-2012-01-achat-carideal-mandataire-automobile_m.jpg 448w, https:\/\/www.carideal.com\/blog\/wp-content\/uploads\/2012\/02\/citroen-ds3-racing-s-loeb-edition-2012-01-achat-carideal-mandataire-automobile_m-300x200.jpg 300w, https:\/\/www.carideal.com\/blog\/wp-content\/uploads\/2012\/02\/citroen-ds3-racing-s-loeb-edition-2012-01-achat-carideal-mandataire-automobile_m-50x33.jpg 50w, https:\/\/www.carideal.com\/blog\/wp-content\/uploads\/2012\/02\/citroen-ds3-racing-s-loeb-edition-2012-01-achat-carideal-mandataire-automobile_m-110x73.jpg 110w, https:\/\/www.carideal.com\/blog\/wp-content\/uploads\/2012\/02\/citroen-ds3-racing-s-loeb-edition-2012-01-achat-carideal-mandataire-automobile_m-420x279.jpg 420w, https:\/\/www.carideal.com\/blog\/wp-content\/uploads\/2012\/02\/citroen-ds3-racing-s-loeb-edition-2012-01-achat-carideal-mandataire-automobile_m-272x182.jpg 272w\" sizes=\"(max-width: 448px) 100vw, 448px\" \/><figcaption id=\"caption-attachment-20377\" class=\"wp-caption-text\">Chaque exemplaire de la Citroen DS3 Racing Sebastien Loeb est num\u00e9rot\u00e9<\/figcaption><\/figure>\n<p>La plaque num\u00e9rot\u00e9e de 0 \u00e0 200<\/p>\n<p>&nbsp;<\/p>\n","protected":false},"excerpt":{"rendered":"<p>Nouvelle Citroen DS3 Racing Sebastien Loeb &nbsp; La s\u00e9rie sp\u00e9ciale DS3 Racing Sebastien Loeb Citroen veut surfer sur la vague du succ\u00e8s le la DS3, avec plus de 140 000 voitures vendues, car il est ind\u00e9niable que la DS3 est un franc succ\u00e8s, et surtout \u00e0 la gloire de notre octuple champion du monde de &#8230; <a title=\"Nouvelle Citroen DS3 Racing Sebastien Loeb\" class=\"read-more\" href=\"https:\/\/www.carideal.com\/blog\/2012\/02\/29\/nouvelle-citroen-ds3-racing-sebastien-loeb\/\" aria-label=\"En savoir plus sur Nouvelle Citroen DS3 Racing Sebastien Loeb\">Lire plus<\/a><\/p>\n","protected":false},"author":1,"featured_media":20371,"comment_status":"open","ping_status":"open","sticky":false,"template":"","format":"standard","meta":{"_uag_custom_page_level_css":"","_themeisle_gutenberg_block_has_review":false,"footnotes":""},"categories":[6001],"tags":[1284],"class_list":["post-1035","post","type-post","status-publish","format-standard","has-post-thumbnail","hentry","category-ds","tag-sebastien-loeb"],"wppr_data":{"cwp_meta_box_check":"No"},"yoast_head":"<!-- This site is optimized with the Yoast SEO plugin v24.8.1 - https:\/\/yoast.com\/wordpress\/plugins\/seo\/ -->\n<title>Nouvelle Citroen DS3 Racing Sebastien Loeb - Blog auto Carid\u00e9al<\/title>\n<meta name=\"description\" content=\"La s\u00e9rie sp\u00e9ciale DS3 Racing Sebastien Loeb. Citroen veut surfer sur la vague du succ\u00e8s le la DS3, avec plus de 140 000 voitures vendues, car il est ind\u00e9niable que la DS3 est un franc succ\u00e8s\" \/>\n<meta name=\"robots\" content=\"index, follow, max-snippet:-1, max-image-preview:large, max-video-preview:-1\" \/>\n<link rel=\"canonical\" href=\"https:\/\/www.carideal.com\/blog\/2012\/02\/29\/nouvelle-citroen-ds3-racing-sebastien-loeb\/\" \/>\n<meta property=\"og:locale\" content=\"fr_FR\" \/>\n<meta property=\"og:type\" content=\"article\" \/>\n<meta property=\"og:title\" content=\"Nouvelle Citroen DS3 Racing Sebastien Loeb - Blog auto Carid\u00e9al\" \/>\n<meta property=\"og:description\" content=\"La s\u00e9rie sp\u00e9ciale DS3 Racing Sebastien Loeb. Citroen veut surfer sur la vague du succ\u00e8s le la DS3, avec plus de 140 000 voitures vendues, car il est ind\u00e9niable que la DS3 est un franc succ\u00e8s\" \/>\n<meta property=\"og:url\" content=\"https:\/\/www.carideal.com\/blog\/2012\/02\/29\/nouvelle-citroen-ds3-racing-sebastien-loeb\/\" \/>\n<meta property=\"og:site_name\" content=\"Blog auto Carid\u00e9al\" \/>\n<meta property=\"article:publisher\" content=\"https:\/\/www.facebook.com\/Carideal.mandataire.automobile\" \/>\n<meta property=\"article:author\" content=\"https:\/\/www.facebook.com\/Carideal.mandataire.automobile\/\" \/>\n<meta property=\"article:published_time\" content=\"2012-02-29T21:40:00+00:00\" \/>\n<meta property=\"article:modified_time\" content=\"2019-12-06T15:12:34+00:00\" \/>\n<meta property=\"og:image\" content=\"https:\/\/www.carideal.com\/blog\/wp-content\/uploads\/2012\/02\/citroen-ds3-racing-s-loeb-edition-2012-09-achat-carideal-mandataire-automobile_m.jpg\" \/>\n\t<meta property=\"og:image:width\" content=\"448\" \/>\n\t<meta property=\"og:image:height\" content=\"298\" \/>\n\t<meta property=\"og:image:type\" content=\"image\/jpeg\" \/>\n<meta name=\"author\" content=\"N.S Carideal\" \/>\n<meta name=\"twitter:card\" content=\"summary_large_image\" \/>\n<meta name=\"twitter:creator\" content=\"@caridealauto\" \/>\n<meta name=\"twitter:site\" content=\"@caridealauto\" \/>\n<meta name=\"twitter:label1\" content=\"\u00c9crit par\" \/>\n\t<meta name=\"twitter:data1\" content=\"N.S Carideal\" \/>\n\t<meta name=\"twitter:label2\" content=\"Dur\u00e9e de lecture estim\u00e9e\" \/>\n\t<meta name=\"twitter:data2\" content=\"3 minutes\" \/>\n<script type=\"application\/ld+json\" class=\"yoast-schema-graph\">{\"@context\":\"https:\/\/schema.org\",\"@graph\":[{\"@type\":\"Article\",\"@id\":\"https:\/\/www.carideal.com\/blog\/2012\/02\/29\/nouvelle-citroen-ds3-racing-sebastien-loeb\/#article\",\"isPartOf\":{\"@id\":\"https:\/\/www.carideal.com\/blog\/2012\/02\/29\/nouvelle-citroen-ds3-racing-sebastien-loeb\/\"},\"author\":{\"name\":\"N.S Carideal\",\"@id\":\"https:\/\/www.carideal.com\/blog\/#\/schema\/person\/985c7e757d1042d647f21bfaf8d41ebc\"},\"headline\":\"Nouvelle Citroen DS3 Racing Sebastien Loeb\",\"datePublished\":\"2012-02-29T21:40:00+00:00\",\"dateModified\":\"2019-12-06T15:12:34+00:00\",\"mainEntityOfPage\":{\"@id\":\"https:\/\/www.carideal.com\/blog\/2012\/02\/29\/nouvelle-citroen-ds3-racing-sebastien-loeb\/\"},\"wordCount\":513,\"commentCount\":1,\"publisher\":{\"@id\":\"https:\/\/www.carideal.com\/blog\/#organization\"},\"image\":{\"@id\":\"https:\/\/www.carideal.com\/blog\/2012\/02\/29\/nouvelle-citroen-ds3-racing-sebastien-loeb\/#primaryimage\"},\"thumbnailUrl\":\"https:\/\/www.carideal.com\/blog\/wp-content\/uploads\/2012\/02\/citroen-ds3-racing-s-loeb-edition-2012-09-achat-carideal-mandataire-automobile_m.jpg\",\"keywords\":[\"Sebastien Loeb Champion du monde\"],\"articleSection\":[\"Actualit\u00e9 DS\"],\"inLanguage\":\"fr-FR\",\"potentialAction\":[{\"@type\":\"CommentAction\",\"name\":\"Comment\",\"target\":[\"https:\/\/www.carideal.com\/blog\/2012\/02\/29\/nouvelle-citroen-ds3-racing-sebastien-loeb\/#respond\"]}]},{\"@type\":\"WebPage\",\"@id\":\"https:\/\/www.carideal.com\/blog\/2012\/02\/29\/nouvelle-citroen-ds3-racing-sebastien-loeb\/\",\"url\":\"https:\/\/www.carideal.com\/blog\/2012\/02\/29\/nouvelle-citroen-ds3-racing-sebastien-loeb\/\",\"name\":\"Nouvelle Citroen DS3 Racing Sebastien Loeb - Blog auto Carid\u00e9al\",\"isPartOf\":{\"@id\":\"https:\/\/www.carideal.com\/blog\/#website\"},\"primaryImageOfPage\":{\"@id\":\"https:\/\/www.carideal.com\/blog\/2012\/02\/29\/nouvelle-citroen-ds3-racing-sebastien-loeb\/#primaryimage\"},\"image\":{\"@id\":\"https:\/\/www.carideal.com\/blog\/2012\/02\/29\/nouvelle-citroen-ds3-racing-sebastien-loeb\/#primaryimage\"},\"thumbnailUrl\":\"https:\/\/www.carideal.com\/blog\/wp-content\/uploads\/2012\/02\/citroen-ds3-racing-s-loeb-edition-2012-09-achat-carideal-mandataire-automobile_m.jpg\",\"datePublished\":\"2012-02-29T21:40:00+00:00\",\"dateModified\":\"2019-12-06T15:12:34+00:00\",\"description\":\"La s\u00e9rie sp\u00e9ciale DS3 Racing Sebastien Loeb. Citroen veut surfer sur la vague du succ\u00e8s le la DS3, avec plus de 140 000 voitures vendues, car il est ind\u00e9niable que la DS3 est un franc succ\u00e8s\",\"breadcrumb\":{\"@id\":\"https:\/\/www.carideal.com\/blog\/2012\/02\/29\/nouvelle-citroen-ds3-racing-sebastien-loeb\/#breadcrumb\"},\"inLanguage\":\"fr-FR\",\"potentialAction\":[{\"@type\":\"ReadAction\",\"target\":[\"https:\/\/www.carideal.com\/blog\/2012\/02\/29\/nouvelle-citroen-ds3-racing-sebastien-loeb\/\"]}]},{\"@type\":\"ImageObject\",\"inLanguage\":\"fr-FR\",\"@id\":\"https:\/\/www.carideal.com\/blog\/2012\/02\/29\/nouvelle-citroen-ds3-racing-sebastien-loeb\/#primaryimage\",\"url\":\"https:\/\/www.carideal.com\/blog\/wp-content\/uploads\/2012\/02\/citroen-ds3-racing-s-loeb-edition-2012-09-achat-carideal-mandataire-automobile_m.jpg\",\"contentUrl\":\"https:\/\/www.carideal.com\/blog\/wp-content\/uploads\/2012\/02\/citroen-ds3-racing-s-loeb-edition-2012-09-achat-carideal-mandataire-automobile_m.jpg\",\"width\":448,\"height\":298,\"caption\":\"Nouvelle Citroen DS3 Racing Sebastien Loeb\"},{\"@type\":\"BreadcrumbList\",\"@id\":\"https:\/\/www.carideal.com\/blog\/2012\/02\/29\/nouvelle-citroen-ds3-racing-sebastien-loeb\/#breadcrumb\",\"itemListElement\":[{\"@type\":\"ListItem\",\"position\":1,\"name\":\"Blog Carid\u00e9al\",\"item\":\"https:\/\/www.carideal.com\/blog\/\"},{\"@type\":\"ListItem\",\"position\":2,\"name\":\"Actualit\u00e9 constructeur automobile\",\"item\":\"https:\/\/www.carideal.com\/blog\/constructeur\/\"},{\"@type\":\"ListItem\",\"position\":3,\"name\":\"Actualit\u00e9 DS\",\"item\":\"https:\/\/www.carideal.com\/blog\/constructeur\/ds\/\"},{\"@type\":\"ListItem\",\"position\":4,\"name\":\"Nouvelle Citroen DS3 Racing Sebastien Loeb\"}]},{\"@type\":\"WebSite\",\"@id\":\"https:\/\/www.carideal.com\/blog\/#website\",\"url\":\"https:\/\/www.carideal.com\/blog\/\",\"name\":\"Blog auto Carid\u00e9al\",\"description\":\"Actualit\u00e9 auto par des passionn\u00e9s\",\"publisher\":{\"@id\":\"https:\/\/www.carideal.com\/blog\/#organization\"},\"potentialAction\":[{\"@type\":\"SearchAction\",\"target\":{\"@type\":\"EntryPoint\",\"urlTemplate\":\"https:\/\/www.carideal.com\/blog\/?s={search_term_string}\"},\"query-input\":{\"@type\":\"PropertyValueSpecification\",\"valueRequired\":true,\"valueName\":\"search_term_string\"}}],\"inLanguage\":\"fr-FR\"},{\"@type\":\"Organization\",\"@id\":\"https:\/\/www.carideal.com\/blog\/#organization\",\"name\":\"Carideal\",\"url\":\"https:\/\/www.carideal.com\/blog\/\",\"logo\":{\"@type\":\"ImageObject\",\"inLanguage\":\"fr-FR\",\"@id\":\"https:\/\/www.carideal.com\/blog\/#\/schema\/logo\/image\/\",\"url\":\"http:\/\/www.carideal.com\/blog\/wp-content\/uploads\/2016\/03\/logo-carideal-mandataire-automobile.png\",\"contentUrl\":\"http:\/\/www.carideal.com\/blog\/wp-content\/uploads\/2016\/03\/logo-carideal-mandataire-automobile.png\",\"width\":300,\"height\":300,\"caption\":\"Carideal\"},\"image\":{\"@id\":\"https:\/\/www.carideal.com\/blog\/#\/schema\/logo\/image\/\"},\"sameAs\":[\"https:\/\/www.facebook.com\/Carideal.mandataire.automobile\",\"https:\/\/x.com\/caridealauto\",\"https:\/\/www.instagram.com\/carideal1\/\",\"https:\/\/www.linkedin.com\/company\/carideal.com\",\"https:\/\/fr.pinterest.com\/schiavonsas\/\",\"https:\/\/www.youtube.com\/user\/caridealsas\"]},{\"@type\":\"Person\",\"@id\":\"https:\/\/www.carideal.com\/blog\/#\/schema\/person\/985c7e757d1042d647f21bfaf8d41ebc\",\"name\":\"N.S Carideal\",\"image\":{\"@type\":\"ImageObject\",\"inLanguage\":\"fr-FR\",\"@id\":\"https:\/\/www.carideal.com\/blog\/#\/schema\/person\/image\/\",\"url\":\"https:\/\/secure.gravatar.com\/avatar\/edb7ccdf1a4e3d14aef967760d354d0e?s=96&r=g\",\"contentUrl\":\"https:\/\/secure.gravatar.com\/avatar\/edb7ccdf1a4e3d14aef967760d354d0e?s=96&r=g\",\"caption\":\"N.S Carideal\"},\"description\":\"Depuis tout petit fan d'automobile. Il est question d'essayer et de comparer toutes ces voitures qui nous ont fait r\u00e9ver, avant que celles-ci ne devient uniquement des voitures de collection.\",\"sameAs\":[\"http:\/\/www.carideal.com\/blog\",\"https:\/\/www.facebook.com\/Carideal.mandataire.automobile\/\",\"https:\/\/www.linkedin.com\/in\/nschiavon\/\",\"https:\/\/www.youtube.com\/user\/caridealsas\/\"],\"url\":\"https:\/\/www.carideal.com\/blog\/author\/admin_carideal\/\"}]}<\/script>\n<!-- \/ Yoast SEO plugin. -->","yoast_head_json":{"title":"Nouvelle Citroen DS3 Racing Sebastien Loeb - Blog auto Carid\u00e9al","description":"La s\u00e9rie sp\u00e9ciale DS3 Racing Sebastien Loeb. Citroen veut surfer sur la vague du succ\u00e8s le la DS3, avec plus de 140 000 voitures vendues, car il est ind\u00e9niable que la DS3 est un franc succ\u00e8s","robots":{"index":"index","follow":"follow","max-snippet":"max-snippet:-1","max-image-preview":"max-image-preview:large","max-video-preview":"max-video-preview:-1"},"canonical":"https:\/\/www.carideal.com\/blog\/2012\/02\/29\/nouvelle-citroen-ds3-racing-sebastien-loeb\/","og_locale":"fr_FR","og_type":"article","og_title":"Nouvelle Citroen DS3 Racing Sebastien Loeb - Blog auto Carid\u00e9al","og_description":"La s\u00e9rie sp\u00e9ciale DS3 Racing Sebastien Loeb. Citroen veut surfer sur la vague du succ\u00e8s le la DS3, avec plus de 140 000 voitures vendues, car il est ind\u00e9niable que la DS3 est un franc succ\u00e8s","og_url":"https:\/\/www.carideal.com\/blog\/2012\/02\/29\/nouvelle-citroen-ds3-racing-sebastien-loeb\/","og_site_name":"Blog auto Carid\u00e9al","article_publisher":"https:\/\/www.facebook.com\/Carideal.mandataire.automobile","article_author":"https:\/\/www.facebook.com\/Carideal.mandataire.automobile\/","article_published_time":"2012-02-29T21:40:00+00:00","article_modified_time":"2019-12-06T15:12:34+00:00","og_image":[{"width":448,"height":298,"url":"https:\/\/www.carideal.com\/blog\/wp-content\/uploads\/2012\/02\/citroen-ds3-racing-s-loeb-edition-2012-09-achat-carideal-mandataire-automobile_m.jpg","type":"image\/jpeg"}],"author":"N.S Carideal","twitter_card":"summary_large_image","twitter_creator":"@caridealauto","twitter_site":"@caridealauto","twitter_misc":{"\u00c9crit par":"N.S Carideal","Dur\u00e9e de lecture estim\u00e9e":"3 minutes"},"schema":{"@context":"https:\/\/schema.org","@graph":[{"@type":"Article","@id":"https:\/\/www.carideal.com\/blog\/2012\/02\/29\/nouvelle-citroen-ds3-racing-sebastien-loeb\/#article","isPartOf":{"@id":"https:\/\/www.carideal.com\/blog\/2012\/02\/29\/nouvelle-citroen-ds3-racing-sebastien-loeb\/"},"author":{"name":"N.S Carideal","@id":"https:\/\/www.carideal.com\/blog\/#\/schema\/person\/985c7e757d1042d647f21bfaf8d41ebc"},"headline":"Nouvelle Citroen DS3 Racing Sebastien Loeb","datePublished":"2012-02-29T21:40:00+00:00","dateModified":"2019-12-06T15:12:34+00:00","mainEntityOfPage":{"@id":"https:\/\/www.carideal.com\/blog\/2012\/02\/29\/nouvelle-citroen-ds3-racing-sebastien-loeb\/"},"wordCount":513,"commentCount":1,"publisher":{"@id":"https:\/\/www.carideal.com\/blog\/#organization"},"image":{"@id":"https:\/\/www.carideal.com\/blog\/2012\/02\/29\/nouvelle-citroen-ds3-racing-sebastien-loeb\/#primaryimage"},"thumbnailUrl":"https:\/\/www.carideal.com\/blog\/wp-content\/uploads\/2012\/02\/citroen-ds3-racing-s-loeb-edition-2012-09-achat-carideal-mandataire-automobile_m.jpg","keywords":["Sebastien Loeb Champion du monde"],"articleSection":["Actualit\u00e9 DS"],"inLanguage":"fr-FR","potentialAction":[{"@type":"CommentAction","name":"Comment","target":["https:\/\/www.carideal.com\/blog\/2012\/02\/29\/nouvelle-citroen-ds3-racing-sebastien-loeb\/#respond"]}]},{"@type":"WebPage","@id":"https:\/\/www.carideal.com\/blog\/2012\/02\/29\/nouvelle-citroen-ds3-racing-sebastien-loeb\/","url":"https:\/\/www.carideal.com\/blog\/2012\/02\/29\/nouvelle-citroen-ds3-racing-sebastien-loeb\/","name":"Nouvelle Citroen DS3 Racing Sebastien Loeb - Blog auto Carid\u00e9al","isPartOf":{"@id":"https:\/\/www.carideal.com\/blog\/#website"},"primaryImageOfPage":{"@id":"https:\/\/www.carideal.com\/blog\/2012\/02\/29\/nouvelle-citroen-ds3-racing-sebastien-loeb\/#primaryimage"},"image":{"@id":"https:\/\/www.carideal.com\/blog\/2012\/02\/29\/nouvelle-citroen-ds3-racing-sebastien-loeb\/#primaryimage"},"thumbnailUrl":"https:\/\/www.carideal.com\/blog\/wp-content\/uploads\/2012\/02\/citroen-ds3-racing-s-loeb-edition-2012-09-achat-carideal-mandataire-automobile_m.jpg","datePublished":"2012-02-29T21:40:00+00:00","dateModified":"2019-12-06T15:12:34+00:00","description":"La s\u00e9rie sp\u00e9ciale DS3 Racing Sebastien Loeb. Citroen veut surfer sur la vague du succ\u00e8s le la DS3, avec plus de 140 000 voitures vendues, car il est ind\u00e9niable que la DS3 est un franc succ\u00e8s","breadcrumb":{"@id":"https:\/\/www.carideal.com\/blog\/2012\/02\/29\/nouvelle-citroen-ds3-racing-sebastien-loeb\/#breadcrumb"},"inLanguage":"fr-FR","potentialAction":[{"@type":"ReadAction","target":["https:\/\/www.carideal.com\/blog\/2012\/02\/29\/nouvelle-citroen-ds3-racing-sebastien-loeb\/"]}]},{"@type":"ImageObject","inLanguage":"fr-FR","@id":"https:\/\/www.carideal.com\/blog\/2012\/02\/29\/nouvelle-citroen-ds3-racing-sebastien-loeb\/#primaryimage","url":"https:\/\/www.carideal.com\/blog\/wp-content\/uploads\/2012\/02\/citroen-ds3-racing-s-loeb-edition-2012-09-achat-carideal-mandataire-automobile_m.jpg","contentUrl":"https:\/\/www.carideal.com\/blog\/wp-content\/uploads\/2012\/02\/citroen-ds3-racing-s-loeb-edition-2012-09-achat-carideal-mandataire-automobile_m.jpg","width":448,"height":298,"caption":"Nouvelle Citroen DS3 Racing Sebastien Loeb"},{"@type":"BreadcrumbList","@id":"https:\/\/www.carideal.com\/blog\/2012\/02\/29\/nouvelle-citroen-ds3-racing-sebastien-loeb\/#breadcrumb","itemListElement":[{"@type":"ListItem","position":1,"name":"Blog Carid\u00e9al","item":"https:\/\/www.carideal.com\/blog\/"},{"@type":"ListItem","position":2,"name":"Actualit\u00e9 constructeur automobile","item":"https:\/\/www.carideal.com\/blog\/constructeur\/"},{"@type":"ListItem","position":3,"name":"Actualit\u00e9 DS","item":"https:\/\/www.carideal.com\/blog\/constructeur\/ds\/"},{"@type":"ListItem","position":4,"name":"Nouvelle Citroen DS3 Racing Sebastien Loeb"}]},{"@type":"WebSite","@id":"https:\/\/www.carideal.com\/blog\/#website","url":"https:\/\/www.carideal.com\/blog\/","name":"Blog auto Carid\u00e9al","description":"Actualit\u00e9 auto par des passionn\u00e9s","publisher":{"@id":"https:\/\/www.carideal.com\/blog\/#organization"},"potentialAction":[{"@type":"SearchAction","target":{"@type":"EntryPoint","urlTemplate":"https:\/\/www.carideal.com\/blog\/?s={search_term_string}"},"query-input":{"@type":"PropertyValueSpecification","valueRequired":true,"valueName":"search_term_string"}}],"inLanguage":"fr-FR"},{"@type":"Organization","@id":"https:\/\/www.carideal.com\/blog\/#organization","name":"Carideal","url":"https:\/\/www.carideal.com\/blog\/","logo":{"@type":"ImageObject","inLanguage":"fr-FR","@id":"https:\/\/www.carideal.com\/blog\/#\/schema\/logo\/image\/","url":"http:\/\/www.carideal.com\/blog\/wp-content\/uploads\/2016\/03\/logo-carideal-mandataire-automobile.png","contentUrl":"http:\/\/www.carideal.com\/blog\/wp-content\/uploads\/2016\/03\/logo-carideal-mandataire-automobile.png","width":300,"height":300,"caption":"Carideal"},"image":{"@id":"https:\/\/www.carideal.com\/blog\/#\/schema\/logo\/image\/"},"sameAs":["https:\/\/www.facebook.com\/Carideal.mandataire.automobile","https:\/\/x.com\/caridealauto","https:\/\/www.instagram.com\/carideal1\/","https:\/\/www.linkedin.com\/company\/carideal.com","https:\/\/fr.pinterest.com\/schiavonsas\/","https:\/\/www.youtube.com\/user\/caridealsas"]},{"@type":"Person","@id":"https:\/\/www.carideal.com\/blog\/#\/schema\/person\/985c7e757d1042d647f21bfaf8d41ebc","name":"N.S Carideal","image":{"@type":"ImageObject","inLanguage":"fr-FR","@id":"https:\/\/www.carideal.com\/blog\/#\/schema\/person\/image\/","url":"https:\/\/secure.gravatar.com\/avatar\/edb7ccdf1a4e3d14aef967760d354d0e?s=96&r=g","contentUrl":"https:\/\/secure.gravatar.com\/avatar\/edb7ccdf1a4e3d14aef967760d354d0e?s=96&r=g","caption":"N.S Carideal"},"description":"Depuis tout petit fan d'automobile. Il est question d'essayer et de comparer toutes ces voitures qui nous ont fait r\u00e9ver, avant que celles-ci ne devient uniquement des voitures de collection.","sameAs":["http:\/\/www.carideal.com\/blog","https:\/\/www.facebook.com\/Carideal.mandataire.automobile\/","https:\/\/www.linkedin.com\/in\/nschiavon\/","https:\/\/www.youtube.com\/user\/caridealsas\/"],"url":"https:\/\/www.carideal.com\/blog\/author\/admin_carideal\/"}]}},"uagb_featured_image_src":{"full":["https:\/\/www.carideal.com\/blog\/wp-content\/uploads\/2012\/02\/citroen-ds3-racing-s-loeb-edition-2012-09-achat-carideal-mandataire-automobile_m.jpg",448,298,false],"thumbnail":["https:\/\/www.carideal.com\/blog\/wp-content\/uploads\/2012\/02\/citroen-ds3-racing-s-loeb-edition-2012-09-achat-carideal-mandataire-automobile_m-150x150.jpg",150,150,true],"medium":["https:\/\/www.carideal.com\/blog\/wp-content\/uploads\/2012\/02\/citroen-ds3-racing-s-loeb-edition-2012-09-achat-carideal-mandataire-automobile_m-300x200.jpg",300,200,true],"medium_large":["https:\/\/www.carideal.com\/blog\/wp-content\/uploads\/2012\/02\/citroen-ds3-racing-s-loeb-edition-2012-09-achat-carideal-mandataire-automobile_m.jpg",448,298,false],"large":["https:\/\/www.carideal.com\/blog\/wp-content\/uploads\/2012\/02\/citroen-ds3-racing-s-loeb-edition-2012-09-achat-carideal-mandataire-automobile_m.jpg",448,298,false],"1536x1536":["https:\/\/www.carideal.com\/blog\/wp-content\/uploads\/2012\/02\/citroen-ds3-racing-s-loeb-edition-2012-09-achat-carideal-mandataire-automobile_m.jpg",448,298,false],"2048x2048":["https:\/\/www.carideal.com\/blog\/wp-content\/uploads\/2012\/02\/citroen-ds3-racing-s-loeb-edition-2012-09-achat-carideal-mandataire-automobile_m.jpg",448,298,false],"wppr-widget":["https:\/\/www.carideal.com\/blog\/wp-content\/uploads\/2012\/02\/citroen-ds3-racing-s-loeb-edition-2012-09-achat-carideal-mandataire-automobile_m-50x33.jpg",50,33,true]},"uagb_author_info":{"display_name":"N.S Carideal","author_link":"https:\/\/www.carideal.com\/blog\/author\/admin_carideal\/"},"uagb_comment_info":1,"uagb_excerpt":"Nouvelle Citroen DS3 Racing Sebastien Loeb &nbsp; La s\u00e9rie sp\u00e9ciale DS3 Racing Sebastien Loeb Citroen veut surfer sur la vague du succ\u00e8s le la DS3, avec plus de 140 000 voitures vendues, car il est ind\u00e9niable que la DS3 est un franc succ\u00e8s, et surtout \u00e0 la gloire de notre octuple champion du monde de\u2026","_links":{"self":[{"href":"https:\/\/www.carideal.com\/blog\/wp-json\/wp\/v2\/posts\/1035"}],"collection":[{"href":"https:\/\/www.carideal.com\/blog\/wp-json\/wp\/v2\/posts"}],"about":[{"href":"https:\/\/www.carideal.com\/blog\/wp-json\/wp\/v2\/types\/post"}],"author":[{"embeddable":true,"href":"https:\/\/www.carideal.com\/blog\/wp-json\/wp\/v2\/users\/1"}],"replies":[{"embeddable":true,"href":"https:\/\/www.carideal.com\/blog\/wp-json\/wp\/v2\/comments?post=1035"}],"version-history":[{"count":0,"href":"https:\/\/www.carideal.com\/blog\/wp-json\/wp\/v2\/posts\/1035\/revisions"}],"wp:featuredmedia":[{"embeddable":true,"href":"https:\/\/www.carideal.com\/blog\/wp-json\/wp\/v2\/media\/20371"}],"wp:attachment":[{"href":"https:\/\/www.carideal.com\/blog\/wp-json\/wp\/v2\/media?parent=1035"}],"wp:term":[{"taxonomy":"category","embeddable":true,"href":"https:\/\/www.carideal.com\/blog\/wp-json\/wp\/v2\/categories?post=1035"},{"taxonomy":"post_tag","embeddable":true,"href":"https:\/\/www.carideal.com\/blog\/wp-json\/wp\/v2\/tags?post=1035"}],"curies":[{"name":"wp","href":"https:\/\/api.w.org\/{rel}","templated":true}]}}