{"id":1032,"date":"2012-02-18T20:45:00","date_gmt":"2012-02-18T20:45:00","guid":{"rendered":"http:\/\/carideal.com\/blog\/?p=1032"},"modified":"2020-03-07T16:54:38","modified_gmt":"2020-03-07T15:54:38","slug":"achat-lada-samara","status":"publish","type":"post","link":"https:\/\/www.carideal.com\/blog\/2012\/02\/18\/achat-lada-samara\/","title":{"rendered":"Achat Lada Samara Fun et Vid\u00e9o"},"content":{"rendered":"<h2>Achat Lada Samara Fun et Vid\u00e9o<\/h2>\n<p><strong>Achat Lada Samara<\/strong> : vu comme cela....Je suis s\u00fbre que parmi vous il y a des clients potentiels pour la Lada Samara ! Pour le cot\u00e9 Fun et pour le coup je ne me souviens plus du contexte de cette photo.....<\/p>\n<figure id=\"attachment_21556\" aria-describedby=\"caption-attachment-21556\" style=\"width: 290px\" class=\"wp-caption aligncenter\"><img loading=\"lazy\" decoding=\"async\" class=\"size-full wp-image-21556\" src=\"http:\/\/www.carideal.com\/blog\/wp-content\/uploads\/2012\/02\/lada-samara-achat-carideal-mandataire-auto_m.jpg\" alt=\"Achat Lada Samara Fun et Vid\u00e9o\" width=\"300\" height=\"448\" srcset=\"https:\/\/www.carideal.com\/blog\/wp-content\/uploads\/2012\/02\/lada-samara-achat-carideal-mandataire-auto_m.jpg 300w, https:\/\/www.carideal.com\/blog\/wp-content\/uploads\/2012\/02\/lada-samara-achat-carideal-mandataire-auto_m-201x300.jpg 201w, https:\/\/www.carideal.com\/blog\/wp-content\/uploads\/2012\/02\/lada-samara-achat-carideal-mandataire-auto_m-33x50.jpg 33w, https:\/\/www.carideal.com\/blog\/wp-content\/uploads\/2012\/02\/lada-samara-achat-carideal-mandataire-auto_m-74x110.jpg 74w, https:\/\/www.carideal.com\/blog\/wp-content\/uploads\/2012\/02\/lada-samara-achat-carideal-mandataire-auto_m-281x420.jpg 281w, https:\/\/www.carideal.com\/blog\/wp-content\/uploads\/2012\/02\/lada-samara-achat-carideal-mandataire-auto_m-288x430.jpg 288w\" sizes=\"(max-width: 300px) 100vw, 300px\" \/><figcaption id=\"caption-attachment-21556\" class=\"wp-caption-text\">Achat Lada Samara Fun et Vid\u00e9o<\/figcaption><\/figure>\n<h2>Histoire de la Lada Samara<\/h2>\n<p>Du coup on va en profiter pour faire un peu d'histoire de la Lada Samara, m\u00eame s\u2019il faut se l'avouer on n\u2019est pas tr\u00e8s convaincu pour acheter une Lada Samara. Le constructeur de la Lada Samara est en fait AvtoVAZ. Le mod\u00e8le 2108, plus connu sous le nom Lada Samara dans une grande partie de l'Europe occidentale (plus tard officiellement renomm\u00e9e comme Lada Sputnik dans sa Russie natale), est une petite voiture familiale produite par le constructeur sovi\u00e9tique de <a href=\"http:\/\/www.carideal.com\/blog\/marque-de-voiture-actualites-essais\/\"><span style=\"text-decoration: underline;\">marque de voiture<\/span><\/a>\u00a0russe AvtoVAZ sous la marque Lada depuis 1984. Le nom du mod\u00e8le Samara \u00e0 l'origine a \u00e9t\u00e9 utilis\u00e9 uniquement pour les mod\u00e8les export\u00e9s. En Russie le m\u00eame mod\u00e8le a \u00e9t\u00e9 appel\u00e9 Sputnik (\"compagnon de voyage\", \"satellite\") jusqu'en 1991, lorsque la version berline de la Samara est entr\u00e9 en\u00a0production, en utilisant le nom d'exportation. La Lada Samara a \u00e9t\u00e9 la premi\u00e8re voiture de s\u00e9rie traction avant construite en\u00a0Union sovi\u00e9tique apr\u00e8s la LuAZ-969V.<\/p>\n<p>Trouvez votre <span style=\"text-decoration: underline;\">voiture d'occasion<\/span> sur Carideal.com <span style=\"text-decoration: underline;\"><a href=\"http:\/\/www.carideal.com\/\">mandataire auto<\/a><\/span><\/p>\n<h2>Achat Lada Samara son succ\u00e8s commercial<\/h2>\n<p>Le But de la\u00a0Lada Samara \u00e9tait de construire un mod\u00e8le de voiture sur le succ\u00e8s de la gamme Fiat\u00a0124. Les clients se tournaient vers l'achat de la Lada Samara, pour son image de robustesse, et la facilit\u00e9 d'entretien avec un style moderne. Le <span style=\"text-decoration: underline;\"><a href=\"http:\/\/www.carideal.com\/blog\/2014\/04\/04\/entretien-quel-est-le-cout-reel-de-votre-vehicule\/\">faible co\u00fbt d'entretien<\/a><\/span> de la Lada Samara \u00e9tait pr\u00e9pond\u00e9rant pour le constructeur automobile. La Lada Samara\u00a0a \u00e9t\u00e9 produite en\u00a0trois, quatre et cinq portes avec les moteurs 1.1, 1.3 et 1.5 litre \u00e0 essence. Lada avait esp\u00e9r\u00e9 que la Samara lui permettrait de bien se positionner sur les\u00a0ventes du\u00a0<span style=\"text-decoration: underline;\">march\u00e9 automobile europ\u00e9en<\/span>.<\/p>\n<p>Ce fut le deuxi\u00e8me mod\u00e8le con\u00e7u par la marque AvtoVAZ, le premier \u00e9tait le 4x4 Lada Niva, et la premi\u00e8re voiture Lada ne repose pas sur la m\u00e9canique Fiat-d\u00e9riv\u00e9s.<\/p>\n<p>La Lada Samara avait \u00e9t\u00e9 relift\u00e9e\u00a0avant d'\u00eatre finalement arr\u00eat\u00e9 en D\u00e9cembre 2013.<\/p>\n<h2>Vid\u00e9o Lada Samara<\/h2>\n<p><iframe loading=\"lazy\" src=\"https:\/\/www.youtube.com\/embed\/Il1IHduNBlw\" width=\"420\" height=\"315\" frameborder=\"0\" allowfullscreen=\"allowfullscreen\"><\/iframe><\/p>\n","protected":false},"excerpt":{"rendered":"<p>Achat Lada Samara Fun et Vid\u00e9o Achat Lada Samara : vu comme cela&#8230;.Je suis s\u00fbre que parmi vous il y a des clients potentiels pour la Lada Samara ! Pour le cot\u00e9 Fun et pour le coup je ne me souviens plus du contexte de cette photo&#8230;.. Histoire de la Lada Samara Du coup on &#8230; <a title=\"Achat Lada Samara Fun et Vid\u00e9o\" class=\"read-more\" href=\"https:\/\/www.carideal.com\/blog\/2012\/02\/18\/achat-lada-samara\/\" aria-label=\"En savoir plus sur Achat Lada Samara Fun et Vid\u00e9o\">Lire plus<\/a><\/p>\n","protected":false},"author":1,"featured_media":21556,"comment_status":"open","ping_status":"open","sticky":false,"template":"","format":"standard","meta":{"_uag_custom_page_level_css":"","_themeisle_gutenberg_block_has_review":false,"footnotes":""},"categories":[5944,9,5994,10],"tags":[],"class_list":["post-1032","post","type-post","status-publish","format-standard","has-post-thumbnail","hentry","category-constructeur","category-divers","category-fun","category-marche-automobile-voiture-neuve-occasion-4x4-suv"],"wppr_data":{"cwp_meta_box_check":"No"},"yoast_head":"<!-- This site is optimized with the Yoast SEO plugin v24.8.1 - https:\/\/yoast.com\/wordpress\/plugins\/seo\/ -->\n<title>Achat Lada Samara Fun et Vid\u00e9o - Blog auto Carid\u00e9al<\/title>\n<meta name=\"description\" content=\"Achat Lada Samara : vu comme cela....Je suis sure que parmi vous il y a des clients potentiels pour la Lada samara ! Pour le cot\u00e9 Fun.\" \/>\n<meta name=\"robots\" content=\"index, follow, max-snippet:-1, max-image-preview:large, max-video-preview:-1\" \/>\n<link rel=\"canonical\" href=\"https:\/\/www.carideal.com\/blog\/2012\/02\/18\/achat-lada-samara\/\" \/>\n<meta property=\"og:locale\" content=\"fr_FR\" \/>\n<meta property=\"og:type\" content=\"article\" \/>\n<meta property=\"og:title\" content=\"Achat Lada Samara Fun et Vid\u00e9o - Blog auto Carid\u00e9al\" \/>\n<meta property=\"og:description\" content=\"Achat Lada Samara : vu comme cela....Je suis sure que parmi vous il y a des clients potentiels pour la Lada samara ! Pour le cot\u00e9 Fun.\" \/>\n<meta property=\"og:url\" content=\"https:\/\/www.carideal.com\/blog\/2012\/02\/18\/achat-lada-samara\/\" \/>\n<meta property=\"og:site_name\" content=\"Blog auto Carid\u00e9al\" \/>\n<meta property=\"article:publisher\" content=\"https:\/\/www.facebook.com\/Carideal.mandataire.automobile\" \/>\n<meta property=\"article:author\" content=\"https:\/\/www.facebook.com\/Carideal.mandataire.automobile\/\" \/>\n<meta property=\"article:published_time\" content=\"2012-02-18T20:45:00+00:00\" \/>\n<meta property=\"article:modified_time\" content=\"2020-03-07T15:54:38+00:00\" \/>\n<meta property=\"og:image\" content=\"https:\/\/www.carideal.com\/blog\/wp-content\/uploads\/2012\/02\/lada-samara-achat-carideal-mandataire-auto_m.jpg\" \/>\n\t<meta property=\"og:image:width\" content=\"300\" \/>\n\t<meta property=\"og:image:height\" content=\"448\" \/>\n\t<meta property=\"og:image:type\" content=\"image\/jpeg\" \/>\n<meta name=\"author\" content=\"N.S Carideal\" \/>\n<meta name=\"twitter:card\" content=\"summary_large_image\" \/>\n<meta name=\"twitter:creator\" content=\"@caridealauto\" \/>\n<meta name=\"twitter:site\" content=\"@caridealauto\" \/>\n<meta name=\"twitter:label1\" content=\"\u00c9crit par\" \/>\n\t<meta name=\"twitter:data1\" content=\"N.S Carideal\" \/>\n\t<meta name=\"twitter:label2\" content=\"Dur\u00e9e de lecture estim\u00e9e\" \/>\n\t<meta name=\"twitter:data2\" content=\"2 minutes\" \/>\n<script type=\"application\/ld+json\" class=\"yoast-schema-graph\">{\"@context\":\"https:\/\/schema.org\",\"@graph\":[{\"@type\":\"Article\",\"@id\":\"https:\/\/www.carideal.com\/blog\/2012\/02\/18\/achat-lada-samara\/#article\",\"isPartOf\":{\"@id\":\"https:\/\/www.carideal.com\/blog\/2012\/02\/18\/achat-lada-samara\/\"},\"author\":{\"name\":\"N.S Carideal\",\"@id\":\"https:\/\/www.carideal.com\/blog\/#\/schema\/person\/985c7e757d1042d647f21bfaf8d41ebc\"},\"headline\":\"Achat Lada Samara Fun et Vid\u00e9o\",\"datePublished\":\"2012-02-18T20:45:00+00:00\",\"dateModified\":\"2020-03-07T15:54:38+00:00\",\"mainEntityOfPage\":{\"@id\":\"https:\/\/www.carideal.com\/blog\/2012\/02\/18\/achat-lada-samara\/\"},\"wordCount\":415,\"commentCount\":0,\"publisher\":{\"@id\":\"https:\/\/www.carideal.com\/blog\/#organization\"},\"image\":{\"@id\":\"https:\/\/www.carideal.com\/blog\/2012\/02\/18\/achat-lada-samara\/#primaryimage\"},\"thumbnailUrl\":\"https:\/\/www.carideal.com\/blog\/wp-content\/uploads\/2012\/02\/lada-samara-achat-carideal-mandataire-auto_m.jpg\",\"articleSection\":[\"Actualit\u00e9 Constructeur automobile\",\"Divers\",\"Fun\",\"March\u00e9 automobile\"],\"inLanguage\":\"fr-FR\",\"potentialAction\":[{\"@type\":\"CommentAction\",\"name\":\"Comment\",\"target\":[\"https:\/\/www.carideal.com\/blog\/2012\/02\/18\/achat-lada-samara\/#respond\"]}]},{\"@type\":\"WebPage\",\"@id\":\"https:\/\/www.carideal.com\/blog\/2012\/02\/18\/achat-lada-samara\/\",\"url\":\"https:\/\/www.carideal.com\/blog\/2012\/02\/18\/achat-lada-samara\/\",\"name\":\"Achat Lada Samara Fun et Vid\u00e9o - Blog auto Carid\u00e9al\",\"isPartOf\":{\"@id\":\"https:\/\/www.carideal.com\/blog\/#website\"},\"primaryImageOfPage\":{\"@id\":\"https:\/\/www.carideal.com\/blog\/2012\/02\/18\/achat-lada-samara\/#primaryimage\"},\"image\":{\"@id\":\"https:\/\/www.carideal.com\/blog\/2012\/02\/18\/achat-lada-samara\/#primaryimage\"},\"thumbnailUrl\":\"https:\/\/www.carideal.com\/blog\/wp-content\/uploads\/2012\/02\/lada-samara-achat-carideal-mandataire-auto_m.jpg\",\"datePublished\":\"2012-02-18T20:45:00+00:00\",\"dateModified\":\"2020-03-07T15:54:38+00:00\",\"description\":\"Achat Lada Samara : vu comme cela....Je suis sure que parmi vous il y a des clients potentiels pour la Lada samara ! Pour le cot\u00e9 Fun.\",\"breadcrumb\":{\"@id\":\"https:\/\/www.carideal.com\/blog\/2012\/02\/18\/achat-lada-samara\/#breadcrumb\"},\"inLanguage\":\"fr-FR\",\"potentialAction\":[{\"@type\":\"ReadAction\",\"target\":[\"https:\/\/www.carideal.com\/blog\/2012\/02\/18\/achat-lada-samara\/\"]}]},{\"@type\":\"ImageObject\",\"inLanguage\":\"fr-FR\",\"@id\":\"https:\/\/www.carideal.com\/blog\/2012\/02\/18\/achat-lada-samara\/#primaryimage\",\"url\":\"https:\/\/www.carideal.com\/blog\/wp-content\/uploads\/2012\/02\/lada-samara-achat-carideal-mandataire-auto_m.jpg\",\"contentUrl\":\"https:\/\/www.carideal.com\/blog\/wp-content\/uploads\/2012\/02\/lada-samara-achat-carideal-mandataire-auto_m.jpg\",\"width\":300,\"height\":448,\"caption\":\"Achat Lada Samara Fun et Vid\u00e9o\"},{\"@type\":\"BreadcrumbList\",\"@id\":\"https:\/\/www.carideal.com\/blog\/2012\/02\/18\/achat-lada-samara\/#breadcrumb\",\"itemListElement\":[{\"@type\":\"ListItem\",\"position\":1,\"name\":\"Blog Carid\u00e9al\",\"item\":\"https:\/\/www.carideal.com\/blog\/\"},{\"@type\":\"ListItem\",\"position\":2,\"name\":\"March\u00e9 automobile\",\"item\":\"https:\/\/www.carideal.com\/blog\/marche-automobile-voiture-neuve-occasion-4x4-suv\/\"},{\"@type\":\"ListItem\",\"position\":3,\"name\":\"Achat Lada Samara Fun et Vid\u00e9o\"}]},{\"@type\":\"WebSite\",\"@id\":\"https:\/\/www.carideal.com\/blog\/#website\",\"url\":\"https:\/\/www.carideal.com\/blog\/\",\"name\":\"Blog auto Carid\u00e9al\",\"description\":\"Actualit\u00e9 auto par des passionn\u00e9s\",\"publisher\":{\"@id\":\"https:\/\/www.carideal.com\/blog\/#organization\"},\"potentialAction\":[{\"@type\":\"SearchAction\",\"target\":{\"@type\":\"EntryPoint\",\"urlTemplate\":\"https:\/\/www.carideal.com\/blog\/?s={search_term_string}\"},\"query-input\":{\"@type\":\"PropertyValueSpecification\",\"valueRequired\":true,\"valueName\":\"search_term_string\"}}],\"inLanguage\":\"fr-FR\"},{\"@type\":\"Organization\",\"@id\":\"https:\/\/www.carideal.com\/blog\/#organization\",\"name\":\"Carideal\",\"url\":\"https:\/\/www.carideal.com\/blog\/\",\"logo\":{\"@type\":\"ImageObject\",\"inLanguage\":\"fr-FR\",\"@id\":\"https:\/\/www.carideal.com\/blog\/#\/schema\/logo\/image\/\",\"url\":\"http:\/\/www.carideal.com\/blog\/wp-content\/uploads\/2016\/03\/logo-carideal-mandataire-automobile.png\",\"contentUrl\":\"http:\/\/www.carideal.com\/blog\/wp-content\/uploads\/2016\/03\/logo-carideal-mandataire-automobile.png\",\"width\":300,\"height\":300,\"caption\":\"Carideal\"},\"image\":{\"@id\":\"https:\/\/www.carideal.com\/blog\/#\/schema\/logo\/image\/\"},\"sameAs\":[\"https:\/\/www.facebook.com\/Carideal.mandataire.automobile\",\"https:\/\/x.com\/caridealauto\",\"https:\/\/www.instagram.com\/carideal1\/\",\"https:\/\/www.linkedin.com\/company\/carideal.com\",\"https:\/\/fr.pinterest.com\/schiavonsas\/\",\"https:\/\/www.youtube.com\/user\/caridealsas\"]},{\"@type\":\"Person\",\"@id\":\"https:\/\/www.carideal.com\/blog\/#\/schema\/person\/985c7e757d1042d647f21bfaf8d41ebc\",\"name\":\"N.S Carideal\",\"image\":{\"@type\":\"ImageObject\",\"inLanguage\":\"fr-FR\",\"@id\":\"https:\/\/www.carideal.com\/blog\/#\/schema\/person\/image\/\",\"url\":\"https:\/\/secure.gravatar.com\/avatar\/edb7ccdf1a4e3d14aef967760d354d0e?s=96&r=g\",\"contentUrl\":\"https:\/\/secure.gravatar.com\/avatar\/edb7ccdf1a4e3d14aef967760d354d0e?s=96&r=g\",\"caption\":\"N.S Carideal\"},\"description\":\"Depuis tout petit fan d'automobile. Il est question d'essayer et de comparer toutes ces voitures qui nous ont fait r\u00e9ver, avant que celles-ci ne devient uniquement des voitures de collection.\",\"sameAs\":[\"http:\/\/www.carideal.com\/blog\",\"https:\/\/www.facebook.com\/Carideal.mandataire.automobile\/\",\"https:\/\/www.linkedin.com\/in\/nschiavon\/\",\"https:\/\/www.youtube.com\/user\/caridealsas\/\"],\"url\":\"https:\/\/www.carideal.com\/blog\/author\/admin_carideal\/\"}]}<\/script>\n<!-- \/ Yoast SEO plugin. -->","yoast_head_json":{"title":"Achat Lada Samara Fun et Vid\u00e9o - Blog auto Carid\u00e9al","description":"Achat Lada Samara : vu comme cela....Je suis sure que parmi vous il y a des clients potentiels pour la Lada samara ! Pour le cot\u00e9 Fun.","robots":{"index":"index","follow":"follow","max-snippet":"max-snippet:-1","max-image-preview":"max-image-preview:large","max-video-preview":"max-video-preview:-1"},"canonical":"https:\/\/www.carideal.com\/blog\/2012\/02\/18\/achat-lada-samara\/","og_locale":"fr_FR","og_type":"article","og_title":"Achat Lada Samara Fun et Vid\u00e9o - Blog auto Carid\u00e9al","og_description":"Achat Lada Samara : vu comme cela....Je suis sure que parmi vous il y a des clients potentiels pour la Lada samara ! Pour le cot\u00e9 Fun.","og_url":"https:\/\/www.carideal.com\/blog\/2012\/02\/18\/achat-lada-samara\/","og_site_name":"Blog auto Carid\u00e9al","article_publisher":"https:\/\/www.facebook.com\/Carideal.mandataire.automobile","article_author":"https:\/\/www.facebook.com\/Carideal.mandataire.automobile\/","article_published_time":"2012-02-18T20:45:00+00:00","article_modified_time":"2020-03-07T15:54:38+00:00","og_image":[{"width":300,"height":448,"url":"https:\/\/www.carideal.com\/blog\/wp-content\/uploads\/2012\/02\/lada-samara-achat-carideal-mandataire-auto_m.jpg","type":"image\/jpeg"}],"author":"N.S Carideal","twitter_card":"summary_large_image","twitter_creator":"@caridealauto","twitter_site":"@caridealauto","twitter_misc":{"\u00c9crit par":"N.S Carideal","Dur\u00e9e de lecture estim\u00e9e":"2 minutes"},"schema":{"@context":"https:\/\/schema.org","@graph":[{"@type":"Article","@id":"https:\/\/www.carideal.com\/blog\/2012\/02\/18\/achat-lada-samara\/#article","isPartOf":{"@id":"https:\/\/www.carideal.com\/blog\/2012\/02\/18\/achat-lada-samara\/"},"author":{"name":"N.S Carideal","@id":"https:\/\/www.carideal.com\/blog\/#\/schema\/person\/985c7e757d1042d647f21bfaf8d41ebc"},"headline":"Achat Lada Samara Fun et Vid\u00e9o","datePublished":"2012-02-18T20:45:00+00:00","dateModified":"2020-03-07T15:54:38+00:00","mainEntityOfPage":{"@id":"https:\/\/www.carideal.com\/blog\/2012\/02\/18\/achat-lada-samara\/"},"wordCount":415,"commentCount":0,"publisher":{"@id":"https:\/\/www.carideal.com\/blog\/#organization"},"image":{"@id":"https:\/\/www.carideal.com\/blog\/2012\/02\/18\/achat-lada-samara\/#primaryimage"},"thumbnailUrl":"https:\/\/www.carideal.com\/blog\/wp-content\/uploads\/2012\/02\/lada-samara-achat-carideal-mandataire-auto_m.jpg","articleSection":["Actualit\u00e9 Constructeur automobile","Divers","Fun","March\u00e9 automobile"],"inLanguage":"fr-FR","potentialAction":[{"@type":"CommentAction","name":"Comment","target":["https:\/\/www.carideal.com\/blog\/2012\/02\/18\/achat-lada-samara\/#respond"]}]},{"@type":"WebPage","@id":"https:\/\/www.carideal.com\/blog\/2012\/02\/18\/achat-lada-samara\/","url":"https:\/\/www.carideal.com\/blog\/2012\/02\/18\/achat-lada-samara\/","name":"Achat Lada Samara Fun et Vid\u00e9o - Blog auto Carid\u00e9al","isPartOf":{"@id":"https:\/\/www.carideal.com\/blog\/#website"},"primaryImageOfPage":{"@id":"https:\/\/www.carideal.com\/blog\/2012\/02\/18\/achat-lada-samara\/#primaryimage"},"image":{"@id":"https:\/\/www.carideal.com\/blog\/2012\/02\/18\/achat-lada-samara\/#primaryimage"},"thumbnailUrl":"https:\/\/www.carideal.com\/blog\/wp-content\/uploads\/2012\/02\/lada-samara-achat-carideal-mandataire-auto_m.jpg","datePublished":"2012-02-18T20:45:00+00:00","dateModified":"2020-03-07T15:54:38+00:00","description":"Achat Lada Samara : vu comme cela....Je suis sure que parmi vous il y a des clients potentiels pour la Lada samara ! Pour le cot\u00e9 Fun.","breadcrumb":{"@id":"https:\/\/www.carideal.com\/blog\/2012\/02\/18\/achat-lada-samara\/#breadcrumb"},"inLanguage":"fr-FR","potentialAction":[{"@type":"ReadAction","target":["https:\/\/www.carideal.com\/blog\/2012\/02\/18\/achat-lada-samara\/"]}]},{"@type":"ImageObject","inLanguage":"fr-FR","@id":"https:\/\/www.carideal.com\/blog\/2012\/02\/18\/achat-lada-samara\/#primaryimage","url":"https:\/\/www.carideal.com\/blog\/wp-content\/uploads\/2012\/02\/lada-samara-achat-carideal-mandataire-auto_m.jpg","contentUrl":"https:\/\/www.carideal.com\/blog\/wp-content\/uploads\/2012\/02\/lada-samara-achat-carideal-mandataire-auto_m.jpg","width":300,"height":448,"caption":"Achat Lada Samara Fun et Vid\u00e9o"},{"@type":"BreadcrumbList","@id":"https:\/\/www.carideal.com\/blog\/2012\/02\/18\/achat-lada-samara\/#breadcrumb","itemListElement":[{"@type":"ListItem","position":1,"name":"Blog Carid\u00e9al","item":"https:\/\/www.carideal.com\/blog\/"},{"@type":"ListItem","position":2,"name":"March\u00e9 automobile","item":"https:\/\/www.carideal.com\/blog\/marche-automobile-voiture-neuve-occasion-4x4-suv\/"},{"@type":"ListItem","position":3,"name":"Achat Lada Samara Fun et Vid\u00e9o"}]},{"@type":"WebSite","@id":"https:\/\/www.carideal.com\/blog\/#website","url":"https:\/\/www.carideal.com\/blog\/","name":"Blog auto Carid\u00e9al","description":"Actualit\u00e9 auto par des passionn\u00e9s","publisher":{"@id":"https:\/\/www.carideal.com\/blog\/#organization"},"potentialAction":[{"@type":"SearchAction","target":{"@type":"EntryPoint","urlTemplate":"https:\/\/www.carideal.com\/blog\/?s={search_term_string}"},"query-input":{"@type":"PropertyValueSpecification","valueRequired":true,"valueName":"search_term_string"}}],"inLanguage":"fr-FR"},{"@type":"Organization","@id":"https:\/\/www.carideal.com\/blog\/#organization","name":"Carideal","url":"https:\/\/www.carideal.com\/blog\/","logo":{"@type":"ImageObject","inLanguage":"fr-FR","@id":"https:\/\/www.carideal.com\/blog\/#\/schema\/logo\/image\/","url":"http:\/\/www.carideal.com\/blog\/wp-content\/uploads\/2016\/03\/logo-carideal-mandataire-automobile.png","contentUrl":"http:\/\/www.carideal.com\/blog\/wp-content\/uploads\/2016\/03\/logo-carideal-mandataire-automobile.png","width":300,"height":300,"caption":"Carideal"},"image":{"@id":"https:\/\/www.carideal.com\/blog\/#\/schema\/logo\/image\/"},"sameAs":["https:\/\/www.facebook.com\/Carideal.mandataire.automobile","https:\/\/x.com\/caridealauto","https:\/\/www.instagram.com\/carideal1\/","https:\/\/www.linkedin.com\/company\/carideal.com","https:\/\/fr.pinterest.com\/schiavonsas\/","https:\/\/www.youtube.com\/user\/caridealsas"]},{"@type":"Person","@id":"https:\/\/www.carideal.com\/blog\/#\/schema\/person\/985c7e757d1042d647f21bfaf8d41ebc","name":"N.S Carideal","image":{"@type":"ImageObject","inLanguage":"fr-FR","@id":"https:\/\/www.carideal.com\/blog\/#\/schema\/person\/image\/","url":"https:\/\/secure.gravatar.com\/avatar\/edb7ccdf1a4e3d14aef967760d354d0e?s=96&r=g","contentUrl":"https:\/\/secure.gravatar.com\/avatar\/edb7ccdf1a4e3d14aef967760d354d0e?s=96&r=g","caption":"N.S Carideal"},"description":"Depuis tout petit fan d'automobile. Il est question d'essayer et de comparer toutes ces voitures qui nous ont fait r\u00e9ver, avant que celles-ci ne devient uniquement des voitures de collection.","sameAs":["http:\/\/www.carideal.com\/blog","https:\/\/www.facebook.com\/Carideal.mandataire.automobile\/","https:\/\/www.linkedin.com\/in\/nschiavon\/","https:\/\/www.youtube.com\/user\/caridealsas\/"],"url":"https:\/\/www.carideal.com\/blog\/author\/admin_carideal\/"}]}},"uagb_featured_image_src":{"full":["https:\/\/www.carideal.com\/blog\/wp-content\/uploads\/2012\/02\/lada-samara-achat-carideal-mandataire-auto_m.jpg",300,448,false],"thumbnail":["https:\/\/www.carideal.com\/blog\/wp-content\/uploads\/2012\/02\/lada-samara-achat-carideal-mandataire-auto_m-150x150.jpg",150,150,true],"medium":["https:\/\/www.carideal.com\/blog\/wp-content\/uploads\/2012\/02\/lada-samara-achat-carideal-mandataire-auto_m-201x300.jpg",201,300,true],"medium_large":["https:\/\/www.carideal.com\/blog\/wp-content\/uploads\/2012\/02\/lada-samara-achat-carideal-mandataire-auto_m.jpg",300,448,false],"large":["https:\/\/www.carideal.com\/blog\/wp-content\/uploads\/2012\/02\/lada-samara-achat-carideal-mandataire-auto_m.jpg",300,448,false],"1536x1536":["https:\/\/www.carideal.com\/blog\/wp-content\/uploads\/2012\/02\/lada-samara-achat-carideal-mandataire-auto_m.jpg",300,448,false],"2048x2048":["https:\/\/www.carideal.com\/blog\/wp-content\/uploads\/2012\/02\/lada-samara-achat-carideal-mandataire-auto_m.jpg",300,448,false],"wppr-widget":["https:\/\/www.carideal.com\/blog\/wp-content\/uploads\/2012\/02\/lada-samara-achat-carideal-mandataire-auto_m-33x50.jpg",33,50,true]},"uagb_author_info":{"display_name":"N.S Carideal","author_link":"https:\/\/www.carideal.com\/blog\/author\/admin_carideal\/"},"uagb_comment_info":0,"uagb_excerpt":"Achat Lada Samara Fun et Vid\u00e9o Achat Lada Samara : vu comme cela....Je suis s\u00fbre que parmi vous il y a des clients potentiels pour la Lada Samara ! Pour le cot\u00e9 Fun et pour le coup je ne me souviens plus du contexte de cette photo..... Histoire de la Lada Samara Du coup on\u2026","_links":{"self":[{"href":"https:\/\/www.carideal.com\/blog\/wp-json\/wp\/v2\/posts\/1032"}],"collection":[{"href":"https:\/\/www.carideal.com\/blog\/wp-json\/wp\/v2\/posts"}],"about":[{"href":"https:\/\/www.carideal.com\/blog\/wp-json\/wp\/v2\/types\/post"}],"author":[{"embeddable":true,"href":"https:\/\/www.carideal.com\/blog\/wp-json\/wp\/v2\/users\/1"}],"replies":[{"embeddable":true,"href":"https:\/\/www.carideal.com\/blog\/wp-json\/wp\/v2\/comments?post=1032"}],"version-history":[{"count":0,"href":"https:\/\/www.carideal.com\/blog\/wp-json\/wp\/v2\/posts\/1032\/revisions"}],"wp:featuredmedia":[{"embeddable":true,"href":"https:\/\/www.carideal.com\/blog\/wp-json\/wp\/v2\/media\/21556"}],"wp:attachment":[{"href":"https:\/\/www.carideal.com\/blog\/wp-json\/wp\/v2\/media?parent=1032"}],"wp:term":[{"taxonomy":"category","embeddable":true,"href":"https:\/\/www.carideal.com\/blog\/wp-json\/wp\/v2\/categories?post=1032"},{"taxonomy":"post_tag","embeddable":true,"href":"https:\/\/www.carideal.com\/blog\/wp-json\/wp\/v2\/tags?post=1032"}],"curies":[{"name":"wp","href":"https:\/\/api.w.org\/{rel}","templated":true}]}}