{"id":103,"date":"2013-01-31T14:05:00","date_gmt":"2013-01-31T14:05:00","guid":{"rendered":"http:\/\/carideal.com\/blog\/?p=103"},"modified":"2016-06-24T19:00:13","modified_gmt":"2016-06-24T17:00:13","slug":"la-balance-des-7-perd-du-terrain","status":"publish","type":"post","link":"https:\/\/www.carideal.com\/blog\/2013\/01\/31\/la-balance-des-7-perd-du-terrain\/","title":{"rendered":"Les 7 plus gros constructeurs reculent"},"content":{"rendered":"<p><img decoding=\"async\" title=\"84389, janv. 2013\" src=\"\/blog\/public\/.marche-francais_m.jpg\" alt=\"84389\" \/><\/p>\n<h1><strong>Les 7 plus gros constructeurs perdent du terrain en France<\/strong><\/h1>\n<blockquote><p>Les marque g\u00e9n\u00e9ralistes de \"la bande des 7\" souffrent. A peine 12 points de part de march\u00e9 c\u00e9d\u00e9s de 1965 \u00e0 2000. Mais 15 points perdus depuis, sur une p\u00e9riode trois fois plus courte !<\/p><\/blockquote>\n<p>Sept constructeurs ont longtemps r\u00e9gn\u00e9 sans partage sur le march\u00e9 fran\u00e7ais. Les trois marques nationales ( Renault, Peugeot, Citro\u00ebn ) et quatre autres d\u00e9crites comme \"les grands importateurs\"\u00a0: Volkswagen, Ford, Opel et Fiat. Aussi loin que remontent les statistiques, ces marques ont toujours occup\u00e9 les sept premier rangs du march\u00e9 fran\u00e7ais, laissant leurs rivales loin derri\u00e8re... avant que Toyota, en 2006, ne brise leur h\u00e9g\u00e9monie en passant Fiat. L'ouverture progressive du march\u00e9 fran\u00e7ais \u00e0 de nouveaux acteurs, ainsi que la mont\u00e9e en puissance des marques sp\u00e9cialis\u00e9es, avaient d\u00e9j\u00e0 \u00e9rod\u00e9 leurs positions\u00a0: de 95 % du total des ventes du march\u00e9 fran\u00e7ais en 1965, leur part \u00e9tait tomb\u00e9e \u00e0 75 % en 2005. Ce mouvement s'est ensuite confirm\u00e9\u00a0: 71 % des ventes en 2007. Bonus et prime \u00e0 la casse ont donn\u00e9 un petit r\u00e9pit \u00e0 ces sept marques g\u00e9n\u00e9ralistes, en favorisant la diffusion de petits mod\u00e8les\u00a0: 75 % des ventes en 2009. Mais depuis, leur repli s'est amplifi\u00e9\u00a0: elles ne repr\u00e9sentaient plus, sur les 11 premiers mois de 2012, que 68 % du march\u00e9 fran\u00e7ais. A l'exception de Volkswagen ( qui chute de 3 % \u00e0 la fin novembre apr\u00e8s une ann\u00e9e record en 2011 ), toutes ont enregistr\u00e9 en 2012 un recul sup\u00e9rieur \u00e0 celui du march\u00e9 ( -14 % ), notemment Fiat ( -25 % ), Opel et Renault ( -24 % ). Opel figure d\u00e9sormais au septi\u00e8me rang du march\u00e9, fran\u00e7ais, derri\u00e8re Nissan, Toyota, Audi, BMW et Mercedes.<\/p>\n<p>\/Les \u00e9trang\u00e8res, pr\u00e9f\u00e9r\u00e9es des fran\u00e7ais<\/p>\n","protected":false},"excerpt":{"rendered":"<p>Les 7 plus gros constructeurs perdent du terrain en France Les marque g\u00e9n\u00e9ralistes de \u00ab\u00a0la bande des 7\u00a0\u00bb souffrent. A peine 12 points de part de march\u00e9 c\u00e9d\u00e9s de 1965 \u00e0 2000. Mais 15 points perdus depuis, sur une p\u00e9riode trois fois plus courte ! Sept constructeurs ont longtemps r\u00e9gn\u00e9 sans partage sur le march\u00e9 &#8230; <a title=\"Les 7 plus gros constructeurs reculent\" class=\"read-more\" href=\"https:\/\/www.carideal.com\/blog\/2013\/01\/31\/la-balance-des-7-perd-du-terrain\/\" aria-label=\"En savoir plus sur Les 7 plus gros constructeurs reculent\">Lire plus<\/a><\/p>\n","protected":false},"author":1,"featured_media":0,"comment_status":"open","ping_status":"open","sticky":false,"template":"","format":"standard","meta":{"_uag_custom_page_level_css":"","_themeisle_gutenberg_block_has_review":false,"footnotes":""},"categories":[21,3,10],"tags":[],"class_list":["post-103","post","type-post","status-publish","format-standard","hentry","category-actualites-auto","category-actualites-financieres","category-marche-automobile-voiture-neuve-occasion-4x4-suv"],"wppr_data":[],"yoast_head":"<!-- This site is optimized with the Yoast SEO plugin v24.8.1 - https:\/\/yoast.com\/wordpress\/plugins\/seo\/ -->\n<title>Les 7 plus gros constructeurs reculent - Blog auto Carid\u00e9al<\/title>\n<meta name=\"robots\" content=\"index, follow, max-snippet:-1, max-image-preview:large, max-video-preview:-1\" \/>\n<link rel=\"canonical\" href=\"https:\/\/www.carideal.com\/blog\/2013\/01\/31\/la-balance-des-7-perd-du-terrain\/\" \/>\n<meta property=\"og:locale\" content=\"fr_FR\" \/>\n<meta property=\"og:type\" content=\"article\" \/>\n<meta property=\"og:title\" content=\"Les 7 plus gros constructeurs reculent - Blog auto Carid\u00e9al\" \/>\n<meta property=\"og:description\" content=\"Les 7 plus gros constructeurs perdent du terrain en France Les marque g\u00e9n\u00e9ralistes de &quot;la bande des 7&quot; souffrent. A peine 12 points de part de march\u00e9 c\u00e9d\u00e9s de 1965 \u00e0 2000. Mais 15 points perdus depuis, sur une p\u00e9riode trois fois plus courte ! Sept constructeurs ont longtemps r\u00e9gn\u00e9 sans partage sur le march\u00e9 ... Lire plus\" \/>\n<meta property=\"og:url\" content=\"https:\/\/www.carideal.com\/blog\/2013\/01\/31\/la-balance-des-7-perd-du-terrain\/\" \/>\n<meta property=\"og:site_name\" content=\"Blog auto Carid\u00e9al\" \/>\n<meta property=\"article:publisher\" content=\"https:\/\/www.facebook.com\/Carideal.mandataire.automobile\" \/>\n<meta property=\"article:author\" content=\"https:\/\/www.facebook.com\/Carideal.mandataire.automobile\/\" \/>\n<meta property=\"article:published_time\" content=\"2013-01-31T14:05:00+00:00\" \/>\n<meta property=\"article:modified_time\" content=\"2016-06-24T17:00:13+00:00\" \/>\n<meta property=\"og:image\" content=\"https:\/\/www.carideal.com\/blog\/wp-content\/uploads\/2016\/03\/logo-carideal-mandataire-automobile.png\" \/>\n\t<meta property=\"og:image:width\" content=\"300\" \/>\n\t<meta property=\"og:image:height\" content=\"300\" \/>\n\t<meta property=\"og:image:type\" content=\"image\/png\" \/>\n<meta name=\"author\" content=\"N.S Carideal\" \/>\n<meta name=\"twitter:card\" content=\"summary_large_image\" \/>\n<meta name=\"twitter:creator\" content=\"@caridealauto\" \/>\n<meta name=\"twitter:site\" content=\"@caridealauto\" \/>\n<meta name=\"twitter:label1\" content=\"\u00c9crit par\" \/>\n\t<meta name=\"twitter:data1\" content=\"N.S Carideal\" \/>\n\t<meta name=\"twitter:label2\" content=\"Dur\u00e9e de lecture estim\u00e9e\" \/>\n\t<meta name=\"twitter:data2\" content=\"1 minute\" \/>\n<script type=\"application\/ld+json\" class=\"yoast-schema-graph\">{\"@context\":\"https:\/\/schema.org\",\"@graph\":[{\"@type\":\"Article\",\"@id\":\"https:\/\/www.carideal.com\/blog\/2013\/01\/31\/la-balance-des-7-perd-du-terrain\/#article\",\"isPartOf\":{\"@id\":\"https:\/\/www.carideal.com\/blog\/2013\/01\/31\/la-balance-des-7-perd-du-terrain\/\"},\"author\":{\"name\":\"N.S Carideal\",\"@id\":\"https:\/\/www.carideal.com\/blog\/#\/schema\/person\/985c7e757d1042d647f21bfaf8d41ebc\"},\"headline\":\"Les 7 plus gros constructeurs reculent\",\"datePublished\":\"2013-01-31T14:05:00+00:00\",\"dateModified\":\"2016-06-24T17:00:13+00:00\",\"mainEntityOfPage\":{\"@id\":\"https:\/\/www.carideal.com\/blog\/2013\/01\/31\/la-balance-des-7-perd-du-terrain\/\"},\"wordCount\":286,\"commentCount\":0,\"publisher\":{\"@id\":\"https:\/\/www.carideal.com\/blog\/#organization\"},\"articleSection\":[\"Actualit\u00e9 automobile\",\"Actualit\u00e9 Financi\u00e8re\",\"March\u00e9 automobile\"],\"inLanguage\":\"fr-FR\",\"potentialAction\":[{\"@type\":\"CommentAction\",\"name\":\"Comment\",\"target\":[\"https:\/\/www.carideal.com\/blog\/2013\/01\/31\/la-balance-des-7-perd-du-terrain\/#respond\"]}]},{\"@type\":\"WebPage\",\"@id\":\"https:\/\/www.carideal.com\/blog\/2013\/01\/31\/la-balance-des-7-perd-du-terrain\/\",\"url\":\"https:\/\/www.carideal.com\/blog\/2013\/01\/31\/la-balance-des-7-perd-du-terrain\/\",\"name\":\"Les 7 plus gros constructeurs reculent - Blog auto Carid\u00e9al\",\"isPartOf\":{\"@id\":\"https:\/\/www.carideal.com\/blog\/#website\"},\"datePublished\":\"2013-01-31T14:05:00+00:00\",\"dateModified\":\"2016-06-24T17:00:13+00:00\",\"breadcrumb\":{\"@id\":\"https:\/\/www.carideal.com\/blog\/2013\/01\/31\/la-balance-des-7-perd-du-terrain\/#breadcrumb\"},\"inLanguage\":\"fr-FR\",\"potentialAction\":[{\"@type\":\"ReadAction\",\"target\":[\"https:\/\/www.carideal.com\/blog\/2013\/01\/31\/la-balance-des-7-perd-du-terrain\/\"]}]},{\"@type\":\"BreadcrumbList\",\"@id\":\"https:\/\/www.carideal.com\/blog\/2013\/01\/31\/la-balance-des-7-perd-du-terrain\/#breadcrumb\",\"itemListElement\":[{\"@type\":\"ListItem\",\"position\":1,\"name\":\"Blog Carid\u00e9al\",\"item\":\"https:\/\/www.carideal.com\/blog\/\"},{\"@type\":\"ListItem\",\"position\":2,\"name\":\"Actualit\u00e9 Financi\u00e8re\",\"item\":\"https:\/\/www.carideal.com\/blog\/actualites-financieres\/\"},{\"@type\":\"ListItem\",\"position\":3,\"name\":\"Les 7 plus gros constructeurs reculent\"}]},{\"@type\":\"WebSite\",\"@id\":\"https:\/\/www.carideal.com\/blog\/#website\",\"url\":\"https:\/\/www.carideal.com\/blog\/\",\"name\":\"Blog auto Carid\u00e9al\",\"description\":\"Actualit\u00e9 auto par des passionn\u00e9s\",\"publisher\":{\"@id\":\"https:\/\/www.carideal.com\/blog\/#organization\"},\"potentialAction\":[{\"@type\":\"SearchAction\",\"target\":{\"@type\":\"EntryPoint\",\"urlTemplate\":\"https:\/\/www.carideal.com\/blog\/?s={search_term_string}\"},\"query-input\":{\"@type\":\"PropertyValueSpecification\",\"valueRequired\":true,\"valueName\":\"search_term_string\"}}],\"inLanguage\":\"fr-FR\"},{\"@type\":\"Organization\",\"@id\":\"https:\/\/www.carideal.com\/blog\/#organization\",\"name\":\"Carideal\",\"url\":\"https:\/\/www.carideal.com\/blog\/\",\"logo\":{\"@type\":\"ImageObject\",\"inLanguage\":\"fr-FR\",\"@id\":\"https:\/\/www.carideal.com\/blog\/#\/schema\/logo\/image\/\",\"url\":\"http:\/\/www.carideal.com\/blog\/wp-content\/uploads\/2016\/03\/logo-carideal-mandataire-automobile.png\",\"contentUrl\":\"http:\/\/www.carideal.com\/blog\/wp-content\/uploads\/2016\/03\/logo-carideal-mandataire-automobile.png\",\"width\":300,\"height\":300,\"caption\":\"Carideal\"},\"image\":{\"@id\":\"https:\/\/www.carideal.com\/blog\/#\/schema\/logo\/image\/\"},\"sameAs\":[\"https:\/\/www.facebook.com\/Carideal.mandataire.automobile\",\"https:\/\/x.com\/caridealauto\",\"https:\/\/www.instagram.com\/carideal1\/\",\"https:\/\/www.linkedin.com\/company\/carideal.com\",\"https:\/\/fr.pinterest.com\/schiavonsas\/\",\"https:\/\/www.youtube.com\/user\/caridealsas\"]},{\"@type\":\"Person\",\"@id\":\"https:\/\/www.carideal.com\/blog\/#\/schema\/person\/985c7e757d1042d647f21bfaf8d41ebc\",\"name\":\"N.S Carideal\",\"image\":{\"@type\":\"ImageObject\",\"inLanguage\":\"fr-FR\",\"@id\":\"https:\/\/www.carideal.com\/blog\/#\/schema\/person\/image\/\",\"url\":\"https:\/\/secure.gravatar.com\/avatar\/edb7ccdf1a4e3d14aef967760d354d0e?s=96&r=g\",\"contentUrl\":\"https:\/\/secure.gravatar.com\/avatar\/edb7ccdf1a4e3d14aef967760d354d0e?s=96&r=g\",\"caption\":\"N.S Carideal\"},\"description\":\"Depuis tout petit fan d'automobile. Il est question d'essayer et de comparer toutes ces voitures qui nous ont fait r\u00e9ver, avant que celles-ci ne devient uniquement des voitures de collection.\",\"sameAs\":[\"http:\/\/www.carideal.com\/blog\",\"https:\/\/www.facebook.com\/Carideal.mandataire.automobile\/\",\"https:\/\/www.linkedin.com\/in\/nschiavon\/\",\"https:\/\/www.youtube.com\/user\/caridealsas\/\"],\"url\":\"https:\/\/www.carideal.com\/blog\/author\/admin_carideal\/\"}]}<\/script>\n<!-- \/ Yoast SEO plugin. -->","yoast_head_json":{"title":"Les 7 plus gros constructeurs reculent - Blog auto Carid\u00e9al","robots":{"index":"index","follow":"follow","max-snippet":"max-snippet:-1","max-image-preview":"max-image-preview:large","max-video-preview":"max-video-preview:-1"},"canonical":"https:\/\/www.carideal.com\/blog\/2013\/01\/31\/la-balance-des-7-perd-du-terrain\/","og_locale":"fr_FR","og_type":"article","og_title":"Les 7 plus gros constructeurs reculent - Blog auto Carid\u00e9al","og_description":"Les 7 plus gros constructeurs perdent du terrain en France Les marque g\u00e9n\u00e9ralistes de \"la bande des 7\" souffrent. A peine 12 points de part de march\u00e9 c\u00e9d\u00e9s de 1965 \u00e0 2000. Mais 15 points perdus depuis, sur une p\u00e9riode trois fois plus courte ! Sept constructeurs ont longtemps r\u00e9gn\u00e9 sans partage sur le march\u00e9 ... Lire plus","og_url":"https:\/\/www.carideal.com\/blog\/2013\/01\/31\/la-balance-des-7-perd-du-terrain\/","og_site_name":"Blog auto Carid\u00e9al","article_publisher":"https:\/\/www.facebook.com\/Carideal.mandataire.automobile","article_author":"https:\/\/www.facebook.com\/Carideal.mandataire.automobile\/","article_published_time":"2013-01-31T14:05:00+00:00","article_modified_time":"2016-06-24T17:00:13+00:00","og_image":[{"width":300,"height":300,"url":"https:\/\/www.carideal.com\/blog\/wp-content\/uploads\/2016\/03\/logo-carideal-mandataire-automobile.png","type":"image\/png"}],"author":"N.S Carideal","twitter_card":"summary_large_image","twitter_creator":"@caridealauto","twitter_site":"@caridealauto","twitter_misc":{"\u00c9crit par":"N.S Carideal","Dur\u00e9e de lecture estim\u00e9e":"1 minute"},"schema":{"@context":"https:\/\/schema.org","@graph":[{"@type":"Article","@id":"https:\/\/www.carideal.com\/blog\/2013\/01\/31\/la-balance-des-7-perd-du-terrain\/#article","isPartOf":{"@id":"https:\/\/www.carideal.com\/blog\/2013\/01\/31\/la-balance-des-7-perd-du-terrain\/"},"author":{"name":"N.S Carideal","@id":"https:\/\/www.carideal.com\/blog\/#\/schema\/person\/985c7e757d1042d647f21bfaf8d41ebc"},"headline":"Les 7 plus gros constructeurs reculent","datePublished":"2013-01-31T14:05:00+00:00","dateModified":"2016-06-24T17:00:13+00:00","mainEntityOfPage":{"@id":"https:\/\/www.carideal.com\/blog\/2013\/01\/31\/la-balance-des-7-perd-du-terrain\/"},"wordCount":286,"commentCount":0,"publisher":{"@id":"https:\/\/www.carideal.com\/blog\/#organization"},"articleSection":["Actualit\u00e9 automobile","Actualit\u00e9 Financi\u00e8re","March\u00e9 automobile"],"inLanguage":"fr-FR","potentialAction":[{"@type":"CommentAction","name":"Comment","target":["https:\/\/www.carideal.com\/blog\/2013\/01\/31\/la-balance-des-7-perd-du-terrain\/#respond"]}]},{"@type":"WebPage","@id":"https:\/\/www.carideal.com\/blog\/2013\/01\/31\/la-balance-des-7-perd-du-terrain\/","url":"https:\/\/www.carideal.com\/blog\/2013\/01\/31\/la-balance-des-7-perd-du-terrain\/","name":"Les 7 plus gros constructeurs reculent - Blog auto Carid\u00e9al","isPartOf":{"@id":"https:\/\/www.carideal.com\/blog\/#website"},"datePublished":"2013-01-31T14:05:00+00:00","dateModified":"2016-06-24T17:00:13+00:00","breadcrumb":{"@id":"https:\/\/www.carideal.com\/blog\/2013\/01\/31\/la-balance-des-7-perd-du-terrain\/#breadcrumb"},"inLanguage":"fr-FR","potentialAction":[{"@type":"ReadAction","target":["https:\/\/www.carideal.com\/blog\/2013\/01\/31\/la-balance-des-7-perd-du-terrain\/"]}]},{"@type":"BreadcrumbList","@id":"https:\/\/www.carideal.com\/blog\/2013\/01\/31\/la-balance-des-7-perd-du-terrain\/#breadcrumb","itemListElement":[{"@type":"ListItem","position":1,"name":"Blog Carid\u00e9al","item":"https:\/\/www.carideal.com\/blog\/"},{"@type":"ListItem","position":2,"name":"Actualit\u00e9 Financi\u00e8re","item":"https:\/\/www.carideal.com\/blog\/actualites-financieres\/"},{"@type":"ListItem","position":3,"name":"Les 7 plus gros constructeurs reculent"}]},{"@type":"WebSite","@id":"https:\/\/www.carideal.com\/blog\/#website","url":"https:\/\/www.carideal.com\/blog\/","name":"Blog auto Carid\u00e9al","description":"Actualit\u00e9 auto par des passionn\u00e9s","publisher":{"@id":"https:\/\/www.carideal.com\/blog\/#organization"},"potentialAction":[{"@type":"SearchAction","target":{"@type":"EntryPoint","urlTemplate":"https:\/\/www.carideal.com\/blog\/?s={search_term_string}"},"query-input":{"@type":"PropertyValueSpecification","valueRequired":true,"valueName":"search_term_string"}}],"inLanguage":"fr-FR"},{"@type":"Organization","@id":"https:\/\/www.carideal.com\/blog\/#organization","name":"Carideal","url":"https:\/\/www.carideal.com\/blog\/","logo":{"@type":"ImageObject","inLanguage":"fr-FR","@id":"https:\/\/www.carideal.com\/blog\/#\/schema\/logo\/image\/","url":"http:\/\/www.carideal.com\/blog\/wp-content\/uploads\/2016\/03\/logo-carideal-mandataire-automobile.png","contentUrl":"http:\/\/www.carideal.com\/blog\/wp-content\/uploads\/2016\/03\/logo-carideal-mandataire-automobile.png","width":300,"height":300,"caption":"Carideal"},"image":{"@id":"https:\/\/www.carideal.com\/blog\/#\/schema\/logo\/image\/"},"sameAs":["https:\/\/www.facebook.com\/Carideal.mandataire.automobile","https:\/\/x.com\/caridealauto","https:\/\/www.instagram.com\/carideal1\/","https:\/\/www.linkedin.com\/company\/carideal.com","https:\/\/fr.pinterest.com\/schiavonsas\/","https:\/\/www.youtube.com\/user\/caridealsas"]},{"@type":"Person","@id":"https:\/\/www.carideal.com\/blog\/#\/schema\/person\/985c7e757d1042d647f21bfaf8d41ebc","name":"N.S Carideal","image":{"@type":"ImageObject","inLanguage":"fr-FR","@id":"https:\/\/www.carideal.com\/blog\/#\/schema\/person\/image\/","url":"https:\/\/secure.gravatar.com\/avatar\/edb7ccdf1a4e3d14aef967760d354d0e?s=96&r=g","contentUrl":"https:\/\/secure.gravatar.com\/avatar\/edb7ccdf1a4e3d14aef967760d354d0e?s=96&r=g","caption":"N.S Carideal"},"description":"Depuis tout petit fan d'automobile. Il est question d'essayer et de comparer toutes ces voitures qui nous ont fait r\u00e9ver, avant que celles-ci ne devient uniquement des voitures de collection.","sameAs":["http:\/\/www.carideal.com\/blog","https:\/\/www.facebook.com\/Carideal.mandataire.automobile\/","https:\/\/www.linkedin.com\/in\/nschiavon\/","https:\/\/www.youtube.com\/user\/caridealsas\/"],"url":"https:\/\/www.carideal.com\/blog\/author\/admin_carideal\/"}]}},"uagb_featured_image_src":{"full":false,"thumbnail":false,"medium":false,"medium_large":false,"large":false,"1536x1536":false,"2048x2048":false,"wppr-widget":false},"uagb_author_info":{"display_name":"N.S Carideal","author_link":"https:\/\/www.carideal.com\/blog\/author\/admin_carideal\/"},"uagb_comment_info":0,"uagb_excerpt":"Les 7 plus gros constructeurs perdent du terrain en France Les marque g\u00e9n\u00e9ralistes de \"la bande des 7\" souffrent. A peine 12 points de part de march\u00e9 c\u00e9d\u00e9s de 1965 \u00e0 2000. Mais 15 points perdus depuis, sur une p\u00e9riode trois fois plus courte ! Sept constructeurs ont longtemps r\u00e9gn\u00e9 sans partage sur le march\u00e9\u2026","_links":{"self":[{"href":"https:\/\/www.carideal.com\/blog\/wp-json\/wp\/v2\/posts\/103"}],"collection":[{"href":"https:\/\/www.carideal.com\/blog\/wp-json\/wp\/v2\/posts"}],"about":[{"href":"https:\/\/www.carideal.com\/blog\/wp-json\/wp\/v2\/types\/post"}],"author":[{"embeddable":true,"href":"https:\/\/www.carideal.com\/blog\/wp-json\/wp\/v2\/users\/1"}],"replies":[{"embeddable":true,"href":"https:\/\/www.carideal.com\/blog\/wp-json\/wp\/v2\/comments?post=103"}],"version-history":[{"count":0,"href":"https:\/\/www.carideal.com\/blog\/wp-json\/wp\/v2\/posts\/103\/revisions"}],"wp:attachment":[{"href":"https:\/\/www.carideal.com\/blog\/wp-json\/wp\/v2\/media?parent=103"}],"wp:term":[{"taxonomy":"category","embeddable":true,"href":"https:\/\/www.carideal.com\/blog\/wp-json\/wp\/v2\/categories?post=103"},{"taxonomy":"post_tag","embeddable":true,"href":"https:\/\/www.carideal.com\/blog\/wp-json\/wp\/v2\/tags?post=103"}],"curies":[{"name":"wp","href":"https:\/\/api.w.org\/{rel}","templated":true}]}}