{"id":1022,"date":"2012-01-02T09:02:00","date_gmt":"2012-01-02T09:02:00","guid":{"rendered":"http:\/\/carideal.com\/blog\/?p=1022"},"modified":"2019-12-06T12:03:45","modified_gmt":"2019-12-06T11:03:45","slug":"nissan-micra-1-2-dig-s","status":"publish","type":"post","link":"https:\/\/www.carideal.com\/blog\/2012\/01\/02\/nissan-micra-1-2-dig-s\/","title":{"rendered":"Nissan Micra 1.2 DIG-S 2012 en bref"},"content":{"rendered":"<h2><strong>La Nissan Micra 1.2 DIG-S utilise un compresseur<\/strong><\/h2>\n<p><strong>La Nissan Micra 1.2 DIG-S est \u00e9quip\u00e9e d'un compresseur volum\u00e9trique<\/strong>. Seule la version Visia uniquement \u00e9quip\u00e9e de roues de 14\" ne propose que 95 g\/km de CO2, les reste de la gamme est \u00e0 99 g\/km de CO2, et 115 g sur la version automatique CVT (\u00e0 variateur \u00e0 variation continue). <strong>DIG-S veut dire direct injection gasoline supercharged<\/strong>. La Micra utilise le maximum de technologie pour son petit trois cylindres. Un petit compresseur \u00e0 double rotor de marque <strong>Eaton<\/strong>, est entra\u00een\u00e9 par le moteur et fournit donc de la puissance d\u00e8s les bas r\u00e9gimes contrairement \u00e0 un turbo. Le compresseur est soumis \u00e0 moins de contrainte thermique, ce qui permet d'all\u00e9ger le montage.<\/p>\n<figure id=\"attachment_20351\" aria-describedby=\"caption-attachment-20351\" style=\"width: 438px\" class=\"wp-caption alignnone\"><img loading=\"lazy\" decoding=\"async\" class=\"size-full wp-image-20351\" src=\"http:\/\/www.carideal.com\/blog\/wp-content\/uploads\/2012\/01\/nissan-micra-12-DIG-S-achat-carideal-mandataire-automobile_m.jpg\" alt=\"Nissan Micra 1.2 DIG-S 2012 en bref\" width=\"448\" height=\"336\" srcset=\"https:\/\/www.carideal.com\/blog\/wp-content\/uploads\/2012\/01\/nissan-micra-12-DIG-S-achat-carideal-mandataire-automobile_m.jpg 448w, https:\/\/www.carideal.com\/blog\/wp-content\/uploads\/2012\/01\/nissan-micra-12-DIG-S-achat-carideal-mandataire-automobile_m-300x225.jpg 300w, https:\/\/www.carideal.com\/blog\/wp-content\/uploads\/2012\/01\/nissan-micra-12-DIG-S-achat-carideal-mandataire-automobile_m-50x38.jpg 50w, https:\/\/www.carideal.com\/blog\/wp-content\/uploads\/2012\/01\/nissan-micra-12-DIG-S-achat-carideal-mandataire-automobile_m-110x83.jpg 110w, https:\/\/www.carideal.com\/blog\/wp-content\/uploads\/2012\/01\/nissan-micra-12-DIG-S-achat-carideal-mandataire-automobile_m-420x315.jpg 420w\" sizes=\"(max-width: 448px) 100vw, 448px\" \/><figcaption id=\"caption-attachment-20351\" class=\"wp-caption-text\">Nissan Micra 1.2 DIG-S 2012 en bref<\/figcaption><\/figure>\n<p>En dessous de 3000 tr\/min la Nissan Micra 1.2 DIG-S\u00a0se conduit comme un diesel, sur le couple, au-dessus la puissance arrive\u00a0!<br \/>\nCette alternative au moteur diesel est int\u00e9ressante mais car il y a un mais...moins de couple qu'un diesel, et plus ch\u00e8re et plus lourde qu'un VTI 95 de PSA. Surtout que <span style=\"text-decoration: underline;\"><a href=\"http:\/\/www.carideal.com\/blog\/2012\/01\/12\/un-nouveau-moteur-3-cylindres-pour-psa\/\" target=\"_blank\" rel=\"noopener\">PSA va lancer son moteur trois cylindres<\/a><\/span> en 2012.<\/p>\n<p><a href=\"http:\/\/www.carideal.com\/blog\/marque-de-voiture-actualites-essais\/nissan\/\">Nissan<\/a> a eu une grande ann\u00e9e, avec un nouveau <a href=\"http:\/\/www.carideal.com\/blog\/2014\/06\/02\/nissan-qashqai\/\"><span style=\"text-decoration: underline;\">QASHQAI<\/span><\/a>, l'arriv\u00e9e de la <a href=\"http:\/\/www.carideal.com\/blog\/2013\/11\/01\/nissan-note-lessai\/\"><span style=\"text-decoration: underline;\">Nissan Note<\/span><\/a> ainsi que la mise en production de la <a href=\"http:\/\/www.carideal.com\/blog\/2013\/04\/03\/voiture-electrique-nouvelle-nissan-leaf-en-video\/\"><span style=\"text-decoration: underline;\">Nissan Leaf<\/span><\/a> au Royaume-Uni. Mais Nissan\u00a0n'a pas oubli\u00e9 sa\u00a0petite <a href=\"http:\/\/www.carideal.com\/blog\/2014\/05\/12\/la-nissan-micra-remise-au-gout-du-jour\/\"><span style=\"text-decoration: underline;\">Micra<\/span><\/a>. Bien s\u00fbr, la Micra est pas ce que vous appelez la voiture la plus sexy qui soit. Mais le lifting r\u00e9cent a donn\u00e9 \u00e0 la mini Nissan\u00a0un look plus agr\u00e9able et quelqies \u00e9quipements de plus. Vous trouverez ici nos commentaires sur le haut de gamme Nissan Micra 1.2\u00a0DIG-S Tekna pour voir o\u00f9 sont\u00a0les changements.<\/p>\n<h2>Quoi de neuf \u00e0 propos de la Nissan Micra 1.2 DIG-S ?<\/h2>\n<figure id=\"attachment_11882\" aria-describedby=\"caption-attachment-11882\" style=\"width: 590px\" class=\"wp-caption alignnone\"><img loading=\"lazy\" decoding=\"async\" class=\"wp-image-11882 size-full\" title=\"Nissan Micra DGI-S 2012\" src=\"http:\/\/www.carideal.com\/blog\/wp-content\/uploads\/2012\/01\/Nissan-Micra-DGI-S-2012-e1575629797163.jpg\" alt=\"Nissan Micra DGI-S 2012\" width=\"600\" height=\"338\" \/><figcaption id=\"caption-attachment-11882\" class=\"wp-caption-text\">Nissan Micra DGI-S 2012<\/figcaption><\/figure>\n<p>Avec ce\u00a0regard, on la croirait tout droit sorti d'un Manga avec sin style effront\u00e9. Ce mod\u00e8le Tekna est aussi mature que la Micra l'est. Sur le mod\u00e8le de 2013 vont appara\u00eetre des\u00a0chromes sur\u00a0la grille de calandre sur le bas du pare-choc, conduisant \u00e0 des jantes\u00a0alliages polies de 16\" \u00e9quip\u00e9es de pneus Continental. Il y aura aussi un nouveau pare-chocs arri\u00e8re et la queue-lampes \u00e0 LED, mais les portes, le toit et les fondements restent inchang\u00e9s.<\/p>\n<h2>A quoi ressemble l'int\u00e9rieur de la Nissan Micra ?<\/h2>\n<p>L'habitacle de la Nissan Micra 1.2 DIG-S n'est pas \u00e0 la hauteur de la promesse de l'ext\u00e9rieur : d\u00e9j\u00e0 que dehors ce n'est pas jojo, surtout pour un mod\u00e8le qui co\u00fbte 17000 \u20ac. Il a \u00e9t\u00e9 remani\u00e9 (en partie), avec une nouvelle console centrale qui est beaucoup plus propre et un plus grand \u00e9cran tactile couleur int\u00e9gr\u00e9 de 5.8\" pour le Tekna. Cette t\u00e9l\u00e9matique qui r\u00e9pond beaucoup plus rapidement que l'\u00e9cran parresseux\u00a0de la <a href=\"http:\/\/www.carideal.com\/blog\/2012\/02\/15\/la-gamme-volkswagen-up-setoffe\/\"><span style=\"text-decoration: underline;\">Volkswagen Up<\/span><\/a>, et est intuitif et facile \u00e0 utiliser.<\/p>\n<p>&nbsp;<\/p>\n<figure id=\"attachment_11884\" aria-describedby=\"caption-attachment-11884\" style=\"width: 390px\" class=\"wp-caption alignnone\"><img loading=\"lazy\" decoding=\"async\" class=\"wp-image-11884 size-full\" src=\"http:\/\/www.carideal.com\/blog\/wp-content\/uploads\/2012\/01\/Nissan-Micra-DGI-S-2012-2-e1575629954359.jpg\" alt=\"int\u00e9rieur Nissan Micra DGI-S 2012-2\" width=\"400\" height=\"267\" \/><figcaption id=\"caption-attachment-11884\" class=\"wp-caption-text\">int\u00e9rieur Nissan Micra DGI-S 2012-2<\/figcaption><\/figure>\n<p>L'int\u00e9rieur de la Nissan Micra 1.2 DIG-S 2012 ne peut soutenir la comparaison face \u00e0 la Volkswahen\u00a0Up en termes d'ajustement et de\u00a0finition. Cela ne veut pas dire non plus que ce soit \"cheap\" ou mauvais. Le volant en Cuir tombe bien sous la main, mais le design fait ressentir la pauvret\u00e9 des \u00e9quipements et la conception emp\u00e8che tout niveau de sophistication, l'avantage c'est que tout est simple et pratique. La facilit\u00e9 d'utilisation fait partie de ses charmes\u00a0: la Micra ne cherche pas \u00e0 \u00e9blouir ou impressionner, elle fait le Job, sans aucune difficult\u00e9, sans strass ni trompette.<\/p>\n<h2>Conduire La Nissan Micra 1.2 DIG-S 2012<\/h2>\n<p>Ce moteur\u00a0trois cylindres 1,2 litre de 98 ch n'a pas de\u00a0punch, mais plut\u00f4t une pouss\u00e9e\u00a0r\u00e9guli\u00e8re. Il faut batailler avec le moteur pour s'en sortir,\u00a0mais il est tout \u00e0 fait capable sur la route\u00a0et sur l'autoroute, o\u00f9 il distribuera sa puissance une fois dans les tours.\u00a0Il faut 11,4 secondes pour passer de 0 \u00e0 100 km\/h avec une boite manuelle \u00e0 cinq vitesses. Le si\u00e8ge du conducteur est plat et ferme, mais est assez confortable. Vous vous sentirez presque assis aussi en hauteur que dans un <span style=\"text-decoration: underline;\"><a href=\"http:\/\/www.carideal.com\/blog\/2014\/04\/14\/le-marche-des-ludospaces-en-2013\/\">ludospace<\/a><\/span>.<\/p>\n<p>Cela donne une grande visibilit\u00e9, avec ces grands r\u00e9troviseurs\u00a0lat\u00e9raux, mais ils ne font que souligner la dynamique maladroite, plus un compromis qu'autre chose, qui mettent l'accent sur le confort en\u00a0ville. Le Confort de conduite est impressionnant, m\u00eame avec des\u00a0relativement grandes roues, ce qui apporte \u00e9galement une excellente traction sur le ch\u00e2ssis bien matris\u00e9, qui se joue rapidement des\u00a0grandes bosses.<\/p>\n<h2>La Nissan Micra 1.2 DIG-S se conduit comme un kart<\/h2>\n<p>Mettez\u00a0la Nissan Micra 1.2 DIG-S dans un virage et la direction se r\u00e9v\u00e8le plus dure, bien calibr\u00e9e et pr\u00e9visible, m\u00eame s\u2019il faut il faut faire de grand mouvement de volant\u00a0pour obtenir de petites r\u00e9actons. Il n'y a pas assez de puissance\u00a0pour faire patiner\u00a0les roues en sortie de virage, aid\u00e9s une tr\u00e8s bonne traction, et tandis que le roulis est bien contr\u00f4l\u00e9, il y a encore assez de puissance pour faire un changement rapide de direction. Elle\u00a0est toujours ludique, gr\u00e2ce \u00e0 ses proportions faites pour la ville.<\/p>\n<h2>La micra est-elle aussi pratique que ses concurrents ?<\/h2>\n<p>Mettez la Nissan Micra 1.2 DIG-S en face de la concurrence. La cinq-porte offre pas mal de place aux\u00a0t\u00eates arri\u00e8res et aux\u00a0jambes. La banquette arri\u00e8re est rabattable 60\/40. Le coffre offre\u00a0265L de d'espace, ou 1132 litres banquette rabatue. C'est plus que la VW Up (251 \/ 959L) et la <a href=\"http:\/\/www.carideal.com\/blog\/2014\/05\/15\/la-hyundai-i10-fait-peau-neuve\/\">Hyundai i10<\/a> (252 \/ 910L), mais les\u00a03.56 l\/100 km et\u00a099\u00a0g de CO2 de la Nissan sont\u00a0coiff\u00e9s par le 3.5 litres aux 100 km\u00a0du haut et 98g \/ km de CO2. La Volkswagen reste cependant\u00a0plus chere, m\u00eame si la Micra\u00a0est sans doute une meilleure valeur \u00e0 l'achat que certaines concurrentes.<\/p>\n<h2>Il faut conclure<\/h2>\n<p>La Micra ressemble \u00e0 pas grand-chose, malheureusement,\u00a0et en d\u00e9pit de sa m\u00e9canique qui fait un bon en avant, le choix ne semble \u00e9vident au moment de l'achat. Sa conduite est amusante, sa direction relaxante, et sa position de conduite haute, ce qui en en fait renforce le tout. C'est vrai qu'en ville, c'est la reine, avec assez de puissance, et des commandes agr\u00e9ables et faciles vous permettant de bien circuler \u00e0 son bord.<\/p>\n<p>Pourtant, demander plus de 17000 \u20ac pour cette voiture, mal finit, et avec cette pr\u00e9sentation, cela reste cher.<\/p>\n<h2>Vid\u00e9o essai Nissan Micra 1.2 DIG-S<\/h2>\n<p><iframe loading=\"lazy\" src=\"https:\/\/www.youtube.com\/embed\/wqpUBURU3Rg\" width=\"560\" height=\"315\" frameborder=\"0\" allowfullscreen=\"allowfullscreen\"><\/iframe><\/p>\n","protected":false},"excerpt":{"rendered":"<p>La Nissan Micra 1.2 DIG-S utilise un compresseur La Nissan Micra 1.2 DIG-S est \u00e9quip\u00e9e d&rsquo;un compresseur volum\u00e9trique. Seule la version Visia uniquement \u00e9quip\u00e9e de roues de 14&Prime; ne propose que 95 g\/km de CO2, les reste de la gamme est \u00e0 99 g\/km de CO2, et 115 g sur la version automatique CVT (\u00e0 &#8230; <a title=\"Nissan Micra 1.2 DIG-S 2012 en bref\" class=\"read-more\" href=\"https:\/\/www.carideal.com\/blog\/2012\/01\/02\/nissan-micra-1-2-dig-s\/\" aria-label=\"En savoir plus sur Nissan Micra 1.2 DIG-S 2012 en bref\">Lire plus<\/a><\/p>\n","protected":false},"author":1,"featured_media":20351,"comment_status":"open","ping_status":"open","sticky":false,"template":"","format":"standard","meta":{"_uag_custom_page_level_css":"","_themeisle_gutenberg_block_has_review":false,"footnotes":""},"categories":[5991,6012],"tags":[1348],"class_list":["post-1022","post","type-post","status-publish","format-standard","has-post-thumbnail","hentry","category-nissan-constructeur","category-berlines","tag-citadine"],"wppr_data":{"cwp_meta_box_check":"No"},"yoast_head":"<!-- This site is optimized with the Yoast SEO plugin v24.8.1 - https:\/\/yoast.com\/wordpress\/plugins\/seo\/ -->\n<title>Nissan Micra 1.2 DIG-S 2012 en bref - Blog auto Carid\u00e9al<\/title>\n<meta name=\"description\" content=\"La Nissan Micra 1.2 DIG-S est \u00e9quip\u00e9e d&#039;un compresseur volum\u00e9trique. Seule la version Visia uniquement \u00e9quip\u00e9e de roues de 14&quot; ne propose que 95 g\/km de CO2\" \/>\n<meta name=\"robots\" content=\"index, follow, max-snippet:-1, max-image-preview:large, max-video-preview:-1\" \/>\n<link rel=\"canonical\" href=\"https:\/\/www.carideal.com\/blog\/2012\/01\/02\/nissan-micra-1-2-dig-s\/\" \/>\n<meta property=\"og:locale\" content=\"fr_FR\" \/>\n<meta property=\"og:type\" content=\"article\" \/>\n<meta property=\"og:title\" content=\"Nissan Micra 1.2 DIG-S 2012 en bref - Blog auto Carid\u00e9al\" \/>\n<meta property=\"og:description\" content=\"La Nissan Micra 1.2 DIG-S est \u00e9quip\u00e9e d&#039;un compresseur volum\u00e9trique. Seule la version Visia uniquement \u00e9quip\u00e9e de roues de 14&quot; ne propose que 95 g\/km de CO2\" \/>\n<meta property=\"og:url\" content=\"https:\/\/www.carideal.com\/blog\/2012\/01\/02\/nissan-micra-1-2-dig-s\/\" \/>\n<meta property=\"og:site_name\" content=\"Blog auto Carid\u00e9al\" \/>\n<meta property=\"article:publisher\" content=\"https:\/\/www.facebook.com\/Carideal.mandataire.automobile\" \/>\n<meta property=\"article:author\" content=\"https:\/\/www.facebook.com\/Carideal.mandataire.automobile\/\" \/>\n<meta property=\"article:published_time\" content=\"2012-01-02T09:02:00+00:00\" \/>\n<meta property=\"article:modified_time\" content=\"2019-12-06T11:03:45+00:00\" \/>\n<meta property=\"og:image\" content=\"https:\/\/www.carideal.com\/blog\/wp-content\/uploads\/2012\/01\/nissan-micra-12-DIG-S-achat-carideal-mandataire-automobile_m.jpg\" \/>\n\t<meta property=\"og:image:width\" content=\"448\" \/>\n\t<meta property=\"og:image:height\" content=\"336\" \/>\n\t<meta property=\"og:image:type\" content=\"image\/jpeg\" \/>\n<meta name=\"author\" content=\"N.S Carideal\" \/>\n<meta name=\"twitter:card\" content=\"summary_large_image\" \/>\n<meta name=\"twitter:creator\" content=\"@caridealauto\" \/>\n<meta name=\"twitter:site\" content=\"@caridealauto\" \/>\n<meta name=\"twitter:label1\" content=\"\u00c9crit par\" \/>\n\t<meta name=\"twitter:data1\" content=\"N.S Carideal\" \/>\n\t<meta name=\"twitter:label2\" content=\"Dur\u00e9e de lecture estim\u00e9e\" \/>\n\t<meta name=\"twitter:data2\" content=\"5 minutes\" \/>\n<script type=\"application\/ld+json\" class=\"yoast-schema-graph\">{\"@context\":\"https:\/\/schema.org\",\"@graph\":[{\"@type\":\"Article\",\"@id\":\"https:\/\/www.carideal.com\/blog\/2012\/01\/02\/nissan-micra-1-2-dig-s\/#article\",\"isPartOf\":{\"@id\":\"https:\/\/www.carideal.com\/blog\/2012\/01\/02\/nissan-micra-1-2-dig-s\/\"},\"author\":{\"name\":\"N.S Carideal\",\"@id\":\"https:\/\/www.carideal.com\/blog\/#\/schema\/person\/985c7e757d1042d647f21bfaf8d41ebc\"},\"headline\":\"Nissan Micra 1.2 DIG-S 2012 en bref\",\"datePublished\":\"2012-01-02T09:02:00+00:00\",\"dateModified\":\"2019-12-06T11:03:45+00:00\",\"mainEntityOfPage\":{\"@id\":\"https:\/\/www.carideal.com\/blog\/2012\/01\/02\/nissan-micra-1-2-dig-s\/\"},\"wordCount\":1077,\"commentCount\":0,\"publisher\":{\"@id\":\"https:\/\/www.carideal.com\/blog\/#organization\"},\"image\":{\"@id\":\"https:\/\/www.carideal.com\/blog\/2012\/01\/02\/nissan-micra-1-2-dig-s\/#primaryimage\"},\"thumbnailUrl\":\"https:\/\/www.carideal.com\/blog\/wp-content\/uploads\/2012\/01\/nissan-micra-12-DIG-S-achat-carideal-mandataire-automobile_m.jpg\",\"keywords\":[\"Voiture citadine\"],\"articleSection\":[\"Actualit\u00e9 Nissan\",\"Berlines\"],\"inLanguage\":\"fr-FR\",\"potentialAction\":[{\"@type\":\"CommentAction\",\"name\":\"Comment\",\"target\":[\"https:\/\/www.carideal.com\/blog\/2012\/01\/02\/nissan-micra-1-2-dig-s\/#respond\"]}]},{\"@type\":\"WebPage\",\"@id\":\"https:\/\/www.carideal.com\/blog\/2012\/01\/02\/nissan-micra-1-2-dig-s\/\",\"url\":\"https:\/\/www.carideal.com\/blog\/2012\/01\/02\/nissan-micra-1-2-dig-s\/\",\"name\":\"Nissan Micra 1.2 DIG-S 2012 en bref - Blog auto Carid\u00e9al\",\"isPartOf\":{\"@id\":\"https:\/\/www.carideal.com\/blog\/#website\"},\"primaryImageOfPage\":{\"@id\":\"https:\/\/www.carideal.com\/blog\/2012\/01\/02\/nissan-micra-1-2-dig-s\/#primaryimage\"},\"image\":{\"@id\":\"https:\/\/www.carideal.com\/blog\/2012\/01\/02\/nissan-micra-1-2-dig-s\/#primaryimage\"},\"thumbnailUrl\":\"https:\/\/www.carideal.com\/blog\/wp-content\/uploads\/2012\/01\/nissan-micra-12-DIG-S-achat-carideal-mandataire-automobile_m.jpg\",\"datePublished\":\"2012-01-02T09:02:00+00:00\",\"dateModified\":\"2019-12-06T11:03:45+00:00\",\"description\":\"La Nissan Micra 1.2 DIG-S est \u00e9quip\u00e9e d'un compresseur volum\u00e9trique. Seule la version Visia uniquement \u00e9quip\u00e9e de roues de 14\\\" ne propose que 95 g\/km de CO2\",\"breadcrumb\":{\"@id\":\"https:\/\/www.carideal.com\/blog\/2012\/01\/02\/nissan-micra-1-2-dig-s\/#breadcrumb\"},\"inLanguage\":\"fr-FR\",\"potentialAction\":[{\"@type\":\"ReadAction\",\"target\":[\"https:\/\/www.carideal.com\/blog\/2012\/01\/02\/nissan-micra-1-2-dig-s\/\"]}]},{\"@type\":\"ImageObject\",\"inLanguage\":\"fr-FR\",\"@id\":\"https:\/\/www.carideal.com\/blog\/2012\/01\/02\/nissan-micra-1-2-dig-s\/#primaryimage\",\"url\":\"https:\/\/www.carideal.com\/blog\/wp-content\/uploads\/2012\/01\/nissan-micra-12-DIG-S-achat-carideal-mandataire-automobile_m.jpg\",\"contentUrl\":\"https:\/\/www.carideal.com\/blog\/wp-content\/uploads\/2012\/01\/nissan-micra-12-DIG-S-achat-carideal-mandataire-automobile_m.jpg\",\"width\":448,\"height\":336,\"caption\":\"Nissan Micra 1.2 DIG-S 2012 en bref\"},{\"@type\":\"BreadcrumbList\",\"@id\":\"https:\/\/www.carideal.com\/blog\/2012\/01\/02\/nissan-micra-1-2-dig-s\/#breadcrumb\",\"itemListElement\":[{\"@type\":\"ListItem\",\"position\":1,\"name\":\"Blog Carid\u00e9al\",\"item\":\"https:\/\/www.carideal.com\/blog\/\"},{\"@type\":\"ListItem\",\"position\":2,\"name\":\"Actualit\u00e9 constructeur automobile\",\"item\":\"https:\/\/www.carideal.com\/blog\/constructeur\/\"},{\"@type\":\"ListItem\",\"position\":3,\"name\":\"Actualit\u00e9 Nissan\",\"item\":\"https:\/\/www.carideal.com\/blog\/constructeur\/nissan-constructeur\/\"},{\"@type\":\"ListItem\",\"position\":4,\"name\":\"Nissan Micra 1.2 DIG-S 2012 en bref\"}]},{\"@type\":\"WebSite\",\"@id\":\"https:\/\/www.carideal.com\/blog\/#website\",\"url\":\"https:\/\/www.carideal.com\/blog\/\",\"name\":\"Blog auto Carid\u00e9al\",\"description\":\"Actualit\u00e9 auto par des passionn\u00e9s\",\"publisher\":{\"@id\":\"https:\/\/www.carideal.com\/blog\/#organization\"},\"potentialAction\":[{\"@type\":\"SearchAction\",\"target\":{\"@type\":\"EntryPoint\",\"urlTemplate\":\"https:\/\/www.carideal.com\/blog\/?s={search_term_string}\"},\"query-input\":{\"@type\":\"PropertyValueSpecification\",\"valueRequired\":true,\"valueName\":\"search_term_string\"}}],\"inLanguage\":\"fr-FR\"},{\"@type\":\"Organization\",\"@id\":\"https:\/\/www.carideal.com\/blog\/#organization\",\"name\":\"Carideal\",\"url\":\"https:\/\/www.carideal.com\/blog\/\",\"logo\":{\"@type\":\"ImageObject\",\"inLanguage\":\"fr-FR\",\"@id\":\"https:\/\/www.carideal.com\/blog\/#\/schema\/logo\/image\/\",\"url\":\"http:\/\/www.carideal.com\/blog\/wp-content\/uploads\/2016\/03\/logo-carideal-mandataire-automobile.png\",\"contentUrl\":\"http:\/\/www.carideal.com\/blog\/wp-content\/uploads\/2016\/03\/logo-carideal-mandataire-automobile.png\",\"width\":300,\"height\":300,\"caption\":\"Carideal\"},\"image\":{\"@id\":\"https:\/\/www.carideal.com\/blog\/#\/schema\/logo\/image\/\"},\"sameAs\":[\"https:\/\/www.facebook.com\/Carideal.mandataire.automobile\",\"https:\/\/x.com\/caridealauto\",\"https:\/\/www.instagram.com\/carideal1\/\",\"https:\/\/www.linkedin.com\/company\/carideal.com\",\"https:\/\/fr.pinterest.com\/schiavonsas\/\",\"https:\/\/www.youtube.com\/user\/caridealsas\"]},{\"@type\":\"Person\",\"@id\":\"https:\/\/www.carideal.com\/blog\/#\/schema\/person\/985c7e757d1042d647f21bfaf8d41ebc\",\"name\":\"N.S Carideal\",\"image\":{\"@type\":\"ImageObject\",\"inLanguage\":\"fr-FR\",\"@id\":\"https:\/\/www.carideal.com\/blog\/#\/schema\/person\/image\/\",\"url\":\"https:\/\/secure.gravatar.com\/avatar\/edb7ccdf1a4e3d14aef967760d354d0e?s=96&r=g\",\"contentUrl\":\"https:\/\/secure.gravatar.com\/avatar\/edb7ccdf1a4e3d14aef967760d354d0e?s=96&r=g\",\"caption\":\"N.S Carideal\"},\"description\":\"Depuis tout petit fan d'automobile. Il est question d'essayer et de comparer toutes ces voitures qui nous ont fait r\u00e9ver, avant que celles-ci ne devient uniquement des voitures de collection.\",\"sameAs\":[\"http:\/\/www.carideal.com\/blog\",\"https:\/\/www.facebook.com\/Carideal.mandataire.automobile\/\",\"https:\/\/www.linkedin.com\/in\/nschiavon\/\",\"https:\/\/www.youtube.com\/user\/caridealsas\/\"],\"url\":\"https:\/\/www.carideal.com\/blog\/author\/admin_carideal\/\"}]}<\/script>\n<!-- \/ Yoast SEO plugin. -->","yoast_head_json":{"title":"Nissan Micra 1.2 DIG-S 2012 en bref - Blog auto Carid\u00e9al","description":"La Nissan Micra 1.2 DIG-S est \u00e9quip\u00e9e d'un compresseur volum\u00e9trique. Seule la version Visia uniquement \u00e9quip\u00e9e de roues de 14\" ne propose que 95 g\/km de CO2","robots":{"index":"index","follow":"follow","max-snippet":"max-snippet:-1","max-image-preview":"max-image-preview:large","max-video-preview":"max-video-preview:-1"},"canonical":"https:\/\/www.carideal.com\/blog\/2012\/01\/02\/nissan-micra-1-2-dig-s\/","og_locale":"fr_FR","og_type":"article","og_title":"Nissan Micra 1.2 DIG-S 2012 en bref - Blog auto Carid\u00e9al","og_description":"La Nissan Micra 1.2 DIG-S est \u00e9quip\u00e9e d'un compresseur volum\u00e9trique. Seule la version Visia uniquement \u00e9quip\u00e9e de roues de 14\" ne propose que 95 g\/km de CO2","og_url":"https:\/\/www.carideal.com\/blog\/2012\/01\/02\/nissan-micra-1-2-dig-s\/","og_site_name":"Blog auto Carid\u00e9al","article_publisher":"https:\/\/www.facebook.com\/Carideal.mandataire.automobile","article_author":"https:\/\/www.facebook.com\/Carideal.mandataire.automobile\/","article_published_time":"2012-01-02T09:02:00+00:00","article_modified_time":"2019-12-06T11:03:45+00:00","og_image":[{"width":448,"height":336,"url":"https:\/\/www.carideal.com\/blog\/wp-content\/uploads\/2012\/01\/nissan-micra-12-DIG-S-achat-carideal-mandataire-automobile_m.jpg","type":"image\/jpeg"}],"author":"N.S Carideal","twitter_card":"summary_large_image","twitter_creator":"@caridealauto","twitter_site":"@caridealauto","twitter_misc":{"\u00c9crit par":"N.S Carideal","Dur\u00e9e de lecture estim\u00e9e":"5 minutes"},"schema":{"@context":"https:\/\/schema.org","@graph":[{"@type":"Article","@id":"https:\/\/www.carideal.com\/blog\/2012\/01\/02\/nissan-micra-1-2-dig-s\/#article","isPartOf":{"@id":"https:\/\/www.carideal.com\/blog\/2012\/01\/02\/nissan-micra-1-2-dig-s\/"},"author":{"name":"N.S Carideal","@id":"https:\/\/www.carideal.com\/blog\/#\/schema\/person\/985c7e757d1042d647f21bfaf8d41ebc"},"headline":"Nissan Micra 1.2 DIG-S 2012 en bref","datePublished":"2012-01-02T09:02:00+00:00","dateModified":"2019-12-06T11:03:45+00:00","mainEntityOfPage":{"@id":"https:\/\/www.carideal.com\/blog\/2012\/01\/02\/nissan-micra-1-2-dig-s\/"},"wordCount":1077,"commentCount":0,"publisher":{"@id":"https:\/\/www.carideal.com\/blog\/#organization"},"image":{"@id":"https:\/\/www.carideal.com\/blog\/2012\/01\/02\/nissan-micra-1-2-dig-s\/#primaryimage"},"thumbnailUrl":"https:\/\/www.carideal.com\/blog\/wp-content\/uploads\/2012\/01\/nissan-micra-12-DIG-S-achat-carideal-mandataire-automobile_m.jpg","keywords":["Voiture citadine"],"articleSection":["Actualit\u00e9 Nissan","Berlines"],"inLanguage":"fr-FR","potentialAction":[{"@type":"CommentAction","name":"Comment","target":["https:\/\/www.carideal.com\/blog\/2012\/01\/02\/nissan-micra-1-2-dig-s\/#respond"]}]},{"@type":"WebPage","@id":"https:\/\/www.carideal.com\/blog\/2012\/01\/02\/nissan-micra-1-2-dig-s\/","url":"https:\/\/www.carideal.com\/blog\/2012\/01\/02\/nissan-micra-1-2-dig-s\/","name":"Nissan Micra 1.2 DIG-S 2012 en bref - Blog auto Carid\u00e9al","isPartOf":{"@id":"https:\/\/www.carideal.com\/blog\/#website"},"primaryImageOfPage":{"@id":"https:\/\/www.carideal.com\/blog\/2012\/01\/02\/nissan-micra-1-2-dig-s\/#primaryimage"},"image":{"@id":"https:\/\/www.carideal.com\/blog\/2012\/01\/02\/nissan-micra-1-2-dig-s\/#primaryimage"},"thumbnailUrl":"https:\/\/www.carideal.com\/blog\/wp-content\/uploads\/2012\/01\/nissan-micra-12-DIG-S-achat-carideal-mandataire-automobile_m.jpg","datePublished":"2012-01-02T09:02:00+00:00","dateModified":"2019-12-06T11:03:45+00:00","description":"La Nissan Micra 1.2 DIG-S est \u00e9quip\u00e9e d'un compresseur volum\u00e9trique. Seule la version Visia uniquement \u00e9quip\u00e9e de roues de 14\" ne propose que 95 g\/km de CO2","breadcrumb":{"@id":"https:\/\/www.carideal.com\/blog\/2012\/01\/02\/nissan-micra-1-2-dig-s\/#breadcrumb"},"inLanguage":"fr-FR","potentialAction":[{"@type":"ReadAction","target":["https:\/\/www.carideal.com\/blog\/2012\/01\/02\/nissan-micra-1-2-dig-s\/"]}]},{"@type":"ImageObject","inLanguage":"fr-FR","@id":"https:\/\/www.carideal.com\/blog\/2012\/01\/02\/nissan-micra-1-2-dig-s\/#primaryimage","url":"https:\/\/www.carideal.com\/blog\/wp-content\/uploads\/2012\/01\/nissan-micra-12-DIG-S-achat-carideal-mandataire-automobile_m.jpg","contentUrl":"https:\/\/www.carideal.com\/blog\/wp-content\/uploads\/2012\/01\/nissan-micra-12-DIG-S-achat-carideal-mandataire-automobile_m.jpg","width":448,"height":336,"caption":"Nissan Micra 1.2 DIG-S 2012 en bref"},{"@type":"BreadcrumbList","@id":"https:\/\/www.carideal.com\/blog\/2012\/01\/02\/nissan-micra-1-2-dig-s\/#breadcrumb","itemListElement":[{"@type":"ListItem","position":1,"name":"Blog Carid\u00e9al","item":"https:\/\/www.carideal.com\/blog\/"},{"@type":"ListItem","position":2,"name":"Actualit\u00e9 constructeur automobile","item":"https:\/\/www.carideal.com\/blog\/constructeur\/"},{"@type":"ListItem","position":3,"name":"Actualit\u00e9 Nissan","item":"https:\/\/www.carideal.com\/blog\/constructeur\/nissan-constructeur\/"},{"@type":"ListItem","position":4,"name":"Nissan Micra 1.2 DIG-S 2012 en bref"}]},{"@type":"WebSite","@id":"https:\/\/www.carideal.com\/blog\/#website","url":"https:\/\/www.carideal.com\/blog\/","name":"Blog auto Carid\u00e9al","description":"Actualit\u00e9 auto par des passionn\u00e9s","publisher":{"@id":"https:\/\/www.carideal.com\/blog\/#organization"},"potentialAction":[{"@type":"SearchAction","target":{"@type":"EntryPoint","urlTemplate":"https:\/\/www.carideal.com\/blog\/?s={search_term_string}"},"query-input":{"@type":"PropertyValueSpecification","valueRequired":true,"valueName":"search_term_string"}}],"inLanguage":"fr-FR"},{"@type":"Organization","@id":"https:\/\/www.carideal.com\/blog\/#organization","name":"Carideal","url":"https:\/\/www.carideal.com\/blog\/","logo":{"@type":"ImageObject","inLanguage":"fr-FR","@id":"https:\/\/www.carideal.com\/blog\/#\/schema\/logo\/image\/","url":"http:\/\/www.carideal.com\/blog\/wp-content\/uploads\/2016\/03\/logo-carideal-mandataire-automobile.png","contentUrl":"http:\/\/www.carideal.com\/blog\/wp-content\/uploads\/2016\/03\/logo-carideal-mandataire-automobile.png","width":300,"height":300,"caption":"Carideal"},"image":{"@id":"https:\/\/www.carideal.com\/blog\/#\/schema\/logo\/image\/"},"sameAs":["https:\/\/www.facebook.com\/Carideal.mandataire.automobile","https:\/\/x.com\/caridealauto","https:\/\/www.instagram.com\/carideal1\/","https:\/\/www.linkedin.com\/company\/carideal.com","https:\/\/fr.pinterest.com\/schiavonsas\/","https:\/\/www.youtube.com\/user\/caridealsas"]},{"@type":"Person","@id":"https:\/\/www.carideal.com\/blog\/#\/schema\/person\/985c7e757d1042d647f21bfaf8d41ebc","name":"N.S Carideal","image":{"@type":"ImageObject","inLanguage":"fr-FR","@id":"https:\/\/www.carideal.com\/blog\/#\/schema\/person\/image\/","url":"https:\/\/secure.gravatar.com\/avatar\/edb7ccdf1a4e3d14aef967760d354d0e?s=96&r=g","contentUrl":"https:\/\/secure.gravatar.com\/avatar\/edb7ccdf1a4e3d14aef967760d354d0e?s=96&r=g","caption":"N.S Carideal"},"description":"Depuis tout petit fan d'automobile. Il est question d'essayer et de comparer toutes ces voitures qui nous ont fait r\u00e9ver, avant que celles-ci ne devient uniquement des voitures de collection.","sameAs":["http:\/\/www.carideal.com\/blog","https:\/\/www.facebook.com\/Carideal.mandataire.automobile\/","https:\/\/www.linkedin.com\/in\/nschiavon\/","https:\/\/www.youtube.com\/user\/caridealsas\/"],"url":"https:\/\/www.carideal.com\/blog\/author\/admin_carideal\/"}]}},"uagb_featured_image_src":{"full":["https:\/\/www.carideal.com\/blog\/wp-content\/uploads\/2012\/01\/nissan-micra-12-DIG-S-achat-carideal-mandataire-automobile_m.jpg",448,336,false],"thumbnail":["https:\/\/www.carideal.com\/blog\/wp-content\/uploads\/2012\/01\/nissan-micra-12-DIG-S-achat-carideal-mandataire-automobile_m-150x150.jpg",150,150,true],"medium":["https:\/\/www.carideal.com\/blog\/wp-content\/uploads\/2012\/01\/nissan-micra-12-DIG-S-achat-carideal-mandataire-automobile_m-300x225.jpg",300,225,true],"medium_large":["https:\/\/www.carideal.com\/blog\/wp-content\/uploads\/2012\/01\/nissan-micra-12-DIG-S-achat-carideal-mandataire-automobile_m.jpg",448,336,false],"large":["https:\/\/www.carideal.com\/blog\/wp-content\/uploads\/2012\/01\/nissan-micra-12-DIG-S-achat-carideal-mandataire-automobile_m.jpg",448,336,false],"1536x1536":["https:\/\/www.carideal.com\/blog\/wp-content\/uploads\/2012\/01\/nissan-micra-12-DIG-S-achat-carideal-mandataire-automobile_m.jpg",448,336,false],"2048x2048":["https:\/\/www.carideal.com\/blog\/wp-content\/uploads\/2012\/01\/nissan-micra-12-DIG-S-achat-carideal-mandataire-automobile_m.jpg",448,336,false],"wppr-widget":["https:\/\/www.carideal.com\/blog\/wp-content\/uploads\/2012\/01\/nissan-micra-12-DIG-S-achat-carideal-mandataire-automobile_m-50x38.jpg",50,38,true]},"uagb_author_info":{"display_name":"N.S Carideal","author_link":"https:\/\/www.carideal.com\/blog\/author\/admin_carideal\/"},"uagb_comment_info":0,"uagb_excerpt":"La Nissan Micra 1.2 DIG-S utilise un compresseur La Nissan Micra 1.2 DIG-S est \u00e9quip\u00e9e d'un compresseur volum\u00e9trique. Seule la version Visia uniquement \u00e9quip\u00e9e de roues de 14\" ne propose que 95 g\/km de CO2, les reste de la gamme est \u00e0 99 g\/km de CO2, et 115 g sur la version automatique CVT (\u00e0\u2026","_links":{"self":[{"href":"https:\/\/www.carideal.com\/blog\/wp-json\/wp\/v2\/posts\/1022"}],"collection":[{"href":"https:\/\/www.carideal.com\/blog\/wp-json\/wp\/v2\/posts"}],"about":[{"href":"https:\/\/www.carideal.com\/blog\/wp-json\/wp\/v2\/types\/post"}],"author":[{"embeddable":true,"href":"https:\/\/www.carideal.com\/blog\/wp-json\/wp\/v2\/users\/1"}],"replies":[{"embeddable":true,"href":"https:\/\/www.carideal.com\/blog\/wp-json\/wp\/v2\/comments?post=1022"}],"version-history":[{"count":0,"href":"https:\/\/www.carideal.com\/blog\/wp-json\/wp\/v2\/posts\/1022\/revisions"}],"wp:featuredmedia":[{"embeddable":true,"href":"https:\/\/www.carideal.com\/blog\/wp-json\/wp\/v2\/media\/20351"}],"wp:attachment":[{"href":"https:\/\/www.carideal.com\/blog\/wp-json\/wp\/v2\/media?parent=1022"}],"wp:term":[{"taxonomy":"category","embeddable":true,"href":"https:\/\/www.carideal.com\/blog\/wp-json\/wp\/v2\/categories?post=1022"},{"taxonomy":"post_tag","embeddable":true,"href":"https:\/\/www.carideal.com\/blog\/wp-json\/wp\/v2\/tags?post=1022"}],"curies":[{"name":"wp","href":"https:\/\/api.w.org\/{rel}","templated":true}]}}